{"id":108283,"date":"2022-01-24T19:15:46","date_gmt":"2022-01-24T18:15:46","guid":{"rendered":"https:\/\/www.monaco-tribune.com\/2022\/01\/noi-stessi-siamo-rimasti-sorpresi-da-numeri-cosi-bassi-i-tre-dati-principali-sulla-sicurezza-a-monaco\/"},"modified":"2022-01-24T19:16:06","modified_gmt":"2022-01-24T18:16:06","slug":"noi-stessi-siamo-rimasti-sorpresi-da-numeri-cosi-bassi-i-tre-dati-principali-sulla-sicurezza-a-monaco","status":"publish","type":"post","link":"https:\/\/www.monaco-tribune.com\/it\/2022\/01\/noi-stessi-siamo-rimasti-sorpresi-da-numeri-cosi-bassi-i-tre-dati-principali-sulla-sicurezza-a-monaco\/","title":{"rendered":"&#8220;Noi stessi siamo rimasti sorpresi da numeri cos\u00ec bassi&#8221;: i tre dati principali sulla sicurezza a Monaco"},"content":{"rendered":"\n<p><strong>Patrice Cellario, Consigliere di Governo-Ministro dell&#8217;Interno, e Richard Marangoni, Revisore Generale incaricato del Dipartimento della Pubblica Sicurezza, hanno presentato i risultati dell&#8217;ultimo anno sulla sicurezza nel Principato.<\/strong><\/p>\n\n<h4 class=\"has-text-align-center wp-block-heading\" id=\"h-9-000-verbalisations-liees-a-la-pandemie\">9.000 verbali legati alla pandemia<\/h4>\n\n<p>La Pubblica Sicurezza ha lavorato sodo nel 2021 per <a href=\"https:\/\/www.monaco-tribune.com\/it\/2021\/07\/pass-sanitario-controlli-a-tappetto-della-polizia\/\">garantire il corretto rispetto delle misure sanitarie nel Principato<\/a>, in particolare l&#8217;obbligo d&#8217;indossare la mascherina all&#8217;aperto. Il governo preferisce il dialogo alla sanzione, e nell&#8217;ultimo anno la polizia ha effettuato pi\u00f9 di 59.000 richiami. Sono stati inoltre redatti 9.000 verbali, \u201cin casi indiscutibili, facilmente comprensibili dalle persone multate&#8221;.<\/p>\n\n<p>La Pubblica Sicurezza, per\u00f2, ritiene che l&#8217;uso della mascherina sia tutto sommato rispettato, anche se \u201cmolte mascherine vengono indossate sotto il naso o il mento\u201d, precisa Richard Marangoni. Nel 2021 sono state riportate anche 29 chiusure amministrative di esercizi alimentari, dovute alla violazione delle norme sanitarie vigenti (in particolare al mancato utilizzo delle mascherine da parte del personale o al mancato controllo del pass sanitario).<\/p>\n\n<p>Infine, dal 2020 sono state controllate dalla polizia marittima 21.000 barche in ingresso a Monaco, per garantire il rispetto del pass sanitario e delle dichiarazioni sanitarie marittime.<\/p>\n\n<div class=\"wp-block-image\"><figure class=\"aligncenter size-full\"><img loading=\"lazy\" decoding=\"async\" width=\"1024\" height=\"768\" src=\"https:\/\/www.monaco-tribune.com\/wp-content\/uploads\/2022\/01\/surete-publique-monaco.jpeg\" alt=\"sicurezza-pubblica-monaco\" class=\"wp-image-108159\" srcset=\"https:\/\/www.monaco-tribune.com\/wp-content\/uploads\/2022\/01\/surete-publique-monaco.jpeg 1024w, https:\/\/www.monaco-tribune.com\/wp-content\/uploads\/2022\/01\/surete-publique-monaco-400x300.jpeg 400w\" sizes=\"auto, (max-width: 1024px) 100vw, 1024px\" \/><figcaption><em>Patrice Cellario e Richard Marangoni presentano i risultati sulla Pubblica Sicurezza 2021 \u00a9 Beno\u00eet Sorre \/ Monaco Tribune<\/em><\/figcaption><\/figure><\/div>\n\n<h4 class=\"has-text-align-center wp-block-heading\" id=\"h-le-nombre-de-cambriolages-divise-par-deux\">Numero dei furti dimezzato<\/h4>\n\n<p>La criminalit\u00e0 generale \u00e8 relativamente stabile, con 716 reati nel 2021 rispetto ai 712 del 2020. Grazie alle azioni di prevenzione, nel 2021 si sono registrati solo 48 reati su strada pubblica (scippi, furti d&#8217;auto, furti con scasso, danneggiamenti, ecc.), contro i 60 dell&#8217;anno precedente. &#8220;\u00c8 una cifra che fa la storia &#8220;, commenta Richard Marangoni. &#8220;\u00c8 meno di un crimine a settimana. Noi stessi siamo rimasti sorpresi da numeri cos\u00ec bassi&#8221;.<\/p>\n\n<p>Tra le riduzioni pi\u00f9 significative segnaliamo in particolare quella dei furti con scasso, che dal 2020 al 2021 sono dimezzati, dei furti di veicoli a due ruote, che sono diminuiti del 71%, nonch\u00e9 della guida in stato di ebbrezza, che ha avuto un calo del 22% rispetto all&#8217;anno precedente.<\/p>\n\n<p>Richard Marangoni ha anche segnalato alcuni arresti degni di nota per l\u2019anno 2021: gli artefici del furto con scasso di Monte-Carlo Antiquit\u00e9s, i ladri che si arrampicavano su diversi edifici di lusso per svaligiare gli appartamenti o le due giovani donne, di cui una ricercata dall&#8217;Interpol, che commettevano furti senza effrazione.<\/p>\n\n<p><strong>LEGGI ANCHE<\/strong>: <a href=\"https:\/\/www.monaco-tribune.com\/it\/2021\/02\/monaco-nuove-misure-per-combattere-la-delinquenza-e-tutelare-la-qualita-della-vita\/\">Monaco: nuove misure per combattere la delinquenza e tutelare la qualit\u00e0 della vita<\/a><\/p>\n\n<h4 class=\"has-text-align-center wp-block-heading\" id=\"h-onze-interventions-de-sauvetage-en-mer\">Undici operazioni di salvataggio in mare<\/h4>\n\n<p>Dal canto suo, grazie ai nuovi mezzi in dotazione anche la Guardia costiera ha migliorato le sue performance. Nel 2021 sono stati effettuati ben undici interventi di salvataggio in mare.<\/p>\n\n<p>Tra questi nuovi mezzi, <a href=\"https:\/\/www.monaco-tribune.com\/it\/2020\/12\/la-piccola-principessa-gabriella-battezza-la-nuova-nave-della-polizia-marittima-monegasca\/\">la vedetta Principessa Gabriella<\/a>, inaugurata a dicembre 2020 e pensata per incrementare la vigilanza in mare. Dovrebbe arrivare anche una nuova imbarcazione, in sostituzione della &#8220;Libecciu&#8221;, considerata ormai datata, per potenziare ulteriormente la flotta monegasca.<\/p>\n\n<div class=\"wp-block-image\"><figure class=\"aligncenter size-large\"><img loading=\"lazy\" decoding=\"async\" width=\"1024\" height=\"683\" src=\"https:\/\/www.monaco-tribune.com\/wp-content\/uploads\/2020\/12\/police-maritime-monaco-bateau-princesse-gabriella-1024x683.jpg\" alt=\"Guardia Costiera Monaco Barca Principessa Gabriella\" class=\"wp-image-59249\" srcset=\"https:\/\/www.monaco-tribune.com\/wp-content\/uploads\/2020\/12\/police-maritime-monaco-bateau-princesse-gabriella-1024x683.jpg 1024w, https:\/\/www.monaco-tribune.com\/wp-content\/uploads\/2020\/12\/police-maritime-monaco-bateau-princesse-gabriella-450x300.jpg 450w, https:\/\/www.monaco-tribune.com\/wp-content\/uploads\/2020\/12\/police-maritime-monaco-bateau-princesse-gabriella-225x150.jpg 225w, https:\/\/www.monaco-tribune.com\/wp-content\/uploads\/2020\/12\/police-maritime-monaco-bateau-princesse-gabriella-768x512.jpg 768w, https:\/\/www.monaco-tribune.com\/wp-content\/uploads\/2020\/12\/police-maritime-monaco-bateau-princesse-gabriella-175x117.jpg 175w, https:\/\/www.monaco-tribune.com\/wp-content\/uploads\/2020\/12\/police-maritime-monaco-bateau-princesse-gabriella.jpg 1200w\" sizes=\"auto, (max-width: 1024px) 100vw, 1024px\" \/><figcaption>&#8220;Principessa Gabriella&#8221; \u00a9 Palazzo del Principe di Monaco<\/figcaption><\/figure><\/div>\n","protected":false},"excerpt":{"rendered":"<p>Patrice Cellario, Consigliere di Governo-Ministro dell&#8217;Interno, e Richard Marangoni, Revisore Generale incaricato del Dipartimento della Pubblica Sicurezza, hanno presentato i [&hellip;]<\/p>\n","protected":false},"author":60,"featured_media":108181,"comment_status":"closed","ping_status":"closed","sticky":false,"template":"","format":"standard","meta":{"_acf_changed":false,"footnotes":""},"categories":[1826,1738,1752],"tags":[],"post_sectags":[],"post_format":[2486],"class_list":["post-108283","post","type-post","status-publish","format-standard","has-post-thumbnail","hentry","category-la-nostra-scelta","category-notizie","category-societa","format-servizio"],"acf":[],"yoast_head":"<!-- This site is optimized with the Yoast SEO Premium plugin v26.8 (Yoast SEO v27.4) - https:\/\/yoast.com\/product\/yoast-seo-premium-wordpress\/ -->\n<title>&quot;Noi stessi siamo rimasti sorpresi da numeri cos\u00ec bassi&quot;: i tre dati principali sulla sicurezza a Monaco<\/title>\n<meta name=\"description\" content=\"Patrice Cellario, Consigliere di Governo-Ministro dell&#039;Interno, e Richard Marangoni, Revisore Generale incaricato del Dipartimento della Pubblica\" \/>\n<meta name=\"robots\" content=\"index, follow, max-snippet:-1, max-image-preview:large, max-video-preview:-1\" \/>\n<link rel=\"canonical\" href=\"https:\/\/www.monaco-tribune.com\/it\/2022\/01\/noi-stessi-siamo-rimasti-sorpresi-da-numeri-cosi-bassi-i-tre-dati-principali-sulla-sicurezza-a-monaco\/\" \/>\n<meta property=\"og:locale\" content=\"it_IT\" \/>\n<meta property=\"og:type\" content=\"article\" \/>\n<meta property=\"og:title\" content=\"&quot;Noi stessi siamo rimasti sorpresi da numeri cos\u00ec bassi&quot;: i tre dati principali sulla sicurezza a Monaco - Monaco Tribune\" \/>\n<meta property=\"og:description\" content=\"Patrice Cellario, Consigliere di Governo-Ministro dell&#039;Interno, e Richard Marangoni, Revisore Generale incaricato del Dipartimento della Pubblica\" \/>\n<meta property=\"og:url\" content=\"https:\/\/www.monaco-tribune.com\/it\/2022\/01\/noi-stessi-siamo-rimasti-sorpresi-da-numeri-cosi-bassi-i-tre-dati-principali-sulla-sicurezza-a-monaco\/\" \/>\n<meta property=\"og:site_name\" content=\"Monaco Tribune\" \/>\n<meta property=\"article:publisher\" content=\"https:\/\/www.facebook.com\/MonacoTribune\" \/>\n<meta property=\"article:published_time\" content=\"2022-01-24T18:15:46+00:00\" \/>\n<meta property=\"article:modified_time\" content=\"2022-01-24T18:16:06+00:00\" \/>\n<meta property=\"og:image\" content=\"https:\/\/www.monaco-tribune.com\/wp-content\/uploads\/2022\/01\/monaco-surete-publique.jpeg\" \/>\n\t<meta property=\"og:image:width\" content=\"1200\" \/>\n\t<meta property=\"og:image:height\" content=\"800\" \/>\n\t<meta property=\"og:image:type\" content=\"image\/jpeg\" \/>\n<meta name=\"author\" content=\"Camille Esteve\" \/>\n<meta name=\"twitter:card\" content=\"summary_large_image\" \/>\n<meta name=\"twitter:creator\" content=\"@MonacoTribune\" \/>\n<meta name=\"twitter:site\" content=\"@MonacoTribune\" \/>\n<script type=\"application\/ld+json\" class=\"yoast-schema-graph\">{\"@context\":\"https:\\\/\\\/schema.org\",\"@graph\":[{\"@type\":\"NewsArticle\",\"@id\":\"https:\\\/\\\/www.monaco-tribune.com\\\/it\\\/2022\\\/01\\\/noi-stessi-siamo-rimasti-sorpresi-da-numeri-cosi-bassi-i-tre-dati-principali-sulla-sicurezza-a-monaco\\\/#article\",\"isPartOf\":{\"@id\":\"https:\\\/\\\/www.monaco-tribune.com\\\/it\\\/2022\\\/01\\\/noi-stessi-siamo-rimasti-sorpresi-da-numeri-cosi-bassi-i-tre-dati-principali-sulla-sicurezza-a-monaco\\\/\"},\"author\":{\"name\":\"Camille Esteve\",\"@id\":\"https:\\\/\\\/www.monaco-tribune.com\\\/it\\\/#\\\/schema\\\/person\\\/a855d420fff4d03637641d60b93ac62e\"},\"headline\":\"&#8220;Noi stessi siamo rimasti sorpresi da numeri cos\u00ec bassi&#8221;: i tre dati principali sulla sicurezza a Monaco\",\"datePublished\":\"2022-01-24T18:15:46+00:00\",\"dateModified\":\"2022-01-24T18:16:06+00:00\",\"mainEntityOfPage\":{\"@id\":\"https:\\\/\\\/www.monaco-tribune.com\\\/it\\\/2022\\\/01\\\/noi-stessi-siamo-rimasti-sorpresi-da-numeri-cosi-bassi-i-tre-dati-principali-sulla-sicurezza-a-monaco\\\/\"},\"wordCount\":474,\"publisher\":{\"@id\":\"https:\\\/\\\/www.monaco-tribune.com\\\/it\\\/#organization\"},\"image\":{\"@id\":\"https:\\\/\\\/www.monaco-tribune.com\\\/it\\\/2022\\\/01\\\/noi-stessi-siamo-rimasti-sorpresi-da-numeri-cosi-bassi-i-tre-dati-principali-sulla-sicurezza-a-monaco\\\/#primaryimage\"},\"thumbnailUrl\":\"https:\\\/\\\/www.monaco-tribune.com\\\/wp-content\\\/uploads\\\/2022\\\/01\\\/monaco-surete-publique.jpeg\",\"articleSection\":[\"La nostra scelta\",\"Notizie\",\"Societ\u00e0\"],\"inLanguage\":\"it-IT\",\"copyrightYear\":\"2022\",\"copyrightHolder\":{\"@id\":\"https:\\\/\\\/www.monaco-tribune.com\\\/#organization\"}},{\"@type\":\"WebPage\",\"@id\":\"https:\\\/\\\/www.monaco-tribune.com\\\/it\\\/2022\\\/01\\\/noi-stessi-siamo-rimasti-sorpresi-da-numeri-cosi-bassi-i-tre-dati-principali-sulla-sicurezza-a-monaco\\\/\",\"url\":\"https:\\\/\\\/www.monaco-tribune.com\\\/it\\\/2022\\\/01\\\/noi-stessi-siamo-rimasti-sorpresi-da-numeri-cosi-bassi-i-tre-dati-principali-sulla-sicurezza-a-monaco\\\/\",\"name\":\"\\\"Noi stessi siamo rimasti sorpresi da numeri cos\u00ec bassi\\\": i tre dati principali sulla sicurezza a Monaco\",\"isPartOf\":{\"@id\":\"https:\\\/\\\/www.monaco-tribune.com\\\/it\\\/#website\"},\"primaryImageOfPage\":{\"@id\":\"https:\\\/\\\/www.monaco-tribune.com\\\/it\\\/2022\\\/01\\\/noi-stessi-siamo-rimasti-sorpresi-da-numeri-cosi-bassi-i-tre-dati-principali-sulla-sicurezza-a-monaco\\\/#primaryimage\"},\"image\":{\"@id\":\"https:\\\/\\\/www.monaco-tribune.com\\\/it\\\/2022\\\/01\\\/noi-stessi-siamo-rimasti-sorpresi-da-numeri-cosi-bassi-i-tre-dati-principali-sulla-sicurezza-a-monaco\\\/#primaryimage\"},\"thumbnailUrl\":\"https:\\\/\\\/www.monaco-tribune.com\\\/wp-content\\\/uploads\\\/2022\\\/01\\\/monaco-surete-publique.jpeg\",\"datePublished\":\"2022-01-24T18:15:46+00:00\",\"dateModified\":\"2022-01-24T18:16:06+00:00\",\"description\":\"Patrice Cellario, Consigliere di Governo-Ministro dell'Interno, e Richard Marangoni, Revisore Generale incaricato del Dipartimento della Pubblica\",\"breadcrumb\":{\"@id\":\"https:\\\/\\\/www.monaco-tribune.com\\\/it\\\/2022\\\/01\\\/noi-stessi-siamo-rimasti-sorpresi-da-numeri-cosi-bassi-i-tre-dati-principali-sulla-sicurezza-a-monaco\\\/#breadcrumb\"},\"inLanguage\":\"it-IT\",\"potentialAction\":[{\"@type\":\"ReadAction\",\"target\":[\"https:\\\/\\\/www.monaco-tribune.com\\\/it\\\/2022\\\/01\\\/noi-stessi-siamo-rimasti-sorpresi-da-numeri-cosi-bassi-i-tre-dati-principali-sulla-sicurezza-a-monaco\\\/\"]}]},{\"@type\":\"ImageObject\",\"inLanguage\":\"it-IT\",\"@id\":\"https:\\\/\\\/www.monaco-tribune.com\\\/it\\\/2022\\\/01\\\/noi-stessi-siamo-rimasti-sorpresi-da-numeri-cosi-bassi-i-tre-dati-principali-sulla-sicurezza-a-monaco\\\/#primaryimage\",\"url\":\"https:\\\/\\\/www.monaco-tribune.com\\\/wp-content\\\/uploads\\\/2022\\\/01\\\/monaco-surete-publique.jpeg\",\"contentUrl\":\"https:\\\/\\\/www.monaco-tribune.com\\\/wp-content\\\/uploads\\\/2022\\\/01\\\/monaco-surete-publique.jpeg\",\"width\":1200,\"height\":800,\"caption\":\"Direzione della Comunicazione \\\/ Michael Alesi\"},{\"@type\":\"BreadcrumbList\",\"@id\":\"https:\\\/\\\/www.monaco-tribune.com\\\/it\\\/2022\\\/01\\\/noi-stessi-siamo-rimasti-sorpresi-da-numeri-cosi-bassi-i-tre-dati-principali-sulla-sicurezza-a-monaco\\\/#breadcrumb\",\"itemListElement\":[{\"@type\":\"ListItem\",\"position\":1,\"name\":\"Accueil\",\"item\":\"https:\\\/\\\/www.monaco-tribune.com\\\/it\\\/\"},{\"@type\":\"ListItem\",\"position\":2,\"name\":\"\u00ab\u00a0Noi stessi siamo rimasti sorpresi da numeri cos\u00ec bassi\u00a0\u00bb: i tre dati principali sulla sicurezza a Monaco\"}]},{\"@type\":\"WebSite\",\"@id\":\"https:\\\/\\\/www.monaco-tribune.com\\\/it\\\/#website\",\"url\":\"https:\\\/\\\/www.monaco-tribune.com\\\/it\\\/\",\"name\":\"Monaco Tribune\",\"description\":\"Monaco : actualit\u00e9s \u00e9conomiques, politiques, culturelles et sportives de Monaco et de la French Riviera.\",\"publisher\":{\"@id\":\"https:\\\/\\\/www.monaco-tribune.com\\\/it\\\/#organization\"},\"potentialAction\":[{\"@type\":\"SearchAction\",\"target\":{\"@type\":\"EntryPoint\",\"urlTemplate\":\"https:\\\/\\\/www.monaco-tribune.com\\\/it\\\/?s={search_term_string}\"},\"query-input\":{\"@type\":\"PropertyValueSpecification\",\"valueRequired\":true,\"valueName\":\"search_term_string\"}}],\"inLanguage\":\"it-IT\"},{\"@type\":\"Organization\",\"@id\":\"https:\\\/\\\/www.monaco-tribune.com\\\/it\\\/#organization\",\"name\":\"Monaco Tribune\",\"url\":\"https:\\\/\\\/www.monaco-tribune.com\\\/it\\\/\",\"logo\":{\"@type\":\"ImageObject\",\"inLanguage\":\"it-IT\",\"@id\":\"https:\\\/\\\/www.monaco-tribune.com\\\/it\\\/#\\\/schema\\\/logo\\\/image\\\/\",\"url\":\"https:\\\/\\\/www.monaco-tribune.com\\\/wp-content\\\/uploads\\\/2022\\\/11\\\/logo-monaco-tribune.png\",\"contentUrl\":\"https:\\\/\\\/www.monaco-tribune.com\\\/wp-content\\\/uploads\\\/2022\\\/11\\\/logo-monaco-tribune.png\",\"width\":1548,\"height\":600,\"caption\":\"Monaco Tribune\"},\"image\":{\"@id\":\"https:\\\/\\\/www.monaco-tribune.com\\\/it\\\/#\\\/schema\\\/logo\\\/image\\\/\"},\"sameAs\":[\"https:\\\/\\\/www.facebook.com\\\/MonacoTribune\",\"https:\\\/\\\/x.com\\\/MonacoTribune\",\"https:\\\/\\\/www.instagram.com\\\/monacotribune\\\/\",\"https:\\\/\\\/www.linkedin.com\\\/company\\\/monaco-tribune\",\"https:\\\/\\\/www.youtube.com\\\/channel\\\/UCHle1MnG6hw1y4lWKijVbMA\"]},{\"@type\":\"Person\",\"@id\":\"https:\\\/\\\/www.monaco-tribune.com\\\/it\\\/#\\\/schema\\\/person\\\/a855d420fff4d03637641d60b93ac62e\",\"name\":\"Camille Esteve\",\"image\":{\"@type\":\"ImageObject\",\"inLanguage\":\"it-IT\",\"@id\":\"https:\\\/\\\/secure.gravatar.com\\\/avatar\\\/eaaa2355a7bb56c0018a391c20a55bf9b4690e3f493231dd850e612bfa6ce161?s=96&d=mm&r=g\",\"url\":\"https:\\\/\\\/secure.gravatar.com\\\/avatar\\\/eaaa2355a7bb56c0018a391c20a55bf9b4690e3f493231dd850e612bfa6ce161?s=96&d=mm&r=g\",\"contentUrl\":\"https:\\\/\\\/secure.gravatar.com\\\/avatar\\\/eaaa2355a7bb56c0018a391c20a55bf9b4690e3f493231dd850e612bfa6ce161?s=96&d=mm&r=g\",\"caption\":\"Camille Esteve\"},\"url\":\"https:\\\/\\\/www.monaco-tribune.com\\\/it\\\/author\\\/camilleesteve\\\/\"}]}<\/script>\n<!-- \/ Yoast SEO Premium plugin. -->","yoast_head_json":{"title":"\"Noi stessi siamo rimasti sorpresi da numeri cos\u00ec bassi\": i tre dati principali sulla sicurezza a Monaco","description":"Patrice Cellario, Consigliere di Governo-Ministro dell'Interno, e Richard Marangoni, Revisore Generale incaricato del Dipartimento della Pubblica","robots":{"index":"index","follow":"follow","max-snippet":"max-snippet:-1","max-image-preview":"max-image-preview:large","max-video-preview":"max-video-preview:-1"},"canonical":"https:\/\/www.monaco-tribune.com\/it\/2022\/01\/noi-stessi-siamo-rimasti-sorpresi-da-numeri-cosi-bassi-i-tre-dati-principali-sulla-sicurezza-a-monaco\/","og_locale":"it_IT","og_type":"article","og_title":"\"Noi stessi siamo rimasti sorpresi da numeri cos\u00ec bassi\": i tre dati principali sulla sicurezza a Monaco - Monaco Tribune","og_description":"Patrice Cellario, Consigliere di Governo-Ministro dell'Interno, e Richard Marangoni, Revisore Generale incaricato del Dipartimento della Pubblica","og_url":"https:\/\/www.monaco-tribune.com\/it\/2022\/01\/noi-stessi-siamo-rimasti-sorpresi-da-numeri-cosi-bassi-i-tre-dati-principali-sulla-sicurezza-a-monaco\/","og_site_name":"Monaco Tribune","article_publisher":"https:\/\/www.facebook.com\/MonacoTribune","article_published_time":"2022-01-24T18:15:46+00:00","article_modified_time":"2022-01-24T18:16:06+00:00","og_image":[{"width":1200,"height":800,"url":"https:\/\/www.monaco-tribune.com\/wp-content\/uploads\/2022\/01\/monaco-surete-publique.jpeg","type":"image\/jpeg"}],"author":"Camille Esteve","twitter_card":"summary_large_image","twitter_creator":"@MonacoTribune","twitter_site":"@MonacoTribune","schema":{"@context":"https:\/\/schema.org","@graph":[{"@type":"NewsArticle","@id":"https:\/\/www.monaco-tribune.com\/it\/2022\/01\/noi-stessi-siamo-rimasti-sorpresi-da-numeri-cosi-bassi-i-tre-dati-principali-sulla-sicurezza-a-monaco\/#article","isPartOf":{"@id":"https:\/\/www.monaco-tribune.com\/it\/2022\/01\/noi-stessi-siamo-rimasti-sorpresi-da-numeri-cosi-bassi-i-tre-dati-principali-sulla-sicurezza-a-monaco\/"},"author":{"name":"Camille Esteve","@id":"https:\/\/www.monaco-tribune.com\/it\/#\/schema\/person\/a855d420fff4d03637641d60b93ac62e"},"headline":"&#8220;Noi stessi siamo rimasti sorpresi da numeri cos\u00ec bassi&#8221;: i tre dati principali sulla sicurezza a Monaco","datePublished":"2022-01-24T18:15:46+00:00","dateModified":"2022-01-24T18:16:06+00:00","mainEntityOfPage":{"@id":"https:\/\/www.monaco-tribune.com\/it\/2022\/01\/noi-stessi-siamo-rimasti-sorpresi-da-numeri-cosi-bassi-i-tre-dati-principali-sulla-sicurezza-a-monaco\/"},"wordCount":474,"publisher":{"@id":"https:\/\/www.monaco-tribune.com\/it\/#organization"},"image":{"@id":"https:\/\/www.monaco-tribune.com\/it\/2022\/01\/noi-stessi-siamo-rimasti-sorpresi-da-numeri-cosi-bassi-i-tre-dati-principali-sulla-sicurezza-a-monaco\/#primaryimage"},"thumbnailUrl":"https:\/\/www.monaco-tribune.com\/wp-content\/uploads\/2022\/01\/monaco-surete-publique.jpeg","articleSection":["La nostra scelta","Notizie","Societ\u00e0"],"inLanguage":"it-IT","copyrightYear":"2022","copyrightHolder":{"@id":"https:\/\/www.monaco-tribune.com\/#organization"}},{"@type":"WebPage","@id":"https:\/\/www.monaco-tribune.com\/it\/2022\/01\/noi-stessi-siamo-rimasti-sorpresi-da-numeri-cosi-bassi-i-tre-dati-principali-sulla-sicurezza-a-monaco\/","url":"https:\/\/www.monaco-tribune.com\/it\/2022\/01\/noi-stessi-siamo-rimasti-sorpresi-da-numeri-cosi-bassi-i-tre-dati-principali-sulla-sicurezza-a-monaco\/","name":"\"Noi stessi siamo rimasti sorpresi da numeri cos\u00ec bassi\": i tre dati principali sulla sicurezza a Monaco","isPartOf":{"@id":"https:\/\/www.monaco-tribune.com\/it\/#website"},"primaryImageOfPage":{"@id":"https:\/\/www.monaco-tribune.com\/it\/2022\/01\/noi-stessi-siamo-rimasti-sorpresi-da-numeri-cosi-bassi-i-tre-dati-principali-sulla-sicurezza-a-monaco\/#primaryimage"},"image":{"@id":"https:\/\/www.monaco-tribune.com\/it\/2022\/01\/noi-stessi-siamo-rimasti-sorpresi-da-numeri-cosi-bassi-i-tre-dati-principali-sulla-sicurezza-a-monaco\/#primaryimage"},"thumbnailUrl":"https:\/\/www.monaco-tribune.com\/wp-content\/uploads\/2022\/01\/monaco-surete-publique.jpeg","datePublished":"2022-01-24T18:15:46+00:00","dateModified":"2022-01-24T18:16:06+00:00","description":"Patrice Cellario, Consigliere di Governo-Ministro dell'Interno, e Richard Marangoni, Revisore Generale incaricato del Dipartimento della Pubblica","breadcrumb":{"@id":"https:\/\/www.monaco-tribune.com\/it\/2022\/01\/noi-stessi-siamo-rimasti-sorpresi-da-numeri-cosi-bassi-i-tre-dati-principali-sulla-sicurezza-a-monaco\/#breadcrumb"},"inLanguage":"it-IT","potentialAction":[{"@type":"ReadAction","target":["https:\/\/www.monaco-tribune.com\/it\/2022\/01\/noi-stessi-siamo-rimasti-sorpresi-da-numeri-cosi-bassi-i-tre-dati-principali-sulla-sicurezza-a-monaco\/"]}]},{"@type":"ImageObject","inLanguage":"it-IT","@id":"https:\/\/www.monaco-tribune.com\/it\/2022\/01\/noi-stessi-siamo-rimasti-sorpresi-da-numeri-cosi-bassi-i-tre-dati-principali-sulla-sicurezza-a-monaco\/#primaryimage","url":"https:\/\/www.monaco-tribune.com\/wp-content\/uploads\/2022\/01\/monaco-surete-publique.jpeg","contentUrl":"https:\/\/www.monaco-tribune.com\/wp-content\/uploads\/2022\/01\/monaco-surete-publique.jpeg","width":1200,"height":800,"caption":"Direzione della Comunicazione \/ Michael Alesi"},{"@type":"BreadcrumbList","@id":"https:\/\/www.monaco-tribune.com\/it\/2022\/01\/noi-stessi-siamo-rimasti-sorpresi-da-numeri-cosi-bassi-i-tre-dati-principali-sulla-sicurezza-a-monaco\/#breadcrumb","itemListElement":[{"@type":"ListItem","position":1,"name":"Accueil","item":"https:\/\/www.monaco-tribune.com\/it\/"},{"@type":"ListItem","position":2,"name":"\u00ab\u00a0Noi stessi siamo rimasti sorpresi da numeri cos\u00ec bassi\u00a0\u00bb: i tre dati principali sulla sicurezza a Monaco"}]},{"@type":"WebSite","@id":"https:\/\/www.monaco-tribune.com\/it\/#website","url":"https:\/\/www.monaco-tribune.com\/it\/","name":"Monaco Tribune","description":"Monaco : actualit\u00e9s \u00e9conomiques, politiques, culturelles et sportives de Monaco et de la French Riviera.","publisher":{"@id":"https:\/\/www.monaco-tribune.com\/it\/#organization"},"potentialAction":[{"@type":"SearchAction","target":{"@type":"EntryPoint","urlTemplate":"https:\/\/www.monaco-tribune.com\/it\/?s={search_term_string}"},"query-input":{"@type":"PropertyValueSpecification","valueRequired":true,"valueName":"search_term_string"}}],"inLanguage":"it-IT"},{"@type":"Organization","@id":"https:\/\/www.monaco-tribune.com\/it\/#organization","name":"Monaco Tribune","url":"https:\/\/www.monaco-tribune.com\/it\/","logo":{"@type":"ImageObject","inLanguage":"it-IT","@id":"https:\/\/www.monaco-tribune.com\/it\/#\/schema\/logo\/image\/","url":"https:\/\/www.monaco-tribune.com\/wp-content\/uploads\/2022\/11\/logo-monaco-tribune.png","contentUrl":"https:\/\/www.monaco-tribune.com\/wp-content\/uploads\/2022\/11\/logo-monaco-tribune.png","width":1548,"height":600,"caption":"Monaco Tribune"},"image":{"@id":"https:\/\/www.monaco-tribune.com\/it\/#\/schema\/logo\/image\/"},"sameAs":["https:\/\/www.facebook.com\/MonacoTribune","https:\/\/x.com\/MonacoTribune","https:\/\/www.instagram.com\/monacotribune\/","https:\/\/www.linkedin.com\/company\/monaco-tribune","https:\/\/www.youtube.com\/channel\/UCHle1MnG6hw1y4lWKijVbMA"]},{"@type":"Person","@id":"https:\/\/www.monaco-tribune.com\/it\/#\/schema\/person\/a855d420fff4d03637641d60b93ac62e","name":"Camille Esteve","image":{"@type":"ImageObject","inLanguage":"it-IT","@id":"https:\/\/secure.gravatar.com\/avatar\/eaaa2355a7bb56c0018a391c20a55bf9b4690e3f493231dd850e612bfa6ce161?s=96&d=mm&r=g","url":"https:\/\/secure.gravatar.com\/avatar\/eaaa2355a7bb56c0018a391c20a55bf9b4690e3f493231dd850e612bfa6ce161?s=96&d=mm&r=g","contentUrl":"https:\/\/secure.gravatar.com\/avatar\/eaaa2355a7bb56c0018a391c20a55bf9b4690e3f493231dd850e612bfa6ce161?s=96&d=mm&r=g","caption":"Camille Esteve"},"url":"https:\/\/www.monaco-tribune.com\/it\/author\/camilleesteve\/"}]}},"_links":{"self":[{"href":"https:\/\/www.monaco-tribune.com\/it\/wp-json\/wp\/v2\/posts\/108283","targetHints":{"allow":["GET"]}}],"collection":[{"href":"https:\/\/www.monaco-tribune.com\/it\/wp-json\/wp\/v2\/posts"}],"about":[{"href":"https:\/\/www.monaco-tribune.com\/it\/wp-json\/wp\/v2\/types\/post"}],"author":[{"embeddable":true,"href":"https:\/\/www.monaco-tribune.com\/it\/wp-json\/wp\/v2\/users\/60"}],"replies":[{"embeddable":true,"href":"https:\/\/www.monaco-tribune.com\/it\/wp-json\/wp\/v2\/comments?post=108283"}],"version-history":[{"count":0,"href":"https:\/\/www.monaco-tribune.com\/it\/wp-json\/wp\/v2\/posts\/108283\/revisions"}],"wp:featuredmedia":[{"embeddable":true,"href":"https:\/\/www.monaco-tribune.com\/it\/wp-json\/wp\/v2\/media\/108181"}],"wp:attachment":[{"href":"https:\/\/www.monaco-tribune.com\/it\/wp-json\/wp\/v2\/media?parent=108283"}],"wp:term":[{"taxonomy":"category","embeddable":true,"href":"https:\/\/www.monaco-tribune.com\/it\/wp-json\/wp\/v2\/categories?post=108283"},{"taxonomy":"post_tag","embeddable":true,"href":"https:\/\/www.monaco-tribune.com\/it\/wp-json\/wp\/v2\/tags?post=108283"},{"taxonomy":"sectag","embeddable":true,"href":"https:\/\/www.monaco-tribune.com\/it\/wp-json\/wp\/v2\/post_sectags?post=108283"},{"taxonomy":"format","embeddable":true,"href":"https:\/\/www.monaco-tribune.com\/it\/wp-json\/wp\/v2\/post_format?post=108283"}],"curies":[{"name":"wp","href":"https:\/\/api.w.org\/{rel}","templated":true}]}}