{"id":108388,"date":"2022-01-25T13:10:00","date_gmt":"2022-01-25T12:10:00","guid":{"rendered":"https:\/\/www.monaco-tribune.com\/2022\/01\/prime-impressioni-sullo-scanner-rivoluzionario-del-centro-cardio-toracico-di-monaco\/"},"modified":"2022-01-25T13:10:09","modified_gmt":"2022-01-25T12:10:09","slug":"prime-impressioni-sullo-scanner-rivoluzionario-del-centro-cardio-toracico-di-monaco","status":"publish","type":"post","link":"https:\/\/www.monaco-tribune.com\/it\/2022\/01\/prime-impressioni-sullo-scanner-rivoluzionario-del-centro-cardio-toracico-di-monaco\/","title":{"rendered":"Prime impressioni sullo scanner rivoluzionario del Centro Cardio-Toracico di Monaco"},"content":{"rendered":"\n<p><strong>Lo scanner \u00e8 <\/strong><a href=\"https:\/\/www.monaco-tribune.com\/it\/2021\/12\/covid-19-commozioni-cerebrali-nuovo-scanner-le-ultime-notizie-dal-mondo-della-sanita\/\"><strong>stato inaugurato il 16 dicembre<\/strong><\/a><strong> alla presenza del Principe Alberto II. I dottori Filippo Civaia e Philippe Rossi ci hanno presentato questo dispositivo rivoluzionario e hanno condiviso con noi le loro prime impressioni.<\/strong><\/p>\n\n<p>Il progetto andava avanti ormai da vent&#8217;anni. Oggi il centro cardiotoracico di Monaco \u00e8 dotato di uno dei primi scanner al mondo per il conteggio dei fotoni interamente dedicato alle patologie cardiovascolari.<\/p>\n\n<p>\u201cL&#8217;obiettivo \u00e8 fornire cure migliori ai nostri pazienti\u201d, spiega il dottor Civaia, cardiologo del centro. &#8220;Questo scanner rappresenta il completamento di un progetto visionario tra Monaco, Germania e Stati Uniti. L&#8217;obiettivo era quello di modificare la modalit\u00e0 di acquisizione dell&#8217;immagine utilizzando il conteggio dei fotoni&#8221;.<\/p>\n\n<p>Un processo complesso, che il dottore ci spiega in modo alquanto pittoresco: \u201cQuando usi uno scanner standard, \u00e8 come se usassi un annaffiatoio senza doccetta. Quando innaffi le piante, parte dell&#8217;acqua arriver\u00e0 dove serve, l&#8217;altra parte invece no. Con il nuovo scanner, \u00e8 come se avessimo aggiunto la doccetta all&#8217;annaffiatoio in modo da poter versare tutta l&#8217;acqua con getti pi\u00f9 fini. E ovviamente, possiamo anche scomporre meglio i diversi getti e analizzarli&#8221;.<\/p>\n\n<h2 class=\"wp-block-heading\" id=\"h-eviter-des-traitements-invasifs\">Evitare gli esami invasivi<\/h2>\n\n<p>L&#8217;obiettivo \u00e8 quindi quello di vedere meglio ma soprattutto di capire meglio le immagini che appaiono sullo schermo. &#8220;Possiamo definire meglio le placche [composte da lipidi, tessuto fibroso e calcio] nelle coronarie e valutare se sono stabili o instabili, perch\u00e9 tutti i problemi in cardiologia sono legati a queste placche&#8221;, aggiunge il dott. Civaia. &#8220;Grazie a questa nuova tecnica, si possono studiare meglio le componenti della placca e identificare quelle che possono causare un infarto acuto&#8221;.<\/p>\n\n<p>I pazienti hanno solo da guadagnare: con immagini molto pi\u00f9 precise, i cardiologi sono in grado di definire meglio le cure da somministrare e aumentarne di conseguenza l&#8217;efficacia. I mezzi di contrasto per l&#8217;esecuzione della scansione e la durata dell&#8217;esame restano invece invariati.<\/p>\n\n<p>Grazie alle diagnosi pi\u00f9 precise, alcuni pazienti potranno evitare di dover ricorrere ad altri esami invasivi, come la coronarografia, che prevede l&#8217;inserimento di un catetere all&#8217;interno di un vaso arterioso, il ricovero e potenziali complicanze.<\/p>\n\n<figure class=\"wp-block-gallery columns-1 is-cropped wp-block-gallery-1 is-layout-flex wp-block-gallery-is-layout-flex\"><ul class=\"blocks-gallery-grid\"><li class=\"blocks-gallery-item\"><figure><img loading=\"lazy\" decoding=\"async\" width=\"1024\" height=\"567\" src=\"https:\/\/www.monaco-tribune.com\/wp-content\/uploads\/2022\/01\/imagerie-scanner-monaco-1024x567.png\" alt=\"immagini-scanner-monaco\" data-id=\"107747\" data-full-url=\"https:\/\/www.monaco-tribune.com\/wp-content\/uploads\/2022\/01\/imagerie-scanner-monaco.png\" data-link=\"https:\/\/www.monaco-tribune.com\/?attachment_id=107747\" class=\"wp-image-107749\" srcset=\"https:\/\/www.monaco-tribune.com\/wp-content\/uploads\/2022\/01\/imagerie-scanner-monaco-1024x567.png 1024w, https:\/\/www.monaco-tribune.com\/wp-content\/uploads\/2022\/01\/imagerie-scanner-monaco-541x300.png 541w, https:\/\/www.monaco-tribune.com\/wp-content\/uploads\/2022\/01\/imagerie-scanner-monaco.png 1200w\" sizes=\"auto, (max-width: 1024px) 100vw, 1024px\" \/><figcaption class=\"blocks-gallery-item__caption\">Eccellente perviet\u00e0 e funzionalit\u00e0 di uno stent coronarico<\/figcaption><\/figure><\/li><li class=\"blocks-gallery-item\"><figure><img loading=\"lazy\" decoding=\"async\" width=\"1024\" height=\"468\" src=\"https:\/\/www.monaco-tribune.com\/wp-content\/uploads\/2022\/01\/imagerie-scanner-monaco-centre-cardio-thoracique-1024x468.png\" alt=\"immagini-scanner-monaco-centre-cardio-toracico\" data-id=\"107743\" data-full-url=\"https:\/\/www.monaco-tribune.com\/wp-content\/uploads\/2022\/01\/imagerie-scanner-monaco-centre-cardio-thoracique.png\" data-link=\"https:\/\/www.monaco-tribune.com\/?attachment_id=107743\" class=\"wp-image-107745\" srcset=\"https:\/\/www.monaco-tribune.com\/wp-content\/uploads\/2022\/01\/imagerie-scanner-monaco-centre-cardio-thoracique-1024x468.png 1024w, https:\/\/www.monaco-tribune.com\/wp-content\/uploads\/2022\/01\/imagerie-scanner-monaco-centre-cardio-thoracique-600x274.png 600w, https:\/\/www.monaco-tribune.com\/wp-content\/uploads\/2022\/01\/imagerie-scanner-monaco-centre-cardio-thoracique.png 1200w\" sizes=\"auto, (max-width: 1024px) 100vw, 1024px\" \/><figcaption class=\"blocks-gallery-item__caption\">Paziente con malattia coronarica avanzata, come evidenziato dalla presenza di numerose placche: ottima correlazione tra scanner e coronarografia tradizionale.<\/figcaption><\/figure><\/li><\/ul><\/figure>\n\n<blockquote class=\"wp-block-quote is-layout-flow wp-block-quote-is-layout-flow\"><p><em>\u00c8 nel nostro interesse diminuire al massimo le radiazioni degli esami<\/em><\/p><\/blockquote>\n\n<h2 class=\"wp-block-heading\" id=\"h-diminuer-le-taux-de-radiations\">Diminuire il tasso di radiazioni<\/h2>\n\n<p>Il dottor Rossi, cardiologo, sottolinea inoltre un vantaggio non trascurabile: \u201cAbbiamo anche una riduzione delle radiazioni nei pazienti, con un tasso di irradiazione ridotto di un fattore 10 rispetto ai primi scanner cardiaci. Quando eseguiamo un esame radiologico utilizzando i raggi X, conserviamo per sempre questa dose di raggi X e, oltre una certa quantit\u00e0, rischiamo di sviluppare patologie indotte dalle radiazioni, in particolare quelle cancerose. \u00c8 quindi nel nostro interesse diminuire al massimo le radiazioni degli esami&#8221;.<\/p>\n\n<p>Dall&#8217;istallazione di questo nuovo scanner lo scorso settembre, sono stati effettuati pi\u00f9 di 1.000 esami. Nonostante il suo tasso di radiazione sia inferiore rispetto agli scanner standard, i dottori Civaia e Rossi sottolineano che si tratta pur sempre di un esame che emana radiazioni e che deve essere prescritto da un medico. L&#8217;utilizzo a titolo preventivo non \u00e8 quindi per il momento previsto: \u00e8 uno strumento di diagnostica.<\/p>\n\n<p>Anche altre istituzioni nel mondo sono dotate di questi scanner rivoluzionari, ma vengono utilizzati in altri campi come la neurologia o la pneumologia.<\/p>\n","protected":false},"excerpt":{"rendered":"<p>Lo scanner \u00e8 stato inaugurato il 16 dicembre alla presenza del Principe Alberto II. I dottori Filippo Civaia e Philippe [&hellip;]<\/p>\n","protected":false},"author":60,"featured_media":107741,"comment_status":"closed","ping_status":"closed","sticky":false,"template":"","format":"standard","meta":{"_acf_changed":false,"footnotes":""},"categories":[1826,1738,1752],"tags":[],"post_sectags":[],"post_format":[2481],"class_list":["post-108388","post","type-post","status-publish","format-standard","has-post-thumbnail","hentry","category-la-nostra-scelta","category-notizie","category-societa","format-reportage-it"],"acf":[],"yoast_head":"<!-- This site is optimized with the Yoast SEO Premium plugin v26.8 (Yoast SEO v27.4) - https:\/\/yoast.com\/product\/yoast-seo-premium-wordpress\/ -->\n<title>Prime impressioni sullo scanner rivoluzionario del Centro Cardio-Toracico di Monaco<\/title>\n<meta name=\"description\" content=\"Lo scanner \u00e8 stato inaugurato il 16 dicembre alla presenza del Principe Alberto II. I dottori Filippo Civaia e Philippe Rossi ci hanno presentato questo\" \/>\n<meta name=\"robots\" content=\"index, follow, max-snippet:-1, max-image-preview:large, max-video-preview:-1\" \/>\n<link rel=\"canonical\" href=\"https:\/\/www.monaco-tribune.com\/it\/2022\/01\/prime-impressioni-sullo-scanner-rivoluzionario-del-centro-cardio-toracico-di-monaco\/\" \/>\n<meta property=\"og:locale\" content=\"it_IT\" \/>\n<meta property=\"og:type\" content=\"article\" \/>\n<meta property=\"og:title\" content=\"Prime impressioni sullo scanner rivoluzionario del Centro Cardio-Toracico di Monaco - Monaco Tribune\" \/>\n<meta property=\"og:description\" content=\"Lo scanner \u00e8 stato inaugurato il 16 dicembre alla presenza del Principe Alberto II. I dottori Filippo Civaia e Philippe Rossi ci hanno presentato questo\" \/>\n<meta property=\"og:url\" content=\"https:\/\/www.monaco-tribune.com\/it\/2022\/01\/prime-impressioni-sullo-scanner-rivoluzionario-del-centro-cardio-toracico-di-monaco\/\" \/>\n<meta property=\"og:site_name\" content=\"Monaco Tribune\" \/>\n<meta property=\"article:publisher\" content=\"https:\/\/www.facebook.com\/MonacoTribune\" \/>\n<meta property=\"article:published_time\" content=\"2022-01-25T12:10:00+00:00\" \/>\n<meta property=\"article:modified_time\" content=\"2022-01-25T12:10:09+00:00\" \/>\n<meta property=\"og:image\" content=\"https:\/\/www.monaco-tribune.com\/wp-content\/uploads\/2022\/01\/scanner.jpeg\" \/>\n\t<meta property=\"og:image:width\" content=\"1020\" \/>\n\t<meta property=\"og:image:height\" content=\"680\" \/>\n\t<meta property=\"og:image:type\" content=\"image\/jpeg\" \/>\n<meta name=\"author\" content=\"Camille Esteve\" \/>\n<meta name=\"twitter:card\" content=\"summary_large_image\" \/>\n<meta name=\"twitter:creator\" content=\"@MonacoTribune\" \/>\n<meta name=\"twitter:site\" content=\"@MonacoTribune\" \/>\n<script type=\"application\/ld+json\" class=\"yoast-schema-graph\">{\"@context\":\"https:\\\/\\\/schema.org\",\"@graph\":[{\"@type\":\"NewsArticle\",\"@id\":\"https:\\\/\\\/www.monaco-tribune.com\\\/it\\\/2022\\\/01\\\/prime-impressioni-sullo-scanner-rivoluzionario-del-centro-cardio-toracico-di-monaco\\\/#article\",\"isPartOf\":{\"@id\":\"https:\\\/\\\/www.monaco-tribune.com\\\/it\\\/2022\\\/01\\\/prime-impressioni-sullo-scanner-rivoluzionario-del-centro-cardio-toracico-di-monaco\\\/\"},\"author\":{\"name\":\"Camille Esteve\",\"@id\":\"https:\\\/\\\/www.monaco-tribune.com\\\/it\\\/#\\\/schema\\\/person\\\/a855d420fff4d03637641d60b93ac62e\"},\"headline\":\"Prime impressioni sullo scanner rivoluzionario del Centro Cardio-Toracico di Monaco\",\"datePublished\":\"2022-01-25T12:10:00+00:00\",\"dateModified\":\"2022-01-25T12:10:09+00:00\",\"mainEntityOfPage\":{\"@id\":\"https:\\\/\\\/www.monaco-tribune.com\\\/it\\\/2022\\\/01\\\/prime-impressioni-sullo-scanner-rivoluzionario-del-centro-cardio-toracico-di-monaco\\\/\"},\"wordCount\":568,\"publisher\":{\"@id\":\"https:\\\/\\\/www.monaco-tribune.com\\\/it\\\/#organization\"},\"image\":{\"@id\":\"https:\\\/\\\/www.monaco-tribune.com\\\/it\\\/2022\\\/01\\\/prime-impressioni-sullo-scanner-rivoluzionario-del-centro-cardio-toracico-di-monaco\\\/#primaryimage\"},\"thumbnailUrl\":\"https:\\\/\\\/www.monaco-tribune.com\\\/wp-content\\\/uploads\\\/2022\\\/01\\\/scanner.jpeg\",\"articleSection\":[\"La nostra scelta\",\"Notizie\",\"Societ\u00e0\"],\"inLanguage\":\"it-IT\",\"copyrightYear\":\"2022\",\"copyrightHolder\":{\"@id\":\"https:\\\/\\\/www.monaco-tribune.com\\\/#organization\"}},{\"@type\":\"WebPage\",\"@id\":\"https:\\\/\\\/www.monaco-tribune.com\\\/it\\\/2022\\\/01\\\/prime-impressioni-sullo-scanner-rivoluzionario-del-centro-cardio-toracico-di-monaco\\\/\",\"url\":\"https:\\\/\\\/www.monaco-tribune.com\\\/it\\\/2022\\\/01\\\/prime-impressioni-sullo-scanner-rivoluzionario-del-centro-cardio-toracico-di-monaco\\\/\",\"name\":\"Prime impressioni sullo scanner rivoluzionario del Centro Cardio-Toracico di Monaco\",\"isPartOf\":{\"@id\":\"https:\\\/\\\/www.monaco-tribune.com\\\/it\\\/#website\"},\"primaryImageOfPage\":{\"@id\":\"https:\\\/\\\/www.monaco-tribune.com\\\/it\\\/2022\\\/01\\\/prime-impressioni-sullo-scanner-rivoluzionario-del-centro-cardio-toracico-di-monaco\\\/#primaryimage\"},\"image\":{\"@id\":\"https:\\\/\\\/www.monaco-tribune.com\\\/it\\\/2022\\\/01\\\/prime-impressioni-sullo-scanner-rivoluzionario-del-centro-cardio-toracico-di-monaco\\\/#primaryimage\"},\"thumbnailUrl\":\"https:\\\/\\\/www.monaco-tribune.com\\\/wp-content\\\/uploads\\\/2022\\\/01\\\/scanner.jpeg\",\"datePublished\":\"2022-01-25T12:10:00+00:00\",\"dateModified\":\"2022-01-25T12:10:09+00:00\",\"description\":\"Lo scanner \u00e8 stato inaugurato il 16 dicembre alla presenza del Principe Alberto II. I dottori Filippo Civaia e Philippe Rossi ci hanno presentato questo\",\"breadcrumb\":{\"@id\":\"https:\\\/\\\/www.monaco-tribune.com\\\/it\\\/2022\\\/01\\\/prime-impressioni-sullo-scanner-rivoluzionario-del-centro-cardio-toracico-di-monaco\\\/#breadcrumb\"},\"inLanguage\":\"it-IT\",\"potentialAction\":[{\"@type\":\"ReadAction\",\"target\":[\"https:\\\/\\\/www.monaco-tribune.com\\\/it\\\/2022\\\/01\\\/prime-impressioni-sullo-scanner-rivoluzionario-del-centro-cardio-toracico-di-monaco\\\/\"]}]},{\"@type\":\"ImageObject\",\"inLanguage\":\"it-IT\",\"@id\":\"https:\\\/\\\/www.monaco-tribune.com\\\/it\\\/2022\\\/01\\\/prime-impressioni-sullo-scanner-rivoluzionario-del-centro-cardio-toracico-di-monaco\\\/#primaryimage\",\"url\":\"https:\\\/\\\/www.monaco-tribune.com\\\/wp-content\\\/uploads\\\/2022\\\/01\\\/scanner.jpeg\",\"contentUrl\":\"https:\\\/\\\/www.monaco-tribune.com\\\/wp-content\\\/uploads\\\/2022\\\/01\\\/scanner.jpeg\",\"width\":1020,\"height\":680,\"caption\":\"CCM - Fitte\"},{\"@type\":\"BreadcrumbList\",\"@id\":\"https:\\\/\\\/www.monaco-tribune.com\\\/it\\\/2022\\\/01\\\/prime-impressioni-sullo-scanner-rivoluzionario-del-centro-cardio-toracico-di-monaco\\\/#breadcrumb\",\"itemListElement\":[{\"@type\":\"ListItem\",\"position\":1,\"name\":\"Accueil\",\"item\":\"https:\\\/\\\/www.monaco-tribune.com\\\/it\\\/\"},{\"@type\":\"ListItem\",\"position\":2,\"name\":\"Prime impressioni sullo scanner rivoluzionario del Centro Cardio-Toracico di Monaco\"}]},{\"@type\":\"WebSite\",\"@id\":\"https:\\\/\\\/www.monaco-tribune.com\\\/it\\\/#website\",\"url\":\"https:\\\/\\\/www.monaco-tribune.com\\\/it\\\/\",\"name\":\"Monaco Tribune\",\"description\":\"Monaco : actualit\u00e9s \u00e9conomiques, politiques, culturelles et sportives de Monaco et de la French Riviera.\",\"publisher\":{\"@id\":\"https:\\\/\\\/www.monaco-tribune.com\\\/it\\\/#organization\"},\"potentialAction\":[{\"@type\":\"SearchAction\",\"target\":{\"@type\":\"EntryPoint\",\"urlTemplate\":\"https:\\\/\\\/www.monaco-tribune.com\\\/it\\\/?s={search_term_string}\"},\"query-input\":{\"@type\":\"PropertyValueSpecification\",\"valueRequired\":true,\"valueName\":\"search_term_string\"}}],\"inLanguage\":\"it-IT\"},{\"@type\":\"Organization\",\"@id\":\"https:\\\/\\\/www.monaco-tribune.com\\\/it\\\/#organization\",\"name\":\"Monaco Tribune\",\"url\":\"https:\\\/\\\/www.monaco-tribune.com\\\/it\\\/\",\"logo\":{\"@type\":\"ImageObject\",\"inLanguage\":\"it-IT\",\"@id\":\"https:\\\/\\\/www.monaco-tribune.com\\\/it\\\/#\\\/schema\\\/logo\\\/image\\\/\",\"url\":\"https:\\\/\\\/www.monaco-tribune.com\\\/wp-content\\\/uploads\\\/2022\\\/11\\\/logo-monaco-tribune.png\",\"contentUrl\":\"https:\\\/\\\/www.monaco-tribune.com\\\/wp-content\\\/uploads\\\/2022\\\/11\\\/logo-monaco-tribune.png\",\"width\":1548,\"height\":600,\"caption\":\"Monaco Tribune\"},\"image\":{\"@id\":\"https:\\\/\\\/www.monaco-tribune.com\\\/it\\\/#\\\/schema\\\/logo\\\/image\\\/\"},\"sameAs\":[\"https:\\\/\\\/www.facebook.com\\\/MonacoTribune\",\"https:\\\/\\\/x.com\\\/MonacoTribune\",\"https:\\\/\\\/www.instagram.com\\\/monacotribune\\\/\",\"https:\\\/\\\/www.linkedin.com\\\/company\\\/monaco-tribune\",\"https:\\\/\\\/www.youtube.com\\\/channel\\\/UCHle1MnG6hw1y4lWKijVbMA\"]},{\"@type\":\"Person\",\"@id\":\"https:\\\/\\\/www.monaco-tribune.com\\\/it\\\/#\\\/schema\\\/person\\\/a855d420fff4d03637641d60b93ac62e\",\"name\":\"Camille Esteve\",\"image\":{\"@type\":\"ImageObject\",\"inLanguage\":\"it-IT\",\"@id\":\"https:\\\/\\\/secure.gravatar.com\\\/avatar\\\/eaaa2355a7bb56c0018a391c20a55bf9b4690e3f493231dd850e612bfa6ce161?s=96&d=mm&r=g\",\"url\":\"https:\\\/\\\/secure.gravatar.com\\\/avatar\\\/eaaa2355a7bb56c0018a391c20a55bf9b4690e3f493231dd850e612bfa6ce161?s=96&d=mm&r=g\",\"contentUrl\":\"https:\\\/\\\/secure.gravatar.com\\\/avatar\\\/eaaa2355a7bb56c0018a391c20a55bf9b4690e3f493231dd850e612bfa6ce161?s=96&d=mm&r=g\",\"caption\":\"Camille Esteve\"},\"url\":\"https:\\\/\\\/www.monaco-tribune.com\\\/it\\\/author\\\/camilleesteve\\\/\"}]}<\/script>\n<!-- \/ Yoast SEO Premium plugin. -->","yoast_head_json":{"title":"Prime impressioni sullo scanner rivoluzionario del Centro Cardio-Toracico di Monaco","description":"Lo scanner \u00e8 stato inaugurato il 16 dicembre alla presenza del Principe Alberto II. I dottori Filippo Civaia e Philippe Rossi ci hanno presentato questo","robots":{"index":"index","follow":"follow","max-snippet":"max-snippet:-1","max-image-preview":"max-image-preview:large","max-video-preview":"max-video-preview:-1"},"canonical":"https:\/\/www.monaco-tribune.com\/it\/2022\/01\/prime-impressioni-sullo-scanner-rivoluzionario-del-centro-cardio-toracico-di-monaco\/","og_locale":"it_IT","og_type":"article","og_title":"Prime impressioni sullo scanner rivoluzionario del Centro Cardio-Toracico di Monaco - Monaco Tribune","og_description":"Lo scanner \u00e8 stato inaugurato il 16 dicembre alla presenza del Principe Alberto II. I dottori Filippo Civaia e Philippe Rossi ci hanno presentato questo","og_url":"https:\/\/www.monaco-tribune.com\/it\/2022\/01\/prime-impressioni-sullo-scanner-rivoluzionario-del-centro-cardio-toracico-di-monaco\/","og_site_name":"Monaco Tribune","article_publisher":"https:\/\/www.facebook.com\/MonacoTribune","article_published_time":"2022-01-25T12:10:00+00:00","article_modified_time":"2022-01-25T12:10:09+00:00","og_image":[{"width":1020,"height":680,"url":"https:\/\/www.monaco-tribune.com\/wp-content\/uploads\/2022\/01\/scanner.jpeg","type":"image\/jpeg"}],"author":"Camille Esteve","twitter_card":"summary_large_image","twitter_creator":"@MonacoTribune","twitter_site":"@MonacoTribune","schema":{"@context":"https:\/\/schema.org","@graph":[{"@type":"NewsArticle","@id":"https:\/\/www.monaco-tribune.com\/it\/2022\/01\/prime-impressioni-sullo-scanner-rivoluzionario-del-centro-cardio-toracico-di-monaco\/#article","isPartOf":{"@id":"https:\/\/www.monaco-tribune.com\/it\/2022\/01\/prime-impressioni-sullo-scanner-rivoluzionario-del-centro-cardio-toracico-di-monaco\/"},"author":{"name":"Camille Esteve","@id":"https:\/\/www.monaco-tribune.com\/it\/#\/schema\/person\/a855d420fff4d03637641d60b93ac62e"},"headline":"Prime impressioni sullo scanner rivoluzionario del Centro Cardio-Toracico di Monaco","datePublished":"2022-01-25T12:10:00+00:00","dateModified":"2022-01-25T12:10:09+00:00","mainEntityOfPage":{"@id":"https:\/\/www.monaco-tribune.com\/it\/2022\/01\/prime-impressioni-sullo-scanner-rivoluzionario-del-centro-cardio-toracico-di-monaco\/"},"wordCount":568,"publisher":{"@id":"https:\/\/www.monaco-tribune.com\/it\/#organization"},"image":{"@id":"https:\/\/www.monaco-tribune.com\/it\/2022\/01\/prime-impressioni-sullo-scanner-rivoluzionario-del-centro-cardio-toracico-di-monaco\/#primaryimage"},"thumbnailUrl":"https:\/\/www.monaco-tribune.com\/wp-content\/uploads\/2022\/01\/scanner.jpeg","articleSection":["La nostra scelta","Notizie","Societ\u00e0"],"inLanguage":"it-IT","copyrightYear":"2022","copyrightHolder":{"@id":"https:\/\/www.monaco-tribune.com\/#organization"}},{"@type":"WebPage","@id":"https:\/\/www.monaco-tribune.com\/it\/2022\/01\/prime-impressioni-sullo-scanner-rivoluzionario-del-centro-cardio-toracico-di-monaco\/","url":"https:\/\/www.monaco-tribune.com\/it\/2022\/01\/prime-impressioni-sullo-scanner-rivoluzionario-del-centro-cardio-toracico-di-monaco\/","name":"Prime impressioni sullo scanner rivoluzionario del Centro Cardio-Toracico di Monaco","isPartOf":{"@id":"https:\/\/www.monaco-tribune.com\/it\/#website"},"primaryImageOfPage":{"@id":"https:\/\/www.monaco-tribune.com\/it\/2022\/01\/prime-impressioni-sullo-scanner-rivoluzionario-del-centro-cardio-toracico-di-monaco\/#primaryimage"},"image":{"@id":"https:\/\/www.monaco-tribune.com\/it\/2022\/01\/prime-impressioni-sullo-scanner-rivoluzionario-del-centro-cardio-toracico-di-monaco\/#primaryimage"},"thumbnailUrl":"https:\/\/www.monaco-tribune.com\/wp-content\/uploads\/2022\/01\/scanner.jpeg","datePublished":"2022-01-25T12:10:00+00:00","dateModified":"2022-01-25T12:10:09+00:00","description":"Lo scanner \u00e8 stato inaugurato il 16 dicembre alla presenza del Principe Alberto II. I dottori Filippo Civaia e Philippe Rossi ci hanno presentato questo","breadcrumb":{"@id":"https:\/\/www.monaco-tribune.com\/it\/2022\/01\/prime-impressioni-sullo-scanner-rivoluzionario-del-centro-cardio-toracico-di-monaco\/#breadcrumb"},"inLanguage":"it-IT","potentialAction":[{"@type":"ReadAction","target":["https:\/\/www.monaco-tribune.com\/it\/2022\/01\/prime-impressioni-sullo-scanner-rivoluzionario-del-centro-cardio-toracico-di-monaco\/"]}]},{"@type":"ImageObject","inLanguage":"it-IT","@id":"https:\/\/www.monaco-tribune.com\/it\/2022\/01\/prime-impressioni-sullo-scanner-rivoluzionario-del-centro-cardio-toracico-di-monaco\/#primaryimage","url":"https:\/\/www.monaco-tribune.com\/wp-content\/uploads\/2022\/01\/scanner.jpeg","contentUrl":"https:\/\/www.monaco-tribune.com\/wp-content\/uploads\/2022\/01\/scanner.jpeg","width":1020,"height":680,"caption":"CCM - Fitte"},{"@type":"BreadcrumbList","@id":"https:\/\/www.monaco-tribune.com\/it\/2022\/01\/prime-impressioni-sullo-scanner-rivoluzionario-del-centro-cardio-toracico-di-monaco\/#breadcrumb","itemListElement":[{"@type":"ListItem","position":1,"name":"Accueil","item":"https:\/\/www.monaco-tribune.com\/it\/"},{"@type":"ListItem","position":2,"name":"Prime impressioni sullo scanner rivoluzionario del Centro Cardio-Toracico di Monaco"}]},{"@type":"WebSite","@id":"https:\/\/www.monaco-tribune.com\/it\/#website","url":"https:\/\/www.monaco-tribune.com\/it\/","name":"Monaco Tribune","description":"Monaco : actualit\u00e9s \u00e9conomiques, politiques, culturelles et sportives de Monaco et de la French Riviera.","publisher":{"@id":"https:\/\/www.monaco-tribune.com\/it\/#organization"},"potentialAction":[{"@type":"SearchAction","target":{"@type":"EntryPoint","urlTemplate":"https:\/\/www.monaco-tribune.com\/it\/?s={search_term_string}"},"query-input":{"@type":"PropertyValueSpecification","valueRequired":true,"valueName":"search_term_string"}}],"inLanguage":"it-IT"},{"@type":"Organization","@id":"https:\/\/www.monaco-tribune.com\/it\/#organization","name":"Monaco Tribune","url":"https:\/\/www.monaco-tribune.com\/it\/","logo":{"@type":"ImageObject","inLanguage":"it-IT","@id":"https:\/\/www.monaco-tribune.com\/it\/#\/schema\/logo\/image\/","url":"https:\/\/www.monaco-tribune.com\/wp-content\/uploads\/2022\/11\/logo-monaco-tribune.png","contentUrl":"https:\/\/www.monaco-tribune.com\/wp-content\/uploads\/2022\/11\/logo-monaco-tribune.png","width":1548,"height":600,"caption":"Monaco Tribune"},"image":{"@id":"https:\/\/www.monaco-tribune.com\/it\/#\/schema\/logo\/image\/"},"sameAs":["https:\/\/www.facebook.com\/MonacoTribune","https:\/\/x.com\/MonacoTribune","https:\/\/www.instagram.com\/monacotribune\/","https:\/\/www.linkedin.com\/company\/monaco-tribune","https:\/\/www.youtube.com\/channel\/UCHle1MnG6hw1y4lWKijVbMA"]},{"@type":"Person","@id":"https:\/\/www.monaco-tribune.com\/it\/#\/schema\/person\/a855d420fff4d03637641d60b93ac62e","name":"Camille Esteve","image":{"@type":"ImageObject","inLanguage":"it-IT","@id":"https:\/\/secure.gravatar.com\/avatar\/eaaa2355a7bb56c0018a391c20a55bf9b4690e3f493231dd850e612bfa6ce161?s=96&d=mm&r=g","url":"https:\/\/secure.gravatar.com\/avatar\/eaaa2355a7bb56c0018a391c20a55bf9b4690e3f493231dd850e612bfa6ce161?s=96&d=mm&r=g","contentUrl":"https:\/\/secure.gravatar.com\/avatar\/eaaa2355a7bb56c0018a391c20a55bf9b4690e3f493231dd850e612bfa6ce161?s=96&d=mm&r=g","caption":"Camille Esteve"},"url":"https:\/\/www.monaco-tribune.com\/it\/author\/camilleesteve\/"}]}},"_links":{"self":[{"href":"https:\/\/www.monaco-tribune.com\/it\/wp-json\/wp\/v2\/posts\/108388","targetHints":{"allow":["GET"]}}],"collection":[{"href":"https:\/\/www.monaco-tribune.com\/it\/wp-json\/wp\/v2\/posts"}],"about":[{"href":"https:\/\/www.monaco-tribune.com\/it\/wp-json\/wp\/v2\/types\/post"}],"author":[{"embeddable":true,"href":"https:\/\/www.monaco-tribune.com\/it\/wp-json\/wp\/v2\/users\/60"}],"replies":[{"embeddable":true,"href":"https:\/\/www.monaco-tribune.com\/it\/wp-json\/wp\/v2\/comments?post=108388"}],"version-history":[{"count":0,"href":"https:\/\/www.monaco-tribune.com\/it\/wp-json\/wp\/v2\/posts\/108388\/revisions"}],"wp:featuredmedia":[{"embeddable":true,"href":"https:\/\/www.monaco-tribune.com\/it\/wp-json\/wp\/v2\/media\/107741"}],"wp:attachment":[{"href":"https:\/\/www.monaco-tribune.com\/it\/wp-json\/wp\/v2\/media?parent=108388"}],"wp:term":[{"taxonomy":"category","embeddable":true,"href":"https:\/\/www.monaco-tribune.com\/it\/wp-json\/wp\/v2\/categories?post=108388"},{"taxonomy":"post_tag","embeddable":true,"href":"https:\/\/www.monaco-tribune.com\/it\/wp-json\/wp\/v2\/tags?post=108388"},{"taxonomy":"sectag","embeddable":true,"href":"https:\/\/www.monaco-tribune.com\/it\/wp-json\/wp\/v2\/post_sectags?post=108388"},{"taxonomy":"format","embeddable":true,"href":"https:\/\/www.monaco-tribune.com\/it\/wp-json\/wp\/v2\/post_format?post=108388"}],"curies":[{"name":"wp","href":"https:\/\/api.w.org\/{rel}","templated":true}]}}