{"id":108909,"date":"2022-01-27T17:29:49","date_gmt":"2022-01-27T16:29:49","guid":{"rendered":"https:\/\/www.monaco-tribune.com\/2022\/01\/limpianto-di-trattamento-delle-acque-reflue-aumenta-la-capienza-per-salvaguardare-il-mediterraneo\/"},"modified":"2022-01-27T17:29:58","modified_gmt":"2022-01-27T16:29:58","slug":"limpianto-di-trattamento-delle-acque-reflue-aumenta-la-capienza-per-salvaguardare-il-mediterraneo","status":"publish","type":"post","link":"https:\/\/www.monaco-tribune.com\/it\/2022\/01\/limpianto-di-trattamento-delle-acque-reflue-aumenta-la-capienza-per-salvaguardare-il-mediterraneo\/","title":{"rendered":"L&#8217;Impianto di trattamento delle acque reflue aumenta la capienza per salvaguardare il Mediterraneo"},"content":{"rendered":"\n<p><strong>Il Principe Alberto II si \u00e8 recato presso i nuovi impianti del depuratore.<\/strong><\/p>\n\n<p>Le iniziative per la salvaguardia del Mediterraneo continuano. Grazie ai lavori iniziati nel 2018, l&#8217;Impianto di trattamento delle acque reflue (UTER), situato sotto l&#8217;edificio Le Triton, ha aumentato la sua capacit\u00e0 del 30% grazie a un ampliamento della superficie. Questa \u00e8 quasi raddoppiata e il merito va anche alla societ\u00e0 SMEaux.<\/p>\n\n<p>C\u00e9line Caron-Dagioni, Consigliere di Governo &#8211; Ministra dell\u2019attrezzatura, dell\u2019ambiente e dell\u2019urbanistica, ha dichiarato ai microfoni di Monaco Info: &#8220;Oggi, il 99% di quello che scarichiamo viene trattato, \u00e8 una quantit\u00e0 enorme! Vantiamo tassi che superano del 40% le normative europee. Continuiamo sulla scia della volont\u00e0 del Sovrano di salvare il nostro futuro, giocare d&#8217;anticipo e dotarci dei mezzi necessari per poter gestire il nostro impatto sull&#8217;ambiente&#8221;.<\/p>\n\n<p>Questo impianto, in servizio dal 1990, \u00e8 il primo al mondo costruito sottoterra, in modo da isolare qualsiasi odore o rumore. Lo stabilimento tratta le acque reflue del Principato, ma anche quelle di Bausoleil e di una parte di La Turbie e di Cap d&#8217;Ail, che vengono poi scaricate a 800 metri dalla costa monegasca e a 100 metri di profondit\u00e0.<\/p>\n\n<p>Secondo il comunicato del Governo del Principe, il Principe Alberto II &#8220;ha espresso la sua soddisfazione nel notare che Monaco impone standard sempre pi\u00f9 elevati quando si tratta di salvaguardare le sue risorse e la biodiversit\u00e0&#8221;.<\/p>\n","protected":false},"excerpt":{"rendered":"<p>Il Principe Alberto II si \u00e8 recato presso i nuovi impianti del depuratore. Le iniziative per la salvaguardia del Mediterraneo [&hellip;]<\/p>\n","protected":false},"author":60,"featured_media":108855,"comment_status":"closed","ping_status":"closed","sticky":false,"template":"","format":"standard","meta":{"_acf_changed":false,"footnotes":""},"categories":[1839,1738],"tags":[],"post_sectags":[],"post_format":[2478],"class_list":["post-108909","post","type-post","status-publish","format-standard","has-post-thumbnail","hentry","category-green","category-notizie","format-notizia"],"acf":[],"yoast_head":"<!-- This site is optimized with the Yoast SEO Premium plugin v26.8 (Yoast SEO v27.4) - https:\/\/yoast.com\/product\/yoast-seo-premium-wordpress\/ -->\n<title>L&#039;Impianto di trattamento delle acque reflue aumenta la capienza per salvaguardare il Mediterraneo<\/title>\n<meta name=\"description\" content=\"Il Principe Alberto II si \u00e8 recato presso i nuovi impianti del depuratore. Le iniziative per la salvaguardia del Mediterraneo continuano. Grazie ai lavori\" \/>\n<meta name=\"robots\" content=\"index, follow, max-snippet:-1, max-image-preview:large, max-video-preview:-1\" \/>\n<link rel=\"canonical\" href=\"https:\/\/www.monaco-tribune.com\/it\/2022\/01\/limpianto-di-trattamento-delle-acque-reflue-aumenta-la-capienza-per-salvaguardare-il-mediterraneo\/\" \/>\n<meta property=\"og:locale\" content=\"it_IT\" \/>\n<meta property=\"og:type\" content=\"article\" \/>\n<meta property=\"og:title\" content=\"L&#039;Impianto di trattamento delle acque reflue aumenta la capienza per salvaguardare il Mediterraneo - Monaco Tribune\" \/>\n<meta property=\"og:description\" content=\"Il Principe Alberto II si \u00e8 recato presso i nuovi impianti del depuratore. Le iniziative per la salvaguardia del Mediterraneo continuano. Grazie ai lavori\" \/>\n<meta property=\"og:url\" content=\"https:\/\/www.monaco-tribune.com\/it\/2022\/01\/limpianto-di-trattamento-delle-acque-reflue-aumenta-la-capienza-per-salvaguardare-il-mediterraneo\/\" \/>\n<meta property=\"og:site_name\" content=\"Monaco Tribune\" \/>\n<meta property=\"article:publisher\" content=\"https:\/\/www.facebook.com\/MonacoTribune\" \/>\n<meta property=\"article:published_time\" content=\"2022-01-27T16:29:49+00:00\" \/>\n<meta property=\"article:modified_time\" content=\"2022-01-27T16:29:58+00:00\" \/>\n<meta property=\"og:image\" content=\"https:\/\/www.monaco-tribune.com\/wp-content\/uploads\/2022\/01\/eaux-usees-monaco-mediterrannee.jpeg\" \/>\n\t<meta property=\"og:image:width\" content=\"1200\" \/>\n\t<meta property=\"og:image:height\" content=\"800\" \/>\n\t<meta property=\"og:image:type\" content=\"image\/jpeg\" \/>\n<meta name=\"author\" content=\"Camille Esteve\" \/>\n<meta name=\"twitter:card\" content=\"summary_large_image\" \/>\n<meta name=\"twitter:creator\" content=\"@MonacoTribune\" \/>\n<meta name=\"twitter:site\" content=\"@MonacoTribune\" \/>\n<script type=\"application\/ld+json\" class=\"yoast-schema-graph\">{\"@context\":\"https:\\\/\\\/schema.org\",\"@graph\":[{\"@type\":\"NewsArticle\",\"@id\":\"https:\\\/\\\/www.monaco-tribune.com\\\/it\\\/2022\\\/01\\\/limpianto-di-trattamento-delle-acque-reflue-aumenta-la-capienza-per-salvaguardare-il-mediterraneo\\\/#article\",\"isPartOf\":{\"@id\":\"https:\\\/\\\/www.monaco-tribune.com\\\/it\\\/2022\\\/01\\\/limpianto-di-trattamento-delle-acque-reflue-aumenta-la-capienza-per-salvaguardare-il-mediterraneo\\\/\"},\"author\":{\"name\":\"Camille Esteve\",\"@id\":\"https:\\\/\\\/www.monaco-tribune.com\\\/it\\\/#\\\/schema\\\/person\\\/a855d420fff4d03637641d60b93ac62e\"},\"headline\":\"L&#8217;Impianto di trattamento delle acque reflue aumenta la capienza per salvaguardare il Mediterraneo\",\"datePublished\":\"2022-01-27T16:29:49+00:00\",\"dateModified\":\"2022-01-27T16:29:58+00:00\",\"mainEntityOfPage\":{\"@id\":\"https:\\\/\\\/www.monaco-tribune.com\\\/it\\\/2022\\\/01\\\/limpianto-di-trattamento-delle-acque-reflue-aumenta-la-capienza-per-salvaguardare-il-mediterraneo\\\/\"},\"wordCount\":239,\"publisher\":{\"@id\":\"https:\\\/\\\/www.monaco-tribune.com\\\/it\\\/#organization\"},\"image\":{\"@id\":\"https:\\\/\\\/www.monaco-tribune.com\\\/it\\\/2022\\\/01\\\/limpianto-di-trattamento-delle-acque-reflue-aumenta-la-capienza-per-salvaguardare-il-mediterraneo\\\/#primaryimage\"},\"thumbnailUrl\":\"https:\\\/\\\/www.monaco-tribune.com\\\/wp-content\\\/uploads\\\/2022\\\/01\\\/eaux-usees-monaco-mediterrannee.jpeg\",\"articleSection\":[\"Green\",\"Notizie\"],\"inLanguage\":\"it-IT\",\"copyrightYear\":\"2022\",\"copyrightHolder\":{\"@id\":\"https:\\\/\\\/www.monaco-tribune.com\\\/#organization\"}},{\"@type\":\"WebPage\",\"@id\":\"https:\\\/\\\/www.monaco-tribune.com\\\/it\\\/2022\\\/01\\\/limpianto-di-trattamento-delle-acque-reflue-aumenta-la-capienza-per-salvaguardare-il-mediterraneo\\\/\",\"url\":\"https:\\\/\\\/www.monaco-tribune.com\\\/it\\\/2022\\\/01\\\/limpianto-di-trattamento-delle-acque-reflue-aumenta-la-capienza-per-salvaguardare-il-mediterraneo\\\/\",\"name\":\"L'Impianto di trattamento delle acque reflue aumenta la capienza per salvaguardare il Mediterraneo\",\"isPartOf\":{\"@id\":\"https:\\\/\\\/www.monaco-tribune.com\\\/it\\\/#website\"},\"primaryImageOfPage\":{\"@id\":\"https:\\\/\\\/www.monaco-tribune.com\\\/it\\\/2022\\\/01\\\/limpianto-di-trattamento-delle-acque-reflue-aumenta-la-capienza-per-salvaguardare-il-mediterraneo\\\/#primaryimage\"},\"image\":{\"@id\":\"https:\\\/\\\/www.monaco-tribune.com\\\/it\\\/2022\\\/01\\\/limpianto-di-trattamento-delle-acque-reflue-aumenta-la-capienza-per-salvaguardare-il-mediterraneo\\\/#primaryimage\"},\"thumbnailUrl\":\"https:\\\/\\\/www.monaco-tribune.com\\\/wp-content\\\/uploads\\\/2022\\\/01\\\/eaux-usees-monaco-mediterrannee.jpeg\",\"datePublished\":\"2022-01-27T16:29:49+00:00\",\"dateModified\":\"2022-01-27T16:29:58+00:00\",\"description\":\"Il Principe Alberto II si \u00e8 recato presso i nuovi impianti del depuratore. Le iniziative per la salvaguardia del Mediterraneo continuano. Grazie ai lavori\",\"breadcrumb\":{\"@id\":\"https:\\\/\\\/www.monaco-tribune.com\\\/it\\\/2022\\\/01\\\/limpianto-di-trattamento-delle-acque-reflue-aumenta-la-capienza-per-salvaguardare-il-mediterraneo\\\/#breadcrumb\"},\"inLanguage\":\"it-IT\",\"potentialAction\":[{\"@type\":\"ReadAction\",\"target\":[\"https:\\\/\\\/www.monaco-tribune.com\\\/it\\\/2022\\\/01\\\/limpianto-di-trattamento-delle-acque-reflue-aumenta-la-capienza-per-salvaguardare-il-mediterraneo\\\/\"]}]},{\"@type\":\"ImageObject\",\"inLanguage\":\"it-IT\",\"@id\":\"https:\\\/\\\/www.monaco-tribune.com\\\/it\\\/2022\\\/01\\\/limpianto-di-trattamento-delle-acque-reflue-aumenta-la-capienza-per-salvaguardare-il-mediterraneo\\\/#primaryimage\",\"url\":\"https:\\\/\\\/www.monaco-tribune.com\\\/wp-content\\\/uploads\\\/2022\\\/01\\\/eaux-usees-monaco-mediterrannee.jpeg\",\"contentUrl\":\"https:\\\/\\\/www.monaco-tribune.com\\\/wp-content\\\/uploads\\\/2022\\\/01\\\/eaux-usees-monaco-mediterrannee.jpeg\",\"width\":1200,\"height\":800,\"caption\":\"Direzione della Comunicazione \\\/ Michael Alesi\"},{\"@type\":\"BreadcrumbList\",\"@id\":\"https:\\\/\\\/www.monaco-tribune.com\\\/it\\\/2022\\\/01\\\/limpianto-di-trattamento-delle-acque-reflue-aumenta-la-capienza-per-salvaguardare-il-mediterraneo\\\/#breadcrumb\",\"itemListElement\":[{\"@type\":\"ListItem\",\"position\":1,\"name\":\"Accueil\",\"item\":\"https:\\\/\\\/www.monaco-tribune.com\\\/it\\\/\"},{\"@type\":\"ListItem\",\"position\":2,\"name\":\"L&rsquo;Impianto di trattamento delle acque reflue aumenta la capienza per salvaguardare il Mediterraneo\"}]},{\"@type\":\"WebSite\",\"@id\":\"https:\\\/\\\/www.monaco-tribune.com\\\/it\\\/#website\",\"url\":\"https:\\\/\\\/www.monaco-tribune.com\\\/it\\\/\",\"name\":\"Monaco Tribune\",\"description\":\"Monaco : actualit\u00e9s \u00e9conomiques, politiques, culturelles et sportives de Monaco et de la French Riviera.\",\"publisher\":{\"@id\":\"https:\\\/\\\/www.monaco-tribune.com\\\/it\\\/#organization\"},\"potentialAction\":[{\"@type\":\"SearchAction\",\"target\":{\"@type\":\"EntryPoint\",\"urlTemplate\":\"https:\\\/\\\/www.monaco-tribune.com\\\/it\\\/?s={search_term_string}\"},\"query-input\":{\"@type\":\"PropertyValueSpecification\",\"valueRequired\":true,\"valueName\":\"search_term_string\"}}],\"inLanguage\":\"it-IT\"},{\"@type\":\"Organization\",\"@id\":\"https:\\\/\\\/www.monaco-tribune.com\\\/it\\\/#organization\",\"name\":\"Monaco Tribune\",\"url\":\"https:\\\/\\\/www.monaco-tribune.com\\\/it\\\/\",\"logo\":{\"@type\":\"ImageObject\",\"inLanguage\":\"it-IT\",\"@id\":\"https:\\\/\\\/www.monaco-tribune.com\\\/it\\\/#\\\/schema\\\/logo\\\/image\\\/\",\"url\":\"https:\\\/\\\/www.monaco-tribune.com\\\/wp-content\\\/uploads\\\/2022\\\/11\\\/logo-monaco-tribune.png\",\"contentUrl\":\"https:\\\/\\\/www.monaco-tribune.com\\\/wp-content\\\/uploads\\\/2022\\\/11\\\/logo-monaco-tribune.png\",\"width\":1548,\"height\":600,\"caption\":\"Monaco Tribune\"},\"image\":{\"@id\":\"https:\\\/\\\/www.monaco-tribune.com\\\/it\\\/#\\\/schema\\\/logo\\\/image\\\/\"},\"sameAs\":[\"https:\\\/\\\/www.facebook.com\\\/MonacoTribune\",\"https:\\\/\\\/x.com\\\/MonacoTribune\",\"https:\\\/\\\/www.instagram.com\\\/monacotribune\\\/\",\"https:\\\/\\\/www.linkedin.com\\\/company\\\/monaco-tribune\",\"https:\\\/\\\/www.youtube.com\\\/channel\\\/UCHle1MnG6hw1y4lWKijVbMA\"]},{\"@type\":\"Person\",\"@id\":\"https:\\\/\\\/www.monaco-tribune.com\\\/it\\\/#\\\/schema\\\/person\\\/a855d420fff4d03637641d60b93ac62e\",\"name\":\"Camille Esteve\",\"image\":{\"@type\":\"ImageObject\",\"inLanguage\":\"it-IT\",\"@id\":\"https:\\\/\\\/secure.gravatar.com\\\/avatar\\\/eaaa2355a7bb56c0018a391c20a55bf9b4690e3f493231dd850e612bfa6ce161?s=96&d=mm&r=g\",\"url\":\"https:\\\/\\\/secure.gravatar.com\\\/avatar\\\/eaaa2355a7bb56c0018a391c20a55bf9b4690e3f493231dd850e612bfa6ce161?s=96&d=mm&r=g\",\"contentUrl\":\"https:\\\/\\\/secure.gravatar.com\\\/avatar\\\/eaaa2355a7bb56c0018a391c20a55bf9b4690e3f493231dd850e612bfa6ce161?s=96&d=mm&r=g\",\"caption\":\"Camille Esteve\"},\"url\":\"https:\\\/\\\/www.monaco-tribune.com\\\/it\\\/author\\\/camilleesteve\\\/\"}]}<\/script>\n<!-- \/ Yoast SEO Premium plugin. -->","yoast_head_json":{"title":"L'Impianto di trattamento delle acque reflue aumenta la capienza per salvaguardare il Mediterraneo","description":"Il Principe Alberto II si \u00e8 recato presso i nuovi impianti del depuratore. Le iniziative per la salvaguardia del Mediterraneo continuano. Grazie ai lavori","robots":{"index":"index","follow":"follow","max-snippet":"max-snippet:-1","max-image-preview":"max-image-preview:large","max-video-preview":"max-video-preview:-1"},"canonical":"https:\/\/www.monaco-tribune.com\/it\/2022\/01\/limpianto-di-trattamento-delle-acque-reflue-aumenta-la-capienza-per-salvaguardare-il-mediterraneo\/","og_locale":"it_IT","og_type":"article","og_title":"L'Impianto di trattamento delle acque reflue aumenta la capienza per salvaguardare il Mediterraneo - Monaco Tribune","og_description":"Il Principe Alberto II si \u00e8 recato presso i nuovi impianti del depuratore. Le iniziative per la salvaguardia del Mediterraneo continuano. Grazie ai lavori","og_url":"https:\/\/www.monaco-tribune.com\/it\/2022\/01\/limpianto-di-trattamento-delle-acque-reflue-aumenta-la-capienza-per-salvaguardare-il-mediterraneo\/","og_site_name":"Monaco Tribune","article_publisher":"https:\/\/www.facebook.com\/MonacoTribune","article_published_time":"2022-01-27T16:29:49+00:00","article_modified_time":"2022-01-27T16:29:58+00:00","og_image":[{"width":1200,"height":800,"url":"https:\/\/www.monaco-tribune.com\/wp-content\/uploads\/2022\/01\/eaux-usees-monaco-mediterrannee.jpeg","type":"image\/jpeg"}],"author":"Camille Esteve","twitter_card":"summary_large_image","twitter_creator":"@MonacoTribune","twitter_site":"@MonacoTribune","schema":{"@context":"https:\/\/schema.org","@graph":[{"@type":"NewsArticle","@id":"https:\/\/www.monaco-tribune.com\/it\/2022\/01\/limpianto-di-trattamento-delle-acque-reflue-aumenta-la-capienza-per-salvaguardare-il-mediterraneo\/#article","isPartOf":{"@id":"https:\/\/www.monaco-tribune.com\/it\/2022\/01\/limpianto-di-trattamento-delle-acque-reflue-aumenta-la-capienza-per-salvaguardare-il-mediterraneo\/"},"author":{"name":"Camille Esteve","@id":"https:\/\/www.monaco-tribune.com\/it\/#\/schema\/person\/a855d420fff4d03637641d60b93ac62e"},"headline":"L&#8217;Impianto di trattamento delle acque reflue aumenta la capienza per salvaguardare il Mediterraneo","datePublished":"2022-01-27T16:29:49+00:00","dateModified":"2022-01-27T16:29:58+00:00","mainEntityOfPage":{"@id":"https:\/\/www.monaco-tribune.com\/it\/2022\/01\/limpianto-di-trattamento-delle-acque-reflue-aumenta-la-capienza-per-salvaguardare-il-mediterraneo\/"},"wordCount":239,"publisher":{"@id":"https:\/\/www.monaco-tribune.com\/it\/#organization"},"image":{"@id":"https:\/\/www.monaco-tribune.com\/it\/2022\/01\/limpianto-di-trattamento-delle-acque-reflue-aumenta-la-capienza-per-salvaguardare-il-mediterraneo\/#primaryimage"},"thumbnailUrl":"https:\/\/www.monaco-tribune.com\/wp-content\/uploads\/2022\/01\/eaux-usees-monaco-mediterrannee.jpeg","articleSection":["Green","Notizie"],"inLanguage":"it-IT","copyrightYear":"2022","copyrightHolder":{"@id":"https:\/\/www.monaco-tribune.com\/#organization"}},{"@type":"WebPage","@id":"https:\/\/www.monaco-tribune.com\/it\/2022\/01\/limpianto-di-trattamento-delle-acque-reflue-aumenta-la-capienza-per-salvaguardare-il-mediterraneo\/","url":"https:\/\/www.monaco-tribune.com\/it\/2022\/01\/limpianto-di-trattamento-delle-acque-reflue-aumenta-la-capienza-per-salvaguardare-il-mediterraneo\/","name":"L'Impianto di trattamento delle acque reflue aumenta la capienza per salvaguardare il Mediterraneo","isPartOf":{"@id":"https:\/\/www.monaco-tribune.com\/it\/#website"},"primaryImageOfPage":{"@id":"https:\/\/www.monaco-tribune.com\/it\/2022\/01\/limpianto-di-trattamento-delle-acque-reflue-aumenta-la-capienza-per-salvaguardare-il-mediterraneo\/#primaryimage"},"image":{"@id":"https:\/\/www.monaco-tribune.com\/it\/2022\/01\/limpianto-di-trattamento-delle-acque-reflue-aumenta-la-capienza-per-salvaguardare-il-mediterraneo\/#primaryimage"},"thumbnailUrl":"https:\/\/www.monaco-tribune.com\/wp-content\/uploads\/2022\/01\/eaux-usees-monaco-mediterrannee.jpeg","datePublished":"2022-01-27T16:29:49+00:00","dateModified":"2022-01-27T16:29:58+00:00","description":"Il Principe Alberto II si \u00e8 recato presso i nuovi impianti del depuratore. Le iniziative per la salvaguardia del Mediterraneo continuano. Grazie ai lavori","breadcrumb":{"@id":"https:\/\/www.monaco-tribune.com\/it\/2022\/01\/limpianto-di-trattamento-delle-acque-reflue-aumenta-la-capienza-per-salvaguardare-il-mediterraneo\/#breadcrumb"},"inLanguage":"it-IT","potentialAction":[{"@type":"ReadAction","target":["https:\/\/www.monaco-tribune.com\/it\/2022\/01\/limpianto-di-trattamento-delle-acque-reflue-aumenta-la-capienza-per-salvaguardare-il-mediterraneo\/"]}]},{"@type":"ImageObject","inLanguage":"it-IT","@id":"https:\/\/www.monaco-tribune.com\/it\/2022\/01\/limpianto-di-trattamento-delle-acque-reflue-aumenta-la-capienza-per-salvaguardare-il-mediterraneo\/#primaryimage","url":"https:\/\/www.monaco-tribune.com\/wp-content\/uploads\/2022\/01\/eaux-usees-monaco-mediterrannee.jpeg","contentUrl":"https:\/\/www.monaco-tribune.com\/wp-content\/uploads\/2022\/01\/eaux-usees-monaco-mediterrannee.jpeg","width":1200,"height":800,"caption":"Direzione della Comunicazione \/ Michael Alesi"},{"@type":"BreadcrumbList","@id":"https:\/\/www.monaco-tribune.com\/it\/2022\/01\/limpianto-di-trattamento-delle-acque-reflue-aumenta-la-capienza-per-salvaguardare-il-mediterraneo\/#breadcrumb","itemListElement":[{"@type":"ListItem","position":1,"name":"Accueil","item":"https:\/\/www.monaco-tribune.com\/it\/"},{"@type":"ListItem","position":2,"name":"L&rsquo;Impianto di trattamento delle acque reflue aumenta la capienza per salvaguardare il Mediterraneo"}]},{"@type":"WebSite","@id":"https:\/\/www.monaco-tribune.com\/it\/#website","url":"https:\/\/www.monaco-tribune.com\/it\/","name":"Monaco Tribune","description":"Monaco : actualit\u00e9s \u00e9conomiques, politiques, culturelles et sportives de Monaco et de la French Riviera.","publisher":{"@id":"https:\/\/www.monaco-tribune.com\/it\/#organization"},"potentialAction":[{"@type":"SearchAction","target":{"@type":"EntryPoint","urlTemplate":"https:\/\/www.monaco-tribune.com\/it\/?s={search_term_string}"},"query-input":{"@type":"PropertyValueSpecification","valueRequired":true,"valueName":"search_term_string"}}],"inLanguage":"it-IT"},{"@type":"Organization","@id":"https:\/\/www.monaco-tribune.com\/it\/#organization","name":"Monaco Tribune","url":"https:\/\/www.monaco-tribune.com\/it\/","logo":{"@type":"ImageObject","inLanguage":"it-IT","@id":"https:\/\/www.monaco-tribune.com\/it\/#\/schema\/logo\/image\/","url":"https:\/\/www.monaco-tribune.com\/wp-content\/uploads\/2022\/11\/logo-monaco-tribune.png","contentUrl":"https:\/\/www.monaco-tribune.com\/wp-content\/uploads\/2022\/11\/logo-monaco-tribune.png","width":1548,"height":600,"caption":"Monaco Tribune"},"image":{"@id":"https:\/\/www.monaco-tribune.com\/it\/#\/schema\/logo\/image\/"},"sameAs":["https:\/\/www.facebook.com\/MonacoTribune","https:\/\/x.com\/MonacoTribune","https:\/\/www.instagram.com\/monacotribune\/","https:\/\/www.linkedin.com\/company\/monaco-tribune","https:\/\/www.youtube.com\/channel\/UCHle1MnG6hw1y4lWKijVbMA"]},{"@type":"Person","@id":"https:\/\/www.monaco-tribune.com\/it\/#\/schema\/person\/a855d420fff4d03637641d60b93ac62e","name":"Camille Esteve","image":{"@type":"ImageObject","inLanguage":"it-IT","@id":"https:\/\/secure.gravatar.com\/avatar\/eaaa2355a7bb56c0018a391c20a55bf9b4690e3f493231dd850e612bfa6ce161?s=96&d=mm&r=g","url":"https:\/\/secure.gravatar.com\/avatar\/eaaa2355a7bb56c0018a391c20a55bf9b4690e3f493231dd850e612bfa6ce161?s=96&d=mm&r=g","contentUrl":"https:\/\/secure.gravatar.com\/avatar\/eaaa2355a7bb56c0018a391c20a55bf9b4690e3f493231dd850e612bfa6ce161?s=96&d=mm&r=g","caption":"Camille Esteve"},"url":"https:\/\/www.monaco-tribune.com\/it\/author\/camilleesteve\/"}]}},"_links":{"self":[{"href":"https:\/\/www.monaco-tribune.com\/it\/wp-json\/wp\/v2\/posts\/108909","targetHints":{"allow":["GET"]}}],"collection":[{"href":"https:\/\/www.monaco-tribune.com\/it\/wp-json\/wp\/v2\/posts"}],"about":[{"href":"https:\/\/www.monaco-tribune.com\/it\/wp-json\/wp\/v2\/types\/post"}],"author":[{"embeddable":true,"href":"https:\/\/www.monaco-tribune.com\/it\/wp-json\/wp\/v2\/users\/60"}],"replies":[{"embeddable":true,"href":"https:\/\/www.monaco-tribune.com\/it\/wp-json\/wp\/v2\/comments?post=108909"}],"version-history":[{"count":0,"href":"https:\/\/www.monaco-tribune.com\/it\/wp-json\/wp\/v2\/posts\/108909\/revisions"}],"wp:featuredmedia":[{"embeddable":true,"href":"https:\/\/www.monaco-tribune.com\/it\/wp-json\/wp\/v2\/media\/108855"}],"wp:attachment":[{"href":"https:\/\/www.monaco-tribune.com\/it\/wp-json\/wp\/v2\/media?parent=108909"}],"wp:term":[{"taxonomy":"category","embeddable":true,"href":"https:\/\/www.monaco-tribune.com\/it\/wp-json\/wp\/v2\/categories?post=108909"},{"taxonomy":"post_tag","embeddable":true,"href":"https:\/\/www.monaco-tribune.com\/it\/wp-json\/wp\/v2\/tags?post=108909"},{"taxonomy":"sectag","embeddable":true,"href":"https:\/\/www.monaco-tribune.com\/it\/wp-json\/wp\/v2\/post_sectags?post=108909"},{"taxonomy":"format","embeddable":true,"href":"https:\/\/www.monaco-tribune.com\/it\/wp-json\/wp\/v2\/post_format?post=108909"}],"curies":[{"name":"wp","href":"https:\/\/api.w.org\/{rel}","templated":true}]}}