{"id":109248,"date":"2022-01-31T12:18:45","date_gmt":"2022-01-31T11:18:45","guid":{"rendered":"https:\/\/www.monaco-tribune.com\/2022\/01\/coppa-di-francia-lavventura-dellas-monaco-continua\/"},"modified":"2022-01-31T12:18:52","modified_gmt":"2022-01-31T11:18:52","slug":"coppa-di-francia-lavventura-dellas-monaco-continua","status":"publish","type":"post","link":"https:\/\/www.monaco-tribune.com\/it\/2022\/01\/coppa-di-francia-lavventura-dellas-monaco-continua\/","title":{"rendered":"Coppa di Francia: l&#8217;avventura dell&#8217;AS Monaco continua"},"content":{"rendered":"\n<p><strong>Con la vittoria sull&#8217;RC Lens questa domenica sera (2-4), l&#8217;AS Monaco si \u00e8 qualificata per i quarti di finale della Coppa di Francia.<\/strong><\/p>\n\n<h2 class=\"wp-block-heading\" id=\"h-le-match-2-4\">La partita: 2-4<\/h2>\n\n<p>Al termine di un incontro spettacolare all&#8217;insegna delle reti, i ragazzi di Clement sono riusciti a battere l&#8217;RC Lens e a strappargli il pass per i quarti di finale della Coppa di Francia.<\/p>\n\n<p>Dopo un inizio di partita perfetto, con tre gol segnati in soli undici minuti, i monegaschi se la sono vista brutta quando Wesley Sa\u00efd ha tentato una rete poco prima dell&#8217;intervallo (45\u2032).<\/p>\n\n<p><strong>&gt;&gt; LEGGI ANCHE: <\/strong><a href=\"https:\/\/www.monaco-tribune.com\/it\/2022\/01\/philippe-clement-il-nuovo-allenatore-del-monaco-dichiara-vorrei-che-formassimo-una-famiglia\/\">Philippe Clement, il nuovo allenatore del Monaco: \u201cVoglio che formiamo una famiglia\u201d<\/a><\/p>\n\n<p>Nonostante Wissam Ben Yedder (18\u2032), Jean Lucas (26\u2032) e Sofiane Diop (29\u2032) avessero dato un bel vantaggio ai monegaschi, gli avversari hanno ripreso in mano il gioco al rientro dagli spogliatoi con un gol di Arnaud Kalimuendo (53\u2032).<\/p>\n\n<p>Dominante, il Lens ha spinto per il pareggio, ma i compagni di Aur\u00e9lien Tchouam\u00e9ni non si sono arresi e hanno finito per segnare un quarto gol grazie a Ben Yedder (88\u2032). \u00c8 sufficiente per guadagnarsi il pass per il prossimo round. Dopo la finale dello scorso anno, l&#8217;AS Monaco sembra sulla buona strada per una nuova avventura in Coppa di Francia.<\/p>\n\n<h2 class=\"wp-block-heading\">Il giocatore: ancora una volta Wissam Ben Yedder<\/h2>\n\n<p>\u00c8 inarrestabile. Capocannoniere della Ligue 1 con 13 gol, il capitano dell&#8217;AS Monaco ha segnato il suo 4\u00b0 e 5\u00b0 gol in Coppa di Francia. Artefice del vantaggio con un colpo di testa su un passaggio perfetto di Caio Henrique, il calciatore francese si \u00e8 portato a casa una doppietta segnando la rete decisiva a fine partita su un cross perfettamente eseguito. E c&#8217;\u00e8 sempre lui dietro il gol di Sofiane Diop, con un uno-due con Jean Lucas. Ancora una volta una partita piena d&#8217;azione per l&#8217;indispensabile attaccante monegasco.<\/p>\n\n<p><strong>&gt;&gt; LEGGI ANCHE: <\/strong><a href=\"https:\/\/www.monaco-tribune.com\/it\/2022\/01\/ligue-1-as-monaco-sconfitta-sul-campo-del-montpellier\/\">Ligue 1: AS Monaco sconfitta sul campo del Montpellier<\/a><\/p>\n\n<h2 class=\"wp-block-heading\">La performance: un Jean Lucas decisivo<\/h2>\n\n<p>Il centrocampista brasiliano, schierato al calcio d&#8217;inizio al fianco di Aur\u00e9lien Tchouam\u00e9ni, \u00e8 stato decisivo nella vittoria contro l&#8217;RC Lens. Dopo aver segnato con un tiro di destra su un servizio di Gelson Martins (26\u2032), Jean Lucas ha poi servito Sofiane Diop dopo un magnifico uno-due con Wissam Ben Yedder (29\u2032). Arrivato quest&#8217;estate nella Rocca, il brasiliano si sta facendo strada nel cuore di Philippe Clement.<\/p>\n\n<h2 class=\"wp-block-heading\">Il numero: 19<\/h2>\n\n<p>Come il numero di gol segnati da Wissam Ben Yedder in questa stagione in tutte le competizioni.<\/p>\n\n<h2 class=\"wp-block-heading\">La frase: \u201cPerch\u00e9 non arrivare in finale come l&#8217;anno scorso? &#8220;<\/h2>\n\n<p><strong>Wissam Ben Yedder<\/strong>: \u201cSiamo molto felici di questa qualificazione. Gli ottavi di finale della Coppa di Francia non sono mai facili. L&#8217;abbiamo visto. Eravamo in vantaggio di tre gol, ma quello subito prima dell&#8217;intervallo \u00e8 stato pesante. Sapevamo che sarebbero tornati spingendo in area e cercando di segnare il pi\u00f9 velocemente possibile, cosa che sono riusciti a fare. La qualificazione si \u00e8 giocata sui piccoli dettagli. \u00c8 bello poter continuare l&#8217;avventura. E perch\u00e9 non arrivare in finale come l&#8217;anno scorso? &#8220;<\/p>\n","protected":false},"excerpt":{"rendered":"<p>Con la vittoria sull&#8217;RC Lens questa domenica sera (2-4), l&#8217;AS Monaco si \u00e8 qualificata per i quarti di finale della [&hellip;]<\/p>\n","protected":false},"author":24,"featured_media":109193,"comment_status":"closed","ping_status":"closed","sticky":false,"template":"","format":"standard","meta":{"_acf_changed":false,"footnotes":""},"categories":[1738,1743],"tags":[2846],"post_sectags":[],"post_format":[2478],"class_list":["post-109248","post","type-post","status-publish","format-standard","has-post-thumbnail","hentry","category-notizie","category-sport-it","tag-as-monaco-it-2","format-notizia"],"acf":[],"yoast_head":"<!-- This site is optimized with the Yoast SEO Premium plugin v27.5 (Yoast SEO v27.5) - https:\/\/yoast.com\/product\/yoast-seo-premium-wordpress\/ -->\n<title>Coppa di Francia: l&#039;avventura dell&#039;AS Monaco continua<\/title>\n<meta name=\"description\" content=\"Con la vittoria sull&#039;RC Lens questa domenica sera (2-4), l&#039;AS Monaco si \u00e8 qualificata per i quarti di finale della Coppa di Francia. La partita: 2-4 Al\" \/>\n<meta name=\"robots\" content=\"index, follow, max-snippet:-1, max-image-preview:large, max-video-preview:-1\" \/>\n<link rel=\"canonical\" href=\"https:\/\/www.monaco-tribune.com\/it\/2022\/01\/coppa-di-francia-lavventura-dellas-monaco-continua\/\" \/>\n<meta property=\"og:locale\" content=\"it_IT\" \/>\n<meta property=\"og:type\" content=\"article\" \/>\n<meta property=\"og:title\" content=\"Coppa di Francia: l&#039;avventura dell&#039;AS Monaco continua - Monaco Tribune\" \/>\n<meta property=\"og:description\" content=\"Con la vittoria sull&#039;RC Lens questa domenica sera (2-4), l&#039;AS Monaco si \u00e8 qualificata per i quarti di finale della Coppa di Francia. La partita: 2-4 Al\" \/>\n<meta property=\"og:url\" content=\"https:\/\/www.monaco-tribune.com\/it\/2022\/01\/coppa-di-francia-lavventura-dellas-monaco-continua\/\" \/>\n<meta property=\"og:site_name\" content=\"Monaco Tribune\" \/>\n<meta property=\"article:publisher\" content=\"https:\/\/www.facebook.com\/MonacoTribune\" \/>\n<meta property=\"article:published_time\" content=\"2022-01-31T11:18:45+00:00\" \/>\n<meta property=\"article:modified_time\" content=\"2022-01-31T11:18:52+00:00\" \/>\n<meta property=\"og:image\" content=\"https:\/\/www.monaco-tribune.com\/wp-content\/uploads\/2022\/01\/as-monaco-min-2.jpg\" \/>\n\t<meta property=\"og:image:width\" content=\"1024\" \/>\n\t<meta property=\"og:image:height\" content=\"574\" \/>\n\t<meta property=\"og:image:type\" content=\"image\/jpeg\" \/>\n<meta name=\"author\" content=\"Romain Boisaubert\" \/>\n<meta name=\"twitter:card\" content=\"summary_large_image\" \/>\n<meta name=\"twitter:creator\" content=\"@MonacoTribune\" \/>\n<meta name=\"twitter:site\" content=\"@MonacoTribune\" \/>\n<script type=\"application\/ld+json\" class=\"yoast-schema-graph\">{\"@context\":\"https:\\\/\\\/schema.org\",\"@graph\":[{\"@type\":\"NewsArticle\",\"@id\":\"https:\\\/\\\/www.monaco-tribune.com\\\/it\\\/2022\\\/01\\\/coppa-di-francia-lavventura-dellas-monaco-continua\\\/#article\",\"isPartOf\":{\"@id\":\"https:\\\/\\\/www.monaco-tribune.com\\\/it\\\/2022\\\/01\\\/coppa-di-francia-lavventura-dellas-monaco-continua\\\/\"},\"author\":{\"name\":\"Romain Boisaubert\",\"@id\":\"https:\\\/\\\/www.monaco-tribune.com\\\/it\\\/#\\\/schema\\\/person\\\/330a3732947cf8cb41b2533a0eadd62e\"},\"headline\":\"Coppa di Francia: l&#8217;avventura dell&#8217;AS Monaco continua\",\"datePublished\":\"2022-01-31T11:18:45+00:00\",\"dateModified\":\"2022-01-31T11:18:52+00:00\",\"mainEntityOfPage\":{\"@id\":\"https:\\\/\\\/www.monaco-tribune.com\\\/it\\\/2022\\\/01\\\/coppa-di-francia-lavventura-dellas-monaco-continua\\\/\"},\"wordCount\":507,\"publisher\":{\"@id\":\"https:\\\/\\\/www.monaco-tribune.com\\\/it\\\/#organization\"},\"image\":{\"@id\":\"https:\\\/\\\/www.monaco-tribune.com\\\/it\\\/2022\\\/01\\\/coppa-di-francia-lavventura-dellas-monaco-continua\\\/#primaryimage\"},\"thumbnailUrl\":\"https:\\\/\\\/www.monaco-tribune.com\\\/wp-content\\\/uploads\\\/2022\\\/01\\\/as-monaco-min-2.jpg\",\"keywords\":[\"AS Monaco\"],\"articleSection\":[\"Notizie\",\"Sport\"],\"inLanguage\":\"it-IT\",\"copyrightYear\":\"2022\",\"copyrightHolder\":{\"@id\":\"https:\\\/\\\/www.monaco-tribune.com\\\/#organization\"}},{\"@type\":\"WebPage\",\"@id\":\"https:\\\/\\\/www.monaco-tribune.com\\\/it\\\/2022\\\/01\\\/coppa-di-francia-lavventura-dellas-monaco-continua\\\/\",\"url\":\"https:\\\/\\\/www.monaco-tribune.com\\\/it\\\/2022\\\/01\\\/coppa-di-francia-lavventura-dellas-monaco-continua\\\/\",\"name\":\"Coppa di Francia: l'avventura dell'AS Monaco continua\",\"isPartOf\":{\"@id\":\"https:\\\/\\\/www.monaco-tribune.com\\\/it\\\/#website\"},\"primaryImageOfPage\":{\"@id\":\"https:\\\/\\\/www.monaco-tribune.com\\\/it\\\/2022\\\/01\\\/coppa-di-francia-lavventura-dellas-monaco-continua\\\/#primaryimage\"},\"image\":{\"@id\":\"https:\\\/\\\/www.monaco-tribune.com\\\/it\\\/2022\\\/01\\\/coppa-di-francia-lavventura-dellas-monaco-continua\\\/#primaryimage\"},\"thumbnailUrl\":\"https:\\\/\\\/www.monaco-tribune.com\\\/wp-content\\\/uploads\\\/2022\\\/01\\\/as-monaco-min-2.jpg\",\"datePublished\":\"2022-01-31T11:18:45+00:00\",\"dateModified\":\"2022-01-31T11:18:52+00:00\",\"description\":\"Con la vittoria sull'RC Lens questa domenica sera (2-4), l'AS Monaco si \u00e8 qualificata per i quarti di finale della Coppa di Francia. La partita: 2-4 Al\",\"breadcrumb\":{\"@id\":\"https:\\\/\\\/www.monaco-tribune.com\\\/it\\\/2022\\\/01\\\/coppa-di-francia-lavventura-dellas-monaco-continua\\\/#breadcrumb\"},\"inLanguage\":\"it-IT\",\"potentialAction\":[{\"@type\":\"ReadAction\",\"target\":[\"https:\\\/\\\/www.monaco-tribune.com\\\/it\\\/2022\\\/01\\\/coppa-di-francia-lavventura-dellas-monaco-continua\\\/\"]}]},{\"@type\":\"ImageObject\",\"inLanguage\":\"it-IT\",\"@id\":\"https:\\\/\\\/www.monaco-tribune.com\\\/it\\\/2022\\\/01\\\/coppa-di-francia-lavventura-dellas-monaco-continua\\\/#primaryimage\",\"url\":\"https:\\\/\\\/www.monaco-tribune.com\\\/wp-content\\\/uploads\\\/2022\\\/01\\\/as-monaco-min-2.jpg\",\"contentUrl\":\"https:\\\/\\\/www.monaco-tribune.com\\\/wp-content\\\/uploads\\\/2022\\\/01\\\/as-monaco-min-2.jpg\",\"width\":1024,\"height\":574,\"caption\":\"AS Monaco\"},{\"@type\":\"BreadcrumbList\",\"@id\":\"https:\\\/\\\/www.monaco-tribune.com\\\/it\\\/2022\\\/01\\\/coppa-di-francia-lavventura-dellas-monaco-continua\\\/#breadcrumb\",\"itemListElement\":[{\"@type\":\"ListItem\",\"position\":1,\"name\":\"Accueil\",\"item\":\"https:\\\/\\\/www.monaco-tribune.com\\\/it\\\/\"},{\"@type\":\"ListItem\",\"position\":2,\"name\":\"Coppa di Francia: l&rsquo;avventura dell&rsquo;AS Monaco continua\"}]},{\"@type\":\"WebSite\",\"@id\":\"https:\\\/\\\/www.monaco-tribune.com\\\/it\\\/#website\",\"url\":\"https:\\\/\\\/www.monaco-tribune.com\\\/it\\\/\",\"name\":\"Monaco Tribune\",\"description\":\"Monaco : actualit\u00e9s \u00e9conomiques, politiques, culturelles et sportives de Monaco et de la French Riviera.\",\"publisher\":{\"@id\":\"https:\\\/\\\/www.monaco-tribune.com\\\/it\\\/#organization\"},\"potentialAction\":[{\"@type\":\"SearchAction\",\"target\":{\"@type\":\"EntryPoint\",\"urlTemplate\":\"https:\\\/\\\/www.monaco-tribune.com\\\/it\\\/?s={search_term_string}\"},\"query-input\":{\"@type\":\"PropertyValueSpecification\",\"valueRequired\":true,\"valueName\":\"search_term_string\"}}],\"inLanguage\":\"it-IT\"},{\"@type\":\"Organization\",\"@id\":\"https:\\\/\\\/www.monaco-tribune.com\\\/it\\\/#organization\",\"name\":\"Monaco Tribune\",\"url\":\"https:\\\/\\\/www.monaco-tribune.com\\\/it\\\/\",\"logo\":{\"@type\":\"ImageObject\",\"inLanguage\":\"it-IT\",\"@id\":\"https:\\\/\\\/www.monaco-tribune.com\\\/it\\\/#\\\/schema\\\/logo\\\/image\\\/\",\"url\":\"https:\\\/\\\/www.monaco-tribune.com\\\/wp-content\\\/uploads\\\/2022\\\/11\\\/logo-monaco-tribune.png\",\"contentUrl\":\"https:\\\/\\\/www.monaco-tribune.com\\\/wp-content\\\/uploads\\\/2022\\\/11\\\/logo-monaco-tribune.png\",\"width\":1548,\"height\":600,\"caption\":\"Monaco Tribune\"},\"image\":{\"@id\":\"https:\\\/\\\/www.monaco-tribune.com\\\/it\\\/#\\\/schema\\\/logo\\\/image\\\/\"},\"sameAs\":[\"https:\\\/\\\/www.facebook.com\\\/MonacoTribune\",\"https:\\\/\\\/x.com\\\/MonacoTribune\",\"https:\\\/\\\/www.instagram.com\\\/monacotribune\\\/\",\"https:\\\/\\\/www.linkedin.com\\\/company\\\/monaco-tribune\",\"https:\\\/\\\/www.youtube.com\\\/channel\\\/UCHle1MnG6hw1y4lWKijVbMA\"]},{\"@type\":\"Person\",\"@id\":\"https:\\\/\\\/www.monaco-tribune.com\\\/it\\\/#\\\/schema\\\/person\\\/330a3732947cf8cb41b2533a0eadd62e\",\"name\":\"Romain Boisaubert\",\"image\":{\"@type\":\"ImageObject\",\"inLanguage\":\"it-IT\",\"@id\":\"https:\\\/\\\/secure.gravatar.com\\\/avatar\\\/f8b90d41f1eabd1cbe4cf59e09d8db41a697d51919bf2dfe727589a24a4a4d54?s=96&d=mm&r=g\",\"url\":\"https:\\\/\\\/secure.gravatar.com\\\/avatar\\\/f8b90d41f1eabd1cbe4cf59e09d8db41a697d51919bf2dfe727589a24a4a4d54?s=96&d=mm&r=g\",\"contentUrl\":\"https:\\\/\\\/secure.gravatar.com\\\/avatar\\\/f8b90d41f1eabd1cbe4cf59e09d8db41a697d51919bf2dfe727589a24a4a4d54?s=96&d=mm&r=g\",\"caption\":\"Romain Boisaubert\"},\"description\":\"Test bio\",\"url\":\"https:\\\/\\\/www.monaco-tribune.com\\\/it\\\/author\\\/romain-boisaubert\\\/\"}]}<\/script>\n<!-- \/ Yoast SEO Premium plugin. -->","yoast_head_json":{"title":"Coppa di Francia: l'avventura dell'AS Monaco continua","description":"Con la vittoria sull'RC Lens questa domenica sera (2-4), l'AS Monaco si \u00e8 qualificata per i quarti di finale della Coppa di Francia. La partita: 2-4 Al","robots":{"index":"index","follow":"follow","max-snippet":"max-snippet:-1","max-image-preview":"max-image-preview:large","max-video-preview":"max-video-preview:-1"},"canonical":"https:\/\/www.monaco-tribune.com\/it\/2022\/01\/coppa-di-francia-lavventura-dellas-monaco-continua\/","og_locale":"it_IT","og_type":"article","og_title":"Coppa di Francia: l'avventura dell'AS Monaco continua - Monaco Tribune","og_description":"Con la vittoria sull'RC Lens questa domenica sera (2-4), l'AS Monaco si \u00e8 qualificata per i quarti di finale della Coppa di Francia. La partita: 2-4 Al","og_url":"https:\/\/www.monaco-tribune.com\/it\/2022\/01\/coppa-di-francia-lavventura-dellas-monaco-continua\/","og_site_name":"Monaco Tribune","article_publisher":"https:\/\/www.facebook.com\/MonacoTribune","article_published_time":"2022-01-31T11:18:45+00:00","article_modified_time":"2022-01-31T11:18:52+00:00","og_image":[{"width":1024,"height":574,"url":"https:\/\/www.monaco-tribune.com\/wp-content\/uploads\/2022\/01\/as-monaco-min-2.jpg","type":"image\/jpeg"}],"author":"Romain Boisaubert","twitter_card":"summary_large_image","twitter_creator":"@MonacoTribune","twitter_site":"@MonacoTribune","schema":{"@context":"https:\/\/schema.org","@graph":[{"@type":"NewsArticle","@id":"https:\/\/www.monaco-tribune.com\/it\/2022\/01\/coppa-di-francia-lavventura-dellas-monaco-continua\/#article","isPartOf":{"@id":"https:\/\/www.monaco-tribune.com\/it\/2022\/01\/coppa-di-francia-lavventura-dellas-monaco-continua\/"},"author":{"name":"Romain Boisaubert","@id":"https:\/\/www.monaco-tribune.com\/it\/#\/schema\/person\/330a3732947cf8cb41b2533a0eadd62e"},"headline":"Coppa di Francia: l&#8217;avventura dell&#8217;AS Monaco continua","datePublished":"2022-01-31T11:18:45+00:00","dateModified":"2022-01-31T11:18:52+00:00","mainEntityOfPage":{"@id":"https:\/\/www.monaco-tribune.com\/it\/2022\/01\/coppa-di-francia-lavventura-dellas-monaco-continua\/"},"wordCount":507,"publisher":{"@id":"https:\/\/www.monaco-tribune.com\/it\/#organization"},"image":{"@id":"https:\/\/www.monaco-tribune.com\/it\/2022\/01\/coppa-di-francia-lavventura-dellas-monaco-continua\/#primaryimage"},"thumbnailUrl":"https:\/\/www.monaco-tribune.com\/wp-content\/uploads\/2022\/01\/as-monaco-min-2.jpg","keywords":["AS Monaco"],"articleSection":["Notizie","Sport"],"inLanguage":"it-IT","copyrightYear":"2022","copyrightHolder":{"@id":"https:\/\/www.monaco-tribune.com\/#organization"}},{"@type":"WebPage","@id":"https:\/\/www.monaco-tribune.com\/it\/2022\/01\/coppa-di-francia-lavventura-dellas-monaco-continua\/","url":"https:\/\/www.monaco-tribune.com\/it\/2022\/01\/coppa-di-francia-lavventura-dellas-monaco-continua\/","name":"Coppa di Francia: l'avventura dell'AS Monaco continua","isPartOf":{"@id":"https:\/\/www.monaco-tribune.com\/it\/#website"},"primaryImageOfPage":{"@id":"https:\/\/www.monaco-tribune.com\/it\/2022\/01\/coppa-di-francia-lavventura-dellas-monaco-continua\/#primaryimage"},"image":{"@id":"https:\/\/www.monaco-tribune.com\/it\/2022\/01\/coppa-di-francia-lavventura-dellas-monaco-continua\/#primaryimage"},"thumbnailUrl":"https:\/\/www.monaco-tribune.com\/wp-content\/uploads\/2022\/01\/as-monaco-min-2.jpg","datePublished":"2022-01-31T11:18:45+00:00","dateModified":"2022-01-31T11:18:52+00:00","description":"Con la vittoria sull'RC Lens questa domenica sera (2-4), l'AS Monaco si \u00e8 qualificata per i quarti di finale della Coppa di Francia. La partita: 2-4 Al","breadcrumb":{"@id":"https:\/\/www.monaco-tribune.com\/it\/2022\/01\/coppa-di-francia-lavventura-dellas-monaco-continua\/#breadcrumb"},"inLanguage":"it-IT","potentialAction":[{"@type":"ReadAction","target":["https:\/\/www.monaco-tribune.com\/it\/2022\/01\/coppa-di-francia-lavventura-dellas-monaco-continua\/"]}]},{"@type":"ImageObject","inLanguage":"it-IT","@id":"https:\/\/www.monaco-tribune.com\/it\/2022\/01\/coppa-di-francia-lavventura-dellas-monaco-continua\/#primaryimage","url":"https:\/\/www.monaco-tribune.com\/wp-content\/uploads\/2022\/01\/as-monaco-min-2.jpg","contentUrl":"https:\/\/www.monaco-tribune.com\/wp-content\/uploads\/2022\/01\/as-monaco-min-2.jpg","width":1024,"height":574,"caption":"AS Monaco"},{"@type":"BreadcrumbList","@id":"https:\/\/www.monaco-tribune.com\/it\/2022\/01\/coppa-di-francia-lavventura-dellas-monaco-continua\/#breadcrumb","itemListElement":[{"@type":"ListItem","position":1,"name":"Accueil","item":"https:\/\/www.monaco-tribune.com\/it\/"},{"@type":"ListItem","position":2,"name":"Coppa di Francia: l&rsquo;avventura dell&rsquo;AS Monaco continua"}]},{"@type":"WebSite","@id":"https:\/\/www.monaco-tribune.com\/it\/#website","url":"https:\/\/www.monaco-tribune.com\/it\/","name":"Monaco Tribune","description":"Monaco : actualit\u00e9s \u00e9conomiques, politiques, culturelles et sportives de Monaco et de la French Riviera.","publisher":{"@id":"https:\/\/www.monaco-tribune.com\/it\/#organization"},"potentialAction":[{"@type":"SearchAction","target":{"@type":"EntryPoint","urlTemplate":"https:\/\/www.monaco-tribune.com\/it\/?s={search_term_string}"},"query-input":{"@type":"PropertyValueSpecification","valueRequired":true,"valueName":"search_term_string"}}],"inLanguage":"it-IT"},{"@type":"Organization","@id":"https:\/\/www.monaco-tribune.com\/it\/#organization","name":"Monaco Tribune","url":"https:\/\/www.monaco-tribune.com\/it\/","logo":{"@type":"ImageObject","inLanguage":"it-IT","@id":"https:\/\/www.monaco-tribune.com\/it\/#\/schema\/logo\/image\/","url":"https:\/\/www.monaco-tribune.com\/wp-content\/uploads\/2022\/11\/logo-monaco-tribune.png","contentUrl":"https:\/\/www.monaco-tribune.com\/wp-content\/uploads\/2022\/11\/logo-monaco-tribune.png","width":1548,"height":600,"caption":"Monaco Tribune"},"image":{"@id":"https:\/\/www.monaco-tribune.com\/it\/#\/schema\/logo\/image\/"},"sameAs":["https:\/\/www.facebook.com\/MonacoTribune","https:\/\/x.com\/MonacoTribune","https:\/\/www.instagram.com\/monacotribune\/","https:\/\/www.linkedin.com\/company\/monaco-tribune","https:\/\/www.youtube.com\/channel\/UCHle1MnG6hw1y4lWKijVbMA"]},{"@type":"Person","@id":"https:\/\/www.monaco-tribune.com\/it\/#\/schema\/person\/330a3732947cf8cb41b2533a0eadd62e","name":"Romain Boisaubert","image":{"@type":"ImageObject","inLanguage":"it-IT","@id":"https:\/\/secure.gravatar.com\/avatar\/f8b90d41f1eabd1cbe4cf59e09d8db41a697d51919bf2dfe727589a24a4a4d54?s=96&d=mm&r=g","url":"https:\/\/secure.gravatar.com\/avatar\/f8b90d41f1eabd1cbe4cf59e09d8db41a697d51919bf2dfe727589a24a4a4d54?s=96&d=mm&r=g","contentUrl":"https:\/\/secure.gravatar.com\/avatar\/f8b90d41f1eabd1cbe4cf59e09d8db41a697d51919bf2dfe727589a24a4a4d54?s=96&d=mm&r=g","caption":"Romain Boisaubert"},"description":"Test bio","url":"https:\/\/www.monaco-tribune.com\/it\/author\/romain-boisaubert\/"}]}},"_links":{"self":[{"href":"https:\/\/www.monaco-tribune.com\/it\/wp-json\/wp\/v2\/posts\/109248","targetHints":{"allow":["GET"]}}],"collection":[{"href":"https:\/\/www.monaco-tribune.com\/it\/wp-json\/wp\/v2\/posts"}],"about":[{"href":"https:\/\/www.monaco-tribune.com\/it\/wp-json\/wp\/v2\/types\/post"}],"author":[{"embeddable":true,"href":"https:\/\/www.monaco-tribune.com\/it\/wp-json\/wp\/v2\/users\/24"}],"replies":[{"embeddable":true,"href":"https:\/\/www.monaco-tribune.com\/it\/wp-json\/wp\/v2\/comments?post=109248"}],"version-history":[{"count":0,"href":"https:\/\/www.monaco-tribune.com\/it\/wp-json\/wp\/v2\/posts\/109248\/revisions"}],"wp:featuredmedia":[{"embeddable":true,"href":"https:\/\/www.monaco-tribune.com\/it\/wp-json\/wp\/v2\/media\/109193"}],"wp:attachment":[{"href":"https:\/\/www.monaco-tribune.com\/it\/wp-json\/wp\/v2\/media?parent=109248"}],"wp:term":[{"taxonomy":"category","embeddable":true,"href":"https:\/\/www.monaco-tribune.com\/it\/wp-json\/wp\/v2\/categories?post=109248"},{"taxonomy":"post_tag","embeddable":true,"href":"https:\/\/www.monaco-tribune.com\/it\/wp-json\/wp\/v2\/tags?post=109248"},{"taxonomy":"sectag","embeddable":true,"href":"https:\/\/www.monaco-tribune.com\/it\/wp-json\/wp\/v2\/post_sectags?post=109248"},{"taxonomy":"format","embeddable":true,"href":"https:\/\/www.monaco-tribune.com\/it\/wp-json\/wp\/v2\/post_format?post=109248"}],"curies":[{"name":"wp","href":"https:\/\/api.w.org\/{rel}","templated":true}]}}