{"id":109462,"date":"2022-02-02T17:04:23","date_gmt":"2022-02-02T16:04:23","guid":{"rendered":"https:\/\/www.monaco-tribune.com\/2022\/02\/4-iniziative-del-principato-contro-la-violenza-sulle-donne\/"},"modified":"2022-02-02T17:50:14","modified_gmt":"2022-02-02T16:50:14","slug":"4-iniziative-del-principato-contro-la-violenza-sulle-donne","status":"publish","type":"post","link":"https:\/\/www.monaco-tribune.com\/it\/2022\/02\/4-iniziative-del-principato-contro-la-violenza-sulle-donne\/","title":{"rendered":"4 iniziative del Principato contro la violenza sulle donne"},"content":{"rendered":"\n<p><strong>\u201cVigilanza\u201d e \u201cmobilitazione\u201d sono le parole d&#8217;ordine del Comitato per i diritti delle donne di Monaco.<\/strong><\/p>\n\n\n\n<p>\u201cIl 2021 \u00e8 stato l&#8217;anno dell&#8217;azione, il 2022 sar\u00e0 l&#8217;anno del consolidamento\u201d. Questo marted\u00ec 1 febbraio, Isabelle Berro-Amade\u00ef, nuova Presidente del Comitato per la Promozione e la Protezione dei Diritti della Donna e Consigliere di Governo-Ministro delle Relazioni Estere e della Cooperazione, e C\u00e9line Cottalorda, Delegata Interministeriale per la Promozione e la tutela dei diritti delle donne, hanno presentato un bilancio piuttosto incoraggiante.<\/p>\n\n\n\n<p>Secondo un recente studio dell&#8217;IMSEE, i casi di violenza sulle donne registrati dalla Pubblica Sicurezza sono stati 23, <a href=\"https:\/\/www.monaco-tribune.com\/it\/2021\/02\/violenza-sulle-donne-nel-2020-il-report-di-monaco\/\">contro i 39 del 2020<\/a>. Nello stesso arco di tempo, i casi individuati dal CHPG sono diminuiti del 22%. Gli artefici di questo genere di violenze sono soprattutto i coniugi o gli ex coniugi delle vittime.<\/p>\n\n\n\n<p>I numeri sono in calo, certo, ma C\u00e9line Cottalorda invita alla prudenza. Che sia per paura o per ignoranza, non tutte le donne purtroppo sporgono denuncia. Per questo il Principato vuole fornire quante pi\u00f9 soluzioni possibili, per occuparsi delle vittime ma anche degli autori di queste violenze.<\/p>\n\n\n\n<p><strong>LEGGI ANCHE<\/strong>: <a href=\"https:\/\/www.monaco-tribune.com\/it\/2022\/01\/noi-stessi-siamo-rimasti-sorpresi-da-numeri-cosi-bassi-i-tre-dati-principali-sulla-sicurezza-a-monaco\/\">\u201cNoi stessi siamo rimasti sorpresi da numeri cos\u00ec bassi\u201d: i tre dati principali sulla sicurezza a Monaco<\/a><\/p>\n\n\n\n<h4 class=\"has-text-align-center wp-block-heading\" id=\"h-1-former-les-differents-personnels\">1. Formare tutto il personale<\/h4>\n\n\n\n<p>Forze dell&#8217;ordine, assistenti sociali, personale amministrativo, membri dell&#8217;Education Nationale\u2026 Da gennaio 2020, 300 persone sono state formate per accogliere e prendersi cura delle vittime di violenza. La formazione continuer\u00e0 nel 2022 con l&#8217;obiettivo di insegnare a tutto il personale coinvolto a comprendere, riconoscere e prevenire meglio la violenza contro le donne e a condividere i numeri da contattare in caso di necessit\u00e0. Contemporaneamente, il Consiglio nazionale ha approvato due leggi, una sulla punibilit\u00e0 delle aggressioni sessuali, l&#8217;altra sul <a href=\"https:\/\/www.monaco-tribune.com\/it\/2021\/11\/acquisizione-della-nazionalita-e-bullismo-nella-scuola-a-monaco-ce-aria-di-cambiamento\/\">bullismo e la violenza<\/a> nelle scuole.<\/p>\n\n\n\n<div class=\"wp-block-image\"><figure class=\"aligncenter size-full\"><img loading=\"lazy\" decoding=\"async\" width=\"1020\" height=\"680\" src=\"https:\/\/www.monaco-tribune.com\/wp-content\/uploads\/2022\/02\/celine-cottalorda.jpeg\" alt=\"celine-cottalorda\" class=\"wp-image-109422\" srcset=\"https:\/\/www.monaco-tribune.com\/wp-content\/uploads\/2022\/02\/celine-cottalorda.jpeg 1020w, https:\/\/www.monaco-tribune.com\/wp-content\/uploads\/2022\/02\/celine-cottalorda-450x300.jpeg 450w\" sizes=\"auto, (max-width: 1020px) 100vw, 1020px\" \/><figcaption><em>C\u00e9line Cottalorda \u2013 \u00a9 Direzione della Comunicazione \/ Michael Alesi<\/em><\/figcaption><\/figure><\/div>\n\n\n\n<h4 class=\"has-text-align-center wp-block-heading\" id=\"h-2-prendre-en-charge-les-victimes\">2. Occuparsi delle vittime<\/h4>\n\n\n\n<p>Una cosa \u00e8 certa, in caso di violenza la prima cosa da fare \u00e8 proteggere le vittime. Un disegno di legge prevede l&#8217;istituzione di un fondo di risarcimento destinato alle donne che rientrano in alcune circostanze molto specifiche. Nel <a href=\"https:\/\/www.monaco-tribune.com\/it\/2022\/01\/bilancio-2022-quali-sono-gli-ambiti-principali-votati-dal-consiglio-nazionale\/\">bilancio 2022<\/a> sono stati destinati 150.000 euro a questo scopo, ma il testo deve ancora essere discusso al Consiglio nazionale. Nel frattempo, gli alloggi di emergenza gestiti dalla <em>Direction de l&#8217;Action et de l&#8217;Aide Sociales<\/em> (DASO) accolgono le donne costrette a lasciare le loro case. &#8220;Le notti negli hotel con cui siamo convenzionati vengono offerte in casi di urgenza anche a Beausoleil o Cap d&#8217;Ail&#8221;, precisa C\u00e9line Cottalorda.<\/p>\n\n\n\n<blockquote class=\"wp-block-quote is-layout-flow wp-block-quote-is-layout-flow\"><p>Nulla pu\u00f2 essere dato per scontato, dobbiamo mantenere la vigilanza.<\/p><cite><meta charset=\"utf-8\">Isabelle Berro-Amade\u00ef<\/cite><\/blockquote>\n\n\n\n<h4 class=\"has-text-align-center wp-block-heading\" id=\"h-3-sensibiliser-le-grand-public\">3. Sensibilizzare il grande pubblico<\/h4>\n\n\n\n<p>Nelle scuole, nei negozi o per strada: le campagne a favore della causa si sono moltiplicate nel Principato. Laboratori teatrali in classe, conferenze, locandine&#8230; Sono state realizzate diverse campagne, come <a href=\"https:\/\/www.monaco-tribune.com\/it\/2021\/11\/buste-del-pane-contro-la-violenza-domestica-una-buona-iniziativa-che-si-sta-spegnendo\/\">l&#8217;iniziativa delle buste di pane<\/a> o anche <a href=\"https:\/\/www.monaco-tribune.com\/it\/2020\/11\/limpegno-di-monaco-nella-lotta-alla-violenza-sulle-donne\/\">#violencesfemmesjagis<\/a>. L&#8217;obiettivo del Principato \u00e8 quindi quello di sensibilizzare fin dalla tenera et\u00e0 non solo sul tema della violenza, ma anche su quello delle disuguaglianze di genere. \u201cNulla pu\u00f2 essere dato per scontato&#8221;, ricorda Isabelle Berro-Amade\u00ef, &#8220;dobbiamo mantenere la vigilanza. (\u2026) La pandemia ha aggravato le disuguaglianze ed esposto donne e ragazze a maggiori rischi di violenza, ma una crisi non pu\u00f2 giustificarne un&#8217;altra. (\u2026) I diritti delle donne devono essere posti al centro della ripresa economica e sociale&#8221;.<\/p>\n\n\n\n<div class=\"wp-block-image\"><figure class=\"aligncenter size-full\"><img loading=\"lazy\" decoding=\"async\" width=\"1020\" height=\"680\" src=\"https:\/\/www.monaco-tribune.com\/wp-content\/uploads\/2022\/02\/isabelle-berro-amadei.jpeg\" alt=\"isabelle-berro-amadei\" class=\"wp-image-109427\" srcset=\"https:\/\/www.monaco-tribune.com\/wp-content\/uploads\/2022\/02\/isabelle-berro-amadei.jpeg 1020w, https:\/\/www.monaco-tribune.com\/wp-content\/uploads\/2022\/02\/isabelle-berro-amadei-450x300.jpeg 450w\" sizes=\"auto, (max-width: 1020px) 100vw, 1020px\" \/><figcaption><em>Isabelle Berro-Amade\u00ef \u2013 \u00a9 Direzione della Comunicazione \/ Michael Alesi<\/em><\/figcaption><\/figure><\/div>\n\n\n\n<h4 class=\"has-text-align-center wp-block-heading\" id=\"h-4-responsabiliser-les-auteurs-de-violence\">4. Occuparsi degli autori delle violenze<\/h4>\n\n\n\n<p>Ultimo ma non meno importante, \u00e8 occuparsi degli autori di queste violenze, al fine di prevenirne le recidive. Nelle Alpi Marittime, il secondo dipartimento della Francia pi\u00f9 colpito dai femminicidi nel 2020, secondo il Ministero dell&#8217;Interno, sono stati istituiti dei corsi di responsabilizzazione. \u201cSu decisione del giudice, e secondo il loro profilo psicologico, gli autori di violenze monegaschi sono obbligati a seguire questi corsi nelle Alpi Marittime. Si tratta, ad esempio, di gruppi di discussione organizzati da psicologi&#8221;, spiega C\u00e9line Cottalorda, la quale aggiunge che dato il basso numero di condanne a Monaco, \u00e8 pi\u00f9 semplice e veloce instaurare una collaborazione piuttosto che istituire una struttura specifica nel Principato.<\/p>\n\n\n\n<p><\/p>\n\n\n\n<p><em>Per maggiori informazioni visitate il <\/em><a href=\"https:\/\/dfm.mc\/\"><em>sito web del Comitato per i diritti delle donne<\/em><\/a><em> o chiamate lo 0800 91 90 10<\/em>;\r\n<em>Numeri di emergenza: 18 o 112 per i vigili del fuoco, 17 o (+377) 93 15 30 15 per la polizia, (+377) 97 98 97 69 per il servizio di emergenza del CHPG.<\/em><\/p>\n","protected":false},"excerpt":{"rendered":"<p>\u201cVigilanza\u201d e \u201cmobilitazione\u201d sono le parole d&#8217;ordine del Comitato per i diritti delle donne di Monaco. \u201cIl 2021 \u00e8 stato [&hellip;]<\/p>\n","protected":false},"author":60,"featured_media":26931,"comment_status":"closed","ping_status":"closed","sticky":false,"template":"","format":"standard","meta":{"_acf_changed":false,"footnotes":""},"categories":[1826,1738,1752],"tags":[],"post_sectags":[],"post_format":[2469],"class_list":["post-109462","post","type-post","status-publish","format-standard","has-post-thumbnail","hentry","category-la-nostra-scelta","category-notizie","category-societa","format-analisi"],"acf":[],"yoast_head":"<!-- This site is optimized with the Yoast SEO Premium plugin v26.8 (Yoast SEO v27.4) - https:\/\/yoast.com\/product\/yoast-seo-premium-wordpress\/ -->\n<title>4 iniziative del Principato contro la violenza sulle donne<\/title>\n<meta name=\"description\" content=\"\u201cVigilanza\u201d e \u201cmobilitazione\u201d sono le parole d&#039;ordine del Comitato per i diritti delle donne di Monaco. \u201cIl 2021 \u00e8 stato l&#039;anno dell&#039;azione, il 2022 sar\u00e0\" \/>\n<meta name=\"robots\" content=\"index, follow, max-snippet:-1, max-image-preview:large, max-video-preview:-1\" \/>\n<link rel=\"canonical\" href=\"https:\/\/www.monaco-tribune.com\/it\/2022\/02\/4-iniziative-del-principato-contro-la-violenza-sulle-donne\/\" \/>\n<meta property=\"og:locale\" content=\"it_IT\" \/>\n<meta property=\"og:type\" content=\"article\" \/>\n<meta property=\"og:title\" content=\"4 iniziative del Principato contro la violenza sulle donne - Monaco Tribune\" \/>\n<meta property=\"og:description\" content=\"\u201cVigilanza\u201d e \u201cmobilitazione\u201d sono le parole d&#039;ordine del Comitato per i diritti delle donne di Monaco. \u201cIl 2021 \u00e8 stato l&#039;anno dell&#039;azione, il 2022 sar\u00e0\" \/>\n<meta property=\"og:url\" content=\"https:\/\/www.monaco-tribune.com\/it\/2022\/02\/4-iniziative-del-principato-contro-la-violenza-sulle-donne\/\" \/>\n<meta property=\"og:site_name\" content=\"Monaco Tribune\" \/>\n<meta property=\"article:publisher\" content=\"https:\/\/www.facebook.com\/MonacoTribune\" \/>\n<meta property=\"article:published_time\" content=\"2022-02-02T16:04:23+00:00\" \/>\n<meta property=\"article:modified_time\" content=\"2022-02-02T16:50:14+00:00\" \/>\n<meta property=\"og:image\" content=\"https:\/\/www.monaco-tribune.com\/wp-content\/uploads\/2020\/04\/Violences-conjugales.jpg\" \/>\n\t<meta property=\"og:image:width\" content=\"1000\" \/>\n\t<meta property=\"og:image:height\" content=\"666\" \/>\n\t<meta property=\"og:image:type\" content=\"image\/jpeg\" \/>\n<meta name=\"author\" content=\"Camille Esteve\" \/>\n<meta name=\"twitter:card\" content=\"summary_large_image\" \/>\n<meta name=\"twitter:creator\" content=\"@MonacoTribune\" \/>\n<meta name=\"twitter:site\" content=\"@MonacoTribune\" \/>\n<script type=\"application\/ld+json\" class=\"yoast-schema-graph\">{\"@context\":\"https:\\\/\\\/schema.org\",\"@graph\":[{\"@type\":\"NewsArticle\",\"@id\":\"https:\\\/\\\/www.monaco-tribune.com\\\/it\\\/2022\\\/02\\\/4-iniziative-del-principato-contro-la-violenza-sulle-donne\\\/#article\",\"isPartOf\":{\"@id\":\"https:\\\/\\\/www.monaco-tribune.com\\\/it\\\/2022\\\/02\\\/4-iniziative-del-principato-contro-la-violenza-sulle-donne\\\/\"},\"author\":{\"name\":\"Camille Esteve\",\"@id\":\"https:\\\/\\\/www.monaco-tribune.com\\\/it\\\/#\\\/schema\\\/person\\\/a855d420fff4d03637641d60b93ac62e\"},\"headline\":\"4 iniziative del Principato contro la violenza sulle donne\",\"datePublished\":\"2022-02-02T16:04:23+00:00\",\"dateModified\":\"2022-02-02T16:50:14+00:00\",\"mainEntityOfPage\":{\"@id\":\"https:\\\/\\\/www.monaco-tribune.com\\\/it\\\/2022\\\/02\\\/4-iniziative-del-principato-contro-la-violenza-sulle-donne\\\/\"},\"wordCount\":703,\"publisher\":{\"@id\":\"https:\\\/\\\/www.monaco-tribune.com\\\/it\\\/#organization\"},\"image\":{\"@id\":\"https:\\\/\\\/www.monaco-tribune.com\\\/it\\\/2022\\\/02\\\/4-iniziative-del-principato-contro-la-violenza-sulle-donne\\\/#primaryimage\"},\"thumbnailUrl\":\"https:\\\/\\\/www.monaco-tribune.com\\\/wp-content\\\/uploads\\\/2020\\\/04\\\/Violences-conjugales.jpg\",\"articleSection\":[\"La nostra scelta\",\"Notizie\",\"Societ\u00e0\"],\"inLanguage\":\"it-IT\",\"copyrightYear\":\"2022\",\"copyrightHolder\":{\"@id\":\"https:\\\/\\\/www.monaco-tribune.com\\\/#organization\"}},{\"@type\":\"WebPage\",\"@id\":\"https:\\\/\\\/www.monaco-tribune.com\\\/it\\\/2022\\\/02\\\/4-iniziative-del-principato-contro-la-violenza-sulle-donne\\\/\",\"url\":\"https:\\\/\\\/www.monaco-tribune.com\\\/it\\\/2022\\\/02\\\/4-iniziative-del-principato-contro-la-violenza-sulle-donne\\\/\",\"name\":\"4 iniziative del Principato contro la violenza sulle donne\",\"isPartOf\":{\"@id\":\"https:\\\/\\\/www.monaco-tribune.com\\\/it\\\/#website\"},\"primaryImageOfPage\":{\"@id\":\"https:\\\/\\\/www.monaco-tribune.com\\\/it\\\/2022\\\/02\\\/4-iniziative-del-principato-contro-la-violenza-sulle-donne\\\/#primaryimage\"},\"image\":{\"@id\":\"https:\\\/\\\/www.monaco-tribune.com\\\/it\\\/2022\\\/02\\\/4-iniziative-del-principato-contro-la-violenza-sulle-donne\\\/#primaryimage\"},\"thumbnailUrl\":\"https:\\\/\\\/www.monaco-tribune.com\\\/wp-content\\\/uploads\\\/2020\\\/04\\\/Violences-conjugales.jpg\",\"datePublished\":\"2022-02-02T16:04:23+00:00\",\"dateModified\":\"2022-02-02T16:50:14+00:00\",\"description\":\"\u201cVigilanza\u201d e \u201cmobilitazione\u201d sono le parole d'ordine del Comitato per i diritti delle donne di Monaco. \u201cIl 2021 \u00e8 stato l'anno dell'azione, il 2022 sar\u00e0\",\"breadcrumb\":{\"@id\":\"https:\\\/\\\/www.monaco-tribune.com\\\/it\\\/2022\\\/02\\\/4-iniziative-del-principato-contro-la-violenza-sulle-donne\\\/#breadcrumb\"},\"inLanguage\":\"it-IT\",\"potentialAction\":[{\"@type\":\"ReadAction\",\"target\":[\"https:\\\/\\\/www.monaco-tribune.com\\\/it\\\/2022\\\/02\\\/4-iniziative-del-principato-contro-la-violenza-sulle-donne\\\/\"]}]},{\"@type\":\"ImageObject\",\"inLanguage\":\"it-IT\",\"@id\":\"https:\\\/\\\/www.monaco-tribune.com\\\/it\\\/2022\\\/02\\\/4-iniziative-del-principato-contro-la-violenza-sulle-donne\\\/#primaryimage\",\"url\":\"https:\\\/\\\/www.monaco-tribune.com\\\/wp-content\\\/uploads\\\/2020\\\/04\\\/Violences-conjugales.jpg\",\"contentUrl\":\"https:\\\/\\\/www.monaco-tribune.com\\\/wp-content\\\/uploads\\\/2020\\\/04\\\/Violences-conjugales.jpg\",\"width\":1000,\"height\":666,\"caption\":\"DR\"},{\"@type\":\"BreadcrumbList\",\"@id\":\"https:\\\/\\\/www.monaco-tribune.com\\\/it\\\/2022\\\/02\\\/4-iniziative-del-principato-contro-la-violenza-sulle-donne\\\/#breadcrumb\",\"itemListElement\":[{\"@type\":\"ListItem\",\"position\":1,\"name\":\"Accueil\",\"item\":\"https:\\\/\\\/www.monaco-tribune.com\\\/it\\\/\"},{\"@type\":\"ListItem\",\"position\":2,\"name\":\"4 iniziative del Principato contro la violenza sulle donne\"}]},{\"@type\":\"WebSite\",\"@id\":\"https:\\\/\\\/www.monaco-tribune.com\\\/it\\\/#website\",\"url\":\"https:\\\/\\\/www.monaco-tribune.com\\\/it\\\/\",\"name\":\"Monaco Tribune\",\"description\":\"Monaco : actualit\u00e9s \u00e9conomiques, politiques, culturelles et sportives de Monaco et de la French Riviera.\",\"publisher\":{\"@id\":\"https:\\\/\\\/www.monaco-tribune.com\\\/it\\\/#organization\"},\"potentialAction\":[{\"@type\":\"SearchAction\",\"target\":{\"@type\":\"EntryPoint\",\"urlTemplate\":\"https:\\\/\\\/www.monaco-tribune.com\\\/it\\\/?s={search_term_string}\"},\"query-input\":{\"@type\":\"PropertyValueSpecification\",\"valueRequired\":true,\"valueName\":\"search_term_string\"}}],\"inLanguage\":\"it-IT\"},{\"@type\":\"Organization\",\"@id\":\"https:\\\/\\\/www.monaco-tribune.com\\\/it\\\/#organization\",\"name\":\"Monaco Tribune\",\"url\":\"https:\\\/\\\/www.monaco-tribune.com\\\/it\\\/\",\"logo\":{\"@type\":\"ImageObject\",\"inLanguage\":\"it-IT\",\"@id\":\"https:\\\/\\\/www.monaco-tribune.com\\\/it\\\/#\\\/schema\\\/logo\\\/image\\\/\",\"url\":\"https:\\\/\\\/www.monaco-tribune.com\\\/wp-content\\\/uploads\\\/2022\\\/11\\\/logo-monaco-tribune.png\",\"contentUrl\":\"https:\\\/\\\/www.monaco-tribune.com\\\/wp-content\\\/uploads\\\/2022\\\/11\\\/logo-monaco-tribune.png\",\"width\":1548,\"height\":600,\"caption\":\"Monaco Tribune\"},\"image\":{\"@id\":\"https:\\\/\\\/www.monaco-tribune.com\\\/it\\\/#\\\/schema\\\/logo\\\/image\\\/\"},\"sameAs\":[\"https:\\\/\\\/www.facebook.com\\\/MonacoTribune\",\"https:\\\/\\\/x.com\\\/MonacoTribune\",\"https:\\\/\\\/www.instagram.com\\\/monacotribune\\\/\",\"https:\\\/\\\/www.linkedin.com\\\/company\\\/monaco-tribune\",\"https:\\\/\\\/www.youtube.com\\\/channel\\\/UCHle1MnG6hw1y4lWKijVbMA\"]},{\"@type\":\"Person\",\"@id\":\"https:\\\/\\\/www.monaco-tribune.com\\\/it\\\/#\\\/schema\\\/person\\\/a855d420fff4d03637641d60b93ac62e\",\"name\":\"Camille Esteve\",\"image\":{\"@type\":\"ImageObject\",\"inLanguage\":\"it-IT\",\"@id\":\"https:\\\/\\\/secure.gravatar.com\\\/avatar\\\/eaaa2355a7bb56c0018a391c20a55bf9b4690e3f493231dd850e612bfa6ce161?s=96&d=mm&r=g\",\"url\":\"https:\\\/\\\/secure.gravatar.com\\\/avatar\\\/eaaa2355a7bb56c0018a391c20a55bf9b4690e3f493231dd850e612bfa6ce161?s=96&d=mm&r=g\",\"contentUrl\":\"https:\\\/\\\/secure.gravatar.com\\\/avatar\\\/eaaa2355a7bb56c0018a391c20a55bf9b4690e3f493231dd850e612bfa6ce161?s=96&d=mm&r=g\",\"caption\":\"Camille Esteve\"},\"url\":\"https:\\\/\\\/www.monaco-tribune.com\\\/it\\\/author\\\/camilleesteve\\\/\"}]}<\/script>\n<!-- \/ Yoast SEO Premium plugin. -->","yoast_head_json":{"title":"4 iniziative del Principato contro la violenza sulle donne","description":"\u201cVigilanza\u201d e \u201cmobilitazione\u201d sono le parole d'ordine del Comitato per i diritti delle donne di Monaco. \u201cIl 2021 \u00e8 stato l'anno dell'azione, il 2022 sar\u00e0","robots":{"index":"index","follow":"follow","max-snippet":"max-snippet:-1","max-image-preview":"max-image-preview:large","max-video-preview":"max-video-preview:-1"},"canonical":"https:\/\/www.monaco-tribune.com\/it\/2022\/02\/4-iniziative-del-principato-contro-la-violenza-sulle-donne\/","og_locale":"it_IT","og_type":"article","og_title":"4 iniziative del Principato contro la violenza sulle donne - Monaco Tribune","og_description":"\u201cVigilanza\u201d e \u201cmobilitazione\u201d sono le parole d'ordine del Comitato per i diritti delle donne di Monaco. \u201cIl 2021 \u00e8 stato l'anno dell'azione, il 2022 sar\u00e0","og_url":"https:\/\/www.monaco-tribune.com\/it\/2022\/02\/4-iniziative-del-principato-contro-la-violenza-sulle-donne\/","og_site_name":"Monaco Tribune","article_publisher":"https:\/\/www.facebook.com\/MonacoTribune","article_published_time":"2022-02-02T16:04:23+00:00","article_modified_time":"2022-02-02T16:50:14+00:00","og_image":[{"width":1000,"height":666,"url":"https:\/\/www.monaco-tribune.com\/wp-content\/uploads\/2020\/04\/Violences-conjugales.jpg","type":"image\/jpeg"}],"author":"Camille Esteve","twitter_card":"summary_large_image","twitter_creator":"@MonacoTribune","twitter_site":"@MonacoTribune","schema":{"@context":"https:\/\/schema.org","@graph":[{"@type":"NewsArticle","@id":"https:\/\/www.monaco-tribune.com\/it\/2022\/02\/4-iniziative-del-principato-contro-la-violenza-sulle-donne\/#article","isPartOf":{"@id":"https:\/\/www.monaco-tribune.com\/it\/2022\/02\/4-iniziative-del-principato-contro-la-violenza-sulle-donne\/"},"author":{"name":"Camille Esteve","@id":"https:\/\/www.monaco-tribune.com\/it\/#\/schema\/person\/a855d420fff4d03637641d60b93ac62e"},"headline":"4 iniziative del Principato contro la violenza sulle donne","datePublished":"2022-02-02T16:04:23+00:00","dateModified":"2022-02-02T16:50:14+00:00","mainEntityOfPage":{"@id":"https:\/\/www.monaco-tribune.com\/it\/2022\/02\/4-iniziative-del-principato-contro-la-violenza-sulle-donne\/"},"wordCount":703,"publisher":{"@id":"https:\/\/www.monaco-tribune.com\/it\/#organization"},"image":{"@id":"https:\/\/www.monaco-tribune.com\/it\/2022\/02\/4-iniziative-del-principato-contro-la-violenza-sulle-donne\/#primaryimage"},"thumbnailUrl":"https:\/\/www.monaco-tribune.com\/wp-content\/uploads\/2020\/04\/Violences-conjugales.jpg","articleSection":["La nostra scelta","Notizie","Societ\u00e0"],"inLanguage":"it-IT","copyrightYear":"2022","copyrightHolder":{"@id":"https:\/\/www.monaco-tribune.com\/#organization"}},{"@type":"WebPage","@id":"https:\/\/www.monaco-tribune.com\/it\/2022\/02\/4-iniziative-del-principato-contro-la-violenza-sulle-donne\/","url":"https:\/\/www.monaco-tribune.com\/it\/2022\/02\/4-iniziative-del-principato-contro-la-violenza-sulle-donne\/","name":"4 iniziative del Principato contro la violenza sulle donne","isPartOf":{"@id":"https:\/\/www.monaco-tribune.com\/it\/#website"},"primaryImageOfPage":{"@id":"https:\/\/www.monaco-tribune.com\/it\/2022\/02\/4-iniziative-del-principato-contro-la-violenza-sulle-donne\/#primaryimage"},"image":{"@id":"https:\/\/www.monaco-tribune.com\/it\/2022\/02\/4-iniziative-del-principato-contro-la-violenza-sulle-donne\/#primaryimage"},"thumbnailUrl":"https:\/\/www.monaco-tribune.com\/wp-content\/uploads\/2020\/04\/Violences-conjugales.jpg","datePublished":"2022-02-02T16:04:23+00:00","dateModified":"2022-02-02T16:50:14+00:00","description":"\u201cVigilanza\u201d e \u201cmobilitazione\u201d sono le parole d'ordine del Comitato per i diritti delle donne di Monaco. \u201cIl 2021 \u00e8 stato l'anno dell'azione, il 2022 sar\u00e0","breadcrumb":{"@id":"https:\/\/www.monaco-tribune.com\/it\/2022\/02\/4-iniziative-del-principato-contro-la-violenza-sulle-donne\/#breadcrumb"},"inLanguage":"it-IT","potentialAction":[{"@type":"ReadAction","target":["https:\/\/www.monaco-tribune.com\/it\/2022\/02\/4-iniziative-del-principato-contro-la-violenza-sulle-donne\/"]}]},{"@type":"ImageObject","inLanguage":"it-IT","@id":"https:\/\/www.monaco-tribune.com\/it\/2022\/02\/4-iniziative-del-principato-contro-la-violenza-sulle-donne\/#primaryimage","url":"https:\/\/www.monaco-tribune.com\/wp-content\/uploads\/2020\/04\/Violences-conjugales.jpg","contentUrl":"https:\/\/www.monaco-tribune.com\/wp-content\/uploads\/2020\/04\/Violences-conjugales.jpg","width":1000,"height":666,"caption":"DR"},{"@type":"BreadcrumbList","@id":"https:\/\/www.monaco-tribune.com\/it\/2022\/02\/4-iniziative-del-principato-contro-la-violenza-sulle-donne\/#breadcrumb","itemListElement":[{"@type":"ListItem","position":1,"name":"Accueil","item":"https:\/\/www.monaco-tribune.com\/it\/"},{"@type":"ListItem","position":2,"name":"4 iniziative del Principato contro la violenza sulle donne"}]},{"@type":"WebSite","@id":"https:\/\/www.monaco-tribune.com\/it\/#website","url":"https:\/\/www.monaco-tribune.com\/it\/","name":"Monaco Tribune","description":"Monaco : actualit\u00e9s \u00e9conomiques, politiques, culturelles et sportives de Monaco et de la French Riviera.","publisher":{"@id":"https:\/\/www.monaco-tribune.com\/it\/#organization"},"potentialAction":[{"@type":"SearchAction","target":{"@type":"EntryPoint","urlTemplate":"https:\/\/www.monaco-tribune.com\/it\/?s={search_term_string}"},"query-input":{"@type":"PropertyValueSpecification","valueRequired":true,"valueName":"search_term_string"}}],"inLanguage":"it-IT"},{"@type":"Organization","@id":"https:\/\/www.monaco-tribune.com\/it\/#organization","name":"Monaco Tribune","url":"https:\/\/www.monaco-tribune.com\/it\/","logo":{"@type":"ImageObject","inLanguage":"it-IT","@id":"https:\/\/www.monaco-tribune.com\/it\/#\/schema\/logo\/image\/","url":"https:\/\/www.monaco-tribune.com\/wp-content\/uploads\/2022\/11\/logo-monaco-tribune.png","contentUrl":"https:\/\/www.monaco-tribune.com\/wp-content\/uploads\/2022\/11\/logo-monaco-tribune.png","width":1548,"height":600,"caption":"Monaco Tribune"},"image":{"@id":"https:\/\/www.monaco-tribune.com\/it\/#\/schema\/logo\/image\/"},"sameAs":["https:\/\/www.facebook.com\/MonacoTribune","https:\/\/x.com\/MonacoTribune","https:\/\/www.instagram.com\/monacotribune\/","https:\/\/www.linkedin.com\/company\/monaco-tribune","https:\/\/www.youtube.com\/channel\/UCHle1MnG6hw1y4lWKijVbMA"]},{"@type":"Person","@id":"https:\/\/www.monaco-tribune.com\/it\/#\/schema\/person\/a855d420fff4d03637641d60b93ac62e","name":"Camille Esteve","image":{"@type":"ImageObject","inLanguage":"it-IT","@id":"https:\/\/secure.gravatar.com\/avatar\/eaaa2355a7bb56c0018a391c20a55bf9b4690e3f493231dd850e612bfa6ce161?s=96&d=mm&r=g","url":"https:\/\/secure.gravatar.com\/avatar\/eaaa2355a7bb56c0018a391c20a55bf9b4690e3f493231dd850e612bfa6ce161?s=96&d=mm&r=g","contentUrl":"https:\/\/secure.gravatar.com\/avatar\/eaaa2355a7bb56c0018a391c20a55bf9b4690e3f493231dd850e612bfa6ce161?s=96&d=mm&r=g","caption":"Camille Esteve"},"url":"https:\/\/www.monaco-tribune.com\/it\/author\/camilleesteve\/"}]}},"_links":{"self":[{"href":"https:\/\/www.monaco-tribune.com\/it\/wp-json\/wp\/v2\/posts\/109462","targetHints":{"allow":["GET"]}}],"collection":[{"href":"https:\/\/www.monaco-tribune.com\/it\/wp-json\/wp\/v2\/posts"}],"about":[{"href":"https:\/\/www.monaco-tribune.com\/it\/wp-json\/wp\/v2\/types\/post"}],"author":[{"embeddable":true,"href":"https:\/\/www.monaco-tribune.com\/it\/wp-json\/wp\/v2\/users\/60"}],"replies":[{"embeddable":true,"href":"https:\/\/www.monaco-tribune.com\/it\/wp-json\/wp\/v2\/comments?post=109462"}],"version-history":[{"count":0,"href":"https:\/\/www.monaco-tribune.com\/it\/wp-json\/wp\/v2\/posts\/109462\/revisions"}],"wp:featuredmedia":[{"embeddable":true,"href":"https:\/\/www.monaco-tribune.com\/it\/wp-json\/wp\/v2\/media\/26931"}],"wp:attachment":[{"href":"https:\/\/www.monaco-tribune.com\/it\/wp-json\/wp\/v2\/media?parent=109462"}],"wp:term":[{"taxonomy":"category","embeddable":true,"href":"https:\/\/www.monaco-tribune.com\/it\/wp-json\/wp\/v2\/categories?post=109462"},{"taxonomy":"post_tag","embeddable":true,"href":"https:\/\/www.monaco-tribune.com\/it\/wp-json\/wp\/v2\/tags?post=109462"},{"taxonomy":"sectag","embeddable":true,"href":"https:\/\/www.monaco-tribune.com\/it\/wp-json\/wp\/v2\/post_sectags?post=109462"},{"taxonomy":"format","embeddable":true,"href":"https:\/\/www.monaco-tribune.com\/it\/wp-json\/wp\/v2\/post_format?post=109462"}],"curies":[{"name":"wp","href":"https:\/\/api.w.org\/{rel}","templated":true}]}}