{"id":109981,"date":"2022-02-08T18:47:09","date_gmt":"2022-02-08T17:47:09","guid":{"rendered":"https:\/\/www.monaco-tribune.com\/2022\/02\/houleye-deme-capitana-dellas-monaco-femminile-in-coppa-di-francia-non-abbiamo-mai-ceduto\/"},"modified":"2022-02-08T18:48:49","modified_gmt":"2022-02-08T17:48:49","slug":"houleye-deme-capitana-dellas-monaco-femminile-in-coppa-di-francia-non-abbiamo-mai-ceduto","status":"publish","type":"post","link":"https:\/\/www.monaco-tribune.com\/it\/2022\/02\/houleye-deme-capitana-dellas-monaco-femminile-in-coppa-di-francia-non-abbiamo-mai-ceduto\/","title":{"rendered":"Houleye Deme, capitana dell&#8217;AS Monaco Femminile: &#8220;In Coppa di Francia, non abbiamo mai ceduto!&#8221;"},"content":{"rendered":"\n<p><strong>A soli 21 anni, Houleye Deme \u00e8 difensore centrale e capitana dell&#8217;AS Monaco Femminile. Abbiamo fatto due chiacchiere.<\/strong><\/p>\n\n<p>Quando giocava a calcio con suo fratello nel cortile, la piccola Houleye Deme non poteva neanche immaginare che la sua passione per il pallone l&#8217;avrebbe portata cos\u00ec lontano.  E intanto&#8230;<\/p>\n\n<p>Dopo un primo tentativo nel mondo del basket, a tredici anni la ragazza si allenava ancora in una piccola squadra della citt\u00e0 di Le Havre, di cui \u00e8 originaria. Otto anni dopo, la calciatrice <a href=\"https:\/\/www.monaco-tribune.com\/it\/2022\/01\/coppa-di-francia-la-squadra-femminile-del-monaco-raggiunge-un-traguardo-storico\/\">ha partecipato con orgoglio alla Coppa di Francia<\/a> nell&#8217;AS Monaco Femminile, dove ricopre due ruoli, capitano e difensore centrale.<\/p>\n\n<blockquote class=\"wp-block-quote is-layout-flow wp-block-quote-is-layout-flow\"><p><em>Non \u00e8 stata una sconfitta, ma un momento formativo\u00a0<\/em><\/p><\/blockquote>\n\n<p>Battute agli ottavi di finale dallo Stade de Reims il 29 gennaio, le giocatrici non hanno nulla di cui vergognarsi, anzi. &#8220;Nella partita con il Reims le ragazze hanno mostrato di avere gioco, anche contro una squadra di D1, eravamo ancora 0-0 a fine primo tempo. Il lavoro che abbiamo fatto dall&#8217;inizio dell&#8217;anno \u00e8 servito a qualcosa. \u00c8 stato un momento storico per la squadra e per noi! Non abbiamo mai ceduto, siamo fiere di questo percorso: non \u00e8 stata una sconfitta, ma un momento formativo&#8221; aggiunge il capitano.<\/p>\n\n<p>Attualmente in R\u00e9gional 1, l&#8217;AS Monaco Femminile ha uno scopo ben preciso: salire in D2 l&#8217;anno prossimo. &#8220;Penso che siamo partite con il piede giusto. Siamo molto severe, sempre puntuali agli allenamenti, diamo il meglio di noi per raggiungere l&#8217;obiettivo!&#8221;<\/p>\n\n<h2 class=\"wp-block-heading\" id=\"h-s-ameliorer-de-jour-en-jour\">Migliorare di giorno in giorno<\/h2>\n\n<p>Partecipare alla Coppa di Francia si \u00e8 rivelato quindi un grande insegnamento. &#8220;Ci ha permesso di affrontare diverse squadre, \u00e8 stata una bella avventura! Abbiamo potuto giocare tutte le domeniche da settembre, restare attive e conoscere i livelli delle altre squadre francesi, soprattutto quelle pi\u00f9 grandi&#8221;, aggiunge Houleye.<\/p>\n\n<p>La ragazza, diplomata in commercio internazionale e attualmente assistente commerciale, spera un giorno di riuscire a vivere di calcio.<\/p>\n\n<div class=\"wp-block-image\"><figure class=\"aligncenter size-full\"><img loading=\"lazy\" decoding=\"async\" width=\"1020\" height=\"1014\" src=\"https:\/\/www.monaco-tribune.com\/wp-content\/uploads\/2022\/02\/houleye-deme-as-monaco-1.jpeg\" alt=\"houleye-deme-as-monaco\" class=\"wp-image-109899\" srcset=\"https:\/\/www.monaco-tribune.com\/wp-content\/uploads\/2022\/02\/houleye-deme-as-monaco-1.jpeg 1020w, https:\/\/www.monaco-tribune.com\/wp-content\/uploads\/2022\/02\/houleye-deme-as-monaco-1-302x300.jpeg 302w\" sizes=\"auto, (max-width: 1020px) 100vw, 1020px\" \/><figcaption><em>\u00a9<\/em> <em>Marcellofotography06<\/em><\/figcaption><\/figure><\/div>\n\n<blockquote class=\"wp-block-quote is-layout-flow wp-block-quote-is-layout-flow\"><p><em>L&#8217;AS Monaco \u00e8 una squadra veramente solidale, dove ci si sente in famiglia<\/em><\/p><\/blockquote>\n\n<p>E per migliorare ancora il suo livello, si ispira alle giocatrici di altre squadre, i suoi modelli nella vita quotidiana. &#8220;Non guardo tanto le partite di calcio, so che \u00e8 paradossale&#8221;, sorride. &#8220;Ma ho delle amiche che sono calciatrice professioniste e, visto che siamo molto vicine, se ho bisogno di un consiglio preferisco rivolgermi a loro. Non ho mai avuto un poster di un giocatore in particolare appeso al muro&#8221;.<\/p>\n\n<p>Capitana della squadra fin dal suo arrivo nel 2019, Houleye Deme tiene molto al suo ruolo: &#8220;Ero gi\u00e0 stata capitana di riserva nella mia vecchia squadra, quindi so quali responsabilit\u00e0 comporta. \u00c8 un onore portare la squadra &#8220;sulle proprie spalle&#8221;. Vuol dire che le ragazze, l&#8217;allenatore e il club contano su di me, soprattutto in campo. L&#8217;AS Monaco \u00e8 una squadra veramente solidale, dove ci si sente in famiglia, siamo tutte amiche e sappiamo che se qualcuna di noi ha un problema le altre saranno l\u00ec ad aiutarla&#8221;.<\/p>\n\n<h2 class=\"wp-block-heading\" id=\"h-transmettre-les-valeurs-du-football\">Trasmettere i valori del calcio<\/h2>\n\n<p>Dinamica e motivata, nonostante l&#8217;agenda gi\u00e0 piena Houleye ha deciso anche di allenare le giovani reclute dell&#8217;AS Monaco. &#8220;Mi occupo dei bambini di otto anni, prima allenavo le bambine. Va molto bene, sto bene qui a Monaco&#8221;, ci confida.<\/p>\n\n<p>Un&#8217;ulteriore esperienza che le consente di trasmettere i valori di questo sport, per lei davvero essenziali. &#8220;Mi piacciono gli sport di squadra, non siamo da soli&#8230; Se una ragazza della squadra non sta bene, ci aiutiamo a vicenda. E poi il calcio richiede molta disciplina, molto rigore, per restare 90 minuti o pi\u00f9 in campo. Le persone pensano che il calcio sia solo correre dietro a un pallone, ma \u00e8 molto pi\u00f9 complicato di cos\u00ec&#8221;.<\/p>\n\n<blockquote class=\"wp-block-quote is-layout-flow wp-block-quote-is-layout-flow\"><p><em>Spesso mi trattavano come un ragazzo mancato perch\u00e9 giocavo a calcio, ma non ci facevo caso<\/em><\/p><\/blockquote>\n\n<div class=\"wp-block-image\"><figure class=\"aligncenter size-full\"><img loading=\"lazy\" decoding=\"async\" width=\"1020\" height=\"1000\" src=\"https:\/\/www.monaco-tribune.com\/wp-content\/uploads\/2022\/02\/houleye-deme-as-monaco-feminin.jpeg\" alt=\"houleye-deme-as-monaco-femminile\" class=\"wp-image-109904\" srcset=\"https:\/\/www.monaco-tribune.com\/wp-content\/uploads\/2022\/02\/houleye-deme-as-monaco-feminin.jpeg 1020w, https:\/\/www.monaco-tribune.com\/wp-content\/uploads\/2022\/02\/houleye-deme-as-monaco-feminin-306x300.jpeg 306w\" sizes=\"auto, (max-width: 1020px) 100vw, 1020px\" \/><figcaption><em>\u00a9 Marcellofotography06 <\/em><\/figcaption><\/figure><\/div>\n\n<p>Houleye non \u00e8 una tipa che si lascia abbattere dagli stereotipi, compresi quelli che ha la societ\u00e0 sulle bambine che giocano a calcio. &#8220;Spesso mi trattavano come un ragazzo mancato perch\u00e9 giocavo a calcio, ma non ci facevo caso. Per fortuna ho sempre avuto il sostegno della mia famiglia. Mi hanno supportato fin dall&#8217;inizio, mi inviavano sempre dei messaggini prima delle partite&#8230;&#8221;, racconta.<\/p>\n\n<p>La giovane calciatrice ha un messaggio per tutte le bambine e le ragazze che vorrebbero lanciarsi in questo sport: &#8220;Vorrei dirgli di avere fiducia in loro stesse, \u00e8 molto importante. A volte possiamo pensare di non essere all&#8217;altezza, ci chiediamo se riusciremo a farcela&#8230; Ma non bisogna mai mollare, per nessun motivo&#8221;.<\/p>\n\n<p><strong>LEGGI ANCHE<\/strong>: <a href=\"https:\/\/www.monaco-tribune.com\/it\/2021\/09\/las-monaco-rugby-si-coniuga-anche-al-femminile\/\">L\u2019AS Monaco Rugby si coniuga anche al femminile<\/a><\/p>\n","protected":false},"excerpt":{"rendered":"<p>A soli 21 anni, Houleye Deme \u00e8 difensore centrale e capitana dell&#8217;AS Monaco Femminile. Abbiamo fatto due chiacchiere. Quando giocava [&hellip;]<\/p>\n","protected":false},"author":60,"featured_media":109895,"comment_status":"closed","ping_status":"closed","sticky":false,"template":"","format":"standard","meta":{"_acf_changed":false,"footnotes":""},"categories":[1826,1738,1743],"tags":[2846],"post_sectags":[],"post_format":[2480],"class_list":["post-109981","post","type-post","status-publish","format-standard","has-post-thumbnail","hentry","category-la-nostra-scelta","category-notizie","category-sport-it","tag-as-monaco-it-2","format-profilo"],"acf":[],"yoast_head":"<!-- This site is optimized with the Yoast SEO Premium plugin v26.8 (Yoast SEO v27.4) - https:\/\/yoast.com\/product\/yoast-seo-premium-wordpress\/ -->\n<title>Houleye Deme, capitana dell&#039;AS Monaco Femminile: &quot;In Coppa di Francia, non abbiamo mai ceduto!&quot;<\/title>\n<meta name=\"description\" content=\"A soli 21 anni, Houleye Deme \u00e8 difensore centrale e capitana dell&#039;AS Monaco Femminile. Abbiamo fatto due chiacchiere. Quando giocava a calcio con suo\" \/>\n<meta name=\"robots\" content=\"index, follow, max-snippet:-1, max-image-preview:large, max-video-preview:-1\" \/>\n<link rel=\"canonical\" href=\"https:\/\/www.monaco-tribune.com\/it\/2022\/02\/houleye-deme-capitana-dellas-monaco-femminile-in-coppa-di-francia-non-abbiamo-mai-ceduto\/\" \/>\n<meta property=\"og:locale\" content=\"it_IT\" \/>\n<meta property=\"og:type\" content=\"article\" \/>\n<meta property=\"og:title\" content=\"Houleye Deme, capitana dell&#039;AS Monaco Femminile: &quot;In Coppa di Francia, non abbiamo mai ceduto!&quot; - Monaco Tribune\" \/>\n<meta property=\"og:description\" content=\"A soli 21 anni, Houleye Deme \u00e8 difensore centrale e capitana dell&#039;AS Monaco Femminile. Abbiamo fatto due chiacchiere. Quando giocava a calcio con suo\" \/>\n<meta property=\"og:url\" content=\"https:\/\/www.monaco-tribune.com\/it\/2022\/02\/houleye-deme-capitana-dellas-monaco-femminile-in-coppa-di-francia-non-abbiamo-mai-ceduto\/\" \/>\n<meta property=\"og:site_name\" content=\"Monaco Tribune\" \/>\n<meta property=\"article:publisher\" content=\"https:\/\/www.facebook.com\/MonacoTribune\" \/>\n<meta property=\"article:published_time\" content=\"2022-02-08T17:47:09+00:00\" \/>\n<meta property=\"article:modified_time\" content=\"2022-02-08T17:48:49+00:00\" \/>\n<meta property=\"og:image\" content=\"https:\/\/www.monaco-tribune.com\/wp-content\/uploads\/2022\/02\/houleye-deme.jpeg\" \/>\n\t<meta property=\"og:image:width\" content=\"1020\" \/>\n\t<meta property=\"og:image:height\" content=\"588\" \/>\n\t<meta property=\"og:image:type\" content=\"image\/jpeg\" \/>\n<meta name=\"author\" content=\"Camille Esteve\" \/>\n<meta name=\"twitter:card\" content=\"summary_large_image\" \/>\n<meta name=\"twitter:creator\" content=\"@MonacoTribune\" \/>\n<meta name=\"twitter:site\" content=\"@MonacoTribune\" \/>\n<script type=\"application\/ld+json\" class=\"yoast-schema-graph\">{\"@context\":\"https:\\\/\\\/schema.org\",\"@graph\":[{\"@type\":\"NewsArticle\",\"@id\":\"https:\\\/\\\/www.monaco-tribune.com\\\/it\\\/2022\\\/02\\\/houleye-deme-capitana-dellas-monaco-femminile-in-coppa-di-francia-non-abbiamo-mai-ceduto\\\/#article\",\"isPartOf\":{\"@id\":\"https:\\\/\\\/www.monaco-tribune.com\\\/it\\\/2022\\\/02\\\/houleye-deme-capitana-dellas-monaco-femminile-in-coppa-di-francia-non-abbiamo-mai-ceduto\\\/\"},\"author\":{\"name\":\"Camille Esteve\",\"@id\":\"https:\\\/\\\/www.monaco-tribune.com\\\/it\\\/#\\\/schema\\\/person\\\/a855d420fff4d03637641d60b93ac62e\"},\"headline\":\"Houleye Deme, capitana dell&#8217;AS Monaco Femminile: &#8220;In Coppa di Francia, non abbiamo mai ceduto!&#8221;\",\"datePublished\":\"2022-02-08T17:47:09+00:00\",\"dateModified\":\"2022-02-08T17:48:49+00:00\",\"mainEntityOfPage\":{\"@id\":\"https:\\\/\\\/www.monaco-tribune.com\\\/it\\\/2022\\\/02\\\/houleye-deme-capitana-dellas-monaco-femminile-in-coppa-di-francia-non-abbiamo-mai-ceduto\\\/\"},\"wordCount\":757,\"publisher\":{\"@id\":\"https:\\\/\\\/www.monaco-tribune.com\\\/it\\\/#organization\"},\"image\":{\"@id\":\"https:\\\/\\\/www.monaco-tribune.com\\\/it\\\/2022\\\/02\\\/houleye-deme-capitana-dellas-monaco-femminile-in-coppa-di-francia-non-abbiamo-mai-ceduto\\\/#primaryimage\"},\"thumbnailUrl\":\"https:\\\/\\\/www.monaco-tribune.com\\\/wp-content\\\/uploads\\\/2022\\\/02\\\/houleye-deme.jpeg\",\"keywords\":[\"AS Monaco\"],\"articleSection\":[\"La nostra scelta\",\"Notizie\",\"Sport\"],\"inLanguage\":\"it-IT\",\"copyrightYear\":\"2022\",\"copyrightHolder\":{\"@id\":\"https:\\\/\\\/www.monaco-tribune.com\\\/#organization\"}},{\"@type\":\"WebPage\",\"@id\":\"https:\\\/\\\/www.monaco-tribune.com\\\/it\\\/2022\\\/02\\\/houleye-deme-capitana-dellas-monaco-femminile-in-coppa-di-francia-non-abbiamo-mai-ceduto\\\/\",\"url\":\"https:\\\/\\\/www.monaco-tribune.com\\\/it\\\/2022\\\/02\\\/houleye-deme-capitana-dellas-monaco-femminile-in-coppa-di-francia-non-abbiamo-mai-ceduto\\\/\",\"name\":\"Houleye Deme, capitana dell'AS Monaco Femminile: \\\"In Coppa di Francia, non abbiamo mai ceduto!\\\"\",\"isPartOf\":{\"@id\":\"https:\\\/\\\/www.monaco-tribune.com\\\/it\\\/#website\"},\"primaryImageOfPage\":{\"@id\":\"https:\\\/\\\/www.monaco-tribune.com\\\/it\\\/2022\\\/02\\\/houleye-deme-capitana-dellas-monaco-femminile-in-coppa-di-francia-non-abbiamo-mai-ceduto\\\/#primaryimage\"},\"image\":{\"@id\":\"https:\\\/\\\/www.monaco-tribune.com\\\/it\\\/2022\\\/02\\\/houleye-deme-capitana-dellas-monaco-femminile-in-coppa-di-francia-non-abbiamo-mai-ceduto\\\/#primaryimage\"},\"thumbnailUrl\":\"https:\\\/\\\/www.monaco-tribune.com\\\/wp-content\\\/uploads\\\/2022\\\/02\\\/houleye-deme.jpeg\",\"datePublished\":\"2022-02-08T17:47:09+00:00\",\"dateModified\":\"2022-02-08T17:48:49+00:00\",\"description\":\"A soli 21 anni, Houleye Deme \u00e8 difensore centrale e capitana dell'AS Monaco Femminile. Abbiamo fatto due chiacchiere. Quando giocava a calcio con suo\",\"breadcrumb\":{\"@id\":\"https:\\\/\\\/www.monaco-tribune.com\\\/it\\\/2022\\\/02\\\/houleye-deme-capitana-dellas-monaco-femminile-in-coppa-di-francia-non-abbiamo-mai-ceduto\\\/#breadcrumb\"},\"inLanguage\":\"it-IT\",\"potentialAction\":[{\"@type\":\"ReadAction\",\"target\":[\"https:\\\/\\\/www.monaco-tribune.com\\\/it\\\/2022\\\/02\\\/houleye-deme-capitana-dellas-monaco-femminile-in-coppa-di-francia-non-abbiamo-mai-ceduto\\\/\"]}]},{\"@type\":\"ImageObject\",\"inLanguage\":\"it-IT\",\"@id\":\"https:\\\/\\\/www.monaco-tribune.com\\\/it\\\/2022\\\/02\\\/houleye-deme-capitana-dellas-monaco-femminile-in-coppa-di-francia-non-abbiamo-mai-ceduto\\\/#primaryimage\",\"url\":\"https:\\\/\\\/www.monaco-tribune.com\\\/wp-content\\\/uploads\\\/2022\\\/02\\\/houleye-deme.jpeg\",\"contentUrl\":\"https:\\\/\\\/www.monaco-tribune.com\\\/wp-content\\\/uploads\\\/2022\\\/02\\\/houleye-deme.jpeg\",\"width\":1020,\"height\":588,\"caption\":\"Marcellofotography06\"},{\"@type\":\"BreadcrumbList\",\"@id\":\"https:\\\/\\\/www.monaco-tribune.com\\\/it\\\/2022\\\/02\\\/houleye-deme-capitana-dellas-monaco-femminile-in-coppa-di-francia-non-abbiamo-mai-ceduto\\\/#breadcrumb\",\"itemListElement\":[{\"@type\":\"ListItem\",\"position\":1,\"name\":\"Accueil\",\"item\":\"https:\\\/\\\/www.monaco-tribune.com\\\/it\\\/\"},{\"@type\":\"ListItem\",\"position\":2,\"name\":\"Houleye Deme, capitana dell&rsquo;AS Monaco Femminile: \u00ab\u00a0In Coppa di Francia, non abbiamo mai ceduto!\u00a0\u00bb\"}]},{\"@type\":\"WebSite\",\"@id\":\"https:\\\/\\\/www.monaco-tribune.com\\\/it\\\/#website\",\"url\":\"https:\\\/\\\/www.monaco-tribune.com\\\/it\\\/\",\"name\":\"Monaco Tribune\",\"description\":\"Monaco : actualit\u00e9s \u00e9conomiques, politiques, culturelles et sportives de Monaco et de la French Riviera.\",\"publisher\":{\"@id\":\"https:\\\/\\\/www.monaco-tribune.com\\\/it\\\/#organization\"},\"potentialAction\":[{\"@type\":\"SearchAction\",\"target\":{\"@type\":\"EntryPoint\",\"urlTemplate\":\"https:\\\/\\\/www.monaco-tribune.com\\\/it\\\/?s={search_term_string}\"},\"query-input\":{\"@type\":\"PropertyValueSpecification\",\"valueRequired\":true,\"valueName\":\"search_term_string\"}}],\"inLanguage\":\"it-IT\"},{\"@type\":\"Organization\",\"@id\":\"https:\\\/\\\/www.monaco-tribune.com\\\/it\\\/#organization\",\"name\":\"Monaco Tribune\",\"url\":\"https:\\\/\\\/www.monaco-tribune.com\\\/it\\\/\",\"logo\":{\"@type\":\"ImageObject\",\"inLanguage\":\"it-IT\",\"@id\":\"https:\\\/\\\/www.monaco-tribune.com\\\/it\\\/#\\\/schema\\\/logo\\\/image\\\/\",\"url\":\"https:\\\/\\\/www.monaco-tribune.com\\\/wp-content\\\/uploads\\\/2022\\\/11\\\/logo-monaco-tribune.png\",\"contentUrl\":\"https:\\\/\\\/www.monaco-tribune.com\\\/wp-content\\\/uploads\\\/2022\\\/11\\\/logo-monaco-tribune.png\",\"width\":1548,\"height\":600,\"caption\":\"Monaco Tribune\"},\"image\":{\"@id\":\"https:\\\/\\\/www.monaco-tribune.com\\\/it\\\/#\\\/schema\\\/logo\\\/image\\\/\"},\"sameAs\":[\"https:\\\/\\\/www.facebook.com\\\/MonacoTribune\",\"https:\\\/\\\/x.com\\\/MonacoTribune\",\"https:\\\/\\\/www.instagram.com\\\/monacotribune\\\/\",\"https:\\\/\\\/www.linkedin.com\\\/company\\\/monaco-tribune\",\"https:\\\/\\\/www.youtube.com\\\/channel\\\/UCHle1MnG6hw1y4lWKijVbMA\"]},{\"@type\":\"Person\",\"@id\":\"https:\\\/\\\/www.monaco-tribune.com\\\/it\\\/#\\\/schema\\\/person\\\/a855d420fff4d03637641d60b93ac62e\",\"name\":\"Camille Esteve\",\"image\":{\"@type\":\"ImageObject\",\"inLanguage\":\"it-IT\",\"@id\":\"https:\\\/\\\/secure.gravatar.com\\\/avatar\\\/eaaa2355a7bb56c0018a391c20a55bf9b4690e3f493231dd850e612bfa6ce161?s=96&d=mm&r=g\",\"url\":\"https:\\\/\\\/secure.gravatar.com\\\/avatar\\\/eaaa2355a7bb56c0018a391c20a55bf9b4690e3f493231dd850e612bfa6ce161?s=96&d=mm&r=g\",\"contentUrl\":\"https:\\\/\\\/secure.gravatar.com\\\/avatar\\\/eaaa2355a7bb56c0018a391c20a55bf9b4690e3f493231dd850e612bfa6ce161?s=96&d=mm&r=g\",\"caption\":\"Camille Esteve\"},\"url\":\"https:\\\/\\\/www.monaco-tribune.com\\\/it\\\/author\\\/camilleesteve\\\/\"}]}<\/script>\n<!-- \/ Yoast SEO Premium plugin. -->","yoast_head_json":{"title":"Houleye Deme, capitana dell'AS Monaco Femminile: \"In Coppa di Francia, non abbiamo mai ceduto!\"","description":"A soli 21 anni, Houleye Deme \u00e8 difensore centrale e capitana dell'AS Monaco Femminile. Abbiamo fatto due chiacchiere. Quando giocava a calcio con suo","robots":{"index":"index","follow":"follow","max-snippet":"max-snippet:-1","max-image-preview":"max-image-preview:large","max-video-preview":"max-video-preview:-1"},"canonical":"https:\/\/www.monaco-tribune.com\/it\/2022\/02\/houleye-deme-capitana-dellas-monaco-femminile-in-coppa-di-francia-non-abbiamo-mai-ceduto\/","og_locale":"it_IT","og_type":"article","og_title":"Houleye Deme, capitana dell'AS Monaco Femminile: \"In Coppa di Francia, non abbiamo mai ceduto!\" - Monaco Tribune","og_description":"A soli 21 anni, Houleye Deme \u00e8 difensore centrale e capitana dell'AS Monaco Femminile. Abbiamo fatto due chiacchiere. Quando giocava a calcio con suo","og_url":"https:\/\/www.monaco-tribune.com\/it\/2022\/02\/houleye-deme-capitana-dellas-monaco-femminile-in-coppa-di-francia-non-abbiamo-mai-ceduto\/","og_site_name":"Monaco Tribune","article_publisher":"https:\/\/www.facebook.com\/MonacoTribune","article_published_time":"2022-02-08T17:47:09+00:00","article_modified_time":"2022-02-08T17:48:49+00:00","og_image":[{"width":1020,"height":588,"url":"https:\/\/www.monaco-tribune.com\/wp-content\/uploads\/2022\/02\/houleye-deme.jpeg","type":"image\/jpeg"}],"author":"Camille Esteve","twitter_card":"summary_large_image","twitter_creator":"@MonacoTribune","twitter_site":"@MonacoTribune","schema":{"@context":"https:\/\/schema.org","@graph":[{"@type":"NewsArticle","@id":"https:\/\/www.monaco-tribune.com\/it\/2022\/02\/houleye-deme-capitana-dellas-monaco-femminile-in-coppa-di-francia-non-abbiamo-mai-ceduto\/#article","isPartOf":{"@id":"https:\/\/www.monaco-tribune.com\/it\/2022\/02\/houleye-deme-capitana-dellas-monaco-femminile-in-coppa-di-francia-non-abbiamo-mai-ceduto\/"},"author":{"name":"Camille Esteve","@id":"https:\/\/www.monaco-tribune.com\/it\/#\/schema\/person\/a855d420fff4d03637641d60b93ac62e"},"headline":"Houleye Deme, capitana dell&#8217;AS Monaco Femminile: &#8220;In Coppa di Francia, non abbiamo mai ceduto!&#8221;","datePublished":"2022-02-08T17:47:09+00:00","dateModified":"2022-02-08T17:48:49+00:00","mainEntityOfPage":{"@id":"https:\/\/www.monaco-tribune.com\/it\/2022\/02\/houleye-deme-capitana-dellas-monaco-femminile-in-coppa-di-francia-non-abbiamo-mai-ceduto\/"},"wordCount":757,"publisher":{"@id":"https:\/\/www.monaco-tribune.com\/it\/#organization"},"image":{"@id":"https:\/\/www.monaco-tribune.com\/it\/2022\/02\/houleye-deme-capitana-dellas-monaco-femminile-in-coppa-di-francia-non-abbiamo-mai-ceduto\/#primaryimage"},"thumbnailUrl":"https:\/\/www.monaco-tribune.com\/wp-content\/uploads\/2022\/02\/houleye-deme.jpeg","keywords":["AS Monaco"],"articleSection":["La nostra scelta","Notizie","Sport"],"inLanguage":"it-IT","copyrightYear":"2022","copyrightHolder":{"@id":"https:\/\/www.monaco-tribune.com\/#organization"}},{"@type":"WebPage","@id":"https:\/\/www.monaco-tribune.com\/it\/2022\/02\/houleye-deme-capitana-dellas-monaco-femminile-in-coppa-di-francia-non-abbiamo-mai-ceduto\/","url":"https:\/\/www.monaco-tribune.com\/it\/2022\/02\/houleye-deme-capitana-dellas-monaco-femminile-in-coppa-di-francia-non-abbiamo-mai-ceduto\/","name":"Houleye Deme, capitana dell'AS Monaco Femminile: \"In Coppa di Francia, non abbiamo mai ceduto!\"","isPartOf":{"@id":"https:\/\/www.monaco-tribune.com\/it\/#website"},"primaryImageOfPage":{"@id":"https:\/\/www.monaco-tribune.com\/it\/2022\/02\/houleye-deme-capitana-dellas-monaco-femminile-in-coppa-di-francia-non-abbiamo-mai-ceduto\/#primaryimage"},"image":{"@id":"https:\/\/www.monaco-tribune.com\/it\/2022\/02\/houleye-deme-capitana-dellas-monaco-femminile-in-coppa-di-francia-non-abbiamo-mai-ceduto\/#primaryimage"},"thumbnailUrl":"https:\/\/www.monaco-tribune.com\/wp-content\/uploads\/2022\/02\/houleye-deme.jpeg","datePublished":"2022-02-08T17:47:09+00:00","dateModified":"2022-02-08T17:48:49+00:00","description":"A soli 21 anni, Houleye Deme \u00e8 difensore centrale e capitana dell'AS Monaco Femminile. Abbiamo fatto due chiacchiere. Quando giocava a calcio con suo","breadcrumb":{"@id":"https:\/\/www.monaco-tribune.com\/it\/2022\/02\/houleye-deme-capitana-dellas-monaco-femminile-in-coppa-di-francia-non-abbiamo-mai-ceduto\/#breadcrumb"},"inLanguage":"it-IT","potentialAction":[{"@type":"ReadAction","target":["https:\/\/www.monaco-tribune.com\/it\/2022\/02\/houleye-deme-capitana-dellas-monaco-femminile-in-coppa-di-francia-non-abbiamo-mai-ceduto\/"]}]},{"@type":"ImageObject","inLanguage":"it-IT","@id":"https:\/\/www.monaco-tribune.com\/it\/2022\/02\/houleye-deme-capitana-dellas-monaco-femminile-in-coppa-di-francia-non-abbiamo-mai-ceduto\/#primaryimage","url":"https:\/\/www.monaco-tribune.com\/wp-content\/uploads\/2022\/02\/houleye-deme.jpeg","contentUrl":"https:\/\/www.monaco-tribune.com\/wp-content\/uploads\/2022\/02\/houleye-deme.jpeg","width":1020,"height":588,"caption":"Marcellofotography06"},{"@type":"BreadcrumbList","@id":"https:\/\/www.monaco-tribune.com\/it\/2022\/02\/houleye-deme-capitana-dellas-monaco-femminile-in-coppa-di-francia-non-abbiamo-mai-ceduto\/#breadcrumb","itemListElement":[{"@type":"ListItem","position":1,"name":"Accueil","item":"https:\/\/www.monaco-tribune.com\/it\/"},{"@type":"ListItem","position":2,"name":"Houleye Deme, capitana dell&rsquo;AS Monaco Femminile: \u00ab\u00a0In Coppa di Francia, non abbiamo mai ceduto!\u00a0\u00bb"}]},{"@type":"WebSite","@id":"https:\/\/www.monaco-tribune.com\/it\/#website","url":"https:\/\/www.monaco-tribune.com\/it\/","name":"Monaco Tribune","description":"Monaco : actualit\u00e9s \u00e9conomiques, politiques, culturelles et sportives de Monaco et de la French Riviera.","publisher":{"@id":"https:\/\/www.monaco-tribune.com\/it\/#organization"},"potentialAction":[{"@type":"SearchAction","target":{"@type":"EntryPoint","urlTemplate":"https:\/\/www.monaco-tribune.com\/it\/?s={search_term_string}"},"query-input":{"@type":"PropertyValueSpecification","valueRequired":true,"valueName":"search_term_string"}}],"inLanguage":"it-IT"},{"@type":"Organization","@id":"https:\/\/www.monaco-tribune.com\/it\/#organization","name":"Monaco Tribune","url":"https:\/\/www.monaco-tribune.com\/it\/","logo":{"@type":"ImageObject","inLanguage":"it-IT","@id":"https:\/\/www.monaco-tribune.com\/it\/#\/schema\/logo\/image\/","url":"https:\/\/www.monaco-tribune.com\/wp-content\/uploads\/2022\/11\/logo-monaco-tribune.png","contentUrl":"https:\/\/www.monaco-tribune.com\/wp-content\/uploads\/2022\/11\/logo-monaco-tribune.png","width":1548,"height":600,"caption":"Monaco Tribune"},"image":{"@id":"https:\/\/www.monaco-tribune.com\/it\/#\/schema\/logo\/image\/"},"sameAs":["https:\/\/www.facebook.com\/MonacoTribune","https:\/\/x.com\/MonacoTribune","https:\/\/www.instagram.com\/monacotribune\/","https:\/\/www.linkedin.com\/company\/monaco-tribune","https:\/\/www.youtube.com\/channel\/UCHle1MnG6hw1y4lWKijVbMA"]},{"@type":"Person","@id":"https:\/\/www.monaco-tribune.com\/it\/#\/schema\/person\/a855d420fff4d03637641d60b93ac62e","name":"Camille Esteve","image":{"@type":"ImageObject","inLanguage":"it-IT","@id":"https:\/\/secure.gravatar.com\/avatar\/eaaa2355a7bb56c0018a391c20a55bf9b4690e3f493231dd850e612bfa6ce161?s=96&d=mm&r=g","url":"https:\/\/secure.gravatar.com\/avatar\/eaaa2355a7bb56c0018a391c20a55bf9b4690e3f493231dd850e612bfa6ce161?s=96&d=mm&r=g","contentUrl":"https:\/\/secure.gravatar.com\/avatar\/eaaa2355a7bb56c0018a391c20a55bf9b4690e3f493231dd850e612bfa6ce161?s=96&d=mm&r=g","caption":"Camille Esteve"},"url":"https:\/\/www.monaco-tribune.com\/it\/author\/camilleesteve\/"}]}},"_links":{"self":[{"href":"https:\/\/www.monaco-tribune.com\/it\/wp-json\/wp\/v2\/posts\/109981","targetHints":{"allow":["GET"]}}],"collection":[{"href":"https:\/\/www.monaco-tribune.com\/it\/wp-json\/wp\/v2\/posts"}],"about":[{"href":"https:\/\/www.monaco-tribune.com\/it\/wp-json\/wp\/v2\/types\/post"}],"author":[{"embeddable":true,"href":"https:\/\/www.monaco-tribune.com\/it\/wp-json\/wp\/v2\/users\/60"}],"replies":[{"embeddable":true,"href":"https:\/\/www.monaco-tribune.com\/it\/wp-json\/wp\/v2\/comments?post=109981"}],"version-history":[{"count":0,"href":"https:\/\/www.monaco-tribune.com\/it\/wp-json\/wp\/v2\/posts\/109981\/revisions"}],"wp:featuredmedia":[{"embeddable":true,"href":"https:\/\/www.monaco-tribune.com\/it\/wp-json\/wp\/v2\/media\/109895"}],"wp:attachment":[{"href":"https:\/\/www.monaco-tribune.com\/it\/wp-json\/wp\/v2\/media?parent=109981"}],"wp:term":[{"taxonomy":"category","embeddable":true,"href":"https:\/\/www.monaco-tribune.com\/it\/wp-json\/wp\/v2\/categories?post=109981"},{"taxonomy":"post_tag","embeddable":true,"href":"https:\/\/www.monaco-tribune.com\/it\/wp-json\/wp\/v2\/tags?post=109981"},{"taxonomy":"sectag","embeddable":true,"href":"https:\/\/www.monaco-tribune.com\/it\/wp-json\/wp\/v2\/post_sectags?post=109981"},{"taxonomy":"format","embeddable":true,"href":"https:\/\/www.monaco-tribune.com\/it\/wp-json\/wp\/v2\/post_format?post=109981"}],"curies":[{"name":"wp","href":"https:\/\/api.w.org\/{rel}","templated":true}]}}