{"id":110077,"date":"2022-02-09T11:57:41","date_gmt":"2022-02-09T10:57:41","guid":{"rendered":"https:\/\/www.monaco-tribune.com\/2022\/02\/coppa-di-francia-as-monaco-a-un-passo-dalla-finale\/"},"modified":"2022-02-09T11:57:46","modified_gmt":"2022-02-09T10:57:46","slug":"coppa-di-francia-as-monaco-a-un-passo-dalla-finale","status":"publish","type":"post","link":"https:\/\/www.monaco-tribune.com\/it\/2022\/02\/coppa-di-francia-as-monaco-a-un-passo-dalla-finale\/","title":{"rendered":"Coppa di Francia: AS Monaco a un passo dalla finale"},"content":{"rendered":"\n<p><strong>Marted\u00ec sera al Louis II, l&#8217;AS Monaco ha stracciato l&#8217;Amiens 2 a 0, staccando cos\u00ec il pass per le semifinali di Coppa di Francia.<\/strong><\/p>\n\n<h2 class=\"wp-block-heading\" id=\"h-le-match-2-0\">La partita: 2-0<\/h2>\n\n<p>Anche questa stagione l&#8217;AS Monaco disputer\u00e0 la semifinale di Coppa di Francia. Nella partita contro l&#8217;Amiens, squadra di Ligue 2, il Monaco ha dominato l&#8217;incontro e si \u00e8 definitivamente imposto al ritorno dagli spogliatoi.<\/p>\n\n<p>\u00c8 Aur\u00e9lien Tchouam\u00e9ni ad aprire il punteggio, con un tiro perfetto al 5&#8242; (1-0). Ma gli avversari non si sono lasciati abbattere e, nel primo tempo, si sono procurati qualche occasione, come il tiro in porta di Chadrac Akolo (25&#8242;) annullato per fuorigioco.<\/p>\n\n<p>Nel secondo tempo, gli uomini di Philippe Clement hanno tremato per un tiro di Abdoul Kader Bamba, deviato in modo impeccabile da Vito Mannone (48&#8242;). Riescono poi a mettere a segno un altro gol, questa volta grazie a Kevin Volland che segna su un assist di Maghnes Akliouche (vedi sotto).<\/p>\n\n<p>Da questo momento in poi, gestiscono tranquillamente il loro vantaggio, conquistando una vittoria netta, senza troppe ansie, che permette all&#8217;AS Monaco di avvicinarsi alla finale. Gi\u00e0 finalisti l&#8217;anno scorso, i monegaschi ora hanno un solo obiettivo: conquistare la sesta Coppa di Francia della storia dell&#8217;ASM.<\/p>\n\n<p><strong>LEGGI ANCHE<\/strong>:<a href=\"https:\/\/www.monaco-tribune.com\/it\/2022\/02\/ligue-1-las-monaco-si-avvicina-al-podio-dopo-la-vittoria-contro-il-lione\/\"> Ligue 1: l\u2019AS Monaco si avvicina al podio dopo la vittoria contro il Lione<\/a><\/p>\n\n<h2 class=\"wp-block-heading\">Il giocatore: Maghnes Akliouche non passa inosservato<\/h2>\n\n<p>Per la sua prima partita da titolare con la maglia dell&#8217;AS Monaco, Maghnes Akliouche si \u00e8 rivelato una bella promessa. A soli 19 anni, il trequartista \u00e8 l&#8217;ultima gemma del centro di formazione monegasco.<\/p>\n\n<p>In questo incontro, Maghnes Akliouche si \u00e8 confermato all&#8217;altezza della sua bella reputazione mostrandosi a suo agio nell&#8217;eseguire le tattiche di Philippe Clement.<\/p>\n\n<p><strong>LEGGI ANCHE<\/strong>: <a href=\"https:\/\/www.monaco-tribune.com\/it\/2021\/10\/oleg-petrov-la-formazione-dei-giovani-fa-parte-del-dna-dellas-monaco\/\">Oleg Petrov: \u201cLa formazione dei giovani fa parte del DNA dell\u2019AS Monaco\u201d<\/a><\/p>\n\n<p>Allineato sulla fascia sinistra in attacco a fianco di Gelson Martins e Kevin Volland, la giovane promessa monegasca ha lasciato che fossero la sua tecnica e il suo altruismo a parlare per lui, effettuando un passaggio decisivo che ha permesso a Kevin Volland di segnare (2-0, 54&#8242;).<\/p>\n\n<p>Dopo aver eliminato due avversari in area di rigore con una facilit\u00e0 estrema, Akliouche ha servito alla perfezione l&#8217;internazionale tedesco. Una prestazione pi\u00f9 che riuscita a cui ne seguiranno sicuramente molte altre.<\/p>\n\n<h2 class=\"wp-block-heading\">Il numero: 4<\/h2>\n\n<p>Come il numero di vittorie con Philippe Clement sulla panchina dell&#8217;AS Monaco in sei incontri (4 vittorie, 1 pareggio, 1 sconfitta). <\/p>\n\n<h2 class=\"wp-block-heading\">La frase: &#8220;Arrivare il pi\u00f9 lontano possibile&#8221;<\/h2>\n\n<p>Ruben Aguilar: &#8220;La cosa pi\u00f9 importante \u00e8 qualificarsi. Possiamo sempre fare di meglio, ma non abbiamo incassato neanche un gol contro una squadra abbastanza forte come l&#8217;Amiens. Sono trentun&#8217;anni che il club non vince la Coppa di Francia. Proveremo ad arrivare il pi\u00f9 lontano possibile e, perch\u00e9 no, a vincere la competizione&#8221;.<\/p>\n","protected":false},"excerpt":{"rendered":"<p>Marted\u00ec sera al Louis II, l&#8217;AS Monaco ha stracciato l&#8217;Amiens 2 a 0, staccando cos\u00ec il pass per le semifinali [&hellip;]<\/p>\n","protected":false},"author":24,"featured_media":110012,"comment_status":"closed","ping_status":"closed","sticky":false,"template":"","format":"standard","meta":{"_acf_changed":false,"footnotes":""},"categories":[1738,1743],"tags":[2846],"post_sectags":[],"post_format":[2478],"class_list":["post-110077","post","type-post","status-publish","format-standard","has-post-thumbnail","hentry","category-notizie","category-sport-it","tag-as-monaco-it-2","format-notizia"],"acf":[],"yoast_head":"<!-- This site is optimized with the Yoast SEO Premium plugin v26.8 (Yoast SEO v27.4) - https:\/\/yoast.com\/product\/yoast-seo-premium-wordpress\/ -->\n<title>Coppa di Francia: AS Monaco a un passo dalla finale<\/title>\n<meta name=\"description\" content=\"Marted\u00ec sera al Louis II, l&#039;AS Monaco ha stracciato l&#039;Amiens 2 a 0, staccando cos\u00ec il pass per le semifinali di Coppa di Francia. La partita: 2-0 Anche\" \/>\n<meta name=\"robots\" content=\"index, follow, max-snippet:-1, max-image-preview:large, max-video-preview:-1\" \/>\n<link rel=\"canonical\" href=\"https:\/\/www.monaco-tribune.com\/it\/2022\/02\/coppa-di-francia-as-monaco-a-un-passo-dalla-finale\/\" \/>\n<meta property=\"og:locale\" content=\"it_IT\" \/>\n<meta property=\"og:type\" content=\"article\" \/>\n<meta property=\"og:title\" content=\"Coppa di Francia: AS Monaco a un passo dalla finale - Monaco Tribune\" \/>\n<meta property=\"og:description\" content=\"Marted\u00ec sera al Louis II, l&#039;AS Monaco ha stracciato l&#039;Amiens 2 a 0, staccando cos\u00ec il pass per le semifinali di Coppa di Francia. La partita: 2-0 Anche\" \/>\n<meta property=\"og:url\" content=\"https:\/\/www.monaco-tribune.com\/it\/2022\/02\/coppa-di-francia-as-monaco-a-un-passo-dalla-finale\/\" \/>\n<meta property=\"og:site_name\" content=\"Monaco Tribune\" \/>\n<meta property=\"article:publisher\" content=\"https:\/\/www.facebook.com\/MonacoTribune\" \/>\n<meta property=\"article:published_time\" content=\"2022-02-09T10:57:41+00:00\" \/>\n<meta property=\"article:modified_time\" content=\"2022-02-09T10:57:46+00:00\" \/>\n<meta property=\"og:image\" content=\"https:\/\/www.monaco-tribune.com\/wp-content\/uploads\/2022\/02\/as-monaco-min-1.jpeg\" \/>\n\t<meta property=\"og:image:width\" content=\"1024\" \/>\n\t<meta property=\"og:image:height\" content=\"623\" \/>\n\t<meta property=\"og:image:type\" content=\"image\/jpeg\" \/>\n<meta name=\"author\" content=\"Romain Boisaubert\" \/>\n<meta name=\"twitter:card\" content=\"summary_large_image\" \/>\n<meta name=\"twitter:creator\" content=\"@MonacoTribune\" \/>\n<meta name=\"twitter:site\" content=\"@MonacoTribune\" \/>\n<script type=\"application\/ld+json\" class=\"yoast-schema-graph\">{\"@context\":\"https:\\\/\\\/schema.org\",\"@graph\":[{\"@type\":\"NewsArticle\",\"@id\":\"https:\\\/\\\/www.monaco-tribune.com\\\/it\\\/2022\\\/02\\\/coppa-di-francia-as-monaco-a-un-passo-dalla-finale\\\/#article\",\"isPartOf\":{\"@id\":\"https:\\\/\\\/www.monaco-tribune.com\\\/it\\\/2022\\\/02\\\/coppa-di-francia-as-monaco-a-un-passo-dalla-finale\\\/\"},\"author\":{\"name\":\"Romain Boisaubert\",\"@id\":\"https:\\\/\\\/www.monaco-tribune.com\\\/it\\\/#\\\/schema\\\/person\\\/330a3732947cf8cb41b2533a0eadd62e\"},\"headline\":\"Coppa di Francia: AS Monaco a un passo dalla finale\",\"datePublished\":\"2022-02-09T10:57:41+00:00\",\"dateModified\":\"2022-02-09T10:57:46+00:00\",\"mainEntityOfPage\":{\"@id\":\"https:\\\/\\\/www.monaco-tribune.com\\\/it\\\/2022\\\/02\\\/coppa-di-francia-as-monaco-a-un-passo-dalla-finale\\\/\"},\"wordCount\":466,\"publisher\":{\"@id\":\"https:\\\/\\\/www.monaco-tribune.com\\\/it\\\/#organization\"},\"image\":{\"@id\":\"https:\\\/\\\/www.monaco-tribune.com\\\/it\\\/2022\\\/02\\\/coppa-di-francia-as-monaco-a-un-passo-dalla-finale\\\/#primaryimage\"},\"thumbnailUrl\":\"https:\\\/\\\/www.monaco-tribune.com\\\/wp-content\\\/uploads\\\/2022\\\/02\\\/as-monaco-min-1.jpeg\",\"keywords\":[\"AS Monaco\"],\"articleSection\":[\"Notizie\",\"Sport\"],\"inLanguage\":\"it-IT\",\"copyrightYear\":\"2022\",\"copyrightHolder\":{\"@id\":\"https:\\\/\\\/www.monaco-tribune.com\\\/#organization\"}},{\"@type\":\"WebPage\",\"@id\":\"https:\\\/\\\/www.monaco-tribune.com\\\/it\\\/2022\\\/02\\\/coppa-di-francia-as-monaco-a-un-passo-dalla-finale\\\/\",\"url\":\"https:\\\/\\\/www.monaco-tribune.com\\\/it\\\/2022\\\/02\\\/coppa-di-francia-as-monaco-a-un-passo-dalla-finale\\\/\",\"name\":\"Coppa di Francia: AS Monaco a un passo dalla finale\",\"isPartOf\":{\"@id\":\"https:\\\/\\\/www.monaco-tribune.com\\\/it\\\/#website\"},\"primaryImageOfPage\":{\"@id\":\"https:\\\/\\\/www.monaco-tribune.com\\\/it\\\/2022\\\/02\\\/coppa-di-francia-as-monaco-a-un-passo-dalla-finale\\\/#primaryimage\"},\"image\":{\"@id\":\"https:\\\/\\\/www.monaco-tribune.com\\\/it\\\/2022\\\/02\\\/coppa-di-francia-as-monaco-a-un-passo-dalla-finale\\\/#primaryimage\"},\"thumbnailUrl\":\"https:\\\/\\\/www.monaco-tribune.com\\\/wp-content\\\/uploads\\\/2022\\\/02\\\/as-monaco-min-1.jpeg\",\"datePublished\":\"2022-02-09T10:57:41+00:00\",\"dateModified\":\"2022-02-09T10:57:46+00:00\",\"description\":\"Marted\u00ec sera al Louis II, l'AS Monaco ha stracciato l'Amiens 2 a 0, staccando cos\u00ec il pass per le semifinali di Coppa di Francia. La partita: 2-0 Anche\",\"breadcrumb\":{\"@id\":\"https:\\\/\\\/www.monaco-tribune.com\\\/it\\\/2022\\\/02\\\/coppa-di-francia-as-monaco-a-un-passo-dalla-finale\\\/#breadcrumb\"},\"inLanguage\":\"it-IT\",\"potentialAction\":[{\"@type\":\"ReadAction\",\"target\":[\"https:\\\/\\\/www.monaco-tribune.com\\\/it\\\/2022\\\/02\\\/coppa-di-francia-as-monaco-a-un-passo-dalla-finale\\\/\"]}]},{\"@type\":\"ImageObject\",\"inLanguage\":\"it-IT\",\"@id\":\"https:\\\/\\\/www.monaco-tribune.com\\\/it\\\/2022\\\/02\\\/coppa-di-francia-as-monaco-a-un-passo-dalla-finale\\\/#primaryimage\",\"url\":\"https:\\\/\\\/www.monaco-tribune.com\\\/wp-content\\\/uploads\\\/2022\\\/02\\\/as-monaco-min-1.jpeg\",\"contentUrl\":\"https:\\\/\\\/www.monaco-tribune.com\\\/wp-content\\\/uploads\\\/2022\\\/02\\\/as-monaco-min-1.jpeg\",\"width\":1024,\"height\":623,\"caption\":\"AS Monaco\"},{\"@type\":\"BreadcrumbList\",\"@id\":\"https:\\\/\\\/www.monaco-tribune.com\\\/it\\\/2022\\\/02\\\/coppa-di-francia-as-monaco-a-un-passo-dalla-finale\\\/#breadcrumb\",\"itemListElement\":[{\"@type\":\"ListItem\",\"position\":1,\"name\":\"Accueil\",\"item\":\"https:\\\/\\\/www.monaco-tribune.com\\\/it\\\/\"},{\"@type\":\"ListItem\",\"position\":2,\"name\":\"Coppa di Francia: AS Monaco a un passo dalla finale\"}]},{\"@type\":\"WebSite\",\"@id\":\"https:\\\/\\\/www.monaco-tribune.com\\\/it\\\/#website\",\"url\":\"https:\\\/\\\/www.monaco-tribune.com\\\/it\\\/\",\"name\":\"Monaco Tribune\",\"description\":\"Monaco : actualit\u00e9s \u00e9conomiques, politiques, culturelles et sportives de Monaco et de la French Riviera.\",\"publisher\":{\"@id\":\"https:\\\/\\\/www.monaco-tribune.com\\\/it\\\/#organization\"},\"potentialAction\":[{\"@type\":\"SearchAction\",\"target\":{\"@type\":\"EntryPoint\",\"urlTemplate\":\"https:\\\/\\\/www.monaco-tribune.com\\\/it\\\/?s={search_term_string}\"},\"query-input\":{\"@type\":\"PropertyValueSpecification\",\"valueRequired\":true,\"valueName\":\"search_term_string\"}}],\"inLanguage\":\"it-IT\"},{\"@type\":\"Organization\",\"@id\":\"https:\\\/\\\/www.monaco-tribune.com\\\/it\\\/#organization\",\"name\":\"Monaco Tribune\",\"url\":\"https:\\\/\\\/www.monaco-tribune.com\\\/it\\\/\",\"logo\":{\"@type\":\"ImageObject\",\"inLanguage\":\"it-IT\",\"@id\":\"https:\\\/\\\/www.monaco-tribune.com\\\/it\\\/#\\\/schema\\\/logo\\\/image\\\/\",\"url\":\"https:\\\/\\\/www.monaco-tribune.com\\\/wp-content\\\/uploads\\\/2022\\\/11\\\/logo-monaco-tribune.png\",\"contentUrl\":\"https:\\\/\\\/www.monaco-tribune.com\\\/wp-content\\\/uploads\\\/2022\\\/11\\\/logo-monaco-tribune.png\",\"width\":1548,\"height\":600,\"caption\":\"Monaco Tribune\"},\"image\":{\"@id\":\"https:\\\/\\\/www.monaco-tribune.com\\\/it\\\/#\\\/schema\\\/logo\\\/image\\\/\"},\"sameAs\":[\"https:\\\/\\\/www.facebook.com\\\/MonacoTribune\",\"https:\\\/\\\/x.com\\\/MonacoTribune\",\"https:\\\/\\\/www.instagram.com\\\/monacotribune\\\/\",\"https:\\\/\\\/www.linkedin.com\\\/company\\\/monaco-tribune\",\"https:\\\/\\\/www.youtube.com\\\/channel\\\/UCHle1MnG6hw1y4lWKijVbMA\"]},{\"@type\":\"Person\",\"@id\":\"https:\\\/\\\/www.monaco-tribune.com\\\/it\\\/#\\\/schema\\\/person\\\/330a3732947cf8cb41b2533a0eadd62e\",\"name\":\"Romain Boisaubert\",\"image\":{\"@type\":\"ImageObject\",\"inLanguage\":\"it-IT\",\"@id\":\"https:\\\/\\\/secure.gravatar.com\\\/avatar\\\/f8b90d41f1eabd1cbe4cf59e09d8db41a697d51919bf2dfe727589a24a4a4d54?s=96&d=mm&r=g\",\"url\":\"https:\\\/\\\/secure.gravatar.com\\\/avatar\\\/f8b90d41f1eabd1cbe4cf59e09d8db41a697d51919bf2dfe727589a24a4a4d54?s=96&d=mm&r=g\",\"contentUrl\":\"https:\\\/\\\/secure.gravatar.com\\\/avatar\\\/f8b90d41f1eabd1cbe4cf59e09d8db41a697d51919bf2dfe727589a24a4a4d54?s=96&d=mm&r=g\",\"caption\":\"Romain Boisaubert\"},\"description\":\"Test bio\",\"url\":\"https:\\\/\\\/www.monaco-tribune.com\\\/it\\\/author\\\/romain-boisaubert\\\/\"}]}<\/script>\n<!-- \/ Yoast SEO Premium plugin. -->","yoast_head_json":{"title":"Coppa di Francia: AS Monaco a un passo dalla finale","description":"Marted\u00ec sera al Louis II, l'AS Monaco ha stracciato l'Amiens 2 a 0, staccando cos\u00ec il pass per le semifinali di Coppa di Francia. La partita: 2-0 Anche","robots":{"index":"index","follow":"follow","max-snippet":"max-snippet:-1","max-image-preview":"max-image-preview:large","max-video-preview":"max-video-preview:-1"},"canonical":"https:\/\/www.monaco-tribune.com\/it\/2022\/02\/coppa-di-francia-as-monaco-a-un-passo-dalla-finale\/","og_locale":"it_IT","og_type":"article","og_title":"Coppa di Francia: AS Monaco a un passo dalla finale - Monaco Tribune","og_description":"Marted\u00ec sera al Louis II, l'AS Monaco ha stracciato l'Amiens 2 a 0, staccando cos\u00ec il pass per le semifinali di Coppa di Francia. La partita: 2-0 Anche","og_url":"https:\/\/www.monaco-tribune.com\/it\/2022\/02\/coppa-di-francia-as-monaco-a-un-passo-dalla-finale\/","og_site_name":"Monaco Tribune","article_publisher":"https:\/\/www.facebook.com\/MonacoTribune","article_published_time":"2022-02-09T10:57:41+00:00","article_modified_time":"2022-02-09T10:57:46+00:00","og_image":[{"width":1024,"height":623,"url":"https:\/\/www.monaco-tribune.com\/wp-content\/uploads\/2022\/02\/as-monaco-min-1.jpeg","type":"image\/jpeg"}],"author":"Romain Boisaubert","twitter_card":"summary_large_image","twitter_creator":"@MonacoTribune","twitter_site":"@MonacoTribune","schema":{"@context":"https:\/\/schema.org","@graph":[{"@type":"NewsArticle","@id":"https:\/\/www.monaco-tribune.com\/it\/2022\/02\/coppa-di-francia-as-monaco-a-un-passo-dalla-finale\/#article","isPartOf":{"@id":"https:\/\/www.monaco-tribune.com\/it\/2022\/02\/coppa-di-francia-as-monaco-a-un-passo-dalla-finale\/"},"author":{"name":"Romain Boisaubert","@id":"https:\/\/www.monaco-tribune.com\/it\/#\/schema\/person\/330a3732947cf8cb41b2533a0eadd62e"},"headline":"Coppa di Francia: AS Monaco a un passo dalla finale","datePublished":"2022-02-09T10:57:41+00:00","dateModified":"2022-02-09T10:57:46+00:00","mainEntityOfPage":{"@id":"https:\/\/www.monaco-tribune.com\/it\/2022\/02\/coppa-di-francia-as-monaco-a-un-passo-dalla-finale\/"},"wordCount":466,"publisher":{"@id":"https:\/\/www.monaco-tribune.com\/it\/#organization"},"image":{"@id":"https:\/\/www.monaco-tribune.com\/it\/2022\/02\/coppa-di-francia-as-monaco-a-un-passo-dalla-finale\/#primaryimage"},"thumbnailUrl":"https:\/\/www.monaco-tribune.com\/wp-content\/uploads\/2022\/02\/as-monaco-min-1.jpeg","keywords":["AS Monaco"],"articleSection":["Notizie","Sport"],"inLanguage":"it-IT","copyrightYear":"2022","copyrightHolder":{"@id":"https:\/\/www.monaco-tribune.com\/#organization"}},{"@type":"WebPage","@id":"https:\/\/www.monaco-tribune.com\/it\/2022\/02\/coppa-di-francia-as-monaco-a-un-passo-dalla-finale\/","url":"https:\/\/www.monaco-tribune.com\/it\/2022\/02\/coppa-di-francia-as-monaco-a-un-passo-dalla-finale\/","name":"Coppa di Francia: AS Monaco a un passo dalla finale","isPartOf":{"@id":"https:\/\/www.monaco-tribune.com\/it\/#website"},"primaryImageOfPage":{"@id":"https:\/\/www.monaco-tribune.com\/it\/2022\/02\/coppa-di-francia-as-monaco-a-un-passo-dalla-finale\/#primaryimage"},"image":{"@id":"https:\/\/www.monaco-tribune.com\/it\/2022\/02\/coppa-di-francia-as-monaco-a-un-passo-dalla-finale\/#primaryimage"},"thumbnailUrl":"https:\/\/www.monaco-tribune.com\/wp-content\/uploads\/2022\/02\/as-monaco-min-1.jpeg","datePublished":"2022-02-09T10:57:41+00:00","dateModified":"2022-02-09T10:57:46+00:00","description":"Marted\u00ec sera al Louis II, l'AS Monaco ha stracciato l'Amiens 2 a 0, staccando cos\u00ec il pass per le semifinali di Coppa di Francia. La partita: 2-0 Anche","breadcrumb":{"@id":"https:\/\/www.monaco-tribune.com\/it\/2022\/02\/coppa-di-francia-as-monaco-a-un-passo-dalla-finale\/#breadcrumb"},"inLanguage":"it-IT","potentialAction":[{"@type":"ReadAction","target":["https:\/\/www.monaco-tribune.com\/it\/2022\/02\/coppa-di-francia-as-monaco-a-un-passo-dalla-finale\/"]}]},{"@type":"ImageObject","inLanguage":"it-IT","@id":"https:\/\/www.monaco-tribune.com\/it\/2022\/02\/coppa-di-francia-as-monaco-a-un-passo-dalla-finale\/#primaryimage","url":"https:\/\/www.monaco-tribune.com\/wp-content\/uploads\/2022\/02\/as-monaco-min-1.jpeg","contentUrl":"https:\/\/www.monaco-tribune.com\/wp-content\/uploads\/2022\/02\/as-monaco-min-1.jpeg","width":1024,"height":623,"caption":"AS Monaco"},{"@type":"BreadcrumbList","@id":"https:\/\/www.monaco-tribune.com\/it\/2022\/02\/coppa-di-francia-as-monaco-a-un-passo-dalla-finale\/#breadcrumb","itemListElement":[{"@type":"ListItem","position":1,"name":"Accueil","item":"https:\/\/www.monaco-tribune.com\/it\/"},{"@type":"ListItem","position":2,"name":"Coppa di Francia: AS Monaco a un passo dalla finale"}]},{"@type":"WebSite","@id":"https:\/\/www.monaco-tribune.com\/it\/#website","url":"https:\/\/www.monaco-tribune.com\/it\/","name":"Monaco Tribune","description":"Monaco : actualit\u00e9s \u00e9conomiques, politiques, culturelles et sportives de Monaco et de la French Riviera.","publisher":{"@id":"https:\/\/www.monaco-tribune.com\/it\/#organization"},"potentialAction":[{"@type":"SearchAction","target":{"@type":"EntryPoint","urlTemplate":"https:\/\/www.monaco-tribune.com\/it\/?s={search_term_string}"},"query-input":{"@type":"PropertyValueSpecification","valueRequired":true,"valueName":"search_term_string"}}],"inLanguage":"it-IT"},{"@type":"Organization","@id":"https:\/\/www.monaco-tribune.com\/it\/#organization","name":"Monaco Tribune","url":"https:\/\/www.monaco-tribune.com\/it\/","logo":{"@type":"ImageObject","inLanguage":"it-IT","@id":"https:\/\/www.monaco-tribune.com\/it\/#\/schema\/logo\/image\/","url":"https:\/\/www.monaco-tribune.com\/wp-content\/uploads\/2022\/11\/logo-monaco-tribune.png","contentUrl":"https:\/\/www.monaco-tribune.com\/wp-content\/uploads\/2022\/11\/logo-monaco-tribune.png","width":1548,"height":600,"caption":"Monaco Tribune"},"image":{"@id":"https:\/\/www.monaco-tribune.com\/it\/#\/schema\/logo\/image\/"},"sameAs":["https:\/\/www.facebook.com\/MonacoTribune","https:\/\/x.com\/MonacoTribune","https:\/\/www.instagram.com\/monacotribune\/","https:\/\/www.linkedin.com\/company\/monaco-tribune","https:\/\/www.youtube.com\/channel\/UCHle1MnG6hw1y4lWKijVbMA"]},{"@type":"Person","@id":"https:\/\/www.monaco-tribune.com\/it\/#\/schema\/person\/330a3732947cf8cb41b2533a0eadd62e","name":"Romain Boisaubert","image":{"@type":"ImageObject","inLanguage":"it-IT","@id":"https:\/\/secure.gravatar.com\/avatar\/f8b90d41f1eabd1cbe4cf59e09d8db41a697d51919bf2dfe727589a24a4a4d54?s=96&d=mm&r=g","url":"https:\/\/secure.gravatar.com\/avatar\/f8b90d41f1eabd1cbe4cf59e09d8db41a697d51919bf2dfe727589a24a4a4d54?s=96&d=mm&r=g","contentUrl":"https:\/\/secure.gravatar.com\/avatar\/f8b90d41f1eabd1cbe4cf59e09d8db41a697d51919bf2dfe727589a24a4a4d54?s=96&d=mm&r=g","caption":"Romain Boisaubert"},"description":"Test bio","url":"https:\/\/www.monaco-tribune.com\/it\/author\/romain-boisaubert\/"}]}},"_links":{"self":[{"href":"https:\/\/www.monaco-tribune.com\/it\/wp-json\/wp\/v2\/posts\/110077","targetHints":{"allow":["GET"]}}],"collection":[{"href":"https:\/\/www.monaco-tribune.com\/it\/wp-json\/wp\/v2\/posts"}],"about":[{"href":"https:\/\/www.monaco-tribune.com\/it\/wp-json\/wp\/v2\/types\/post"}],"author":[{"embeddable":true,"href":"https:\/\/www.monaco-tribune.com\/it\/wp-json\/wp\/v2\/users\/24"}],"replies":[{"embeddable":true,"href":"https:\/\/www.monaco-tribune.com\/it\/wp-json\/wp\/v2\/comments?post=110077"}],"version-history":[{"count":0,"href":"https:\/\/www.monaco-tribune.com\/it\/wp-json\/wp\/v2\/posts\/110077\/revisions"}],"wp:featuredmedia":[{"embeddable":true,"href":"https:\/\/www.monaco-tribune.com\/it\/wp-json\/wp\/v2\/media\/110012"}],"wp:attachment":[{"href":"https:\/\/www.monaco-tribune.com\/it\/wp-json\/wp\/v2\/media?parent=110077"}],"wp:term":[{"taxonomy":"category","embeddable":true,"href":"https:\/\/www.monaco-tribune.com\/it\/wp-json\/wp\/v2\/categories?post=110077"},{"taxonomy":"post_tag","embeddable":true,"href":"https:\/\/www.monaco-tribune.com\/it\/wp-json\/wp\/v2\/tags?post=110077"},{"taxonomy":"sectag","embeddable":true,"href":"https:\/\/www.monaco-tribune.com\/it\/wp-json\/wp\/v2\/post_sectags?post=110077"},{"taxonomy":"format","embeddable":true,"href":"https:\/\/www.monaco-tribune.com\/it\/wp-json\/wp\/v2\/post_format?post=110077"}],"curies":[{"name":"wp","href":"https:\/\/api.w.org\/{rel}","templated":true}]}}