{"id":110129,"date":"2022-02-09T17:17:00","date_gmt":"2022-02-09T16:17:00","guid":{"rendered":"https:\/\/www.monaco-tribune.com\/2022\/02\/due-chiacchiere-con-davide-lewton-brain-lorgoglio-monegasco-del-pattinaggio\/"},"modified":"2022-02-10T10:13:01","modified_gmt":"2022-02-10T09:13:01","slug":"due-chiacchiere-con-davide-lewton-brain-lorgoglio-monegasco-del-pattinaggio","status":"publish","type":"post","link":"https:\/\/www.monaco-tribune.com\/it\/2022\/02\/due-chiacchiere-con-davide-lewton-brain-lorgoglio-monegasco-del-pattinaggio\/","title":{"rendered":"Due chiacchiere con Davide Lewton Brain, l&#8217;orgoglio monegasco del pattinaggio"},"content":{"rendered":"\n<p><strong>Grande promessa della sua disciplina, il pattinatore artistico monegasco ha iniziato la stagione con il piede giusto. Abbiamo deciso di ripercorrere la carriera di questo atleta ambizioso e appassionato, orgoglio del Principato in tutto il mondo.<\/strong><\/p>\n\n\n\n<p>Forse l&#8217;avrete incontrato qualche anno fa sulla pista di pattinaggio provvisoria di Port Hercule, era un bambino castano di otto anni piuttosto bravo a pattinare. Quindici anni dopo, Davide Lewton Brain \u00e8 diventato l&#8217;orgoglio del Principato a livello internazionale.<\/p>\n\n\n\n<p>C&#8217;\u00e8 da dire che con una madre nella compagnia del Ballets de Monte-Carlo e un padre ex ballerino e oggi osteopata, il destino del giovane sembrava gi\u00e0 segnato. A 23 anni, il ragazzo nizzardo, di origine italiana da parte di madre e inglese da parte di padre, difende i colori del Monaco nelle competizioni internazionali di pattinaggio artistico.<\/p>\n\n\n\n<h2 class=\"wp-block-heading\" id=\"h-le-olimpiadi-il-suo-sogno\">Le Olimpiadi? Il suo sogno<\/h2>\n\n\n\n<p>Studente di marketing, Davide ha partecipato di recente al campionato d&#8217;Europa che si \u00e8 svolto a Tallin, in Estonia, dove ha brillato ancora una volta confermando i suoi progressi. Dopo essersi quasi qualificato per le Olimpiadi invernali, attualmente in corso a Pechino (Cina) con <a href=\"https:\/\/www.monaco-tribune.com\/it\/2022\/01\/chi-sono-gli-atleti-monegaschi-che-parteciparanno-ai-giochi-olimpici-invernali-di-pechino\/\">il Principato rappresentato da tre atleti<\/a>, Davide Lewton Brain sogna di qualificarsi ai Giochi Olimpici del 2026.<\/p>\n\n\n\n<blockquote class=\"wp-block-quote is-layout-flow wp-block-quote-is-layout-flow\"><p>Con dei genitori ballerini, Davide era geneticamente predisposto per il pattinaggio artistico<\/p><cite>Val\u00e9rie Gallo<\/cite><\/blockquote>\n\n\n\n<p>Ma prima dell&#8217;evento olimpico, il giovane pensa ai Mondiali che si svolgeranno a marzo vicino Montpellier. &#8220;Mi restano ancora tre gare a febbraio per qualificarmi &#8220;, ci ha confidato da Sofia in Bulgaria, dove si tiene il primo di questi tre eventi, che lo ha visto guadagnarsi un secondo posto nel programma corto. &#8220;Dopo due anni frustranti a causa della pandemia da Covid-19, sono motivato a portare avanti una grande stagione&#8221;.<\/p>\n\n\n\n<div class=\"wp-block-image\"><figure class=\"aligncenter size-full\"><img loading=\"lazy\" decoding=\"async\" width=\"825\" height=\"445\" src=\"https:\/\/www.monaco-tribune.com\/wp-content\/uploads\/2022\/02\/davide-belinda-schoenberger-min-e1644231617423.jpeg\" alt=\"\" class=\"wp-image-109729\" srcset=\"https:\/\/www.monaco-tribune.com\/wp-content\/uploads\/2022\/02\/davide-belinda-schoenberger-min-e1644231617423.jpeg 825w, https:\/\/www.monaco-tribune.com\/wp-content\/uploads\/2022\/02\/davide-belinda-schoenberger-min-e1644231617423-556x300.jpeg 556w\" sizes=\"auto, (max-width: 825px) 100vw, 825px\" \/><figcaption>\u00a9 Belinda Schoenberger<\/figcaption><\/figure><\/div>\n\n\n\n<p>Appassionato di questo sport da quando l&#8217;ha scoperto all&#8217;et\u00e0 di otto anni sulla pista di pattinaggio all&#8217;aperto del Principato, Davide Lewton Brain \u00e8 pi\u00f9 che determinato a costruirsi una carriera e competere con avversari che hanno iniziato molto prima di lui. \u201cDavide si \u00e8 innamorato del pattinaggio non appena ha iniziato\u201d, sorride Val\u00e9rie Gallo, che lo accompagna da anni alle competizioni e che ha seguito i suoi progressi. \u201cCon dei genitori ballerini, Davide era geneticamente predisposto per il pattinaggio artistico.<\/p>\n\n\n\n<p>\u00c8 riuscito a padroneggiare al meglio i salti grazie a questa genetica, ma oggi deve competere con ragazzi che hanno iniziato a studiare pattinaggio sul ghiaccio all&#8217;et\u00e0 di cinque anni. Hanno imparato a gestire tutte le difficolt\u00e0 tecniche prima della pubert\u00e0 e prima che il corpo si trasformasse. Quando Davide ha iniziato, il suo corpo era gi\u00e0 cambiato. Ma \u00e8 un gran lavoratore che gioca sui suoi punti di forza e ottiene risultati&#8221;.<\/p>\n\n\n\n<p><strong>LEGGI ANCHE<\/strong>:<a href=\"https:\/\/www.monaco-tribune.com\/it\/2021\/09\/intervista-a-hugo-micallef-il-re-del-ring-dalla-spiccata-vena-artistica\/\"> Intervista a Hugo Micallef, il re del ring dalla spiccata vena artistica<\/a><\/p>\n\n\n\n<figure class=\"wp-block-embed aligncenter is-type-video is-provider-youtube wp-block-embed-youtube wp-embed-aspect-16-9 wp-has-aspect-ratio\"><div class=\"wp-block-embed__wrapper\">\n<iframe title=\"Davide Lewton Brain (Monaco) \u2013 2021\/2022 French Figure Skating Championships FS\" width=\"500\" height=\"281\" src=\"https:\/\/www.youtube.com\/embed\/gWHYh2inBEo?feature=oembed\" frameborder=\"0\" allow=\"accelerometer; autoplay; clipboard-write; encrypted-media; gyroscope; picture-in-picture; web-share\" referrerpolicy=\"strict-origin-when-cross-origin\" allowfullscreen><\/iframe>\n<\/div><\/figure>\n\n\n\n<h2 class=\"wp-block-heading\">Annecy, la sua citt\u00e0 d&#8217;adozione<\/h2>\n\n\n\n<p>Vero \u00e8 che rispetto ai suoi coetanei dell&#8217;Est e del Nord Europa, e anche della Francia, crescendo Davide non ha avuto accesso alle stesse infrastrutture. Membro della Federazione monegasca di pattinaggio (FMP), all&#8217;et\u00e0 di quindici anni il nizzardo ha dovuto trasferirsi vicino ad Annecy per continuare la sua formazione. Una citt\u00e0 affascinante che il ragazzo non ha pi\u00f9 lasciato, rinomata per il suo centro storico e le sue strade acciottolate, ma anche per i numerosi canali e il lago.<\/p>\n\n\n\n<blockquote class=\"wp-block-quote is-layout-flow wp-block-quote-is-layout-flow\"><p>Non \u00e8 facile conciliare tutto, ma sono consapevole di quanto sia fortunato a praticare quotidianamente la mia passione<\/p><cite>Davide Lewton Brain<\/cite><\/blockquote>\n\n\n\n<p>\u201cNon riuscivo a credere di poter vivere in una citt\u00e0 che non avesse sbocchi sull&#8217;acqua, come Grenoble o Parigi. Quando cresci a Monaco, con il mare ogni estate, hai bisogno di una citt\u00e0 con attivit\u00e0 all&#8217;aria aperta&#8221;, sorride il ragazzo, che divide le sue lunghe giornate tra gli allenamenti e gli studi di marketing a distanza. &#8220;Faccio anche sessioni di preparazione fisica e mentale. Non \u00e8 facile conciliare tutto, ma sono consapevole di quanto sia fortunato a praticare quotidianamente la mia passione&#8221;.<\/p>\n\n\n\n<p>&#8220;Riservato, ma divertente e piacevole&#8221; \u00e8 cos\u00ec che lo definisce Val\u00e9rie Gallo. Il <em>prot\u00e9g\u00e9<\/em> della FMP non nasconde il suo orgoglio nell&#8217;indossare a testa alta i colori del Principato. \u201cNon ci sono molti pattinatori monegaschi, quindi \u00e8 sempre un piacere portare la bandiera del Principato in giro per il mondo&#8221;. Un\u2019esperienza gi\u00e0 indimenticabile che spera possa durare il pi\u00f9 a lungo possibile.<\/p>\n\n\n\n<p><strong>LEGGI ANCHE<\/strong>: <a href=\"https:\/\/www.monaco-tribune.com\/it\/2021\/08\/incontro-laura-gramaglia-promettente-cavallerizza-monegasca-di-endurance-equestre\/\">INCONTRO. Laura Gramaglia, promettente cavallerizza monegasca di endurance equestre<\/a><\/p>\n","protected":false},"excerpt":{"rendered":"<p>Grande promessa della sua disciplina, il pattinatore artistico monegasco ha iniziato la stagione con il piede giusto. Abbiamo deciso di [&hellip;]<\/p>\n","protected":false},"author":24,"featured_media":109724,"comment_status":"closed","ping_status":"closed","sticky":false,"template":"","format":"standard","meta":{"_acf_changed":false,"footnotes":""},"categories":[1826,1738,1743],"tags":[],"post_sectags":[],"post_format":[2480],"class_list":["post-110129","post","type-post","status-publish","format-standard","has-post-thumbnail","hentry","category-la-nostra-scelta","category-notizie","category-sport-it","format-profilo"],"acf":[],"yoast_head":"<!-- This site is optimized with the Yoast SEO Premium plugin v26.8 (Yoast SEO v27.4) - https:\/\/yoast.com\/product\/yoast-seo-premium-wordpress\/ -->\n<title>Due chiacchiere con Davide Lewton Brain, l&#039;orgoglio monegasco del pattinaggio<\/title>\n<meta name=\"description\" content=\"Grande promessa della sua disciplina, il pattinatore artistico monegasco ha iniziato la stagione con il piede giusto. Abbiamo deciso di ripercorrere la\" \/>\n<meta name=\"robots\" content=\"index, follow, max-snippet:-1, max-image-preview:large, max-video-preview:-1\" \/>\n<link rel=\"canonical\" href=\"https:\/\/www.monaco-tribune.com\/it\/2022\/02\/due-chiacchiere-con-davide-lewton-brain-lorgoglio-monegasco-del-pattinaggio\/\" \/>\n<meta property=\"og:locale\" content=\"it_IT\" \/>\n<meta property=\"og:type\" content=\"article\" \/>\n<meta property=\"og:title\" content=\"Due chiacchiere con Davide Lewton Brain, l&#039;orgoglio monegasco del pattinaggio - Monaco Tribune\" \/>\n<meta property=\"og:description\" content=\"Grande promessa della sua disciplina, il pattinatore artistico monegasco ha iniziato la stagione con il piede giusto. Abbiamo deciso di ripercorrere la\" \/>\n<meta property=\"og:url\" content=\"https:\/\/www.monaco-tribune.com\/it\/2022\/02\/due-chiacchiere-con-davide-lewton-brain-lorgoglio-monegasco-del-pattinaggio\/\" \/>\n<meta property=\"og:site_name\" content=\"Monaco Tribune\" \/>\n<meta property=\"article:publisher\" content=\"https:\/\/www.facebook.com\/MonacoTribune\" \/>\n<meta property=\"article:published_time\" content=\"2022-02-09T16:17:00+00:00\" \/>\n<meta property=\"article:modified_time\" content=\"2022-02-10T09:13:01+00:00\" \/>\n<meta property=\"og:image\" content=\"https:\/\/www.monaco-tribune.com\/wp-content\/uploads\/2022\/02\/lewton-brain-davide-min.jpeg\" \/>\n\t<meta property=\"og:image:width\" content=\"822\" \/>\n\t<meta property=\"og:image:height\" content=\"477\" \/>\n\t<meta property=\"og:image:type\" content=\"image\/jpeg\" \/>\n<meta name=\"author\" content=\"Romain Boisaubert\" \/>\n<meta name=\"twitter:card\" content=\"summary_large_image\" \/>\n<meta name=\"twitter:creator\" content=\"@MonacoTribune\" \/>\n<meta name=\"twitter:site\" content=\"@MonacoTribune\" \/>\n<script type=\"application\/ld+json\" class=\"yoast-schema-graph\">{\"@context\":\"https:\\\/\\\/schema.org\",\"@graph\":[{\"@type\":\"NewsArticle\",\"@id\":\"https:\\\/\\\/www.monaco-tribune.com\\\/it\\\/2022\\\/02\\\/due-chiacchiere-con-davide-lewton-brain-lorgoglio-monegasco-del-pattinaggio\\\/#article\",\"isPartOf\":{\"@id\":\"https:\\\/\\\/www.monaco-tribune.com\\\/it\\\/2022\\\/02\\\/due-chiacchiere-con-davide-lewton-brain-lorgoglio-monegasco-del-pattinaggio\\\/\"},\"author\":{\"name\":\"Romain Boisaubert\",\"@id\":\"https:\\\/\\\/www.monaco-tribune.com\\\/it\\\/#\\\/schema\\\/person\\\/330a3732947cf8cb41b2533a0eadd62e\"},\"headline\":\"Due chiacchiere con Davide Lewton Brain, l&#8217;orgoglio monegasco del pattinaggio\",\"datePublished\":\"2022-02-09T16:17:00+00:00\",\"dateModified\":\"2022-02-10T09:13:01+00:00\",\"mainEntityOfPage\":{\"@id\":\"https:\\\/\\\/www.monaco-tribune.com\\\/it\\\/2022\\\/02\\\/due-chiacchiere-con-davide-lewton-brain-lorgoglio-monegasco-del-pattinaggio\\\/\"},\"wordCount\":734,\"publisher\":{\"@id\":\"https:\\\/\\\/www.monaco-tribune.com\\\/it\\\/#organization\"},\"image\":{\"@id\":\"https:\\\/\\\/www.monaco-tribune.com\\\/it\\\/2022\\\/02\\\/due-chiacchiere-con-davide-lewton-brain-lorgoglio-monegasco-del-pattinaggio\\\/#primaryimage\"},\"thumbnailUrl\":\"https:\\\/\\\/www.monaco-tribune.com\\\/wp-content\\\/uploads\\\/2022\\\/02\\\/lewton-brain-davide-min.jpeg\",\"articleSection\":[\"La nostra scelta\",\"Notizie\",\"Sport\"],\"inLanguage\":\"it-IT\",\"copyrightYear\":\"2022\",\"copyrightHolder\":{\"@id\":\"https:\\\/\\\/www.monaco-tribune.com\\\/#organization\"}},{\"@type\":\"WebPage\",\"@id\":\"https:\\\/\\\/www.monaco-tribune.com\\\/it\\\/2022\\\/02\\\/due-chiacchiere-con-davide-lewton-brain-lorgoglio-monegasco-del-pattinaggio\\\/\",\"url\":\"https:\\\/\\\/www.monaco-tribune.com\\\/it\\\/2022\\\/02\\\/due-chiacchiere-con-davide-lewton-brain-lorgoglio-monegasco-del-pattinaggio\\\/\",\"name\":\"Due chiacchiere con Davide Lewton Brain, l'orgoglio monegasco del pattinaggio\",\"isPartOf\":{\"@id\":\"https:\\\/\\\/www.monaco-tribune.com\\\/it\\\/#website\"},\"primaryImageOfPage\":{\"@id\":\"https:\\\/\\\/www.monaco-tribune.com\\\/it\\\/2022\\\/02\\\/due-chiacchiere-con-davide-lewton-brain-lorgoglio-monegasco-del-pattinaggio\\\/#primaryimage\"},\"image\":{\"@id\":\"https:\\\/\\\/www.monaco-tribune.com\\\/it\\\/2022\\\/02\\\/due-chiacchiere-con-davide-lewton-brain-lorgoglio-monegasco-del-pattinaggio\\\/#primaryimage\"},\"thumbnailUrl\":\"https:\\\/\\\/www.monaco-tribune.com\\\/wp-content\\\/uploads\\\/2022\\\/02\\\/lewton-brain-davide-min.jpeg\",\"datePublished\":\"2022-02-09T16:17:00+00:00\",\"dateModified\":\"2022-02-10T09:13:01+00:00\",\"description\":\"Grande promessa della sua disciplina, il pattinatore artistico monegasco ha iniziato la stagione con il piede giusto. Abbiamo deciso di ripercorrere la\",\"breadcrumb\":{\"@id\":\"https:\\\/\\\/www.monaco-tribune.com\\\/it\\\/2022\\\/02\\\/due-chiacchiere-con-davide-lewton-brain-lorgoglio-monegasco-del-pattinaggio\\\/#breadcrumb\"},\"inLanguage\":\"it-IT\",\"potentialAction\":[{\"@type\":\"ReadAction\",\"target\":[\"https:\\\/\\\/www.monaco-tribune.com\\\/it\\\/2022\\\/02\\\/due-chiacchiere-con-davide-lewton-brain-lorgoglio-monegasco-del-pattinaggio\\\/\"]}]},{\"@type\":\"ImageObject\",\"inLanguage\":\"it-IT\",\"@id\":\"https:\\\/\\\/www.monaco-tribune.com\\\/it\\\/2022\\\/02\\\/due-chiacchiere-con-davide-lewton-brain-lorgoglio-monegasco-del-pattinaggio\\\/#primaryimage\",\"url\":\"https:\\\/\\\/www.monaco-tribune.com\\\/wp-content\\\/uploads\\\/2022\\\/02\\\/lewton-brain-davide-min.jpeg\",\"contentUrl\":\"https:\\\/\\\/www.monaco-tribune.com\\\/wp-content\\\/uploads\\\/2022\\\/02\\\/lewton-brain-davide-min.jpeg\",\"width\":822,\"height\":477,\"caption\":\"Belinda\"},{\"@type\":\"BreadcrumbList\",\"@id\":\"https:\\\/\\\/www.monaco-tribune.com\\\/it\\\/2022\\\/02\\\/due-chiacchiere-con-davide-lewton-brain-lorgoglio-monegasco-del-pattinaggio\\\/#breadcrumb\",\"itemListElement\":[{\"@type\":\"ListItem\",\"position\":1,\"name\":\"Accueil\",\"item\":\"https:\\\/\\\/www.monaco-tribune.com\\\/it\\\/\"},{\"@type\":\"ListItem\",\"position\":2,\"name\":\"Due chiacchiere con Davide Lewton Brain, l&rsquo;orgoglio monegasco del pattinaggio\"}]},{\"@type\":\"WebSite\",\"@id\":\"https:\\\/\\\/www.monaco-tribune.com\\\/it\\\/#website\",\"url\":\"https:\\\/\\\/www.monaco-tribune.com\\\/it\\\/\",\"name\":\"Monaco Tribune\",\"description\":\"Monaco : actualit\u00e9s \u00e9conomiques, politiques, culturelles et sportives de Monaco et de la French Riviera.\",\"publisher\":{\"@id\":\"https:\\\/\\\/www.monaco-tribune.com\\\/it\\\/#organization\"},\"potentialAction\":[{\"@type\":\"SearchAction\",\"target\":{\"@type\":\"EntryPoint\",\"urlTemplate\":\"https:\\\/\\\/www.monaco-tribune.com\\\/it\\\/?s={search_term_string}\"},\"query-input\":{\"@type\":\"PropertyValueSpecification\",\"valueRequired\":true,\"valueName\":\"search_term_string\"}}],\"inLanguage\":\"it-IT\"},{\"@type\":\"Organization\",\"@id\":\"https:\\\/\\\/www.monaco-tribune.com\\\/it\\\/#organization\",\"name\":\"Monaco Tribune\",\"url\":\"https:\\\/\\\/www.monaco-tribune.com\\\/it\\\/\",\"logo\":{\"@type\":\"ImageObject\",\"inLanguage\":\"it-IT\",\"@id\":\"https:\\\/\\\/www.monaco-tribune.com\\\/it\\\/#\\\/schema\\\/logo\\\/image\\\/\",\"url\":\"https:\\\/\\\/www.monaco-tribune.com\\\/wp-content\\\/uploads\\\/2022\\\/11\\\/logo-monaco-tribune.png\",\"contentUrl\":\"https:\\\/\\\/www.monaco-tribune.com\\\/wp-content\\\/uploads\\\/2022\\\/11\\\/logo-monaco-tribune.png\",\"width\":1548,\"height\":600,\"caption\":\"Monaco Tribune\"},\"image\":{\"@id\":\"https:\\\/\\\/www.monaco-tribune.com\\\/it\\\/#\\\/schema\\\/logo\\\/image\\\/\"},\"sameAs\":[\"https:\\\/\\\/www.facebook.com\\\/MonacoTribune\",\"https:\\\/\\\/x.com\\\/MonacoTribune\",\"https:\\\/\\\/www.instagram.com\\\/monacotribune\\\/\",\"https:\\\/\\\/www.linkedin.com\\\/company\\\/monaco-tribune\",\"https:\\\/\\\/www.youtube.com\\\/channel\\\/UCHle1MnG6hw1y4lWKijVbMA\"]},{\"@type\":\"Person\",\"@id\":\"https:\\\/\\\/www.monaco-tribune.com\\\/it\\\/#\\\/schema\\\/person\\\/330a3732947cf8cb41b2533a0eadd62e\",\"name\":\"Romain Boisaubert\",\"image\":{\"@type\":\"ImageObject\",\"inLanguage\":\"it-IT\",\"@id\":\"https:\\\/\\\/secure.gravatar.com\\\/avatar\\\/f8b90d41f1eabd1cbe4cf59e09d8db41a697d51919bf2dfe727589a24a4a4d54?s=96&d=mm&r=g\",\"url\":\"https:\\\/\\\/secure.gravatar.com\\\/avatar\\\/f8b90d41f1eabd1cbe4cf59e09d8db41a697d51919bf2dfe727589a24a4a4d54?s=96&d=mm&r=g\",\"contentUrl\":\"https:\\\/\\\/secure.gravatar.com\\\/avatar\\\/f8b90d41f1eabd1cbe4cf59e09d8db41a697d51919bf2dfe727589a24a4a4d54?s=96&d=mm&r=g\",\"caption\":\"Romain Boisaubert\"},\"description\":\"Test bio\",\"url\":\"https:\\\/\\\/www.monaco-tribune.com\\\/it\\\/author\\\/romain-boisaubert\\\/\"}]}<\/script>\n<!-- \/ Yoast SEO Premium plugin. -->","yoast_head_json":{"title":"Due chiacchiere con Davide Lewton Brain, l'orgoglio monegasco del pattinaggio","description":"Grande promessa della sua disciplina, il pattinatore artistico monegasco ha iniziato la stagione con il piede giusto. Abbiamo deciso di ripercorrere la","robots":{"index":"index","follow":"follow","max-snippet":"max-snippet:-1","max-image-preview":"max-image-preview:large","max-video-preview":"max-video-preview:-1"},"canonical":"https:\/\/www.monaco-tribune.com\/it\/2022\/02\/due-chiacchiere-con-davide-lewton-brain-lorgoglio-monegasco-del-pattinaggio\/","og_locale":"it_IT","og_type":"article","og_title":"Due chiacchiere con Davide Lewton Brain, l'orgoglio monegasco del pattinaggio - Monaco Tribune","og_description":"Grande promessa della sua disciplina, il pattinatore artistico monegasco ha iniziato la stagione con il piede giusto. Abbiamo deciso di ripercorrere la","og_url":"https:\/\/www.monaco-tribune.com\/it\/2022\/02\/due-chiacchiere-con-davide-lewton-brain-lorgoglio-monegasco-del-pattinaggio\/","og_site_name":"Monaco Tribune","article_publisher":"https:\/\/www.facebook.com\/MonacoTribune","article_published_time":"2022-02-09T16:17:00+00:00","article_modified_time":"2022-02-10T09:13:01+00:00","og_image":[{"width":822,"height":477,"url":"https:\/\/www.monaco-tribune.com\/wp-content\/uploads\/2022\/02\/lewton-brain-davide-min.jpeg","type":"image\/jpeg"}],"author":"Romain Boisaubert","twitter_card":"summary_large_image","twitter_creator":"@MonacoTribune","twitter_site":"@MonacoTribune","schema":{"@context":"https:\/\/schema.org","@graph":[{"@type":"NewsArticle","@id":"https:\/\/www.monaco-tribune.com\/it\/2022\/02\/due-chiacchiere-con-davide-lewton-brain-lorgoglio-monegasco-del-pattinaggio\/#article","isPartOf":{"@id":"https:\/\/www.monaco-tribune.com\/it\/2022\/02\/due-chiacchiere-con-davide-lewton-brain-lorgoglio-monegasco-del-pattinaggio\/"},"author":{"name":"Romain Boisaubert","@id":"https:\/\/www.monaco-tribune.com\/it\/#\/schema\/person\/330a3732947cf8cb41b2533a0eadd62e"},"headline":"Due chiacchiere con Davide Lewton Brain, l&#8217;orgoglio monegasco del pattinaggio","datePublished":"2022-02-09T16:17:00+00:00","dateModified":"2022-02-10T09:13:01+00:00","mainEntityOfPage":{"@id":"https:\/\/www.monaco-tribune.com\/it\/2022\/02\/due-chiacchiere-con-davide-lewton-brain-lorgoglio-monegasco-del-pattinaggio\/"},"wordCount":734,"publisher":{"@id":"https:\/\/www.monaco-tribune.com\/it\/#organization"},"image":{"@id":"https:\/\/www.monaco-tribune.com\/it\/2022\/02\/due-chiacchiere-con-davide-lewton-brain-lorgoglio-monegasco-del-pattinaggio\/#primaryimage"},"thumbnailUrl":"https:\/\/www.monaco-tribune.com\/wp-content\/uploads\/2022\/02\/lewton-brain-davide-min.jpeg","articleSection":["La nostra scelta","Notizie","Sport"],"inLanguage":"it-IT","copyrightYear":"2022","copyrightHolder":{"@id":"https:\/\/www.monaco-tribune.com\/#organization"}},{"@type":"WebPage","@id":"https:\/\/www.monaco-tribune.com\/it\/2022\/02\/due-chiacchiere-con-davide-lewton-brain-lorgoglio-monegasco-del-pattinaggio\/","url":"https:\/\/www.monaco-tribune.com\/it\/2022\/02\/due-chiacchiere-con-davide-lewton-brain-lorgoglio-monegasco-del-pattinaggio\/","name":"Due chiacchiere con Davide Lewton Brain, l'orgoglio monegasco del pattinaggio","isPartOf":{"@id":"https:\/\/www.monaco-tribune.com\/it\/#website"},"primaryImageOfPage":{"@id":"https:\/\/www.monaco-tribune.com\/it\/2022\/02\/due-chiacchiere-con-davide-lewton-brain-lorgoglio-monegasco-del-pattinaggio\/#primaryimage"},"image":{"@id":"https:\/\/www.monaco-tribune.com\/it\/2022\/02\/due-chiacchiere-con-davide-lewton-brain-lorgoglio-monegasco-del-pattinaggio\/#primaryimage"},"thumbnailUrl":"https:\/\/www.monaco-tribune.com\/wp-content\/uploads\/2022\/02\/lewton-brain-davide-min.jpeg","datePublished":"2022-02-09T16:17:00+00:00","dateModified":"2022-02-10T09:13:01+00:00","description":"Grande promessa della sua disciplina, il pattinatore artistico monegasco ha iniziato la stagione con il piede giusto. Abbiamo deciso di ripercorrere la","breadcrumb":{"@id":"https:\/\/www.monaco-tribune.com\/it\/2022\/02\/due-chiacchiere-con-davide-lewton-brain-lorgoglio-monegasco-del-pattinaggio\/#breadcrumb"},"inLanguage":"it-IT","potentialAction":[{"@type":"ReadAction","target":["https:\/\/www.monaco-tribune.com\/it\/2022\/02\/due-chiacchiere-con-davide-lewton-brain-lorgoglio-monegasco-del-pattinaggio\/"]}]},{"@type":"ImageObject","inLanguage":"it-IT","@id":"https:\/\/www.monaco-tribune.com\/it\/2022\/02\/due-chiacchiere-con-davide-lewton-brain-lorgoglio-monegasco-del-pattinaggio\/#primaryimage","url":"https:\/\/www.monaco-tribune.com\/wp-content\/uploads\/2022\/02\/lewton-brain-davide-min.jpeg","contentUrl":"https:\/\/www.monaco-tribune.com\/wp-content\/uploads\/2022\/02\/lewton-brain-davide-min.jpeg","width":822,"height":477,"caption":"Belinda"},{"@type":"BreadcrumbList","@id":"https:\/\/www.monaco-tribune.com\/it\/2022\/02\/due-chiacchiere-con-davide-lewton-brain-lorgoglio-monegasco-del-pattinaggio\/#breadcrumb","itemListElement":[{"@type":"ListItem","position":1,"name":"Accueil","item":"https:\/\/www.monaco-tribune.com\/it\/"},{"@type":"ListItem","position":2,"name":"Due chiacchiere con Davide Lewton Brain, l&rsquo;orgoglio monegasco del pattinaggio"}]},{"@type":"WebSite","@id":"https:\/\/www.monaco-tribune.com\/it\/#website","url":"https:\/\/www.monaco-tribune.com\/it\/","name":"Monaco Tribune","description":"Monaco : actualit\u00e9s \u00e9conomiques, politiques, culturelles et sportives de Monaco et de la French Riviera.","publisher":{"@id":"https:\/\/www.monaco-tribune.com\/it\/#organization"},"potentialAction":[{"@type":"SearchAction","target":{"@type":"EntryPoint","urlTemplate":"https:\/\/www.monaco-tribune.com\/it\/?s={search_term_string}"},"query-input":{"@type":"PropertyValueSpecification","valueRequired":true,"valueName":"search_term_string"}}],"inLanguage":"it-IT"},{"@type":"Organization","@id":"https:\/\/www.monaco-tribune.com\/it\/#organization","name":"Monaco Tribune","url":"https:\/\/www.monaco-tribune.com\/it\/","logo":{"@type":"ImageObject","inLanguage":"it-IT","@id":"https:\/\/www.monaco-tribune.com\/it\/#\/schema\/logo\/image\/","url":"https:\/\/www.monaco-tribune.com\/wp-content\/uploads\/2022\/11\/logo-monaco-tribune.png","contentUrl":"https:\/\/www.monaco-tribune.com\/wp-content\/uploads\/2022\/11\/logo-monaco-tribune.png","width":1548,"height":600,"caption":"Monaco Tribune"},"image":{"@id":"https:\/\/www.monaco-tribune.com\/it\/#\/schema\/logo\/image\/"},"sameAs":["https:\/\/www.facebook.com\/MonacoTribune","https:\/\/x.com\/MonacoTribune","https:\/\/www.instagram.com\/monacotribune\/","https:\/\/www.linkedin.com\/company\/monaco-tribune","https:\/\/www.youtube.com\/channel\/UCHle1MnG6hw1y4lWKijVbMA"]},{"@type":"Person","@id":"https:\/\/www.monaco-tribune.com\/it\/#\/schema\/person\/330a3732947cf8cb41b2533a0eadd62e","name":"Romain Boisaubert","image":{"@type":"ImageObject","inLanguage":"it-IT","@id":"https:\/\/secure.gravatar.com\/avatar\/f8b90d41f1eabd1cbe4cf59e09d8db41a697d51919bf2dfe727589a24a4a4d54?s=96&d=mm&r=g","url":"https:\/\/secure.gravatar.com\/avatar\/f8b90d41f1eabd1cbe4cf59e09d8db41a697d51919bf2dfe727589a24a4a4d54?s=96&d=mm&r=g","contentUrl":"https:\/\/secure.gravatar.com\/avatar\/f8b90d41f1eabd1cbe4cf59e09d8db41a697d51919bf2dfe727589a24a4a4d54?s=96&d=mm&r=g","caption":"Romain Boisaubert"},"description":"Test bio","url":"https:\/\/www.monaco-tribune.com\/it\/author\/romain-boisaubert\/"}]}},"_links":{"self":[{"href":"https:\/\/www.monaco-tribune.com\/it\/wp-json\/wp\/v2\/posts\/110129","targetHints":{"allow":["GET"]}}],"collection":[{"href":"https:\/\/www.monaco-tribune.com\/it\/wp-json\/wp\/v2\/posts"}],"about":[{"href":"https:\/\/www.monaco-tribune.com\/it\/wp-json\/wp\/v2\/types\/post"}],"author":[{"embeddable":true,"href":"https:\/\/www.monaco-tribune.com\/it\/wp-json\/wp\/v2\/users\/24"}],"replies":[{"embeddable":true,"href":"https:\/\/www.monaco-tribune.com\/it\/wp-json\/wp\/v2\/comments?post=110129"}],"version-history":[{"count":0,"href":"https:\/\/www.monaco-tribune.com\/it\/wp-json\/wp\/v2\/posts\/110129\/revisions"}],"wp:featuredmedia":[{"embeddable":true,"href":"https:\/\/www.monaco-tribune.com\/it\/wp-json\/wp\/v2\/media\/109724"}],"wp:attachment":[{"href":"https:\/\/www.monaco-tribune.com\/it\/wp-json\/wp\/v2\/media?parent=110129"}],"wp:term":[{"taxonomy":"category","embeddable":true,"href":"https:\/\/www.monaco-tribune.com\/it\/wp-json\/wp\/v2\/categories?post=110129"},{"taxonomy":"post_tag","embeddable":true,"href":"https:\/\/www.monaco-tribune.com\/it\/wp-json\/wp\/v2\/tags?post=110129"},{"taxonomy":"sectag","embeddable":true,"href":"https:\/\/www.monaco-tribune.com\/it\/wp-json\/wp\/v2\/post_sectags?post=110129"},{"taxonomy":"format","embeddable":true,"href":"https:\/\/www.monaco-tribune.com\/it\/wp-json\/wp\/v2\/post_format?post=110129"}],"curies":[{"name":"wp","href":"https:\/\/api.w.org\/{rel}","templated":true}]}}