{"id":110293,"date":"2022-02-10T17:23:41","date_gmt":"2022-02-10T16:23:41","guid":{"rendered":"https:\/\/www.monaco-tribune.com\/2022\/02\/questestate-le-grandi-star-sbarcano-a-monaco\/"},"modified":"2022-02-11T10:59:27","modified_gmt":"2022-02-11T09:59:27","slug":"questestate-le-grandi-star-sbarcano-a-monaco","status":"publish","type":"post","link":"https:\/\/www.monaco-tribune.com\/it\/2022\/02\/questestate-le-grandi-star-sbarcano-a-monaco\/","title":{"rendered":"Quest&#8217;estate le grandi star sbarcano a Monaco!"},"content":{"rendered":"\n<p><strong>Gli appuntamenti da non perdere quest&#8217;estate nel Principato!<\/strong><\/p>\n\n\n\n<p>Quest&#8217;anno a Monaco l&#8217;estate va a suon di musica! Ecco gli artisti che si esibiranno sul palco.<\/p>\n\n\n\n<h2 class=\"has-text-align-center wp-block-heading\" id=\"h-23-giugno-il-ritmo-esotico-del-blues-con-bab-l-bluz\">23 giugno: il ritmo esotico del blues con Bab L\u2019Bluz<\/h2>\n\n\n\n<p>Il 23 giugno, il gruppo franco-marocchino si esibir\u00e0 gratuitamente al Grimaldi Forum alle 20:30. \u00c8 previsto anche un <em>ap\u00e9romix <\/em>alle 18:30, prima che comincino a risuonare le prime note de blues-rock dalle sfumature africane.<\/p>\n\n\n\n<figure class=\"wp-block-embed is-type-video is-provider-youtube wp-block-embed-youtube wp-embed-aspect-16-9 wp-has-aspect-ratio\"><div class=\"wp-block-embed__wrapper\">\n<iframe title=\"Bab L&#039; Bluz - El Watane \u0628\u0627\u0628 \u0644\u0628\u0644\u0648\u0632 : \u0627\u0644\u0648\u0637\u0646\" width=\"500\" height=\"281\" src=\"https:\/\/www.youtube.com\/embed\/dKrdrHlLwtI?feature=oembed\" frameborder=\"0\" allow=\"accelerometer; autoplay; clipboard-write; encrypted-media; gyroscope; picture-in-picture; web-share\" referrerpolicy=\"strict-origin-when-cross-origin\" allowfullscreen><\/iframe>\n<\/div><\/figure>\n\n\n\n<p><em><a href=\"https:\/\/www.grimaldiforum.com\/fr\/agenda-manifestations-monaco\/thursday-live-sessions---bab-l-bluz#.YgTh5fXMK3I\">Prenotazioni<\/a><\/em><\/p>\n\n\n\n<h2 class=\"has-text-align-center wp-block-heading\" id=\"h-6-luglio-le-canzoni-francesi-piu-famose-con-francis-cabrel\">6 luglio: le canzoni francesi pi\u00f9 famose con Francis Cabrel<\/h2>\n\n\n\n<p><em>Je l&#8217;aime \u00e0 mourir<\/em>,&nbsp;<em>Petite Marie<\/em>,&nbsp;<em>L&#8217;encre de tes yeux<\/em>,&nbsp;<em>Je t&#8217;aimais, je t&#8217;aime et je t&#8217;aimerai<\/em>&#8230;&nbsp;Se questi titoli vi sono familiari, sappiate che \u00e8 rimasto ancora qualche posto disponibile al Grimaldi Forum, dove l&#8217;artista si esibir\u00e0 il 6 luglio alle 20:30 e presenter\u00e0 il suo nuovo album: <em>A l&#8217;aube revenant.<\/em><\/p>\n\n\n\n<figure class=\"wp-block-embed is-type-video is-provider-youtube wp-block-embed-youtube wp-embed-aspect-16-9 wp-has-aspect-ratio\"><div class=\"wp-block-embed__wrapper\">\nhttps:\/\/www.youtube.com\/watch?v=2VYbgLgluro\n<\/div><\/figure>\n\n\n\n<p><em><a href=\"https:\/\/www.montecarloticket.com\/0526\/fChoixSeance.aspx?idstructure=0526&amp;EventId=837\">Prenotazioni<\/a><\/em><\/p>\n\n\n\n<h2 class=\"has-text-align-center wp-block-heading\" id=\"h-13-luglio-la-delicatezza-del-jazz-con-pink-martini\">13 luglio: la delicatezza del jazz con Pink Martini<\/h2>\n\n\n\n<p>&#8220;<em>Je ne veux pas travailler, je ne veux pas d\u00e9jeuner, je veux seulement l&#8217;oublier et puis je fume&#8230;&#8221; <\/em>Questo brano iconico del gruppo americano Pink Martini \u00e8 diventato un successo nel 1997, ma la carriera dei dodici musicisti non si \u00e8 fermata l\u00ec. Il gruppo jazz si esibir\u00e0 all&#8217;Op\u00e9ra Garnier di Monte-Carlo il 13 luglio alle 20:30.<\/p>\n\n\n\n<figure class=\"wp-block-embed is-type-video is-provider-youtube wp-block-embed-youtube wp-embed-aspect-16-9 wp-has-aspect-ratio\"><div class=\"wp-block-embed__wrapper\">\n<iframe title=\"Sympathique (Je ne veux pas travailler) - Pink Martini (Acoustic Version)\" width=\"500\" height=\"281\" src=\"https:\/\/www.youtube.com\/embed\/0cCs8eQzrMQ?feature=oembed\" frameborder=\"0\" allow=\"accelerometer; autoplay; clipboard-write; encrypted-media; gyroscope; picture-in-picture; web-share\" referrerpolicy=\"strict-origin-when-cross-origin\" allowfullscreen><\/iframe>\n<\/div><\/figure>\n\n\n\n<p><em><a href=\"https:\/\/ticket-online.montecarlolive.com\/fr\/meeting\/2229\/pink-martini-en-concert\/salle-garnier\/13-07-2022\/20h30\">Prenotazioni<\/a><\/em><\/p>\n\n\n\n<h2 class=\"has-text-align-center wp-block-heading\" id=\"h-15-luglio-la-forza-del-soul-con-imany\">15 luglio: la forza del soul con Imany<\/h2>\n\n\n\n<p>Un inconfondibile timbro vocale, otto violoncelli e brani cult della musica pop. \u00c8 questo il mix audace proposto dalla cantante soul Imany, in scena il 15 luglio alle 20:30 all&#8217;Op\u00e9ra Garnier di Monte-Carlo. Lo spettacolo, intitolato &#8220;Voodoo Cello&#8221;, rivisita i brani dei pi\u00f9 grandi cantanti di musica pop, dai Radiohead a Donna Summer, passando dalle t.A.t.u e Bob Marley. <\/p>\n\n\n\n<figure class=\"wp-block-embed is-type-video is-provider-youtube wp-block-embed-youtube wp-embed-aspect-16-9 wp-has-aspect-ratio\"><div class=\"wp-block-embed__wrapper\">\n<iframe title=\"Imany - Like a Prayer (Madonna Cover)\" width=\"500\" height=\"281\" src=\"https:\/\/www.youtube.com\/embed\/MVif1siE-t8?feature=oembed\" frameborder=\"0\" allow=\"accelerometer; autoplay; clipboard-write; encrypted-media; gyroscope; picture-in-picture; web-share\" referrerpolicy=\"strict-origin-when-cross-origin\" allowfullscreen><\/iframe>\n<\/div><\/figure>\n\n\n\n<p><em><a href=\"https:\/\/ticket-online.montecarlolive.com\/fr\/meeting\/2225\/imany\/salle-garnier\/15-07-2022\/20h30\">Prenotazioni<\/a><\/em><\/p>\n\n\n\n<h2 class=\"has-text-align-center wp-block-heading\" id=\"h-28-luglio-la-leggerezza-del-rock-con-james-blunt\">28 luglio: la leggerezza del rock con James Blunt<\/h2>\n\n\n\n<p>Cantante iconico del soft-rock britannico, James Blunt festegger\u00e0 il suo ritorno sul palco il 28 luglio alle 20:30 nella Salle des Etoiles. Vi aspetta una cena-spettacolo davvero unica! <\/p>\n\n\n\n<figure class=\"wp-block-embed is-type-video is-provider-youtube wp-block-embed-youtube wp-embed-aspect-16-9 wp-has-aspect-ratio\"><div class=\"wp-block-embed__wrapper\">\n<iframe title=\"James Blunt - You&#039;re Beautiful (Official Music Video) [4K]\" width=\"500\" height=\"281\" src=\"https:\/\/www.youtube.com\/embed\/oofSnsGkops?feature=oembed\" frameborder=\"0\" allow=\"accelerometer; autoplay; clipboard-write; encrypted-media; gyroscope; picture-in-picture; web-share\" referrerpolicy=\"strict-origin-when-cross-origin\" allowfullscreen><\/iframe>\n<\/div><\/figure>\n\n\n\n<p><em><a href=\"https:\/\/ticket-online.montecarlolive.com\/fr\/meeting\/2227\/james-blunt\/salle-des-etoiles\/28-07-2022\/20h30\">Prenotazioni<\/a><\/em><\/p>\n\n\n\n<h2 class=\"has-text-align-center wp-block-heading\" id=\"h-31-luglio-la-potenza-dell-rnb-con-rita-ora\">31 luglio: la potenza dell&#8217;RnB con Rita Ora<\/h2>\n\n\n\n<p>La famosa cantante e attrice britannica ha fatto rientrare Monaco tra le tappe del suo tour europeo. Il concerto si terr\u00e0 il 31 luglio alle 20:30 nella Salle des Etoiles. Gli amanti dello stile non potranno rinunciare a ballare sulle note dell&#8217;artista, che ha firmato con l&#8217;etichetta Roc Nation fondata dal rapper Jay-Z.<\/p>\n\n\n\n<figure class=\"wp-block-embed is-type-video is-provider-youtube wp-block-embed-youtube wp-embed-aspect-16-9 wp-has-aspect-ratio\"><div class=\"wp-block-embed__wrapper\">\n<iframe title=\"Rita Ora - Anywhere [Official Video]\" width=\"500\" height=\"281\" src=\"https:\/\/www.youtube.com\/embed\/ksdAs4LBRq8?feature=oembed\" frameborder=\"0\" allow=\"accelerometer; autoplay; clipboard-write; encrypted-media; gyroscope; picture-in-picture; web-share\" referrerpolicy=\"strict-origin-when-cross-origin\" allowfullscreen><\/iframe>\n<\/div><\/figure>\n\n\n\n<p><em><a href=\"https:\/\/ticket-online.montecarlolive.com\/fr\/meeting\/2231\/rita-ora\/salle-des-etoiles\/31-07-2022\/20h30\">Prenotazioni<\/a><\/em><\/p>\n","protected":false},"excerpt":{"rendered":"<p>Gli appuntamenti da non perdere quest&#8217;estate nel Principato! Quest&#8217;anno a Monaco l&#8217;estate va a suon di musica! Ecco gli artisti [&hellip;]<\/p>\n","protected":false},"author":60,"featured_media":110241,"comment_status":"closed","ping_status":"closed","sticky":false,"template":"","format":"standard","meta":{"_acf_changed":false,"footnotes":""},"categories":[1740,1826,1738],"tags":[2889],"post_sectags":[],"post_format":[2477],"class_list":["post-110293","post","type-post","status-publish","format-standard","has-post-thumbnail","hentry","category-cosa-fare","category-la-nostra-scelta","category-notizie","tag-musica","format-info-pratiche"],"acf":[],"yoast_head":"<!-- This site is optimized with the Yoast SEO Premium plugin v26.8 (Yoast SEO v27.4) - https:\/\/yoast.com\/product\/yoast-seo-premium-wordpress\/ -->\n<title>Quest&#039;estate le grandi star sbarcano a Monaco!<\/title>\n<meta name=\"description\" content=\"Gli appuntamenti da non perdere quest&#039;estate nel Principato! Quest&#039;anno a Monaco l&#039;estate va a suon di musica! Ecco gli artisti che si esibiranno sul\" \/>\n<meta name=\"robots\" content=\"index, follow, max-snippet:-1, max-image-preview:large, max-video-preview:-1\" \/>\n<link rel=\"canonical\" href=\"https:\/\/www.monaco-tribune.com\/it\/2022\/02\/questestate-le-grandi-star-sbarcano-a-monaco\/\" \/>\n<meta property=\"og:locale\" content=\"it_IT\" \/>\n<meta property=\"og:type\" content=\"article\" \/>\n<meta property=\"og:title\" content=\"Quest&#039;estate le grandi star sbarcano a Monaco! - Monaco Tribune\" \/>\n<meta property=\"og:description\" content=\"Gli appuntamenti da non perdere quest&#039;estate nel Principato! Quest&#039;anno a Monaco l&#039;estate va a suon di musica! Ecco gli artisti che si esibiranno sul\" \/>\n<meta property=\"og:url\" content=\"https:\/\/www.monaco-tribune.com\/it\/2022\/02\/questestate-le-grandi-star-sbarcano-a-monaco\/\" \/>\n<meta property=\"og:site_name\" content=\"Monaco Tribune\" \/>\n<meta property=\"article:publisher\" content=\"https:\/\/www.facebook.com\/MonacoTribune\" \/>\n<meta property=\"article:published_time\" content=\"2022-02-10T16:23:41+00:00\" \/>\n<meta property=\"article:modified_time\" content=\"2022-02-11T09:59:27+00:00\" \/>\n<meta property=\"og:image\" content=\"https:\/\/www.monaco-tribune.com\/wp-content\/uploads\/2022\/02\/concerts-ete-monaco-1.png\" \/>\n\t<meta property=\"og:image:width\" content=\"1020\" \/>\n\t<meta property=\"og:image:height\" content=\"575\" \/>\n\t<meta property=\"og:image:type\" content=\"image\/png\" \/>\n<meta name=\"author\" content=\"Camille Esteve\" \/>\n<meta name=\"twitter:card\" content=\"summary_large_image\" \/>\n<meta name=\"twitter:creator\" content=\"@MonacoTribune\" \/>\n<meta name=\"twitter:site\" content=\"@MonacoTribune\" \/>\n<script type=\"application\/ld+json\" class=\"yoast-schema-graph\">{\"@context\":\"https:\\\/\\\/schema.org\",\"@graph\":[{\"@type\":\"NewsArticle\",\"@id\":\"https:\\\/\\\/www.monaco-tribune.com\\\/it\\\/2022\\\/02\\\/questestate-le-grandi-star-sbarcano-a-monaco\\\/#article\",\"isPartOf\":{\"@id\":\"https:\\\/\\\/www.monaco-tribune.com\\\/it\\\/2022\\\/02\\\/questestate-le-grandi-star-sbarcano-a-monaco\\\/\"},\"author\":{\"name\":\"Camille Esteve\",\"@id\":\"https:\\\/\\\/www.monaco-tribune.com\\\/it\\\/#\\\/schema\\\/person\\\/a855d420fff4d03637641d60b93ac62e\"},\"headline\":\"Quest&#8217;estate le grandi star sbarcano a Monaco!\",\"datePublished\":\"2022-02-10T16:23:41+00:00\",\"dateModified\":\"2022-02-11T09:59:27+00:00\",\"mainEntityOfPage\":{\"@id\":\"https:\\\/\\\/www.monaco-tribune.com\\\/it\\\/2022\\\/02\\\/questestate-le-grandi-star-sbarcano-a-monaco\\\/\"},\"wordCount\":423,\"publisher\":{\"@id\":\"https:\\\/\\\/www.monaco-tribune.com\\\/it\\\/#organization\"},\"image\":{\"@id\":\"https:\\\/\\\/www.monaco-tribune.com\\\/it\\\/2022\\\/02\\\/questestate-le-grandi-star-sbarcano-a-monaco\\\/#primaryimage\"},\"thumbnailUrl\":\"https:\\\/\\\/www.monaco-tribune.com\\\/wp-content\\\/uploads\\\/2022\\\/02\\\/concerts-ete-monaco-1.png\",\"keywords\":[\"Musica\"],\"articleSection\":[\"Cosa fare\",\"La nostra scelta\",\"Notizie\"],\"inLanguage\":\"it-IT\",\"copyrightYear\":\"2022\",\"copyrightHolder\":{\"@id\":\"https:\\\/\\\/www.monaco-tribune.com\\\/#organization\"}},{\"@type\":\"WebPage\",\"@id\":\"https:\\\/\\\/www.monaco-tribune.com\\\/it\\\/2022\\\/02\\\/questestate-le-grandi-star-sbarcano-a-monaco\\\/\",\"url\":\"https:\\\/\\\/www.monaco-tribune.com\\\/it\\\/2022\\\/02\\\/questestate-le-grandi-star-sbarcano-a-monaco\\\/\",\"name\":\"Quest'estate le grandi star sbarcano a Monaco!\",\"isPartOf\":{\"@id\":\"https:\\\/\\\/www.monaco-tribune.com\\\/it\\\/#website\"},\"primaryImageOfPage\":{\"@id\":\"https:\\\/\\\/www.monaco-tribune.com\\\/it\\\/2022\\\/02\\\/questestate-le-grandi-star-sbarcano-a-monaco\\\/#primaryimage\"},\"image\":{\"@id\":\"https:\\\/\\\/www.monaco-tribune.com\\\/it\\\/2022\\\/02\\\/questestate-le-grandi-star-sbarcano-a-monaco\\\/#primaryimage\"},\"thumbnailUrl\":\"https:\\\/\\\/www.monaco-tribune.com\\\/wp-content\\\/uploads\\\/2022\\\/02\\\/concerts-ete-monaco-1.png\",\"datePublished\":\"2022-02-10T16:23:41+00:00\",\"dateModified\":\"2022-02-11T09:59:27+00:00\",\"description\":\"Gli appuntamenti da non perdere quest'estate nel Principato! Quest'anno a Monaco l'estate va a suon di musica! Ecco gli artisti che si esibiranno sul\",\"breadcrumb\":{\"@id\":\"https:\\\/\\\/www.monaco-tribune.com\\\/it\\\/2022\\\/02\\\/questestate-le-grandi-star-sbarcano-a-monaco\\\/#breadcrumb\"},\"inLanguage\":\"it-IT\",\"potentialAction\":[{\"@type\":\"ReadAction\",\"target\":[\"https:\\\/\\\/www.monaco-tribune.com\\\/it\\\/2022\\\/02\\\/questestate-le-grandi-star-sbarcano-a-monaco\\\/\"]}]},{\"@type\":\"ImageObject\",\"inLanguage\":\"it-IT\",\"@id\":\"https:\\\/\\\/www.monaco-tribune.com\\\/it\\\/2022\\\/02\\\/questestate-le-grandi-star-sbarcano-a-monaco\\\/#primaryimage\",\"url\":\"https:\\\/\\\/www.monaco-tribune.com\\\/wp-content\\\/uploads\\\/2022\\\/02\\\/concerts-ete-monaco-1.png\",\"contentUrl\":\"https:\\\/\\\/www.monaco-tribune.com\\\/wp-content\\\/uploads\\\/2022\\\/02\\\/concerts-ete-monaco-1.png\",\"width\":1020,\"height\":575,\"caption\":\"DR\"},{\"@type\":\"BreadcrumbList\",\"@id\":\"https:\\\/\\\/www.monaco-tribune.com\\\/it\\\/2022\\\/02\\\/questestate-le-grandi-star-sbarcano-a-monaco\\\/#breadcrumb\",\"itemListElement\":[{\"@type\":\"ListItem\",\"position\":1,\"name\":\"Accueil\",\"item\":\"https:\\\/\\\/www.monaco-tribune.com\\\/it\\\/\"},{\"@type\":\"ListItem\",\"position\":2,\"name\":\"Quest&rsquo;estate le grandi star sbarcano a Monaco!\"}]},{\"@type\":\"WebSite\",\"@id\":\"https:\\\/\\\/www.monaco-tribune.com\\\/it\\\/#website\",\"url\":\"https:\\\/\\\/www.monaco-tribune.com\\\/it\\\/\",\"name\":\"Monaco Tribune\",\"description\":\"Monaco : actualit\u00e9s \u00e9conomiques, politiques, culturelles et sportives de Monaco et de la French Riviera.\",\"publisher\":{\"@id\":\"https:\\\/\\\/www.monaco-tribune.com\\\/it\\\/#organization\"},\"potentialAction\":[{\"@type\":\"SearchAction\",\"target\":{\"@type\":\"EntryPoint\",\"urlTemplate\":\"https:\\\/\\\/www.monaco-tribune.com\\\/it\\\/?s={search_term_string}\"},\"query-input\":{\"@type\":\"PropertyValueSpecification\",\"valueRequired\":true,\"valueName\":\"search_term_string\"}}],\"inLanguage\":\"it-IT\"},{\"@type\":\"Organization\",\"@id\":\"https:\\\/\\\/www.monaco-tribune.com\\\/it\\\/#organization\",\"name\":\"Monaco Tribune\",\"url\":\"https:\\\/\\\/www.monaco-tribune.com\\\/it\\\/\",\"logo\":{\"@type\":\"ImageObject\",\"inLanguage\":\"it-IT\",\"@id\":\"https:\\\/\\\/www.monaco-tribune.com\\\/it\\\/#\\\/schema\\\/logo\\\/image\\\/\",\"url\":\"https:\\\/\\\/www.monaco-tribune.com\\\/wp-content\\\/uploads\\\/2022\\\/11\\\/logo-monaco-tribune.png\",\"contentUrl\":\"https:\\\/\\\/www.monaco-tribune.com\\\/wp-content\\\/uploads\\\/2022\\\/11\\\/logo-monaco-tribune.png\",\"width\":1548,\"height\":600,\"caption\":\"Monaco Tribune\"},\"image\":{\"@id\":\"https:\\\/\\\/www.monaco-tribune.com\\\/it\\\/#\\\/schema\\\/logo\\\/image\\\/\"},\"sameAs\":[\"https:\\\/\\\/www.facebook.com\\\/MonacoTribune\",\"https:\\\/\\\/x.com\\\/MonacoTribune\",\"https:\\\/\\\/www.instagram.com\\\/monacotribune\\\/\",\"https:\\\/\\\/www.linkedin.com\\\/company\\\/monaco-tribune\",\"https:\\\/\\\/www.youtube.com\\\/channel\\\/UCHle1MnG6hw1y4lWKijVbMA\"]},{\"@type\":\"Person\",\"@id\":\"https:\\\/\\\/www.monaco-tribune.com\\\/it\\\/#\\\/schema\\\/person\\\/a855d420fff4d03637641d60b93ac62e\",\"name\":\"Camille Esteve\",\"image\":{\"@type\":\"ImageObject\",\"inLanguage\":\"it-IT\",\"@id\":\"https:\\\/\\\/secure.gravatar.com\\\/avatar\\\/eaaa2355a7bb56c0018a391c20a55bf9b4690e3f493231dd850e612bfa6ce161?s=96&d=mm&r=g\",\"url\":\"https:\\\/\\\/secure.gravatar.com\\\/avatar\\\/eaaa2355a7bb56c0018a391c20a55bf9b4690e3f493231dd850e612bfa6ce161?s=96&d=mm&r=g\",\"contentUrl\":\"https:\\\/\\\/secure.gravatar.com\\\/avatar\\\/eaaa2355a7bb56c0018a391c20a55bf9b4690e3f493231dd850e612bfa6ce161?s=96&d=mm&r=g\",\"caption\":\"Camille Esteve\"},\"url\":\"https:\\\/\\\/www.monaco-tribune.com\\\/it\\\/author\\\/camilleesteve\\\/\"}]}<\/script>\n<!-- \/ Yoast SEO Premium plugin. -->","yoast_head_json":{"title":"Quest'estate le grandi star sbarcano a Monaco!","description":"Gli appuntamenti da non perdere quest'estate nel Principato! Quest'anno a Monaco l'estate va a suon di musica! Ecco gli artisti che si esibiranno sul","robots":{"index":"index","follow":"follow","max-snippet":"max-snippet:-1","max-image-preview":"max-image-preview:large","max-video-preview":"max-video-preview:-1"},"canonical":"https:\/\/www.monaco-tribune.com\/it\/2022\/02\/questestate-le-grandi-star-sbarcano-a-monaco\/","og_locale":"it_IT","og_type":"article","og_title":"Quest'estate le grandi star sbarcano a Monaco! - Monaco Tribune","og_description":"Gli appuntamenti da non perdere quest'estate nel Principato! Quest'anno a Monaco l'estate va a suon di musica! Ecco gli artisti che si esibiranno sul","og_url":"https:\/\/www.monaco-tribune.com\/it\/2022\/02\/questestate-le-grandi-star-sbarcano-a-monaco\/","og_site_name":"Monaco Tribune","article_publisher":"https:\/\/www.facebook.com\/MonacoTribune","article_published_time":"2022-02-10T16:23:41+00:00","article_modified_time":"2022-02-11T09:59:27+00:00","og_image":[{"width":1020,"height":575,"url":"https:\/\/www.monaco-tribune.com\/wp-content\/uploads\/2022\/02\/concerts-ete-monaco-1.png","type":"image\/png"}],"author":"Camille Esteve","twitter_card":"summary_large_image","twitter_creator":"@MonacoTribune","twitter_site":"@MonacoTribune","schema":{"@context":"https:\/\/schema.org","@graph":[{"@type":"NewsArticle","@id":"https:\/\/www.monaco-tribune.com\/it\/2022\/02\/questestate-le-grandi-star-sbarcano-a-monaco\/#article","isPartOf":{"@id":"https:\/\/www.monaco-tribune.com\/it\/2022\/02\/questestate-le-grandi-star-sbarcano-a-monaco\/"},"author":{"name":"Camille Esteve","@id":"https:\/\/www.monaco-tribune.com\/it\/#\/schema\/person\/a855d420fff4d03637641d60b93ac62e"},"headline":"Quest&#8217;estate le grandi star sbarcano a Monaco!","datePublished":"2022-02-10T16:23:41+00:00","dateModified":"2022-02-11T09:59:27+00:00","mainEntityOfPage":{"@id":"https:\/\/www.monaco-tribune.com\/it\/2022\/02\/questestate-le-grandi-star-sbarcano-a-monaco\/"},"wordCount":423,"publisher":{"@id":"https:\/\/www.monaco-tribune.com\/it\/#organization"},"image":{"@id":"https:\/\/www.monaco-tribune.com\/it\/2022\/02\/questestate-le-grandi-star-sbarcano-a-monaco\/#primaryimage"},"thumbnailUrl":"https:\/\/www.monaco-tribune.com\/wp-content\/uploads\/2022\/02\/concerts-ete-monaco-1.png","keywords":["Musica"],"articleSection":["Cosa fare","La nostra scelta","Notizie"],"inLanguage":"it-IT","copyrightYear":"2022","copyrightHolder":{"@id":"https:\/\/www.monaco-tribune.com\/#organization"}},{"@type":"WebPage","@id":"https:\/\/www.monaco-tribune.com\/it\/2022\/02\/questestate-le-grandi-star-sbarcano-a-monaco\/","url":"https:\/\/www.monaco-tribune.com\/it\/2022\/02\/questestate-le-grandi-star-sbarcano-a-monaco\/","name":"Quest'estate le grandi star sbarcano a Monaco!","isPartOf":{"@id":"https:\/\/www.monaco-tribune.com\/it\/#website"},"primaryImageOfPage":{"@id":"https:\/\/www.monaco-tribune.com\/it\/2022\/02\/questestate-le-grandi-star-sbarcano-a-monaco\/#primaryimage"},"image":{"@id":"https:\/\/www.monaco-tribune.com\/it\/2022\/02\/questestate-le-grandi-star-sbarcano-a-monaco\/#primaryimage"},"thumbnailUrl":"https:\/\/www.monaco-tribune.com\/wp-content\/uploads\/2022\/02\/concerts-ete-monaco-1.png","datePublished":"2022-02-10T16:23:41+00:00","dateModified":"2022-02-11T09:59:27+00:00","description":"Gli appuntamenti da non perdere quest'estate nel Principato! Quest'anno a Monaco l'estate va a suon di musica! Ecco gli artisti che si esibiranno sul","breadcrumb":{"@id":"https:\/\/www.monaco-tribune.com\/it\/2022\/02\/questestate-le-grandi-star-sbarcano-a-monaco\/#breadcrumb"},"inLanguage":"it-IT","potentialAction":[{"@type":"ReadAction","target":["https:\/\/www.monaco-tribune.com\/it\/2022\/02\/questestate-le-grandi-star-sbarcano-a-monaco\/"]}]},{"@type":"ImageObject","inLanguage":"it-IT","@id":"https:\/\/www.monaco-tribune.com\/it\/2022\/02\/questestate-le-grandi-star-sbarcano-a-monaco\/#primaryimage","url":"https:\/\/www.monaco-tribune.com\/wp-content\/uploads\/2022\/02\/concerts-ete-monaco-1.png","contentUrl":"https:\/\/www.monaco-tribune.com\/wp-content\/uploads\/2022\/02\/concerts-ete-monaco-1.png","width":1020,"height":575,"caption":"DR"},{"@type":"BreadcrumbList","@id":"https:\/\/www.monaco-tribune.com\/it\/2022\/02\/questestate-le-grandi-star-sbarcano-a-monaco\/#breadcrumb","itemListElement":[{"@type":"ListItem","position":1,"name":"Accueil","item":"https:\/\/www.monaco-tribune.com\/it\/"},{"@type":"ListItem","position":2,"name":"Quest&rsquo;estate le grandi star sbarcano a Monaco!"}]},{"@type":"WebSite","@id":"https:\/\/www.monaco-tribune.com\/it\/#website","url":"https:\/\/www.monaco-tribune.com\/it\/","name":"Monaco Tribune","description":"Monaco : actualit\u00e9s \u00e9conomiques, politiques, culturelles et sportives de Monaco et de la French Riviera.","publisher":{"@id":"https:\/\/www.monaco-tribune.com\/it\/#organization"},"potentialAction":[{"@type":"SearchAction","target":{"@type":"EntryPoint","urlTemplate":"https:\/\/www.monaco-tribune.com\/it\/?s={search_term_string}"},"query-input":{"@type":"PropertyValueSpecification","valueRequired":true,"valueName":"search_term_string"}}],"inLanguage":"it-IT"},{"@type":"Organization","@id":"https:\/\/www.monaco-tribune.com\/it\/#organization","name":"Monaco Tribune","url":"https:\/\/www.monaco-tribune.com\/it\/","logo":{"@type":"ImageObject","inLanguage":"it-IT","@id":"https:\/\/www.monaco-tribune.com\/it\/#\/schema\/logo\/image\/","url":"https:\/\/www.monaco-tribune.com\/wp-content\/uploads\/2022\/11\/logo-monaco-tribune.png","contentUrl":"https:\/\/www.monaco-tribune.com\/wp-content\/uploads\/2022\/11\/logo-monaco-tribune.png","width":1548,"height":600,"caption":"Monaco Tribune"},"image":{"@id":"https:\/\/www.monaco-tribune.com\/it\/#\/schema\/logo\/image\/"},"sameAs":["https:\/\/www.facebook.com\/MonacoTribune","https:\/\/x.com\/MonacoTribune","https:\/\/www.instagram.com\/monacotribune\/","https:\/\/www.linkedin.com\/company\/monaco-tribune","https:\/\/www.youtube.com\/channel\/UCHle1MnG6hw1y4lWKijVbMA"]},{"@type":"Person","@id":"https:\/\/www.monaco-tribune.com\/it\/#\/schema\/person\/a855d420fff4d03637641d60b93ac62e","name":"Camille Esteve","image":{"@type":"ImageObject","inLanguage":"it-IT","@id":"https:\/\/secure.gravatar.com\/avatar\/eaaa2355a7bb56c0018a391c20a55bf9b4690e3f493231dd850e612bfa6ce161?s=96&d=mm&r=g","url":"https:\/\/secure.gravatar.com\/avatar\/eaaa2355a7bb56c0018a391c20a55bf9b4690e3f493231dd850e612bfa6ce161?s=96&d=mm&r=g","contentUrl":"https:\/\/secure.gravatar.com\/avatar\/eaaa2355a7bb56c0018a391c20a55bf9b4690e3f493231dd850e612bfa6ce161?s=96&d=mm&r=g","caption":"Camille Esteve"},"url":"https:\/\/www.monaco-tribune.com\/it\/author\/camilleesteve\/"}]}},"_links":{"self":[{"href":"https:\/\/www.monaco-tribune.com\/it\/wp-json\/wp\/v2\/posts\/110293","targetHints":{"allow":["GET"]}}],"collection":[{"href":"https:\/\/www.monaco-tribune.com\/it\/wp-json\/wp\/v2\/posts"}],"about":[{"href":"https:\/\/www.monaco-tribune.com\/it\/wp-json\/wp\/v2\/types\/post"}],"author":[{"embeddable":true,"href":"https:\/\/www.monaco-tribune.com\/it\/wp-json\/wp\/v2\/users\/60"}],"replies":[{"embeddable":true,"href":"https:\/\/www.monaco-tribune.com\/it\/wp-json\/wp\/v2\/comments?post=110293"}],"version-history":[{"count":0,"href":"https:\/\/www.monaco-tribune.com\/it\/wp-json\/wp\/v2\/posts\/110293\/revisions"}],"wp:featuredmedia":[{"embeddable":true,"href":"https:\/\/www.monaco-tribune.com\/it\/wp-json\/wp\/v2\/media\/110241"}],"wp:attachment":[{"href":"https:\/\/www.monaco-tribune.com\/it\/wp-json\/wp\/v2\/media?parent=110293"}],"wp:term":[{"taxonomy":"category","embeddable":true,"href":"https:\/\/www.monaco-tribune.com\/it\/wp-json\/wp\/v2\/categories?post=110293"},{"taxonomy":"post_tag","embeddable":true,"href":"https:\/\/www.monaco-tribune.com\/it\/wp-json\/wp\/v2\/tags?post=110293"},{"taxonomy":"sectag","embeddable":true,"href":"https:\/\/www.monaco-tribune.com\/it\/wp-json\/wp\/v2\/post_sectags?post=110293"},{"taxonomy":"format","embeddable":true,"href":"https:\/\/www.monaco-tribune.com\/it\/wp-json\/wp\/v2\/post_format?post=110293"}],"curies":[{"name":"wp","href":"https:\/\/api.w.org\/{rel}","templated":true}]}}