{"id":110411,"date":"2022-02-11T17:08:48","date_gmt":"2022-02-11T16:08:48","guid":{"rendered":"https:\/\/www.monaco-tribune.com\/2022\/02\/principe-alberto-ii-questi-giochi-olimpici-saranno-un-bellesempio-da-seguire-in-futuro\/"},"modified":"2022-02-11T17:08:53","modified_gmt":"2022-02-11T16:08:53","slug":"principe-alberto-ii-questi-giochi-olimpici-saranno-un-bellesempio-da-seguire-in-futuro","status":"publish","type":"post","link":"https:\/\/www.monaco-tribune.com\/it\/2022\/02\/principe-alberto-ii-questi-giochi-olimpici-saranno-un-bellesempio-da-seguire-in-futuro\/","title":{"rendered":"Principe Alberto II: &#8220;Questi Giochi Olimpici saranno un bell&#8217;esempio da seguire in futuro&#8221;"},"content":{"rendered":"\n<p><strong>Recatosi in Cina per le Olimpiadi invernali di Pechino, il Principe Alberto II ha confidato le sue impressioni sull&#8217;evento a Monaco Info prima di tornare nel Principato.<\/strong><\/p>\n\n<p>Prima di fare il punto sui Giochi Olimpici 2022, ben riusciti secondo lui dal punto di vista della sostenibilit\u00e0, il Sovrano ha visitato la pista di bob, una disciplina a lui molto cara, insieme ai bobbisti Rudy Rinaldi, Boris Vain e Anthony Rinaldi, .<\/p>\n\n<p>&#8220;Oltre alla cerimonia di apertura molto bella, molto visiva e forte in termini di simboli, le cose che mi hanno colpito di pi\u00f9 sono la qualit\u00e0 delle installazioni e la cura nei dettagli. In tutti i luoghi che ho visitato, \u00e8 stato fatto un grande sforzo per assicurare la qualit\u00e0 dei materiali scelti. Per quanto riguarda la sostenibilit\u00e0, i nostri amici cinesi hanno dato veramente prova d&#8217;inventiva. Questi Giochi Olimpici saranno un bell&#8217;esempio da seguire in futuro&#8221;.<\/p>\n\n<p><strong>LEGGI ANCHE<\/strong>: <a href=\"https:\/\/www.monaco-tribune.com\/it\/2022\/02\/foto-gli-atleti-monegaschi-si-godono-il-villaggio-olimpico\/\">FOTO. Gli atleti monegaschi si godono il villaggio olimpico<\/a><\/p>\n\n<p><strong>LEGGI ANCHE<\/strong>: <a href=\"https:\/\/www.monaco-tribune.com\/it\/2022\/02\/dopo-lincontro-con-xi-jinping-il-principe-alberto-ii-ha-ricevuto-un-bel-regalo-per-i-suoi-figli\/\">Dopo l\u2019incontro con Xi Jinping, il Principe Alberto II ha ricevuto un bel regalo per i suoi figli<\/a><\/p>\n\n<div class=\"wp-block-image\"><figure class=\"aligncenter size-full\"><img loading=\"lazy\" decoding=\"async\" width=\"960\" height=\"640\" src=\"https:\/\/www.monaco-tribune.com\/wp-content\/uploads\/2022\/02\/prince-albert-monaco-jeux-olympiques.jpeg\" alt=\"\" class=\"wp-image-110380\" srcset=\"https:\/\/www.monaco-tribune.com\/wp-content\/uploads\/2022\/02\/prince-albert-monaco-jeux-olympiques.jpeg 960w, https:\/\/www.monaco-tribune.com\/wp-content\/uploads\/2022\/02\/prince-albert-monaco-jeux-olympiques-450x300.jpeg 450w\" sizes=\"auto, (max-width: 960px) 100vw, 960px\" \/><figcaption>Il Principe Alberto II presente alle Olimpiadi di Pechino 2022 \u00a9 IOC \/ Greg Martin<\/figcaption><\/figure><\/div>\n\n<h2 class=\"wp-block-heading\" id=\"h-le-prince-albert-ii-impressionne-par-les-installations\">Il Principe Alberto II \u00e8 rimasto sorpreso dalle installazioni<\/h2>\n\n<p>Impressionato dalla qualit\u00e0 delle installazioni, il Principe Alberto II non ha nascosto la sua ammirazione per il lavoro svolto dalla Cina e dal Comitato internazionale olimpico. &#8220;Il sito \u00e8 eccezionale. Ho avuto l&#8217;occasione di scambiare due parole con il presidente della Federazione internazionale di bob, slittino e skeleton, oltre che con altri funzionari e allenatori, che sono amici e che gareggiavano negli stessi anni in cui lo facevo io. Sono tutti d&#8217;accordo. Non abbiamo mai visto delle zone di partenza e di arrivo cos\u00ec. Queste installazioni di qualit\u00e0 devono servire a far crescere gli sport invernali non soltanto in Cina ma anche in Asia&#8221;.<\/p>\n\n<p>Per quanto riguarda le performance degli atleti monegaschi coinvolti in questi Giochi invernali, il Sovrano si \u00e8 mostrato entusiasta dei risultati incoraggianti dei nostri campioni. &#8220;Ho seguito Arnaud Alessandria nella discesa libera e nel super-G dove ha eseguito delle belle performance. Il suo tredicesimo posto nella combinata \u00e8 un risultato magnifico. La nostra squadra di bob ha fatto un ottimo primo allenamento ufficiale. Rudy Rinaldi e Boris Vain stanno bene, non hanno problemi fisici, il morale \u00e8 alto. Gli faccio i migliori auguri per degli ottimi risultati, \u00e8 quello che speriamo tutti&#8221;.<\/p>\n\n<figure class=\"wp-block-embed aligncenter is-type-video is-provider-youtube wp-block-embed-youtube wp-embed-aspect-16-9 wp-has-aspect-ratio\"><div class=\"wp-block-embed__wrapper\">\r\n<iframe title=\"Impressions Olympiques de S.A.S. le Prince Albert II\" width=\"500\" height=\"281\" src=\"https:\/\/www.youtube.com\/embed\/mi6wa1zCESA?feature=oembed\" frameborder=\"0\" allow=\"accelerometer; autoplay; clipboard-write; encrypted-media; gyroscope; picture-in-picture; web-share\" referrerpolicy=\"strict-origin-when-cross-origin\" allowfullscreen><\/iframe>\r\n<\/div><\/figure>\r\n","protected":false},"excerpt":{"rendered":"<p>Recatosi in Cina per le Olimpiadi invernali di Pechino, il Principe Alberto II ha confidato le sue impressioni sull&#8217;evento a [&hellip;]<\/p>\n","protected":false},"author":24,"featured_media":110369,"comment_status":"closed","ping_status":"closed","sticky":false,"template":"","format":"standard","meta":{"_acf_changed":false,"footnotes":""},"categories":[1742,1826,1738,1743],"tags":[],"post_sectags":[],"post_format":[2478],"class_list":["post-110411","post","type-post","status-publish","format-standard","has-post-thumbnail","hentry","category-famiglia-principesca","category-la-nostra-scelta","category-notizie","category-sport-it","format-notizia"],"acf":[],"yoast_head":"<!-- This site is optimized with the Yoast SEO Premium plugin v26.8 (Yoast SEO v27.4) - https:\/\/yoast.com\/product\/yoast-seo-premium-wordpress\/ -->\n<title>Principe Alberto II: &quot;Questi Giochi Olimpici saranno un bell&#039;esempio da seguire in futuro&quot;<\/title>\n<meta name=\"description\" content=\"Recatosi in Cina per le Olimpiadi invernali di Pechino, il Principe Alberto II ha confidato le sue impressioni sull&#039;evento a Monaco Info prima di tornare\" \/>\n<meta name=\"robots\" content=\"index, follow, max-snippet:-1, max-image-preview:large, max-video-preview:-1\" \/>\n<link rel=\"canonical\" href=\"https:\/\/www.monaco-tribune.com\/it\/2022\/02\/principe-alberto-ii-questi-giochi-olimpici-saranno-un-bellesempio-da-seguire-in-futuro\/\" \/>\n<meta property=\"og:locale\" content=\"it_IT\" \/>\n<meta property=\"og:type\" content=\"article\" \/>\n<meta property=\"og:title\" content=\"Principe Alberto II: &quot;Questi Giochi Olimpici saranno un bell&#039;esempio da seguire in futuro&quot; - Monaco Tribune\" \/>\n<meta property=\"og:description\" content=\"Recatosi in Cina per le Olimpiadi invernali di Pechino, il Principe Alberto II ha confidato le sue impressioni sull&#039;evento a Monaco Info prima di tornare\" \/>\n<meta property=\"og:url\" content=\"https:\/\/www.monaco-tribune.com\/it\/2022\/02\/principe-alberto-ii-questi-giochi-olimpici-saranno-un-bellesempio-da-seguire-in-futuro\/\" \/>\n<meta property=\"og:site_name\" content=\"Monaco Tribune\" \/>\n<meta property=\"article:publisher\" content=\"https:\/\/www.facebook.com\/MonacoTribune\" \/>\n<meta property=\"article:published_time\" content=\"2022-02-11T16:08:48+00:00\" \/>\n<meta property=\"article:modified_time\" content=\"2022-02-11T16:08:53+00:00\" \/>\n<meta property=\"og:image\" content=\"https:\/\/www.monaco-tribune.com\/wp-content\/uploads\/2022\/02\/prince-albert-ii-avec-le\u0301quipe-de-monaco-de-bobsleigh-\u00a9-dr-min.jpg\" \/>\n\t<meta property=\"og:image:width\" content=\"1024\" \/>\n\t<meta property=\"og:image:height\" content=\"679\" \/>\n\t<meta property=\"og:image:type\" content=\"image\/jpeg\" \/>\n<meta name=\"author\" content=\"Romain Boisaubert\" \/>\n<meta name=\"twitter:card\" content=\"summary_large_image\" \/>\n<meta name=\"twitter:creator\" content=\"@MonacoTribune\" \/>\n<meta name=\"twitter:site\" content=\"@MonacoTribune\" \/>\n<script type=\"application\/ld+json\" class=\"yoast-schema-graph\">{\"@context\":\"https:\\\/\\\/schema.org\",\"@graph\":[{\"@type\":\"NewsArticle\",\"@id\":\"https:\\\/\\\/www.monaco-tribune.com\\\/it\\\/2022\\\/02\\\/principe-alberto-ii-questi-giochi-olimpici-saranno-un-bellesempio-da-seguire-in-futuro\\\/#article\",\"isPartOf\":{\"@id\":\"https:\\\/\\\/www.monaco-tribune.com\\\/it\\\/2022\\\/02\\\/principe-alberto-ii-questi-giochi-olimpici-saranno-un-bellesempio-da-seguire-in-futuro\\\/\"},\"author\":{\"name\":\"Romain Boisaubert\",\"@id\":\"https:\\\/\\\/www.monaco-tribune.com\\\/it\\\/#\\\/schema\\\/person\\\/330a3732947cf8cb41b2533a0eadd62e\"},\"headline\":\"Principe Alberto II: &#8220;Questi Giochi Olimpici saranno un bell&#8217;esempio da seguire in futuro&#8221;\",\"datePublished\":\"2022-02-11T16:08:48+00:00\",\"dateModified\":\"2022-02-11T16:08:53+00:00\",\"mainEntityOfPage\":{\"@id\":\"https:\\\/\\\/www.monaco-tribune.com\\\/it\\\/2022\\\/02\\\/principe-alberto-ii-questi-giochi-olimpici-saranno-un-bellesempio-da-seguire-in-futuro\\\/\"},\"wordCount\":413,\"publisher\":{\"@id\":\"https:\\\/\\\/www.monaco-tribune.com\\\/it\\\/#organization\"},\"image\":{\"@id\":\"https:\\\/\\\/www.monaco-tribune.com\\\/it\\\/2022\\\/02\\\/principe-alberto-ii-questi-giochi-olimpici-saranno-un-bellesempio-da-seguire-in-futuro\\\/#primaryimage\"},\"thumbnailUrl\":\"https:\\\/\\\/www.monaco-tribune.com\\\/wp-content\\\/uploads\\\/2022\\\/02\\\/prince-albert-ii-avec-le\u0301quipe-de-monaco-de-bobsleigh-\u00a9-dr-min.jpg\",\"articleSection\":[\"Famiglia Principesca\",\"La nostra scelta\",\"Notizie\",\"Sport\"],\"inLanguage\":\"it-IT\",\"copyrightYear\":\"2022\",\"copyrightHolder\":{\"@id\":\"https:\\\/\\\/www.monaco-tribune.com\\\/#organization\"}},{\"@type\":\"WebPage\",\"@id\":\"https:\\\/\\\/www.monaco-tribune.com\\\/it\\\/2022\\\/02\\\/principe-alberto-ii-questi-giochi-olimpici-saranno-un-bellesempio-da-seguire-in-futuro\\\/\",\"url\":\"https:\\\/\\\/www.monaco-tribune.com\\\/it\\\/2022\\\/02\\\/principe-alberto-ii-questi-giochi-olimpici-saranno-un-bellesempio-da-seguire-in-futuro\\\/\",\"name\":\"Principe Alberto II: \\\"Questi Giochi Olimpici saranno un bell'esempio da seguire in futuro\\\"\",\"isPartOf\":{\"@id\":\"https:\\\/\\\/www.monaco-tribune.com\\\/it\\\/#website\"},\"primaryImageOfPage\":{\"@id\":\"https:\\\/\\\/www.monaco-tribune.com\\\/it\\\/2022\\\/02\\\/principe-alberto-ii-questi-giochi-olimpici-saranno-un-bellesempio-da-seguire-in-futuro\\\/#primaryimage\"},\"image\":{\"@id\":\"https:\\\/\\\/www.monaco-tribune.com\\\/it\\\/2022\\\/02\\\/principe-alberto-ii-questi-giochi-olimpici-saranno-un-bellesempio-da-seguire-in-futuro\\\/#primaryimage\"},\"thumbnailUrl\":\"https:\\\/\\\/www.monaco-tribune.com\\\/wp-content\\\/uploads\\\/2022\\\/02\\\/prince-albert-ii-avec-le\u0301quipe-de-monaco-de-bobsleigh-\u00a9-dr-min.jpg\",\"datePublished\":\"2022-02-11T16:08:48+00:00\",\"dateModified\":\"2022-02-11T16:08:53+00:00\",\"description\":\"Recatosi in Cina per le Olimpiadi invernali di Pechino, il Principe Alberto II ha confidato le sue impressioni sull'evento a Monaco Info prima di tornare\",\"breadcrumb\":{\"@id\":\"https:\\\/\\\/www.monaco-tribune.com\\\/it\\\/2022\\\/02\\\/principe-alberto-ii-questi-giochi-olimpici-saranno-un-bellesempio-da-seguire-in-futuro\\\/#breadcrumb\"},\"inLanguage\":\"it-IT\",\"potentialAction\":[{\"@type\":\"ReadAction\",\"target\":[\"https:\\\/\\\/www.monaco-tribune.com\\\/it\\\/2022\\\/02\\\/principe-alberto-ii-questi-giochi-olimpici-saranno-un-bellesempio-da-seguire-in-futuro\\\/\"]}]},{\"@type\":\"ImageObject\",\"inLanguage\":\"it-IT\",\"@id\":\"https:\\\/\\\/www.monaco-tribune.com\\\/it\\\/2022\\\/02\\\/principe-alberto-ii-questi-giochi-olimpici-saranno-un-bellesempio-da-seguire-in-futuro\\\/#primaryimage\",\"url\":\"https:\\\/\\\/www.monaco-tribune.com\\\/wp-content\\\/uploads\\\/2022\\\/02\\\/prince-albert-ii-avec-le\u0301quipe-de-monaco-de-bobsleigh-\u00a9-dr-min.jpg\",\"contentUrl\":\"https:\\\/\\\/www.monaco-tribune.com\\\/wp-content\\\/uploads\\\/2022\\\/02\\\/prince-albert-ii-avec-le\u0301quipe-de-monaco-de-bobsleigh-\u00a9-dr-min.jpg\",\"width\":1024,\"height\":679,\"caption\":\"DR\"},{\"@type\":\"BreadcrumbList\",\"@id\":\"https:\\\/\\\/www.monaco-tribune.com\\\/it\\\/2022\\\/02\\\/principe-alberto-ii-questi-giochi-olimpici-saranno-un-bellesempio-da-seguire-in-futuro\\\/#breadcrumb\",\"itemListElement\":[{\"@type\":\"ListItem\",\"position\":1,\"name\":\"Accueil\",\"item\":\"https:\\\/\\\/www.monaco-tribune.com\\\/it\\\/\"},{\"@type\":\"ListItem\",\"position\":2,\"name\":\"Principe Alberto II: \u00ab\u00a0Questi Giochi Olimpici saranno un bell&rsquo;esempio da seguire in futuro\u00a0\u00bb\"}]},{\"@type\":\"WebSite\",\"@id\":\"https:\\\/\\\/www.monaco-tribune.com\\\/it\\\/#website\",\"url\":\"https:\\\/\\\/www.monaco-tribune.com\\\/it\\\/\",\"name\":\"Monaco Tribune\",\"description\":\"Monaco : actualit\u00e9s \u00e9conomiques, politiques, culturelles et sportives de Monaco et de la French Riviera.\",\"publisher\":{\"@id\":\"https:\\\/\\\/www.monaco-tribune.com\\\/it\\\/#organization\"},\"potentialAction\":[{\"@type\":\"SearchAction\",\"target\":{\"@type\":\"EntryPoint\",\"urlTemplate\":\"https:\\\/\\\/www.monaco-tribune.com\\\/it\\\/?s={search_term_string}\"},\"query-input\":{\"@type\":\"PropertyValueSpecification\",\"valueRequired\":true,\"valueName\":\"search_term_string\"}}],\"inLanguage\":\"it-IT\"},{\"@type\":\"Organization\",\"@id\":\"https:\\\/\\\/www.monaco-tribune.com\\\/it\\\/#organization\",\"name\":\"Monaco Tribune\",\"url\":\"https:\\\/\\\/www.monaco-tribune.com\\\/it\\\/\",\"logo\":{\"@type\":\"ImageObject\",\"inLanguage\":\"it-IT\",\"@id\":\"https:\\\/\\\/www.monaco-tribune.com\\\/it\\\/#\\\/schema\\\/logo\\\/image\\\/\",\"url\":\"https:\\\/\\\/www.monaco-tribune.com\\\/wp-content\\\/uploads\\\/2022\\\/11\\\/logo-monaco-tribune.png\",\"contentUrl\":\"https:\\\/\\\/www.monaco-tribune.com\\\/wp-content\\\/uploads\\\/2022\\\/11\\\/logo-monaco-tribune.png\",\"width\":1548,\"height\":600,\"caption\":\"Monaco Tribune\"},\"image\":{\"@id\":\"https:\\\/\\\/www.monaco-tribune.com\\\/it\\\/#\\\/schema\\\/logo\\\/image\\\/\"},\"sameAs\":[\"https:\\\/\\\/www.facebook.com\\\/MonacoTribune\",\"https:\\\/\\\/x.com\\\/MonacoTribune\",\"https:\\\/\\\/www.instagram.com\\\/monacotribune\\\/\",\"https:\\\/\\\/www.linkedin.com\\\/company\\\/monaco-tribune\",\"https:\\\/\\\/www.youtube.com\\\/channel\\\/UCHle1MnG6hw1y4lWKijVbMA\"]},{\"@type\":\"Person\",\"@id\":\"https:\\\/\\\/www.monaco-tribune.com\\\/it\\\/#\\\/schema\\\/person\\\/330a3732947cf8cb41b2533a0eadd62e\",\"name\":\"Romain Boisaubert\",\"image\":{\"@type\":\"ImageObject\",\"inLanguage\":\"it-IT\",\"@id\":\"https:\\\/\\\/secure.gravatar.com\\\/avatar\\\/f8b90d41f1eabd1cbe4cf59e09d8db41a697d51919bf2dfe727589a24a4a4d54?s=96&d=mm&r=g\",\"url\":\"https:\\\/\\\/secure.gravatar.com\\\/avatar\\\/f8b90d41f1eabd1cbe4cf59e09d8db41a697d51919bf2dfe727589a24a4a4d54?s=96&d=mm&r=g\",\"contentUrl\":\"https:\\\/\\\/secure.gravatar.com\\\/avatar\\\/f8b90d41f1eabd1cbe4cf59e09d8db41a697d51919bf2dfe727589a24a4a4d54?s=96&d=mm&r=g\",\"caption\":\"Romain Boisaubert\"},\"description\":\"Test bio\",\"url\":\"https:\\\/\\\/www.monaco-tribune.com\\\/it\\\/author\\\/romain-boisaubert\\\/\"}]}<\/script>\n<!-- \/ Yoast SEO Premium plugin. -->","yoast_head_json":{"title":"Principe Alberto II: \"Questi Giochi Olimpici saranno un bell'esempio da seguire in futuro\"","description":"Recatosi in Cina per le Olimpiadi invernali di Pechino, il Principe Alberto II ha confidato le sue impressioni sull'evento a Monaco Info prima di tornare","robots":{"index":"index","follow":"follow","max-snippet":"max-snippet:-1","max-image-preview":"max-image-preview:large","max-video-preview":"max-video-preview:-1"},"canonical":"https:\/\/www.monaco-tribune.com\/it\/2022\/02\/principe-alberto-ii-questi-giochi-olimpici-saranno-un-bellesempio-da-seguire-in-futuro\/","og_locale":"it_IT","og_type":"article","og_title":"Principe Alberto II: \"Questi Giochi Olimpici saranno un bell'esempio da seguire in futuro\" - Monaco Tribune","og_description":"Recatosi in Cina per le Olimpiadi invernali di Pechino, il Principe Alberto II ha confidato le sue impressioni sull'evento a Monaco Info prima di tornare","og_url":"https:\/\/www.monaco-tribune.com\/it\/2022\/02\/principe-alberto-ii-questi-giochi-olimpici-saranno-un-bellesempio-da-seguire-in-futuro\/","og_site_name":"Monaco Tribune","article_publisher":"https:\/\/www.facebook.com\/MonacoTribune","article_published_time":"2022-02-11T16:08:48+00:00","article_modified_time":"2022-02-11T16:08:53+00:00","og_image":[{"width":1024,"height":679,"url":"https:\/\/www.monaco-tribune.com\/wp-content\/uploads\/2022\/02\/prince-albert-ii-avec-le\u0301quipe-de-monaco-de-bobsleigh-\u00a9-dr-min.jpg","type":"image\/jpeg"}],"author":"Romain Boisaubert","twitter_card":"summary_large_image","twitter_creator":"@MonacoTribune","twitter_site":"@MonacoTribune","schema":{"@context":"https:\/\/schema.org","@graph":[{"@type":"NewsArticle","@id":"https:\/\/www.monaco-tribune.com\/it\/2022\/02\/principe-alberto-ii-questi-giochi-olimpici-saranno-un-bellesempio-da-seguire-in-futuro\/#article","isPartOf":{"@id":"https:\/\/www.monaco-tribune.com\/it\/2022\/02\/principe-alberto-ii-questi-giochi-olimpici-saranno-un-bellesempio-da-seguire-in-futuro\/"},"author":{"name":"Romain Boisaubert","@id":"https:\/\/www.monaco-tribune.com\/it\/#\/schema\/person\/330a3732947cf8cb41b2533a0eadd62e"},"headline":"Principe Alberto II: &#8220;Questi Giochi Olimpici saranno un bell&#8217;esempio da seguire in futuro&#8221;","datePublished":"2022-02-11T16:08:48+00:00","dateModified":"2022-02-11T16:08:53+00:00","mainEntityOfPage":{"@id":"https:\/\/www.monaco-tribune.com\/it\/2022\/02\/principe-alberto-ii-questi-giochi-olimpici-saranno-un-bellesempio-da-seguire-in-futuro\/"},"wordCount":413,"publisher":{"@id":"https:\/\/www.monaco-tribune.com\/it\/#organization"},"image":{"@id":"https:\/\/www.monaco-tribune.com\/it\/2022\/02\/principe-alberto-ii-questi-giochi-olimpici-saranno-un-bellesempio-da-seguire-in-futuro\/#primaryimage"},"thumbnailUrl":"https:\/\/www.monaco-tribune.com\/wp-content\/uploads\/2022\/02\/prince-albert-ii-avec-le\u0301quipe-de-monaco-de-bobsleigh-\u00a9-dr-min.jpg","articleSection":["Famiglia Principesca","La nostra scelta","Notizie","Sport"],"inLanguage":"it-IT","copyrightYear":"2022","copyrightHolder":{"@id":"https:\/\/www.monaco-tribune.com\/#organization"}},{"@type":"WebPage","@id":"https:\/\/www.monaco-tribune.com\/it\/2022\/02\/principe-alberto-ii-questi-giochi-olimpici-saranno-un-bellesempio-da-seguire-in-futuro\/","url":"https:\/\/www.monaco-tribune.com\/it\/2022\/02\/principe-alberto-ii-questi-giochi-olimpici-saranno-un-bellesempio-da-seguire-in-futuro\/","name":"Principe Alberto II: \"Questi Giochi Olimpici saranno un bell'esempio da seguire in futuro\"","isPartOf":{"@id":"https:\/\/www.monaco-tribune.com\/it\/#website"},"primaryImageOfPage":{"@id":"https:\/\/www.monaco-tribune.com\/it\/2022\/02\/principe-alberto-ii-questi-giochi-olimpici-saranno-un-bellesempio-da-seguire-in-futuro\/#primaryimage"},"image":{"@id":"https:\/\/www.monaco-tribune.com\/it\/2022\/02\/principe-alberto-ii-questi-giochi-olimpici-saranno-un-bellesempio-da-seguire-in-futuro\/#primaryimage"},"thumbnailUrl":"https:\/\/www.monaco-tribune.com\/wp-content\/uploads\/2022\/02\/prince-albert-ii-avec-le\u0301quipe-de-monaco-de-bobsleigh-\u00a9-dr-min.jpg","datePublished":"2022-02-11T16:08:48+00:00","dateModified":"2022-02-11T16:08:53+00:00","description":"Recatosi in Cina per le Olimpiadi invernali di Pechino, il Principe Alberto II ha confidato le sue impressioni sull'evento a Monaco Info prima di tornare","breadcrumb":{"@id":"https:\/\/www.monaco-tribune.com\/it\/2022\/02\/principe-alberto-ii-questi-giochi-olimpici-saranno-un-bellesempio-da-seguire-in-futuro\/#breadcrumb"},"inLanguage":"it-IT","potentialAction":[{"@type":"ReadAction","target":["https:\/\/www.monaco-tribune.com\/it\/2022\/02\/principe-alberto-ii-questi-giochi-olimpici-saranno-un-bellesempio-da-seguire-in-futuro\/"]}]},{"@type":"ImageObject","inLanguage":"it-IT","@id":"https:\/\/www.monaco-tribune.com\/it\/2022\/02\/principe-alberto-ii-questi-giochi-olimpici-saranno-un-bellesempio-da-seguire-in-futuro\/#primaryimage","url":"https:\/\/www.monaco-tribune.com\/wp-content\/uploads\/2022\/02\/prince-albert-ii-avec-le\u0301quipe-de-monaco-de-bobsleigh-\u00a9-dr-min.jpg","contentUrl":"https:\/\/www.monaco-tribune.com\/wp-content\/uploads\/2022\/02\/prince-albert-ii-avec-le\u0301quipe-de-monaco-de-bobsleigh-\u00a9-dr-min.jpg","width":1024,"height":679,"caption":"DR"},{"@type":"BreadcrumbList","@id":"https:\/\/www.monaco-tribune.com\/it\/2022\/02\/principe-alberto-ii-questi-giochi-olimpici-saranno-un-bellesempio-da-seguire-in-futuro\/#breadcrumb","itemListElement":[{"@type":"ListItem","position":1,"name":"Accueil","item":"https:\/\/www.monaco-tribune.com\/it\/"},{"@type":"ListItem","position":2,"name":"Principe Alberto II: \u00ab\u00a0Questi Giochi Olimpici saranno un bell&rsquo;esempio da seguire in futuro\u00a0\u00bb"}]},{"@type":"WebSite","@id":"https:\/\/www.monaco-tribune.com\/it\/#website","url":"https:\/\/www.monaco-tribune.com\/it\/","name":"Monaco Tribune","description":"Monaco : actualit\u00e9s \u00e9conomiques, politiques, culturelles et sportives de Monaco et de la French Riviera.","publisher":{"@id":"https:\/\/www.monaco-tribune.com\/it\/#organization"},"potentialAction":[{"@type":"SearchAction","target":{"@type":"EntryPoint","urlTemplate":"https:\/\/www.monaco-tribune.com\/it\/?s={search_term_string}"},"query-input":{"@type":"PropertyValueSpecification","valueRequired":true,"valueName":"search_term_string"}}],"inLanguage":"it-IT"},{"@type":"Organization","@id":"https:\/\/www.monaco-tribune.com\/it\/#organization","name":"Monaco Tribune","url":"https:\/\/www.monaco-tribune.com\/it\/","logo":{"@type":"ImageObject","inLanguage":"it-IT","@id":"https:\/\/www.monaco-tribune.com\/it\/#\/schema\/logo\/image\/","url":"https:\/\/www.monaco-tribune.com\/wp-content\/uploads\/2022\/11\/logo-monaco-tribune.png","contentUrl":"https:\/\/www.monaco-tribune.com\/wp-content\/uploads\/2022\/11\/logo-monaco-tribune.png","width":1548,"height":600,"caption":"Monaco Tribune"},"image":{"@id":"https:\/\/www.monaco-tribune.com\/it\/#\/schema\/logo\/image\/"},"sameAs":["https:\/\/www.facebook.com\/MonacoTribune","https:\/\/x.com\/MonacoTribune","https:\/\/www.instagram.com\/monacotribune\/","https:\/\/www.linkedin.com\/company\/monaco-tribune","https:\/\/www.youtube.com\/channel\/UCHle1MnG6hw1y4lWKijVbMA"]},{"@type":"Person","@id":"https:\/\/www.monaco-tribune.com\/it\/#\/schema\/person\/330a3732947cf8cb41b2533a0eadd62e","name":"Romain Boisaubert","image":{"@type":"ImageObject","inLanguage":"it-IT","@id":"https:\/\/secure.gravatar.com\/avatar\/f8b90d41f1eabd1cbe4cf59e09d8db41a697d51919bf2dfe727589a24a4a4d54?s=96&d=mm&r=g","url":"https:\/\/secure.gravatar.com\/avatar\/f8b90d41f1eabd1cbe4cf59e09d8db41a697d51919bf2dfe727589a24a4a4d54?s=96&d=mm&r=g","contentUrl":"https:\/\/secure.gravatar.com\/avatar\/f8b90d41f1eabd1cbe4cf59e09d8db41a697d51919bf2dfe727589a24a4a4d54?s=96&d=mm&r=g","caption":"Romain Boisaubert"},"description":"Test bio","url":"https:\/\/www.monaco-tribune.com\/it\/author\/romain-boisaubert\/"}]}},"_links":{"self":[{"href":"https:\/\/www.monaco-tribune.com\/it\/wp-json\/wp\/v2\/posts\/110411","targetHints":{"allow":["GET"]}}],"collection":[{"href":"https:\/\/www.monaco-tribune.com\/it\/wp-json\/wp\/v2\/posts"}],"about":[{"href":"https:\/\/www.monaco-tribune.com\/it\/wp-json\/wp\/v2\/types\/post"}],"author":[{"embeddable":true,"href":"https:\/\/www.monaco-tribune.com\/it\/wp-json\/wp\/v2\/users\/24"}],"replies":[{"embeddable":true,"href":"https:\/\/www.monaco-tribune.com\/it\/wp-json\/wp\/v2\/comments?post=110411"}],"version-history":[{"count":0,"href":"https:\/\/www.monaco-tribune.com\/it\/wp-json\/wp\/v2\/posts\/110411\/revisions"}],"wp:featuredmedia":[{"embeddable":true,"href":"https:\/\/www.monaco-tribune.com\/it\/wp-json\/wp\/v2\/media\/110369"}],"wp:attachment":[{"href":"https:\/\/www.monaco-tribune.com\/it\/wp-json\/wp\/v2\/media?parent=110411"}],"wp:term":[{"taxonomy":"category","embeddable":true,"href":"https:\/\/www.monaco-tribune.com\/it\/wp-json\/wp\/v2\/categories?post=110411"},{"taxonomy":"post_tag","embeddable":true,"href":"https:\/\/www.monaco-tribune.com\/it\/wp-json\/wp\/v2\/tags?post=110411"},{"taxonomy":"sectag","embeddable":true,"href":"https:\/\/www.monaco-tribune.com\/it\/wp-json\/wp\/v2\/post_sectags?post=110411"},{"taxonomy":"format","embeddable":true,"href":"https:\/\/www.monaco-tribune.com\/it\/wp-json\/wp\/v2\/post_format?post=110411"}],"curies":[{"name":"wp","href":"https:\/\/api.w.org\/{rel}","templated":true}]}}