{"id":110438,"date":"2022-02-11T19:07:40","date_gmt":"2022-02-11T18:07:40","guid":{"rendered":"https:\/\/www.monaco-tribune.com\/2022\/02\/allentamento-delle-misure-sanitarie-nel-principato\/"},"modified":"2022-02-11T19:07:46","modified_gmt":"2022-02-11T18:07:46","slug":"allentamento-delle-misure-sanitarie-nel-principato","status":"publish","type":"post","link":"https:\/\/www.monaco-tribune.com\/it\/2022\/02\/allentamento-delle-misure-sanitarie-nel-principato\/","title":{"rendered":"Allentamento delle misure sanitarie nel Principato"},"content":{"rendered":"\n<p><strong>Tra le novit\u00e0: la fine dell&#8217;obbligo di mascherina all&#8217;aperto.<\/strong><\/p>\n\n<p>Un allentamento atteso da tempo! Da questo sabato 12 febbraio, le restrizioni sanitarie nel Principato saranno notevolmente allentate. Il Consiglio nazionale aveva formulato istanza in tal senso gioved\u00ec 10 febbraio; i funzionari si sono incontrati venerd\u00ec mattina con il Governo del Principe per fare il punto della situazione.<\/p>\n\n<p>Sono state prese diverse decisioni:<\/p>\n\n<ul class=\"wp-block-list\"><li>Non sar\u00e0 pi\u00f9 obbligatorio indossare la mascherina all&#8217;aperto, se non nei luoghi pi\u00f9 affollati, come a Place du Palais, durante il cambio della guardia, nei mercati, o anche all&#8217;uscita della stazione e alle fermate degli autobus nelle ore di punta.<\/li><li>Non sar\u00e0 pi\u00f9 necessario il pass sanitario per accedere ai parrucchieri, agli istituti di bellezza e ai centri in cui si effettuano tatuaggi.<\/li><li>\u00c8 attualmente in discussione l&#8217;allentamento del protocollo per la gestione dei soggetti che entrano in contatto con un positivo nelle scuole. Dovrebbe essere operativo al rientro delle vacanze invernali, quando verr\u00e0 rinnovata la campagna di screening. Saranno effettuate delle sperimentazioni con purificatori d&#8217;aria all&#8217;interno degli istituti.<\/li><li>Le lezioni di nuoto nelle scuole riprenderanno al rientro dalle vacanze.<\/li><li>Il telelavoro resta in vigore per tre giorni a settimana fino al 4 marzo, dove possibile. Sono ancora vietate le pause tra colleghi senza mascherina.<\/li><li>La capienza massima di 2.000 persone per gli eventi pubblici sar\u00e0 abolita, a condizione che si metta in atto un protocollo sanitario adeguato.<\/li><li>Il numero dei commensali a tavola nei ristoranti sale nuovamente a dodici anzich\u00e9 otto; la distanza tra i tavoli si riduce a un metro anzich\u00e9 a un metro e mezzo.<\/li><li><a href=\"https:\/\/www.monaco-tribune.com\/it\/2022\/01\/il-governo-riattiva-i-sussidi-per-affrontare-lemergenza-covid-19\/\">I sostegni economici<\/a> sono prorogati fino alla fine di marzo.<\/li><\/ul>\n\n<h2 class=\"wp-block-heading\" id=\"h-la-situation-s-ameliore\">La situazione sta migliorando<\/h2>\n\n<p>Una serie di misure che \u00e8 stato possibile attuare grazie a un netto miglioramento della situazione sanitaria. Ricordiamo che in una settimana il tasso d&#8217;incidenza \u00e8 sceso del 36% a Monaco e del 33% nelle Alpi Marittime.<\/p>\n\n<p>Questo venerd\u00ec mattina, anche la Francia ha annunciato l&#8217;alleggerimento del suo protocollo sanitario nelle scuole, con autotest meno frequenti e la sospensione dell&#8217;uso della mascherina all&#8217;aperto. Dal 28 febbraio, nell&#8217;esagono la mascherina non sar\u00e0 pi\u00f9 obbligatoria nei luoghi chiusi in cui \u00e8 richiesto il pass vaccinale, e chi \u00e8 stato a contatto con un positivo dovr\u00e0 effettuare un solo tampone, contro i tre attualmente richiesti.<\/p>\n\n<p>Tuttavia, il Governo del Principe invita ancora alla prudenza ed \u00e8 pronto a ricevere le dosi del vaccino Novavax non appena inizier\u00e0 la distribuzione in Francia, intorno al 21 febbraio.<\/p>\n\n<p>Il Governo ha inoltre precisato che a seconda dell&#8217;evoluzione dei dati, le misure sanitarie potrebbero essere ulteriormente ridotte nel prossimo futuro, in particolare nell&#8217;ambiente scolastico.<\/p>\n","protected":false},"excerpt":{"rendered":"<p>Tra le novit\u00e0: la fine dell&#8217;obbligo di mascherina all&#8217;aperto. Un allentamento atteso da tempo! Da questo sabato 12 febbraio, le [&hellip;]<\/p>\n","protected":false},"author":60,"featured_media":110436,"comment_status":"closed","ping_status":"closed","sticky":false,"template":"","format":"standard","meta":{"_acf_changed":false,"footnotes":""},"categories":[1826,1738,1752],"tags":[2886],"post_sectags":[],"post_format":[2478],"class_list":["post-110438","post","type-post","status-publish","format-standard","has-post-thumbnail","hentry","category-la-nostra-scelta","category-notizie","category-societa","tag-covid-19-it","format-notizia"],"acf":[],"yoast_head":"<!-- This site is optimized with the Yoast SEO Premium plugin v26.8 (Yoast SEO v27.4) - https:\/\/yoast.com\/product\/yoast-seo-premium-wordpress\/ -->\n<title>Allentamento delle misure sanitarie nel Principato<\/title>\n<meta name=\"description\" content=\"Tra le novit\u00e0: la fine dell&#039;obbligo di mascherina all&#039;aperto. Un allentamento atteso da tempo! Da questo sabato 12 febbraio, le restrizioni sanitarie nel\" \/>\n<meta name=\"robots\" content=\"index, follow, max-snippet:-1, max-image-preview:large, max-video-preview:-1\" \/>\n<link rel=\"canonical\" href=\"https:\/\/www.monaco-tribune.com\/it\/2022\/02\/allentamento-delle-misure-sanitarie-nel-principato\/\" \/>\n<meta property=\"og:locale\" content=\"it_IT\" \/>\n<meta property=\"og:type\" content=\"article\" \/>\n<meta property=\"og:title\" content=\"Allentamento delle misure sanitarie nel Principato - Monaco Tribune\" \/>\n<meta property=\"og:description\" content=\"Tra le novit\u00e0: la fine dell&#039;obbligo di mascherina all&#039;aperto. Un allentamento atteso da tempo! Da questo sabato 12 febbraio, le restrizioni sanitarie nel\" \/>\n<meta property=\"og:url\" content=\"https:\/\/www.monaco-tribune.com\/it\/2022\/02\/allentamento-delle-misure-sanitarie-nel-principato\/\" \/>\n<meta property=\"og:site_name\" content=\"Monaco Tribune\" \/>\n<meta property=\"article:publisher\" content=\"https:\/\/www.facebook.com\/MonacoTribune\" \/>\n<meta property=\"article:published_time\" content=\"2022-02-11T18:07:40+00:00\" \/>\n<meta property=\"article:modified_time\" content=\"2022-02-11T18:07:46+00:00\" \/>\n<meta property=\"og:image\" content=\"https:\/\/www.monaco-tribune.com\/wp-content\/uploads\/2022\/02\/restaurant-monaco-1.jpg\" \/>\n\t<meta property=\"og:image:width\" content=\"1020\" \/>\n\t<meta property=\"og:image:height\" content=\"680\" \/>\n\t<meta property=\"og:image:type\" content=\"image\/jpeg\" \/>\n<meta name=\"author\" content=\"Camille Esteve\" \/>\n<meta name=\"twitter:card\" content=\"summary_large_image\" \/>\n<meta name=\"twitter:creator\" content=\"@MonacoTribune\" \/>\n<meta name=\"twitter:site\" content=\"@MonacoTribune\" \/>\n<script type=\"application\/ld+json\" class=\"yoast-schema-graph\">{\"@context\":\"https:\\\/\\\/schema.org\",\"@graph\":[{\"@type\":\"NewsArticle\",\"@id\":\"https:\\\/\\\/www.monaco-tribune.com\\\/it\\\/2022\\\/02\\\/allentamento-delle-misure-sanitarie-nel-principato\\\/#article\",\"isPartOf\":{\"@id\":\"https:\\\/\\\/www.monaco-tribune.com\\\/it\\\/2022\\\/02\\\/allentamento-delle-misure-sanitarie-nel-principato\\\/\"},\"author\":{\"name\":\"Camille Esteve\",\"@id\":\"https:\\\/\\\/www.monaco-tribune.com\\\/it\\\/#\\\/schema\\\/person\\\/a855d420fff4d03637641d60b93ac62e\"},\"headline\":\"Allentamento delle misure sanitarie nel Principato\",\"datePublished\":\"2022-02-11T18:07:40+00:00\",\"dateModified\":\"2022-02-11T18:07:46+00:00\",\"mainEntityOfPage\":{\"@id\":\"https:\\\/\\\/www.monaco-tribune.com\\\/it\\\/2022\\\/02\\\/allentamento-delle-misure-sanitarie-nel-principato\\\/\"},\"wordCount\":437,\"publisher\":{\"@id\":\"https:\\\/\\\/www.monaco-tribune.com\\\/it\\\/#organization\"},\"image\":{\"@id\":\"https:\\\/\\\/www.monaco-tribune.com\\\/it\\\/2022\\\/02\\\/allentamento-delle-misure-sanitarie-nel-principato\\\/#primaryimage\"},\"thumbnailUrl\":\"https:\\\/\\\/www.monaco-tribune.com\\\/wp-content\\\/uploads\\\/2022\\\/02\\\/restaurant-monaco-1.jpg\",\"keywords\":[\"Covid-19\"],\"articleSection\":[\"La nostra scelta\",\"Notizie\",\"Societ\u00e0\"],\"inLanguage\":\"it-IT\",\"copyrightYear\":\"2022\",\"copyrightHolder\":{\"@id\":\"https:\\\/\\\/www.monaco-tribune.com\\\/#organization\"}},{\"@type\":\"WebPage\",\"@id\":\"https:\\\/\\\/www.monaco-tribune.com\\\/it\\\/2022\\\/02\\\/allentamento-delle-misure-sanitarie-nel-principato\\\/\",\"url\":\"https:\\\/\\\/www.monaco-tribune.com\\\/it\\\/2022\\\/02\\\/allentamento-delle-misure-sanitarie-nel-principato\\\/\",\"name\":\"Allentamento delle misure sanitarie nel Principato\",\"isPartOf\":{\"@id\":\"https:\\\/\\\/www.monaco-tribune.com\\\/it\\\/#website\"},\"primaryImageOfPage\":{\"@id\":\"https:\\\/\\\/www.monaco-tribune.com\\\/it\\\/2022\\\/02\\\/allentamento-delle-misure-sanitarie-nel-principato\\\/#primaryimage\"},\"image\":{\"@id\":\"https:\\\/\\\/www.monaco-tribune.com\\\/it\\\/2022\\\/02\\\/allentamento-delle-misure-sanitarie-nel-principato\\\/#primaryimage\"},\"thumbnailUrl\":\"https:\\\/\\\/www.monaco-tribune.com\\\/wp-content\\\/uploads\\\/2022\\\/02\\\/restaurant-monaco-1.jpg\",\"datePublished\":\"2022-02-11T18:07:40+00:00\",\"dateModified\":\"2022-02-11T18:07:46+00:00\",\"description\":\"Tra le novit\u00e0: la fine dell'obbligo di mascherina all'aperto. Un allentamento atteso da tempo! Da questo sabato 12 febbraio, le restrizioni sanitarie nel\",\"breadcrumb\":{\"@id\":\"https:\\\/\\\/www.monaco-tribune.com\\\/it\\\/2022\\\/02\\\/allentamento-delle-misure-sanitarie-nel-principato\\\/#breadcrumb\"},\"inLanguage\":\"it-IT\",\"potentialAction\":[{\"@type\":\"ReadAction\",\"target\":[\"https:\\\/\\\/www.monaco-tribune.com\\\/it\\\/2022\\\/02\\\/allentamento-delle-misure-sanitarie-nel-principato\\\/\"]}]},{\"@type\":\"ImageObject\",\"inLanguage\":\"it-IT\",\"@id\":\"https:\\\/\\\/www.monaco-tribune.com\\\/it\\\/2022\\\/02\\\/allentamento-delle-misure-sanitarie-nel-principato\\\/#primaryimage\",\"url\":\"https:\\\/\\\/www.monaco-tribune.com\\\/wp-content\\\/uploads\\\/2022\\\/02\\\/restaurant-monaco-1.jpg\",\"contentUrl\":\"https:\\\/\\\/www.monaco-tribune.com\\\/wp-content\\\/uploads\\\/2022\\\/02\\\/restaurant-monaco-1.jpg\",\"width\":1020,\"height\":680,\"caption\":\"Monaco Tribune\"},{\"@type\":\"BreadcrumbList\",\"@id\":\"https:\\\/\\\/www.monaco-tribune.com\\\/it\\\/2022\\\/02\\\/allentamento-delle-misure-sanitarie-nel-principato\\\/#breadcrumb\",\"itemListElement\":[{\"@type\":\"ListItem\",\"position\":1,\"name\":\"Accueil\",\"item\":\"https:\\\/\\\/www.monaco-tribune.com\\\/it\\\/\"},{\"@type\":\"ListItem\",\"position\":2,\"name\":\"Allentamento delle misure sanitarie nel Principato\"}]},{\"@type\":\"WebSite\",\"@id\":\"https:\\\/\\\/www.monaco-tribune.com\\\/it\\\/#website\",\"url\":\"https:\\\/\\\/www.monaco-tribune.com\\\/it\\\/\",\"name\":\"Monaco Tribune\",\"description\":\"Monaco : actualit\u00e9s \u00e9conomiques, politiques, culturelles et sportives de Monaco et de la French Riviera.\",\"publisher\":{\"@id\":\"https:\\\/\\\/www.monaco-tribune.com\\\/it\\\/#organization\"},\"potentialAction\":[{\"@type\":\"SearchAction\",\"target\":{\"@type\":\"EntryPoint\",\"urlTemplate\":\"https:\\\/\\\/www.monaco-tribune.com\\\/it\\\/?s={search_term_string}\"},\"query-input\":{\"@type\":\"PropertyValueSpecification\",\"valueRequired\":true,\"valueName\":\"search_term_string\"}}],\"inLanguage\":\"it-IT\"},{\"@type\":\"Organization\",\"@id\":\"https:\\\/\\\/www.monaco-tribune.com\\\/it\\\/#organization\",\"name\":\"Monaco Tribune\",\"url\":\"https:\\\/\\\/www.monaco-tribune.com\\\/it\\\/\",\"logo\":{\"@type\":\"ImageObject\",\"inLanguage\":\"it-IT\",\"@id\":\"https:\\\/\\\/www.monaco-tribune.com\\\/it\\\/#\\\/schema\\\/logo\\\/image\\\/\",\"url\":\"https:\\\/\\\/www.monaco-tribune.com\\\/wp-content\\\/uploads\\\/2022\\\/11\\\/logo-monaco-tribune.png\",\"contentUrl\":\"https:\\\/\\\/www.monaco-tribune.com\\\/wp-content\\\/uploads\\\/2022\\\/11\\\/logo-monaco-tribune.png\",\"width\":1548,\"height\":600,\"caption\":\"Monaco Tribune\"},\"image\":{\"@id\":\"https:\\\/\\\/www.monaco-tribune.com\\\/it\\\/#\\\/schema\\\/logo\\\/image\\\/\"},\"sameAs\":[\"https:\\\/\\\/www.facebook.com\\\/MonacoTribune\",\"https:\\\/\\\/x.com\\\/MonacoTribune\",\"https:\\\/\\\/www.instagram.com\\\/monacotribune\\\/\",\"https:\\\/\\\/www.linkedin.com\\\/company\\\/monaco-tribune\",\"https:\\\/\\\/www.youtube.com\\\/channel\\\/UCHle1MnG6hw1y4lWKijVbMA\"]},{\"@type\":\"Person\",\"@id\":\"https:\\\/\\\/www.monaco-tribune.com\\\/it\\\/#\\\/schema\\\/person\\\/a855d420fff4d03637641d60b93ac62e\",\"name\":\"Camille Esteve\",\"image\":{\"@type\":\"ImageObject\",\"inLanguage\":\"it-IT\",\"@id\":\"https:\\\/\\\/secure.gravatar.com\\\/avatar\\\/eaaa2355a7bb56c0018a391c20a55bf9b4690e3f493231dd850e612bfa6ce161?s=96&d=mm&r=g\",\"url\":\"https:\\\/\\\/secure.gravatar.com\\\/avatar\\\/eaaa2355a7bb56c0018a391c20a55bf9b4690e3f493231dd850e612bfa6ce161?s=96&d=mm&r=g\",\"contentUrl\":\"https:\\\/\\\/secure.gravatar.com\\\/avatar\\\/eaaa2355a7bb56c0018a391c20a55bf9b4690e3f493231dd850e612bfa6ce161?s=96&d=mm&r=g\",\"caption\":\"Camille Esteve\"},\"url\":\"https:\\\/\\\/www.monaco-tribune.com\\\/it\\\/author\\\/camilleesteve\\\/\"}]}<\/script>\n<!-- \/ Yoast SEO Premium plugin. -->","yoast_head_json":{"title":"Allentamento delle misure sanitarie nel Principato","description":"Tra le novit\u00e0: la fine dell'obbligo di mascherina all'aperto. Un allentamento atteso da tempo! Da questo sabato 12 febbraio, le restrizioni sanitarie nel","robots":{"index":"index","follow":"follow","max-snippet":"max-snippet:-1","max-image-preview":"max-image-preview:large","max-video-preview":"max-video-preview:-1"},"canonical":"https:\/\/www.monaco-tribune.com\/it\/2022\/02\/allentamento-delle-misure-sanitarie-nel-principato\/","og_locale":"it_IT","og_type":"article","og_title":"Allentamento delle misure sanitarie nel Principato - Monaco Tribune","og_description":"Tra le novit\u00e0: la fine dell'obbligo di mascherina all'aperto. Un allentamento atteso da tempo! Da questo sabato 12 febbraio, le restrizioni sanitarie nel","og_url":"https:\/\/www.monaco-tribune.com\/it\/2022\/02\/allentamento-delle-misure-sanitarie-nel-principato\/","og_site_name":"Monaco Tribune","article_publisher":"https:\/\/www.facebook.com\/MonacoTribune","article_published_time":"2022-02-11T18:07:40+00:00","article_modified_time":"2022-02-11T18:07:46+00:00","og_image":[{"width":1020,"height":680,"url":"https:\/\/www.monaco-tribune.com\/wp-content\/uploads\/2022\/02\/restaurant-monaco-1.jpg","type":"image\/jpeg"}],"author":"Camille Esteve","twitter_card":"summary_large_image","twitter_creator":"@MonacoTribune","twitter_site":"@MonacoTribune","schema":{"@context":"https:\/\/schema.org","@graph":[{"@type":"NewsArticle","@id":"https:\/\/www.monaco-tribune.com\/it\/2022\/02\/allentamento-delle-misure-sanitarie-nel-principato\/#article","isPartOf":{"@id":"https:\/\/www.monaco-tribune.com\/it\/2022\/02\/allentamento-delle-misure-sanitarie-nel-principato\/"},"author":{"name":"Camille Esteve","@id":"https:\/\/www.monaco-tribune.com\/it\/#\/schema\/person\/a855d420fff4d03637641d60b93ac62e"},"headline":"Allentamento delle misure sanitarie nel Principato","datePublished":"2022-02-11T18:07:40+00:00","dateModified":"2022-02-11T18:07:46+00:00","mainEntityOfPage":{"@id":"https:\/\/www.monaco-tribune.com\/it\/2022\/02\/allentamento-delle-misure-sanitarie-nel-principato\/"},"wordCount":437,"publisher":{"@id":"https:\/\/www.monaco-tribune.com\/it\/#organization"},"image":{"@id":"https:\/\/www.monaco-tribune.com\/it\/2022\/02\/allentamento-delle-misure-sanitarie-nel-principato\/#primaryimage"},"thumbnailUrl":"https:\/\/www.monaco-tribune.com\/wp-content\/uploads\/2022\/02\/restaurant-monaco-1.jpg","keywords":["Covid-19"],"articleSection":["La nostra scelta","Notizie","Societ\u00e0"],"inLanguage":"it-IT","copyrightYear":"2022","copyrightHolder":{"@id":"https:\/\/www.monaco-tribune.com\/#organization"}},{"@type":"WebPage","@id":"https:\/\/www.monaco-tribune.com\/it\/2022\/02\/allentamento-delle-misure-sanitarie-nel-principato\/","url":"https:\/\/www.monaco-tribune.com\/it\/2022\/02\/allentamento-delle-misure-sanitarie-nel-principato\/","name":"Allentamento delle misure sanitarie nel Principato","isPartOf":{"@id":"https:\/\/www.monaco-tribune.com\/it\/#website"},"primaryImageOfPage":{"@id":"https:\/\/www.monaco-tribune.com\/it\/2022\/02\/allentamento-delle-misure-sanitarie-nel-principato\/#primaryimage"},"image":{"@id":"https:\/\/www.monaco-tribune.com\/it\/2022\/02\/allentamento-delle-misure-sanitarie-nel-principato\/#primaryimage"},"thumbnailUrl":"https:\/\/www.monaco-tribune.com\/wp-content\/uploads\/2022\/02\/restaurant-monaco-1.jpg","datePublished":"2022-02-11T18:07:40+00:00","dateModified":"2022-02-11T18:07:46+00:00","description":"Tra le novit\u00e0: la fine dell'obbligo di mascherina all'aperto. Un allentamento atteso da tempo! Da questo sabato 12 febbraio, le restrizioni sanitarie nel","breadcrumb":{"@id":"https:\/\/www.monaco-tribune.com\/it\/2022\/02\/allentamento-delle-misure-sanitarie-nel-principato\/#breadcrumb"},"inLanguage":"it-IT","potentialAction":[{"@type":"ReadAction","target":["https:\/\/www.monaco-tribune.com\/it\/2022\/02\/allentamento-delle-misure-sanitarie-nel-principato\/"]}]},{"@type":"ImageObject","inLanguage":"it-IT","@id":"https:\/\/www.monaco-tribune.com\/it\/2022\/02\/allentamento-delle-misure-sanitarie-nel-principato\/#primaryimage","url":"https:\/\/www.monaco-tribune.com\/wp-content\/uploads\/2022\/02\/restaurant-monaco-1.jpg","contentUrl":"https:\/\/www.monaco-tribune.com\/wp-content\/uploads\/2022\/02\/restaurant-monaco-1.jpg","width":1020,"height":680,"caption":"Monaco Tribune"},{"@type":"BreadcrumbList","@id":"https:\/\/www.monaco-tribune.com\/it\/2022\/02\/allentamento-delle-misure-sanitarie-nel-principato\/#breadcrumb","itemListElement":[{"@type":"ListItem","position":1,"name":"Accueil","item":"https:\/\/www.monaco-tribune.com\/it\/"},{"@type":"ListItem","position":2,"name":"Allentamento delle misure sanitarie nel Principato"}]},{"@type":"WebSite","@id":"https:\/\/www.monaco-tribune.com\/it\/#website","url":"https:\/\/www.monaco-tribune.com\/it\/","name":"Monaco Tribune","description":"Monaco : actualit\u00e9s \u00e9conomiques, politiques, culturelles et sportives de Monaco et de la French Riviera.","publisher":{"@id":"https:\/\/www.monaco-tribune.com\/it\/#organization"},"potentialAction":[{"@type":"SearchAction","target":{"@type":"EntryPoint","urlTemplate":"https:\/\/www.monaco-tribune.com\/it\/?s={search_term_string}"},"query-input":{"@type":"PropertyValueSpecification","valueRequired":true,"valueName":"search_term_string"}}],"inLanguage":"it-IT"},{"@type":"Organization","@id":"https:\/\/www.monaco-tribune.com\/it\/#organization","name":"Monaco Tribune","url":"https:\/\/www.monaco-tribune.com\/it\/","logo":{"@type":"ImageObject","inLanguage":"it-IT","@id":"https:\/\/www.monaco-tribune.com\/it\/#\/schema\/logo\/image\/","url":"https:\/\/www.monaco-tribune.com\/wp-content\/uploads\/2022\/11\/logo-monaco-tribune.png","contentUrl":"https:\/\/www.monaco-tribune.com\/wp-content\/uploads\/2022\/11\/logo-monaco-tribune.png","width":1548,"height":600,"caption":"Monaco Tribune"},"image":{"@id":"https:\/\/www.monaco-tribune.com\/it\/#\/schema\/logo\/image\/"},"sameAs":["https:\/\/www.facebook.com\/MonacoTribune","https:\/\/x.com\/MonacoTribune","https:\/\/www.instagram.com\/monacotribune\/","https:\/\/www.linkedin.com\/company\/monaco-tribune","https:\/\/www.youtube.com\/channel\/UCHle1MnG6hw1y4lWKijVbMA"]},{"@type":"Person","@id":"https:\/\/www.monaco-tribune.com\/it\/#\/schema\/person\/a855d420fff4d03637641d60b93ac62e","name":"Camille Esteve","image":{"@type":"ImageObject","inLanguage":"it-IT","@id":"https:\/\/secure.gravatar.com\/avatar\/eaaa2355a7bb56c0018a391c20a55bf9b4690e3f493231dd850e612bfa6ce161?s=96&d=mm&r=g","url":"https:\/\/secure.gravatar.com\/avatar\/eaaa2355a7bb56c0018a391c20a55bf9b4690e3f493231dd850e612bfa6ce161?s=96&d=mm&r=g","contentUrl":"https:\/\/secure.gravatar.com\/avatar\/eaaa2355a7bb56c0018a391c20a55bf9b4690e3f493231dd850e612bfa6ce161?s=96&d=mm&r=g","caption":"Camille Esteve"},"url":"https:\/\/www.monaco-tribune.com\/it\/author\/camilleesteve\/"}]}},"_links":{"self":[{"href":"https:\/\/www.monaco-tribune.com\/it\/wp-json\/wp\/v2\/posts\/110438","targetHints":{"allow":["GET"]}}],"collection":[{"href":"https:\/\/www.monaco-tribune.com\/it\/wp-json\/wp\/v2\/posts"}],"about":[{"href":"https:\/\/www.monaco-tribune.com\/it\/wp-json\/wp\/v2\/types\/post"}],"author":[{"embeddable":true,"href":"https:\/\/www.monaco-tribune.com\/it\/wp-json\/wp\/v2\/users\/60"}],"replies":[{"embeddable":true,"href":"https:\/\/www.monaco-tribune.com\/it\/wp-json\/wp\/v2\/comments?post=110438"}],"version-history":[{"count":0,"href":"https:\/\/www.monaco-tribune.com\/it\/wp-json\/wp\/v2\/posts\/110438\/revisions"}],"wp:featuredmedia":[{"embeddable":true,"href":"https:\/\/www.monaco-tribune.com\/it\/wp-json\/wp\/v2\/media\/110436"}],"wp:attachment":[{"href":"https:\/\/www.monaco-tribune.com\/it\/wp-json\/wp\/v2\/media?parent=110438"}],"wp:term":[{"taxonomy":"category","embeddable":true,"href":"https:\/\/www.monaco-tribune.com\/it\/wp-json\/wp\/v2\/categories?post=110438"},{"taxonomy":"post_tag","embeddable":true,"href":"https:\/\/www.monaco-tribune.com\/it\/wp-json\/wp\/v2\/tags?post=110438"},{"taxonomy":"sectag","embeddable":true,"href":"https:\/\/www.monaco-tribune.com\/it\/wp-json\/wp\/v2\/post_sectags?post=110438"},{"taxonomy":"format","embeddable":true,"href":"https:\/\/www.monaco-tribune.com\/it\/wp-json\/wp\/v2\/post_format?post=110438"}],"curies":[{"name":"wp","href":"https:\/\/api.w.org\/{rel}","templated":true}]}}