{"id":110852,"date":"2022-02-16T12:44:38","date_gmt":"2022-02-16T11:44:38","guid":{"rendered":"https:\/\/www.monaco-tribune.com\/2022\/02\/olivia-dorato-cantare-e-il-mio-modo-di-parlare\/"},"modified":"2022-02-16T12:51:16","modified_gmt":"2022-02-16T11:51:16","slug":"olivia-dorato-cantare-e-il-mio-modo-di-parlare","status":"publish","type":"post","link":"https:\/\/www.monaco-tribune.com\/it\/2022\/02\/olivia-dorato-cantare-e-il-mio-modo-di-parlare\/","title":{"rendered":"Olivia Dorato: &#8220;Cantare \u00e8 il mio modo di parlare&#8221;"},"content":{"rendered":"\n<p><strong>A soli 23 anni, la giovane cantante monegasca ha lanciato il suo terzo album. L&#8217;abbiamo incontrata per fare due chiacchiere.<\/strong><\/p>\n\n\n\n<p>Grande sorriso, sguardo effervescente e una volont\u00e0 da far invidia. La giovane cantante Olivia Dorato ha appena lanciato il terzo album della sua carriera: <em>Connexion<\/em>. Venti brani originali, &#8220;che si distinguono dal classico pop&#8221; e che hanno tutti un particolare significato.<\/p>\n\n\n\n<p>&#8220;<em>Connexion<\/em> parla di un periodo della mia vita abbastanza buio, dove vedevo tutto nero&#8221;, racconta la cantante. &#8220;A poco a poco ho capito che la vita non \u00e8 n\u00e9 bella, n\u00e9 brutta, ma \u00e8 come noi decidiamo di vederla. Quando ce ne rendiamo conto, creiamo veramente una connessione con tutto quello che ci circonda. Finiamo per amare noi stessi, amare gli altri, il nostro lavoro, la natura&#8230; Ci riconnettiamo con ci\u00f2 che conta davvero&#8221;.<\/p>\n\n\n\n<p>Ed \u00e8 a partire da questa esperienza personale che Olivia Dorato ha scritto tutti i suoi testi, sia in francese che in inglese, per poi abbandonarli e lasciare posto alla libera interpretazione di chi li ascolta. Dagli eccessi tipici della giovent\u00f9, passando per le relazioni tossiche, la stima per se stessi e i tormenti della seduzione, l&#8217;album tratta diverse tematiche per fare eco ai problemi di molti.<\/p>\n\n\n\n<blockquote class=\"wp-block-quote is-layout-flow wp-block-quote-is-layout-flow\"><p>Da piccola, ho iniziato prima a cantare che a parlare <\/p><\/blockquote>\n\n\n\n<p>Unica eccezione il brano <em>L&#8217;Enfant et le pirate blanc,&nbsp;<\/em>scritto insieme a Georges-Olivier Kalifa e composto per l&#8217;associazione <a href=\"https:\/\/www.monaco-tribune.com\/it\/2021\/09\/due-chiacchiere-con-il-pirata-bianco-il-cacciatore-di-tesori-per-i-bambini-ricoverati\/\">Les Voiles Blanches Bettimask<\/a>, che raccoglie giocattoli per i bambini ricoverati della Fondation Lenval a Nizza.<\/p>\n\n\n\n<figure class=\"wp-block-embed is-type-video is-provider-youtube wp-block-embed-youtube wp-embed-aspect-16-9 wp-has-aspect-ratio\"><div class=\"wp-block-embed__wrapper\">\n<iframe title=\"Olivia Dorato - Promo Connexion (Album)\" width=\"500\" height=\"281\" src=\"https:\/\/www.youtube.com\/embed\/f4MS9TVqYaE?feature=oembed\" frameborder=\"0\" allow=\"accelerometer; autoplay; clipboard-write; encrypted-media; gyroscope; picture-in-picture; web-share\" referrerpolicy=\"strict-origin-when-cross-origin\" allowfullscreen><\/iframe>\n<\/div><\/figure>\n\n\n\n<h2 class=\"wp-block-heading\" id=\"h-la-pepita-di-monaco-sostenuta-dal-principe\">&#8220;La pepita di Monaco&#8221; sostenuta dal Principe<\/h2>\n\n\n\n<p>Olivia, invece, \u00e8 particolarmente affezionata a <em>Kiss the past, <\/em>che parla della &#8220;necessit\u00e0 di non dimenticarsi da dove veniamo&#8221;. Una testimonianza del suo percorso che \u00e8 ufficialmente iniziato nel 2013, quando la cantante aveva appena quindici anni.<\/p>\n\n\n\n<p>\u00c8 stato un tecnico del suono a scoprire l&#8217;adolescente e a proporle di registrare il suo primo album, <em>Heartbroken.&nbsp;<\/em>Accompagnata da musicisti professionisti, Olivia Dorato salir\u00e0 presto sul palco per aprire i concerti degli artisti pi\u00f9 famosi, come Gilbert Montagn\u00e9 o Kungs. &#8220;Ero nervosissima la prima volta&#8221;, ricorda. &#8220;Ero incredibilmente euforica, ridevo per niente per colpa dello stress. Per fortuna adesso va meglio. Quando sono sul palco sono a mio agio, \u00e8 l\u00ec che devo essere. Cantare \u00e8 il mio modo di parlare&#8221;.<\/p>\n\n\n\n<div class=\"wp-block-image\"><figure class=\"aligncenter size-full\"><img loading=\"lazy\" decoding=\"async\" width=\"1020\" height=\"680\" src=\"https:\/\/www.monaco-tribune.com\/wp-content\/uploads\/2022\/02\/olivia-dorato-concert.jpeg\" alt=\"olivia-dorato-concerto\" class=\"wp-image-110653\" srcset=\"https:\/\/www.monaco-tribune.com\/wp-content\/uploads\/2022\/02\/olivia-dorato-concert.jpeg 1020w, https:\/\/www.monaco-tribune.com\/wp-content\/uploads\/2022\/02\/olivia-dorato-concert-450x300.jpeg 450w\" sizes=\"auto, (max-width: 1020px) 100vw, 1020px\" \/><figcaption><em>\u00a9 Michael Alesi<\/em><\/figcaption><\/figure><\/div>\n\n\n\n<p>Un debutto nel mondo della musica che ha dovuto conciliarsi con gli studi. Ora laureata in giurisprudenza, Olivia Dorato si \u00e8 assicurata di avere un bagaglio solido prima di decidere di dedicarsi completamente al canto: &#8220;All&#8217;inizio, le persone che mi circondano avevano un po&#8217; paura, ma i miei genitori pensavano che ci fosse qualcosa di speciale e mi hanno incoraggiata molto&#8221;.<\/p>\n\n\n\n<p>L&#8217;artista non si ferma un attimo. Tra danza, pianoforte, chitarra, scrittura e composizione, Olivia vuole perfezionare la sua arte in tutti gli ambiti, come il suo idolo Justin Bieber. E come per il cantante canadese, anche la vena artistica della monegasca non ha tardato a palesarsi: &#8220;I miei genitori raccontano che da piccola ho iniziato prima a cantare che a parlare. Passavo anche il tempo a trovare il ritmo&#8221;.<\/p>\n\n\n\n<p>Una passione che ormai anche i suoi cari incoraggiano, e non solo! Soprannominata &#8220;la pepita di Monaco&#8221; dal Presidente del Consiglio nazionale St\u00e9phane Valeri, Olivia Dorato pu\u00f2 vantarsi anche, e soprattutto, del sostegno del Principe Alberto II: &#8220;Ho cantato spesso a eventi in cui era presente il Principe. Quando ci vediamo ci mettiamo a parlare, so che ho il Suo sostegno e mi fa molto piacere! \u00c8 la realizzazione di un sogno, \u00e8 come se rappresentassi il mio paese&#8221;.<\/p>\n\n\n<blockquote class=\"instagram-media\" data-instgrm-captioned=\"\" data-instgrm-permalink=\"https:\/\/www.instagram.com\/reel\/CaAaC2blGN5\/?utm_source=ig_embed&amp;utm_campaign=loading\" data-instgrm-version=\"14\" style=\" background:#FFF; border:0; border-radius:3px; box-shadow:0 0 1px 0 rgba(0,0,0,0.5),0 1px 10px 0 rgba(0,0,0,0.15); margin: 1px; max-width:540px; min-width:326px; padding:0; width:99.375%; width:-webkit-calc(100% - 2px); width:calc(100% - 2px);\">\n<div style=\"padding:16px;\"> <a href=\"https:\/\/www.instagram.com\/reel\/CaAaC2blGN5\/?utm_source=ig_embed&amp;utm_campaign=loading\" style=\" background:#FFFFFF; line-height:0; padding:0 0; text-align:center; text-decoration:none; width:100%;\" target=\"_blank\" rel=\"noopener\"> <\/p>\n<div style=\" display: flex; flex-direction: row; align-items: center;\">\n<div style=\"background-color: #F4F4F4; border-radius: 50%; flex-grow: 0; height: 40px; margin-right: 14px; width: 40px;\"><\/div>\n<div style=\"display: flex; flex-direction: column; flex-grow: 1; justify-content: center;\">\n<div style=\" background-color: #F4F4F4; border-radius: 4px; flex-grow: 0; height: 14px; margin-bottom: 6px; width: 100px;\"><\/div>\n<div style=\" background-color: #F4F4F4; border-radius: 4px; flex-grow: 0; height: 14px; width: 60px;\"><\/div>\n<\/div>\n<\/div>\n<div style=\"padding: 19% 0;\"><\/div>\n<div style=\"display:block; height:50px; margin:0 auto 12px; width:50px;\"><svg width=\"50px\" height=\"50px\" viewBox=\"0 0 60 60\" version=\"1.1\" xmlns=\"https:\/\/www.w3.org\/2000\/svg\" xmlns:xlink=\"https:\/\/www.w3.org\/1999\/xlink\"><g stroke=\"none\" stroke-width=\"1\" fill=\"none\" fill-rule=\"evenodd\"><g transform=\"translate(-511.000000, -20.000000)\" fill=\"#000000\"><g><path d=\"M556.869,30.41 C554.814,30.41 553.148,32.076 553.148,34.131 C553.148,36.186 554.814,37.852 556.869,37.852 C558.924,37.852 560.59,36.186 560.59,34.131 C560.59,32.076 558.924,30.41 556.869,30.41 M541,60.657 C535.114,60.657 530.342,55.887 530.342,50 C530.342,44.114 535.114,39.342 541,39.342 C546.887,39.342 551.658,44.114 551.658,50 C551.658,55.887 546.887,60.657 541,60.657 M541,33.886 C532.1,33.886 524.886,41.1 524.886,50 C524.886,58.899 532.1,66.113 541,66.113 C549.9,66.113 557.115,58.899 557.115,50 C557.115,41.1 549.9,33.886 541,33.886 M565.378,62.101 C565.244,65.022 564.756,66.606 564.346,67.663 C563.803,69.06 563.154,70.057 562.106,71.106 C561.058,72.155 560.06,72.803 558.662,73.347 C557.607,73.757 556.021,74.244 553.102,74.378 C549.944,74.521 548.997,74.552 541,74.552 C533.003,74.552 532.056,74.521 528.898,74.378 C525.979,74.244 524.393,73.757 523.338,73.347 C521.94,72.803 520.942,72.155 519.894,71.106 C518.846,70.057 518.197,69.06 517.654,67.663 C517.244,66.606 516.755,65.022 516.623,62.101 C516.479,58.943 516.448,57.996 516.448,50 C516.448,42.003 516.479,41.056 516.623,37.899 C516.755,34.978 517.244,33.391 517.654,32.338 C518.197,30.938 518.846,29.942 519.894,28.894 C520.942,27.846 521.94,27.196 523.338,26.654 C524.393,26.244 525.979,25.756 528.898,25.623 C532.057,25.479 533.004,25.448 541,25.448 C548.997,25.448 549.943,25.479 553.102,25.623 C556.021,25.756 557.607,26.244 558.662,26.654 C560.06,27.196 561.058,27.846 562.106,28.894 C563.154,29.942 563.803,30.938 564.346,32.338 C564.756,33.391 565.244,34.978 565.378,37.899 C565.522,41.056 565.552,42.003 565.552,50 C565.552,57.996 565.522,58.943 565.378,62.101 M570.82,37.631 C570.674,34.438 570.167,32.258 569.425,30.349 C568.659,28.377 567.633,26.702 565.965,25.035 C564.297,23.368 562.623,22.342 560.652,21.575 C558.743,20.834 556.562,20.326 553.369,20.18 C550.169,20.033 549.148,20 541,20 C532.853,20 531.831,20.033 528.631,20.18 C525.438,20.326 523.257,20.834 521.349,21.575 C519.376,22.342 517.703,23.368 516.035,25.035 C514.368,26.702 513.342,28.377 512.574,30.349 C511.834,32.258 511.326,34.438 511.181,37.631 C511.035,40.831 511,41.851 511,50 C511,58.147 511.035,59.17 511.181,62.369 C511.326,65.562 511.834,67.743 512.574,69.651 C513.342,71.625 514.368,73.296 516.035,74.965 C517.703,76.634 519.376,77.658 521.349,78.425 C523.257,79.167 525.438,79.673 528.631,79.82 C531.831,79.965 532.853,80.001 541,80.001 C549.148,80.001 550.169,79.965 553.369,79.82 C556.562,79.673 558.743,79.167 560.652,78.425 C562.623,77.658 564.297,76.634 565.965,74.965 C567.633,73.296 568.659,71.625 569.425,69.651 C570.167,67.743 570.674,65.562 570.82,62.369 C570.966,59.17 571,58.147 571,50 C571,41.851 570.966,40.831 570.82,37.631\"><\/path><\/g><\/g><\/g><\/svg><\/div>\n<div style=\"padding-top: 8px;\">\n<div style=\" color:#3897f0; font-family:Arial,sans-serif; font-size:14px; font-style:normal; font-weight:550; line-height:18px;\">Voir cette publication sur Instagram<\/div>\n<\/div>\n<div style=\"padding: 12.5% 0;\"><\/div>\n<div style=\"display: flex; flex-direction: row; margin-bottom: 14px; align-items: center;\">\n<div>\n<div style=\"background-color: #F4F4F4; border-radius: 50%; height: 12.5px; width: 12.5px; transform: translateX(0px) translateY(7px);\"><\/div>\n<div style=\"background-color: #F4F4F4; height: 12.5px; transform: rotate(-45deg) translateX(3px) translateY(1px); width: 12.5px; flex-grow: 0; margin-right: 14px; margin-left: 2px;\"><\/div>\n<div style=\"background-color: #F4F4F4; border-radius: 50%; height: 12.5px; width: 12.5px; transform: translateX(9px) translateY(-18px);\"><\/div>\n<\/div>\n<div style=\"margin-left: 8px;\">\n<div style=\" background-color: #F4F4F4; border-radius: 50%; flex-grow: 0; height: 20px; width: 20px;\"><\/div>\n<div style=\" width: 0; height: 0; border-top: 2px solid transparent; border-left: 6px solid #f4f4f4; border-bottom: 2px solid transparent; transform: translateX(16px) translateY(-4px) rotate(30deg)\"><\/div>\n<\/div>\n<div style=\"margin-left: auto;\">\n<div style=\" width: 0px; border-top: 8px solid #F4F4F4; border-right: 8px solid transparent; transform: translateY(16px);\"><\/div>\n<div style=\" background-color: #F4F4F4; flex-grow: 0; height: 12px; width: 16px; transform: translateY(-4px);\"><\/div>\n<div style=\" width: 0; height: 0; border-top: 8px solid #F4F4F4; border-left: 8px solid transparent; transform: translateY(-4px) translateX(8px);\"><\/div>\n<\/div>\n<\/div>\n<div style=\"display: flex; flex-direction: column; flex-grow: 1; justify-content: center; margin-bottom: 24px;\">\n<div style=\" background-color: #F4F4F4; border-radius: 4px; flex-grow: 0; height: 14px; margin-bottom: 6px; width: 224px;\"><\/div>\n<div style=\" background-color: #F4F4F4; border-radius: 4px; flex-grow: 0; height: 14px; width: 144px;\"><\/div>\n<\/div>\n<p><\/a><\/p>\n<p style=\" color:#c9c8cd; font-family:Arial,sans-serif; font-size:14px; line-height:17px; margin-bottom:0; margin-top:8px; overflow:hidden; padding:8px 0 7px; text-align:center; text-overflow:ellipsis; white-space:nowrap;\"><a href=\"https:\/\/www.instagram.com\/reel\/CaAaC2blGN5\/?utm_source=ig_embed&amp;utm_campaign=loading\" style=\" color:#c9c8cd; font-family:Arial,sans-serif; font-size:14px; font-style:normal; font-weight:normal; line-height:17px; text-decoration:none;\" target=\"_blank\" rel=\"noopener\">Une publication partag\u00e9e par Monaco Tribune (@monacotribune)<\/a><\/p>\n<\/div>\n<\/blockquote>\n<p> <script async=\"\" src=\"\/\/www.instagram.com\/embed.js\"><\/script><\/p>\n\n\n\n<h2 class=\"wp-block-heading\" id=\"h-un-artista-impegnata-nel-sociale\">Un&#8217;artista impegnata nel sociale<\/h2>\n\n\n\n<p>Ma la musica non \u00e8 il solo argomento che Olivia Dorato e il Principe Sovrano hanno in comune. La giovane donna si dedica anche a diverse cause, come la salvaguardia degli oceani con OceanoScientific, <a href=\"https:\/\/www.monaco-tribune.com\/it\/2020\/12\/una-molecola-per-curare-il-cancro-al-cervello-nei-bambini\/\">la lotta contro il cancro nei bambini<\/a> con la Fondation Flavien e ancora l&#8217;impegno umanitario con&nbsp;<a href=\"https:\/\/www.monaco-tribune.com\/it\/2021\/08\/ritratto-bouran-bouery-e-lassociazione-les-amis-du-liban-in-aiuto-di-un-popolo-traumatizzato\/\">Les Amis du Liban<\/a>.<\/p>\n\n\n\n<p>&#8220;Ho l&#8217;impressione di aver ricevuto un dono dal cielo e per me \u00e8 importante utilizzarlo bene, per delle giuste cause. \u00c8 il mio modo di aiutare&#8221;, spiega.<\/p>\n\n\n\n<div class=\"wp-block-image\"><figure class=\"aligncenter size-full\"><img loading=\"lazy\" decoding=\"async\" width=\"1020\" height=\"680\" src=\"https:\/\/www.monaco-tribune.com\/wp-content\/uploads\/2022\/02\/olivia-dorato-concert-monaco.jpeg\" alt=\"olivia-dorato-concerto-monaco\" class=\"wp-image-110682\" srcset=\"https:\/\/www.monaco-tribune.com\/wp-content\/uploads\/2022\/02\/olivia-dorato-concert-monaco.jpeg 1020w, https:\/\/www.monaco-tribune.com\/wp-content\/uploads\/2022\/02\/olivia-dorato-concert-monaco-450x300.jpeg 450w\" sizes=\"auto, (max-width: 1020px) 100vw, 1020px\" \/><figcaption><em>\u00a9 Romain Fondacaro<\/em><\/figcaption><\/figure><\/div>\n\n\n\n<p>Dopo la diagnosi di diabete di tipo 1, una malattia autoimmune non legata all&#8217;eccessivo consumo di zuccheri, l&#8217;artista ha dovuto imparare a convivere con la patologia seguendo una cura con iniezioni quotidiane.<\/p>\n\n\n\n<p>&#8220;Dico sempre che mi \u00e8 stato dato il dono della musica per controbilanciare il fatto di aver ricevuto anche questa malattia. \u00c8 chiaramente impegnativa: ci sono giorni in cui non mi sento poi cos\u00ec bene. Le persone la vedono come un freno, ma voglio dimostrargli che non lo \u00e8 affatto: faccio sport, mi esibisco, esco, vivo la mia vita. Per me \u00e8 importante continuare questa lotta, mostrare che tutto \u00e8 possibile. Non mi arrendo facilmente&#8221;.<\/p>\n\n\n\n<p>Ed \u00e8 grazie a questo animo da combattente che Olivia Dorato conta di raggiungere i suoi obiettivi. &#8220;Ho la testa piena di progetti, a volte non mi fanno neanche a dormire&#8221;, ci confida. Gi\u00e0 alle prese con il prossimo album, l&#8217;artista ha intenzione di lavorare sodo per riuscire un giorno a realizzare il suo sogno nel cassetto&#8230; una tourn\u00e9e negli stadi.<\/p>\n\n\n\n<p><strong>LEGGI ANCHE<\/strong>: <a href=\"https:\/\/www.monaco-tribune.com\/it\/2021\/11\/zhang-zhang-la-musica-puo-mettersi-al-servizio-di-qualsiasi-causa\/\">Zhang Zhang: \u201cLa musica pu\u00f2 mettersi al servizio di qualsiasi causa\u201d<\/a><\/p>\n","protected":false},"excerpt":{"rendered":"<p>A soli 23 anni, la giovane cantante monegasca ha lanciato il suo terzo album. L&#8217;abbiamo incontrata per fare due chiacchiere. [&hellip;]<\/p>\n","protected":false},"author":60,"featured_media":110638,"comment_status":"closed","ping_status":"closed","sticky":false,"template":"","format":"standard","meta":{"_acf_changed":false,"footnotes":""},"categories":[1740,1826,1738],"tags":[2889],"post_sectags":[],"post_format":[2480],"class_list":["post-110852","post","type-post","status-publish","format-standard","has-post-thumbnail","hentry","category-cosa-fare","category-la-nostra-scelta","category-notizie","tag-musica","format-profilo"],"acf":[],"yoast_head":"<!-- This site is optimized with the Yoast SEO Premium plugin v26.8 (Yoast SEO v27.4) - https:\/\/yoast.com\/product\/yoast-seo-premium-wordpress\/ -->\n<title>Olivia Dorato: &quot;Cantare \u00e8 il mio modo di parlare&quot;<\/title>\n<meta name=\"description\" content=\"A soli 23 anni, la giovane cantante monegasca ha lanciato il suo terzo album. L&#039;abbiamo incontrata per fare due chiacchiere. Grande sorriso, sguardo\" \/>\n<meta name=\"robots\" content=\"index, follow, max-snippet:-1, max-image-preview:large, max-video-preview:-1\" \/>\n<link rel=\"canonical\" href=\"https:\/\/www.monaco-tribune.com\/it\/2022\/02\/olivia-dorato-cantare-e-il-mio-modo-di-parlare\/\" \/>\n<meta property=\"og:locale\" content=\"it_IT\" \/>\n<meta property=\"og:type\" content=\"article\" \/>\n<meta property=\"og:title\" content=\"Olivia Dorato: &quot;Cantare \u00e8 il mio modo di parlare&quot; - Monaco Tribune\" \/>\n<meta property=\"og:description\" content=\"A soli 23 anni, la giovane cantante monegasca ha lanciato il suo terzo album. L&#039;abbiamo incontrata per fare due chiacchiere. Grande sorriso, sguardo\" \/>\n<meta property=\"og:url\" content=\"https:\/\/www.monaco-tribune.com\/it\/2022\/02\/olivia-dorato-cantare-e-il-mio-modo-di-parlare\/\" \/>\n<meta property=\"og:site_name\" content=\"Monaco Tribune\" \/>\n<meta property=\"article:publisher\" content=\"https:\/\/www.facebook.com\/MonacoTribune\" \/>\n<meta property=\"article:published_time\" content=\"2022-02-16T11:44:38+00:00\" \/>\n<meta property=\"article:modified_time\" content=\"2022-02-16T11:51:16+00:00\" \/>\n<meta property=\"og:image\" content=\"https:\/\/www.monaco-tribune.com\/wp-content\/uploads\/2022\/02\/olivia-dorato.jpeg\" \/>\n\t<meta property=\"og:image:width\" content=\"1020\" \/>\n\t<meta property=\"og:image:height\" content=\"574\" \/>\n\t<meta property=\"og:image:type\" content=\"image\/jpeg\" \/>\n<meta name=\"author\" content=\"Camille Esteve\" \/>\n<meta name=\"twitter:card\" content=\"summary_large_image\" \/>\n<meta name=\"twitter:creator\" content=\"@MonacoTribune\" \/>\n<meta name=\"twitter:site\" content=\"@MonacoTribune\" \/>\n<script type=\"application\/ld+json\" class=\"yoast-schema-graph\">{\"@context\":\"https:\\\/\\\/schema.org\",\"@graph\":[{\"@type\":\"NewsArticle\",\"@id\":\"https:\\\/\\\/www.monaco-tribune.com\\\/it\\\/2022\\\/02\\\/olivia-dorato-cantare-e-il-mio-modo-di-parlare\\\/#article\",\"isPartOf\":{\"@id\":\"https:\\\/\\\/www.monaco-tribune.com\\\/it\\\/2022\\\/02\\\/olivia-dorato-cantare-e-il-mio-modo-di-parlare\\\/\"},\"author\":{\"name\":\"Camille Esteve\",\"@id\":\"https:\\\/\\\/www.monaco-tribune.com\\\/it\\\/#\\\/schema\\\/person\\\/a855d420fff4d03637641d60b93ac62e\"},\"headline\":\"Olivia Dorato: &#8220;Cantare \u00e8 il mio modo di parlare&#8221;\",\"datePublished\":\"2022-02-16T11:44:38+00:00\",\"dateModified\":\"2022-02-16T11:51:16+00:00\",\"mainEntityOfPage\":{\"@id\":\"https:\\\/\\\/www.monaco-tribune.com\\\/it\\\/2022\\\/02\\\/olivia-dorato-cantare-e-il-mio-modo-di-parlare\\\/\"},\"wordCount\":877,\"publisher\":{\"@id\":\"https:\\\/\\\/www.monaco-tribune.com\\\/it\\\/#organization\"},\"image\":{\"@id\":\"https:\\\/\\\/www.monaco-tribune.com\\\/it\\\/2022\\\/02\\\/olivia-dorato-cantare-e-il-mio-modo-di-parlare\\\/#primaryimage\"},\"thumbnailUrl\":\"https:\\\/\\\/www.monaco-tribune.com\\\/wp-content\\\/uploads\\\/2022\\\/02\\\/olivia-dorato.jpeg\",\"keywords\":[\"Musica\"],\"articleSection\":[\"Cosa fare\",\"La nostra scelta\",\"Notizie\"],\"inLanguage\":\"it-IT\",\"copyrightYear\":\"2022\",\"copyrightHolder\":{\"@id\":\"https:\\\/\\\/www.monaco-tribune.com\\\/#organization\"}},{\"@type\":\"WebPage\",\"@id\":\"https:\\\/\\\/www.monaco-tribune.com\\\/it\\\/2022\\\/02\\\/olivia-dorato-cantare-e-il-mio-modo-di-parlare\\\/\",\"url\":\"https:\\\/\\\/www.monaco-tribune.com\\\/it\\\/2022\\\/02\\\/olivia-dorato-cantare-e-il-mio-modo-di-parlare\\\/\",\"name\":\"Olivia Dorato: \\\"Cantare \u00e8 il mio modo di parlare\\\"\",\"isPartOf\":{\"@id\":\"https:\\\/\\\/www.monaco-tribune.com\\\/it\\\/#website\"},\"primaryImageOfPage\":{\"@id\":\"https:\\\/\\\/www.monaco-tribune.com\\\/it\\\/2022\\\/02\\\/olivia-dorato-cantare-e-il-mio-modo-di-parlare\\\/#primaryimage\"},\"image\":{\"@id\":\"https:\\\/\\\/www.monaco-tribune.com\\\/it\\\/2022\\\/02\\\/olivia-dorato-cantare-e-il-mio-modo-di-parlare\\\/#primaryimage\"},\"thumbnailUrl\":\"https:\\\/\\\/www.monaco-tribune.com\\\/wp-content\\\/uploads\\\/2022\\\/02\\\/olivia-dorato.jpeg\",\"datePublished\":\"2022-02-16T11:44:38+00:00\",\"dateModified\":\"2022-02-16T11:51:16+00:00\",\"description\":\"A soli 23 anni, la giovane cantante monegasca ha lanciato il suo terzo album. L'abbiamo incontrata per fare due chiacchiere. Grande sorriso, sguardo\",\"breadcrumb\":{\"@id\":\"https:\\\/\\\/www.monaco-tribune.com\\\/it\\\/2022\\\/02\\\/olivia-dorato-cantare-e-il-mio-modo-di-parlare\\\/#breadcrumb\"},\"inLanguage\":\"it-IT\",\"potentialAction\":[{\"@type\":\"ReadAction\",\"target\":[\"https:\\\/\\\/www.monaco-tribune.com\\\/it\\\/2022\\\/02\\\/olivia-dorato-cantare-e-il-mio-modo-di-parlare\\\/\"]}]},{\"@type\":\"ImageObject\",\"inLanguage\":\"it-IT\",\"@id\":\"https:\\\/\\\/www.monaco-tribune.com\\\/it\\\/2022\\\/02\\\/olivia-dorato-cantare-e-il-mio-modo-di-parlare\\\/#primaryimage\",\"url\":\"https:\\\/\\\/www.monaco-tribune.com\\\/wp-content\\\/uploads\\\/2022\\\/02\\\/olivia-dorato.jpeg\",\"contentUrl\":\"https:\\\/\\\/www.monaco-tribune.com\\\/wp-content\\\/uploads\\\/2022\\\/02\\\/olivia-dorato.jpeg\",\"width\":1020,\"height\":574,\"caption\":\"Christophe Paitrault\"},{\"@type\":\"BreadcrumbList\",\"@id\":\"https:\\\/\\\/www.monaco-tribune.com\\\/it\\\/2022\\\/02\\\/olivia-dorato-cantare-e-il-mio-modo-di-parlare\\\/#breadcrumb\",\"itemListElement\":[{\"@type\":\"ListItem\",\"position\":1,\"name\":\"Accueil\",\"item\":\"https:\\\/\\\/www.monaco-tribune.com\\\/it\\\/\"},{\"@type\":\"ListItem\",\"position\":2,\"name\":\"Olivia Dorato: \u00ab\u00a0Cantare \u00e8 il mio modo di parlare\u00a0\u00bb\"}]},{\"@type\":\"WebSite\",\"@id\":\"https:\\\/\\\/www.monaco-tribune.com\\\/it\\\/#website\",\"url\":\"https:\\\/\\\/www.monaco-tribune.com\\\/it\\\/\",\"name\":\"Monaco Tribune\",\"description\":\"Monaco : actualit\u00e9s \u00e9conomiques, politiques, culturelles et sportives de Monaco et de la French Riviera.\",\"publisher\":{\"@id\":\"https:\\\/\\\/www.monaco-tribune.com\\\/it\\\/#organization\"},\"potentialAction\":[{\"@type\":\"SearchAction\",\"target\":{\"@type\":\"EntryPoint\",\"urlTemplate\":\"https:\\\/\\\/www.monaco-tribune.com\\\/it\\\/?s={search_term_string}\"},\"query-input\":{\"@type\":\"PropertyValueSpecification\",\"valueRequired\":true,\"valueName\":\"search_term_string\"}}],\"inLanguage\":\"it-IT\"},{\"@type\":\"Organization\",\"@id\":\"https:\\\/\\\/www.monaco-tribune.com\\\/it\\\/#organization\",\"name\":\"Monaco Tribune\",\"url\":\"https:\\\/\\\/www.monaco-tribune.com\\\/it\\\/\",\"logo\":{\"@type\":\"ImageObject\",\"inLanguage\":\"it-IT\",\"@id\":\"https:\\\/\\\/www.monaco-tribune.com\\\/it\\\/#\\\/schema\\\/logo\\\/image\\\/\",\"url\":\"https:\\\/\\\/www.monaco-tribune.com\\\/wp-content\\\/uploads\\\/2022\\\/11\\\/logo-monaco-tribune.png\",\"contentUrl\":\"https:\\\/\\\/www.monaco-tribune.com\\\/wp-content\\\/uploads\\\/2022\\\/11\\\/logo-monaco-tribune.png\",\"width\":1548,\"height\":600,\"caption\":\"Monaco Tribune\"},\"image\":{\"@id\":\"https:\\\/\\\/www.monaco-tribune.com\\\/it\\\/#\\\/schema\\\/logo\\\/image\\\/\"},\"sameAs\":[\"https:\\\/\\\/www.facebook.com\\\/MonacoTribune\",\"https:\\\/\\\/x.com\\\/MonacoTribune\",\"https:\\\/\\\/www.instagram.com\\\/monacotribune\\\/\",\"https:\\\/\\\/www.linkedin.com\\\/company\\\/monaco-tribune\",\"https:\\\/\\\/www.youtube.com\\\/channel\\\/UCHle1MnG6hw1y4lWKijVbMA\"]},{\"@type\":\"Person\",\"@id\":\"https:\\\/\\\/www.monaco-tribune.com\\\/it\\\/#\\\/schema\\\/person\\\/a855d420fff4d03637641d60b93ac62e\",\"name\":\"Camille Esteve\",\"image\":{\"@type\":\"ImageObject\",\"inLanguage\":\"it-IT\",\"@id\":\"https:\\\/\\\/secure.gravatar.com\\\/avatar\\\/eaaa2355a7bb56c0018a391c20a55bf9b4690e3f493231dd850e612bfa6ce161?s=96&d=mm&r=g\",\"url\":\"https:\\\/\\\/secure.gravatar.com\\\/avatar\\\/eaaa2355a7bb56c0018a391c20a55bf9b4690e3f493231dd850e612bfa6ce161?s=96&d=mm&r=g\",\"contentUrl\":\"https:\\\/\\\/secure.gravatar.com\\\/avatar\\\/eaaa2355a7bb56c0018a391c20a55bf9b4690e3f493231dd850e612bfa6ce161?s=96&d=mm&r=g\",\"caption\":\"Camille Esteve\"},\"url\":\"https:\\\/\\\/www.monaco-tribune.com\\\/it\\\/author\\\/camilleesteve\\\/\"}]}<\/script>\n<!-- \/ Yoast SEO Premium plugin. -->","yoast_head_json":{"title":"Olivia Dorato: \"Cantare \u00e8 il mio modo di parlare\"","description":"A soli 23 anni, la giovane cantante monegasca ha lanciato il suo terzo album. L'abbiamo incontrata per fare due chiacchiere. Grande sorriso, sguardo","robots":{"index":"index","follow":"follow","max-snippet":"max-snippet:-1","max-image-preview":"max-image-preview:large","max-video-preview":"max-video-preview:-1"},"canonical":"https:\/\/www.monaco-tribune.com\/it\/2022\/02\/olivia-dorato-cantare-e-il-mio-modo-di-parlare\/","og_locale":"it_IT","og_type":"article","og_title":"Olivia Dorato: \"Cantare \u00e8 il mio modo di parlare\" - Monaco Tribune","og_description":"A soli 23 anni, la giovane cantante monegasca ha lanciato il suo terzo album. L'abbiamo incontrata per fare due chiacchiere. Grande sorriso, sguardo","og_url":"https:\/\/www.monaco-tribune.com\/it\/2022\/02\/olivia-dorato-cantare-e-il-mio-modo-di-parlare\/","og_site_name":"Monaco Tribune","article_publisher":"https:\/\/www.facebook.com\/MonacoTribune","article_published_time":"2022-02-16T11:44:38+00:00","article_modified_time":"2022-02-16T11:51:16+00:00","og_image":[{"width":1020,"height":574,"url":"https:\/\/www.monaco-tribune.com\/wp-content\/uploads\/2022\/02\/olivia-dorato.jpeg","type":"image\/jpeg"}],"author":"Camille Esteve","twitter_card":"summary_large_image","twitter_creator":"@MonacoTribune","twitter_site":"@MonacoTribune","schema":{"@context":"https:\/\/schema.org","@graph":[{"@type":"NewsArticle","@id":"https:\/\/www.monaco-tribune.com\/it\/2022\/02\/olivia-dorato-cantare-e-il-mio-modo-di-parlare\/#article","isPartOf":{"@id":"https:\/\/www.monaco-tribune.com\/it\/2022\/02\/olivia-dorato-cantare-e-il-mio-modo-di-parlare\/"},"author":{"name":"Camille Esteve","@id":"https:\/\/www.monaco-tribune.com\/it\/#\/schema\/person\/a855d420fff4d03637641d60b93ac62e"},"headline":"Olivia Dorato: &#8220;Cantare \u00e8 il mio modo di parlare&#8221;","datePublished":"2022-02-16T11:44:38+00:00","dateModified":"2022-02-16T11:51:16+00:00","mainEntityOfPage":{"@id":"https:\/\/www.monaco-tribune.com\/it\/2022\/02\/olivia-dorato-cantare-e-il-mio-modo-di-parlare\/"},"wordCount":877,"publisher":{"@id":"https:\/\/www.monaco-tribune.com\/it\/#organization"},"image":{"@id":"https:\/\/www.monaco-tribune.com\/it\/2022\/02\/olivia-dorato-cantare-e-il-mio-modo-di-parlare\/#primaryimage"},"thumbnailUrl":"https:\/\/www.monaco-tribune.com\/wp-content\/uploads\/2022\/02\/olivia-dorato.jpeg","keywords":["Musica"],"articleSection":["Cosa fare","La nostra scelta","Notizie"],"inLanguage":"it-IT","copyrightYear":"2022","copyrightHolder":{"@id":"https:\/\/www.monaco-tribune.com\/#organization"}},{"@type":"WebPage","@id":"https:\/\/www.monaco-tribune.com\/it\/2022\/02\/olivia-dorato-cantare-e-il-mio-modo-di-parlare\/","url":"https:\/\/www.monaco-tribune.com\/it\/2022\/02\/olivia-dorato-cantare-e-il-mio-modo-di-parlare\/","name":"Olivia Dorato: \"Cantare \u00e8 il mio modo di parlare\"","isPartOf":{"@id":"https:\/\/www.monaco-tribune.com\/it\/#website"},"primaryImageOfPage":{"@id":"https:\/\/www.monaco-tribune.com\/it\/2022\/02\/olivia-dorato-cantare-e-il-mio-modo-di-parlare\/#primaryimage"},"image":{"@id":"https:\/\/www.monaco-tribune.com\/it\/2022\/02\/olivia-dorato-cantare-e-il-mio-modo-di-parlare\/#primaryimage"},"thumbnailUrl":"https:\/\/www.monaco-tribune.com\/wp-content\/uploads\/2022\/02\/olivia-dorato.jpeg","datePublished":"2022-02-16T11:44:38+00:00","dateModified":"2022-02-16T11:51:16+00:00","description":"A soli 23 anni, la giovane cantante monegasca ha lanciato il suo terzo album. L'abbiamo incontrata per fare due chiacchiere. Grande sorriso, sguardo","breadcrumb":{"@id":"https:\/\/www.monaco-tribune.com\/it\/2022\/02\/olivia-dorato-cantare-e-il-mio-modo-di-parlare\/#breadcrumb"},"inLanguage":"it-IT","potentialAction":[{"@type":"ReadAction","target":["https:\/\/www.monaco-tribune.com\/it\/2022\/02\/olivia-dorato-cantare-e-il-mio-modo-di-parlare\/"]}]},{"@type":"ImageObject","inLanguage":"it-IT","@id":"https:\/\/www.monaco-tribune.com\/it\/2022\/02\/olivia-dorato-cantare-e-il-mio-modo-di-parlare\/#primaryimage","url":"https:\/\/www.monaco-tribune.com\/wp-content\/uploads\/2022\/02\/olivia-dorato.jpeg","contentUrl":"https:\/\/www.monaco-tribune.com\/wp-content\/uploads\/2022\/02\/olivia-dorato.jpeg","width":1020,"height":574,"caption":"Christophe Paitrault"},{"@type":"BreadcrumbList","@id":"https:\/\/www.monaco-tribune.com\/it\/2022\/02\/olivia-dorato-cantare-e-il-mio-modo-di-parlare\/#breadcrumb","itemListElement":[{"@type":"ListItem","position":1,"name":"Accueil","item":"https:\/\/www.monaco-tribune.com\/it\/"},{"@type":"ListItem","position":2,"name":"Olivia Dorato: \u00ab\u00a0Cantare \u00e8 il mio modo di parlare\u00a0\u00bb"}]},{"@type":"WebSite","@id":"https:\/\/www.monaco-tribune.com\/it\/#website","url":"https:\/\/www.monaco-tribune.com\/it\/","name":"Monaco Tribune","description":"Monaco : actualit\u00e9s \u00e9conomiques, politiques, culturelles et sportives de Monaco et de la French Riviera.","publisher":{"@id":"https:\/\/www.monaco-tribune.com\/it\/#organization"},"potentialAction":[{"@type":"SearchAction","target":{"@type":"EntryPoint","urlTemplate":"https:\/\/www.monaco-tribune.com\/it\/?s={search_term_string}"},"query-input":{"@type":"PropertyValueSpecification","valueRequired":true,"valueName":"search_term_string"}}],"inLanguage":"it-IT"},{"@type":"Organization","@id":"https:\/\/www.monaco-tribune.com\/it\/#organization","name":"Monaco Tribune","url":"https:\/\/www.monaco-tribune.com\/it\/","logo":{"@type":"ImageObject","inLanguage":"it-IT","@id":"https:\/\/www.monaco-tribune.com\/it\/#\/schema\/logo\/image\/","url":"https:\/\/www.monaco-tribune.com\/wp-content\/uploads\/2022\/11\/logo-monaco-tribune.png","contentUrl":"https:\/\/www.monaco-tribune.com\/wp-content\/uploads\/2022\/11\/logo-monaco-tribune.png","width":1548,"height":600,"caption":"Monaco Tribune"},"image":{"@id":"https:\/\/www.monaco-tribune.com\/it\/#\/schema\/logo\/image\/"},"sameAs":["https:\/\/www.facebook.com\/MonacoTribune","https:\/\/x.com\/MonacoTribune","https:\/\/www.instagram.com\/monacotribune\/","https:\/\/www.linkedin.com\/company\/monaco-tribune","https:\/\/www.youtube.com\/channel\/UCHle1MnG6hw1y4lWKijVbMA"]},{"@type":"Person","@id":"https:\/\/www.monaco-tribune.com\/it\/#\/schema\/person\/a855d420fff4d03637641d60b93ac62e","name":"Camille Esteve","image":{"@type":"ImageObject","inLanguage":"it-IT","@id":"https:\/\/secure.gravatar.com\/avatar\/eaaa2355a7bb56c0018a391c20a55bf9b4690e3f493231dd850e612bfa6ce161?s=96&d=mm&r=g","url":"https:\/\/secure.gravatar.com\/avatar\/eaaa2355a7bb56c0018a391c20a55bf9b4690e3f493231dd850e612bfa6ce161?s=96&d=mm&r=g","contentUrl":"https:\/\/secure.gravatar.com\/avatar\/eaaa2355a7bb56c0018a391c20a55bf9b4690e3f493231dd850e612bfa6ce161?s=96&d=mm&r=g","caption":"Camille Esteve"},"url":"https:\/\/www.monaco-tribune.com\/it\/author\/camilleesteve\/"}]}},"_links":{"self":[{"href":"https:\/\/www.monaco-tribune.com\/it\/wp-json\/wp\/v2\/posts\/110852","targetHints":{"allow":["GET"]}}],"collection":[{"href":"https:\/\/www.monaco-tribune.com\/it\/wp-json\/wp\/v2\/posts"}],"about":[{"href":"https:\/\/www.monaco-tribune.com\/it\/wp-json\/wp\/v2\/types\/post"}],"author":[{"embeddable":true,"href":"https:\/\/www.monaco-tribune.com\/it\/wp-json\/wp\/v2\/users\/60"}],"replies":[{"embeddable":true,"href":"https:\/\/www.monaco-tribune.com\/it\/wp-json\/wp\/v2\/comments?post=110852"}],"version-history":[{"count":0,"href":"https:\/\/www.monaco-tribune.com\/it\/wp-json\/wp\/v2\/posts\/110852\/revisions"}],"wp:featuredmedia":[{"embeddable":true,"href":"https:\/\/www.monaco-tribune.com\/it\/wp-json\/wp\/v2\/media\/110638"}],"wp:attachment":[{"href":"https:\/\/www.monaco-tribune.com\/it\/wp-json\/wp\/v2\/media?parent=110852"}],"wp:term":[{"taxonomy":"category","embeddable":true,"href":"https:\/\/www.monaco-tribune.com\/it\/wp-json\/wp\/v2\/categories?post=110852"},{"taxonomy":"post_tag","embeddable":true,"href":"https:\/\/www.monaco-tribune.com\/it\/wp-json\/wp\/v2\/tags?post=110852"},{"taxonomy":"sectag","embeddable":true,"href":"https:\/\/www.monaco-tribune.com\/it\/wp-json\/wp\/v2\/post_sectags?post=110852"},{"taxonomy":"format","embeddable":true,"href":"https:\/\/www.monaco-tribune.com\/it\/wp-json\/wp\/v2\/post_format?post=110852"}],"curies":[{"name":"wp","href":"https:\/\/api.w.org\/{rel}","templated":true}]}}