{"id":111166,"date":"2022-02-17T18:00:11","date_gmt":"2022-02-17T17:00:11","guid":{"rendered":"https:\/\/www.monaco-tribune.com\/2022\/02\/michel-aubery-tra-larte-del-disegno-a-quella-del-pallone\/"},"modified":"2022-02-17T18:00:35","modified_gmt":"2022-02-17T17:00:35","slug":"michel-aubery-tra-larte-del-disegno-a-quella-del-pallone","status":"publish","type":"post","link":"https:\/\/www.monaco-tribune.com\/it\/2022\/02\/michel-aubery-tra-larte-del-disegno-a-quella-del-pallone\/","title":{"rendered":"Michel Aub\u00e9ry: tra l&#8217;arte del disegno a quella del pallone"},"content":{"rendered":"\n<p><strong>L&#8217;artista monegasco e Presidente dell&#8217;associazione AS Monaco ci ha aperto le porte del suo laboratorio. Ne abbiamo approfittato per fare due chiacchiere.<\/strong><\/p>\n\n<p>Leopardi delle nevi, volpi bianche, ermellini, pinguini, tartarughe marine, pulcinelle di mare&#8230; Non siamo finiti allo zoo, n\u00e9 in una riserva naturale, ma nel laboratorio di Michel Aub\u00e9ry a Monaco. I muri sono ricoperti da tele dai colori accesi, che rappresentano per la maggior parte animali marini e artici.<\/p>\n\n<div class=\"wp-block-image\"><figure class=\"aligncenter size-full\"><img loading=\"lazy\" decoding=\"async\" width=\"1020\" height=\"731\" src=\"https:\/\/www.monaco-tribune.com\/wp-content\/uploads\/2022\/02\/michel-aubery-peinture.jpg\" alt=\"michel-aubery-dipinto\" class=\"wp-image-110861\" srcset=\"https:\/\/www.monaco-tribune.com\/wp-content\/uploads\/2022\/02\/michel-aubery-peinture.jpg 1020w, https:\/\/www.monaco-tribune.com\/wp-content\/uploads\/2022\/02\/michel-aubery-peinture-419x300.jpg 419w\" sizes=\"auto, (max-width: 1020px) 100vw, 1020px\" \/><figcaption><em>\u00a9 Camille Esteve \/ Monaco Tribune<\/em><\/figcaption><\/figure><\/div>\n\n<p>Armato di Uni Posca, stencil e bombolette, il pittore sta preparando una collezione di quaranta dipinti che saranno esposti al Museo Oceanografico dal 17 ottobre. I lavori seguono un unico tema, gli animali polari.<\/p>\n\n<p>&#8220;Non sapevo neanche dell&#8217;esistenza di alcuni animali&#8221;, confessa l&#8217;artista riferendosi a specie come il pinguino macaroni e la pulcinella di mare. &#8220;Guardo i documentari in televisione, delle foto, poi interpreto a modo mio. Mi hanno dato carta bianca&#8221;.<\/p>\n\n<figure class=\"wp-block-gallery columns-1 is-cropped wp-block-gallery-1 is-layout-flex wp-block-gallery-is-layout-flex\"><ul class=\"blocks-gallery-grid\"><li class=\"blocks-gallery-item\"><figure><img loading=\"lazy\" decoding=\"async\" width=\"997\" height=\"782\" src=\"https:\/\/www.monaco-tribune.com\/wp-content\/uploads\/2022\/02\/michel-aubery-pingouins-2.jpg\" alt=\"michel-aubery-pinguini\" data-id=\"110902\" data-full-url=\"https:\/\/www.monaco-tribune.com\/wp-content\/uploads\/2022\/02\/michel-aubery-pingouins-2.jpg\" data-link=\"https:\/\/www.monaco-tribune.com\/?attachment_id=110902\" class=\"wp-image-110904\" srcset=\"https:\/\/www.monaco-tribune.com\/wp-content\/uploads\/2022\/02\/michel-aubery-pingouins-2.jpg 997w, https:\/\/www.monaco-tribune.com\/wp-content\/uploads\/2022\/02\/michel-aubery-pingouins-2-382x300.jpg 382w\" sizes=\"auto, (max-width: 997px) 100vw, 997px\" \/><figcaption class=\"blocks-gallery-item__caption\"><em>DR<\/em><\/figcaption><\/figure><\/li><li class=\"blocks-gallery-item\"><figure><img loading=\"lazy\" decoding=\"async\" width=\"855\" height=\"1024\" src=\"https:\/\/www.monaco-tribune.com\/wp-content\/uploads\/2022\/02\/michel-aubery-hermine-1-855x1024.png\" alt=\"michel-aubery-ermellino\" data-id=\"110897\" data-full-url=\"https:\/\/www.monaco-tribune.com\/wp-content\/uploads\/2022\/02\/michel-aubery-hermine-1.png\" data-link=\"https:\/\/www.monaco-tribune.com\/?attachment_id=110897\" class=\"wp-image-110899\" srcset=\"https:\/\/www.monaco-tribune.com\/wp-content\/uploads\/2022\/02\/michel-aubery-hermine-1-855x1024.png 855w, https:\/\/www.monaco-tribune.com\/wp-content\/uploads\/2022\/02\/michel-aubery-hermine-1-250x300.png 250w, https:\/\/www.monaco-tribune.com\/wp-content\/uploads\/2022\/02\/michel-aubery-hermine-1.png 1020w\" sizes=\"auto, (max-width: 855px) 100vw, 855px\" \/><figcaption class=\"blocks-gallery-item__caption\"><em>DR<\/em><\/figcaption><\/figure><\/li><li class=\"blocks-gallery-item\"><figure><img loading=\"lazy\" decoding=\"async\" width=\"1020\" height=\"856\" src=\"https:\/\/www.monaco-tribune.com\/wp-content\/uploads\/2022\/02\/michel-aubery-panthere.jpg\" alt=\"michel-aubery-leopardo\" data-id=\"110888\" data-full-url=\"https:\/\/www.monaco-tribune.com\/wp-content\/uploads\/2022\/02\/michel-aubery-panthere.jpg\" data-link=\"https:\/\/www.monaco-tribune.com\/?attachment_id=110888\" class=\"wp-image-110890\" srcset=\"https:\/\/www.monaco-tribune.com\/wp-content\/uploads\/2022\/02\/michel-aubery-panthere.jpg 1020w, https:\/\/www.monaco-tribune.com\/wp-content\/uploads\/2022\/02\/michel-aubery-panthere-357x300.jpg 357w\" sizes=\"auto, (max-width: 1020px) 100vw, 1020px\" \/><figcaption class=\"blocks-gallery-item__caption\"><em>DR<\/em><\/figcaption><\/figure><\/li><\/ul><\/figure>\n\n<p>Non \u00e8 certo la prima volta, ma semmai la quarta, che Michel Aub\u00e9ry espone al Museo Oceanografico. Animali marini, tartarughe e coralli hanno gi\u00e0 colorato le pareti del Museo nel corso di tre mostre precedenti. Cinque quadri della collezione &#8220;R\u00e9cifs&#8221; sono attualmente a Dubai a decorare il padiglione di Monaco in occasione dell&#8217;Expo.<\/p>\n\n<blockquote class=\"wp-block-quote is-layout-flow wp-block-quote-is-layout-flow\"><p>A scuola, ero bravo solo in francese, disegno ed educazione fisica<\/p><\/blockquote>\n\n<h2 class=\"wp-block-heading\" id=\"h-expose-a-seulement-quinze-ans\">La prima mostra a quindici anni<\/h2>\n\n<p>Oltre a illustrare la bellezza di questi animali polari, la mostra ha anche uno scopo di prevenzione. Con il riscaldamento climatico e lo scioglimento dei ghiacciai, secondo il <em>National Geographic<\/em> molte specie polari sono in pericolo, come l&#8217;orso bianco, il narvalo o la volpe artica. Inoltre, \u00a0Michel Aub\u00e9ry ha spesso trattato i problemi dell&#8217;inquinamento, dipingendo su bottiglie di plastica schiacciate.<\/p>\n\n<div class=\"wp-block-image\"><figure class=\"aligncenter size-large\"><img loading=\"lazy\" decoding=\"async\" width=\"1024\" height=\"978\" src=\"https:\/\/www.monaco-tribune.com\/wp-content\/uploads\/2022\/02\/michel-aubery-bouteille-plastique-1024x978.jpg\" alt=\"michel-aubery-bottiglia-plastica\" class=\"wp-image-110908\" srcset=\"https:\/\/www.monaco-tribune.com\/wp-content\/uploads\/2022\/02\/michel-aubery-bouteille-plastique-1024x978.jpg 1024w, https:\/\/www.monaco-tribune.com\/wp-content\/uploads\/2022\/02\/michel-aubery-bouteille-plastique-314x300.jpg 314w, https:\/\/www.monaco-tribune.com\/wp-content\/uploads\/2022\/02\/michel-aubery-bouteille-plastique.jpg 1474w\" sizes=\"auto, (max-width: 1024px) 100vw, 1024px\" \/><figcaption><em>DR<\/em><\/figcaption><\/figure><\/div>\n\n<p>In generale, l&#8217;artista dipinge anche su altri supporti e non solo sui classici quadri. Abiti, tavole da snowboard, posaceneri, mascherine, scarpe, teschi finti, piccole sculture o anche capote di macchine da corsa permettono all&#8217;artista di dare libero sfogo alla sua immaginazione.<\/p>\n\n<p>Durante il suo lungo percorso, Michel Aub\u00e9ry ha avuto il tempo di sperimentare: &#8220;A scuola, ero bravo solo in francese, disegno ed educazione fisica. Ho iniziato a dipingere da piccolo, avevo dieci o dodici anni. Poi sono stato notato da Jean Cocteau e dal pittore Nakache<em>.\u00a0<\/em>All&#8217;epoca andai in televisione e feci una mostra. Avevo quindi anni ed ero sotto l&#8217;egida della Principessa Grace&#8221;.<\/p>\n\n<div class=\"wp-block-image\"><figure class=\"aligncenter size-large\"><img loading=\"lazy\" decoding=\"async\" width=\"817\" height=\"1024\" src=\"https:\/\/www.monaco-tribune.com\/wp-content\/uploads\/2022\/02\/michel-aubery-grace-kelly-1-1-1-817x1024.png\" alt=\"michel-aubery-grace-kelly\" class=\"wp-image-110818\" srcset=\"https:\/\/www.monaco-tribune.com\/wp-content\/uploads\/2022\/02\/michel-aubery-grace-kelly-1-1-1-817x1024.png 817w, https:\/\/www.monaco-tribune.com\/wp-content\/uploads\/2022\/02\/michel-aubery-grace-kelly-1-1-1-239x300.png 239w, https:\/\/www.monaco-tribune.com\/wp-content\/uploads\/2022\/02\/michel-aubery-grace-kelly-1-1-1.png 1020w\" sizes=\"auto, (max-width: 817px) 100vw, 817px\" \/><figcaption><em>Michel Aub\u00e9ry insieme alla Principessa Grace nel 1962 &#8211; DR<\/em><\/figcaption><\/figure><\/div>\n\n<p><strong>LEGGI ANCHE<\/strong>: <a href=\"https:\/\/www.monaco-tribune.com\/it\/2021\/12\/anna-chromy-artista-ed-eterna-perfezionista-dal-cuore-grande\/\">Anna Chrom\u00fd: artista ed eterna perfezionista dal cuore grande<\/a><\/p>\n\n<p>Forte delle sue prime esperienze, il giovane monegasco decide di seguire una formazione di quattro anni all&#8217;Accademia delle Belle Arti di Nizza, specializzazione in Art D\u00e9co. Dopo un periodo alle \u00c9ditions Bordas a Parigi, l&#8217;artista torna nel Principato per lavorare come professore a fianco del pittore Claude Rosticher, in una scuola d&#8217;arte americana di recente apertura. Quando sette anni dopo la scuola torna oltreoceano, Michel Aub\u00e9ry si dedica alla sua seconda passione: lo sport.<\/p>\n\n<blockquote class=\"wp-block-quote is-layout-flow wp-block-quote-is-layout-flow\"><p>Non sono in tanti a Monaco ad aver ricevuto la medaglia per lo sport e per la cultura<\/p><\/blockquote>\n\n<h2 class=\"wp-block-heading\" id=\"h-reconnu-dans-les-mondes-de-l-art-et-du-foot\">Premiato nel mondo dell&#8217;arte e del calcio<\/h2>\n\n<p>Michel Aub\u00e9ry decide quindi di mettere da parte pennello e matite per aprire il negozio &#8220;Azur Sport&#8221; a Monte-Carlo. Un marchio che porter\u00e0 avanti per oltre 22 anni, dedicandosi anche all&#8217;altro suo grande amore, il calcio.<\/p>\n\n<p>Nel 1995, diventa Presidente dell&#8217;associazione dell&#8217;AS Monaco (dedicata al calcio amatoriale), carica che occupa ancora oggi. Tra il 2009 e il 2012, Michel Aub\u00e9ry assume anche il ruolo di vicepresidente della squadra professionale. Per oltre 45 anni, il pittore mette in pausa la sua carriera artistica.<\/p>\n\n<p>\u00c8 solo nel 2008, grazie a una cena, che si dedica nuovamente alla pittura: &#8220;Avevo un quadro dipinto da me appeso al muro. Una sera, il pittore Philippe Pastor \u00e8 venuto a cena. Mi ha chiesto chi l&#8217;avesse dipinto, non mi ha creduto quando gli ho detto che ero stato io. Gli ho mostrato i miei archivi, non riusciva a crederci. Mi diceva: &#8220;non \u00e8 possibile! L&#8217;hai fatto veramente tu?&#8221; Mi ha chiesto di fare trenta quadri e ha organizzato una mostra, era il 2009. La mia prima mostra risaliva al 1962, 47 anni prima&#8221;.<\/p>\n\n<p><strong>LEGGI ANCHE<\/strong>: <a href=\"https:\/\/www.monaco-tribune.com\/it\/2021\/12\/elizabeth-wessel-un-ago-in-una-mano-un-pennello-nellaltra\/\">Elizabeth Wessel: un ago in una mano, un pennello nell\u2019altra<\/a><\/p>\n\n<div class=\"wp-block-image\"><figure class=\"aligncenter size-large\"><img loading=\"lazy\" decoding=\"async\" width=\"775\" height=\"1024\" src=\"https:\/\/www.monaco-tribune.com\/wp-content\/uploads\/2022\/02\/michel-aubery-football-peinture-775x1024.jpg\" alt=\"michel-aubery-calcio-pittura\" class=\"wp-image-110913\" srcset=\"https:\/\/www.monaco-tribune.com\/wp-content\/uploads\/2022\/02\/michel-aubery-football-peinture-775x1024.jpg 775w, https:\/\/www.monaco-tribune.com\/wp-content\/uploads\/2022\/02\/michel-aubery-football-peinture-227x300.jpg 227w, https:\/\/www.monaco-tribune.com\/wp-content\/uploads\/2022\/02\/michel-aubery-football-peinture.jpg 1020w\" sizes=\"auto, (max-width: 775px) 100vw, 775px\" \/><figcaption><em>DR<\/em><\/figcaption><\/figure><\/div>\n\n<p>Oggi, Michel Aub\u00e9ry &#8220;si divide tra il calcio e la pittura&#8221;, come confermano i due titoli appesi al muro nel suo laboratorio. Da un lato, la Medaglia di bronzo per l&#8217;Educazione Fisica e lo Sport, conferitagli dal Principe Ranieri nel 2002, dall&#8217;altro, la nomina a Cavaliere dell&#8217;Ordine al Merito Culturale, insignita dal Principe Alberto II nel 2018. &#8220;Non sono in tanti a Monaco ad aver ricevuto la medaglia per lo sport e per la cultura&#8221;, conclude l&#8217;artista che, dopo anni, sembra finalmente aver trovato il suo equilibrio.<\/p>\n\n<p> <\/p>\n","protected":false},"excerpt":{"rendered":"<p>L&#8217;artista monegasco e Presidente dell&#8217;associazione AS Monaco ci ha aperto le porte del suo laboratorio. Ne abbiamo approfittato per fare [&hellip;]<\/p>\n","protected":false},"author":60,"featured_media":110884,"comment_status":"closed","ping_status":"closed","sticky":false,"template":"","format":"standard","meta":{"_acf_changed":false,"footnotes":""},"categories":[1740,1826,1738],"tags":[],"post_sectags":[],"post_format":[2480],"class_list":["post-111166","post","type-post","status-publish","format-standard","has-post-thumbnail","hentry","category-cosa-fare","category-la-nostra-scelta","category-notizie","format-profilo"],"acf":[],"yoast_head":"<!-- This site is optimized with the Yoast SEO Premium plugin v26.8 (Yoast SEO v27.4) - https:\/\/yoast.com\/product\/yoast-seo-premium-wordpress\/ -->\n<title>Michel Aub\u00e9ry: tra l&#039;arte del disegno a quella del pallone<\/title>\n<meta name=\"description\" content=\"L&#039;artista monegasco e Presidente dell&#039;associazione AS Monaco ci ha aperto le porte del suo laboratorio. Ne abbiamo approfittato per fare due chiacchiere.\" \/>\n<meta name=\"robots\" content=\"index, follow, max-snippet:-1, max-image-preview:large, max-video-preview:-1\" \/>\n<link rel=\"canonical\" href=\"https:\/\/www.monaco-tribune.com\/it\/2022\/02\/michel-aubery-tra-larte-del-disegno-a-quella-del-pallone\/\" \/>\n<meta property=\"og:locale\" content=\"it_IT\" \/>\n<meta property=\"og:type\" content=\"article\" \/>\n<meta property=\"og:title\" content=\"Michel Aub\u00e9ry: tra l&#039;arte del disegno a quella del pallone - Monaco Tribune\" \/>\n<meta property=\"og:description\" content=\"L&#039;artista monegasco e Presidente dell&#039;associazione AS Monaco ci ha aperto le porte del suo laboratorio. Ne abbiamo approfittato per fare due chiacchiere.\" \/>\n<meta property=\"og:url\" content=\"https:\/\/www.monaco-tribune.com\/it\/2022\/02\/michel-aubery-tra-larte-del-disegno-a-quella-del-pallone\/\" \/>\n<meta property=\"og:site_name\" content=\"Monaco Tribune\" \/>\n<meta property=\"article:publisher\" content=\"https:\/\/www.facebook.com\/MonacoTribune\" \/>\n<meta property=\"article:published_time\" content=\"2022-02-17T17:00:11+00:00\" \/>\n<meta property=\"article:modified_time\" content=\"2022-02-17T17:00:35+00:00\" \/>\n<meta property=\"og:image\" content=\"https:\/\/www.monaco-tribune.com\/wp-content\/uploads\/2022\/02\/michel-aubery-peintre-1.jpeg\" \/>\n\t<meta property=\"og:image:width\" content=\"1020\" \/>\n\t<meta property=\"og:image:height\" content=\"570\" \/>\n\t<meta property=\"og:image:type\" content=\"image\/jpeg\" \/>\n<meta name=\"author\" content=\"Camille Esteve\" \/>\n<meta name=\"twitter:card\" content=\"summary_large_image\" \/>\n<meta name=\"twitter:creator\" content=\"@MonacoTribune\" \/>\n<meta name=\"twitter:site\" content=\"@MonacoTribune\" \/>\n<script type=\"application\/ld+json\" class=\"yoast-schema-graph\">{\"@context\":\"https:\\\/\\\/schema.org\",\"@graph\":[{\"@type\":\"NewsArticle\",\"@id\":\"https:\\\/\\\/www.monaco-tribune.com\\\/it\\\/2022\\\/02\\\/michel-aubery-tra-larte-del-disegno-a-quella-del-pallone\\\/#article\",\"isPartOf\":{\"@id\":\"https:\\\/\\\/www.monaco-tribune.com\\\/it\\\/2022\\\/02\\\/michel-aubery-tra-larte-del-disegno-a-quella-del-pallone\\\/\"},\"author\":{\"name\":\"Camille Esteve\",\"@id\":\"https:\\\/\\\/www.monaco-tribune.com\\\/it\\\/#\\\/schema\\\/person\\\/a855d420fff4d03637641d60b93ac62e\"},\"headline\":\"Michel Aub\u00e9ry: tra l&#8217;arte del disegno a quella del pallone\",\"datePublished\":\"2022-02-17T17:00:11+00:00\",\"dateModified\":\"2022-02-17T17:00:35+00:00\",\"mainEntityOfPage\":{\"@id\":\"https:\\\/\\\/www.monaco-tribune.com\\\/it\\\/2022\\\/02\\\/michel-aubery-tra-larte-del-disegno-a-quella-del-pallone\\\/\"},\"wordCount\":814,\"publisher\":{\"@id\":\"https:\\\/\\\/www.monaco-tribune.com\\\/it\\\/#organization\"},\"image\":{\"@id\":\"https:\\\/\\\/www.monaco-tribune.com\\\/it\\\/2022\\\/02\\\/michel-aubery-tra-larte-del-disegno-a-quella-del-pallone\\\/#primaryimage\"},\"thumbnailUrl\":\"https:\\\/\\\/www.monaco-tribune.com\\\/wp-content\\\/uploads\\\/2022\\\/02\\\/michel-aubery-peintre-1.jpeg\",\"articleSection\":[\"Cosa fare\",\"La nostra scelta\",\"Notizie\"],\"inLanguage\":\"it-IT\",\"copyrightYear\":\"2022\",\"copyrightHolder\":{\"@id\":\"https:\\\/\\\/www.monaco-tribune.com\\\/#organization\"}},{\"@type\":\"WebPage\",\"@id\":\"https:\\\/\\\/www.monaco-tribune.com\\\/it\\\/2022\\\/02\\\/michel-aubery-tra-larte-del-disegno-a-quella-del-pallone\\\/\",\"url\":\"https:\\\/\\\/www.monaco-tribune.com\\\/it\\\/2022\\\/02\\\/michel-aubery-tra-larte-del-disegno-a-quella-del-pallone\\\/\",\"name\":\"Michel Aub\u00e9ry: tra l'arte del disegno a quella del pallone\",\"isPartOf\":{\"@id\":\"https:\\\/\\\/www.monaco-tribune.com\\\/it\\\/#website\"},\"primaryImageOfPage\":{\"@id\":\"https:\\\/\\\/www.monaco-tribune.com\\\/it\\\/2022\\\/02\\\/michel-aubery-tra-larte-del-disegno-a-quella-del-pallone\\\/#primaryimage\"},\"image\":{\"@id\":\"https:\\\/\\\/www.monaco-tribune.com\\\/it\\\/2022\\\/02\\\/michel-aubery-tra-larte-del-disegno-a-quella-del-pallone\\\/#primaryimage\"},\"thumbnailUrl\":\"https:\\\/\\\/www.monaco-tribune.com\\\/wp-content\\\/uploads\\\/2022\\\/02\\\/michel-aubery-peintre-1.jpeg\",\"datePublished\":\"2022-02-17T17:00:11+00:00\",\"dateModified\":\"2022-02-17T17:00:35+00:00\",\"description\":\"L'artista monegasco e Presidente dell'associazione AS Monaco ci ha aperto le porte del suo laboratorio. Ne abbiamo approfittato per fare due chiacchiere.\",\"breadcrumb\":{\"@id\":\"https:\\\/\\\/www.monaco-tribune.com\\\/it\\\/2022\\\/02\\\/michel-aubery-tra-larte-del-disegno-a-quella-del-pallone\\\/#breadcrumb\"},\"inLanguage\":\"it-IT\",\"potentialAction\":[{\"@type\":\"ReadAction\",\"target\":[\"https:\\\/\\\/www.monaco-tribune.com\\\/it\\\/2022\\\/02\\\/michel-aubery-tra-larte-del-disegno-a-quella-del-pallone\\\/\"]}]},{\"@type\":\"ImageObject\",\"inLanguage\":\"it-IT\",\"@id\":\"https:\\\/\\\/www.monaco-tribune.com\\\/it\\\/2022\\\/02\\\/michel-aubery-tra-larte-del-disegno-a-quella-del-pallone\\\/#primaryimage\",\"url\":\"https:\\\/\\\/www.monaco-tribune.com\\\/wp-content\\\/uploads\\\/2022\\\/02\\\/michel-aubery-peintre-1.jpeg\",\"contentUrl\":\"https:\\\/\\\/www.monaco-tribune.com\\\/wp-content\\\/uploads\\\/2022\\\/02\\\/michel-aubery-peintre-1.jpeg\",\"width\":1020,\"height\":570,\"caption\":\"DR\"},{\"@type\":\"BreadcrumbList\",\"@id\":\"https:\\\/\\\/www.monaco-tribune.com\\\/it\\\/2022\\\/02\\\/michel-aubery-tra-larte-del-disegno-a-quella-del-pallone\\\/#breadcrumb\",\"itemListElement\":[{\"@type\":\"ListItem\",\"position\":1,\"name\":\"Accueil\",\"item\":\"https:\\\/\\\/www.monaco-tribune.com\\\/it\\\/\"},{\"@type\":\"ListItem\",\"position\":2,\"name\":\"Michel Aub\u00e9ry: tra l&rsquo;arte del disegno a quella del pallone\"}]},{\"@type\":\"WebSite\",\"@id\":\"https:\\\/\\\/www.monaco-tribune.com\\\/it\\\/#website\",\"url\":\"https:\\\/\\\/www.monaco-tribune.com\\\/it\\\/\",\"name\":\"Monaco Tribune\",\"description\":\"Monaco : actualit\u00e9s \u00e9conomiques, politiques, culturelles et sportives de Monaco et de la French Riviera.\",\"publisher\":{\"@id\":\"https:\\\/\\\/www.monaco-tribune.com\\\/it\\\/#organization\"},\"potentialAction\":[{\"@type\":\"SearchAction\",\"target\":{\"@type\":\"EntryPoint\",\"urlTemplate\":\"https:\\\/\\\/www.monaco-tribune.com\\\/it\\\/?s={search_term_string}\"},\"query-input\":{\"@type\":\"PropertyValueSpecification\",\"valueRequired\":true,\"valueName\":\"search_term_string\"}}],\"inLanguage\":\"it-IT\"},{\"@type\":\"Organization\",\"@id\":\"https:\\\/\\\/www.monaco-tribune.com\\\/it\\\/#organization\",\"name\":\"Monaco Tribune\",\"url\":\"https:\\\/\\\/www.monaco-tribune.com\\\/it\\\/\",\"logo\":{\"@type\":\"ImageObject\",\"inLanguage\":\"it-IT\",\"@id\":\"https:\\\/\\\/www.monaco-tribune.com\\\/it\\\/#\\\/schema\\\/logo\\\/image\\\/\",\"url\":\"https:\\\/\\\/www.monaco-tribune.com\\\/wp-content\\\/uploads\\\/2022\\\/11\\\/logo-monaco-tribune.png\",\"contentUrl\":\"https:\\\/\\\/www.monaco-tribune.com\\\/wp-content\\\/uploads\\\/2022\\\/11\\\/logo-monaco-tribune.png\",\"width\":1548,\"height\":600,\"caption\":\"Monaco Tribune\"},\"image\":{\"@id\":\"https:\\\/\\\/www.monaco-tribune.com\\\/it\\\/#\\\/schema\\\/logo\\\/image\\\/\"},\"sameAs\":[\"https:\\\/\\\/www.facebook.com\\\/MonacoTribune\",\"https:\\\/\\\/x.com\\\/MonacoTribune\",\"https:\\\/\\\/www.instagram.com\\\/monacotribune\\\/\",\"https:\\\/\\\/www.linkedin.com\\\/company\\\/monaco-tribune\",\"https:\\\/\\\/www.youtube.com\\\/channel\\\/UCHle1MnG6hw1y4lWKijVbMA\"]},{\"@type\":\"Person\",\"@id\":\"https:\\\/\\\/www.monaco-tribune.com\\\/it\\\/#\\\/schema\\\/person\\\/a855d420fff4d03637641d60b93ac62e\",\"name\":\"Camille Esteve\",\"image\":{\"@type\":\"ImageObject\",\"inLanguage\":\"it-IT\",\"@id\":\"https:\\\/\\\/secure.gravatar.com\\\/avatar\\\/eaaa2355a7bb56c0018a391c20a55bf9b4690e3f493231dd850e612bfa6ce161?s=96&d=mm&r=g\",\"url\":\"https:\\\/\\\/secure.gravatar.com\\\/avatar\\\/eaaa2355a7bb56c0018a391c20a55bf9b4690e3f493231dd850e612bfa6ce161?s=96&d=mm&r=g\",\"contentUrl\":\"https:\\\/\\\/secure.gravatar.com\\\/avatar\\\/eaaa2355a7bb56c0018a391c20a55bf9b4690e3f493231dd850e612bfa6ce161?s=96&d=mm&r=g\",\"caption\":\"Camille Esteve\"},\"url\":\"https:\\\/\\\/www.monaco-tribune.com\\\/it\\\/author\\\/camilleesteve\\\/\"}]}<\/script>\n<!-- \/ Yoast SEO Premium plugin. -->","yoast_head_json":{"title":"Michel Aub\u00e9ry: tra l'arte del disegno a quella del pallone","description":"L'artista monegasco e Presidente dell'associazione AS Monaco ci ha aperto le porte del suo laboratorio. Ne abbiamo approfittato per fare due chiacchiere.","robots":{"index":"index","follow":"follow","max-snippet":"max-snippet:-1","max-image-preview":"max-image-preview:large","max-video-preview":"max-video-preview:-1"},"canonical":"https:\/\/www.monaco-tribune.com\/it\/2022\/02\/michel-aubery-tra-larte-del-disegno-a-quella-del-pallone\/","og_locale":"it_IT","og_type":"article","og_title":"Michel Aub\u00e9ry: tra l'arte del disegno a quella del pallone - Monaco Tribune","og_description":"L'artista monegasco e Presidente dell'associazione AS Monaco ci ha aperto le porte del suo laboratorio. Ne abbiamo approfittato per fare due chiacchiere.","og_url":"https:\/\/www.monaco-tribune.com\/it\/2022\/02\/michel-aubery-tra-larte-del-disegno-a-quella-del-pallone\/","og_site_name":"Monaco Tribune","article_publisher":"https:\/\/www.facebook.com\/MonacoTribune","article_published_time":"2022-02-17T17:00:11+00:00","article_modified_time":"2022-02-17T17:00:35+00:00","og_image":[{"width":1020,"height":570,"url":"https:\/\/www.monaco-tribune.com\/wp-content\/uploads\/2022\/02\/michel-aubery-peintre-1.jpeg","type":"image\/jpeg"}],"author":"Camille Esteve","twitter_card":"summary_large_image","twitter_creator":"@MonacoTribune","twitter_site":"@MonacoTribune","schema":{"@context":"https:\/\/schema.org","@graph":[{"@type":"NewsArticle","@id":"https:\/\/www.monaco-tribune.com\/it\/2022\/02\/michel-aubery-tra-larte-del-disegno-a-quella-del-pallone\/#article","isPartOf":{"@id":"https:\/\/www.monaco-tribune.com\/it\/2022\/02\/michel-aubery-tra-larte-del-disegno-a-quella-del-pallone\/"},"author":{"name":"Camille Esteve","@id":"https:\/\/www.monaco-tribune.com\/it\/#\/schema\/person\/a855d420fff4d03637641d60b93ac62e"},"headline":"Michel Aub\u00e9ry: tra l&#8217;arte del disegno a quella del pallone","datePublished":"2022-02-17T17:00:11+00:00","dateModified":"2022-02-17T17:00:35+00:00","mainEntityOfPage":{"@id":"https:\/\/www.monaco-tribune.com\/it\/2022\/02\/michel-aubery-tra-larte-del-disegno-a-quella-del-pallone\/"},"wordCount":814,"publisher":{"@id":"https:\/\/www.monaco-tribune.com\/it\/#organization"},"image":{"@id":"https:\/\/www.monaco-tribune.com\/it\/2022\/02\/michel-aubery-tra-larte-del-disegno-a-quella-del-pallone\/#primaryimage"},"thumbnailUrl":"https:\/\/www.monaco-tribune.com\/wp-content\/uploads\/2022\/02\/michel-aubery-peintre-1.jpeg","articleSection":["Cosa fare","La nostra scelta","Notizie"],"inLanguage":"it-IT","copyrightYear":"2022","copyrightHolder":{"@id":"https:\/\/www.monaco-tribune.com\/#organization"}},{"@type":"WebPage","@id":"https:\/\/www.monaco-tribune.com\/it\/2022\/02\/michel-aubery-tra-larte-del-disegno-a-quella-del-pallone\/","url":"https:\/\/www.monaco-tribune.com\/it\/2022\/02\/michel-aubery-tra-larte-del-disegno-a-quella-del-pallone\/","name":"Michel Aub\u00e9ry: tra l'arte del disegno a quella del pallone","isPartOf":{"@id":"https:\/\/www.monaco-tribune.com\/it\/#website"},"primaryImageOfPage":{"@id":"https:\/\/www.monaco-tribune.com\/it\/2022\/02\/michel-aubery-tra-larte-del-disegno-a-quella-del-pallone\/#primaryimage"},"image":{"@id":"https:\/\/www.monaco-tribune.com\/it\/2022\/02\/michel-aubery-tra-larte-del-disegno-a-quella-del-pallone\/#primaryimage"},"thumbnailUrl":"https:\/\/www.monaco-tribune.com\/wp-content\/uploads\/2022\/02\/michel-aubery-peintre-1.jpeg","datePublished":"2022-02-17T17:00:11+00:00","dateModified":"2022-02-17T17:00:35+00:00","description":"L'artista monegasco e Presidente dell'associazione AS Monaco ci ha aperto le porte del suo laboratorio. Ne abbiamo approfittato per fare due chiacchiere.","breadcrumb":{"@id":"https:\/\/www.monaco-tribune.com\/it\/2022\/02\/michel-aubery-tra-larte-del-disegno-a-quella-del-pallone\/#breadcrumb"},"inLanguage":"it-IT","potentialAction":[{"@type":"ReadAction","target":["https:\/\/www.monaco-tribune.com\/it\/2022\/02\/michel-aubery-tra-larte-del-disegno-a-quella-del-pallone\/"]}]},{"@type":"ImageObject","inLanguage":"it-IT","@id":"https:\/\/www.monaco-tribune.com\/it\/2022\/02\/michel-aubery-tra-larte-del-disegno-a-quella-del-pallone\/#primaryimage","url":"https:\/\/www.monaco-tribune.com\/wp-content\/uploads\/2022\/02\/michel-aubery-peintre-1.jpeg","contentUrl":"https:\/\/www.monaco-tribune.com\/wp-content\/uploads\/2022\/02\/michel-aubery-peintre-1.jpeg","width":1020,"height":570,"caption":"DR"},{"@type":"BreadcrumbList","@id":"https:\/\/www.monaco-tribune.com\/it\/2022\/02\/michel-aubery-tra-larte-del-disegno-a-quella-del-pallone\/#breadcrumb","itemListElement":[{"@type":"ListItem","position":1,"name":"Accueil","item":"https:\/\/www.monaco-tribune.com\/it\/"},{"@type":"ListItem","position":2,"name":"Michel Aub\u00e9ry: tra l&rsquo;arte del disegno a quella del pallone"}]},{"@type":"WebSite","@id":"https:\/\/www.monaco-tribune.com\/it\/#website","url":"https:\/\/www.monaco-tribune.com\/it\/","name":"Monaco Tribune","description":"Monaco : actualit\u00e9s \u00e9conomiques, politiques, culturelles et sportives de Monaco et de la French Riviera.","publisher":{"@id":"https:\/\/www.monaco-tribune.com\/it\/#organization"},"potentialAction":[{"@type":"SearchAction","target":{"@type":"EntryPoint","urlTemplate":"https:\/\/www.monaco-tribune.com\/it\/?s={search_term_string}"},"query-input":{"@type":"PropertyValueSpecification","valueRequired":true,"valueName":"search_term_string"}}],"inLanguage":"it-IT"},{"@type":"Organization","@id":"https:\/\/www.monaco-tribune.com\/it\/#organization","name":"Monaco Tribune","url":"https:\/\/www.monaco-tribune.com\/it\/","logo":{"@type":"ImageObject","inLanguage":"it-IT","@id":"https:\/\/www.monaco-tribune.com\/it\/#\/schema\/logo\/image\/","url":"https:\/\/www.monaco-tribune.com\/wp-content\/uploads\/2022\/11\/logo-monaco-tribune.png","contentUrl":"https:\/\/www.monaco-tribune.com\/wp-content\/uploads\/2022\/11\/logo-monaco-tribune.png","width":1548,"height":600,"caption":"Monaco Tribune"},"image":{"@id":"https:\/\/www.monaco-tribune.com\/it\/#\/schema\/logo\/image\/"},"sameAs":["https:\/\/www.facebook.com\/MonacoTribune","https:\/\/x.com\/MonacoTribune","https:\/\/www.instagram.com\/monacotribune\/","https:\/\/www.linkedin.com\/company\/monaco-tribune","https:\/\/www.youtube.com\/channel\/UCHle1MnG6hw1y4lWKijVbMA"]},{"@type":"Person","@id":"https:\/\/www.monaco-tribune.com\/it\/#\/schema\/person\/a855d420fff4d03637641d60b93ac62e","name":"Camille Esteve","image":{"@type":"ImageObject","inLanguage":"it-IT","@id":"https:\/\/secure.gravatar.com\/avatar\/eaaa2355a7bb56c0018a391c20a55bf9b4690e3f493231dd850e612bfa6ce161?s=96&d=mm&r=g","url":"https:\/\/secure.gravatar.com\/avatar\/eaaa2355a7bb56c0018a391c20a55bf9b4690e3f493231dd850e612bfa6ce161?s=96&d=mm&r=g","contentUrl":"https:\/\/secure.gravatar.com\/avatar\/eaaa2355a7bb56c0018a391c20a55bf9b4690e3f493231dd850e612bfa6ce161?s=96&d=mm&r=g","caption":"Camille Esteve"},"url":"https:\/\/www.monaco-tribune.com\/it\/author\/camilleesteve\/"}]}},"_links":{"self":[{"href":"https:\/\/www.monaco-tribune.com\/it\/wp-json\/wp\/v2\/posts\/111166","targetHints":{"allow":["GET"]}}],"collection":[{"href":"https:\/\/www.monaco-tribune.com\/it\/wp-json\/wp\/v2\/posts"}],"about":[{"href":"https:\/\/www.monaco-tribune.com\/it\/wp-json\/wp\/v2\/types\/post"}],"author":[{"embeddable":true,"href":"https:\/\/www.monaco-tribune.com\/it\/wp-json\/wp\/v2\/users\/60"}],"replies":[{"embeddable":true,"href":"https:\/\/www.monaco-tribune.com\/it\/wp-json\/wp\/v2\/comments?post=111166"}],"version-history":[{"count":0,"href":"https:\/\/www.monaco-tribune.com\/it\/wp-json\/wp\/v2\/posts\/111166\/revisions"}],"wp:featuredmedia":[{"embeddable":true,"href":"https:\/\/www.monaco-tribune.com\/it\/wp-json\/wp\/v2\/media\/110884"}],"wp:attachment":[{"href":"https:\/\/www.monaco-tribune.com\/it\/wp-json\/wp\/v2\/media?parent=111166"}],"wp:term":[{"taxonomy":"category","embeddable":true,"href":"https:\/\/www.monaco-tribune.com\/it\/wp-json\/wp\/v2\/categories?post=111166"},{"taxonomy":"post_tag","embeddable":true,"href":"https:\/\/www.monaco-tribune.com\/it\/wp-json\/wp\/v2\/tags?post=111166"},{"taxonomy":"sectag","embeddable":true,"href":"https:\/\/www.monaco-tribune.com\/it\/wp-json\/wp\/v2\/post_sectags?post=111166"},{"taxonomy":"format","embeddable":true,"href":"https:\/\/www.monaco-tribune.com\/it\/wp-json\/wp\/v2\/post_format?post=111166"}],"curies":[{"name":"wp","href":"https:\/\/api.w.org\/{rel}","templated":true}]}}