{"id":111335,"date":"2022-02-18T18:22:58","date_gmt":"2022-02-18T17:22:58","guid":{"rendered":"https:\/\/www.monaco-tribune.com\/2022\/02\/goldman-sachs-apre-una-nuova-sede-a-monaco\/"},"modified":"2022-02-18T18:23:06","modified_gmt":"2022-02-18T17:23:06","slug":"goldman-sachs-apre-una-nuova-sede-a-monaco","status":"publish","type":"post","link":"https:\/\/www.monaco-tribune.com\/it\/2022\/02\/goldman-sachs-apre-una-nuova-sede-a-monaco\/","title":{"rendered":"Goldman Sachs apre una nuova sede a Monaco"},"content":{"rendered":"\n<p><strong>Un evento, secondo Reuters, che rientra nel suo progetto di espansione europeo.<\/strong><\/p>\n\n<p>La notizia \u00e8 arrivata mercoled\u00ec scorso. La nuova sede del Principato ospiter\u00e0 la filiale &#8220;<em>Private Wealth Management<\/em>&#8221; (Banca privata) di Goldman Sachs.<\/p>\n\n<p>La direzione dell&#8217;ufficio \u00e8 stata affidata ai collaboratori pi\u00f9 esperti. Arnaud Caussin, Thibaut Lambert e Serge Olive avranno il compito di consigliare i residenti facoltosi della regione, soprattutto nel campo degli investimenti e della gestione del patrimonio.<\/p>\n\n<blockquote class=\"wp-block-quote is-layout-flow wp-block-quote-is-layout-flow\"><p>Il nostro arrivo a Monaco \u00e8 essenziale per realizzare la nostra strategia di regionalizzazione e la nostra crescita generale.<\/p><cite>Chris French, co-responsabile della banca privata di Goldman Sachs per la regione Europa Medio Oriente &amp; Africa<\/cite><\/blockquote>\n\n<p>&#8220;Per Goldman Sachs, la crescita delle attivit\u00e0 della sua banca privata \u00e8 una priorit\u00e0 strategica su scala mondiale&#8221;, ha affermato il gruppo in un comunicato, in cui si sottolinea che l&#8217;obiettivo \u00e8 anche quello di &#8220;far crescere il suo personale di conseguenza&#8221;.<\/p>\n","protected":false},"excerpt":{"rendered":"<p>Un evento, secondo Reuters, che rientra nel suo progetto di espansione europeo. La notizia \u00e8 arrivata mercoled\u00ec scorso. La nuova [&hellip;]<\/p>\n","protected":false},"author":63,"featured_media":111128,"comment_status":"closed","ping_status":"closed","sticky":false,"template":"","format":"standard","meta":{"_acf_changed":false,"footnotes":""},"categories":[1739,1738],"tags":[2881],"post_sectags":[],"post_format":[2478],"class_list":["post-111335","post","type-post","status-publish","format-standard","has-post-thumbnail","hentry","category-business-it","category-notizie","tag-banca","format-notizia"],"acf":[],"yoast_head":"<!-- This site is optimized with the Yoast SEO Premium plugin v26.8 (Yoast SEO v27.4) - https:\/\/yoast.com\/product\/yoast-seo-premium-wordpress\/ -->\n<title>Goldman Sachs apre una nuova sede a Monaco<\/title>\n<meta name=\"description\" content=\"Un evento, secondo Reuters, che rientra nel suo progetto di espansione europeo. La notizia \u00e8 arrivata mercoled\u00ec scorso. La nuova sede del Principato\" \/>\n<meta name=\"robots\" content=\"index, follow, max-snippet:-1, max-image-preview:large, max-video-preview:-1\" \/>\n<link rel=\"canonical\" href=\"https:\/\/www.monaco-tribune.com\/it\/2022\/02\/goldman-sachs-apre-una-nuova-sede-a-monaco\/\" \/>\n<meta property=\"og:locale\" content=\"it_IT\" \/>\n<meta property=\"og:type\" content=\"article\" \/>\n<meta property=\"og:title\" content=\"Goldman Sachs apre una nuova sede a Monaco - Monaco Tribune\" \/>\n<meta property=\"og:description\" content=\"Un evento, secondo Reuters, che rientra nel suo progetto di espansione europeo. La notizia \u00e8 arrivata mercoled\u00ec scorso. La nuova sede del Principato\" \/>\n<meta property=\"og:url\" content=\"https:\/\/www.monaco-tribune.com\/it\/2022\/02\/goldman-sachs-apre-una-nuova-sede-a-monaco\/\" \/>\n<meta property=\"og:site_name\" content=\"Monaco Tribune\" \/>\n<meta property=\"article:publisher\" content=\"https:\/\/www.facebook.com\/MonacoTribune\" \/>\n<meta property=\"article:published_time\" content=\"2022-02-18T17:22:58+00:00\" \/>\n<meta property=\"article:modified_time\" content=\"2022-02-18T17:23:06+00:00\" \/>\n<meta property=\"og:image\" content=\"https:\/\/www.monaco-tribune.com\/wp-content\/uploads\/2022\/02\/monaco.jpg\" \/>\n\t<meta property=\"og:image:width\" content=\"1020\" \/>\n\t<meta property=\"og:image:height\" content=\"594\" \/>\n\t<meta property=\"og:image:type\" content=\"image\/jpeg\" \/>\n<meta name=\"author\" content=\"J\u00e9r\u00f4me Vinette\" \/>\n<meta name=\"twitter:card\" content=\"summary_large_image\" \/>\n<meta name=\"twitter:creator\" content=\"@MonacoTribune\" \/>\n<meta name=\"twitter:site\" content=\"@MonacoTribune\" \/>\n<script type=\"application\/ld+json\" class=\"yoast-schema-graph\">{\"@context\":\"https:\\\/\\\/schema.org\",\"@graph\":[{\"@type\":\"NewsArticle\",\"@id\":\"https:\\\/\\\/www.monaco-tribune.com\\\/it\\\/2022\\\/02\\\/goldman-sachs-apre-una-nuova-sede-a-monaco\\\/#article\",\"isPartOf\":{\"@id\":\"https:\\\/\\\/www.monaco-tribune.com\\\/it\\\/2022\\\/02\\\/goldman-sachs-apre-una-nuova-sede-a-monaco\\\/\"},\"author\":{\"name\":\"J\u00e9r\u00f4me Vinette\",\"@id\":\"https:\\\/\\\/www.monaco-tribune.com\\\/it\\\/#\\\/schema\\\/person\\\/74bfbad64aac6760e9f9b8ce1c6ff3d8\"},\"headline\":\"Goldman Sachs apre una nuova sede a Monaco\",\"datePublished\":\"2022-02-18T17:22:58+00:00\",\"dateModified\":\"2022-02-18T17:23:06+00:00\",\"mainEntityOfPage\":{\"@id\":\"https:\\\/\\\/www.monaco-tribune.com\\\/it\\\/2022\\\/02\\\/goldman-sachs-apre-una-nuova-sede-a-monaco\\\/\"},\"wordCount\":154,\"publisher\":{\"@id\":\"https:\\\/\\\/www.monaco-tribune.com\\\/it\\\/#organization\"},\"image\":{\"@id\":\"https:\\\/\\\/www.monaco-tribune.com\\\/it\\\/2022\\\/02\\\/goldman-sachs-apre-una-nuova-sede-a-monaco\\\/#primaryimage\"},\"thumbnailUrl\":\"https:\\\/\\\/www.monaco-tribune.com\\\/wp-content\\\/uploads\\\/2022\\\/02\\\/monaco.jpg\",\"keywords\":[\"Banca\"],\"articleSection\":[\"Business\",\"Notizie\"],\"inLanguage\":\"it-IT\",\"copyrightYear\":\"2022\",\"copyrightHolder\":{\"@id\":\"https:\\\/\\\/www.monaco-tribune.com\\\/#organization\"}},{\"@type\":\"WebPage\",\"@id\":\"https:\\\/\\\/www.monaco-tribune.com\\\/it\\\/2022\\\/02\\\/goldman-sachs-apre-una-nuova-sede-a-monaco\\\/\",\"url\":\"https:\\\/\\\/www.monaco-tribune.com\\\/it\\\/2022\\\/02\\\/goldman-sachs-apre-una-nuova-sede-a-monaco\\\/\",\"name\":\"Goldman Sachs apre una nuova sede a Monaco\",\"isPartOf\":{\"@id\":\"https:\\\/\\\/www.monaco-tribune.com\\\/it\\\/#website\"},\"primaryImageOfPage\":{\"@id\":\"https:\\\/\\\/www.monaco-tribune.com\\\/it\\\/2022\\\/02\\\/goldman-sachs-apre-una-nuova-sede-a-monaco\\\/#primaryimage\"},\"image\":{\"@id\":\"https:\\\/\\\/www.monaco-tribune.com\\\/it\\\/2022\\\/02\\\/goldman-sachs-apre-una-nuova-sede-a-monaco\\\/#primaryimage\"},\"thumbnailUrl\":\"https:\\\/\\\/www.monaco-tribune.com\\\/wp-content\\\/uploads\\\/2022\\\/02\\\/monaco.jpg\",\"datePublished\":\"2022-02-18T17:22:58+00:00\",\"dateModified\":\"2022-02-18T17:23:06+00:00\",\"description\":\"Un evento, secondo Reuters, che rientra nel suo progetto di espansione europeo. La notizia \u00e8 arrivata mercoled\u00ec scorso. La nuova sede del Principato\",\"breadcrumb\":{\"@id\":\"https:\\\/\\\/www.monaco-tribune.com\\\/it\\\/2022\\\/02\\\/goldman-sachs-apre-una-nuova-sede-a-monaco\\\/#breadcrumb\"},\"inLanguage\":\"it-IT\",\"potentialAction\":[{\"@type\":\"ReadAction\",\"target\":[\"https:\\\/\\\/www.monaco-tribune.com\\\/it\\\/2022\\\/02\\\/goldman-sachs-apre-una-nuova-sede-a-monaco\\\/\"]}]},{\"@type\":\"ImageObject\",\"inLanguage\":\"it-IT\",\"@id\":\"https:\\\/\\\/www.monaco-tribune.com\\\/it\\\/2022\\\/02\\\/goldman-sachs-apre-una-nuova-sede-a-monaco\\\/#primaryimage\",\"url\":\"https:\\\/\\\/www.monaco-tribune.com\\\/wp-content\\\/uploads\\\/2022\\\/02\\\/monaco.jpg\",\"contentUrl\":\"https:\\\/\\\/www.monaco-tribune.com\\\/wp-content\\\/uploads\\\/2022\\\/02\\\/monaco.jpg\",\"width\":1020,\"height\":594,\"caption\":\"Monaco Tribune\"},{\"@type\":\"BreadcrumbList\",\"@id\":\"https:\\\/\\\/www.monaco-tribune.com\\\/it\\\/2022\\\/02\\\/goldman-sachs-apre-una-nuova-sede-a-monaco\\\/#breadcrumb\",\"itemListElement\":[{\"@type\":\"ListItem\",\"position\":1,\"name\":\"Accueil\",\"item\":\"https:\\\/\\\/www.monaco-tribune.com\\\/it\\\/\"},{\"@type\":\"ListItem\",\"position\":2,\"name\":\"Goldman Sachs apre una nuova sede a Monaco\"}]},{\"@type\":\"WebSite\",\"@id\":\"https:\\\/\\\/www.monaco-tribune.com\\\/it\\\/#website\",\"url\":\"https:\\\/\\\/www.monaco-tribune.com\\\/it\\\/\",\"name\":\"Monaco Tribune\",\"description\":\"Monaco : actualit\u00e9s \u00e9conomiques, politiques, culturelles et sportives de Monaco et de la French Riviera.\",\"publisher\":{\"@id\":\"https:\\\/\\\/www.monaco-tribune.com\\\/it\\\/#organization\"},\"potentialAction\":[{\"@type\":\"SearchAction\",\"target\":{\"@type\":\"EntryPoint\",\"urlTemplate\":\"https:\\\/\\\/www.monaco-tribune.com\\\/it\\\/?s={search_term_string}\"},\"query-input\":{\"@type\":\"PropertyValueSpecification\",\"valueRequired\":true,\"valueName\":\"search_term_string\"}}],\"inLanguage\":\"it-IT\"},{\"@type\":\"Organization\",\"@id\":\"https:\\\/\\\/www.monaco-tribune.com\\\/it\\\/#organization\",\"name\":\"Monaco Tribune\",\"url\":\"https:\\\/\\\/www.monaco-tribune.com\\\/it\\\/\",\"logo\":{\"@type\":\"ImageObject\",\"inLanguage\":\"it-IT\",\"@id\":\"https:\\\/\\\/www.monaco-tribune.com\\\/it\\\/#\\\/schema\\\/logo\\\/image\\\/\",\"url\":\"https:\\\/\\\/www.monaco-tribune.com\\\/wp-content\\\/uploads\\\/2022\\\/11\\\/logo-monaco-tribune.png\",\"contentUrl\":\"https:\\\/\\\/www.monaco-tribune.com\\\/wp-content\\\/uploads\\\/2022\\\/11\\\/logo-monaco-tribune.png\",\"width\":1548,\"height\":600,\"caption\":\"Monaco Tribune\"},\"image\":{\"@id\":\"https:\\\/\\\/www.monaco-tribune.com\\\/it\\\/#\\\/schema\\\/logo\\\/image\\\/\"},\"sameAs\":[\"https:\\\/\\\/www.facebook.com\\\/MonacoTribune\",\"https:\\\/\\\/x.com\\\/MonacoTribune\",\"https:\\\/\\\/www.instagram.com\\\/monacotribune\\\/\",\"https:\\\/\\\/www.linkedin.com\\\/company\\\/monaco-tribune\",\"https:\\\/\\\/www.youtube.com\\\/channel\\\/UCHle1MnG6hw1y4lWKijVbMA\"]},{\"@type\":\"Person\",\"@id\":\"https:\\\/\\\/www.monaco-tribune.com\\\/it\\\/#\\\/schema\\\/person\\\/74bfbad64aac6760e9f9b8ce1c6ff3d8\",\"name\":\"J\u00e9r\u00f4me Vinette\",\"image\":{\"@type\":\"ImageObject\",\"inLanguage\":\"it-IT\",\"@id\":\"https:\\\/\\\/secure.gravatar.com\\\/avatar\\\/b38f1f0eb28fe6c73663325eaf1a900551ae51d1e9fa6071d1449489e9b7311e?s=96&d=mm&r=g\",\"url\":\"https:\\\/\\\/secure.gravatar.com\\\/avatar\\\/b38f1f0eb28fe6c73663325eaf1a900551ae51d1e9fa6071d1449489e9b7311e?s=96&d=mm&r=g\",\"contentUrl\":\"https:\\\/\\\/secure.gravatar.com\\\/avatar\\\/b38f1f0eb28fe6c73663325eaf1a900551ae51d1e9fa6071d1449489e9b7311e?s=96&d=mm&r=g\",\"caption\":\"J\u00e9r\u00f4me Vinette\"},\"url\":\"https:\\\/\\\/www.monaco-tribune.com\\\/it\\\/author\\\/jeromevinette\\\/\"}]}<\/script>\n<!-- \/ Yoast SEO Premium plugin. -->","yoast_head_json":{"title":"Goldman Sachs apre una nuova sede a Monaco","description":"Un evento, secondo Reuters, che rientra nel suo progetto di espansione europeo. La notizia \u00e8 arrivata mercoled\u00ec scorso. La nuova sede del Principato","robots":{"index":"index","follow":"follow","max-snippet":"max-snippet:-1","max-image-preview":"max-image-preview:large","max-video-preview":"max-video-preview:-1"},"canonical":"https:\/\/www.monaco-tribune.com\/it\/2022\/02\/goldman-sachs-apre-una-nuova-sede-a-monaco\/","og_locale":"it_IT","og_type":"article","og_title":"Goldman Sachs apre una nuova sede a Monaco - Monaco Tribune","og_description":"Un evento, secondo Reuters, che rientra nel suo progetto di espansione europeo. La notizia \u00e8 arrivata mercoled\u00ec scorso. La nuova sede del Principato","og_url":"https:\/\/www.monaco-tribune.com\/it\/2022\/02\/goldman-sachs-apre-una-nuova-sede-a-monaco\/","og_site_name":"Monaco Tribune","article_publisher":"https:\/\/www.facebook.com\/MonacoTribune","article_published_time":"2022-02-18T17:22:58+00:00","article_modified_time":"2022-02-18T17:23:06+00:00","og_image":[{"width":1020,"height":594,"url":"https:\/\/www.monaco-tribune.com\/wp-content\/uploads\/2022\/02\/monaco.jpg","type":"image\/jpeg"}],"author":"J\u00e9r\u00f4me Vinette","twitter_card":"summary_large_image","twitter_creator":"@MonacoTribune","twitter_site":"@MonacoTribune","schema":{"@context":"https:\/\/schema.org","@graph":[{"@type":"NewsArticle","@id":"https:\/\/www.monaco-tribune.com\/it\/2022\/02\/goldman-sachs-apre-una-nuova-sede-a-monaco\/#article","isPartOf":{"@id":"https:\/\/www.monaco-tribune.com\/it\/2022\/02\/goldman-sachs-apre-una-nuova-sede-a-monaco\/"},"author":{"name":"J\u00e9r\u00f4me Vinette","@id":"https:\/\/www.monaco-tribune.com\/it\/#\/schema\/person\/74bfbad64aac6760e9f9b8ce1c6ff3d8"},"headline":"Goldman Sachs apre una nuova sede a Monaco","datePublished":"2022-02-18T17:22:58+00:00","dateModified":"2022-02-18T17:23:06+00:00","mainEntityOfPage":{"@id":"https:\/\/www.monaco-tribune.com\/it\/2022\/02\/goldman-sachs-apre-una-nuova-sede-a-monaco\/"},"wordCount":154,"publisher":{"@id":"https:\/\/www.monaco-tribune.com\/it\/#organization"},"image":{"@id":"https:\/\/www.monaco-tribune.com\/it\/2022\/02\/goldman-sachs-apre-una-nuova-sede-a-monaco\/#primaryimage"},"thumbnailUrl":"https:\/\/www.monaco-tribune.com\/wp-content\/uploads\/2022\/02\/monaco.jpg","keywords":["Banca"],"articleSection":["Business","Notizie"],"inLanguage":"it-IT","copyrightYear":"2022","copyrightHolder":{"@id":"https:\/\/www.monaco-tribune.com\/#organization"}},{"@type":"WebPage","@id":"https:\/\/www.monaco-tribune.com\/it\/2022\/02\/goldman-sachs-apre-una-nuova-sede-a-monaco\/","url":"https:\/\/www.monaco-tribune.com\/it\/2022\/02\/goldman-sachs-apre-una-nuova-sede-a-monaco\/","name":"Goldman Sachs apre una nuova sede a Monaco","isPartOf":{"@id":"https:\/\/www.monaco-tribune.com\/it\/#website"},"primaryImageOfPage":{"@id":"https:\/\/www.monaco-tribune.com\/it\/2022\/02\/goldman-sachs-apre-una-nuova-sede-a-monaco\/#primaryimage"},"image":{"@id":"https:\/\/www.monaco-tribune.com\/it\/2022\/02\/goldman-sachs-apre-una-nuova-sede-a-monaco\/#primaryimage"},"thumbnailUrl":"https:\/\/www.monaco-tribune.com\/wp-content\/uploads\/2022\/02\/monaco.jpg","datePublished":"2022-02-18T17:22:58+00:00","dateModified":"2022-02-18T17:23:06+00:00","description":"Un evento, secondo Reuters, che rientra nel suo progetto di espansione europeo. La notizia \u00e8 arrivata mercoled\u00ec scorso. La nuova sede del Principato","breadcrumb":{"@id":"https:\/\/www.monaco-tribune.com\/it\/2022\/02\/goldman-sachs-apre-una-nuova-sede-a-monaco\/#breadcrumb"},"inLanguage":"it-IT","potentialAction":[{"@type":"ReadAction","target":["https:\/\/www.monaco-tribune.com\/it\/2022\/02\/goldman-sachs-apre-una-nuova-sede-a-monaco\/"]}]},{"@type":"ImageObject","inLanguage":"it-IT","@id":"https:\/\/www.monaco-tribune.com\/it\/2022\/02\/goldman-sachs-apre-una-nuova-sede-a-monaco\/#primaryimage","url":"https:\/\/www.monaco-tribune.com\/wp-content\/uploads\/2022\/02\/monaco.jpg","contentUrl":"https:\/\/www.monaco-tribune.com\/wp-content\/uploads\/2022\/02\/monaco.jpg","width":1020,"height":594,"caption":"Monaco Tribune"},{"@type":"BreadcrumbList","@id":"https:\/\/www.monaco-tribune.com\/it\/2022\/02\/goldman-sachs-apre-una-nuova-sede-a-monaco\/#breadcrumb","itemListElement":[{"@type":"ListItem","position":1,"name":"Accueil","item":"https:\/\/www.monaco-tribune.com\/it\/"},{"@type":"ListItem","position":2,"name":"Goldman Sachs apre una nuova sede a Monaco"}]},{"@type":"WebSite","@id":"https:\/\/www.monaco-tribune.com\/it\/#website","url":"https:\/\/www.monaco-tribune.com\/it\/","name":"Monaco Tribune","description":"Monaco : actualit\u00e9s \u00e9conomiques, politiques, culturelles et sportives de Monaco et de la French Riviera.","publisher":{"@id":"https:\/\/www.monaco-tribune.com\/it\/#organization"},"potentialAction":[{"@type":"SearchAction","target":{"@type":"EntryPoint","urlTemplate":"https:\/\/www.monaco-tribune.com\/it\/?s={search_term_string}"},"query-input":{"@type":"PropertyValueSpecification","valueRequired":true,"valueName":"search_term_string"}}],"inLanguage":"it-IT"},{"@type":"Organization","@id":"https:\/\/www.monaco-tribune.com\/it\/#organization","name":"Monaco Tribune","url":"https:\/\/www.monaco-tribune.com\/it\/","logo":{"@type":"ImageObject","inLanguage":"it-IT","@id":"https:\/\/www.monaco-tribune.com\/it\/#\/schema\/logo\/image\/","url":"https:\/\/www.monaco-tribune.com\/wp-content\/uploads\/2022\/11\/logo-monaco-tribune.png","contentUrl":"https:\/\/www.monaco-tribune.com\/wp-content\/uploads\/2022\/11\/logo-monaco-tribune.png","width":1548,"height":600,"caption":"Monaco Tribune"},"image":{"@id":"https:\/\/www.monaco-tribune.com\/it\/#\/schema\/logo\/image\/"},"sameAs":["https:\/\/www.facebook.com\/MonacoTribune","https:\/\/x.com\/MonacoTribune","https:\/\/www.instagram.com\/monacotribune\/","https:\/\/www.linkedin.com\/company\/monaco-tribune","https:\/\/www.youtube.com\/channel\/UCHle1MnG6hw1y4lWKijVbMA"]},{"@type":"Person","@id":"https:\/\/www.monaco-tribune.com\/it\/#\/schema\/person\/74bfbad64aac6760e9f9b8ce1c6ff3d8","name":"J\u00e9r\u00f4me Vinette","image":{"@type":"ImageObject","inLanguage":"it-IT","@id":"https:\/\/secure.gravatar.com\/avatar\/b38f1f0eb28fe6c73663325eaf1a900551ae51d1e9fa6071d1449489e9b7311e?s=96&d=mm&r=g","url":"https:\/\/secure.gravatar.com\/avatar\/b38f1f0eb28fe6c73663325eaf1a900551ae51d1e9fa6071d1449489e9b7311e?s=96&d=mm&r=g","contentUrl":"https:\/\/secure.gravatar.com\/avatar\/b38f1f0eb28fe6c73663325eaf1a900551ae51d1e9fa6071d1449489e9b7311e?s=96&d=mm&r=g","caption":"J\u00e9r\u00f4me Vinette"},"url":"https:\/\/www.monaco-tribune.com\/it\/author\/jeromevinette\/"}]}},"_links":{"self":[{"href":"https:\/\/www.monaco-tribune.com\/it\/wp-json\/wp\/v2\/posts\/111335","targetHints":{"allow":["GET"]}}],"collection":[{"href":"https:\/\/www.monaco-tribune.com\/it\/wp-json\/wp\/v2\/posts"}],"about":[{"href":"https:\/\/www.monaco-tribune.com\/it\/wp-json\/wp\/v2\/types\/post"}],"author":[{"embeddable":true,"href":"https:\/\/www.monaco-tribune.com\/it\/wp-json\/wp\/v2\/users\/63"}],"replies":[{"embeddable":true,"href":"https:\/\/www.monaco-tribune.com\/it\/wp-json\/wp\/v2\/comments?post=111335"}],"version-history":[{"count":0,"href":"https:\/\/www.monaco-tribune.com\/it\/wp-json\/wp\/v2\/posts\/111335\/revisions"}],"wp:featuredmedia":[{"embeddable":true,"href":"https:\/\/www.monaco-tribune.com\/it\/wp-json\/wp\/v2\/media\/111128"}],"wp:attachment":[{"href":"https:\/\/www.monaco-tribune.com\/it\/wp-json\/wp\/v2\/media?parent=111335"}],"wp:term":[{"taxonomy":"category","embeddable":true,"href":"https:\/\/www.monaco-tribune.com\/it\/wp-json\/wp\/v2\/categories?post=111335"},{"taxonomy":"post_tag","embeddable":true,"href":"https:\/\/www.monaco-tribune.com\/it\/wp-json\/wp\/v2\/tags?post=111335"},{"taxonomy":"sectag","embeddable":true,"href":"https:\/\/www.monaco-tribune.com\/it\/wp-json\/wp\/v2\/post_sectags?post=111335"},{"taxonomy":"format","embeddable":true,"href":"https:\/\/www.monaco-tribune.com\/it\/wp-json\/wp\/v2\/post_format?post=111335"}],"curies":[{"name":"wp","href":"https:\/\/api.w.org\/{rel}","templated":true}]}}