{"id":111747,"date":"2022-02-22T17:47:33","date_gmt":"2022-02-22T16:47:33","guid":{"rendered":"https:\/\/www.monaco-tribune.com\/2022\/02\/droni-nel-cielo-di-monaco-quali-sono-le-regole-per-volare\/"},"modified":"2022-02-22T17:47:38","modified_gmt":"2022-02-22T16:47:38","slug":"droni-nel-cielo-di-monaco-quali-sono-le-regole-per-volare","status":"publish","type":"post","link":"https:\/\/www.monaco-tribune.com\/it\/2022\/02\/droni-nel-cielo-di-monaco-quali-sono-le-regole-per-volare\/","title":{"rendered":"Droni nel cielo di Monaco. Quali sono le regole per volare?"},"content":{"rendered":"\n<p><strong>Il 6 febbraio, il Governo del Principe ha istituito nuove regole per l&#8217;utilizzo dei droni nel Principato.<\/strong><\/p>\n\n<p>Li avrete sentiti sicuramente ronzare sulle vostre teste. Parliamo dei droni, piccoli gadget volanti con cui osservare lo splendido paesaggio del Principato dalle nuvole. Ma attenzione, le cose sono cambiate, almeno per la maggior parte dei piloti.<\/p>\n\n<p>Il Governo ha attuato una misura per &#8220;assicurare una migliore gestione dello spazio aereo monegasco, adeguando la regolamentazione nazionale all&#8217;evoluzione tecnologica del settore dell&#8217;aeronautica&#8221;. D&#8217;ora in avanti, non sar\u00e0 pi\u00f9 possibile far volare un drone nel cielo di Monaco, salvo qualche eccezione.<\/p>\n\n<h2 class=\"wp-block-heading\" id=\"h-agrement-parachute-et-identification-obligatoires\">Autorizzazione, paracadute e identificazione<\/h2>\n\n<p>Prima di tutto, sar\u00e0 vietato far volare il proprio drone a Monaco senza essere in possesso di una richiesta di autorizzazione presso la Direzione dell&#8217;Aviazione Civile. Ma con circa 200 domande ricevute l&#8217;anno scorso, soprattutto in occasione dei grandi eventi, il Governo del Principe ha deciso che, per garantire maggiore sicurezza, sul territorio monegasco sar\u00e0 consentito soltanto l&#8217;uso professionale dei droni, &#8220;soggetto all&#8217;ottenimento di un&#8217;autorizzazione annuale rinnovabile da parte delle aziende&#8221;.<\/p>\n\n<p>Altra nuova regola: i droni che superano i 700 grammi dovranno essere provvisti di paracadute. Una condizione in precedenza valida solo per i dispositivi maggiori di due chili. In caso di perdita di controllo del &#8220;velivolo&#8221; da parte del pilota, il paracadute si aprir\u00e0 automaticamente o manualmente per evitare eventuali incidenti gravi. Tutti i droni dovranno anche essere dotati di un sistema d&#8217;identificazione elettronico per poter essere monitorati in ogni momento.<\/p>\n\n<blockquote class=\"wp-block-quote is-layout-flow wp-block-quote-is-layout-flow\" id=\"h-\"><p>Ha sicuramente delle conseguenze per noi, ma bisogna rispettare le regole.<\/p><cite>Erwan Grimaud, societ\u00e0 MC-Clic Monaco<\/cite><\/blockquote>\n\n<h2 class=\"wp-block-heading\" id=\"h-quelles-consequences-pour-les-professionnels\">Quali sono le conseguenze per i professionisti?<\/h2>\n\n<p>Erwan Grimaud, costruttore e pilota di droni per l&#8217;azienda monegasca MC-Clic, ha dovuto adeguarsi alle nuove regole, anche se questo comporta pi\u00f9 ore di lavoro, pi\u00f9 cambiamenti e un budget pi\u00f9 elevato. Dettagli a parte, queste regolamentazioni non gli sono del tutto estranee, anzi: &#8220;In quanto utenti professionisti applicavamo gi\u00e0 alcune misure simili. Per contro, alcune condizioni ci obbligano a modificare ulteriormente i nostri droni. Questo ha sicuramente delle conseguenze per noi, ma bisogna rispettare le regole&#8221;.<\/p>\n\n<p><strong>LEGGI ANCHE<\/strong>: <a href=\"https:\/\/www.monaco-tribune.com\/it\/2021\/03\/intervista-a-erwan-grimaud-costruttore-e-pilota-di-droni\/\">Intervista a Erwan Grimaud, costruttore e pilota di droni<\/a><\/p>\n\n<p>Il vero cambiamento sta nell&#8217;inserimento di un sistema d&#8217;identificazione del drone per il controllo aereo. Erwan spiega che &#8220;i droni erano gi\u00e0 monitorati tramite i piani di volo indicati alla Direzione dell&#8217;Aviazione Civile. L&#8217;unica differenza \u00e8 che con questo nuovo sistema \u00e8 \u00e8 possibile verificare che il piano venga rispettato&#8221;. Una novit\u00e0 serve anche a controllare che il drone non sorvoli luoghi vietati come il Palazzo del Principe o la Piazza antistante.<\/p>\n\n<p>Il Principato, inoltre, con un decreto ministeriale, pu\u00f2 interdire l&#8217;uso dei droni su tutto lo spazio aereo del Principato, soprattutto in occasione di grandi eventi come il Gran Premio.<\/p>\n\n<p>A prescindere da tutte queste nuove regole, Erwan ritiene che &#8220;le regolamentazioni si applicano come il Codice della strada. Se passiamo con il rosso e siamo sorvegliati, ci beccano. D&#8217;ora in poi, sar\u00e0 lo stesso con il controllo aereo dei droni&#8221;.<\/p>\n\n<p>Nel caso di mancato rispetto delle disposizioni, il pilota rischia un avvertimento, una sospensione o il ritiro definitivo del permesso.<\/p>\n","protected":false},"excerpt":{"rendered":"<p>Il 6 febbraio, il Governo del Principe ha istituito nuove regole per l&#8217;utilizzo dei droni nel Principato. Li avrete sentiti [&hellip;]<\/p>\n","protected":false},"author":63,"featured_media":111661,"comment_status":"closed","ping_status":"closed","sticky":false,"template":"","format":"standard","meta":{"_acf_changed":false,"footnotes":""},"categories":[1826,1738,1752],"tags":[],"post_sectags":[],"post_format":[2477],"class_list":["post-111747","post","type-post","status-publish","format-standard","has-post-thumbnail","hentry","category-la-nostra-scelta","category-notizie","category-societa","format-info-pratiche"],"acf":[],"yoast_head":"<!-- This site is optimized with the Yoast SEO Premium plugin v26.8 (Yoast SEO v27.4) - https:\/\/yoast.com\/product\/yoast-seo-premium-wordpress\/ -->\n<title>Droni nel cielo di Monaco. Quali sono le regole per volare?<\/title>\n<meta name=\"description\" content=\"Il 6 febbraio, il Governo del Principe ha istituito nuove regole per l&#039;utilizzo dei droni nel Principato. Li avrete sentiti sicuramente ronzare sulle\" \/>\n<meta name=\"robots\" content=\"index, follow, max-snippet:-1, max-image-preview:large, max-video-preview:-1\" \/>\n<link rel=\"canonical\" href=\"https:\/\/www.monaco-tribune.com\/it\/2022\/02\/droni-nel-cielo-di-monaco-quali-sono-le-regole-per-volare\/\" \/>\n<meta property=\"og:locale\" content=\"it_IT\" \/>\n<meta property=\"og:type\" content=\"article\" \/>\n<meta property=\"og:title\" content=\"Droni nel cielo di Monaco. Quali sono le regole per volare? - Monaco Tribune\" \/>\n<meta property=\"og:description\" content=\"Il 6 febbraio, il Governo del Principe ha istituito nuove regole per l&#039;utilizzo dei droni nel Principato. Li avrete sentiti sicuramente ronzare sulle\" \/>\n<meta property=\"og:url\" content=\"https:\/\/www.monaco-tribune.com\/it\/2022\/02\/droni-nel-cielo-di-monaco-quali-sono-le-regole-per-volare\/\" \/>\n<meta property=\"og:site_name\" content=\"Monaco Tribune\" \/>\n<meta property=\"article:publisher\" content=\"https:\/\/www.facebook.com\/MonacoTribune\" \/>\n<meta property=\"article:published_time\" content=\"2022-02-22T16:47:33+00:00\" \/>\n<meta property=\"article:modified_time\" content=\"2022-02-22T16:47:38+00:00\" \/>\n<meta property=\"og:image\" content=\"https:\/\/www.monaco-tribune.com\/wp-content\/uploads\/2022\/02\/test-5g-par-drone-mc-clic-monaco-.jpeg\" \/>\n\t<meta property=\"og:image:width\" content=\"1024\" \/>\n\t<meta property=\"og:image:height\" content=\"580\" \/>\n\t<meta property=\"og:image:type\" content=\"image\/jpeg\" \/>\n<meta name=\"author\" content=\"J\u00e9r\u00f4me Vinette\" \/>\n<meta name=\"twitter:card\" content=\"summary_large_image\" \/>\n<meta name=\"twitter:creator\" content=\"@MonacoTribune\" \/>\n<meta name=\"twitter:site\" content=\"@MonacoTribune\" \/>\n<script type=\"application\/ld+json\" class=\"yoast-schema-graph\">{\"@context\":\"https:\\\/\\\/schema.org\",\"@graph\":[{\"@type\":\"NewsArticle\",\"@id\":\"https:\\\/\\\/www.monaco-tribune.com\\\/it\\\/2022\\\/02\\\/droni-nel-cielo-di-monaco-quali-sono-le-regole-per-volare\\\/#article\",\"isPartOf\":{\"@id\":\"https:\\\/\\\/www.monaco-tribune.com\\\/it\\\/2022\\\/02\\\/droni-nel-cielo-di-monaco-quali-sono-le-regole-per-volare\\\/\"},\"author\":{\"name\":\"J\u00e9r\u00f4me Vinette\",\"@id\":\"https:\\\/\\\/www.monaco-tribune.com\\\/it\\\/#\\\/schema\\\/person\\\/74bfbad64aac6760e9f9b8ce1c6ff3d8\"},\"headline\":\"Droni nel cielo di Monaco. Quali sono le regole per volare?\",\"datePublished\":\"2022-02-22T16:47:33+00:00\",\"dateModified\":\"2022-02-22T16:47:38+00:00\",\"mainEntityOfPage\":{\"@id\":\"https:\\\/\\\/www.monaco-tribune.com\\\/it\\\/2022\\\/02\\\/droni-nel-cielo-di-monaco-quali-sono-le-regole-per-volare\\\/\"},\"wordCount\":537,\"publisher\":{\"@id\":\"https:\\\/\\\/www.monaco-tribune.com\\\/it\\\/#organization\"},\"image\":{\"@id\":\"https:\\\/\\\/www.monaco-tribune.com\\\/it\\\/2022\\\/02\\\/droni-nel-cielo-di-monaco-quali-sono-le-regole-per-volare\\\/#primaryimage\"},\"thumbnailUrl\":\"https:\\\/\\\/www.monaco-tribune.com\\\/wp-content\\\/uploads\\\/2022\\\/02\\\/test-5g-par-drone-mc-clic-monaco-.jpeg\",\"articleSection\":[\"La nostra scelta\",\"Notizie\",\"Societ\u00e0\"],\"inLanguage\":\"it-IT\",\"copyrightYear\":\"2022\",\"copyrightHolder\":{\"@id\":\"https:\\\/\\\/www.monaco-tribune.com\\\/#organization\"}},{\"@type\":\"WebPage\",\"@id\":\"https:\\\/\\\/www.monaco-tribune.com\\\/it\\\/2022\\\/02\\\/droni-nel-cielo-di-monaco-quali-sono-le-regole-per-volare\\\/\",\"url\":\"https:\\\/\\\/www.monaco-tribune.com\\\/it\\\/2022\\\/02\\\/droni-nel-cielo-di-monaco-quali-sono-le-regole-per-volare\\\/\",\"name\":\"Droni nel cielo di Monaco. Quali sono le regole per volare?\",\"isPartOf\":{\"@id\":\"https:\\\/\\\/www.monaco-tribune.com\\\/it\\\/#website\"},\"primaryImageOfPage\":{\"@id\":\"https:\\\/\\\/www.monaco-tribune.com\\\/it\\\/2022\\\/02\\\/droni-nel-cielo-di-monaco-quali-sono-le-regole-per-volare\\\/#primaryimage\"},\"image\":{\"@id\":\"https:\\\/\\\/www.monaco-tribune.com\\\/it\\\/2022\\\/02\\\/droni-nel-cielo-di-monaco-quali-sono-le-regole-per-volare\\\/#primaryimage\"},\"thumbnailUrl\":\"https:\\\/\\\/www.monaco-tribune.com\\\/wp-content\\\/uploads\\\/2022\\\/02\\\/test-5g-par-drone-mc-clic-monaco-.jpeg\",\"datePublished\":\"2022-02-22T16:47:33+00:00\",\"dateModified\":\"2022-02-22T16:47:38+00:00\",\"description\":\"Il 6 febbraio, il Governo del Principe ha istituito nuove regole per l'utilizzo dei droni nel Principato. Li avrete sentiti sicuramente ronzare sulle\",\"breadcrumb\":{\"@id\":\"https:\\\/\\\/www.monaco-tribune.com\\\/it\\\/2022\\\/02\\\/droni-nel-cielo-di-monaco-quali-sono-le-regole-per-volare\\\/#breadcrumb\"},\"inLanguage\":\"it-IT\",\"potentialAction\":[{\"@type\":\"ReadAction\",\"target\":[\"https:\\\/\\\/www.monaco-tribune.com\\\/it\\\/2022\\\/02\\\/droni-nel-cielo-di-monaco-quali-sono-le-regole-per-volare\\\/\"]}]},{\"@type\":\"ImageObject\",\"inLanguage\":\"it-IT\",\"@id\":\"https:\\\/\\\/www.monaco-tribune.com\\\/it\\\/2022\\\/02\\\/droni-nel-cielo-di-monaco-quali-sono-le-regole-per-volare\\\/#primaryimage\",\"url\":\"https:\\\/\\\/www.monaco-tribune.com\\\/wp-content\\\/uploads\\\/2022\\\/02\\\/test-5g-par-drone-mc-clic-monaco-.jpeg\",\"contentUrl\":\"https:\\\/\\\/www.monaco-tribune.com\\\/wp-content\\\/uploads\\\/2022\\\/02\\\/test-5g-par-drone-mc-clic-monaco-.jpeg\",\"width\":1024,\"height\":580,\"caption\":\"MC Clic\"},{\"@type\":\"BreadcrumbList\",\"@id\":\"https:\\\/\\\/www.monaco-tribune.com\\\/it\\\/2022\\\/02\\\/droni-nel-cielo-di-monaco-quali-sono-le-regole-per-volare\\\/#breadcrumb\",\"itemListElement\":[{\"@type\":\"ListItem\",\"position\":1,\"name\":\"Accueil\",\"item\":\"https:\\\/\\\/www.monaco-tribune.com\\\/it\\\/\"},{\"@type\":\"ListItem\",\"position\":2,\"name\":\"Droni nel cielo di Monaco. Quali sono le regole per volare?\"}]},{\"@type\":\"WebSite\",\"@id\":\"https:\\\/\\\/www.monaco-tribune.com\\\/it\\\/#website\",\"url\":\"https:\\\/\\\/www.monaco-tribune.com\\\/it\\\/\",\"name\":\"Monaco Tribune\",\"description\":\"Monaco : actualit\u00e9s \u00e9conomiques, politiques, culturelles et sportives de Monaco et de la French Riviera.\",\"publisher\":{\"@id\":\"https:\\\/\\\/www.monaco-tribune.com\\\/it\\\/#organization\"},\"potentialAction\":[{\"@type\":\"SearchAction\",\"target\":{\"@type\":\"EntryPoint\",\"urlTemplate\":\"https:\\\/\\\/www.monaco-tribune.com\\\/it\\\/?s={search_term_string}\"},\"query-input\":{\"@type\":\"PropertyValueSpecification\",\"valueRequired\":true,\"valueName\":\"search_term_string\"}}],\"inLanguage\":\"it-IT\"},{\"@type\":\"Organization\",\"@id\":\"https:\\\/\\\/www.monaco-tribune.com\\\/it\\\/#organization\",\"name\":\"Monaco Tribune\",\"url\":\"https:\\\/\\\/www.monaco-tribune.com\\\/it\\\/\",\"logo\":{\"@type\":\"ImageObject\",\"inLanguage\":\"it-IT\",\"@id\":\"https:\\\/\\\/www.monaco-tribune.com\\\/it\\\/#\\\/schema\\\/logo\\\/image\\\/\",\"url\":\"https:\\\/\\\/www.monaco-tribune.com\\\/wp-content\\\/uploads\\\/2022\\\/11\\\/logo-monaco-tribune.png\",\"contentUrl\":\"https:\\\/\\\/www.monaco-tribune.com\\\/wp-content\\\/uploads\\\/2022\\\/11\\\/logo-monaco-tribune.png\",\"width\":1548,\"height\":600,\"caption\":\"Monaco Tribune\"},\"image\":{\"@id\":\"https:\\\/\\\/www.monaco-tribune.com\\\/it\\\/#\\\/schema\\\/logo\\\/image\\\/\"},\"sameAs\":[\"https:\\\/\\\/www.facebook.com\\\/MonacoTribune\",\"https:\\\/\\\/x.com\\\/MonacoTribune\",\"https:\\\/\\\/www.instagram.com\\\/monacotribune\\\/\",\"https:\\\/\\\/www.linkedin.com\\\/company\\\/monaco-tribune\",\"https:\\\/\\\/www.youtube.com\\\/channel\\\/UCHle1MnG6hw1y4lWKijVbMA\"]},{\"@type\":\"Person\",\"@id\":\"https:\\\/\\\/www.monaco-tribune.com\\\/it\\\/#\\\/schema\\\/person\\\/74bfbad64aac6760e9f9b8ce1c6ff3d8\",\"name\":\"J\u00e9r\u00f4me Vinette\",\"image\":{\"@type\":\"ImageObject\",\"inLanguage\":\"it-IT\",\"@id\":\"https:\\\/\\\/secure.gravatar.com\\\/avatar\\\/b38f1f0eb28fe6c73663325eaf1a900551ae51d1e9fa6071d1449489e9b7311e?s=96&d=mm&r=g\",\"url\":\"https:\\\/\\\/secure.gravatar.com\\\/avatar\\\/b38f1f0eb28fe6c73663325eaf1a900551ae51d1e9fa6071d1449489e9b7311e?s=96&d=mm&r=g\",\"contentUrl\":\"https:\\\/\\\/secure.gravatar.com\\\/avatar\\\/b38f1f0eb28fe6c73663325eaf1a900551ae51d1e9fa6071d1449489e9b7311e?s=96&d=mm&r=g\",\"caption\":\"J\u00e9r\u00f4me Vinette\"},\"url\":\"https:\\\/\\\/www.monaco-tribune.com\\\/it\\\/author\\\/jeromevinette\\\/\"}]}<\/script>\n<!-- \/ Yoast SEO Premium plugin. -->","yoast_head_json":{"title":"Droni nel cielo di Monaco. Quali sono le regole per volare?","description":"Il 6 febbraio, il Governo del Principe ha istituito nuove regole per l'utilizzo dei droni nel Principato. Li avrete sentiti sicuramente ronzare sulle","robots":{"index":"index","follow":"follow","max-snippet":"max-snippet:-1","max-image-preview":"max-image-preview:large","max-video-preview":"max-video-preview:-1"},"canonical":"https:\/\/www.monaco-tribune.com\/it\/2022\/02\/droni-nel-cielo-di-monaco-quali-sono-le-regole-per-volare\/","og_locale":"it_IT","og_type":"article","og_title":"Droni nel cielo di Monaco. Quali sono le regole per volare? - Monaco Tribune","og_description":"Il 6 febbraio, il Governo del Principe ha istituito nuove regole per l'utilizzo dei droni nel Principato. Li avrete sentiti sicuramente ronzare sulle","og_url":"https:\/\/www.monaco-tribune.com\/it\/2022\/02\/droni-nel-cielo-di-monaco-quali-sono-le-regole-per-volare\/","og_site_name":"Monaco Tribune","article_publisher":"https:\/\/www.facebook.com\/MonacoTribune","article_published_time":"2022-02-22T16:47:33+00:00","article_modified_time":"2022-02-22T16:47:38+00:00","og_image":[{"width":1024,"height":580,"url":"https:\/\/www.monaco-tribune.com\/wp-content\/uploads\/2022\/02\/test-5g-par-drone-mc-clic-monaco-.jpeg","type":"image\/jpeg"}],"author":"J\u00e9r\u00f4me Vinette","twitter_card":"summary_large_image","twitter_creator":"@MonacoTribune","twitter_site":"@MonacoTribune","schema":{"@context":"https:\/\/schema.org","@graph":[{"@type":"NewsArticle","@id":"https:\/\/www.monaco-tribune.com\/it\/2022\/02\/droni-nel-cielo-di-monaco-quali-sono-le-regole-per-volare\/#article","isPartOf":{"@id":"https:\/\/www.monaco-tribune.com\/it\/2022\/02\/droni-nel-cielo-di-monaco-quali-sono-le-regole-per-volare\/"},"author":{"name":"J\u00e9r\u00f4me Vinette","@id":"https:\/\/www.monaco-tribune.com\/it\/#\/schema\/person\/74bfbad64aac6760e9f9b8ce1c6ff3d8"},"headline":"Droni nel cielo di Monaco. Quali sono le regole per volare?","datePublished":"2022-02-22T16:47:33+00:00","dateModified":"2022-02-22T16:47:38+00:00","mainEntityOfPage":{"@id":"https:\/\/www.monaco-tribune.com\/it\/2022\/02\/droni-nel-cielo-di-monaco-quali-sono-le-regole-per-volare\/"},"wordCount":537,"publisher":{"@id":"https:\/\/www.monaco-tribune.com\/it\/#organization"},"image":{"@id":"https:\/\/www.monaco-tribune.com\/it\/2022\/02\/droni-nel-cielo-di-monaco-quali-sono-le-regole-per-volare\/#primaryimage"},"thumbnailUrl":"https:\/\/www.monaco-tribune.com\/wp-content\/uploads\/2022\/02\/test-5g-par-drone-mc-clic-monaco-.jpeg","articleSection":["La nostra scelta","Notizie","Societ\u00e0"],"inLanguage":"it-IT","copyrightYear":"2022","copyrightHolder":{"@id":"https:\/\/www.monaco-tribune.com\/#organization"}},{"@type":"WebPage","@id":"https:\/\/www.monaco-tribune.com\/it\/2022\/02\/droni-nel-cielo-di-monaco-quali-sono-le-regole-per-volare\/","url":"https:\/\/www.monaco-tribune.com\/it\/2022\/02\/droni-nel-cielo-di-monaco-quali-sono-le-regole-per-volare\/","name":"Droni nel cielo di Monaco. Quali sono le regole per volare?","isPartOf":{"@id":"https:\/\/www.monaco-tribune.com\/it\/#website"},"primaryImageOfPage":{"@id":"https:\/\/www.monaco-tribune.com\/it\/2022\/02\/droni-nel-cielo-di-monaco-quali-sono-le-regole-per-volare\/#primaryimage"},"image":{"@id":"https:\/\/www.monaco-tribune.com\/it\/2022\/02\/droni-nel-cielo-di-monaco-quali-sono-le-regole-per-volare\/#primaryimage"},"thumbnailUrl":"https:\/\/www.monaco-tribune.com\/wp-content\/uploads\/2022\/02\/test-5g-par-drone-mc-clic-monaco-.jpeg","datePublished":"2022-02-22T16:47:33+00:00","dateModified":"2022-02-22T16:47:38+00:00","description":"Il 6 febbraio, il Governo del Principe ha istituito nuove regole per l'utilizzo dei droni nel Principato. Li avrete sentiti sicuramente ronzare sulle","breadcrumb":{"@id":"https:\/\/www.monaco-tribune.com\/it\/2022\/02\/droni-nel-cielo-di-monaco-quali-sono-le-regole-per-volare\/#breadcrumb"},"inLanguage":"it-IT","potentialAction":[{"@type":"ReadAction","target":["https:\/\/www.monaco-tribune.com\/it\/2022\/02\/droni-nel-cielo-di-monaco-quali-sono-le-regole-per-volare\/"]}]},{"@type":"ImageObject","inLanguage":"it-IT","@id":"https:\/\/www.monaco-tribune.com\/it\/2022\/02\/droni-nel-cielo-di-monaco-quali-sono-le-regole-per-volare\/#primaryimage","url":"https:\/\/www.monaco-tribune.com\/wp-content\/uploads\/2022\/02\/test-5g-par-drone-mc-clic-monaco-.jpeg","contentUrl":"https:\/\/www.monaco-tribune.com\/wp-content\/uploads\/2022\/02\/test-5g-par-drone-mc-clic-monaco-.jpeg","width":1024,"height":580,"caption":"MC Clic"},{"@type":"BreadcrumbList","@id":"https:\/\/www.monaco-tribune.com\/it\/2022\/02\/droni-nel-cielo-di-monaco-quali-sono-le-regole-per-volare\/#breadcrumb","itemListElement":[{"@type":"ListItem","position":1,"name":"Accueil","item":"https:\/\/www.monaco-tribune.com\/it\/"},{"@type":"ListItem","position":2,"name":"Droni nel cielo di Monaco. Quali sono le regole per volare?"}]},{"@type":"WebSite","@id":"https:\/\/www.monaco-tribune.com\/it\/#website","url":"https:\/\/www.monaco-tribune.com\/it\/","name":"Monaco Tribune","description":"Monaco : actualit\u00e9s \u00e9conomiques, politiques, culturelles et sportives de Monaco et de la French Riviera.","publisher":{"@id":"https:\/\/www.monaco-tribune.com\/it\/#organization"},"potentialAction":[{"@type":"SearchAction","target":{"@type":"EntryPoint","urlTemplate":"https:\/\/www.monaco-tribune.com\/it\/?s={search_term_string}"},"query-input":{"@type":"PropertyValueSpecification","valueRequired":true,"valueName":"search_term_string"}}],"inLanguage":"it-IT"},{"@type":"Organization","@id":"https:\/\/www.monaco-tribune.com\/it\/#organization","name":"Monaco Tribune","url":"https:\/\/www.monaco-tribune.com\/it\/","logo":{"@type":"ImageObject","inLanguage":"it-IT","@id":"https:\/\/www.monaco-tribune.com\/it\/#\/schema\/logo\/image\/","url":"https:\/\/www.monaco-tribune.com\/wp-content\/uploads\/2022\/11\/logo-monaco-tribune.png","contentUrl":"https:\/\/www.monaco-tribune.com\/wp-content\/uploads\/2022\/11\/logo-monaco-tribune.png","width":1548,"height":600,"caption":"Monaco Tribune"},"image":{"@id":"https:\/\/www.monaco-tribune.com\/it\/#\/schema\/logo\/image\/"},"sameAs":["https:\/\/www.facebook.com\/MonacoTribune","https:\/\/x.com\/MonacoTribune","https:\/\/www.instagram.com\/monacotribune\/","https:\/\/www.linkedin.com\/company\/monaco-tribune","https:\/\/www.youtube.com\/channel\/UCHle1MnG6hw1y4lWKijVbMA"]},{"@type":"Person","@id":"https:\/\/www.monaco-tribune.com\/it\/#\/schema\/person\/74bfbad64aac6760e9f9b8ce1c6ff3d8","name":"J\u00e9r\u00f4me Vinette","image":{"@type":"ImageObject","inLanguage":"it-IT","@id":"https:\/\/secure.gravatar.com\/avatar\/b38f1f0eb28fe6c73663325eaf1a900551ae51d1e9fa6071d1449489e9b7311e?s=96&d=mm&r=g","url":"https:\/\/secure.gravatar.com\/avatar\/b38f1f0eb28fe6c73663325eaf1a900551ae51d1e9fa6071d1449489e9b7311e?s=96&d=mm&r=g","contentUrl":"https:\/\/secure.gravatar.com\/avatar\/b38f1f0eb28fe6c73663325eaf1a900551ae51d1e9fa6071d1449489e9b7311e?s=96&d=mm&r=g","caption":"J\u00e9r\u00f4me Vinette"},"url":"https:\/\/www.monaco-tribune.com\/it\/author\/jeromevinette\/"}]}},"_links":{"self":[{"href":"https:\/\/www.monaco-tribune.com\/it\/wp-json\/wp\/v2\/posts\/111747","targetHints":{"allow":["GET"]}}],"collection":[{"href":"https:\/\/www.monaco-tribune.com\/it\/wp-json\/wp\/v2\/posts"}],"about":[{"href":"https:\/\/www.monaco-tribune.com\/it\/wp-json\/wp\/v2\/types\/post"}],"author":[{"embeddable":true,"href":"https:\/\/www.monaco-tribune.com\/it\/wp-json\/wp\/v2\/users\/63"}],"replies":[{"embeddable":true,"href":"https:\/\/www.monaco-tribune.com\/it\/wp-json\/wp\/v2\/comments?post=111747"}],"version-history":[{"count":0,"href":"https:\/\/www.monaco-tribune.com\/it\/wp-json\/wp\/v2\/posts\/111747\/revisions"}],"wp:featuredmedia":[{"embeddable":true,"href":"https:\/\/www.monaco-tribune.com\/it\/wp-json\/wp\/v2\/media\/111661"}],"wp:attachment":[{"href":"https:\/\/www.monaco-tribune.com\/it\/wp-json\/wp\/v2\/media?parent=111747"}],"wp:term":[{"taxonomy":"category","embeddable":true,"href":"https:\/\/www.monaco-tribune.com\/it\/wp-json\/wp\/v2\/categories?post=111747"},{"taxonomy":"post_tag","embeddable":true,"href":"https:\/\/www.monaco-tribune.com\/it\/wp-json\/wp\/v2\/tags?post=111747"},{"taxonomy":"sectag","embeddable":true,"href":"https:\/\/www.monaco-tribune.com\/it\/wp-json\/wp\/v2\/post_sectags?post=111747"},{"taxonomy":"format","embeddable":true,"href":"https:\/\/www.monaco-tribune.com\/it\/wp-json\/wp\/v2\/post_format?post=111747"}],"curies":[{"name":"wp","href":"https:\/\/api.w.org\/{rel}","templated":true}]}}