{"id":111752,"date":"2022-02-22T18:25:44","date_gmt":"2022-02-22T17:25:44","guid":{"rendered":"https:\/\/www.monaco-tribune.com\/2022\/02\/3-curiosita-sorprendenti-sul-mega-cantiere-di-mareterra\/"},"modified":"2022-02-23T09:13:58","modified_gmt":"2022-02-23T08:13:58","slug":"3-curiosita-sorprendenti-sul-mega-cantiere-di-mareterra","status":"publish","type":"post","link":"https:\/\/www.monaco-tribune.com\/it\/2022\/02\/3-curiosita-sorprendenti-sul-mega-cantiere-di-mareterra\/","title":{"rendered":"3 curiosit\u00e0 sorprendenti sul mega cantiere di Mareterra"},"content":{"rendered":"\n<p><strong>Con la fine dei lavori prevista per il 2025, l<\/strong><strong>a nuova estensione sul mare \u201cMareterra\u201d \u00e8 un progetto ambizioso e titanico che riserva la sua parte di sorprese.<\/strong><\/p>\n\n\n\n<h2 class=\"has-text-align-center wp-block-heading\" id=\"h-1-six-nouveaux-hectares-gagnes-sur-la-mer\">1. Sei nuovi ettari sottratti al mare<\/h2>\n\n\n\n<p>Per soddisfare la crescente domanda di alloggi, il Principato non aveva altra scelta che ampliare il proprio territorio. Si tratta di un&#8217;estensione di sei ettari, pari al 3% del suolo monegasco, sottratta direttamente al mare dall&#8217;Anse du Portier.<\/p>\n\n\n\n<p>Cinque nuovi edifici di lusso, 14 ville, uno spazio commerciale, un nuovo porto, un parcheggio pubblico con 165 posti e un parco verde, sono solo alcune delle nuove infrastrutture previste. Non \u00e8 la prima volta, per\u00f2, che il Principato si estende sul mare: dall&#8217;inizio del XIX secolo, Monaco ha ampliato del 20% il suo territorio con, in particolare, il quartiere di Fontvieille, che sar\u00e0 presto rinnovato.<\/p>\n\n\n\n<p><strong>LEGGI ANCHE<\/strong>: <a href=\"https:\/\/www.monaco-tribune.com\/it\/2022\/01\/place-princesse-gabriella-promenade-prince-jacques-i-nomi-delle-vie-del-progetto-mareterra\/\">Place Princesse Gabriella, Promenade Prince Jacques\u2026 I nomi delle vie del progetto Mareterra<\/a><\/p>\n\n\n\n<div class=\"wp-block-image\"><figure class=\"aligncenter size-full\"><img loading=\"lazy\" decoding=\"async\" width=\"1020\" height=\"754\" src=\"https:\/\/www.monaco-tribune.com\/wp-content\/uploads\/2022\/02\/anse-du-portier-monaco.jpeg\" alt=\"Anse du Portier Monaco\" class=\"wp-image-111675\" srcset=\"https:\/\/www.monaco-tribune.com\/wp-content\/uploads\/2022\/02\/anse-du-portier-monaco.jpeg 1020w, https:\/\/www.monaco-tribune.com\/wp-content\/uploads\/2022\/02\/anse-du-portier-monaco-406x300.jpeg 406w\" sizes=\"auto, (max-width: 1020px) 100vw, 1020px\" \/><figcaption>\u00a9 Mareterra Monaco<\/figcaption><\/figure><\/div>\n\n\n\n<div class=\"wp-block-image\"><figure class=\"aligncenter size-full\"><img loading=\"lazy\" decoding=\"async\" width=\"1020\" height=\"638\" src=\"https:\/\/www.monaco-tribune.com\/wp-content\/uploads\/2022\/02\/mareterra-monaco.jpeg\" alt=\"Mareterra Monaco\" class=\"wp-image-111679\" srcset=\"https:\/\/www.monaco-tribune.com\/wp-content\/uploads\/2022\/02\/mareterra-monaco.jpeg 1020w, https:\/\/www.monaco-tribune.com\/wp-content\/uploads\/2022\/02\/mareterra-monaco-480x300.jpeg 480w\" sizes=\"auto, (max-width: 1020px) 100vw, 1020px\" \/><figcaption>\u00a9 Mareterra Monaco<\/figcaption><\/figure><\/div>\n\n\n\n<h2 class=\"has-text-align-center wp-block-heading\" id=\"h-2-une-extension-eco-responsable\">2. Un&#8217;estensione ecosostenibile<\/h2>\n\n\n\n<p>Sottrarre ettari al mare s\u00ec, ma a condizione di non mettere in pericolo l&#8217;ambiente marino e in particolare i fondali, <a href=\"https:\/\/www.monaco-tribune.com\/it\/2022\/02\/il-70-del-pianeta-in-70-secondi-il-video-del-principe-alberto-ii-per-il-one-ocean-summit\/\">importantissimi per il Principe Alberto II<\/a>. Per questo motivo gli architetti del progetto hanno optato per una forma curva, in modo da facilitare il flusso della corrente marina. \u201cQ<em>uesta corrente \u00e8 molto importante, perch\u00e9 \u00e8 ci\u00f2 che porta l&#8217;ossigeno. C&#8217;\u00e8 sempre stata un&#8217;idea ecologica alla base del progetto<\/em>\u201d, spiega Denis Valode, dello studio di architettura Valode &amp; Pistre, sul loro sito ufficiale.<\/p>\n\n\n\n<p>I 510 m\u00b2 di Posidonia Oceanica, una erba marina protetta, saranno salvati e verranno create scogliere artificiali per favorire la colonizzazione della nuova costa. Sulla terraferma, gli ideatori del progetto hanno previsto di piantare 800 alberi, creare nidi per uccelli e alberghi per insetti, oltre a 600 metri di pista ciclabile e 19.000 m\u00b2 di area pedonale.<\/p>\n\n\n\n<p>Anche le abitazioni e i giardini saranno pensati all&#8217;insegna dell&#8217;ecologia, con l&#8217;installazione di 9.000 m\u00b2 di pannelli solari, 200 sistemi di ricarica per veicoli elettrici e persino l&#8217;irrigazione automatica in base all&#8217;umidit\u00e0 e alle precipitazioni.<\/p>\n\n\n\n<p><strong>VEDI ANCHE:<\/strong> <a href=\"https:\/\/www.monaco-tribune.com\/it\/2020\/01\/video-il-principato-si-allarga-in-mare\/\"><strong>Video. Il Principato si amplia sul mare<\/strong><\/a><\/p>\n\n\n\n<blockquote class=\"instagram-media\" data-instgrm-permalink=\"https:\/\/www.instagram.com\/p\/CG2zSg4lKoi\/?utm_source=ig_embed&amp;utm_campaign=loading\" data-instgrm-version=\"14\" style=\" background:#FFF; border:0; border-radius:3px; box-shadow:0 0 1px 0 rgba(0,0,0,0.5),0 1px 10px 0 rgba(0,0,0,0.15); margin: 1px; max-width:540px; min-width:326px; padding:0; width:99.375%; width:-webkit-calc(100% - 2px); width:calc(100% - 2px);\"><div style=\"padding:16px;\"> <a href=\"https:\/\/www.instagram.com\/p\/CG2zSg4lKoi\/?utm_source=ig_embed&amp;utm_campaign=loading\" style=\" background:#FFFFFF; line-height:0; padding:0 0; text-align:center; text-decoration:none; width:100%;\" target=\"_blank\" rel=\"noopener\"> <div style=\" display: flex; flex-direction: row; align-items: center;\"> <div style=\"background-color: #F4F4F4; border-radius: 50%; flex-grow: 0; height: 40px; margin-right: 14px; width: 40px;\"><\/div> <div style=\"display: flex; flex-direction: column; flex-grow: 1; justify-content: center;\"> <div style=\" background-color: #F4F4F4; border-radius: 4px; flex-grow: 0; height: 14px; margin-bottom: 6px; width: 100px;\"><\/div> <div style=\" background-color: #F4F4F4; border-radius: 4px; flex-grow: 0; height: 14px; width: 60px;\"><\/div><\/div><\/div><div style=\"padding: 19% 0;\"><\/div> <div style=\"display:block; height:50px; margin:0 auto 12px; width:50px;\"><svg width=\"50px\" height=\"50px\" viewBox=\"0 0 60 60\" version=\"1.1\" xmlns=\"https:\/\/www.w3.org\/2000\/svg\" xmlns:xlink=\"https:\/\/www.w3.org\/1999\/xlink\"><g stroke=\"none\" stroke-width=\"1\" fill=\"none\" fill-rule=\"evenodd\"><g transform=\"translate(-511.000000, -20.000000)\" fill=\"#000000\"><g><path d=\"M556.869,30.41 C554.814,30.41 553.148,32.076 553.148,34.131 C553.148,36.186 554.814,37.852 556.869,37.852 C558.924,37.852 560.59,36.186 560.59,34.131 C560.59,32.076 558.924,30.41 556.869,30.41 M541,60.657 C535.114,60.657 530.342,55.887 530.342,50 C530.342,44.114 535.114,39.342 541,39.342 C546.887,39.342 551.658,44.114 551.658,50 C551.658,55.887 546.887,60.657 541,60.657 M541,33.886 C532.1,33.886 524.886,41.1 524.886,50 C524.886,58.899 532.1,66.113 541,66.113 C549.9,66.113 557.115,58.899 557.115,50 C557.115,41.1 549.9,33.886 541,33.886 M565.378,62.101 C565.244,65.022 564.756,66.606 564.346,67.663 C563.803,69.06 563.154,70.057 562.106,71.106 C561.058,72.155 560.06,72.803 558.662,73.347 C557.607,73.757 556.021,74.244 553.102,74.378 C549.944,74.521 548.997,74.552 541,74.552 C533.003,74.552 532.056,74.521 528.898,74.378 C525.979,74.244 524.393,73.757 523.338,73.347 C521.94,72.803 520.942,72.155 519.894,71.106 C518.846,70.057 518.197,69.06 517.654,67.663 C517.244,66.606 516.755,65.022 516.623,62.101 C516.479,58.943 516.448,57.996 516.448,50 C516.448,42.003 516.479,41.056 516.623,37.899 C516.755,34.978 517.244,33.391 517.654,32.338 C518.197,30.938 518.846,29.942 519.894,28.894 C520.942,27.846 521.94,27.196 523.338,26.654 C524.393,26.244 525.979,25.756 528.898,25.623 C532.057,25.479 533.004,25.448 541,25.448 C548.997,25.448 549.943,25.479 553.102,25.623 C556.021,25.756 557.607,26.244 558.662,26.654 C560.06,27.196 561.058,27.846 562.106,28.894 C563.154,29.942 563.803,30.938 564.346,32.338 C564.756,33.391 565.244,34.978 565.378,37.899 C565.522,41.056 565.552,42.003 565.552,50 C565.552,57.996 565.522,58.943 565.378,62.101 M570.82,37.631 C570.674,34.438 570.167,32.258 569.425,30.349 C568.659,28.377 567.633,26.702 565.965,25.035 C564.297,23.368 562.623,22.342 560.652,21.575 C558.743,20.834 556.562,20.326 553.369,20.18 C550.169,20.033 549.148,20 541,20 C532.853,20 531.831,20.033 528.631,20.18 C525.438,20.326 523.257,20.834 521.349,21.575 C519.376,22.342 517.703,23.368 516.035,25.035 C514.368,26.702 513.342,28.377 512.574,30.349 C511.834,32.258 511.326,34.438 511.181,37.631 C511.035,40.831 511,41.851 511,50 C511,58.147 511.035,59.17 511.181,62.369 C511.326,65.562 511.834,67.743 512.574,69.651 C513.342,71.625 514.368,73.296 516.035,74.965 C517.703,76.634 519.376,77.658 521.349,78.425 C523.257,79.167 525.438,79.673 528.631,79.82 C531.831,79.965 532.853,80.001 541,80.001 C549.148,80.001 550.169,79.965 553.369,79.82 C556.562,79.673 558.743,79.167 560.652,78.425 C562.623,77.658 564.297,76.634 565.965,74.965 C567.633,73.296 568.659,71.625 569.425,69.651 C570.167,67.743 570.674,65.562 570.82,62.369 C570.966,59.17 571,58.147 571,50 C571,41.851 570.966,40.831 570.82,37.631\"><\/path><\/g><\/g><\/g><\/svg><\/div><div style=\"padding-top: 8px;\"> <div style=\" color:#3897f0; font-family:Arial,sans-serif; font-size:14px; font-style:normal; font-weight:550; line-height:18px;\">View this post on Instagram<\/div><\/div><div style=\"padding: 12.5% 0;\"><\/div> <div style=\"display: flex; flex-direction: row; margin-bottom: 14px; align-items: center;\"><div> <div style=\"background-color: #F4F4F4; border-radius: 50%; height: 12.5px; width: 12.5px; transform: translateX(0px) translateY(7px);\"><\/div> <div style=\"background-color: #F4F4F4; height: 12.5px; transform: rotate(-45deg) translateX(3px) translateY(1px); width: 12.5px; flex-grow: 0; margin-right: 14px; margin-left: 2px;\"><\/div> <div style=\"background-color: #F4F4F4; border-radius: 50%; height: 12.5px; width: 12.5px; transform: translateX(9px) translateY(-18px);\"><\/div><\/div><div style=\"margin-left: 8px;\"> <div style=\" background-color: #F4F4F4; border-radius: 50%; flex-grow: 0; height: 20px; width: 20px;\"><\/div> <div style=\" width: 0; height: 0; border-top: 2px solid transparent; border-left: 6px solid #f4f4f4; border-bottom: 2px solid transparent; transform: translateX(16px) translateY(-4px) rotate(30deg)\"><\/div><\/div><div style=\"margin-left: auto;\"> <div style=\" width: 0px; border-top: 8px solid #F4F4F4; border-right: 8px solid transparent; transform: translateY(16px);\"><\/div> <div style=\" background-color: #F4F4F4; flex-grow: 0; height: 12px; width: 16px; transform: translateY(-4px);\"><\/div> <div style=\" width: 0; height: 0; border-top: 8px solid #F4F4F4; border-left: 8px solid transparent; transform: translateY(-4px) translateX(8px);\"><\/div><\/div><\/div> <div style=\"display: flex; flex-direction: column; flex-grow: 1; justify-content: center; margin-bottom: 24px;\"> <div style=\" background-color: #F4F4F4; border-radius: 4px; flex-grow: 0; height: 14px; margin-bottom: 6px; width: 224px;\"><\/div> <div style=\" background-color: #F4F4F4; border-radius: 4px; flex-grow: 0; height: 14px; width: 144px;\"><\/div><\/div><\/a><p style=\" color:#c9c8cd; font-family:Arial,sans-serif; font-size:14px; line-height:17px; margin-bottom:0; margin-top:8px; overflow:hidden; padding:8px 0 7px; text-align:center; text-overflow:ellipsis; white-space:nowrap;\"><a href=\"https:\/\/www.instagram.com\/p\/CG2zSg4lKoi\/?utm_source=ig_embed&amp;utm_campaign=loading\" style=\" color:#c9c8cd; font-family:Arial,sans-serif; font-size:14px; font-style:normal; font-weight:normal; line-height:17px; text-decoration:none;\" target=\"_blank\" rel=\"noopener\">A post shared by Mareterra (@mareterramonaco)<\/a><\/p><\/div><\/blockquote> <script async=\"\" src=\"\/\/www.instagram.com\/embed.js\"><\/script>\n\n\n\n<h2 class=\"has-text-align-center wp-block-heading\" id=\"h-3-plus-de-800-personnes-participent-au-chantier\">3. Pi\u00f9 di 800 persone coinvolte<\/h2>\n\n\n\n<p>Per realizzare un progetto di questa portata, \u00e8 stato necessario mobilitare le truppe! Oggi, sono 800 le persone che lavorano al quartiere, progettato dagli architetti Denis Valode (Valode &amp; Pistre) e Renzo Piano (Renzo Piano Building Workshop), e dal paesaggista Michel Desvigne.<\/p>\n\n\n\n<p>Designer, architetti, ingegneri ed esperti ambientali di fama internazionale collaborano per completare questo nuovo spazio che, come ha dichiarato il Principe Alberto II, \u201c<em>incarna l&#8217;eccellenza e la convivialit\u00e0 di cui il Principato di Monaco va orgoglioso. Mareterra si inserir\u00e0 perfettamente nel nostro litorale e tra qualche anno sar\u00e0 considerato come una naturale estensione del nostro territorio&#8221;.<\/em><\/p>\n\n\n\n<p><strong>LEGGI ANCHE: <a href=\"https:\/\/www.monaco-tribune.com\/it\/2021\/09\/foto-5-cantieri-che-rivoluzioneranno-la-monaco-di-domani\/\">FOTO. 5 cantieri che rivoluzioneranno la Monaco di domani<\/a><\/strong><\/p>\n\n\n\n<div class=\"wp-block-image\"><figure class=\"aligncenter size-full\"><img loading=\"lazy\" decoding=\"async\" width=\"1020\" height=\"671\" src=\"https:\/\/www.monaco-tribune.com\/wp-content\/uploads\/2022\/02\/extension-en-mer-monaco-1-1.png\" alt=\"estensione sul mare Monaco 1 (1)\" class=\"wp-image-111685\" srcset=\"https:\/\/www.monaco-tribune.com\/wp-content\/uploads\/2022\/02\/extension-en-mer-monaco-1-1.png 1020w, https:\/\/www.monaco-tribune.com\/wp-content\/uploads\/2022\/02\/extension-en-mer-monaco-1-1-456x300.png 456w\" sizes=\"auto, (max-width: 1020px) 100vw, 1020px\" \/><figcaption>\u00a9 Mareterra Monaco<\/figcaption><\/figure><\/div>\n","protected":false},"excerpt":{"rendered":"<p>Con la fine dei lavori prevista per il 2025, la nuova estensione sul mare \u201cMareterra\u201d \u00e8 un progetto ambizioso e [&hellip;]<\/p>\n","protected":false},"author":60,"featured_media":111689,"comment_status":"closed","ping_status":"closed","sticky":false,"template":"","format":"standard","meta":{"_acf_changed":false,"footnotes":""},"categories":[1739,1826,1738],"tags":[],"post_sectags":[],"post_format":[2469],"class_list":["post-111752","post","type-post","status-publish","format-standard","has-post-thumbnail","hentry","category-business-it","category-la-nostra-scelta","category-notizie","format-analisi"],"acf":[],"yoast_head":"<!-- This site is optimized with the Yoast SEO Premium plugin v26.8 (Yoast SEO v27.4) - https:\/\/yoast.com\/product\/yoast-seo-premium-wordpress\/ -->\n<title>3 curiosit\u00e0 sorprendenti sul mega cantiere di Mareterra<\/title>\n<meta name=\"description\" content=\"Con la fine dei lavori prevista per il 2025, la nuova estensione sul mare \u201cMareterra\u201d \u00e8 un progetto ambizioso e titanico che riserva la sua parte di\" \/>\n<meta name=\"robots\" content=\"index, follow, max-snippet:-1, max-image-preview:large, max-video-preview:-1\" \/>\n<link rel=\"canonical\" href=\"https:\/\/www.monaco-tribune.com\/it\/2022\/02\/3-curiosita-sorprendenti-sul-mega-cantiere-di-mareterra\/\" \/>\n<meta property=\"og:locale\" content=\"it_IT\" \/>\n<meta property=\"og:type\" content=\"article\" \/>\n<meta property=\"og:title\" content=\"3 curiosit\u00e0 sorprendenti sul mega cantiere di Mareterra - Monaco Tribune\" \/>\n<meta property=\"og:description\" content=\"Con la fine dei lavori prevista per il 2025, la nuova estensione sul mare \u201cMareterra\u201d \u00e8 un progetto ambizioso e titanico che riserva la sua parte di\" \/>\n<meta property=\"og:url\" content=\"https:\/\/www.monaco-tribune.com\/it\/2022\/02\/3-curiosita-sorprendenti-sul-mega-cantiere-di-mareterra\/\" \/>\n<meta property=\"og:site_name\" content=\"Monaco Tribune\" \/>\n<meta property=\"article:publisher\" content=\"https:\/\/www.facebook.com\/MonacoTribune\" \/>\n<meta property=\"article:published_time\" content=\"2022-02-22T17:25:44+00:00\" \/>\n<meta property=\"article:modified_time\" content=\"2022-02-23T08:13:58+00:00\" \/>\n<meta property=\"og:image\" content=\"https:\/\/www.monaco-tribune.com\/wp-content\/uploads\/2022\/02\/extension-en-mer-monaco-quartier-mareterra.jpeg\" \/>\n\t<meta property=\"og:image:width\" content=\"812\" \/>\n\t<meta property=\"og:image:height\" content=\"540\" \/>\n\t<meta property=\"og:image:type\" content=\"image\/jpeg\" \/>\n<meta name=\"author\" content=\"Camille Esteve\" \/>\n<meta name=\"twitter:card\" content=\"summary_large_image\" \/>\n<meta name=\"twitter:creator\" content=\"@MonacoTribune\" \/>\n<meta name=\"twitter:site\" content=\"@MonacoTribune\" \/>\n<script type=\"application\/ld+json\" class=\"yoast-schema-graph\">{\"@context\":\"https:\\\/\\\/schema.org\",\"@graph\":[{\"@type\":\"NewsArticle\",\"@id\":\"https:\\\/\\\/www.monaco-tribune.com\\\/it\\\/2022\\\/02\\\/3-curiosita-sorprendenti-sul-mega-cantiere-di-mareterra\\\/#article\",\"isPartOf\":{\"@id\":\"https:\\\/\\\/www.monaco-tribune.com\\\/it\\\/2022\\\/02\\\/3-curiosita-sorprendenti-sul-mega-cantiere-di-mareterra\\\/\"},\"author\":{\"name\":\"Camille Esteve\",\"@id\":\"https:\\\/\\\/www.monaco-tribune.com\\\/it\\\/#\\\/schema\\\/person\\\/a855d420fff4d03637641d60b93ac62e\"},\"headline\":\"3 curiosit\u00e0 sorprendenti sul mega cantiere di Mareterra\",\"datePublished\":\"2022-02-22T17:25:44+00:00\",\"dateModified\":\"2022-02-23T08:13:58+00:00\",\"mainEntityOfPage\":{\"@id\":\"https:\\\/\\\/www.monaco-tribune.com\\\/it\\\/2022\\\/02\\\/3-curiosita-sorprendenti-sul-mega-cantiere-di-mareterra\\\/\"},\"wordCount\":471,\"publisher\":{\"@id\":\"https:\\\/\\\/www.monaco-tribune.com\\\/it\\\/#organization\"},\"image\":{\"@id\":\"https:\\\/\\\/www.monaco-tribune.com\\\/it\\\/2022\\\/02\\\/3-curiosita-sorprendenti-sul-mega-cantiere-di-mareterra\\\/#primaryimage\"},\"thumbnailUrl\":\"https:\\\/\\\/www.monaco-tribune.com\\\/wp-content\\\/uploads\\\/2022\\\/02\\\/extension-en-mer-monaco-quartier-mareterra.jpeg\",\"articleSection\":[\"Business\",\"La nostra scelta\",\"Notizie\"],\"inLanguage\":\"it-IT\",\"copyrightYear\":\"2022\",\"copyrightHolder\":{\"@id\":\"https:\\\/\\\/www.monaco-tribune.com\\\/#organization\"}},{\"@type\":\"WebPage\",\"@id\":\"https:\\\/\\\/www.monaco-tribune.com\\\/it\\\/2022\\\/02\\\/3-curiosita-sorprendenti-sul-mega-cantiere-di-mareterra\\\/\",\"url\":\"https:\\\/\\\/www.monaco-tribune.com\\\/it\\\/2022\\\/02\\\/3-curiosita-sorprendenti-sul-mega-cantiere-di-mareterra\\\/\",\"name\":\"3 curiosit\u00e0 sorprendenti sul mega cantiere di Mareterra\",\"isPartOf\":{\"@id\":\"https:\\\/\\\/www.monaco-tribune.com\\\/it\\\/#website\"},\"primaryImageOfPage\":{\"@id\":\"https:\\\/\\\/www.monaco-tribune.com\\\/it\\\/2022\\\/02\\\/3-curiosita-sorprendenti-sul-mega-cantiere-di-mareterra\\\/#primaryimage\"},\"image\":{\"@id\":\"https:\\\/\\\/www.monaco-tribune.com\\\/it\\\/2022\\\/02\\\/3-curiosita-sorprendenti-sul-mega-cantiere-di-mareterra\\\/#primaryimage\"},\"thumbnailUrl\":\"https:\\\/\\\/www.monaco-tribune.com\\\/wp-content\\\/uploads\\\/2022\\\/02\\\/extension-en-mer-monaco-quartier-mareterra.jpeg\",\"datePublished\":\"2022-02-22T17:25:44+00:00\",\"dateModified\":\"2022-02-23T08:13:58+00:00\",\"description\":\"Con la fine dei lavori prevista per il 2025, la nuova estensione sul mare \u201cMareterra\u201d \u00e8 un progetto ambizioso e titanico che riserva la sua parte di\",\"breadcrumb\":{\"@id\":\"https:\\\/\\\/www.monaco-tribune.com\\\/it\\\/2022\\\/02\\\/3-curiosita-sorprendenti-sul-mega-cantiere-di-mareterra\\\/#breadcrumb\"},\"inLanguage\":\"it-IT\",\"potentialAction\":[{\"@type\":\"ReadAction\",\"target\":[\"https:\\\/\\\/www.monaco-tribune.com\\\/it\\\/2022\\\/02\\\/3-curiosita-sorprendenti-sul-mega-cantiere-di-mareterra\\\/\"]}]},{\"@type\":\"ImageObject\",\"inLanguage\":\"it-IT\",\"@id\":\"https:\\\/\\\/www.monaco-tribune.com\\\/it\\\/2022\\\/02\\\/3-curiosita-sorprendenti-sul-mega-cantiere-di-mareterra\\\/#primaryimage\",\"url\":\"https:\\\/\\\/www.monaco-tribune.com\\\/wp-content\\\/uploads\\\/2022\\\/02\\\/extension-en-mer-monaco-quartier-mareterra.jpeg\",\"contentUrl\":\"https:\\\/\\\/www.monaco-tribune.com\\\/wp-content\\\/uploads\\\/2022\\\/02\\\/extension-en-mer-monaco-quartier-mareterra.jpeg\",\"width\":812,\"height\":540,\"caption\":\"Mareterra Monaco\"},{\"@type\":\"BreadcrumbList\",\"@id\":\"https:\\\/\\\/www.monaco-tribune.com\\\/it\\\/2022\\\/02\\\/3-curiosita-sorprendenti-sul-mega-cantiere-di-mareterra\\\/#breadcrumb\",\"itemListElement\":[{\"@type\":\"ListItem\",\"position\":1,\"name\":\"Accueil\",\"item\":\"https:\\\/\\\/www.monaco-tribune.com\\\/it\\\/\"},{\"@type\":\"ListItem\",\"position\":2,\"name\":\"3 curiosit\u00e0 sorprendenti sul mega cantiere di Mareterra\"}]},{\"@type\":\"WebSite\",\"@id\":\"https:\\\/\\\/www.monaco-tribune.com\\\/it\\\/#website\",\"url\":\"https:\\\/\\\/www.monaco-tribune.com\\\/it\\\/\",\"name\":\"Monaco Tribune\",\"description\":\"Monaco : actualit\u00e9s \u00e9conomiques, politiques, culturelles et sportives de Monaco et de la French Riviera.\",\"publisher\":{\"@id\":\"https:\\\/\\\/www.monaco-tribune.com\\\/it\\\/#organization\"},\"potentialAction\":[{\"@type\":\"SearchAction\",\"target\":{\"@type\":\"EntryPoint\",\"urlTemplate\":\"https:\\\/\\\/www.monaco-tribune.com\\\/it\\\/?s={search_term_string}\"},\"query-input\":{\"@type\":\"PropertyValueSpecification\",\"valueRequired\":true,\"valueName\":\"search_term_string\"}}],\"inLanguage\":\"it-IT\"},{\"@type\":\"Organization\",\"@id\":\"https:\\\/\\\/www.monaco-tribune.com\\\/it\\\/#organization\",\"name\":\"Monaco Tribune\",\"url\":\"https:\\\/\\\/www.monaco-tribune.com\\\/it\\\/\",\"logo\":{\"@type\":\"ImageObject\",\"inLanguage\":\"it-IT\",\"@id\":\"https:\\\/\\\/www.monaco-tribune.com\\\/it\\\/#\\\/schema\\\/logo\\\/image\\\/\",\"url\":\"https:\\\/\\\/www.monaco-tribune.com\\\/wp-content\\\/uploads\\\/2022\\\/11\\\/logo-monaco-tribune.png\",\"contentUrl\":\"https:\\\/\\\/www.monaco-tribune.com\\\/wp-content\\\/uploads\\\/2022\\\/11\\\/logo-monaco-tribune.png\",\"width\":1548,\"height\":600,\"caption\":\"Monaco Tribune\"},\"image\":{\"@id\":\"https:\\\/\\\/www.monaco-tribune.com\\\/it\\\/#\\\/schema\\\/logo\\\/image\\\/\"},\"sameAs\":[\"https:\\\/\\\/www.facebook.com\\\/MonacoTribune\",\"https:\\\/\\\/x.com\\\/MonacoTribune\",\"https:\\\/\\\/www.instagram.com\\\/monacotribune\\\/\",\"https:\\\/\\\/www.linkedin.com\\\/company\\\/monaco-tribune\",\"https:\\\/\\\/www.youtube.com\\\/channel\\\/UCHle1MnG6hw1y4lWKijVbMA\"]},{\"@type\":\"Person\",\"@id\":\"https:\\\/\\\/www.monaco-tribune.com\\\/it\\\/#\\\/schema\\\/person\\\/a855d420fff4d03637641d60b93ac62e\",\"name\":\"Camille Esteve\",\"image\":{\"@type\":\"ImageObject\",\"inLanguage\":\"it-IT\",\"@id\":\"https:\\\/\\\/secure.gravatar.com\\\/avatar\\\/eaaa2355a7bb56c0018a391c20a55bf9b4690e3f493231dd850e612bfa6ce161?s=96&d=mm&r=g\",\"url\":\"https:\\\/\\\/secure.gravatar.com\\\/avatar\\\/eaaa2355a7bb56c0018a391c20a55bf9b4690e3f493231dd850e612bfa6ce161?s=96&d=mm&r=g\",\"contentUrl\":\"https:\\\/\\\/secure.gravatar.com\\\/avatar\\\/eaaa2355a7bb56c0018a391c20a55bf9b4690e3f493231dd850e612bfa6ce161?s=96&d=mm&r=g\",\"caption\":\"Camille Esteve\"},\"url\":\"https:\\\/\\\/www.monaco-tribune.com\\\/it\\\/author\\\/camilleesteve\\\/\"}]}<\/script>\n<!-- \/ Yoast SEO Premium plugin. -->","yoast_head_json":{"title":"3 curiosit\u00e0 sorprendenti sul mega cantiere di Mareterra","description":"Con la fine dei lavori prevista per il 2025, la nuova estensione sul mare \u201cMareterra\u201d \u00e8 un progetto ambizioso e titanico che riserva la sua parte di","robots":{"index":"index","follow":"follow","max-snippet":"max-snippet:-1","max-image-preview":"max-image-preview:large","max-video-preview":"max-video-preview:-1"},"canonical":"https:\/\/www.monaco-tribune.com\/it\/2022\/02\/3-curiosita-sorprendenti-sul-mega-cantiere-di-mareterra\/","og_locale":"it_IT","og_type":"article","og_title":"3 curiosit\u00e0 sorprendenti sul mega cantiere di Mareterra - Monaco Tribune","og_description":"Con la fine dei lavori prevista per il 2025, la nuova estensione sul mare \u201cMareterra\u201d \u00e8 un progetto ambizioso e titanico che riserva la sua parte di","og_url":"https:\/\/www.monaco-tribune.com\/it\/2022\/02\/3-curiosita-sorprendenti-sul-mega-cantiere-di-mareterra\/","og_site_name":"Monaco Tribune","article_publisher":"https:\/\/www.facebook.com\/MonacoTribune","article_published_time":"2022-02-22T17:25:44+00:00","article_modified_time":"2022-02-23T08:13:58+00:00","og_image":[{"width":812,"height":540,"url":"https:\/\/www.monaco-tribune.com\/wp-content\/uploads\/2022\/02\/extension-en-mer-monaco-quartier-mareterra.jpeg","type":"image\/jpeg"}],"author":"Camille Esteve","twitter_card":"summary_large_image","twitter_creator":"@MonacoTribune","twitter_site":"@MonacoTribune","schema":{"@context":"https:\/\/schema.org","@graph":[{"@type":"NewsArticle","@id":"https:\/\/www.monaco-tribune.com\/it\/2022\/02\/3-curiosita-sorprendenti-sul-mega-cantiere-di-mareterra\/#article","isPartOf":{"@id":"https:\/\/www.monaco-tribune.com\/it\/2022\/02\/3-curiosita-sorprendenti-sul-mega-cantiere-di-mareterra\/"},"author":{"name":"Camille Esteve","@id":"https:\/\/www.monaco-tribune.com\/it\/#\/schema\/person\/a855d420fff4d03637641d60b93ac62e"},"headline":"3 curiosit\u00e0 sorprendenti sul mega cantiere di Mareterra","datePublished":"2022-02-22T17:25:44+00:00","dateModified":"2022-02-23T08:13:58+00:00","mainEntityOfPage":{"@id":"https:\/\/www.monaco-tribune.com\/it\/2022\/02\/3-curiosita-sorprendenti-sul-mega-cantiere-di-mareterra\/"},"wordCount":471,"publisher":{"@id":"https:\/\/www.monaco-tribune.com\/it\/#organization"},"image":{"@id":"https:\/\/www.monaco-tribune.com\/it\/2022\/02\/3-curiosita-sorprendenti-sul-mega-cantiere-di-mareterra\/#primaryimage"},"thumbnailUrl":"https:\/\/www.monaco-tribune.com\/wp-content\/uploads\/2022\/02\/extension-en-mer-monaco-quartier-mareterra.jpeg","articleSection":["Business","La nostra scelta","Notizie"],"inLanguage":"it-IT","copyrightYear":"2022","copyrightHolder":{"@id":"https:\/\/www.monaco-tribune.com\/#organization"}},{"@type":"WebPage","@id":"https:\/\/www.monaco-tribune.com\/it\/2022\/02\/3-curiosita-sorprendenti-sul-mega-cantiere-di-mareterra\/","url":"https:\/\/www.monaco-tribune.com\/it\/2022\/02\/3-curiosita-sorprendenti-sul-mega-cantiere-di-mareterra\/","name":"3 curiosit\u00e0 sorprendenti sul mega cantiere di Mareterra","isPartOf":{"@id":"https:\/\/www.monaco-tribune.com\/it\/#website"},"primaryImageOfPage":{"@id":"https:\/\/www.monaco-tribune.com\/it\/2022\/02\/3-curiosita-sorprendenti-sul-mega-cantiere-di-mareterra\/#primaryimage"},"image":{"@id":"https:\/\/www.monaco-tribune.com\/it\/2022\/02\/3-curiosita-sorprendenti-sul-mega-cantiere-di-mareterra\/#primaryimage"},"thumbnailUrl":"https:\/\/www.monaco-tribune.com\/wp-content\/uploads\/2022\/02\/extension-en-mer-monaco-quartier-mareterra.jpeg","datePublished":"2022-02-22T17:25:44+00:00","dateModified":"2022-02-23T08:13:58+00:00","description":"Con la fine dei lavori prevista per il 2025, la nuova estensione sul mare \u201cMareterra\u201d \u00e8 un progetto ambizioso e titanico che riserva la sua parte di","breadcrumb":{"@id":"https:\/\/www.monaco-tribune.com\/it\/2022\/02\/3-curiosita-sorprendenti-sul-mega-cantiere-di-mareterra\/#breadcrumb"},"inLanguage":"it-IT","potentialAction":[{"@type":"ReadAction","target":["https:\/\/www.monaco-tribune.com\/it\/2022\/02\/3-curiosita-sorprendenti-sul-mega-cantiere-di-mareterra\/"]}]},{"@type":"ImageObject","inLanguage":"it-IT","@id":"https:\/\/www.monaco-tribune.com\/it\/2022\/02\/3-curiosita-sorprendenti-sul-mega-cantiere-di-mareterra\/#primaryimage","url":"https:\/\/www.monaco-tribune.com\/wp-content\/uploads\/2022\/02\/extension-en-mer-monaco-quartier-mareterra.jpeg","contentUrl":"https:\/\/www.monaco-tribune.com\/wp-content\/uploads\/2022\/02\/extension-en-mer-monaco-quartier-mareterra.jpeg","width":812,"height":540,"caption":"Mareterra Monaco"},{"@type":"BreadcrumbList","@id":"https:\/\/www.monaco-tribune.com\/it\/2022\/02\/3-curiosita-sorprendenti-sul-mega-cantiere-di-mareterra\/#breadcrumb","itemListElement":[{"@type":"ListItem","position":1,"name":"Accueil","item":"https:\/\/www.monaco-tribune.com\/it\/"},{"@type":"ListItem","position":2,"name":"3 curiosit\u00e0 sorprendenti sul mega cantiere di Mareterra"}]},{"@type":"WebSite","@id":"https:\/\/www.monaco-tribune.com\/it\/#website","url":"https:\/\/www.monaco-tribune.com\/it\/","name":"Monaco Tribune","description":"Monaco : actualit\u00e9s \u00e9conomiques, politiques, culturelles et sportives de Monaco et de la French Riviera.","publisher":{"@id":"https:\/\/www.monaco-tribune.com\/it\/#organization"},"potentialAction":[{"@type":"SearchAction","target":{"@type":"EntryPoint","urlTemplate":"https:\/\/www.monaco-tribune.com\/it\/?s={search_term_string}"},"query-input":{"@type":"PropertyValueSpecification","valueRequired":true,"valueName":"search_term_string"}}],"inLanguage":"it-IT"},{"@type":"Organization","@id":"https:\/\/www.monaco-tribune.com\/it\/#organization","name":"Monaco Tribune","url":"https:\/\/www.monaco-tribune.com\/it\/","logo":{"@type":"ImageObject","inLanguage":"it-IT","@id":"https:\/\/www.monaco-tribune.com\/it\/#\/schema\/logo\/image\/","url":"https:\/\/www.monaco-tribune.com\/wp-content\/uploads\/2022\/11\/logo-monaco-tribune.png","contentUrl":"https:\/\/www.monaco-tribune.com\/wp-content\/uploads\/2022\/11\/logo-monaco-tribune.png","width":1548,"height":600,"caption":"Monaco Tribune"},"image":{"@id":"https:\/\/www.monaco-tribune.com\/it\/#\/schema\/logo\/image\/"},"sameAs":["https:\/\/www.facebook.com\/MonacoTribune","https:\/\/x.com\/MonacoTribune","https:\/\/www.instagram.com\/monacotribune\/","https:\/\/www.linkedin.com\/company\/monaco-tribune","https:\/\/www.youtube.com\/channel\/UCHle1MnG6hw1y4lWKijVbMA"]},{"@type":"Person","@id":"https:\/\/www.monaco-tribune.com\/it\/#\/schema\/person\/a855d420fff4d03637641d60b93ac62e","name":"Camille Esteve","image":{"@type":"ImageObject","inLanguage":"it-IT","@id":"https:\/\/secure.gravatar.com\/avatar\/eaaa2355a7bb56c0018a391c20a55bf9b4690e3f493231dd850e612bfa6ce161?s=96&d=mm&r=g","url":"https:\/\/secure.gravatar.com\/avatar\/eaaa2355a7bb56c0018a391c20a55bf9b4690e3f493231dd850e612bfa6ce161?s=96&d=mm&r=g","contentUrl":"https:\/\/secure.gravatar.com\/avatar\/eaaa2355a7bb56c0018a391c20a55bf9b4690e3f493231dd850e612bfa6ce161?s=96&d=mm&r=g","caption":"Camille Esteve"},"url":"https:\/\/www.monaco-tribune.com\/it\/author\/camilleesteve\/"}]}},"_links":{"self":[{"href":"https:\/\/www.monaco-tribune.com\/it\/wp-json\/wp\/v2\/posts\/111752","targetHints":{"allow":["GET"]}}],"collection":[{"href":"https:\/\/www.monaco-tribune.com\/it\/wp-json\/wp\/v2\/posts"}],"about":[{"href":"https:\/\/www.monaco-tribune.com\/it\/wp-json\/wp\/v2\/types\/post"}],"author":[{"embeddable":true,"href":"https:\/\/www.monaco-tribune.com\/it\/wp-json\/wp\/v2\/users\/60"}],"replies":[{"embeddable":true,"href":"https:\/\/www.monaco-tribune.com\/it\/wp-json\/wp\/v2\/comments?post=111752"}],"version-history":[{"count":0,"href":"https:\/\/www.monaco-tribune.com\/it\/wp-json\/wp\/v2\/posts\/111752\/revisions"}],"wp:featuredmedia":[{"embeddable":true,"href":"https:\/\/www.monaco-tribune.com\/it\/wp-json\/wp\/v2\/media\/111689"}],"wp:attachment":[{"href":"https:\/\/www.monaco-tribune.com\/it\/wp-json\/wp\/v2\/media?parent=111752"}],"wp:term":[{"taxonomy":"category","embeddable":true,"href":"https:\/\/www.monaco-tribune.com\/it\/wp-json\/wp\/v2\/categories?post=111752"},{"taxonomy":"post_tag","embeddable":true,"href":"https:\/\/www.monaco-tribune.com\/it\/wp-json\/wp\/v2\/tags?post=111752"},{"taxonomy":"sectag","embeddable":true,"href":"https:\/\/www.monaco-tribune.com\/it\/wp-json\/wp\/v2\/post_sectags?post=111752"},{"taxonomy":"format","embeddable":true,"href":"https:\/\/www.monaco-tribune.com\/it\/wp-json\/wp\/v2\/post_format?post=111752"}],"curies":[{"name":"wp","href":"https:\/\/api.w.org\/{rel}","templated":true}]}}