{"id":112364,"date":"2022-02-28T11:22:42","date_gmt":"2022-02-28T10:22:42","guid":{"rendered":"https:\/\/www.monaco-tribune.com\/2022\/02\/il-governo-del-principe-allenta-ancora-le-misure-sanitarie\/"},"modified":"2022-02-28T11:22:51","modified_gmt":"2022-02-28T10:22:51","slug":"il-governo-del-principe-allenta-ancora-le-misure-sanitarie","status":"publish","type":"post","link":"https:\/\/www.monaco-tribune.com\/it\/2022\/02\/il-governo-del-principe-allenta-ancora-le-misure-sanitarie\/","title":{"rendered":"Il Governo del Principe allenta ancora le misure sanitarie"},"content":{"rendered":"\n<p><strong>A partire da luned\u00ec, per alcuni dipendenti il pass sanitario non sar\u00e0 pi\u00f9 obbligatorio.<\/strong><\/p>\n\n<p>Sembrerebbe un momento di quiete. Visto il calo del tasso d&#8217;incidenza nel Principato e\u00a0a sole due settimane dalla<a href=\"https:\/\/www.monaco-tribune.com\/it\/2022\/02\/allentamento-delle-misure-sanitarie-nel-principato\/\"> fine dell&#8217;obbligo di mascherine all&#8217;aperto<\/a>, venerd\u00ec il Governo del Principe ha annunciato l&#8217;alleggerimento di altre misure sanitarie, anche se invita sempre alla prudenza. Le seguenti decisioni entreranno in vigore da luned\u00ec 28 febbraio:<\/p>\n\n<ul class=\"wp-block-list\"><li>Niente pi\u00f9 pass sanitario obbligatorio per gli impiegati che occupano ruoli dominanti nel settore dei trasporti, delle telecomunicazioni, in quello bancario e in altre attivit\u00e0 giudicate essenziali. Il pass vaccinale non \u00e8 preso in considerazione<\/li><li>Niente pi\u00f9 mascherine obbligatorie nelle scuole durante la ricreazione e l&#8217;educazione fisica all&#8217;interno. Nelle classi verranno testati i purificatori d&#8217;aria<\/li><li>Ritornano la consumazione al bancone di bar e ristoranti e il servizio di guardaroba<\/li><li>Ritorna la possibilit\u00e0 di consumare cibo e bevande al cinema e allo stadio<\/li><li>Le pause caff\u00e8 e altri momenti conviviali tra colleghi sono ora consentiti<\/li><li>Riprendono gli sport di combattimento e di contatto<\/li><\/ul>\n\n<p>Dal 5 marzo, il telelavoro non sar\u00e0 pi\u00f9 obbligatorio a Monaco, anche se resta consigliato secondo le possibilit\u00e0 del datore di lavoro. Era proprio questa una delle richieste avanzate dal Consiglio Nazionale venerd\u00ec mattina. Per quanto riguarda l&#8217;eliminazione delle mascherine in classe per gli alunni seduti, invece, bisogner\u00e0 attendere ancora un po&#8217;. Stesso discorso vale per le discoteche, che restano ancora chiuse.<\/p>\n\n<h2 class=\"wp-block-heading\" id=\"h-bientot-la-fin-du-pass-sanitaire-en-principaute\">Verso la fine del pass sanitario nel Principato?<\/h2>\n\n<p>Il Consiglio nazionale ha inoltre chiesto la sospensione del pass sanitario nel Principato per i monegaschi, i dipendenti e i residenti, in caso di tasso d&#8217;incidenza inferiore o pari a 300 casi positivi per 100.000 abitanti. Per il momento, il tasso, che \u00e8 calato del 30% in una settimana, \u00e8 di 430 casi a Monaco e 719 nelle Alpi Marittime, secondo quanto riportato da <a href=\"https:\/\/covidtracker.fr\/dashboard-departements\/?dep=06\">covidtracker<\/a>.<\/p>\n\n<p>Contemporaneamente, la Francia si appresta a fare un grande passo: da luned\u00ec 28 febbraio, il protocollo sanitario sar\u00e0 allentato nelle scuole e la mascherina non sar\u00e0 pi\u00f9 obbligatoria nei luoghi al chiuso in cui \u00e8 richiesto il pass vaccinale, come cinema, teatri o musei. Secondo il Ministro della Salute Olivier V\u00e9ran, il pass potrebbe essere anche del tutto eliminato nell&#8217;esagono a condizione che il tasso d&#8217;incidenza e la pressione ospedaliera restino bassi.<\/p>\n","protected":false},"excerpt":{"rendered":"<p>A partire da luned\u00ec, per alcuni dipendenti il pass sanitario non sar\u00e0 pi\u00f9 obbligatorio. Sembrerebbe un momento di quiete. Visto [&hellip;]<\/p>\n","protected":false},"author":60,"featured_media":112286,"comment_status":"closed","ping_status":"closed","sticky":false,"template":"","format":"standard","meta":{"_acf_changed":false,"footnotes":""},"categories":[1826,1738,1752],"tags":[2886],"post_sectags":[],"post_format":[2478],"class_list":["post-112364","post","type-post","status-publish","format-standard","has-post-thumbnail","hentry","category-la-nostra-scelta","category-notizie","category-societa","tag-covid-19-it","format-notizia"],"acf":[],"yoast_head":"<!-- This site is optimized with the Yoast SEO Premium plugin v27.5 (Yoast SEO v27.5) - https:\/\/yoast.com\/product\/yoast-seo-premium-wordpress\/ -->\n<title>Il Governo del Principe allenta ancora le misure sanitarie<\/title>\n<meta name=\"description\" content=\"A partire da luned\u00ec, per alcuni dipendenti il pass sanitario non sar\u00e0 pi\u00f9 obbligatorio. Sembrerebbe un momento di quiete. Visto il calo del tasso\" \/>\n<meta name=\"robots\" content=\"index, follow, max-snippet:-1, max-image-preview:large, max-video-preview:-1\" \/>\n<link rel=\"canonical\" href=\"https:\/\/www.monaco-tribune.com\/it\/2022\/02\/il-governo-del-principe-allenta-ancora-le-misure-sanitarie\/\" \/>\n<meta property=\"og:locale\" content=\"it_IT\" \/>\n<meta property=\"og:type\" content=\"article\" \/>\n<meta property=\"og:title\" content=\"Il Governo del Principe allenta ancora le misure sanitarie - Monaco Tribune\" \/>\n<meta property=\"og:description\" content=\"A partire da luned\u00ec, per alcuni dipendenti il pass sanitario non sar\u00e0 pi\u00f9 obbligatorio. Sembrerebbe un momento di quiete. Visto il calo del tasso\" \/>\n<meta property=\"og:url\" content=\"https:\/\/www.monaco-tribune.com\/it\/2022\/02\/il-governo-del-principe-allenta-ancora-le-misure-sanitarie\/\" \/>\n<meta property=\"og:site_name\" content=\"Monaco Tribune\" \/>\n<meta property=\"article:publisher\" content=\"https:\/\/www.facebook.com\/MonacoTribune\" \/>\n<meta property=\"article:published_time\" content=\"2022-02-28T10:22:42+00:00\" \/>\n<meta property=\"article:modified_time\" content=\"2022-02-28T10:22:51+00:00\" \/>\n<meta property=\"og:image\" content=\"https:\/\/www.monaco-tribune.com\/wp-content\/uploads\/2022\/02\/pass-sanitaire-monaco.jpeg\" \/>\n\t<meta property=\"og:image:width\" content=\"1020\" \/>\n\t<meta property=\"og:image:height\" content=\"680\" \/>\n\t<meta property=\"og:image:type\" content=\"image\/jpeg\" \/>\n<meta name=\"author\" content=\"Camille Esteve\" \/>\n<meta name=\"twitter:card\" content=\"summary_large_image\" \/>\n<meta name=\"twitter:creator\" content=\"@MonacoTribune\" \/>\n<meta name=\"twitter:site\" content=\"@MonacoTribune\" \/>\n<script type=\"application\/ld+json\" class=\"yoast-schema-graph\">{\"@context\":\"https:\\\/\\\/schema.org\",\"@graph\":[{\"@type\":\"NewsArticle\",\"@id\":\"https:\\\/\\\/www.monaco-tribune.com\\\/it\\\/2022\\\/02\\\/il-governo-del-principe-allenta-ancora-le-misure-sanitarie\\\/#article\",\"isPartOf\":{\"@id\":\"https:\\\/\\\/www.monaco-tribune.com\\\/it\\\/2022\\\/02\\\/il-governo-del-principe-allenta-ancora-le-misure-sanitarie\\\/\"},\"author\":{\"name\":\"Camille Esteve\",\"@id\":\"https:\\\/\\\/www.monaco-tribune.com\\\/it\\\/#\\\/schema\\\/person\\\/a855d420fff4d03637641d60b93ac62e\"},\"headline\":\"Il Governo del Principe allenta ancora le misure sanitarie\",\"datePublished\":\"2022-02-28T10:22:42+00:00\",\"dateModified\":\"2022-02-28T10:22:51+00:00\",\"mainEntityOfPage\":{\"@id\":\"https:\\\/\\\/www.monaco-tribune.com\\\/it\\\/2022\\\/02\\\/il-governo-del-principe-allenta-ancora-le-misure-sanitarie\\\/\"},\"wordCount\":384,\"publisher\":{\"@id\":\"https:\\\/\\\/www.monaco-tribune.com\\\/it\\\/#organization\"},\"image\":{\"@id\":\"https:\\\/\\\/www.monaco-tribune.com\\\/it\\\/2022\\\/02\\\/il-governo-del-principe-allenta-ancora-le-misure-sanitarie\\\/#primaryimage\"},\"thumbnailUrl\":\"https:\\\/\\\/www.monaco-tribune.com\\\/wp-content\\\/uploads\\\/2022\\\/02\\\/pass-sanitaire-monaco.jpeg\",\"keywords\":[\"Covid-19\"],\"articleSection\":[\"La nostra scelta\",\"Notizie\",\"Societ\u00e0\"],\"inLanguage\":\"it-IT\",\"copyrightYear\":\"2022\",\"copyrightHolder\":{\"@id\":\"https:\\\/\\\/www.monaco-tribune.com\\\/#organization\"}},{\"@type\":\"WebPage\",\"@id\":\"https:\\\/\\\/www.monaco-tribune.com\\\/it\\\/2022\\\/02\\\/il-governo-del-principe-allenta-ancora-le-misure-sanitarie\\\/\",\"url\":\"https:\\\/\\\/www.monaco-tribune.com\\\/it\\\/2022\\\/02\\\/il-governo-del-principe-allenta-ancora-le-misure-sanitarie\\\/\",\"name\":\"Il Governo del Principe allenta ancora le misure sanitarie\",\"isPartOf\":{\"@id\":\"https:\\\/\\\/www.monaco-tribune.com\\\/it\\\/#website\"},\"primaryImageOfPage\":{\"@id\":\"https:\\\/\\\/www.monaco-tribune.com\\\/it\\\/2022\\\/02\\\/il-governo-del-principe-allenta-ancora-le-misure-sanitarie\\\/#primaryimage\"},\"image\":{\"@id\":\"https:\\\/\\\/www.monaco-tribune.com\\\/it\\\/2022\\\/02\\\/il-governo-del-principe-allenta-ancora-le-misure-sanitarie\\\/#primaryimage\"},\"thumbnailUrl\":\"https:\\\/\\\/www.monaco-tribune.com\\\/wp-content\\\/uploads\\\/2022\\\/02\\\/pass-sanitaire-monaco.jpeg\",\"datePublished\":\"2022-02-28T10:22:42+00:00\",\"dateModified\":\"2022-02-28T10:22:51+00:00\",\"description\":\"A partire da luned\u00ec, per alcuni dipendenti il pass sanitario non sar\u00e0 pi\u00f9 obbligatorio. Sembrerebbe un momento di quiete. Visto il calo del tasso\",\"breadcrumb\":{\"@id\":\"https:\\\/\\\/www.monaco-tribune.com\\\/it\\\/2022\\\/02\\\/il-governo-del-principe-allenta-ancora-le-misure-sanitarie\\\/#breadcrumb\"},\"inLanguage\":\"it-IT\",\"potentialAction\":[{\"@type\":\"ReadAction\",\"target\":[\"https:\\\/\\\/www.monaco-tribune.com\\\/it\\\/2022\\\/02\\\/il-governo-del-principe-allenta-ancora-le-misure-sanitarie\\\/\"]}]},{\"@type\":\"ImageObject\",\"inLanguage\":\"it-IT\",\"@id\":\"https:\\\/\\\/www.monaco-tribune.com\\\/it\\\/2022\\\/02\\\/il-governo-del-principe-allenta-ancora-le-misure-sanitarie\\\/#primaryimage\",\"url\":\"https:\\\/\\\/www.monaco-tribune.com\\\/wp-content\\\/uploads\\\/2022\\\/02\\\/pass-sanitaire-monaco.jpeg\",\"contentUrl\":\"https:\\\/\\\/www.monaco-tribune.com\\\/wp-content\\\/uploads\\\/2022\\\/02\\\/pass-sanitaire-monaco.jpeg\",\"width\":1020,\"height\":680,\"caption\":\"Direzione della Comunicazione \\\/ Stephane Danna\"},{\"@type\":\"BreadcrumbList\",\"@id\":\"https:\\\/\\\/www.monaco-tribune.com\\\/it\\\/2022\\\/02\\\/il-governo-del-principe-allenta-ancora-le-misure-sanitarie\\\/#breadcrumb\",\"itemListElement\":[{\"@type\":\"ListItem\",\"position\":1,\"name\":\"Accueil\",\"item\":\"https:\\\/\\\/www.monaco-tribune.com\\\/it\\\/\"},{\"@type\":\"ListItem\",\"position\":2,\"name\":\"Il Governo del Principe allenta ancora le misure sanitarie\"}]},{\"@type\":\"WebSite\",\"@id\":\"https:\\\/\\\/www.monaco-tribune.com\\\/it\\\/#website\",\"url\":\"https:\\\/\\\/www.monaco-tribune.com\\\/it\\\/\",\"name\":\"Monaco Tribune\",\"description\":\"Monaco : actualit\u00e9s \u00e9conomiques, politiques, culturelles et sportives de Monaco et de la French Riviera.\",\"publisher\":{\"@id\":\"https:\\\/\\\/www.monaco-tribune.com\\\/it\\\/#organization\"},\"potentialAction\":[{\"@type\":\"SearchAction\",\"target\":{\"@type\":\"EntryPoint\",\"urlTemplate\":\"https:\\\/\\\/www.monaco-tribune.com\\\/it\\\/?s={search_term_string}\"},\"query-input\":{\"@type\":\"PropertyValueSpecification\",\"valueRequired\":true,\"valueName\":\"search_term_string\"}}],\"inLanguage\":\"it-IT\"},{\"@type\":\"Organization\",\"@id\":\"https:\\\/\\\/www.monaco-tribune.com\\\/it\\\/#organization\",\"name\":\"Monaco Tribune\",\"url\":\"https:\\\/\\\/www.monaco-tribune.com\\\/it\\\/\",\"logo\":{\"@type\":\"ImageObject\",\"inLanguage\":\"it-IT\",\"@id\":\"https:\\\/\\\/www.monaco-tribune.com\\\/it\\\/#\\\/schema\\\/logo\\\/image\\\/\",\"url\":\"https:\\\/\\\/www.monaco-tribune.com\\\/wp-content\\\/uploads\\\/2022\\\/11\\\/logo-monaco-tribune.png\",\"contentUrl\":\"https:\\\/\\\/www.monaco-tribune.com\\\/wp-content\\\/uploads\\\/2022\\\/11\\\/logo-monaco-tribune.png\",\"width\":1548,\"height\":600,\"caption\":\"Monaco Tribune\"},\"image\":{\"@id\":\"https:\\\/\\\/www.monaco-tribune.com\\\/it\\\/#\\\/schema\\\/logo\\\/image\\\/\"},\"sameAs\":[\"https:\\\/\\\/www.facebook.com\\\/MonacoTribune\",\"https:\\\/\\\/x.com\\\/MonacoTribune\",\"https:\\\/\\\/www.instagram.com\\\/monacotribune\\\/\",\"https:\\\/\\\/www.linkedin.com\\\/company\\\/monaco-tribune\",\"https:\\\/\\\/www.youtube.com\\\/channel\\\/UCHle1MnG6hw1y4lWKijVbMA\"]},{\"@type\":\"Person\",\"@id\":\"https:\\\/\\\/www.monaco-tribune.com\\\/it\\\/#\\\/schema\\\/person\\\/a855d420fff4d03637641d60b93ac62e\",\"name\":\"Camille Esteve\",\"image\":{\"@type\":\"ImageObject\",\"inLanguage\":\"it-IT\",\"@id\":\"https:\\\/\\\/secure.gravatar.com\\\/avatar\\\/eaaa2355a7bb56c0018a391c20a55bf9b4690e3f493231dd850e612bfa6ce161?s=96&d=mm&r=g\",\"url\":\"https:\\\/\\\/secure.gravatar.com\\\/avatar\\\/eaaa2355a7bb56c0018a391c20a55bf9b4690e3f493231dd850e612bfa6ce161?s=96&d=mm&r=g\",\"contentUrl\":\"https:\\\/\\\/secure.gravatar.com\\\/avatar\\\/eaaa2355a7bb56c0018a391c20a55bf9b4690e3f493231dd850e612bfa6ce161?s=96&d=mm&r=g\",\"caption\":\"Camille Esteve\"},\"url\":\"https:\\\/\\\/www.monaco-tribune.com\\\/it\\\/author\\\/camilleesteve\\\/\"}]}<\/script>\n<!-- \/ Yoast SEO Premium plugin. -->","yoast_head_json":{"title":"Il Governo del Principe allenta ancora le misure sanitarie","description":"A partire da luned\u00ec, per alcuni dipendenti il pass sanitario non sar\u00e0 pi\u00f9 obbligatorio. Sembrerebbe un momento di quiete. Visto il calo del tasso","robots":{"index":"index","follow":"follow","max-snippet":"max-snippet:-1","max-image-preview":"max-image-preview:large","max-video-preview":"max-video-preview:-1"},"canonical":"https:\/\/www.monaco-tribune.com\/it\/2022\/02\/il-governo-del-principe-allenta-ancora-le-misure-sanitarie\/","og_locale":"it_IT","og_type":"article","og_title":"Il Governo del Principe allenta ancora le misure sanitarie - Monaco Tribune","og_description":"A partire da luned\u00ec, per alcuni dipendenti il pass sanitario non sar\u00e0 pi\u00f9 obbligatorio. Sembrerebbe un momento di quiete. Visto il calo del tasso","og_url":"https:\/\/www.monaco-tribune.com\/it\/2022\/02\/il-governo-del-principe-allenta-ancora-le-misure-sanitarie\/","og_site_name":"Monaco Tribune","article_publisher":"https:\/\/www.facebook.com\/MonacoTribune","article_published_time":"2022-02-28T10:22:42+00:00","article_modified_time":"2022-02-28T10:22:51+00:00","og_image":[{"width":1020,"height":680,"url":"https:\/\/www.monaco-tribune.com\/wp-content\/uploads\/2022\/02\/pass-sanitaire-monaco.jpeg","type":"image\/jpeg"}],"author":"Camille Esteve","twitter_card":"summary_large_image","twitter_creator":"@MonacoTribune","twitter_site":"@MonacoTribune","schema":{"@context":"https:\/\/schema.org","@graph":[{"@type":"NewsArticle","@id":"https:\/\/www.monaco-tribune.com\/it\/2022\/02\/il-governo-del-principe-allenta-ancora-le-misure-sanitarie\/#article","isPartOf":{"@id":"https:\/\/www.monaco-tribune.com\/it\/2022\/02\/il-governo-del-principe-allenta-ancora-le-misure-sanitarie\/"},"author":{"name":"Camille Esteve","@id":"https:\/\/www.monaco-tribune.com\/it\/#\/schema\/person\/a855d420fff4d03637641d60b93ac62e"},"headline":"Il Governo del Principe allenta ancora le misure sanitarie","datePublished":"2022-02-28T10:22:42+00:00","dateModified":"2022-02-28T10:22:51+00:00","mainEntityOfPage":{"@id":"https:\/\/www.monaco-tribune.com\/it\/2022\/02\/il-governo-del-principe-allenta-ancora-le-misure-sanitarie\/"},"wordCount":384,"publisher":{"@id":"https:\/\/www.monaco-tribune.com\/it\/#organization"},"image":{"@id":"https:\/\/www.monaco-tribune.com\/it\/2022\/02\/il-governo-del-principe-allenta-ancora-le-misure-sanitarie\/#primaryimage"},"thumbnailUrl":"https:\/\/www.monaco-tribune.com\/wp-content\/uploads\/2022\/02\/pass-sanitaire-monaco.jpeg","keywords":["Covid-19"],"articleSection":["La nostra scelta","Notizie","Societ\u00e0"],"inLanguage":"it-IT","copyrightYear":"2022","copyrightHolder":{"@id":"https:\/\/www.monaco-tribune.com\/#organization"}},{"@type":"WebPage","@id":"https:\/\/www.monaco-tribune.com\/it\/2022\/02\/il-governo-del-principe-allenta-ancora-le-misure-sanitarie\/","url":"https:\/\/www.monaco-tribune.com\/it\/2022\/02\/il-governo-del-principe-allenta-ancora-le-misure-sanitarie\/","name":"Il Governo del Principe allenta ancora le misure sanitarie","isPartOf":{"@id":"https:\/\/www.monaco-tribune.com\/it\/#website"},"primaryImageOfPage":{"@id":"https:\/\/www.monaco-tribune.com\/it\/2022\/02\/il-governo-del-principe-allenta-ancora-le-misure-sanitarie\/#primaryimage"},"image":{"@id":"https:\/\/www.monaco-tribune.com\/it\/2022\/02\/il-governo-del-principe-allenta-ancora-le-misure-sanitarie\/#primaryimage"},"thumbnailUrl":"https:\/\/www.monaco-tribune.com\/wp-content\/uploads\/2022\/02\/pass-sanitaire-monaco.jpeg","datePublished":"2022-02-28T10:22:42+00:00","dateModified":"2022-02-28T10:22:51+00:00","description":"A partire da luned\u00ec, per alcuni dipendenti il pass sanitario non sar\u00e0 pi\u00f9 obbligatorio. Sembrerebbe un momento di quiete. Visto il calo del tasso","breadcrumb":{"@id":"https:\/\/www.monaco-tribune.com\/it\/2022\/02\/il-governo-del-principe-allenta-ancora-le-misure-sanitarie\/#breadcrumb"},"inLanguage":"it-IT","potentialAction":[{"@type":"ReadAction","target":["https:\/\/www.monaco-tribune.com\/it\/2022\/02\/il-governo-del-principe-allenta-ancora-le-misure-sanitarie\/"]}]},{"@type":"ImageObject","inLanguage":"it-IT","@id":"https:\/\/www.monaco-tribune.com\/it\/2022\/02\/il-governo-del-principe-allenta-ancora-le-misure-sanitarie\/#primaryimage","url":"https:\/\/www.monaco-tribune.com\/wp-content\/uploads\/2022\/02\/pass-sanitaire-monaco.jpeg","contentUrl":"https:\/\/www.monaco-tribune.com\/wp-content\/uploads\/2022\/02\/pass-sanitaire-monaco.jpeg","width":1020,"height":680,"caption":"Direzione della Comunicazione \/ Stephane Danna"},{"@type":"BreadcrumbList","@id":"https:\/\/www.monaco-tribune.com\/it\/2022\/02\/il-governo-del-principe-allenta-ancora-le-misure-sanitarie\/#breadcrumb","itemListElement":[{"@type":"ListItem","position":1,"name":"Accueil","item":"https:\/\/www.monaco-tribune.com\/it\/"},{"@type":"ListItem","position":2,"name":"Il Governo del Principe allenta ancora le misure sanitarie"}]},{"@type":"WebSite","@id":"https:\/\/www.monaco-tribune.com\/it\/#website","url":"https:\/\/www.monaco-tribune.com\/it\/","name":"Monaco Tribune","description":"Monaco : actualit\u00e9s \u00e9conomiques, politiques, culturelles et sportives de Monaco et de la French Riviera.","publisher":{"@id":"https:\/\/www.monaco-tribune.com\/it\/#organization"},"potentialAction":[{"@type":"SearchAction","target":{"@type":"EntryPoint","urlTemplate":"https:\/\/www.monaco-tribune.com\/it\/?s={search_term_string}"},"query-input":{"@type":"PropertyValueSpecification","valueRequired":true,"valueName":"search_term_string"}}],"inLanguage":"it-IT"},{"@type":"Organization","@id":"https:\/\/www.monaco-tribune.com\/it\/#organization","name":"Monaco Tribune","url":"https:\/\/www.monaco-tribune.com\/it\/","logo":{"@type":"ImageObject","inLanguage":"it-IT","@id":"https:\/\/www.monaco-tribune.com\/it\/#\/schema\/logo\/image\/","url":"https:\/\/www.monaco-tribune.com\/wp-content\/uploads\/2022\/11\/logo-monaco-tribune.png","contentUrl":"https:\/\/www.monaco-tribune.com\/wp-content\/uploads\/2022\/11\/logo-monaco-tribune.png","width":1548,"height":600,"caption":"Monaco Tribune"},"image":{"@id":"https:\/\/www.monaco-tribune.com\/it\/#\/schema\/logo\/image\/"},"sameAs":["https:\/\/www.facebook.com\/MonacoTribune","https:\/\/x.com\/MonacoTribune","https:\/\/www.instagram.com\/monacotribune\/","https:\/\/www.linkedin.com\/company\/monaco-tribune","https:\/\/www.youtube.com\/channel\/UCHle1MnG6hw1y4lWKijVbMA"]},{"@type":"Person","@id":"https:\/\/www.monaco-tribune.com\/it\/#\/schema\/person\/a855d420fff4d03637641d60b93ac62e","name":"Camille Esteve","image":{"@type":"ImageObject","inLanguage":"it-IT","@id":"https:\/\/secure.gravatar.com\/avatar\/eaaa2355a7bb56c0018a391c20a55bf9b4690e3f493231dd850e612bfa6ce161?s=96&d=mm&r=g","url":"https:\/\/secure.gravatar.com\/avatar\/eaaa2355a7bb56c0018a391c20a55bf9b4690e3f493231dd850e612bfa6ce161?s=96&d=mm&r=g","contentUrl":"https:\/\/secure.gravatar.com\/avatar\/eaaa2355a7bb56c0018a391c20a55bf9b4690e3f493231dd850e612bfa6ce161?s=96&d=mm&r=g","caption":"Camille Esteve"},"url":"https:\/\/www.monaco-tribune.com\/it\/author\/camilleesteve\/"}]}},"_links":{"self":[{"href":"https:\/\/www.monaco-tribune.com\/it\/wp-json\/wp\/v2\/posts\/112364","targetHints":{"allow":["GET"]}}],"collection":[{"href":"https:\/\/www.monaco-tribune.com\/it\/wp-json\/wp\/v2\/posts"}],"about":[{"href":"https:\/\/www.monaco-tribune.com\/it\/wp-json\/wp\/v2\/types\/post"}],"author":[{"embeddable":true,"href":"https:\/\/www.monaco-tribune.com\/it\/wp-json\/wp\/v2\/users\/60"}],"replies":[{"embeddable":true,"href":"https:\/\/www.monaco-tribune.com\/it\/wp-json\/wp\/v2\/comments?post=112364"}],"version-history":[{"count":0,"href":"https:\/\/www.monaco-tribune.com\/it\/wp-json\/wp\/v2\/posts\/112364\/revisions"}],"wp:featuredmedia":[{"embeddable":true,"href":"https:\/\/www.monaco-tribune.com\/it\/wp-json\/wp\/v2\/media\/112286"}],"wp:attachment":[{"href":"https:\/\/www.monaco-tribune.com\/it\/wp-json\/wp\/v2\/media?parent=112364"}],"wp:term":[{"taxonomy":"category","embeddable":true,"href":"https:\/\/www.monaco-tribune.com\/it\/wp-json\/wp\/v2\/categories?post=112364"},{"taxonomy":"post_tag","embeddable":true,"href":"https:\/\/www.monaco-tribune.com\/it\/wp-json\/wp\/v2\/tags?post=112364"},{"taxonomy":"sectag","embeddable":true,"href":"https:\/\/www.monaco-tribune.com\/it\/wp-json\/wp\/v2\/post_sectags?post=112364"},{"taxonomy":"format","embeddable":true,"href":"https:\/\/www.monaco-tribune.com\/it\/wp-json\/wp\/v2\/post_format?post=112364"}],"curies":[{"name":"wp","href":"https:\/\/api.w.org\/{rel}","templated":true}]}}