{"id":112526,"date":"2022-02-28T17:45:45","date_gmt":"2022-02-28T16:45:45","guid":{"rendered":"https:\/\/www.monaco-tribune.com\/2022\/02\/tre-domande-sul-conflitto-russo-ucraino-e-monaco\/"},"modified":"2022-02-28T17:46:24","modified_gmt":"2022-02-28T16:46:24","slug":"tre-domande-sul-conflitto-russo-ucraino-e-monaco","status":"publish","type":"post","link":"https:\/\/www.monaco-tribune.com\/it\/2022\/02\/tre-domande-sul-conflitto-russo-ucraino-e-monaco\/","title":{"rendered":"Tre domande sul conflitto russo-ucraino e Monaco"},"content":{"rendered":"\n<p><strong>Come sta reagendo il Principato al conflitto? Saranno disposte sanzioni contro gli oligarchi russi? Come aiutare l&#8217;Ucraina? La redazione ha cercato per voi le risposte a queste domande.<\/strong><\/p>\n\n\n\n<h4 class=\"has-text-align-center wp-block-heading\" id=\"h-quelle-est-la-prise-de-position-officielle-de-la-principaute\">Qual \u00e8 la posizione ufficiale del Principato?<\/h4>\n\n\n\n<p>Se gioved\u00ec scorso, al primo giorno di conflitto, il segretario di Stato alla Giustizia Robert Gelli riteneva che la giustizia internazionale <a href=\"https:\/\/www.monaco-tribune.com\/it\/2022\/02\/ucraina-robert-gelli-la-giustizia-internazionale-non-intende-intervenire-in-questa-fase\/\">&#8220;non intendesse intervenire in questa fase&#8221;<\/a>, poco dopo il ministro di Stato Pierre Dartout ha rilasciato una dichiarazione ai nostri colleghi di <a href=\"https:\/\/www.monacomatin.mc\/politique\/guerre-en-ukraine-monaco-soutient-toutes-les-initiatives-qui-permettraient-de-faire-cesser-les-operations-militaires-749082\"><em>Monaco Matin<\/em><\/a><em>.<\/em><\/p>\n\n\n\n<p>&#8220;Sono molto preoccupato, come tutti oggi in Europa &#8220;, ha dichiarato. &#8220;In queste ore difficili, il Principato si schiera a fianco della popolazione ucraina. Abbiamo una particolare sensibilit\u00e0 verso la dimensione umanitaria di questo conflitto&#8221;.<\/p>\n\n\n\n<p>Il ministro di Stato ha aggiunto inoltre che la priorit\u00e0 \u00e8 porre fine quanto prima alle operazioni militari e riaprire il dialogo tra Mosca e Kiev. Per il momento, Pierre Dartout ha dichiarato che il Governo del Principe non \u00e8 stato sollecitato ma che, se cos\u00ec dovesse essere, &#8220;in linea con i princ\u00ecpi del Sovrano, che \u00e8 molto attento al benessere delle persone ovunque esse abitino, il Principato sar\u00e0 pronto ad agire&#8221;.<\/p>\n\n\n\n<h4 class=\"has-text-align-center wp-block-heading\" id=\"h-la-russie-et-ses-ressortissants-doivent-ils-s-attendre-a-des-sanctions-de-la-part-de-monaco\">La Russia e i suoi cittadini devono aspettarsi sanzioni da Monaco?<\/h4>\n\n\n\n<p>Il Principato ospita sia una comunit\u00e0 ucraina che una comunit\u00e0 russa. Secondo l&#8217;IMSEE, 749 residenti appartengono a quest&#8217;ultima [censimento 2016]. Molti paesi, come gli Stati Uniti o la Francia, promettono pesanti sanzioni nei confronti degli oligarchi russi espatriati per spingere Vladimir Putin a porre fine al conflitto, ma qual \u00e8 la risposta di Monaco?<\/p>\n\n\n\n<p>Da quanto si evince dalle dichiarazioni di Pierre Dartout a <em>Monaco Matin<\/em>: &#8220;\u00e8 ancora prematuro parlarne (&#8230;) Il Principato ha l&#8217;obbligo, visti i suoi impegni internazionali, di adottare le stesse misure identiche a quelle dell&#8217;Unione Europea. (\u2026) \u00c8 il caso, ad esempio, del congelamento dei fondi. Posso dire che sono gi\u00e0 state prese decisioni ministeriali per congelare dei beni nel Principato di Monaco. Ma non posso ancora dire se queste riguardano residenti di Monaco&#8221;.<\/p>\n\n\n\n<h4 class=\"has-text-align-center wp-block-heading\" id=\"h-comment-peut-on-aider-l-ukraine-depuis-la-principaute\">Come aiutare l&#8217;Ucraina dal Principato?<\/h4>\n\n\n\n<p>Come in molti paesi, anche nel Principato sono in corso iniziative locali per aiutare la popolazione ucraina. La diocesi di Monaco, che si dichiara &#8220;<a href=\"https:\/\/diocese.mc\/actualite\/ukraine-communique\"><em>commossa e preoccupata<\/em><\/a> &#8221; per il conflitto, ha rilanciato l&#8217;appello alle donazioni della <a href=\"http:\/\/www.caritas-monaco.com\/index.htm\">Caritas Monaco<\/a> in collaborazione con la Caritas Ucraina. I fondi raccolti dall&#8217;organizzazione finanzieranno la distribuzione di beni di prima necessit\u00e0, bricchetti per riscaldamento, materiali per riparazioni, medicinali e indumenti caldi.<\/p>\n\n\n\n<p><em>Per donare:<\/em><\/p>\n\n\n\n<p><strong>In contanti o con assegno a:<\/strong> CARITAS MONACO \u2013 Parrocchia Sainte D\u00e9vote, 1 place Sainte D\u00e9vote \u2013 98000 MONACO, caritas@diocese.mc\r\n<strong>Con bonifico bancario:<\/strong> \u201cArchev\u00each\u00e9 de Monaco \u2013 Caritas Monaco\u201d, codice IBAN: MC 36 1273 9000 7001 1622 7000 T85, Domiciliazione: CFM ALBERT 1ER \u2013 Codice Swift: CFMOMCMXXXX<\/p>\n\n\n\n<p>Sono state lanciate anche altre iniziative: questa settimana un camion diretto in Ucraina e Polonia partir\u00e0 da Monaco per aiutare i profughi. Sono richiesti soprattutto vestiti invernali, sacchi a pelo, kit di pronto soccorso, coperte, bottiglie d&#8217;acqua e giocattoli. La raccolta \u00e8 organizzata al Monte-Carlo Sun: potrete consegnare le vostre donazioni entro la mattina di gioved\u00ec 3 marzo.<\/p>\n\n\n\n<figure class=\"wp-block-embed is-type-rich is-provider-twitter wp-block-embed-twitter\"><div class=\"wp-block-embed__wrapper\">\n<blockquote class=\"twitter-tweet\" data-width=\"500\" data-dnt=\"true\"><p lang=\"fr\" dir=\"ltr\">\u26a0\ufe0f Faites tourner les amis s\u2019il vous pla\u00eet \ud83d\ude4f<br><br>Pour les mon\u00e9gasques (et ceux des alentours) :<br><br>Un camion va partir de Monaco pour rejoindre l\u2019Ukraine et la Pologne pour aider les r\u00e9fugi\u00e9s. S\u2019il vous pla\u00eet, allez donner tout ce que vous pouvez au Monte-Carlo Sun,<\/p>&mdash; Lila Rothen \ud83c\uddf2\ud83c\udde8\ud83c\uddee\ud83c\uddf7 (@Lila_ASM) <a href=\"https:\/\/twitter.com\/Lila_ASM\/status\/1498031037678510086?ref_src=twsrc%5Etfw\">February 27, 2022<\/a><\/blockquote><script async src=\"https:\/\/platform.twitter.com\/widgets.js\" charset=\"utf-8\"><\/script>\n<\/div><\/figure>\n","protected":false},"excerpt":{"rendered":"<p>Come sta reagendo il Principato al conflitto? Saranno disposte sanzioni contro gli oligarchi russi? Come aiutare l&#8217;Ucraina? La redazione ha [&hellip;]<\/p>\n","protected":false},"author":60,"featured_media":112405,"comment_status":"closed","ping_status":"closed","sticky":false,"template":"","format":"standard","meta":{"_acf_changed":false,"footnotes":""},"categories":[1826,1738,1752],"tags":[],"post_sectags":[],"post_format":[2469],"class_list":["post-112526","post","type-post","status-publish","format-standard","has-post-thumbnail","hentry","category-la-nostra-scelta","category-notizie","category-societa","format-analisi"],"acf":[],"yoast_head":"<!-- This site is optimized with the Yoast SEO Premium plugin v26.8 (Yoast SEO v27.4) - https:\/\/yoast.com\/product\/yoast-seo-premium-wordpress\/ -->\n<title>Tre domande sul conflitto russo-ucraino e Monaco<\/title>\n<meta name=\"description\" content=\"Come sta reagendo il Principato al conflitto? Saranno disposte sanzioni contro gli oligarchi russi? Come aiutare l&#039;Ucraina? La redazione ha cercato per\" \/>\n<meta name=\"robots\" content=\"index, follow, max-snippet:-1, max-image-preview:large, max-video-preview:-1\" \/>\n<link rel=\"canonical\" href=\"https:\/\/www.monaco-tribune.com\/it\/2022\/02\/tre-domande-sul-conflitto-russo-ucraino-e-monaco\/\" \/>\n<meta property=\"og:locale\" content=\"it_IT\" \/>\n<meta property=\"og:type\" content=\"article\" \/>\n<meta property=\"og:title\" content=\"Tre domande sul conflitto russo-ucraino e Monaco - Monaco Tribune\" \/>\n<meta property=\"og:description\" content=\"Come sta reagendo il Principato al conflitto? Saranno disposte sanzioni contro gli oligarchi russi? Come aiutare l&#039;Ucraina? La redazione ha cercato per\" \/>\n<meta property=\"og:url\" content=\"https:\/\/www.monaco-tribune.com\/it\/2022\/02\/tre-domande-sul-conflitto-russo-ucraino-e-monaco\/\" \/>\n<meta property=\"og:site_name\" content=\"Monaco Tribune\" \/>\n<meta property=\"article:publisher\" content=\"https:\/\/www.facebook.com\/MonacoTribune\" \/>\n<meta property=\"article:published_time\" content=\"2022-02-28T16:45:45+00:00\" \/>\n<meta property=\"article:modified_time\" content=\"2022-02-28T16:46:24+00:00\" \/>\n<meta property=\"og:image\" content=\"https:\/\/www.monaco-tribune.com\/wp-content\/uploads\/2022\/02\/pierre_dartout_monaco.jpeg\" \/>\n\t<meta property=\"og:image:width\" content=\"1020\" \/>\n\t<meta property=\"og:image:height\" content=\"680\" \/>\n\t<meta property=\"og:image:type\" content=\"image\/jpeg\" \/>\n<meta name=\"author\" content=\"Camille Esteve\" \/>\n<meta name=\"twitter:card\" content=\"summary_large_image\" \/>\n<meta name=\"twitter:creator\" content=\"@MonacoTribune\" \/>\n<meta name=\"twitter:site\" content=\"@MonacoTribune\" \/>\n<script type=\"application\/ld+json\" class=\"yoast-schema-graph\">{\"@context\":\"https:\\\/\\\/schema.org\",\"@graph\":[{\"@type\":\"NewsArticle\",\"@id\":\"https:\\\/\\\/www.monaco-tribune.com\\\/it\\\/2022\\\/02\\\/tre-domande-sul-conflitto-russo-ucraino-e-monaco\\\/#article\",\"isPartOf\":{\"@id\":\"https:\\\/\\\/www.monaco-tribune.com\\\/it\\\/2022\\\/02\\\/tre-domande-sul-conflitto-russo-ucraino-e-monaco\\\/\"},\"author\":{\"name\":\"Camille Esteve\",\"@id\":\"https:\\\/\\\/www.monaco-tribune.com\\\/it\\\/#\\\/schema\\\/person\\\/a855d420fff4d03637641d60b93ac62e\"},\"headline\":\"Tre domande sul conflitto russo-ucraino e Monaco\",\"datePublished\":\"2022-02-28T16:45:45+00:00\",\"dateModified\":\"2022-02-28T16:46:24+00:00\",\"mainEntityOfPage\":{\"@id\":\"https:\\\/\\\/www.monaco-tribune.com\\\/it\\\/2022\\\/02\\\/tre-domande-sul-conflitto-russo-ucraino-e-monaco\\\/\"},\"wordCount\":513,\"publisher\":{\"@id\":\"https:\\\/\\\/www.monaco-tribune.com\\\/it\\\/#organization\"},\"image\":{\"@id\":\"https:\\\/\\\/www.monaco-tribune.com\\\/it\\\/2022\\\/02\\\/tre-domande-sul-conflitto-russo-ucraino-e-monaco\\\/#primaryimage\"},\"thumbnailUrl\":\"https:\\\/\\\/www.monaco-tribune.com\\\/wp-content\\\/uploads\\\/2022\\\/02\\\/pierre_dartout_monaco.jpeg\",\"articleSection\":[\"La nostra scelta\",\"Notizie\",\"Societ\u00e0\"],\"inLanguage\":\"it-IT\",\"copyrightYear\":\"2022\",\"copyrightHolder\":{\"@id\":\"https:\\\/\\\/www.monaco-tribune.com\\\/#organization\"}},{\"@type\":\"WebPage\",\"@id\":\"https:\\\/\\\/www.monaco-tribune.com\\\/it\\\/2022\\\/02\\\/tre-domande-sul-conflitto-russo-ucraino-e-monaco\\\/\",\"url\":\"https:\\\/\\\/www.monaco-tribune.com\\\/it\\\/2022\\\/02\\\/tre-domande-sul-conflitto-russo-ucraino-e-monaco\\\/\",\"name\":\"Tre domande sul conflitto russo-ucraino e Monaco\",\"isPartOf\":{\"@id\":\"https:\\\/\\\/www.monaco-tribune.com\\\/it\\\/#website\"},\"primaryImageOfPage\":{\"@id\":\"https:\\\/\\\/www.monaco-tribune.com\\\/it\\\/2022\\\/02\\\/tre-domande-sul-conflitto-russo-ucraino-e-monaco\\\/#primaryimage\"},\"image\":{\"@id\":\"https:\\\/\\\/www.monaco-tribune.com\\\/it\\\/2022\\\/02\\\/tre-domande-sul-conflitto-russo-ucraino-e-monaco\\\/#primaryimage\"},\"thumbnailUrl\":\"https:\\\/\\\/www.monaco-tribune.com\\\/wp-content\\\/uploads\\\/2022\\\/02\\\/pierre_dartout_monaco.jpeg\",\"datePublished\":\"2022-02-28T16:45:45+00:00\",\"dateModified\":\"2022-02-28T16:46:24+00:00\",\"description\":\"Come sta reagendo il Principato al conflitto? Saranno disposte sanzioni contro gli oligarchi russi? Come aiutare l'Ucraina? La redazione ha cercato per\",\"breadcrumb\":{\"@id\":\"https:\\\/\\\/www.monaco-tribune.com\\\/it\\\/2022\\\/02\\\/tre-domande-sul-conflitto-russo-ucraino-e-monaco\\\/#breadcrumb\"},\"inLanguage\":\"it-IT\",\"potentialAction\":[{\"@type\":\"ReadAction\",\"target\":[\"https:\\\/\\\/www.monaco-tribune.com\\\/it\\\/2022\\\/02\\\/tre-domande-sul-conflitto-russo-ucraino-e-monaco\\\/\"]}]},{\"@type\":\"ImageObject\",\"inLanguage\":\"it-IT\",\"@id\":\"https:\\\/\\\/www.monaco-tribune.com\\\/it\\\/2022\\\/02\\\/tre-domande-sul-conflitto-russo-ucraino-e-monaco\\\/#primaryimage\",\"url\":\"https:\\\/\\\/www.monaco-tribune.com\\\/wp-content\\\/uploads\\\/2022\\\/02\\\/pierre_dartout_monaco.jpeg\",\"contentUrl\":\"https:\\\/\\\/www.monaco-tribune.com\\\/wp-content\\\/uploads\\\/2022\\\/02\\\/pierre_dartout_monaco.jpeg\",\"width\":1020,\"height\":680,\"caption\":\"Direzione della comunicazione \\\/ Manuel Vitali\"},{\"@type\":\"BreadcrumbList\",\"@id\":\"https:\\\/\\\/www.monaco-tribune.com\\\/it\\\/2022\\\/02\\\/tre-domande-sul-conflitto-russo-ucraino-e-monaco\\\/#breadcrumb\",\"itemListElement\":[{\"@type\":\"ListItem\",\"position\":1,\"name\":\"Accueil\",\"item\":\"https:\\\/\\\/www.monaco-tribune.com\\\/it\\\/\"},{\"@type\":\"ListItem\",\"position\":2,\"name\":\"Tre domande sul conflitto russo-ucraino e Monaco\"}]},{\"@type\":\"WebSite\",\"@id\":\"https:\\\/\\\/www.monaco-tribune.com\\\/it\\\/#website\",\"url\":\"https:\\\/\\\/www.monaco-tribune.com\\\/it\\\/\",\"name\":\"Monaco Tribune\",\"description\":\"Monaco : actualit\u00e9s \u00e9conomiques, politiques, culturelles et sportives de Monaco et de la French Riviera.\",\"publisher\":{\"@id\":\"https:\\\/\\\/www.monaco-tribune.com\\\/it\\\/#organization\"},\"potentialAction\":[{\"@type\":\"SearchAction\",\"target\":{\"@type\":\"EntryPoint\",\"urlTemplate\":\"https:\\\/\\\/www.monaco-tribune.com\\\/it\\\/?s={search_term_string}\"},\"query-input\":{\"@type\":\"PropertyValueSpecification\",\"valueRequired\":true,\"valueName\":\"search_term_string\"}}],\"inLanguage\":\"it-IT\"},{\"@type\":\"Organization\",\"@id\":\"https:\\\/\\\/www.monaco-tribune.com\\\/it\\\/#organization\",\"name\":\"Monaco Tribune\",\"url\":\"https:\\\/\\\/www.monaco-tribune.com\\\/it\\\/\",\"logo\":{\"@type\":\"ImageObject\",\"inLanguage\":\"it-IT\",\"@id\":\"https:\\\/\\\/www.monaco-tribune.com\\\/it\\\/#\\\/schema\\\/logo\\\/image\\\/\",\"url\":\"https:\\\/\\\/www.monaco-tribune.com\\\/wp-content\\\/uploads\\\/2022\\\/11\\\/logo-monaco-tribune.png\",\"contentUrl\":\"https:\\\/\\\/www.monaco-tribune.com\\\/wp-content\\\/uploads\\\/2022\\\/11\\\/logo-monaco-tribune.png\",\"width\":1548,\"height\":600,\"caption\":\"Monaco Tribune\"},\"image\":{\"@id\":\"https:\\\/\\\/www.monaco-tribune.com\\\/it\\\/#\\\/schema\\\/logo\\\/image\\\/\"},\"sameAs\":[\"https:\\\/\\\/www.facebook.com\\\/MonacoTribune\",\"https:\\\/\\\/x.com\\\/MonacoTribune\",\"https:\\\/\\\/www.instagram.com\\\/monacotribune\\\/\",\"https:\\\/\\\/www.linkedin.com\\\/company\\\/monaco-tribune\",\"https:\\\/\\\/www.youtube.com\\\/channel\\\/UCHle1MnG6hw1y4lWKijVbMA\"]},{\"@type\":\"Person\",\"@id\":\"https:\\\/\\\/www.monaco-tribune.com\\\/it\\\/#\\\/schema\\\/person\\\/a855d420fff4d03637641d60b93ac62e\",\"name\":\"Camille Esteve\",\"image\":{\"@type\":\"ImageObject\",\"inLanguage\":\"it-IT\",\"@id\":\"https:\\\/\\\/secure.gravatar.com\\\/avatar\\\/eaaa2355a7bb56c0018a391c20a55bf9b4690e3f493231dd850e612bfa6ce161?s=96&d=mm&r=g\",\"url\":\"https:\\\/\\\/secure.gravatar.com\\\/avatar\\\/eaaa2355a7bb56c0018a391c20a55bf9b4690e3f493231dd850e612bfa6ce161?s=96&d=mm&r=g\",\"contentUrl\":\"https:\\\/\\\/secure.gravatar.com\\\/avatar\\\/eaaa2355a7bb56c0018a391c20a55bf9b4690e3f493231dd850e612bfa6ce161?s=96&d=mm&r=g\",\"caption\":\"Camille Esteve\"},\"url\":\"https:\\\/\\\/www.monaco-tribune.com\\\/it\\\/author\\\/camilleesteve\\\/\"}]}<\/script>\n<!-- \/ Yoast SEO Premium plugin. -->","yoast_head_json":{"title":"Tre domande sul conflitto russo-ucraino e Monaco","description":"Come sta reagendo il Principato al conflitto? Saranno disposte sanzioni contro gli oligarchi russi? Come aiutare l'Ucraina? La redazione ha cercato per","robots":{"index":"index","follow":"follow","max-snippet":"max-snippet:-1","max-image-preview":"max-image-preview:large","max-video-preview":"max-video-preview:-1"},"canonical":"https:\/\/www.monaco-tribune.com\/it\/2022\/02\/tre-domande-sul-conflitto-russo-ucraino-e-monaco\/","og_locale":"it_IT","og_type":"article","og_title":"Tre domande sul conflitto russo-ucraino e Monaco - Monaco Tribune","og_description":"Come sta reagendo il Principato al conflitto? Saranno disposte sanzioni contro gli oligarchi russi? Come aiutare l'Ucraina? La redazione ha cercato per","og_url":"https:\/\/www.monaco-tribune.com\/it\/2022\/02\/tre-domande-sul-conflitto-russo-ucraino-e-monaco\/","og_site_name":"Monaco Tribune","article_publisher":"https:\/\/www.facebook.com\/MonacoTribune","article_published_time":"2022-02-28T16:45:45+00:00","article_modified_time":"2022-02-28T16:46:24+00:00","og_image":[{"width":1020,"height":680,"url":"https:\/\/www.monaco-tribune.com\/wp-content\/uploads\/2022\/02\/pierre_dartout_monaco.jpeg","type":"image\/jpeg"}],"author":"Camille Esteve","twitter_card":"summary_large_image","twitter_creator":"@MonacoTribune","twitter_site":"@MonacoTribune","schema":{"@context":"https:\/\/schema.org","@graph":[{"@type":"NewsArticle","@id":"https:\/\/www.monaco-tribune.com\/it\/2022\/02\/tre-domande-sul-conflitto-russo-ucraino-e-monaco\/#article","isPartOf":{"@id":"https:\/\/www.monaco-tribune.com\/it\/2022\/02\/tre-domande-sul-conflitto-russo-ucraino-e-monaco\/"},"author":{"name":"Camille Esteve","@id":"https:\/\/www.monaco-tribune.com\/it\/#\/schema\/person\/a855d420fff4d03637641d60b93ac62e"},"headline":"Tre domande sul conflitto russo-ucraino e Monaco","datePublished":"2022-02-28T16:45:45+00:00","dateModified":"2022-02-28T16:46:24+00:00","mainEntityOfPage":{"@id":"https:\/\/www.monaco-tribune.com\/it\/2022\/02\/tre-domande-sul-conflitto-russo-ucraino-e-monaco\/"},"wordCount":513,"publisher":{"@id":"https:\/\/www.monaco-tribune.com\/it\/#organization"},"image":{"@id":"https:\/\/www.monaco-tribune.com\/it\/2022\/02\/tre-domande-sul-conflitto-russo-ucraino-e-monaco\/#primaryimage"},"thumbnailUrl":"https:\/\/www.monaco-tribune.com\/wp-content\/uploads\/2022\/02\/pierre_dartout_monaco.jpeg","articleSection":["La nostra scelta","Notizie","Societ\u00e0"],"inLanguage":"it-IT","copyrightYear":"2022","copyrightHolder":{"@id":"https:\/\/www.monaco-tribune.com\/#organization"}},{"@type":"WebPage","@id":"https:\/\/www.monaco-tribune.com\/it\/2022\/02\/tre-domande-sul-conflitto-russo-ucraino-e-monaco\/","url":"https:\/\/www.monaco-tribune.com\/it\/2022\/02\/tre-domande-sul-conflitto-russo-ucraino-e-monaco\/","name":"Tre domande sul conflitto russo-ucraino e Monaco","isPartOf":{"@id":"https:\/\/www.monaco-tribune.com\/it\/#website"},"primaryImageOfPage":{"@id":"https:\/\/www.monaco-tribune.com\/it\/2022\/02\/tre-domande-sul-conflitto-russo-ucraino-e-monaco\/#primaryimage"},"image":{"@id":"https:\/\/www.monaco-tribune.com\/it\/2022\/02\/tre-domande-sul-conflitto-russo-ucraino-e-monaco\/#primaryimage"},"thumbnailUrl":"https:\/\/www.monaco-tribune.com\/wp-content\/uploads\/2022\/02\/pierre_dartout_monaco.jpeg","datePublished":"2022-02-28T16:45:45+00:00","dateModified":"2022-02-28T16:46:24+00:00","description":"Come sta reagendo il Principato al conflitto? Saranno disposte sanzioni contro gli oligarchi russi? Come aiutare l'Ucraina? La redazione ha cercato per","breadcrumb":{"@id":"https:\/\/www.monaco-tribune.com\/it\/2022\/02\/tre-domande-sul-conflitto-russo-ucraino-e-monaco\/#breadcrumb"},"inLanguage":"it-IT","potentialAction":[{"@type":"ReadAction","target":["https:\/\/www.monaco-tribune.com\/it\/2022\/02\/tre-domande-sul-conflitto-russo-ucraino-e-monaco\/"]}]},{"@type":"ImageObject","inLanguage":"it-IT","@id":"https:\/\/www.monaco-tribune.com\/it\/2022\/02\/tre-domande-sul-conflitto-russo-ucraino-e-monaco\/#primaryimage","url":"https:\/\/www.monaco-tribune.com\/wp-content\/uploads\/2022\/02\/pierre_dartout_monaco.jpeg","contentUrl":"https:\/\/www.monaco-tribune.com\/wp-content\/uploads\/2022\/02\/pierre_dartout_monaco.jpeg","width":1020,"height":680,"caption":"Direzione della comunicazione \/ Manuel Vitali"},{"@type":"BreadcrumbList","@id":"https:\/\/www.monaco-tribune.com\/it\/2022\/02\/tre-domande-sul-conflitto-russo-ucraino-e-monaco\/#breadcrumb","itemListElement":[{"@type":"ListItem","position":1,"name":"Accueil","item":"https:\/\/www.monaco-tribune.com\/it\/"},{"@type":"ListItem","position":2,"name":"Tre domande sul conflitto russo-ucraino e Monaco"}]},{"@type":"WebSite","@id":"https:\/\/www.monaco-tribune.com\/it\/#website","url":"https:\/\/www.monaco-tribune.com\/it\/","name":"Monaco Tribune","description":"Monaco : actualit\u00e9s \u00e9conomiques, politiques, culturelles et sportives de Monaco et de la French Riviera.","publisher":{"@id":"https:\/\/www.monaco-tribune.com\/it\/#organization"},"potentialAction":[{"@type":"SearchAction","target":{"@type":"EntryPoint","urlTemplate":"https:\/\/www.monaco-tribune.com\/it\/?s={search_term_string}"},"query-input":{"@type":"PropertyValueSpecification","valueRequired":true,"valueName":"search_term_string"}}],"inLanguage":"it-IT"},{"@type":"Organization","@id":"https:\/\/www.monaco-tribune.com\/it\/#organization","name":"Monaco Tribune","url":"https:\/\/www.monaco-tribune.com\/it\/","logo":{"@type":"ImageObject","inLanguage":"it-IT","@id":"https:\/\/www.monaco-tribune.com\/it\/#\/schema\/logo\/image\/","url":"https:\/\/www.monaco-tribune.com\/wp-content\/uploads\/2022\/11\/logo-monaco-tribune.png","contentUrl":"https:\/\/www.monaco-tribune.com\/wp-content\/uploads\/2022\/11\/logo-monaco-tribune.png","width":1548,"height":600,"caption":"Monaco Tribune"},"image":{"@id":"https:\/\/www.monaco-tribune.com\/it\/#\/schema\/logo\/image\/"},"sameAs":["https:\/\/www.facebook.com\/MonacoTribune","https:\/\/x.com\/MonacoTribune","https:\/\/www.instagram.com\/monacotribune\/","https:\/\/www.linkedin.com\/company\/monaco-tribune","https:\/\/www.youtube.com\/channel\/UCHle1MnG6hw1y4lWKijVbMA"]},{"@type":"Person","@id":"https:\/\/www.monaco-tribune.com\/it\/#\/schema\/person\/a855d420fff4d03637641d60b93ac62e","name":"Camille Esteve","image":{"@type":"ImageObject","inLanguage":"it-IT","@id":"https:\/\/secure.gravatar.com\/avatar\/eaaa2355a7bb56c0018a391c20a55bf9b4690e3f493231dd850e612bfa6ce161?s=96&d=mm&r=g","url":"https:\/\/secure.gravatar.com\/avatar\/eaaa2355a7bb56c0018a391c20a55bf9b4690e3f493231dd850e612bfa6ce161?s=96&d=mm&r=g","contentUrl":"https:\/\/secure.gravatar.com\/avatar\/eaaa2355a7bb56c0018a391c20a55bf9b4690e3f493231dd850e612bfa6ce161?s=96&d=mm&r=g","caption":"Camille Esteve"},"url":"https:\/\/www.monaco-tribune.com\/it\/author\/camilleesteve\/"}]}},"_links":{"self":[{"href":"https:\/\/www.monaco-tribune.com\/it\/wp-json\/wp\/v2\/posts\/112526","targetHints":{"allow":["GET"]}}],"collection":[{"href":"https:\/\/www.monaco-tribune.com\/it\/wp-json\/wp\/v2\/posts"}],"about":[{"href":"https:\/\/www.monaco-tribune.com\/it\/wp-json\/wp\/v2\/types\/post"}],"author":[{"embeddable":true,"href":"https:\/\/www.monaco-tribune.com\/it\/wp-json\/wp\/v2\/users\/60"}],"replies":[{"embeddable":true,"href":"https:\/\/www.monaco-tribune.com\/it\/wp-json\/wp\/v2\/comments?post=112526"}],"version-history":[{"count":0,"href":"https:\/\/www.monaco-tribune.com\/it\/wp-json\/wp\/v2\/posts\/112526\/revisions"}],"wp:featuredmedia":[{"embeddable":true,"href":"https:\/\/www.monaco-tribune.com\/it\/wp-json\/wp\/v2\/media\/112405"}],"wp:attachment":[{"href":"https:\/\/www.monaco-tribune.com\/it\/wp-json\/wp\/v2\/media?parent=112526"}],"wp:term":[{"taxonomy":"category","embeddable":true,"href":"https:\/\/www.monaco-tribune.com\/it\/wp-json\/wp\/v2\/categories?post=112526"},{"taxonomy":"post_tag","embeddable":true,"href":"https:\/\/www.monaco-tribune.com\/it\/wp-json\/wp\/v2\/tags?post=112526"},{"taxonomy":"sectag","embeddable":true,"href":"https:\/\/www.monaco-tribune.com\/it\/wp-json\/wp\/v2\/post_sectags?post=112526"},{"taxonomy":"format","embeddable":true,"href":"https:\/\/www.monaco-tribune.com\/it\/wp-json\/wp\/v2\/post_format?post=112526"}],"curies":[{"name":"wp","href":"https:\/\/api.w.org\/{rel}","templated":true}]}}