{"id":112950,"date":"2022-03-02T17:12:28","date_gmt":"2022-03-02T16:12:28","guid":{"rendered":"https:\/\/www.monaco-tribune.com\/2022\/03\/terminal-1-nuove-destinazioni-laeroporto-di-nizza-torna-alla-normalita\/"},"modified":"2022-03-02T17:12:34","modified_gmt":"2022-03-02T16:12:34","slug":"terminal-1-nuove-destinazioni-laeroporto-di-nizza-torna-alla-normalita","status":"publish","type":"post","link":"https:\/\/www.monaco-tribune.com\/it\/2022\/03\/terminal-1-nuove-destinazioni-laeroporto-di-nizza-torna-alla-normalita\/","title":{"rendered":"Terminal 1, nuove destinazioni&#8230; l&#8217;aeroporto di Nizza torna alla normalit\u00e0?"},"content":{"rendered":"\n<p><strong>Con la stagione estiva che prende il via gi\u00e0 dal 27 marzo, l&#8217;Aeroporto Nice C\u00f4te d\u2019Azur promette nuove destinazioni da far invidia al periodo pre-pandemia.<\/strong><\/p>\n\n<p>Con l&#8217;arrivo delle belle giornate e della primavera, sono tanti gli abitanti della Costa Azzurra e di Monaco a prendere il volo per staccare la spina per qualche giorno. Tempismo perfetto per l&#8217;Aeroporto di Nizza, che ha appena annunciato un &#8220;vasto ampliamento&#8221; della rete di destinazioni, con oltre un centinaio di tratte, di cui otto a lungo raggio verso quarantuno paesi.<\/p>\n\n<p><strong>LEGGI ANCHE<\/strong>: <a href=\"https:\/\/www.monaco-tribune.com\/it\/2022\/01\/aeroporti-della-costa-azzurra-nonostante-il-covid-il-2021-ha-portato-diversi-traguardi\/\">Aeroporti della Costa Azzurra: nonostante il Covid, il 2021 ha portato diversi traguardi<\/a><\/p>\n\n<p>Cifre che fanno tornare il sorriso e che ricordano i numeri pre-pandemia. Un altro segnale di questo ritorno alla normalit\u00e0 e della ripresa del traffico \u00e8 la riapertura del Terminal 1, prevista per domenica 27 marzo. Una data che segna l\u2019avvio della stagione estiva e del cambio dell&#8217;ora, e che prevede 107 destinazioni direttamente collegate alla Riviera (vedi riquadro).<\/p>\n\n<h2 class=\"wp-block-heading\">Sette nuove destinazioni in partenza da Nizza<\/h2>\n\n<p>Sempre molto popolari tra i viaggiatori della Costa Azzurra, i voli a lungo raggio fanno quest&#8217;anno il loro grande ritorno con otto collegamenti diretti. Per gli amanti del continente americano, Air Canada e Air Transat offrono voli da Nizza con destinazione Montr\u00e9al, mentre Delta Airlines atterrer\u00e0 tutti i giorni al JFK di New-York. La Compagnie e United Airlines, invece, collegheranno Nizza a Newark, anche loro con una frequenza giornaliera.<\/p>\n\n<p><strong>LEGGI ANCHE<\/strong>: <a href=\"https:\/\/www.monaco-tribune.com\/it\/2020\/11\/aeroporto-di-nizza-il-traffico-del-2019-non-tornera-prima-del-2024\/\">Aeroporto di Nizza: il traffico del 2019 non torner\u00e0 prima del 2024<\/a><\/p>\n\n<p>Bahrein, Kuwait e Dubai sono altre destinazioni in programma, operate da Gulf Air, Kuwait Airlines ed Emirates. Ricordiamo che l&#8217;Aeroporto Nice C\u00f4te d\u2019Azur \u00e8 il secondo degli aeroporti della Francia in termine di numero di posti sui voli a lungo raggio, pari a 380.000.<\/p>\n\n<hr class=\"wp-block-separator\"\/>\n\n<h2 class=\"has-text-align-left wp-block-heading\" id=\"h-en-chiffres\"> Numeri chiave:<\/h2>\n\n<ul class=\"wp-block-list\"><li>107 destinazioni (18 in Francia, 89 internazionali)<\/li><li>52 compagnie presenti<\/li><li>41 paesi serviti (31 in Europa, 3 nel Magreb, 2 nel Nord America, 5 in Medio Oriente)  <\/li><li>Nel 2019 erano servite 121 destinazioni in 44 paesi<\/li><\/ul>\n\n<hr class=\"wp-block-separator\"\/>\n\n<p>La regione vanta gi\u00e0 una forte attrattiva, confermata dalla comparsa di nuove tratte in partenza da Nizza. Ora saranno disponibili sette nuove destinazioni (Bahrein, Herakleio, Cluj-Napoca, Reykjav\u00edk, Southampton, Valenza), con cinque compagnie che operano per la prima volta (Condor, Icelandair, Fly One, United Airlines e Gulf Air).<\/p>\n\n<p><strong>LEGGI ANCHE<\/strong>: <a href=\"https:\/\/www.monaco-tribune.com\/it\/2022\/01\/aeroporto-di-nizza-questestate-si-vola-in-islanda\/\">Aeroporto di Nizza: quest\u2019estate si vola in Islanda<\/a><\/p>\n\n<p>&#8220;Malgrado le restrizioni legate alla situazione geopolitica, la solidit\u00e0 del programma estivo dell&#8217;aeroporto di Nizza segna un nuovo passo verso il ritorno alla normalit\u00e0, necessario e importante per permettere al nostro territorio di ristabilire un&#8217;attivit\u00e0 economica e culturale indispensabile e sostenibile&#8221;, ha spiegato Franck Goldnadel, presidente del direttivo degli Aeroporti della Costa Azzurra.<\/p>\n","protected":false},"excerpt":{"rendered":"<p>Con la stagione estiva che prende il via gi\u00e0 dal 27 marzo, l&#8217;Aeroporto Nice C\u00f4te d\u2019Azur promette nuove destinazioni da [&hellip;]<\/p>\n","protected":false},"author":24,"featured_media":72790,"comment_status":"closed","ping_status":"closed","sticky":false,"template":"","format":"standard","meta":{"_acf_changed":false,"footnotes":""},"categories":[1739,1826,1738,1752],"tags":[2880],"post_sectags":[],"post_format":[2478],"class_list":["post-112950","post","type-post","status-publish","format-standard","has-post-thumbnail","hentry","category-business-it","category-la-nostra-scelta","category-notizie","category-societa","tag-aeroporto-di-nizza","format-notizia"],"acf":[],"yoast_head":"<!-- This site is optimized with the Yoast SEO Premium plugin v26.8 (Yoast SEO v27.4) - https:\/\/yoast.com\/product\/yoast-seo-premium-wordpress\/ -->\n<title>Terminal 1, nuove destinazioni... l&#039;aeroporto di Nizza torna alla normalit\u00e0?<\/title>\n<meta name=\"description\" content=\"Con la stagione estiva che prende il via gi\u00e0 dal 27 marzo, l&#039;Aeroporto Nice C\u00f4te d\u2019Azur promette nuove destinazioni da far invidia al periodo\" \/>\n<meta name=\"robots\" content=\"index, follow, max-snippet:-1, max-image-preview:large, max-video-preview:-1\" \/>\n<link rel=\"canonical\" href=\"https:\/\/www.monaco-tribune.com\/it\/2022\/03\/terminal-1-nuove-destinazioni-laeroporto-di-nizza-torna-alla-normalita\/\" \/>\n<meta property=\"og:locale\" content=\"it_IT\" \/>\n<meta property=\"og:type\" content=\"article\" \/>\n<meta property=\"og:title\" content=\"Terminal 1, nuove destinazioni... l&#039;aeroporto di Nizza torna alla normalit\u00e0? - Monaco Tribune\" \/>\n<meta property=\"og:description\" content=\"Con la stagione estiva che prende il via gi\u00e0 dal 27 marzo, l&#039;Aeroporto Nice C\u00f4te d\u2019Azur promette nuove destinazioni da far invidia al periodo\" \/>\n<meta property=\"og:url\" content=\"https:\/\/www.monaco-tribune.com\/it\/2022\/03\/terminal-1-nuove-destinazioni-laeroporto-di-nizza-torna-alla-normalita\/\" \/>\n<meta property=\"og:site_name\" content=\"Monaco Tribune\" \/>\n<meta property=\"article:publisher\" content=\"https:\/\/www.facebook.com\/MonacoTribune\" \/>\n<meta property=\"article:published_time\" content=\"2022-03-02T16:12:28+00:00\" \/>\n<meta property=\"article:modified_time\" content=\"2022-03-02T16:12:34+00:00\" \/>\n<meta property=\"og:image\" content=\"https:\/\/www.monaco-tribune.com\/wp-content\/uploads\/2021\/03\/aeroport-nice-cote-d-azur_138478-min-e1663235998660.jpg\" \/>\n\t<meta property=\"og:image:width\" content=\"1136\" \/>\n\t<meta property=\"og:image:height\" content=\"709\" \/>\n\t<meta property=\"og:image:type\" content=\"image\/jpeg\" \/>\n<meta name=\"author\" content=\"Romain Boisaubert\" \/>\n<meta name=\"twitter:card\" content=\"summary_large_image\" \/>\n<meta name=\"twitter:creator\" content=\"@MonacoTribune\" \/>\n<meta name=\"twitter:site\" content=\"@MonacoTribune\" \/>\n<script type=\"application\/ld+json\" class=\"yoast-schema-graph\">{\"@context\":\"https:\\\/\\\/schema.org\",\"@graph\":[{\"@type\":\"NewsArticle\",\"@id\":\"https:\\\/\\\/www.monaco-tribune.com\\\/it\\\/2022\\\/03\\\/terminal-1-nuove-destinazioni-laeroporto-di-nizza-torna-alla-normalita\\\/#article\",\"isPartOf\":{\"@id\":\"https:\\\/\\\/www.monaco-tribune.com\\\/it\\\/2022\\\/03\\\/terminal-1-nuove-destinazioni-laeroporto-di-nizza-torna-alla-normalita\\\/\"},\"author\":{\"name\":\"Romain Boisaubert\",\"@id\":\"https:\\\/\\\/www.monaco-tribune.com\\\/it\\\/#\\\/schema\\\/person\\\/330a3732947cf8cb41b2533a0eadd62e\"},\"headline\":\"Terminal 1, nuove destinazioni&#8230; l&#8217;aeroporto di Nizza torna alla normalit\u00e0?\",\"datePublished\":\"2022-03-02T16:12:28+00:00\",\"dateModified\":\"2022-03-02T16:12:34+00:00\",\"mainEntityOfPage\":{\"@id\":\"https:\\\/\\\/www.monaco-tribune.com\\\/it\\\/2022\\\/03\\\/terminal-1-nuove-destinazioni-laeroporto-di-nizza-torna-alla-normalita\\\/\"},\"wordCount\":446,\"publisher\":{\"@id\":\"https:\\\/\\\/www.monaco-tribune.com\\\/it\\\/#organization\"},\"image\":{\"@id\":\"https:\\\/\\\/www.monaco-tribune.com\\\/it\\\/2022\\\/03\\\/terminal-1-nuove-destinazioni-laeroporto-di-nizza-torna-alla-normalita\\\/#primaryimage\"},\"thumbnailUrl\":\"https:\\\/\\\/www.monaco-tribune.com\\\/wp-content\\\/uploads\\\/2021\\\/03\\\/aeroport-nice-cote-d-azur_138478-min-e1663235998660.jpg\",\"keywords\":[\"Aeroporto di Nizza\"],\"articleSection\":[\"Business\",\"La nostra scelta\",\"Notizie\",\"Societ\u00e0\"],\"inLanguage\":\"it-IT\",\"copyrightYear\":\"2022\",\"copyrightHolder\":{\"@id\":\"https:\\\/\\\/www.monaco-tribune.com\\\/#organization\"}},{\"@type\":\"WebPage\",\"@id\":\"https:\\\/\\\/www.monaco-tribune.com\\\/it\\\/2022\\\/03\\\/terminal-1-nuove-destinazioni-laeroporto-di-nizza-torna-alla-normalita\\\/\",\"url\":\"https:\\\/\\\/www.monaco-tribune.com\\\/it\\\/2022\\\/03\\\/terminal-1-nuove-destinazioni-laeroporto-di-nizza-torna-alla-normalita\\\/\",\"name\":\"Terminal 1, nuove destinazioni... l'aeroporto di Nizza torna alla normalit\u00e0?\",\"isPartOf\":{\"@id\":\"https:\\\/\\\/www.monaco-tribune.com\\\/it\\\/#website\"},\"primaryImageOfPage\":{\"@id\":\"https:\\\/\\\/www.monaco-tribune.com\\\/it\\\/2022\\\/03\\\/terminal-1-nuove-destinazioni-laeroporto-di-nizza-torna-alla-normalita\\\/#primaryimage\"},\"image\":{\"@id\":\"https:\\\/\\\/www.monaco-tribune.com\\\/it\\\/2022\\\/03\\\/terminal-1-nuove-destinazioni-laeroporto-di-nizza-torna-alla-normalita\\\/#primaryimage\"},\"thumbnailUrl\":\"https:\\\/\\\/www.monaco-tribune.com\\\/wp-content\\\/uploads\\\/2021\\\/03\\\/aeroport-nice-cote-d-azur_138478-min-e1663235998660.jpg\",\"datePublished\":\"2022-03-02T16:12:28+00:00\",\"dateModified\":\"2022-03-02T16:12:34+00:00\",\"description\":\"Con la stagione estiva che prende il via gi\u00e0 dal 27 marzo, l'Aeroporto Nice C\u00f4te d\u2019Azur promette nuove destinazioni da far invidia al periodo\",\"breadcrumb\":{\"@id\":\"https:\\\/\\\/www.monaco-tribune.com\\\/it\\\/2022\\\/03\\\/terminal-1-nuove-destinazioni-laeroporto-di-nizza-torna-alla-normalita\\\/#breadcrumb\"},\"inLanguage\":\"it-IT\",\"potentialAction\":[{\"@type\":\"ReadAction\",\"target\":[\"https:\\\/\\\/www.monaco-tribune.com\\\/it\\\/2022\\\/03\\\/terminal-1-nuove-destinazioni-laeroporto-di-nizza-torna-alla-normalita\\\/\"]}]},{\"@type\":\"ImageObject\",\"inLanguage\":\"it-IT\",\"@id\":\"https:\\\/\\\/www.monaco-tribune.com\\\/it\\\/2022\\\/03\\\/terminal-1-nuove-destinazioni-laeroporto-di-nizza-torna-alla-normalita\\\/#primaryimage\",\"url\":\"https:\\\/\\\/www.monaco-tribune.com\\\/wp-content\\\/uploads\\\/2021\\\/03\\\/aeroport-nice-cote-d-azur_138478-min-e1663235998660.jpg\",\"contentUrl\":\"https:\\\/\\\/www.monaco-tribune.com\\\/wp-content\\\/uploads\\\/2021\\\/03\\\/aeroport-nice-cote-d-azur_138478-min-e1663235998660.jpg\",\"width\":1020,\"height\":637,\"caption\":\"Ci sono diversi modi per raggiungere l'aeroporto di Nizza da Monaco. \u00a9 Ufficio del Turismo di Nizza\"},{\"@type\":\"BreadcrumbList\",\"@id\":\"https:\\\/\\\/www.monaco-tribune.com\\\/it\\\/2022\\\/03\\\/terminal-1-nuove-destinazioni-laeroporto-di-nizza-torna-alla-normalita\\\/#breadcrumb\",\"itemListElement\":[{\"@type\":\"ListItem\",\"position\":1,\"name\":\"Accueil\",\"item\":\"https:\\\/\\\/www.monaco-tribune.com\\\/it\\\/\"},{\"@type\":\"ListItem\",\"position\":2,\"name\":\"Terminal 1, nuove destinazioni&#8230; l&rsquo;aeroporto di Nizza torna alla normalit\u00e0?\"}]},{\"@type\":\"WebSite\",\"@id\":\"https:\\\/\\\/www.monaco-tribune.com\\\/it\\\/#website\",\"url\":\"https:\\\/\\\/www.monaco-tribune.com\\\/it\\\/\",\"name\":\"Monaco Tribune\",\"description\":\"Monaco : actualit\u00e9s \u00e9conomiques, politiques, culturelles et sportives de Monaco et de la French Riviera.\",\"publisher\":{\"@id\":\"https:\\\/\\\/www.monaco-tribune.com\\\/it\\\/#organization\"},\"potentialAction\":[{\"@type\":\"SearchAction\",\"target\":{\"@type\":\"EntryPoint\",\"urlTemplate\":\"https:\\\/\\\/www.monaco-tribune.com\\\/it\\\/?s={search_term_string}\"},\"query-input\":{\"@type\":\"PropertyValueSpecification\",\"valueRequired\":true,\"valueName\":\"search_term_string\"}}],\"inLanguage\":\"it-IT\"},{\"@type\":\"Organization\",\"@id\":\"https:\\\/\\\/www.monaco-tribune.com\\\/it\\\/#organization\",\"name\":\"Monaco Tribune\",\"url\":\"https:\\\/\\\/www.monaco-tribune.com\\\/it\\\/\",\"logo\":{\"@type\":\"ImageObject\",\"inLanguage\":\"it-IT\",\"@id\":\"https:\\\/\\\/www.monaco-tribune.com\\\/it\\\/#\\\/schema\\\/logo\\\/image\\\/\",\"url\":\"https:\\\/\\\/www.monaco-tribune.com\\\/wp-content\\\/uploads\\\/2022\\\/11\\\/logo-monaco-tribune.png\",\"contentUrl\":\"https:\\\/\\\/www.monaco-tribune.com\\\/wp-content\\\/uploads\\\/2022\\\/11\\\/logo-monaco-tribune.png\",\"width\":1548,\"height\":600,\"caption\":\"Monaco Tribune\"},\"image\":{\"@id\":\"https:\\\/\\\/www.monaco-tribune.com\\\/it\\\/#\\\/schema\\\/logo\\\/image\\\/\"},\"sameAs\":[\"https:\\\/\\\/www.facebook.com\\\/MonacoTribune\",\"https:\\\/\\\/x.com\\\/MonacoTribune\",\"https:\\\/\\\/www.instagram.com\\\/monacotribune\\\/\",\"https:\\\/\\\/www.linkedin.com\\\/company\\\/monaco-tribune\",\"https:\\\/\\\/www.youtube.com\\\/channel\\\/UCHle1MnG6hw1y4lWKijVbMA\"]},{\"@type\":\"Person\",\"@id\":\"https:\\\/\\\/www.monaco-tribune.com\\\/it\\\/#\\\/schema\\\/person\\\/330a3732947cf8cb41b2533a0eadd62e\",\"name\":\"Romain Boisaubert\",\"image\":{\"@type\":\"ImageObject\",\"inLanguage\":\"it-IT\",\"@id\":\"https:\\\/\\\/secure.gravatar.com\\\/avatar\\\/f8b90d41f1eabd1cbe4cf59e09d8db41a697d51919bf2dfe727589a24a4a4d54?s=96&d=mm&r=g\",\"url\":\"https:\\\/\\\/secure.gravatar.com\\\/avatar\\\/f8b90d41f1eabd1cbe4cf59e09d8db41a697d51919bf2dfe727589a24a4a4d54?s=96&d=mm&r=g\",\"contentUrl\":\"https:\\\/\\\/secure.gravatar.com\\\/avatar\\\/f8b90d41f1eabd1cbe4cf59e09d8db41a697d51919bf2dfe727589a24a4a4d54?s=96&d=mm&r=g\",\"caption\":\"Romain Boisaubert\"},\"description\":\"Test bio\",\"url\":\"https:\\\/\\\/www.monaco-tribune.com\\\/it\\\/author\\\/romain-boisaubert\\\/\"}]}<\/script>\n<!-- \/ Yoast SEO Premium plugin. -->","yoast_head_json":{"title":"Terminal 1, nuove destinazioni... l'aeroporto di Nizza torna alla normalit\u00e0?","description":"Con la stagione estiva che prende il via gi\u00e0 dal 27 marzo, l'Aeroporto Nice C\u00f4te d\u2019Azur promette nuove destinazioni da far invidia al periodo","robots":{"index":"index","follow":"follow","max-snippet":"max-snippet:-1","max-image-preview":"max-image-preview:large","max-video-preview":"max-video-preview:-1"},"canonical":"https:\/\/www.monaco-tribune.com\/it\/2022\/03\/terminal-1-nuove-destinazioni-laeroporto-di-nizza-torna-alla-normalita\/","og_locale":"it_IT","og_type":"article","og_title":"Terminal 1, nuove destinazioni... l'aeroporto di Nizza torna alla normalit\u00e0? - Monaco Tribune","og_description":"Con la stagione estiva che prende il via gi\u00e0 dal 27 marzo, l'Aeroporto Nice C\u00f4te d\u2019Azur promette nuove destinazioni da far invidia al periodo","og_url":"https:\/\/www.monaco-tribune.com\/it\/2022\/03\/terminal-1-nuove-destinazioni-laeroporto-di-nizza-torna-alla-normalita\/","og_site_name":"Monaco Tribune","article_publisher":"https:\/\/www.facebook.com\/MonacoTribune","article_published_time":"2022-03-02T16:12:28+00:00","article_modified_time":"2022-03-02T16:12:34+00:00","og_image":[{"width":1136,"height":709,"url":"https:\/\/www.monaco-tribune.com\/wp-content\/uploads\/2021\/03\/aeroport-nice-cote-d-azur_138478-min-e1663235998660.jpg","type":"image\/jpeg"}],"author":"Romain Boisaubert","twitter_card":"summary_large_image","twitter_creator":"@MonacoTribune","twitter_site":"@MonacoTribune","schema":{"@context":"https:\/\/schema.org","@graph":[{"@type":"NewsArticle","@id":"https:\/\/www.monaco-tribune.com\/it\/2022\/03\/terminal-1-nuove-destinazioni-laeroporto-di-nizza-torna-alla-normalita\/#article","isPartOf":{"@id":"https:\/\/www.monaco-tribune.com\/it\/2022\/03\/terminal-1-nuove-destinazioni-laeroporto-di-nizza-torna-alla-normalita\/"},"author":{"name":"Romain Boisaubert","@id":"https:\/\/www.monaco-tribune.com\/it\/#\/schema\/person\/330a3732947cf8cb41b2533a0eadd62e"},"headline":"Terminal 1, nuove destinazioni&#8230; l&#8217;aeroporto di Nizza torna alla normalit\u00e0?","datePublished":"2022-03-02T16:12:28+00:00","dateModified":"2022-03-02T16:12:34+00:00","mainEntityOfPage":{"@id":"https:\/\/www.monaco-tribune.com\/it\/2022\/03\/terminal-1-nuove-destinazioni-laeroporto-di-nizza-torna-alla-normalita\/"},"wordCount":446,"publisher":{"@id":"https:\/\/www.monaco-tribune.com\/it\/#organization"},"image":{"@id":"https:\/\/www.monaco-tribune.com\/it\/2022\/03\/terminal-1-nuove-destinazioni-laeroporto-di-nizza-torna-alla-normalita\/#primaryimage"},"thumbnailUrl":"https:\/\/www.monaco-tribune.com\/wp-content\/uploads\/2021\/03\/aeroport-nice-cote-d-azur_138478-min-e1663235998660.jpg","keywords":["Aeroporto di Nizza"],"articleSection":["Business","La nostra scelta","Notizie","Societ\u00e0"],"inLanguage":"it-IT","copyrightYear":"2022","copyrightHolder":{"@id":"https:\/\/www.monaco-tribune.com\/#organization"}},{"@type":"WebPage","@id":"https:\/\/www.monaco-tribune.com\/it\/2022\/03\/terminal-1-nuove-destinazioni-laeroporto-di-nizza-torna-alla-normalita\/","url":"https:\/\/www.monaco-tribune.com\/it\/2022\/03\/terminal-1-nuove-destinazioni-laeroporto-di-nizza-torna-alla-normalita\/","name":"Terminal 1, nuove destinazioni... l'aeroporto di Nizza torna alla normalit\u00e0?","isPartOf":{"@id":"https:\/\/www.monaco-tribune.com\/it\/#website"},"primaryImageOfPage":{"@id":"https:\/\/www.monaco-tribune.com\/it\/2022\/03\/terminal-1-nuove-destinazioni-laeroporto-di-nizza-torna-alla-normalita\/#primaryimage"},"image":{"@id":"https:\/\/www.monaco-tribune.com\/it\/2022\/03\/terminal-1-nuove-destinazioni-laeroporto-di-nizza-torna-alla-normalita\/#primaryimage"},"thumbnailUrl":"https:\/\/www.monaco-tribune.com\/wp-content\/uploads\/2021\/03\/aeroport-nice-cote-d-azur_138478-min-e1663235998660.jpg","datePublished":"2022-03-02T16:12:28+00:00","dateModified":"2022-03-02T16:12:34+00:00","description":"Con la stagione estiva che prende il via gi\u00e0 dal 27 marzo, l'Aeroporto Nice C\u00f4te d\u2019Azur promette nuove destinazioni da far invidia al periodo","breadcrumb":{"@id":"https:\/\/www.monaco-tribune.com\/it\/2022\/03\/terminal-1-nuove-destinazioni-laeroporto-di-nizza-torna-alla-normalita\/#breadcrumb"},"inLanguage":"it-IT","potentialAction":[{"@type":"ReadAction","target":["https:\/\/www.monaco-tribune.com\/it\/2022\/03\/terminal-1-nuove-destinazioni-laeroporto-di-nizza-torna-alla-normalita\/"]}]},{"@type":"ImageObject","inLanguage":"it-IT","@id":"https:\/\/www.monaco-tribune.com\/it\/2022\/03\/terminal-1-nuove-destinazioni-laeroporto-di-nizza-torna-alla-normalita\/#primaryimage","url":"https:\/\/www.monaco-tribune.com\/wp-content\/uploads\/2021\/03\/aeroport-nice-cote-d-azur_138478-min-e1663235998660.jpg","contentUrl":"https:\/\/www.monaco-tribune.com\/wp-content\/uploads\/2021\/03\/aeroport-nice-cote-d-azur_138478-min-e1663235998660.jpg","width":1020,"height":637,"caption":"Ci sono diversi modi per raggiungere l'aeroporto di Nizza da Monaco. \u00a9 Ufficio del Turismo di Nizza"},{"@type":"BreadcrumbList","@id":"https:\/\/www.monaco-tribune.com\/it\/2022\/03\/terminal-1-nuove-destinazioni-laeroporto-di-nizza-torna-alla-normalita\/#breadcrumb","itemListElement":[{"@type":"ListItem","position":1,"name":"Accueil","item":"https:\/\/www.monaco-tribune.com\/it\/"},{"@type":"ListItem","position":2,"name":"Terminal 1, nuove destinazioni&#8230; l&rsquo;aeroporto di Nizza torna alla normalit\u00e0?"}]},{"@type":"WebSite","@id":"https:\/\/www.monaco-tribune.com\/it\/#website","url":"https:\/\/www.monaco-tribune.com\/it\/","name":"Monaco Tribune","description":"Monaco : actualit\u00e9s \u00e9conomiques, politiques, culturelles et sportives de Monaco et de la French Riviera.","publisher":{"@id":"https:\/\/www.monaco-tribune.com\/it\/#organization"},"potentialAction":[{"@type":"SearchAction","target":{"@type":"EntryPoint","urlTemplate":"https:\/\/www.monaco-tribune.com\/it\/?s={search_term_string}"},"query-input":{"@type":"PropertyValueSpecification","valueRequired":true,"valueName":"search_term_string"}}],"inLanguage":"it-IT"},{"@type":"Organization","@id":"https:\/\/www.monaco-tribune.com\/it\/#organization","name":"Monaco Tribune","url":"https:\/\/www.monaco-tribune.com\/it\/","logo":{"@type":"ImageObject","inLanguage":"it-IT","@id":"https:\/\/www.monaco-tribune.com\/it\/#\/schema\/logo\/image\/","url":"https:\/\/www.monaco-tribune.com\/wp-content\/uploads\/2022\/11\/logo-monaco-tribune.png","contentUrl":"https:\/\/www.monaco-tribune.com\/wp-content\/uploads\/2022\/11\/logo-monaco-tribune.png","width":1548,"height":600,"caption":"Monaco Tribune"},"image":{"@id":"https:\/\/www.monaco-tribune.com\/it\/#\/schema\/logo\/image\/"},"sameAs":["https:\/\/www.facebook.com\/MonacoTribune","https:\/\/x.com\/MonacoTribune","https:\/\/www.instagram.com\/monacotribune\/","https:\/\/www.linkedin.com\/company\/monaco-tribune","https:\/\/www.youtube.com\/channel\/UCHle1MnG6hw1y4lWKijVbMA"]},{"@type":"Person","@id":"https:\/\/www.monaco-tribune.com\/it\/#\/schema\/person\/330a3732947cf8cb41b2533a0eadd62e","name":"Romain Boisaubert","image":{"@type":"ImageObject","inLanguage":"it-IT","@id":"https:\/\/secure.gravatar.com\/avatar\/f8b90d41f1eabd1cbe4cf59e09d8db41a697d51919bf2dfe727589a24a4a4d54?s=96&d=mm&r=g","url":"https:\/\/secure.gravatar.com\/avatar\/f8b90d41f1eabd1cbe4cf59e09d8db41a697d51919bf2dfe727589a24a4a4d54?s=96&d=mm&r=g","contentUrl":"https:\/\/secure.gravatar.com\/avatar\/f8b90d41f1eabd1cbe4cf59e09d8db41a697d51919bf2dfe727589a24a4a4d54?s=96&d=mm&r=g","caption":"Romain Boisaubert"},"description":"Test bio","url":"https:\/\/www.monaco-tribune.com\/it\/author\/romain-boisaubert\/"}]}},"_links":{"self":[{"href":"https:\/\/www.monaco-tribune.com\/it\/wp-json\/wp\/v2\/posts\/112950","targetHints":{"allow":["GET"]}}],"collection":[{"href":"https:\/\/www.monaco-tribune.com\/it\/wp-json\/wp\/v2\/posts"}],"about":[{"href":"https:\/\/www.monaco-tribune.com\/it\/wp-json\/wp\/v2\/types\/post"}],"author":[{"embeddable":true,"href":"https:\/\/www.monaco-tribune.com\/it\/wp-json\/wp\/v2\/users\/24"}],"replies":[{"embeddable":true,"href":"https:\/\/www.monaco-tribune.com\/it\/wp-json\/wp\/v2\/comments?post=112950"}],"version-history":[{"count":0,"href":"https:\/\/www.monaco-tribune.com\/it\/wp-json\/wp\/v2\/posts\/112950\/revisions"}],"wp:featuredmedia":[{"embeddable":true,"href":"https:\/\/www.monaco-tribune.com\/it\/wp-json\/wp\/v2\/media\/72790"}],"wp:attachment":[{"href":"https:\/\/www.monaco-tribune.com\/it\/wp-json\/wp\/v2\/media?parent=112950"}],"wp:term":[{"taxonomy":"category","embeddable":true,"href":"https:\/\/www.monaco-tribune.com\/it\/wp-json\/wp\/v2\/categories?post=112950"},{"taxonomy":"post_tag","embeddable":true,"href":"https:\/\/www.monaco-tribune.com\/it\/wp-json\/wp\/v2\/tags?post=112950"},{"taxonomy":"sectag","embeddable":true,"href":"https:\/\/www.monaco-tribune.com\/it\/wp-json\/wp\/v2\/post_sectags?post=112950"},{"taxonomy":"format","embeddable":true,"href":"https:\/\/www.monaco-tribune.com\/it\/wp-json\/wp\/v2\/post_format?post=112950"}],"curies":[{"name":"wp","href":"https:\/\/api.w.org\/{rel}","templated":true}]}}