{"id":113725,"date":"2022-03-07T19:05:24","date_gmt":"2022-03-07T18:05:24","guid":{"rendered":"https:\/\/www.monaco-tribune.com\/2022\/03\/il-principe-alberto-ii-da-il-suo-contributo-a-unopera-darte-collettiva-per-l8-marzo\/"},"modified":"2022-03-07T19:05:35","modified_gmt":"2022-03-07T18:05:35","slug":"il-principe-alberto-ii-da-il-suo-contributo-a-unopera-darte-collettiva-per-l8-marzo","status":"publish","type":"post","link":"https:\/\/www.monaco-tribune.com\/it\/2022\/03\/il-principe-alberto-ii-da-il-suo-contributo-a-unopera-darte-collettiva-per-l8-marzo\/","title":{"rendered":"Il Principe Alberto II d\u00e0 il suo contributo a un&#8217;opera d&#8217;arte collettiva per l&#8217;8 marzo"},"content":{"rendered":"\n<p><strong>100 personalit\u00e0 monegasche, tra cui la Principessa St\u00e9phanie, hanno partecipato alla realizzazione di un&#8217;opera collettiva nell&#8217;ambito dell&#8217;iniziativa #8marsMonaco.<\/strong><\/p>\n\n<p>&#8220;Libert\u00e0&#8221;, &#8220;Umanit\u00e0&#8221;, &#8220;Uguaglianza&#8221;, &#8220;Futuro&#8221;, &#8220;Protezione&#8221;&#8230; Vestiti con grembiuli blu e guanti bianchi, armati di vernice spray, stencil e asciugacapelli, 100 personalit\u00e0 del Principato, tra cui il Principe Alberto II, hanno contribuito alla creazione di una grande opera d&#8217;arte che racchiuder\u00e0 tutte queste parole forti e che sar\u00e0 svelata marted\u00ec 8 marzo, in occasione della Giornata internazionale dei diritti della donna.<\/p>\n\n<p>La Principessa St\u00e9phanie, il sindaco Georges Marsan, il presidente del Consiglio nazionale St\u00e9phane Valeri e persino i giocatori dell&#8217;AS Monaco hanno aderito all&#8217;iniziativa.<\/p>\n\n<figure class=\"wp-block-gallery has-nested-images columns-1 is-cropped wp-block-gallery-1 is-layout-flex wp-block-gallery-is-layout-flex\">\n<figure class=\"wp-block-image size-large\"><img loading=\"lazy\" decoding=\"async\" width=\"1020\" height=\"680\" data-id=\"113560\" src=\"https:\/\/www.monaco-tribune.com\/wp-content\/uploads\/2022\/03\/princesse-stephanie-droits-des-femmes-8-mars-monaco-1.jpeg\" alt=\"principessa-stephanie-diritti-delle-donne-8-marzo-monaco\" class=\"wp-image-113560\" srcset=\"https:\/\/www.monaco-tribune.com\/wp-content\/uploads\/2022\/03\/princesse-stephanie-droits-des-femmes-8-mars-monaco-1.jpeg 1020w, https:\/\/www.monaco-tribune.com\/wp-content\/uploads\/2022\/03\/princesse-stephanie-droits-des-femmes-8-mars-monaco-1-450x300.jpeg 450w\" sizes=\"auto, (max-width: 1020px) 100vw, 1020px\" \/><figcaption><em>\u00a9 Frederic Nebinger<\/em><\/figcaption><\/figure>\n\n\n\n<figure class=\"wp-block-image size-large\"><img loading=\"lazy\" decoding=\"async\" width=\"1020\" height=\"1530\" data-id=\"113543\" src=\"https:\/\/www.monaco-tribune.com\/wp-content\/uploads\/2022\/03\/stephane-valeri-8-mars-monaco.jpeg\" alt=\"stephane-valeri-8-marzo-monaco\" class=\"wp-image-113543\" srcset=\"https:\/\/www.monaco-tribune.com\/wp-content\/uploads\/2022\/03\/stephane-valeri-8-mars-monaco.jpeg 1020w, https:\/\/www.monaco-tribune.com\/wp-content\/uploads\/2022\/03\/stephane-valeri-8-mars-monaco-200x300.jpeg 200w, https:\/\/www.monaco-tribune.com\/wp-content\/uploads\/2022\/03\/stephane-valeri-8-mars-monaco-683x1024.jpeg 683w\" sizes=\"auto, (max-width: 1020px) 100vw, 1020px\" \/><figcaption><em>\u00a9 St\u00e9phane Dana<\/em><\/figcaption><\/figure>\n\n\n\n<figure class=\"wp-block-image size-large\"><img loading=\"lazy\" decoding=\"async\" width=\"1620\" height=\"1080\" data-id=\"113588\" src=\"https:\/\/www.monaco-tribune.com\/wp-content\/uploads\/2022\/03\/as-monaco-8-mars-1.jpeg\" alt=\"as-monaco-8-marzo\" class=\"wp-image-113588\" srcset=\"https:\/\/www.monaco-tribune.com\/wp-content\/uploads\/2022\/03\/as-monaco-8-mars-1.jpeg 1620w, https:\/\/www.monaco-tribune.com\/wp-content\/uploads\/2022\/03\/as-monaco-8-mars-1-450x300.jpeg 450w, https:\/\/www.monaco-tribune.com\/wp-content\/uploads\/2022\/03\/as-monaco-8-mars-1-1024x683.jpeg 1024w\" sizes=\"auto, (max-width: 1620px) 100vw, 1620px\" \/><figcaption><em>\u00a9 St\u00e9phane Dana<\/em><\/figcaption><\/figure>\n<\/figure>\n\n<p><strong>LEGGI ANCHE<\/strong>: <a href=\"https:\/\/www.monaco-tribune.com\/it\/2022\/02\/4-iniziative-del-principato-contro-la-violenza-sulle-donne\/\">4 iniziative del Principato contro la violenza sulle donne<\/a><\/p>\n\n<p>Un&#8217;opera collettiva, realizzata in collaborazione con l&#8217;artista Anthony Alberti, noto anche come Mr OneTeas, che affronta una duplice tematica: la tutela dei diritti delle donne e quella del mare. E c\u2019\u00e8 una buona ragione: secondo l&#8217;ONU, infatti, l&#8217;80% degli sfollati a causa del cambiamento climatico \u00e8 composto da donne e ragazze.<\/p>\n\n<p>\u201cQuesto dipinto \u00e8 il simbolo di come tutti possiamo fare la nostra parte per cambiare mentalit\u00e0 e far evolvere la societ\u00e0 per un futuro pi\u00f9 equo e sostenibile\u201d, spiega C\u00e9line Cottalorda, Delegato Interministeriale per i Diritti delle Donne. <em>&#8220;<\/em>Tutti insieme, possiamo realizzare grandi progetti e unirci per proteggere le donne e gli oceani. Questo \u00e8 il messaggio che vogliamo trasmettere in questo 8 marzo&#8221;.<\/p>\n\n<p>L&#8217;opera sar\u00e0 presentata marted\u00ec alle 16:45 presso il Museo Oceanografico di Monaco. Il lavoro sar\u00e0 esposto anche nelle rotatorie, nel centro commerciale di Fontvieille, al Ministero di Stato e sulle inferriate dei Jardins Saint Martin.<\/p>\n","protected":false},"excerpt":{"rendered":"<p>100 personalit\u00e0 monegasche, tra cui la Principessa St\u00e9phanie, hanno partecipato alla realizzazione di un&#8217;opera collettiva nell&#8217;ambito dell&#8217;iniziativa #8marsMonaco. &#8220;Libert\u00e0&#8221;, &#8220;Umanit\u00e0&#8221;, [&hellip;]<\/p>\n","protected":false},"author":60,"featured_media":113526,"comment_status":"closed","ping_status":"closed","sticky":false,"template":"","format":"standard","meta":{"_acf_changed":false,"footnotes":""},"categories":[1742,1826,1738],"tags":[],"post_sectags":[],"post_format":[2478],"class_list":["post-113725","post","type-post","status-publish","format-standard","has-post-thumbnail","hentry","category-famiglia-principesca","category-la-nostra-scelta","category-notizie","format-notizia"],"acf":[],"yoast_head":"<!-- This site is optimized with the Yoast SEO Premium plugin v26.8 (Yoast SEO v27.4) - https:\/\/yoast.com\/product\/yoast-seo-premium-wordpress\/ -->\n<title>Il Principe Alberto II d\u00e0 il suo contributo a un&#039;opera d&#039;arte collettiva per l&#039;8 marzo<\/title>\n<meta name=\"description\" content=\"100 personalit\u00e0 monegasche, tra cui la Principessa St\u00e9phanie, hanno partecipato alla realizzazione di un&#039;opera collettiva nell&#039;ambito dell&#039;iniziativa\" \/>\n<meta name=\"robots\" content=\"index, follow, max-snippet:-1, max-image-preview:large, max-video-preview:-1\" \/>\n<link rel=\"canonical\" href=\"https:\/\/www.monaco-tribune.com\/it\/2022\/03\/il-principe-alberto-ii-da-il-suo-contributo-a-unopera-darte-collettiva-per-l8-marzo\/\" \/>\n<meta property=\"og:locale\" content=\"it_IT\" \/>\n<meta property=\"og:type\" content=\"article\" \/>\n<meta property=\"og:title\" content=\"Il Principe Alberto II d\u00e0 il suo contributo a un&#039;opera d&#039;arte collettiva per l&#039;8 marzo - Monaco Tribune\" \/>\n<meta property=\"og:description\" content=\"100 personalit\u00e0 monegasche, tra cui la Principessa St\u00e9phanie, hanno partecipato alla realizzazione di un&#039;opera collettiva nell&#039;ambito dell&#039;iniziativa\" \/>\n<meta property=\"og:url\" content=\"https:\/\/www.monaco-tribune.com\/it\/2022\/03\/il-principe-alberto-ii-da-il-suo-contributo-a-unopera-darte-collettiva-per-l8-marzo\/\" \/>\n<meta property=\"og:site_name\" content=\"Monaco Tribune\" \/>\n<meta property=\"article:publisher\" content=\"https:\/\/www.facebook.com\/MonacoTribune\" \/>\n<meta property=\"article:published_time\" content=\"2022-03-07T18:05:24+00:00\" \/>\n<meta property=\"article:modified_time\" content=\"2022-03-07T18:05:35+00:00\" \/>\n<meta property=\"og:image\" content=\"https:\/\/www.monaco-tribune.com\/wp-content\/uploads\/2022\/03\/prince-albert-8-mars-droit-des-femmes.jpeg\" \/>\n\t<meta property=\"og:image:width\" content=\"1020\" \/>\n\t<meta property=\"og:image:height\" content=\"680\" \/>\n\t<meta property=\"og:image:type\" content=\"image\/jpeg\" \/>\n<meta name=\"author\" content=\"Camille Esteve\" \/>\n<meta name=\"twitter:card\" content=\"summary_large_image\" \/>\n<meta name=\"twitter:creator\" content=\"@MonacoTribune\" \/>\n<meta name=\"twitter:site\" content=\"@MonacoTribune\" \/>\n<script type=\"application\/ld+json\" class=\"yoast-schema-graph\">{\"@context\":\"https:\\\/\\\/schema.org\",\"@graph\":[{\"@type\":\"NewsArticle\",\"@id\":\"https:\\\/\\\/www.monaco-tribune.com\\\/it\\\/2022\\\/03\\\/il-principe-alberto-ii-da-il-suo-contributo-a-unopera-darte-collettiva-per-l8-marzo\\\/#article\",\"isPartOf\":{\"@id\":\"https:\\\/\\\/www.monaco-tribune.com\\\/it\\\/2022\\\/03\\\/il-principe-alberto-ii-da-il-suo-contributo-a-unopera-darte-collettiva-per-l8-marzo\\\/\"},\"author\":{\"name\":\"Camille Esteve\",\"@id\":\"https:\\\/\\\/www.monaco-tribune.com\\\/it\\\/#\\\/schema\\\/person\\\/a855d420fff4d03637641d60b93ac62e\"},\"headline\":\"Il Principe Alberto II d\u00e0 il suo contributo a un&#8217;opera d&#8217;arte collettiva per l&#8217;8 marzo\",\"datePublished\":\"2022-03-07T18:05:24+00:00\",\"dateModified\":\"2022-03-07T18:05:35+00:00\",\"mainEntityOfPage\":{\"@id\":\"https:\\\/\\\/www.monaco-tribune.com\\\/it\\\/2022\\\/03\\\/il-principe-alberto-ii-da-il-suo-contributo-a-unopera-darte-collettiva-per-l8-marzo\\\/\"},\"wordCount\":292,\"publisher\":{\"@id\":\"https:\\\/\\\/www.monaco-tribune.com\\\/it\\\/#organization\"},\"image\":{\"@id\":\"https:\\\/\\\/www.monaco-tribune.com\\\/it\\\/2022\\\/03\\\/il-principe-alberto-ii-da-il-suo-contributo-a-unopera-darte-collettiva-per-l8-marzo\\\/#primaryimage\"},\"thumbnailUrl\":\"https:\\\/\\\/www.monaco-tribune.com\\\/wp-content\\\/uploads\\\/2022\\\/03\\\/prince-albert-8-mars-droit-des-femmes.jpeg\",\"articleSection\":[\"Famiglia Principesca\",\"La nostra scelta\",\"Notizie\"],\"inLanguage\":\"it-IT\",\"copyrightYear\":\"2022\",\"copyrightHolder\":{\"@id\":\"https:\\\/\\\/www.monaco-tribune.com\\\/#organization\"}},{\"@type\":\"WebPage\",\"@id\":\"https:\\\/\\\/www.monaco-tribune.com\\\/it\\\/2022\\\/03\\\/il-principe-alberto-ii-da-il-suo-contributo-a-unopera-darte-collettiva-per-l8-marzo\\\/\",\"url\":\"https:\\\/\\\/www.monaco-tribune.com\\\/it\\\/2022\\\/03\\\/il-principe-alberto-ii-da-il-suo-contributo-a-unopera-darte-collettiva-per-l8-marzo\\\/\",\"name\":\"Il Principe Alberto II d\u00e0 il suo contributo a un'opera d'arte collettiva per l'8 marzo\",\"isPartOf\":{\"@id\":\"https:\\\/\\\/www.monaco-tribune.com\\\/it\\\/#website\"},\"primaryImageOfPage\":{\"@id\":\"https:\\\/\\\/www.monaco-tribune.com\\\/it\\\/2022\\\/03\\\/il-principe-alberto-ii-da-il-suo-contributo-a-unopera-darte-collettiva-per-l8-marzo\\\/#primaryimage\"},\"image\":{\"@id\":\"https:\\\/\\\/www.monaco-tribune.com\\\/it\\\/2022\\\/03\\\/il-principe-alberto-ii-da-il-suo-contributo-a-unopera-darte-collettiva-per-l8-marzo\\\/#primaryimage\"},\"thumbnailUrl\":\"https:\\\/\\\/www.monaco-tribune.com\\\/wp-content\\\/uploads\\\/2022\\\/03\\\/prince-albert-8-mars-droit-des-femmes.jpeg\",\"datePublished\":\"2022-03-07T18:05:24+00:00\",\"dateModified\":\"2022-03-07T18:05:35+00:00\",\"description\":\"100 personalit\u00e0 monegasche, tra cui la Principessa St\u00e9phanie, hanno partecipato alla realizzazione di un'opera collettiva nell'ambito dell'iniziativa\",\"breadcrumb\":{\"@id\":\"https:\\\/\\\/www.monaco-tribune.com\\\/it\\\/2022\\\/03\\\/il-principe-alberto-ii-da-il-suo-contributo-a-unopera-darte-collettiva-per-l8-marzo\\\/#breadcrumb\"},\"inLanguage\":\"it-IT\",\"potentialAction\":[{\"@type\":\"ReadAction\",\"target\":[\"https:\\\/\\\/www.monaco-tribune.com\\\/it\\\/2022\\\/03\\\/il-principe-alberto-ii-da-il-suo-contributo-a-unopera-darte-collettiva-per-l8-marzo\\\/\"]}]},{\"@type\":\"ImageObject\",\"inLanguage\":\"it-IT\",\"@id\":\"https:\\\/\\\/www.monaco-tribune.com\\\/it\\\/2022\\\/03\\\/il-principe-alberto-ii-da-il-suo-contributo-a-unopera-darte-collettiva-per-l8-marzo\\\/#primaryimage\",\"url\":\"https:\\\/\\\/www.monaco-tribune.com\\\/wp-content\\\/uploads\\\/2022\\\/03\\\/prince-albert-8-mars-droit-des-femmes.jpeg\",\"contentUrl\":\"https:\\\/\\\/www.monaco-tribune.com\\\/wp-content\\\/uploads\\\/2022\\\/03\\\/prince-albert-8-mars-droit-des-femmes.jpeg\",\"width\":1020,\"height\":680,\"caption\":\"Manuel Vitali\"},{\"@type\":\"BreadcrumbList\",\"@id\":\"https:\\\/\\\/www.monaco-tribune.com\\\/it\\\/2022\\\/03\\\/il-principe-alberto-ii-da-il-suo-contributo-a-unopera-darte-collettiva-per-l8-marzo\\\/#breadcrumb\",\"itemListElement\":[{\"@type\":\"ListItem\",\"position\":1,\"name\":\"Accueil\",\"item\":\"https:\\\/\\\/www.monaco-tribune.com\\\/it\\\/\"},{\"@type\":\"ListItem\",\"position\":2,\"name\":\"Il Principe Alberto II d\u00e0 il suo contributo a un&rsquo;opera d&rsquo;arte collettiva per l&rsquo;8 marzo\"}]},{\"@type\":\"WebSite\",\"@id\":\"https:\\\/\\\/www.monaco-tribune.com\\\/it\\\/#website\",\"url\":\"https:\\\/\\\/www.monaco-tribune.com\\\/it\\\/\",\"name\":\"Monaco Tribune\",\"description\":\"Monaco : actualit\u00e9s \u00e9conomiques, politiques, culturelles et sportives de Monaco et de la French Riviera.\",\"publisher\":{\"@id\":\"https:\\\/\\\/www.monaco-tribune.com\\\/it\\\/#organization\"},\"potentialAction\":[{\"@type\":\"SearchAction\",\"target\":{\"@type\":\"EntryPoint\",\"urlTemplate\":\"https:\\\/\\\/www.monaco-tribune.com\\\/it\\\/?s={search_term_string}\"},\"query-input\":{\"@type\":\"PropertyValueSpecification\",\"valueRequired\":true,\"valueName\":\"search_term_string\"}}],\"inLanguage\":\"it-IT\"},{\"@type\":\"Organization\",\"@id\":\"https:\\\/\\\/www.monaco-tribune.com\\\/it\\\/#organization\",\"name\":\"Monaco Tribune\",\"url\":\"https:\\\/\\\/www.monaco-tribune.com\\\/it\\\/\",\"logo\":{\"@type\":\"ImageObject\",\"inLanguage\":\"it-IT\",\"@id\":\"https:\\\/\\\/www.monaco-tribune.com\\\/it\\\/#\\\/schema\\\/logo\\\/image\\\/\",\"url\":\"https:\\\/\\\/www.monaco-tribune.com\\\/wp-content\\\/uploads\\\/2022\\\/11\\\/logo-monaco-tribune.png\",\"contentUrl\":\"https:\\\/\\\/www.monaco-tribune.com\\\/wp-content\\\/uploads\\\/2022\\\/11\\\/logo-monaco-tribune.png\",\"width\":1548,\"height\":600,\"caption\":\"Monaco Tribune\"},\"image\":{\"@id\":\"https:\\\/\\\/www.monaco-tribune.com\\\/it\\\/#\\\/schema\\\/logo\\\/image\\\/\"},\"sameAs\":[\"https:\\\/\\\/www.facebook.com\\\/MonacoTribune\",\"https:\\\/\\\/x.com\\\/MonacoTribune\",\"https:\\\/\\\/www.instagram.com\\\/monacotribune\\\/\",\"https:\\\/\\\/www.linkedin.com\\\/company\\\/monaco-tribune\",\"https:\\\/\\\/www.youtube.com\\\/channel\\\/UCHle1MnG6hw1y4lWKijVbMA\"]},{\"@type\":\"Person\",\"@id\":\"https:\\\/\\\/www.monaco-tribune.com\\\/it\\\/#\\\/schema\\\/person\\\/a855d420fff4d03637641d60b93ac62e\",\"name\":\"Camille Esteve\",\"image\":{\"@type\":\"ImageObject\",\"inLanguage\":\"it-IT\",\"@id\":\"https:\\\/\\\/secure.gravatar.com\\\/avatar\\\/eaaa2355a7bb56c0018a391c20a55bf9b4690e3f493231dd850e612bfa6ce161?s=96&d=mm&r=g\",\"url\":\"https:\\\/\\\/secure.gravatar.com\\\/avatar\\\/eaaa2355a7bb56c0018a391c20a55bf9b4690e3f493231dd850e612bfa6ce161?s=96&d=mm&r=g\",\"contentUrl\":\"https:\\\/\\\/secure.gravatar.com\\\/avatar\\\/eaaa2355a7bb56c0018a391c20a55bf9b4690e3f493231dd850e612bfa6ce161?s=96&d=mm&r=g\",\"caption\":\"Camille Esteve\"},\"url\":\"https:\\\/\\\/www.monaco-tribune.com\\\/it\\\/author\\\/camilleesteve\\\/\"}]}<\/script>\n<!-- \/ Yoast SEO Premium plugin. -->","yoast_head_json":{"title":"Il Principe Alberto II d\u00e0 il suo contributo a un'opera d'arte collettiva per l'8 marzo","description":"100 personalit\u00e0 monegasche, tra cui la Principessa St\u00e9phanie, hanno partecipato alla realizzazione di un'opera collettiva nell'ambito dell'iniziativa","robots":{"index":"index","follow":"follow","max-snippet":"max-snippet:-1","max-image-preview":"max-image-preview:large","max-video-preview":"max-video-preview:-1"},"canonical":"https:\/\/www.monaco-tribune.com\/it\/2022\/03\/il-principe-alberto-ii-da-il-suo-contributo-a-unopera-darte-collettiva-per-l8-marzo\/","og_locale":"it_IT","og_type":"article","og_title":"Il Principe Alberto II d\u00e0 il suo contributo a un'opera d'arte collettiva per l'8 marzo - Monaco Tribune","og_description":"100 personalit\u00e0 monegasche, tra cui la Principessa St\u00e9phanie, hanno partecipato alla realizzazione di un'opera collettiva nell'ambito dell'iniziativa","og_url":"https:\/\/www.monaco-tribune.com\/it\/2022\/03\/il-principe-alberto-ii-da-il-suo-contributo-a-unopera-darte-collettiva-per-l8-marzo\/","og_site_name":"Monaco Tribune","article_publisher":"https:\/\/www.facebook.com\/MonacoTribune","article_published_time":"2022-03-07T18:05:24+00:00","article_modified_time":"2022-03-07T18:05:35+00:00","og_image":[{"width":1020,"height":680,"url":"https:\/\/www.monaco-tribune.com\/wp-content\/uploads\/2022\/03\/prince-albert-8-mars-droit-des-femmes.jpeg","type":"image\/jpeg"}],"author":"Camille Esteve","twitter_card":"summary_large_image","twitter_creator":"@MonacoTribune","twitter_site":"@MonacoTribune","schema":{"@context":"https:\/\/schema.org","@graph":[{"@type":"NewsArticle","@id":"https:\/\/www.monaco-tribune.com\/it\/2022\/03\/il-principe-alberto-ii-da-il-suo-contributo-a-unopera-darte-collettiva-per-l8-marzo\/#article","isPartOf":{"@id":"https:\/\/www.monaco-tribune.com\/it\/2022\/03\/il-principe-alberto-ii-da-il-suo-contributo-a-unopera-darte-collettiva-per-l8-marzo\/"},"author":{"name":"Camille Esteve","@id":"https:\/\/www.monaco-tribune.com\/it\/#\/schema\/person\/a855d420fff4d03637641d60b93ac62e"},"headline":"Il Principe Alberto II d\u00e0 il suo contributo a un&#8217;opera d&#8217;arte collettiva per l&#8217;8 marzo","datePublished":"2022-03-07T18:05:24+00:00","dateModified":"2022-03-07T18:05:35+00:00","mainEntityOfPage":{"@id":"https:\/\/www.monaco-tribune.com\/it\/2022\/03\/il-principe-alberto-ii-da-il-suo-contributo-a-unopera-darte-collettiva-per-l8-marzo\/"},"wordCount":292,"publisher":{"@id":"https:\/\/www.monaco-tribune.com\/it\/#organization"},"image":{"@id":"https:\/\/www.monaco-tribune.com\/it\/2022\/03\/il-principe-alberto-ii-da-il-suo-contributo-a-unopera-darte-collettiva-per-l8-marzo\/#primaryimage"},"thumbnailUrl":"https:\/\/www.monaco-tribune.com\/wp-content\/uploads\/2022\/03\/prince-albert-8-mars-droit-des-femmes.jpeg","articleSection":["Famiglia Principesca","La nostra scelta","Notizie"],"inLanguage":"it-IT","copyrightYear":"2022","copyrightHolder":{"@id":"https:\/\/www.monaco-tribune.com\/#organization"}},{"@type":"WebPage","@id":"https:\/\/www.monaco-tribune.com\/it\/2022\/03\/il-principe-alberto-ii-da-il-suo-contributo-a-unopera-darte-collettiva-per-l8-marzo\/","url":"https:\/\/www.monaco-tribune.com\/it\/2022\/03\/il-principe-alberto-ii-da-il-suo-contributo-a-unopera-darte-collettiva-per-l8-marzo\/","name":"Il Principe Alberto II d\u00e0 il suo contributo a un'opera d'arte collettiva per l'8 marzo","isPartOf":{"@id":"https:\/\/www.monaco-tribune.com\/it\/#website"},"primaryImageOfPage":{"@id":"https:\/\/www.monaco-tribune.com\/it\/2022\/03\/il-principe-alberto-ii-da-il-suo-contributo-a-unopera-darte-collettiva-per-l8-marzo\/#primaryimage"},"image":{"@id":"https:\/\/www.monaco-tribune.com\/it\/2022\/03\/il-principe-alberto-ii-da-il-suo-contributo-a-unopera-darte-collettiva-per-l8-marzo\/#primaryimage"},"thumbnailUrl":"https:\/\/www.monaco-tribune.com\/wp-content\/uploads\/2022\/03\/prince-albert-8-mars-droit-des-femmes.jpeg","datePublished":"2022-03-07T18:05:24+00:00","dateModified":"2022-03-07T18:05:35+00:00","description":"100 personalit\u00e0 monegasche, tra cui la Principessa St\u00e9phanie, hanno partecipato alla realizzazione di un'opera collettiva nell'ambito dell'iniziativa","breadcrumb":{"@id":"https:\/\/www.monaco-tribune.com\/it\/2022\/03\/il-principe-alberto-ii-da-il-suo-contributo-a-unopera-darte-collettiva-per-l8-marzo\/#breadcrumb"},"inLanguage":"it-IT","potentialAction":[{"@type":"ReadAction","target":["https:\/\/www.monaco-tribune.com\/it\/2022\/03\/il-principe-alberto-ii-da-il-suo-contributo-a-unopera-darte-collettiva-per-l8-marzo\/"]}]},{"@type":"ImageObject","inLanguage":"it-IT","@id":"https:\/\/www.monaco-tribune.com\/it\/2022\/03\/il-principe-alberto-ii-da-il-suo-contributo-a-unopera-darte-collettiva-per-l8-marzo\/#primaryimage","url":"https:\/\/www.monaco-tribune.com\/wp-content\/uploads\/2022\/03\/prince-albert-8-mars-droit-des-femmes.jpeg","contentUrl":"https:\/\/www.monaco-tribune.com\/wp-content\/uploads\/2022\/03\/prince-albert-8-mars-droit-des-femmes.jpeg","width":1020,"height":680,"caption":"Manuel Vitali"},{"@type":"BreadcrumbList","@id":"https:\/\/www.monaco-tribune.com\/it\/2022\/03\/il-principe-alberto-ii-da-il-suo-contributo-a-unopera-darte-collettiva-per-l8-marzo\/#breadcrumb","itemListElement":[{"@type":"ListItem","position":1,"name":"Accueil","item":"https:\/\/www.monaco-tribune.com\/it\/"},{"@type":"ListItem","position":2,"name":"Il Principe Alberto II d\u00e0 il suo contributo a un&rsquo;opera d&rsquo;arte collettiva per l&rsquo;8 marzo"}]},{"@type":"WebSite","@id":"https:\/\/www.monaco-tribune.com\/it\/#website","url":"https:\/\/www.monaco-tribune.com\/it\/","name":"Monaco Tribune","description":"Monaco : actualit\u00e9s \u00e9conomiques, politiques, culturelles et sportives de Monaco et de la French Riviera.","publisher":{"@id":"https:\/\/www.monaco-tribune.com\/it\/#organization"},"potentialAction":[{"@type":"SearchAction","target":{"@type":"EntryPoint","urlTemplate":"https:\/\/www.monaco-tribune.com\/it\/?s={search_term_string}"},"query-input":{"@type":"PropertyValueSpecification","valueRequired":true,"valueName":"search_term_string"}}],"inLanguage":"it-IT"},{"@type":"Organization","@id":"https:\/\/www.monaco-tribune.com\/it\/#organization","name":"Monaco Tribune","url":"https:\/\/www.monaco-tribune.com\/it\/","logo":{"@type":"ImageObject","inLanguage":"it-IT","@id":"https:\/\/www.monaco-tribune.com\/it\/#\/schema\/logo\/image\/","url":"https:\/\/www.monaco-tribune.com\/wp-content\/uploads\/2022\/11\/logo-monaco-tribune.png","contentUrl":"https:\/\/www.monaco-tribune.com\/wp-content\/uploads\/2022\/11\/logo-monaco-tribune.png","width":1548,"height":600,"caption":"Monaco Tribune"},"image":{"@id":"https:\/\/www.monaco-tribune.com\/it\/#\/schema\/logo\/image\/"},"sameAs":["https:\/\/www.facebook.com\/MonacoTribune","https:\/\/x.com\/MonacoTribune","https:\/\/www.instagram.com\/monacotribune\/","https:\/\/www.linkedin.com\/company\/monaco-tribune","https:\/\/www.youtube.com\/channel\/UCHle1MnG6hw1y4lWKijVbMA"]},{"@type":"Person","@id":"https:\/\/www.monaco-tribune.com\/it\/#\/schema\/person\/a855d420fff4d03637641d60b93ac62e","name":"Camille Esteve","image":{"@type":"ImageObject","inLanguage":"it-IT","@id":"https:\/\/secure.gravatar.com\/avatar\/eaaa2355a7bb56c0018a391c20a55bf9b4690e3f493231dd850e612bfa6ce161?s=96&d=mm&r=g","url":"https:\/\/secure.gravatar.com\/avatar\/eaaa2355a7bb56c0018a391c20a55bf9b4690e3f493231dd850e612bfa6ce161?s=96&d=mm&r=g","contentUrl":"https:\/\/secure.gravatar.com\/avatar\/eaaa2355a7bb56c0018a391c20a55bf9b4690e3f493231dd850e612bfa6ce161?s=96&d=mm&r=g","caption":"Camille Esteve"},"url":"https:\/\/www.monaco-tribune.com\/it\/author\/camilleesteve\/"}]}},"_links":{"self":[{"href":"https:\/\/www.monaco-tribune.com\/it\/wp-json\/wp\/v2\/posts\/113725","targetHints":{"allow":["GET"]}}],"collection":[{"href":"https:\/\/www.monaco-tribune.com\/it\/wp-json\/wp\/v2\/posts"}],"about":[{"href":"https:\/\/www.monaco-tribune.com\/it\/wp-json\/wp\/v2\/types\/post"}],"author":[{"embeddable":true,"href":"https:\/\/www.monaco-tribune.com\/it\/wp-json\/wp\/v2\/users\/60"}],"replies":[{"embeddable":true,"href":"https:\/\/www.monaco-tribune.com\/it\/wp-json\/wp\/v2\/comments?post=113725"}],"version-history":[{"count":0,"href":"https:\/\/www.monaco-tribune.com\/it\/wp-json\/wp\/v2\/posts\/113725\/revisions"}],"wp:featuredmedia":[{"embeddable":true,"href":"https:\/\/www.monaco-tribune.com\/it\/wp-json\/wp\/v2\/media\/113526"}],"wp:attachment":[{"href":"https:\/\/www.monaco-tribune.com\/it\/wp-json\/wp\/v2\/media?parent=113725"}],"wp:term":[{"taxonomy":"category","embeddable":true,"href":"https:\/\/www.monaco-tribune.com\/it\/wp-json\/wp\/v2\/categories?post=113725"},{"taxonomy":"post_tag","embeddable":true,"href":"https:\/\/www.monaco-tribune.com\/it\/wp-json\/wp\/v2\/tags?post=113725"},{"taxonomy":"sectag","embeddable":true,"href":"https:\/\/www.monaco-tribune.com\/it\/wp-json\/wp\/v2\/post_sectags?post=113725"},{"taxonomy":"format","embeddable":true,"href":"https:\/\/www.monaco-tribune.com\/it\/wp-json\/wp\/v2\/post_format?post=113725"}],"curies":[{"name":"wp","href":"https:\/\/api.w.org\/{rel}","templated":true}]}}