{"id":113884,"date":"2022-03-08T18:34:19","date_gmt":"2022-03-08T17:34:19","guid":{"rendered":"https:\/\/www.monaco-tribune.com\/2022\/03\/top-3-delle-sculture-piu-insolite-di-monaco\/"},"modified":"2022-03-08T18:38:51","modified_gmt":"2022-03-08T17:38:51","slug":"top-3-delle-sculture-piu-insolite-di-monaco","status":"publish","type":"post","link":"https:\/\/www.monaco-tribune.com\/it\/2022\/03\/top-3-delle-sculture-piu-insolite-di-monaco\/","title":{"rendered":"Top 3 delle sculture pi\u00f9 insolite di Monaco"},"content":{"rendered":"\n<p><strong>Ecco un nuovo episodio della serie dedicata alle sculture di Monaco.<\/strong><\/p>\n\n\n\n<p>Tra le tantissime opere d&#8217;arte in mostra nel Principato, alcune statue attirano l&#8217;attenzione per la loro originalit\u00e0. Dopo l&#8217;articolo sulle <a href=\"https:\/\/www.monaco-tribune.com\/it\/2022\/03\/top-3-delle-sculture-piu-recenti-di-monaco\/\">tre sculture pi\u00f9 recenti di Monaco<\/a>, la redazione ha selezionato tre opere insolite in cui potreste imbattervi.<\/p>\n\n\n\n<h2 class=\"wp-block-heading\" id=\"h-le-manteau-de-la-conscience-di-anna-chromy\">&#8220;Le Manteau de la Conscience&#8221; di Anna Chrom\u00fd<\/h2>\n\n\n\n<div class=\"wp-block-image\"><figure class=\"aligncenter size-full\"><img loading=\"lazy\" decoding=\"async\" width=\"1020\" height=\"574\" src=\"https:\/\/www.monaco-tribune.com\/wp-content\/uploads\/2022\/03\/le-manteau-de-la-conscience-1.jpg\" alt=\"\" class=\"wp-image-112863\" srcset=\"https:\/\/www.monaco-tribune.com\/wp-content\/uploads\/2022\/03\/le-manteau-de-la-conscience-1.jpg 1020w, https:\/\/www.monaco-tribune.com\/wp-content\/uploads\/2022\/03\/le-manteau-de-la-conscience-1-533x300.jpg 533w\" sizes=\"auto, (max-width: 1020px) 100vw, 1020px\" \/><figcaption><em>&#8220;Le Manteau de la Conscience&#8221; di Anna Chrom\u00fd &#8211; \u00a9 J\u00e9r\u00f4me Vinette<\/em><\/figcaption><\/figure><\/div>\n\n\n\n<p>Cominciamo da una delle pi\u00f9 famose, il &#8220;<em>Mantello della coscienza<\/em>&#8220;. Questa statua, situata sulla Rocca, \u00e8 abbastanza impressionante, se non addirittura un po&#8217; inquietante. Sulla strada per il Museo Oceanografico, i passanti si imbattono in una grande figura seduta nascosta da un mantello bianco. Anche se sembra un fantasma, rappresenta in realt\u00e0 una vergine senza volto in marmo bianco.<\/p>\n\n\n\n<p>L&#8217;opera \u00e8 piuttosto recente, risale infatti al 2014, ed \u00e8 un regalo del Club internazionale tedesco di Monaco per il Principe Alberto II. \u00c8 stata realizzata dall&#8217;artista ceca Anna Chrom\u00fd, deceduta lo scorso settembre. L&#8217;obiettivo dell&#8217;artista era quello di spingerci a riflettere su noi stessi e sulle nostre azioni.<\/p>\n\n\n\n<p>Per farlo, la Chrom\u00fd si \u00e8 ispirata ad Albert Einstein. &#8220;La pi\u00f9 bella esperienza che possiamo fare \u00e8 quella con il mistero. \u00c8 l&#8217;emozione fondamentale alla base della vera arte e della vera scienza&#8221;, aveva raccontato nel discorso d&#8217;inaugurazione.<\/p>\n\n\n\n<p>A proposito della scultura, sul suo sito internet Anna Chrom\u00fd affermava che &#8220;la ricerca del bello&#8221; \u00e8 una cosa che &#8220;non \u00e8 sempre evidente nell&#8217;arte dei nostri giorni (&#8230;) Per me la bellezza \u00e8 l&#8217;immagine fisica dell&#8217;armonia, l&#8217;armonia tra l&#8217;uomo, la natura e tutta la creazione&#8221;.<\/p>\n\n\n\n<p><strong>LEGGI ANCHE<\/strong>: <a href=\"https:\/\/www.monaco-tribune.com\/it\/2021\/12\/anna-chromy-artista-ed-eterna-perfezionista-dal-cuore-grande\/\">Anna Chrom\u00fd: artista ed eterna perfezionista dal cuore grande<\/a><\/p>\n\n\n\n<h2 class=\"wp-block-heading\">Il &#8220;Motophant&#8221;, mezza moto e mezzo elefante<\/h2>\n\n\n\n<div class=\"wp-block-image\"><figure class=\"aligncenter size-full is-resized\"><img loading=\"lazy\" decoding=\"async\" src=\"https:\/\/www.monaco-tribune.com\/wp-content\/uploads\/2022\/03\/le-motophant-1.jpg\" alt=\"\" class=\"wp-image-112859\" width=\"968\" height=\"544\" srcset=\"https:\/\/www.monaco-tribune.com\/wp-content\/uploads\/2022\/03\/le-motophant-1.jpg 1020w, https:\/\/www.monaco-tribune.com\/wp-content\/uploads\/2022\/03\/le-motophant-1-533x300.jpg 533w\" sizes=\"auto, (max-width: 968px) 100vw, 968px\" \/><figcaption><em>Il &#8220;Motophant&#8221; di Armand Fernandez &#8211; \u00a9 J\u00e9r\u00f4me Vinette<\/em><\/figcaption><\/figure><\/div>\n\n\n\n<p>\u00c8 vero, l&#8217;arte d\u00e0 libero sfogo all&#8217;immaginazione, ma \u00e8 anche un ottimo modo per esprimere la proprio opinione. O almeno cos\u00ec \u00e8 stato per Armand Fernandez, o semplicemente Arman, artista franco-americano nato a Nizza nel 1928, artefice della &#8220;Motophant&#8221;. La scultura rappresenta un elefante con un corpo da moto, con il dorso ricoperto di ferraglia e le zampe attaccate a delle ruote. L&#8217;opera, realizzata nel 1988, si trova nel parco di Fontvieille.<\/p>\n\n\n\n<p>Con questo lavoro, Arman avr\u00e0 voluto denunciare le azioni degli esseri umani e le loro conseguenze sul pianeta. L&#8217;artista rappresenta cos\u00ec l&#8217;impatto della tecnologia moderna (la moto) sulla natura (l&#8217;elefante), che ne \u00e8 di conseguenza minacciata. Questo spiegherebbe la ferraglia arrugginita della moto sull&#8217;elefante in pericolo.<\/p>\n\n\n\n<p><strong>LEGGI ANCHE<\/strong>: <a href=\"https:\/\/www.monaco-tribune.com\/it\/2022\/03\/top-3-delle-sculture-piu-recenti-di-monaco\/\">Top 3 delle sculture pi\u00f9 recenti di Monaco<\/a><\/p>\n\n\n\n<h2 class=\"wp-block-heading\">&#8220;The Sitting Couple&#8221;, la coppia seduta<\/h2>\n\n\n\n<div class=\"wp-block-image\"><figure class=\"aligncenter size-full\"><img loading=\"lazy\" decoding=\"async\" width=\"1020\" height=\"574\" src=\"https:\/\/www.monaco-tribune.com\/wp-content\/uploads\/2022\/03\/the-sitting-couple-1.jpg\" alt=\"\" class=\"wp-image-112825\" srcset=\"https:\/\/www.monaco-tribune.com\/wp-content\/uploads\/2022\/03\/the-sitting-couple-1.jpg 1020w, https:\/\/www.monaco-tribune.com\/wp-content\/uploads\/2022\/03\/the-sitting-couple-1-533x300.jpg 533w\" sizes=\"auto, (max-width: 1020px) 100vw, 1020px\" \/><figcaption><em>&#8220;The Sitting Couple&#8221; di Lyan Russel Chadwick &#8211; \u00a9 J\u00e9r\u00f4me Vinette<\/em><\/figcaption><\/figure><\/div>\n\n\n\n<p>Sempre a Fontvieille, potreste imbattervi in una scultura dalle linee bizzarre intitolata &#8220;The Sitting Couple&#8221; e realizzata da Lynn Russell Chadwick. Come si evince dal nome, si tratta di una coppia seduta su una panchina. La cosa pi\u00f9 curiosa, per\u00f2, \u00e8 la strana forma dei corpi dei personaggi.<\/p>\n\n\n\n<p>L&#8217;uomo e la donna sono seduti rivolti verso la strada dove passano le macchine, una posizione che fa pensare a una coppia intenta a riflettere.<\/p>\n\n\n\n<p>In realt\u00e0, non \u00e8 l&#8217;unica scultura simile: Lynn Russell Chadwick era famoso proprio per le sue &#8220;sitting couples&#8221; che oggi sono esposte in tutto il mondo.<\/p>\n","protected":false},"excerpt":{"rendered":"<p>Ecco un nuovo episodio della serie dedicata alle sculture di Monaco. Tra le tantissime opere d&#8217;arte in mostra nel Principato, [&hellip;]<\/p>\n","protected":false},"author":63,"featured_media":112877,"comment_status":"closed","ping_status":"closed","sticky":false,"template":"","format":"standard","meta":{"_acf_changed":false,"footnotes":""},"categories":[1826,1738],"tags":[],"post_sectags":[],"post_format":[2469],"class_list":["post-113884","post","type-post","status-publish","format-standard","has-post-thumbnail","hentry","category-la-nostra-scelta","category-notizie","format-analisi"],"acf":[],"yoast_head":"<!-- This site is optimized with the Yoast SEO Premium plugin v26.8 (Yoast SEO v27.4) - https:\/\/yoast.com\/product\/yoast-seo-premium-wordpress\/ -->\n<title>Top 3 delle sculture pi\u00f9 insolite di Monaco<\/title>\n<meta name=\"description\" content=\"Ecco un nuovo episodio della serie dedicata alle sculture di Monaco. Tra le tantissime opere d&#039;arte in mostra nel Principato, alcune statue attirano\" \/>\n<meta name=\"robots\" content=\"index, follow, max-snippet:-1, max-image-preview:large, max-video-preview:-1\" \/>\n<link rel=\"canonical\" href=\"https:\/\/www.monaco-tribune.com\/it\/2022\/03\/top-3-delle-sculture-piu-insolite-di-monaco\/\" \/>\n<meta property=\"og:locale\" content=\"it_IT\" \/>\n<meta property=\"og:type\" content=\"article\" \/>\n<meta property=\"og:title\" content=\"Top 3 delle sculture pi\u00f9 insolite di Monaco - Monaco Tribune\" \/>\n<meta property=\"og:description\" content=\"Ecco un nuovo episodio della serie dedicata alle sculture di Monaco. Tra le tantissime opere d&#039;arte in mostra nel Principato, alcune statue attirano\" \/>\n<meta property=\"og:url\" content=\"https:\/\/www.monaco-tribune.com\/it\/2022\/03\/top-3-delle-sculture-piu-insolite-di-monaco\/\" \/>\n<meta property=\"og:site_name\" content=\"Monaco Tribune\" \/>\n<meta property=\"article:publisher\" content=\"https:\/\/www.facebook.com\/MonacoTribune\" \/>\n<meta property=\"article:published_time\" content=\"2022-03-08T17:34:19+00:00\" \/>\n<meta property=\"article:modified_time\" content=\"2022-03-08T17:38:51+00:00\" \/>\n<meta property=\"og:image\" content=\"https:\/\/www.monaco-tribune.com\/wp-content\/uploads\/2022\/03\/top-3-des-sculptures-les-plus-insolites-a-monaco.jpg\" \/>\n\t<meta property=\"og:image:width\" content=\"1020\" \/>\n\t<meta property=\"og:image:height\" content=\"574\" \/>\n\t<meta property=\"og:image:type\" content=\"image\/jpeg\" \/>\n<meta name=\"author\" content=\"J\u00e9r\u00f4me Vinette\" \/>\n<meta name=\"twitter:card\" content=\"summary_large_image\" \/>\n<meta name=\"twitter:creator\" content=\"@MonacoTribune\" \/>\n<meta name=\"twitter:site\" content=\"@MonacoTribune\" \/>\n<script type=\"application\/ld+json\" class=\"yoast-schema-graph\">{\"@context\":\"https:\\\/\\\/schema.org\",\"@graph\":[{\"@type\":\"NewsArticle\",\"@id\":\"https:\\\/\\\/www.monaco-tribune.com\\\/it\\\/2022\\\/03\\\/top-3-delle-sculture-piu-insolite-di-monaco\\\/#article\",\"isPartOf\":{\"@id\":\"https:\\\/\\\/www.monaco-tribune.com\\\/it\\\/2022\\\/03\\\/top-3-delle-sculture-piu-insolite-di-monaco\\\/\"},\"author\":{\"name\":\"J\u00e9r\u00f4me Vinette\",\"@id\":\"https:\\\/\\\/www.monaco-tribune.com\\\/it\\\/#\\\/schema\\\/person\\\/74bfbad64aac6760e9f9b8ce1c6ff3d8\"},\"headline\":\"Top 3 delle sculture pi\u00f9 insolite di Monaco\",\"datePublished\":\"2022-03-08T17:34:19+00:00\",\"dateModified\":\"2022-03-08T17:38:51+00:00\",\"mainEntityOfPage\":{\"@id\":\"https:\\\/\\\/www.monaco-tribune.com\\\/it\\\/2022\\\/03\\\/top-3-delle-sculture-piu-insolite-di-monaco\\\/\"},\"wordCount\":544,\"publisher\":{\"@id\":\"https:\\\/\\\/www.monaco-tribune.com\\\/it\\\/#organization\"},\"image\":{\"@id\":\"https:\\\/\\\/www.monaco-tribune.com\\\/it\\\/2022\\\/03\\\/top-3-delle-sculture-piu-insolite-di-monaco\\\/#primaryimage\"},\"thumbnailUrl\":\"https:\\\/\\\/www.monaco-tribune.com\\\/wp-content\\\/uploads\\\/2022\\\/03\\\/top-3-des-sculptures-les-plus-insolites-a-monaco.jpg\",\"articleSection\":[\"La nostra scelta\",\"Notizie\"],\"inLanguage\":\"it-IT\",\"copyrightYear\":\"2022\",\"copyrightHolder\":{\"@id\":\"https:\\\/\\\/www.monaco-tribune.com\\\/#organization\"}},{\"@type\":\"WebPage\",\"@id\":\"https:\\\/\\\/www.monaco-tribune.com\\\/it\\\/2022\\\/03\\\/top-3-delle-sculture-piu-insolite-di-monaco\\\/\",\"url\":\"https:\\\/\\\/www.monaco-tribune.com\\\/it\\\/2022\\\/03\\\/top-3-delle-sculture-piu-insolite-di-monaco\\\/\",\"name\":\"Top 3 delle sculture pi\u00f9 insolite di Monaco\",\"isPartOf\":{\"@id\":\"https:\\\/\\\/www.monaco-tribune.com\\\/it\\\/#website\"},\"primaryImageOfPage\":{\"@id\":\"https:\\\/\\\/www.monaco-tribune.com\\\/it\\\/2022\\\/03\\\/top-3-delle-sculture-piu-insolite-di-monaco\\\/#primaryimage\"},\"image\":{\"@id\":\"https:\\\/\\\/www.monaco-tribune.com\\\/it\\\/2022\\\/03\\\/top-3-delle-sculture-piu-insolite-di-monaco\\\/#primaryimage\"},\"thumbnailUrl\":\"https:\\\/\\\/www.monaco-tribune.com\\\/wp-content\\\/uploads\\\/2022\\\/03\\\/top-3-des-sculptures-les-plus-insolites-a-monaco.jpg\",\"datePublished\":\"2022-03-08T17:34:19+00:00\",\"dateModified\":\"2022-03-08T17:38:51+00:00\",\"description\":\"Ecco un nuovo episodio della serie dedicata alle sculture di Monaco. Tra le tantissime opere d'arte in mostra nel Principato, alcune statue attirano\",\"breadcrumb\":{\"@id\":\"https:\\\/\\\/www.monaco-tribune.com\\\/it\\\/2022\\\/03\\\/top-3-delle-sculture-piu-insolite-di-monaco\\\/#breadcrumb\"},\"inLanguage\":\"it-IT\",\"potentialAction\":[{\"@type\":\"ReadAction\",\"target\":[\"https:\\\/\\\/www.monaco-tribune.com\\\/it\\\/2022\\\/03\\\/top-3-delle-sculture-piu-insolite-di-monaco\\\/\"]}]},{\"@type\":\"ImageObject\",\"inLanguage\":\"it-IT\",\"@id\":\"https:\\\/\\\/www.monaco-tribune.com\\\/it\\\/2022\\\/03\\\/top-3-delle-sculture-piu-insolite-di-monaco\\\/#primaryimage\",\"url\":\"https:\\\/\\\/www.monaco-tribune.com\\\/wp-content\\\/uploads\\\/2022\\\/03\\\/top-3-des-sculptures-les-plus-insolites-a-monaco.jpg\",\"contentUrl\":\"https:\\\/\\\/www.monaco-tribune.com\\\/wp-content\\\/uploads\\\/2022\\\/03\\\/top-3-des-sculptures-les-plus-insolites-a-monaco.jpg\",\"width\":1020,\"height\":574,\"caption\":\"J\u00e9r\u00f4me Vinette\"},{\"@type\":\"BreadcrumbList\",\"@id\":\"https:\\\/\\\/www.monaco-tribune.com\\\/it\\\/2022\\\/03\\\/top-3-delle-sculture-piu-insolite-di-monaco\\\/#breadcrumb\",\"itemListElement\":[{\"@type\":\"ListItem\",\"position\":1,\"name\":\"Accueil\",\"item\":\"https:\\\/\\\/www.monaco-tribune.com\\\/it\\\/\"},{\"@type\":\"ListItem\",\"position\":2,\"name\":\"Top 3 delle sculture pi\u00f9 insolite di Monaco\"}]},{\"@type\":\"WebSite\",\"@id\":\"https:\\\/\\\/www.monaco-tribune.com\\\/it\\\/#website\",\"url\":\"https:\\\/\\\/www.monaco-tribune.com\\\/it\\\/\",\"name\":\"Monaco Tribune\",\"description\":\"Monaco : actualit\u00e9s \u00e9conomiques, politiques, culturelles et sportives de Monaco et de la French Riviera.\",\"publisher\":{\"@id\":\"https:\\\/\\\/www.monaco-tribune.com\\\/it\\\/#organization\"},\"potentialAction\":[{\"@type\":\"SearchAction\",\"target\":{\"@type\":\"EntryPoint\",\"urlTemplate\":\"https:\\\/\\\/www.monaco-tribune.com\\\/it\\\/?s={search_term_string}\"},\"query-input\":{\"@type\":\"PropertyValueSpecification\",\"valueRequired\":true,\"valueName\":\"search_term_string\"}}],\"inLanguage\":\"it-IT\"},{\"@type\":\"Organization\",\"@id\":\"https:\\\/\\\/www.monaco-tribune.com\\\/it\\\/#organization\",\"name\":\"Monaco Tribune\",\"url\":\"https:\\\/\\\/www.monaco-tribune.com\\\/it\\\/\",\"logo\":{\"@type\":\"ImageObject\",\"inLanguage\":\"it-IT\",\"@id\":\"https:\\\/\\\/www.monaco-tribune.com\\\/it\\\/#\\\/schema\\\/logo\\\/image\\\/\",\"url\":\"https:\\\/\\\/www.monaco-tribune.com\\\/wp-content\\\/uploads\\\/2022\\\/11\\\/logo-monaco-tribune.png\",\"contentUrl\":\"https:\\\/\\\/www.monaco-tribune.com\\\/wp-content\\\/uploads\\\/2022\\\/11\\\/logo-monaco-tribune.png\",\"width\":1548,\"height\":600,\"caption\":\"Monaco Tribune\"},\"image\":{\"@id\":\"https:\\\/\\\/www.monaco-tribune.com\\\/it\\\/#\\\/schema\\\/logo\\\/image\\\/\"},\"sameAs\":[\"https:\\\/\\\/www.facebook.com\\\/MonacoTribune\",\"https:\\\/\\\/x.com\\\/MonacoTribune\",\"https:\\\/\\\/www.instagram.com\\\/monacotribune\\\/\",\"https:\\\/\\\/www.linkedin.com\\\/company\\\/monaco-tribune\",\"https:\\\/\\\/www.youtube.com\\\/channel\\\/UCHle1MnG6hw1y4lWKijVbMA\"]},{\"@type\":\"Person\",\"@id\":\"https:\\\/\\\/www.monaco-tribune.com\\\/it\\\/#\\\/schema\\\/person\\\/74bfbad64aac6760e9f9b8ce1c6ff3d8\",\"name\":\"J\u00e9r\u00f4me Vinette\",\"image\":{\"@type\":\"ImageObject\",\"inLanguage\":\"it-IT\",\"@id\":\"https:\\\/\\\/secure.gravatar.com\\\/avatar\\\/b38f1f0eb28fe6c73663325eaf1a900551ae51d1e9fa6071d1449489e9b7311e?s=96&d=mm&r=g\",\"url\":\"https:\\\/\\\/secure.gravatar.com\\\/avatar\\\/b38f1f0eb28fe6c73663325eaf1a900551ae51d1e9fa6071d1449489e9b7311e?s=96&d=mm&r=g\",\"contentUrl\":\"https:\\\/\\\/secure.gravatar.com\\\/avatar\\\/b38f1f0eb28fe6c73663325eaf1a900551ae51d1e9fa6071d1449489e9b7311e?s=96&d=mm&r=g\",\"caption\":\"J\u00e9r\u00f4me Vinette\"},\"url\":\"https:\\\/\\\/www.monaco-tribune.com\\\/it\\\/author\\\/jeromevinette\\\/\"}]}<\/script>\n<!-- \/ Yoast SEO Premium plugin. -->","yoast_head_json":{"title":"Top 3 delle sculture pi\u00f9 insolite di Monaco","description":"Ecco un nuovo episodio della serie dedicata alle sculture di Monaco. Tra le tantissime opere d'arte in mostra nel Principato, alcune statue attirano","robots":{"index":"index","follow":"follow","max-snippet":"max-snippet:-1","max-image-preview":"max-image-preview:large","max-video-preview":"max-video-preview:-1"},"canonical":"https:\/\/www.monaco-tribune.com\/it\/2022\/03\/top-3-delle-sculture-piu-insolite-di-monaco\/","og_locale":"it_IT","og_type":"article","og_title":"Top 3 delle sculture pi\u00f9 insolite di Monaco - Monaco Tribune","og_description":"Ecco un nuovo episodio della serie dedicata alle sculture di Monaco. Tra le tantissime opere d'arte in mostra nel Principato, alcune statue attirano","og_url":"https:\/\/www.monaco-tribune.com\/it\/2022\/03\/top-3-delle-sculture-piu-insolite-di-monaco\/","og_site_name":"Monaco Tribune","article_publisher":"https:\/\/www.facebook.com\/MonacoTribune","article_published_time":"2022-03-08T17:34:19+00:00","article_modified_time":"2022-03-08T17:38:51+00:00","og_image":[{"width":1020,"height":574,"url":"https:\/\/www.monaco-tribune.com\/wp-content\/uploads\/2022\/03\/top-3-des-sculptures-les-plus-insolites-a-monaco.jpg","type":"image\/jpeg"}],"author":"J\u00e9r\u00f4me Vinette","twitter_card":"summary_large_image","twitter_creator":"@MonacoTribune","twitter_site":"@MonacoTribune","schema":{"@context":"https:\/\/schema.org","@graph":[{"@type":"NewsArticle","@id":"https:\/\/www.monaco-tribune.com\/it\/2022\/03\/top-3-delle-sculture-piu-insolite-di-monaco\/#article","isPartOf":{"@id":"https:\/\/www.monaco-tribune.com\/it\/2022\/03\/top-3-delle-sculture-piu-insolite-di-monaco\/"},"author":{"name":"J\u00e9r\u00f4me Vinette","@id":"https:\/\/www.monaco-tribune.com\/it\/#\/schema\/person\/74bfbad64aac6760e9f9b8ce1c6ff3d8"},"headline":"Top 3 delle sculture pi\u00f9 insolite di Monaco","datePublished":"2022-03-08T17:34:19+00:00","dateModified":"2022-03-08T17:38:51+00:00","mainEntityOfPage":{"@id":"https:\/\/www.monaco-tribune.com\/it\/2022\/03\/top-3-delle-sculture-piu-insolite-di-monaco\/"},"wordCount":544,"publisher":{"@id":"https:\/\/www.monaco-tribune.com\/it\/#organization"},"image":{"@id":"https:\/\/www.monaco-tribune.com\/it\/2022\/03\/top-3-delle-sculture-piu-insolite-di-monaco\/#primaryimage"},"thumbnailUrl":"https:\/\/www.monaco-tribune.com\/wp-content\/uploads\/2022\/03\/top-3-des-sculptures-les-plus-insolites-a-monaco.jpg","articleSection":["La nostra scelta","Notizie"],"inLanguage":"it-IT","copyrightYear":"2022","copyrightHolder":{"@id":"https:\/\/www.monaco-tribune.com\/#organization"}},{"@type":"WebPage","@id":"https:\/\/www.monaco-tribune.com\/it\/2022\/03\/top-3-delle-sculture-piu-insolite-di-monaco\/","url":"https:\/\/www.monaco-tribune.com\/it\/2022\/03\/top-3-delle-sculture-piu-insolite-di-monaco\/","name":"Top 3 delle sculture pi\u00f9 insolite di Monaco","isPartOf":{"@id":"https:\/\/www.monaco-tribune.com\/it\/#website"},"primaryImageOfPage":{"@id":"https:\/\/www.monaco-tribune.com\/it\/2022\/03\/top-3-delle-sculture-piu-insolite-di-monaco\/#primaryimage"},"image":{"@id":"https:\/\/www.monaco-tribune.com\/it\/2022\/03\/top-3-delle-sculture-piu-insolite-di-monaco\/#primaryimage"},"thumbnailUrl":"https:\/\/www.monaco-tribune.com\/wp-content\/uploads\/2022\/03\/top-3-des-sculptures-les-plus-insolites-a-monaco.jpg","datePublished":"2022-03-08T17:34:19+00:00","dateModified":"2022-03-08T17:38:51+00:00","description":"Ecco un nuovo episodio della serie dedicata alle sculture di Monaco. Tra le tantissime opere d'arte in mostra nel Principato, alcune statue attirano","breadcrumb":{"@id":"https:\/\/www.monaco-tribune.com\/it\/2022\/03\/top-3-delle-sculture-piu-insolite-di-monaco\/#breadcrumb"},"inLanguage":"it-IT","potentialAction":[{"@type":"ReadAction","target":["https:\/\/www.monaco-tribune.com\/it\/2022\/03\/top-3-delle-sculture-piu-insolite-di-monaco\/"]}]},{"@type":"ImageObject","inLanguage":"it-IT","@id":"https:\/\/www.monaco-tribune.com\/it\/2022\/03\/top-3-delle-sculture-piu-insolite-di-monaco\/#primaryimage","url":"https:\/\/www.monaco-tribune.com\/wp-content\/uploads\/2022\/03\/top-3-des-sculptures-les-plus-insolites-a-monaco.jpg","contentUrl":"https:\/\/www.monaco-tribune.com\/wp-content\/uploads\/2022\/03\/top-3-des-sculptures-les-plus-insolites-a-monaco.jpg","width":1020,"height":574,"caption":"J\u00e9r\u00f4me Vinette"},{"@type":"BreadcrumbList","@id":"https:\/\/www.monaco-tribune.com\/it\/2022\/03\/top-3-delle-sculture-piu-insolite-di-monaco\/#breadcrumb","itemListElement":[{"@type":"ListItem","position":1,"name":"Accueil","item":"https:\/\/www.monaco-tribune.com\/it\/"},{"@type":"ListItem","position":2,"name":"Top 3 delle sculture pi\u00f9 insolite di Monaco"}]},{"@type":"WebSite","@id":"https:\/\/www.monaco-tribune.com\/it\/#website","url":"https:\/\/www.monaco-tribune.com\/it\/","name":"Monaco Tribune","description":"Monaco : actualit\u00e9s \u00e9conomiques, politiques, culturelles et sportives de Monaco et de la French Riviera.","publisher":{"@id":"https:\/\/www.monaco-tribune.com\/it\/#organization"},"potentialAction":[{"@type":"SearchAction","target":{"@type":"EntryPoint","urlTemplate":"https:\/\/www.monaco-tribune.com\/it\/?s={search_term_string}"},"query-input":{"@type":"PropertyValueSpecification","valueRequired":true,"valueName":"search_term_string"}}],"inLanguage":"it-IT"},{"@type":"Organization","@id":"https:\/\/www.monaco-tribune.com\/it\/#organization","name":"Monaco Tribune","url":"https:\/\/www.monaco-tribune.com\/it\/","logo":{"@type":"ImageObject","inLanguage":"it-IT","@id":"https:\/\/www.monaco-tribune.com\/it\/#\/schema\/logo\/image\/","url":"https:\/\/www.monaco-tribune.com\/wp-content\/uploads\/2022\/11\/logo-monaco-tribune.png","contentUrl":"https:\/\/www.monaco-tribune.com\/wp-content\/uploads\/2022\/11\/logo-monaco-tribune.png","width":1548,"height":600,"caption":"Monaco Tribune"},"image":{"@id":"https:\/\/www.monaco-tribune.com\/it\/#\/schema\/logo\/image\/"},"sameAs":["https:\/\/www.facebook.com\/MonacoTribune","https:\/\/x.com\/MonacoTribune","https:\/\/www.instagram.com\/monacotribune\/","https:\/\/www.linkedin.com\/company\/monaco-tribune","https:\/\/www.youtube.com\/channel\/UCHle1MnG6hw1y4lWKijVbMA"]},{"@type":"Person","@id":"https:\/\/www.monaco-tribune.com\/it\/#\/schema\/person\/74bfbad64aac6760e9f9b8ce1c6ff3d8","name":"J\u00e9r\u00f4me Vinette","image":{"@type":"ImageObject","inLanguage":"it-IT","@id":"https:\/\/secure.gravatar.com\/avatar\/b38f1f0eb28fe6c73663325eaf1a900551ae51d1e9fa6071d1449489e9b7311e?s=96&d=mm&r=g","url":"https:\/\/secure.gravatar.com\/avatar\/b38f1f0eb28fe6c73663325eaf1a900551ae51d1e9fa6071d1449489e9b7311e?s=96&d=mm&r=g","contentUrl":"https:\/\/secure.gravatar.com\/avatar\/b38f1f0eb28fe6c73663325eaf1a900551ae51d1e9fa6071d1449489e9b7311e?s=96&d=mm&r=g","caption":"J\u00e9r\u00f4me Vinette"},"url":"https:\/\/www.monaco-tribune.com\/it\/author\/jeromevinette\/"}]}},"_links":{"self":[{"href":"https:\/\/www.monaco-tribune.com\/it\/wp-json\/wp\/v2\/posts\/113884","targetHints":{"allow":["GET"]}}],"collection":[{"href":"https:\/\/www.monaco-tribune.com\/it\/wp-json\/wp\/v2\/posts"}],"about":[{"href":"https:\/\/www.monaco-tribune.com\/it\/wp-json\/wp\/v2\/types\/post"}],"author":[{"embeddable":true,"href":"https:\/\/www.monaco-tribune.com\/it\/wp-json\/wp\/v2\/users\/63"}],"replies":[{"embeddable":true,"href":"https:\/\/www.monaco-tribune.com\/it\/wp-json\/wp\/v2\/comments?post=113884"}],"version-history":[{"count":0,"href":"https:\/\/www.monaco-tribune.com\/it\/wp-json\/wp\/v2\/posts\/113884\/revisions"}],"wp:featuredmedia":[{"embeddable":true,"href":"https:\/\/www.monaco-tribune.com\/it\/wp-json\/wp\/v2\/media\/112877"}],"wp:attachment":[{"href":"https:\/\/www.monaco-tribune.com\/it\/wp-json\/wp\/v2\/media?parent=113884"}],"wp:term":[{"taxonomy":"category","embeddable":true,"href":"https:\/\/www.monaco-tribune.com\/it\/wp-json\/wp\/v2\/categories?post=113884"},{"taxonomy":"post_tag","embeddable":true,"href":"https:\/\/www.monaco-tribune.com\/it\/wp-json\/wp\/v2\/tags?post=113884"},{"taxonomy":"sectag","embeddable":true,"href":"https:\/\/www.monaco-tribune.com\/it\/wp-json\/wp\/v2\/post_sectags?post=113884"},{"taxonomy":"format","embeddable":true,"href":"https:\/\/www.monaco-tribune.com\/it\/wp-json\/wp\/v2\/post_format?post=113884"}],"curies":[{"name":"wp","href":"https:\/\/api.w.org\/{rel}","templated":true}]}}