{"id":114169,"date":"2022-03-10T17:02:21","date_gmt":"2022-03-10T16:02:21","guid":{"rendered":"https:\/\/www.monaco-tribune.com\/2022\/03\/las-monaco-e-il-suo-presidente-sostengono-i-civili-colpiti-dalla-guerra-in-ucraina\/"},"modified":"2022-03-10T19:20:59","modified_gmt":"2022-03-10T18:20:59","slug":"las-monaco-e-il-suo-presidente-sostengono-i-civili-colpiti-dalla-guerra-in-ucraina","status":"publish","type":"post","link":"https:\/\/www.monaco-tribune.com\/it\/2022\/03\/las-monaco-e-il-suo-presidente-sostengono-i-civili-colpiti-dalla-guerra-in-ucraina\/","title":{"rendered":"L&#8217;AS Monaco e il suo Presidente sostengono i civili colpiti dalla guerra in Ucraina"},"content":{"rendered":"\n<p><strong>Il club del Principato e il suo presidente Dmitri Rybolovlev (a titolo personale) hanno fatto una donazione alla Croce Rossa monegasca per sostenere la popolazione ucraina.<\/strong><\/p>\n\n\n\n<p>Continuano a moltiplicarsi le iniziative di aiuto nel Principato. L&#8217;AS Monaco e il suo Presidente, Dmitri Rybolovlev, hanno a loro volta contribuito alla causa con una donazione alla Croce Rossa Monegasca, il cui importo non \u00e8 stato specificato. L&#8217;obiettivo \u00e8 quello di \u201caiutare i civili colpiti dal conflitto armato in Ucraina&#8221;.<\/p>\n\n\n\n<p>\u201c\u00c8 assolutamente necessario sostenere chi soffre di pi\u00f9. Per questo io, l&#8217;AS Monaco e il Cercle Bruges, oltre a varie societ\u00e0 in cui sono investiti i fondi della famiglia Rybolovlev, abbiamo deciso di donare per fornire aiuti umanitari&#8221;, ha dichiarato il presidente del club in un comunicato.<\/p>\n\n\n\n<p>Dmitri Rybolovlev <a href=\"https:\/\/www.monaco-tribune.com\/it\/2022\/03\/guerra-in-ucraina-come-hanno-reagito-i-club-monegaschi\/\">non \u00e8 stato oggetto di nessuna sanzione da parte dell&#8217;UE, del Principato di Monaco o degli Stati Uniti<\/a>: il presidente dell&#8217;AS Monaco ha lasciato la Russia nel 2010 e non \u00e8 in alcun modo vicino a Vladimir Putin. Secondo il giornalista Lazar Van Parijs, editore di <a href=\"https:\/\/footballski.fr\/\">Footballski.fr<\/a> , anche se la situazione \u00e8 chiaramente \u201cmolto complessa\u201d, non ci sono \u201cragioni sufficienti per attaccare Dmitri Rybolovlev&#8221;.<\/p>\n\n\n\n<p>Questa iniziativa segue un&#8217;altra azione dell&#8217;AS Monaco. La settimana scorsa il club ha pubblicato un video sulle sue reti con un appello pacifico <a href=\"https:\/\/twitter.com\/hashtag\/TheOnlyGoalisPeace\">#TheOnlyGoalisPeace<\/a>.<\/p>\n\n\n\n<figure class=\"wp-block-embed is-type-rich is-provider-twitter wp-block-embed-twitter\"><div class=\"wp-block-embed__wrapper\">\n<blockquote class=\"twitter-tweet\" data-width=\"500\" data-dnt=\"true\"><p lang=\"en\" dir=\"ltr\">\ud835\ude4f\ud835\ude5d\ud835\ude5a \ud835\ude4a\ud835\ude63\ud835\ude61\ud835\ude6e \ud835\ude42\ud835\ude64\ud835\ude56\ud835\ude61 \ud835\ude5e\ud835\ude68 \ud835\ude4b\ud835\ude5a\ud835\ude56\ud835\ude58\ud835\ude5a. <a href=\"https:\/\/twitter.com\/hashtag\/TheOnlyGoalisPeace?src=hash&amp;ref_src=twsrc%5Etfw\">#TheOnlyGoalisPeace<\/a> <a href=\"https:\/\/t.co\/chlgBxFLmp\">pic.twitter.com\/chlgBxFLmp<\/a><\/p>&mdash; AS Monaco \ud83c\uddf2\ud83c\udde8 (@AS_Monaco) <a href=\"https:\/\/twitter.com\/AS_Monaco\/status\/1499792064837562372?ref_src=twsrc%5Etfw\">March 4, 2022<\/a><\/blockquote><script async src=\"https:\/\/platform.twitter.com\/widgets.js\" charset=\"utf-8\"><\/script>\n<\/div><\/figure>\n\n\n\n<h2 class=\"wp-block-heading\" id=\"h-soutenir-l-aide-aux-secours-d-urgence\">Sostenere i soccorsi di emergenza<\/h2>\n\n\n\n<p>Dopo l&#8217;invito alle donazioni del 28 febbraio scorso, la Croce Rossa Monegasca \u00e8 riuscita a raccogliere oltre 250.000 euro in soli tre giorni, grazie al suo contributo iniziale e alle donazioni ricevute. Una cifra che da allora \u00e8 stata sicuramente superata, anche se non \u00e8 stata ancora comunicata, e che testimonia la grande mobilitazione del Principato in favore dell&#8217;Ucraina.<\/p>\n\n\n\n<p>La somma gi\u00e0 raccolta ha consentito di finanziare gli aiuti per i soccorsi d&#8217;emergenza, il pronto soccorso e altri servizi sanitari ai feriti e ai malati, nonch\u00e9 di aiutare i profughi del conflitto nella regione. Per quanto riguarda il ricongiungimento familiare degli ucraini residenti nel Principato, quattro famiglie sono state messe in salvo.<\/p>\n\n\n\n<p>Dal canto suo, l&#8217;AS Monaco continua a riflettere su nuove iniziative per sostenere gli aiuti umanitari. La squadra ricorda inoltre ai suoi tifosi che, se lo desiderano, anche loro possono sostenere la Croce Rossa monegasca.<\/p>\n\n\n\n<p><em>Per donare:<\/em><\/p>\n\n\n\n<ul class=\"wp-block-list\"><li>Sito internet <a href=\"https:\/\/www.croix-rouge.mc\/faire-un-don\/\">croix-rouge.mc\/faire-un-don\/<\/a><\/li><li>Con assegno: Croce Rossa Monegasca \u2013 Ucraina \u2013 27 bd de Suisse \u2013 98000 Monaco<\/li><\/ul>\n","protected":false},"excerpt":{"rendered":"<p>Il club del Principato e il suo presidente Dmitri Rybolovlev (a titolo personale) hanno fatto una donazione alla Croce Rossa [&hellip;]<\/p>\n","protected":false},"author":60,"featured_media":67248,"comment_status":"closed","ping_status":"closed","sticky":false,"template":"","format":"standard","meta":{"_acf_changed":false,"footnotes":""},"categories":[1826,1738,1743],"tags":[],"post_sectags":[],"post_format":[2478],"class_list":["post-114169","post","type-post","status-publish","format-standard","has-post-thumbnail","hentry","category-la-nostra-scelta","category-notizie","category-sport-it","format-notizia"],"acf":[],"yoast_head":"<!-- This site is optimized with the Yoast SEO Premium plugin v26.8 (Yoast SEO v27.5) - https:\/\/yoast.com\/product\/yoast-seo-premium-wordpress\/ -->\n<title>L&#039;AS Monaco e il suo Presidente sostengono i civili colpiti dalla guerra in Ucraina<\/title>\n<meta name=\"description\" content=\"Il club del Principato e il suo presidente Dmitri Rybolovlev (a titolo personale) hanno fatto una donazione alla Croce Rossa monegasca per sostenere la\" \/>\n<meta name=\"robots\" content=\"index, follow, max-snippet:-1, max-image-preview:large, max-video-preview:-1\" \/>\n<link rel=\"canonical\" href=\"https:\/\/www.monaco-tribune.com\/it\/2022\/03\/las-monaco-e-il-suo-presidente-sostengono-i-civili-colpiti-dalla-guerra-in-ucraina\/\" \/>\n<meta property=\"og:locale\" content=\"it_IT\" \/>\n<meta property=\"og:type\" content=\"article\" \/>\n<meta property=\"og:title\" content=\"L&#039;AS Monaco e il suo Presidente sostengono i civili colpiti dalla guerra in Ucraina - Monaco Tribune\" \/>\n<meta property=\"og:description\" content=\"Il club del Principato e il suo presidente Dmitri Rybolovlev (a titolo personale) hanno fatto una donazione alla Croce Rossa monegasca per sostenere la\" \/>\n<meta property=\"og:url\" content=\"https:\/\/www.monaco-tribune.com\/it\/2022\/03\/las-monaco-e-il-suo-presidente-sostengono-i-civili-colpiti-dalla-guerra-in-ucraina\/\" \/>\n<meta property=\"og:site_name\" content=\"Monaco Tribune\" \/>\n<meta property=\"article:publisher\" content=\"https:\/\/www.facebook.com\/MonacoTribune\" \/>\n<meta property=\"article:published_time\" content=\"2022-03-10T16:02:21+00:00\" \/>\n<meta property=\"article:modified_time\" content=\"2022-03-10T18:20:59+00:00\" \/>\n<meta property=\"og:image\" content=\"https:\/\/www.monaco-tribune.com\/wp-content\/uploads\/2021\/02\/ryvolovlev\u2013famille-as-monaco.jpg\" \/>\n\t<meta property=\"og:image:width\" content=\"1200\" \/>\n\t<meta property=\"og:image:height\" content=\"800\" \/>\n\t<meta property=\"og:image:type\" content=\"image\/jpeg\" \/>\n<meta name=\"author\" content=\"Camille Esteve\" \/>\n<meta name=\"twitter:card\" content=\"summary_large_image\" \/>\n<meta name=\"twitter:creator\" content=\"@MonacoTribune\" \/>\n<meta name=\"twitter:site\" content=\"@MonacoTribune\" \/>\n<script type=\"application\/ld+json\" class=\"yoast-schema-graph\">{\"@context\":\"https:\\\/\\\/schema.org\",\"@graph\":[{\"@type\":\"NewsArticle\",\"@id\":\"https:\\\/\\\/www.monaco-tribune.com\\\/it\\\/2022\\\/03\\\/las-monaco-e-il-suo-presidente-sostengono-i-civili-colpiti-dalla-guerra-in-ucraina\\\/#article\",\"isPartOf\":{\"@id\":\"https:\\\/\\\/www.monaco-tribune.com\\\/it\\\/2022\\\/03\\\/las-monaco-e-il-suo-presidente-sostengono-i-civili-colpiti-dalla-guerra-in-ucraina\\\/\"},\"author\":{\"name\":\"Camille Esteve\",\"@id\":\"https:\\\/\\\/www.monaco-tribune.com\\\/it\\\/#\\\/schema\\\/person\\\/a855d420fff4d03637641d60b93ac62e\"},\"headline\":\"L&#8217;AS Monaco e il suo Presidente sostengono i civili colpiti dalla guerra in Ucraina\",\"datePublished\":\"2022-03-10T16:02:21+00:00\",\"dateModified\":\"2022-03-10T18:20:59+00:00\",\"mainEntityOfPage\":{\"@id\":\"https:\\\/\\\/www.monaco-tribune.com\\\/it\\\/2022\\\/03\\\/las-monaco-e-il-suo-presidente-sostengono-i-civili-colpiti-dalla-guerra-in-ucraina\\\/\"},\"wordCount\":411,\"publisher\":{\"@id\":\"https:\\\/\\\/www.monaco-tribune.com\\\/it\\\/#organization\"},\"image\":{\"@id\":\"https:\\\/\\\/www.monaco-tribune.com\\\/it\\\/2022\\\/03\\\/las-monaco-e-il-suo-presidente-sostengono-i-civili-colpiti-dalla-guerra-in-ucraina\\\/#primaryimage\"},\"thumbnailUrl\":\"https:\\\/\\\/www.monaco-tribune.com\\\/wp-content\\\/uploads\\\/2021\\\/02\\\/ryvolovlev\u2013famille-as-monaco.jpg\",\"articleSection\":[\"La nostra scelta\",\"Notizie\",\"Sport\"],\"inLanguage\":\"it-IT\",\"copyrightYear\":\"2022\",\"copyrightHolder\":{\"@id\":\"https:\\\/\\\/www.monaco-tribune.com\\\/#organization\"}},{\"@type\":\"WebPage\",\"@id\":\"https:\\\/\\\/www.monaco-tribune.com\\\/it\\\/2022\\\/03\\\/las-monaco-e-il-suo-presidente-sostengono-i-civili-colpiti-dalla-guerra-in-ucraina\\\/\",\"url\":\"https:\\\/\\\/www.monaco-tribune.com\\\/it\\\/2022\\\/03\\\/las-monaco-e-il-suo-presidente-sostengono-i-civili-colpiti-dalla-guerra-in-ucraina\\\/\",\"name\":\"L'AS Monaco e il suo Presidente sostengono i civili colpiti dalla guerra in Ucraina\",\"isPartOf\":{\"@id\":\"https:\\\/\\\/www.monaco-tribune.com\\\/it\\\/#website\"},\"primaryImageOfPage\":{\"@id\":\"https:\\\/\\\/www.monaco-tribune.com\\\/it\\\/2022\\\/03\\\/las-monaco-e-il-suo-presidente-sostengono-i-civili-colpiti-dalla-guerra-in-ucraina\\\/#primaryimage\"},\"image\":{\"@id\":\"https:\\\/\\\/www.monaco-tribune.com\\\/it\\\/2022\\\/03\\\/las-monaco-e-il-suo-presidente-sostengono-i-civili-colpiti-dalla-guerra-in-ucraina\\\/#primaryimage\"},\"thumbnailUrl\":\"https:\\\/\\\/www.monaco-tribune.com\\\/wp-content\\\/uploads\\\/2021\\\/02\\\/ryvolovlev\u2013famille-as-monaco.jpg\",\"datePublished\":\"2022-03-10T16:02:21+00:00\",\"dateModified\":\"2022-03-10T18:20:59+00:00\",\"description\":\"Il club del Principato e il suo presidente Dmitri Rybolovlev (a titolo personale) hanno fatto una donazione alla Croce Rossa monegasca per sostenere la\",\"breadcrumb\":{\"@id\":\"https:\\\/\\\/www.monaco-tribune.com\\\/it\\\/2022\\\/03\\\/las-monaco-e-il-suo-presidente-sostengono-i-civili-colpiti-dalla-guerra-in-ucraina\\\/#breadcrumb\"},\"inLanguage\":\"it-IT\",\"potentialAction\":[{\"@type\":\"ReadAction\",\"target\":[\"https:\\\/\\\/www.monaco-tribune.com\\\/it\\\/2022\\\/03\\\/las-monaco-e-il-suo-presidente-sostengono-i-civili-colpiti-dalla-guerra-in-ucraina\\\/\"]}]},{\"@type\":\"ImageObject\",\"inLanguage\":\"it-IT\",\"@id\":\"https:\\\/\\\/www.monaco-tribune.com\\\/it\\\/2022\\\/03\\\/las-monaco-e-il-suo-presidente-sostengono-i-civili-colpiti-dalla-guerra-in-ucraina\\\/#primaryimage\",\"url\":\"https:\\\/\\\/www.monaco-tribune.com\\\/wp-content\\\/uploads\\\/2021\\\/02\\\/ryvolovlev\u2013famille-as-monaco.jpg\",\"contentUrl\":\"https:\\\/\\\/www.monaco-tribune.com\\\/wp-content\\\/uploads\\\/2021\\\/02\\\/ryvolovlev\u2013famille-as-monaco.jpg\",\"width\":1200,\"height\":800,\"caption\":\"Dmitri Rybolovlev accompagnato dalla figlia Ekaterina Sartori Rybolovleva con il marito Juan Sartori \u00a9 AS Monaco\"},{\"@type\":\"BreadcrumbList\",\"@id\":\"https:\\\/\\\/www.monaco-tribune.com\\\/it\\\/2022\\\/03\\\/las-monaco-e-il-suo-presidente-sostengono-i-civili-colpiti-dalla-guerra-in-ucraina\\\/#breadcrumb\",\"itemListElement\":[{\"@type\":\"ListItem\",\"position\":1,\"name\":\"Accueil\",\"item\":\"https:\\\/\\\/www.monaco-tribune.com\\\/it\\\/\"},{\"@type\":\"ListItem\",\"position\":2,\"name\":\"L&rsquo;AS Monaco e il suo Presidente sostengono i civili colpiti dalla guerra in Ucraina\"}]},{\"@type\":\"WebSite\",\"@id\":\"https:\\\/\\\/www.monaco-tribune.com\\\/it\\\/#website\",\"url\":\"https:\\\/\\\/www.monaco-tribune.com\\\/it\\\/\",\"name\":\"Monaco Tribune\",\"description\":\"Monaco : actualit\u00e9s \u00e9conomiques, politiques, culturelles et sportives de Monaco et de la French Riviera.\",\"publisher\":{\"@id\":\"https:\\\/\\\/www.monaco-tribune.com\\\/it\\\/#organization\"},\"potentialAction\":[{\"@type\":\"SearchAction\",\"target\":{\"@type\":\"EntryPoint\",\"urlTemplate\":\"https:\\\/\\\/www.monaco-tribune.com\\\/it\\\/?s={search_term_string}\"},\"query-input\":{\"@type\":\"PropertyValueSpecification\",\"valueRequired\":true,\"valueName\":\"search_term_string\"}}],\"inLanguage\":\"it-IT\"},{\"@type\":\"Organization\",\"@id\":\"https:\\\/\\\/www.monaco-tribune.com\\\/it\\\/#organization\",\"name\":\"Monaco Tribune\",\"url\":\"https:\\\/\\\/www.monaco-tribune.com\\\/it\\\/\",\"logo\":{\"@type\":\"ImageObject\",\"inLanguage\":\"it-IT\",\"@id\":\"https:\\\/\\\/www.monaco-tribune.com\\\/it\\\/#\\\/schema\\\/logo\\\/image\\\/\",\"url\":\"https:\\\/\\\/www.monaco-tribune.com\\\/wp-content\\\/uploads\\\/2022\\\/11\\\/logo-monaco-tribune.png\",\"contentUrl\":\"https:\\\/\\\/www.monaco-tribune.com\\\/wp-content\\\/uploads\\\/2022\\\/11\\\/logo-monaco-tribune.png\",\"width\":1548,\"height\":600,\"caption\":\"Monaco Tribune\"},\"image\":{\"@id\":\"https:\\\/\\\/www.monaco-tribune.com\\\/it\\\/#\\\/schema\\\/logo\\\/image\\\/\"},\"sameAs\":[\"https:\\\/\\\/www.facebook.com\\\/MonacoTribune\",\"https:\\\/\\\/x.com\\\/MonacoTribune\",\"https:\\\/\\\/www.instagram.com\\\/monacotribune\\\/\",\"https:\\\/\\\/www.linkedin.com\\\/company\\\/monaco-tribune\",\"https:\\\/\\\/www.youtube.com\\\/channel\\\/UCHle1MnG6hw1y4lWKijVbMA\"]},{\"@type\":\"Person\",\"@id\":\"https:\\\/\\\/www.monaco-tribune.com\\\/it\\\/#\\\/schema\\\/person\\\/a855d420fff4d03637641d60b93ac62e\",\"name\":\"Camille Esteve\",\"image\":{\"@type\":\"ImageObject\",\"inLanguage\":\"it-IT\",\"@id\":\"https:\\\/\\\/secure.gravatar.com\\\/avatar\\\/eaaa2355a7bb56c0018a391c20a55bf9b4690e3f493231dd850e612bfa6ce161?s=96&d=mm&r=g\",\"url\":\"https:\\\/\\\/secure.gravatar.com\\\/avatar\\\/eaaa2355a7bb56c0018a391c20a55bf9b4690e3f493231dd850e612bfa6ce161?s=96&d=mm&r=g\",\"contentUrl\":\"https:\\\/\\\/secure.gravatar.com\\\/avatar\\\/eaaa2355a7bb56c0018a391c20a55bf9b4690e3f493231dd850e612bfa6ce161?s=96&d=mm&r=g\",\"caption\":\"Camille Esteve\"},\"url\":\"https:\\\/\\\/www.monaco-tribune.com\\\/it\\\/author\\\/camilleesteve\\\/\"}]}<\/script>\n<!-- \/ Yoast SEO Premium plugin. -->","yoast_head_json":{"title":"L'AS Monaco e il suo Presidente sostengono i civili colpiti dalla guerra in Ucraina","description":"Il club del Principato e il suo presidente Dmitri Rybolovlev (a titolo personale) hanno fatto una donazione alla Croce Rossa monegasca per sostenere la","robots":{"index":"index","follow":"follow","max-snippet":"max-snippet:-1","max-image-preview":"max-image-preview:large","max-video-preview":"max-video-preview:-1"},"canonical":"https:\/\/www.monaco-tribune.com\/it\/2022\/03\/las-monaco-e-il-suo-presidente-sostengono-i-civili-colpiti-dalla-guerra-in-ucraina\/","og_locale":"it_IT","og_type":"article","og_title":"L'AS Monaco e il suo Presidente sostengono i civili colpiti dalla guerra in Ucraina - Monaco Tribune","og_description":"Il club del Principato e il suo presidente Dmitri Rybolovlev (a titolo personale) hanno fatto una donazione alla Croce Rossa monegasca per sostenere la","og_url":"https:\/\/www.monaco-tribune.com\/it\/2022\/03\/las-monaco-e-il-suo-presidente-sostengono-i-civili-colpiti-dalla-guerra-in-ucraina\/","og_site_name":"Monaco Tribune","article_publisher":"https:\/\/www.facebook.com\/MonacoTribune","article_published_time":"2022-03-10T16:02:21+00:00","article_modified_time":"2022-03-10T18:20:59+00:00","og_image":[{"width":1200,"height":800,"url":"https:\/\/www.monaco-tribune.com\/wp-content\/uploads\/2021\/02\/ryvolovlev\u2013famille-as-monaco.jpg","type":"image\/jpeg"}],"author":"Camille Esteve","twitter_card":"summary_large_image","twitter_creator":"@MonacoTribune","twitter_site":"@MonacoTribune","schema":{"@context":"https:\/\/schema.org","@graph":[{"@type":"NewsArticle","@id":"https:\/\/www.monaco-tribune.com\/it\/2022\/03\/las-monaco-e-il-suo-presidente-sostengono-i-civili-colpiti-dalla-guerra-in-ucraina\/#article","isPartOf":{"@id":"https:\/\/www.monaco-tribune.com\/it\/2022\/03\/las-monaco-e-il-suo-presidente-sostengono-i-civili-colpiti-dalla-guerra-in-ucraina\/"},"author":{"name":"Camille Esteve","@id":"https:\/\/www.monaco-tribune.com\/it\/#\/schema\/person\/a855d420fff4d03637641d60b93ac62e"},"headline":"L&#8217;AS Monaco e il suo Presidente sostengono i civili colpiti dalla guerra in Ucraina","datePublished":"2022-03-10T16:02:21+00:00","dateModified":"2022-03-10T18:20:59+00:00","mainEntityOfPage":{"@id":"https:\/\/www.monaco-tribune.com\/it\/2022\/03\/las-monaco-e-il-suo-presidente-sostengono-i-civili-colpiti-dalla-guerra-in-ucraina\/"},"wordCount":411,"publisher":{"@id":"https:\/\/www.monaco-tribune.com\/it\/#organization"},"image":{"@id":"https:\/\/www.monaco-tribune.com\/it\/2022\/03\/las-monaco-e-il-suo-presidente-sostengono-i-civili-colpiti-dalla-guerra-in-ucraina\/#primaryimage"},"thumbnailUrl":"https:\/\/www.monaco-tribune.com\/wp-content\/uploads\/2021\/02\/ryvolovlev\u2013famille-as-monaco.jpg","articleSection":["La nostra scelta","Notizie","Sport"],"inLanguage":"it-IT","copyrightYear":"2022","copyrightHolder":{"@id":"https:\/\/www.monaco-tribune.com\/#organization"}},{"@type":"WebPage","@id":"https:\/\/www.monaco-tribune.com\/it\/2022\/03\/las-monaco-e-il-suo-presidente-sostengono-i-civili-colpiti-dalla-guerra-in-ucraina\/","url":"https:\/\/www.monaco-tribune.com\/it\/2022\/03\/las-monaco-e-il-suo-presidente-sostengono-i-civili-colpiti-dalla-guerra-in-ucraina\/","name":"L'AS Monaco e il suo Presidente sostengono i civili colpiti dalla guerra in Ucraina","isPartOf":{"@id":"https:\/\/www.monaco-tribune.com\/it\/#website"},"primaryImageOfPage":{"@id":"https:\/\/www.monaco-tribune.com\/it\/2022\/03\/las-monaco-e-il-suo-presidente-sostengono-i-civili-colpiti-dalla-guerra-in-ucraina\/#primaryimage"},"image":{"@id":"https:\/\/www.monaco-tribune.com\/it\/2022\/03\/las-monaco-e-il-suo-presidente-sostengono-i-civili-colpiti-dalla-guerra-in-ucraina\/#primaryimage"},"thumbnailUrl":"https:\/\/www.monaco-tribune.com\/wp-content\/uploads\/2021\/02\/ryvolovlev\u2013famille-as-monaco.jpg","datePublished":"2022-03-10T16:02:21+00:00","dateModified":"2022-03-10T18:20:59+00:00","description":"Il club del Principato e il suo presidente Dmitri Rybolovlev (a titolo personale) hanno fatto una donazione alla Croce Rossa monegasca per sostenere la","breadcrumb":{"@id":"https:\/\/www.monaco-tribune.com\/it\/2022\/03\/las-monaco-e-il-suo-presidente-sostengono-i-civili-colpiti-dalla-guerra-in-ucraina\/#breadcrumb"},"inLanguage":"it-IT","potentialAction":[{"@type":"ReadAction","target":["https:\/\/www.monaco-tribune.com\/it\/2022\/03\/las-monaco-e-il-suo-presidente-sostengono-i-civili-colpiti-dalla-guerra-in-ucraina\/"]}]},{"@type":"ImageObject","inLanguage":"it-IT","@id":"https:\/\/www.monaco-tribune.com\/it\/2022\/03\/las-monaco-e-il-suo-presidente-sostengono-i-civili-colpiti-dalla-guerra-in-ucraina\/#primaryimage","url":"https:\/\/www.monaco-tribune.com\/wp-content\/uploads\/2021\/02\/ryvolovlev\u2013famille-as-monaco.jpg","contentUrl":"https:\/\/www.monaco-tribune.com\/wp-content\/uploads\/2021\/02\/ryvolovlev\u2013famille-as-monaco.jpg","width":1200,"height":800,"caption":"Dmitri Rybolovlev accompagnato dalla figlia Ekaterina Sartori Rybolovleva con il marito Juan Sartori \u00a9 AS Monaco"},{"@type":"BreadcrumbList","@id":"https:\/\/www.monaco-tribune.com\/it\/2022\/03\/las-monaco-e-il-suo-presidente-sostengono-i-civili-colpiti-dalla-guerra-in-ucraina\/#breadcrumb","itemListElement":[{"@type":"ListItem","position":1,"name":"Accueil","item":"https:\/\/www.monaco-tribune.com\/it\/"},{"@type":"ListItem","position":2,"name":"L&rsquo;AS Monaco e il suo Presidente sostengono i civili colpiti dalla guerra in Ucraina"}]},{"@type":"WebSite","@id":"https:\/\/www.monaco-tribune.com\/it\/#website","url":"https:\/\/www.monaco-tribune.com\/it\/","name":"Monaco Tribune","description":"Monaco : actualit\u00e9s \u00e9conomiques, politiques, culturelles et sportives de Monaco et de la French Riviera.","publisher":{"@id":"https:\/\/www.monaco-tribune.com\/it\/#organization"},"potentialAction":[{"@type":"SearchAction","target":{"@type":"EntryPoint","urlTemplate":"https:\/\/www.monaco-tribune.com\/it\/?s={search_term_string}"},"query-input":{"@type":"PropertyValueSpecification","valueRequired":true,"valueName":"search_term_string"}}],"inLanguage":"it-IT"},{"@type":"Organization","@id":"https:\/\/www.monaco-tribune.com\/it\/#organization","name":"Monaco Tribune","url":"https:\/\/www.monaco-tribune.com\/it\/","logo":{"@type":"ImageObject","inLanguage":"it-IT","@id":"https:\/\/www.monaco-tribune.com\/it\/#\/schema\/logo\/image\/","url":"https:\/\/www.monaco-tribune.com\/wp-content\/uploads\/2022\/11\/logo-monaco-tribune.png","contentUrl":"https:\/\/www.monaco-tribune.com\/wp-content\/uploads\/2022\/11\/logo-monaco-tribune.png","width":1548,"height":600,"caption":"Monaco Tribune"},"image":{"@id":"https:\/\/www.monaco-tribune.com\/it\/#\/schema\/logo\/image\/"},"sameAs":["https:\/\/www.facebook.com\/MonacoTribune","https:\/\/x.com\/MonacoTribune","https:\/\/www.instagram.com\/monacotribune\/","https:\/\/www.linkedin.com\/company\/monaco-tribune","https:\/\/www.youtube.com\/channel\/UCHle1MnG6hw1y4lWKijVbMA"]},{"@type":"Person","@id":"https:\/\/www.monaco-tribune.com\/it\/#\/schema\/person\/a855d420fff4d03637641d60b93ac62e","name":"Camille Esteve","image":{"@type":"ImageObject","inLanguage":"it-IT","@id":"https:\/\/secure.gravatar.com\/avatar\/eaaa2355a7bb56c0018a391c20a55bf9b4690e3f493231dd850e612bfa6ce161?s=96&d=mm&r=g","url":"https:\/\/secure.gravatar.com\/avatar\/eaaa2355a7bb56c0018a391c20a55bf9b4690e3f493231dd850e612bfa6ce161?s=96&d=mm&r=g","contentUrl":"https:\/\/secure.gravatar.com\/avatar\/eaaa2355a7bb56c0018a391c20a55bf9b4690e3f493231dd850e612bfa6ce161?s=96&d=mm&r=g","caption":"Camille Esteve"},"url":"https:\/\/www.monaco-tribune.com\/it\/author\/camilleesteve\/"}]}},"_links":{"self":[{"href":"https:\/\/www.monaco-tribune.com\/it\/wp-json\/wp\/v2\/posts\/114169","targetHints":{"allow":["GET"]}}],"collection":[{"href":"https:\/\/www.monaco-tribune.com\/it\/wp-json\/wp\/v2\/posts"}],"about":[{"href":"https:\/\/www.monaco-tribune.com\/it\/wp-json\/wp\/v2\/types\/post"}],"author":[{"embeddable":true,"href":"https:\/\/www.monaco-tribune.com\/it\/wp-json\/wp\/v2\/users\/60"}],"replies":[{"embeddable":true,"href":"https:\/\/www.monaco-tribune.com\/it\/wp-json\/wp\/v2\/comments?post=114169"}],"version-history":[{"count":0,"href":"https:\/\/www.monaco-tribune.com\/it\/wp-json\/wp\/v2\/posts\/114169\/revisions"}],"wp:featuredmedia":[{"embeddable":true,"href":"https:\/\/www.monaco-tribune.com\/it\/wp-json\/wp\/v2\/media\/67248"}],"wp:attachment":[{"href":"https:\/\/www.monaco-tribune.com\/it\/wp-json\/wp\/v2\/media?parent=114169"}],"wp:term":[{"taxonomy":"category","embeddable":true,"href":"https:\/\/www.monaco-tribune.com\/it\/wp-json\/wp\/v2\/categories?post=114169"},{"taxonomy":"post_tag","embeddable":true,"href":"https:\/\/www.monaco-tribune.com\/it\/wp-json\/wp\/v2\/tags?post=114169"},{"taxonomy":"sectag","embeddable":true,"href":"https:\/\/www.monaco-tribune.com\/it\/wp-json\/wp\/v2\/post_sectags?post=114169"},{"taxonomy":"format","embeddable":true,"href":"https:\/\/www.monaco-tribune.com\/it\/wp-json\/wp\/v2\/post_format?post=114169"}],"curies":[{"name":"wp","href":"https:\/\/api.w.org\/{rel}","templated":true}]}}