{"id":114330,"date":"2022-03-11T16:23:57","date_gmt":"2022-03-11T15:23:57","guid":{"rendered":"https:\/\/www.monaco-tribune.com\/2022\/03\/3-modi-per-godersi-il-printemps-des-arts-de-monte-carlo-gratis\/"},"modified":"2022-03-11T16:24:07","modified_gmt":"2022-03-11T15:24:07","slug":"3-modi-per-godersi-il-printemps-des-arts-de-monte-carlo-gratis","status":"publish","type":"post","link":"https:\/\/www.monaco-tribune.com\/it\/2022\/03\/3-modi-per-godersi-il-printemps-des-arts-de-monte-carlo-gratis\/","title":{"rendered":"3 modi per godersi il Printemps des Arts de Monte-Carlo gratis"},"content":{"rendered":"\n<p><strong>Dai concerti alle conferenze, passando per la mostra permanente, scoprite tutti gli eventi gratuiti del Festival.<\/strong><\/p>\n\n<p>Se pensate che sia impossibile godervi il Printemps des Arts senza mettere mano al portafogli, fermatevi un attimo! Anche se la maggior parte dei concerti sono effettivamente a pagamento, il Festival offre anche una serie di eventi accessibili a tutti.<\/p>\n\n<h2 class=\"wp-block-heading\" id=\"h-les-concerts-et-master-classes\">I concerti e le masterclass<\/h2>\n\n<div class=\"wp-block-image\"><figure class=\"aligncenter size-large\"><img loading=\"lazy\" decoding=\"async\" width=\"1024\" height=\"449\" src=\"https:\/\/www.monaco-tribune.com\/wp-content\/uploads\/2022\/03\/concerts-printemps-des-arts-1024x449.jpeg\" alt=\"concerti-printemps-des-arts\" class=\"wp-image-114242\" srcset=\"https:\/\/www.monaco-tribune.com\/wp-content\/uploads\/2022\/03\/concerts-printemps-des-arts-1024x449.jpeg 1024w, https:\/\/www.monaco-tribune.com\/wp-content\/uploads\/2022\/03\/concerts-printemps-des-arts-600x263.jpeg 600w, https:\/\/www.monaco-tribune.com\/wp-content\/uploads\/2022\/03\/concerts-printemps-des-arts.jpeg 1140w\" sizes=\"auto, (max-width: 1024px) 100vw, 1024px\" \/><figcaption><em>\u00a9 Alain Hanel 2019<\/em><\/figcaption><\/figure><\/div>\n\n<p><strong>Luned\u00ec 14 marzo: Masterclass<\/strong> con Jean-Efflam Bavouzet, pianoforte.<\/p>\n\n<p><em>Centre culturel Prince Jacques, Beausoleil, 10:00 \/ 13:00, <a href=\"https:\/\/indiv.themisweb.fr\/0526\/fChoixSeance.aspx?idstructure=0526&amp;EventId=861&amp;request=QcE+w0WHSuCzWDnDWpkYGsQqvYDsJea2Q7KlOt6kcTNYuvTuzY8RVS\/3JissyMfd711wvLSOhvs=\">prenotazioni<\/a>.<\/em><\/p>\n\n<p id=\"h-samedi-19-mars-concert-carte-blanche-aux-conservatoires-les-jeunes-musiciens-de-l-academie-rainier-iii-de-monaco-et-des-conservatoires-de-la-region-montent-sur-scene-pour-interpreter-les-oeuvres-de-debussy-brahms-mozart-ou-encore-rachmaninov\"><strong>Sabato 19 marzo: Concerto &#8220;Carte Blanche aux Conservatoires&#8221;<\/strong>. I giovani musicisti dell&#8217;Acad\u00e9mie Ranier III di Monaco e dei conservatori della regione interpretano le opere di Debussy, Brahms, Mozart e Rachmaninov.<\/p>\n\n<p><em>Auditorium Rainier III, ore 15:00<\/em>,<em> <a href=\"https:\/\/indiv.themisweb.fr\/0526\/fChoixSeance.aspx?idstructure=0526&amp;EventId=856&amp;request=QcE+w0WHSuCzWDnDWpkYGsQqvYDsJea2T0akdsTkFtiuK3JcpvyAyGIfSWYIt+PR09F6fknaJANomBZAzTf6Ysda0a6kbgBD\">prenotazioni<\/a><\/em>.<\/p>\n\n<p><strong>Sabato 26 marzo: Masterclass<\/strong> con Vardan Mamikonian, pianoforte.<\/p>\n\n<p><em>Conservatoire \u00e0 Rayonnement R\u00e9gional de Nice<\/em>, <em>ore 10:00, <a href=\"https:\/\/indiv.themisweb.fr\/0526\/fChoixSeance.aspx?idstructure=0526&amp;EventId=859&amp;request=QcE+w0WHSuCzWDnDWpkYGsQqvYDsJea2a8LrzmSRqRRruF86qmKoti1TaUmZNSVwStcvy8F6XhA=\">prenotazioni<\/a>.<\/em><\/p>\n\n<p><strong>Sabato 2 aprile: Masterclass<\/strong> con Emmanuel Curt, percussioni.<\/p>\n\n<p><em>Conservatoire \u00e0 Rayonnement R\u00e9gional de Nice, ore 10:00, <a href=\"https:\/\/indiv.themisweb.fr\/0526\/fChoixSeance.aspx?idstructure=0526&amp;EventId=860&amp;request=QcE+w0WHSuCzWDnDWpkYGsQqvYDsJea2qc1\/VBz0Kd9ImdfURBgfR0NfvcnBt903zh10TgSeGpE=\">prenotazioni<\/a>.<\/em><\/p>\n\n<h2 class=\"wp-block-heading\" id=\"h-l-exposition-permanente\">La mostra permanente<\/h2>\n\n<div class=\"wp-block-image\"><figure class=\"aligncenter size-full\"><img loading=\"lazy\" decoding=\"async\" width=\"1020\" height=\"448\" src=\"https:\/\/www.monaco-tribune.com\/wp-content\/uploads\/2022\/03\/exposition-printemps-des-arts-monaco.jpeg\" alt=\"mostra-printemps-des-arts-monaco\" class=\"wp-image-114233\" srcset=\"https:\/\/www.monaco-tribune.com\/wp-content\/uploads\/2022\/03\/exposition-printemps-des-arts-monaco.jpeg 1020w, https:\/\/www.monaco-tribune.com\/wp-content\/uploads\/2022\/03\/exposition-printemps-des-arts-monaco-600x264.jpeg 600w\" sizes=\"auto, (max-width: 1020px) 100vw, 1020px\" \/><figcaption><em>\u00a9 Sergei Parajanov, I Sold the Dacha. 1985<\/em><\/figcaption><\/figure><\/div>\n\n<p><strong>Exposition Sergei Parajanov<\/strong>: dato che l&#8217;arte non si limita solo alla musica, quest&#8217;anno il Festival ha deciso di rendere omaggio al regista armeno con una mostra che sar\u00e0 inaugurata il 26 marzo all&#8217;Op\u00e9ra di Monte-Carlo, ma che \u00e8 gi\u00e0 visitabile all&#8217;interno dell&#8217;Atrium. Scoprite l&#8217;importante collezione di collage, assemblaggi e schizzi dell&#8217;artista, concessi in prestito dal museo Sergei Parajanov.<\/p>\n\n<p><a href=\"https:\/\/www.printempsdesarts.mc\/exposition-sergei-paradjanov\">Maggiori informazioni<\/a><\/p>\n\n<h2 class=\"wp-block-heading\" id=\"h-les-tables-rondes-et-conferences\">Tavole rotonde e conferenze<\/h2>\n\n<div class=\"wp-block-image\"><figure class=\"aligncenter size-full\"><img loading=\"lazy\" decoding=\"async\" width=\"1020\" height=\"447\" src=\"https:\/\/www.monaco-tribune.com\/wp-content\/uploads\/2022\/03\/conferences-tables-rondes-printemps-des-arts.jpeg\" alt=\"conferenze-tavole-rotonde-printemps-des-arts\" class=\"wp-image-114237\" srcset=\"https:\/\/www.monaco-tribune.com\/wp-content\/uploads\/2022\/03\/conferences-tables-rondes-printemps-des-arts.jpeg 1020w, https:\/\/www.monaco-tribune.com\/wp-content\/uploads\/2022\/03\/conferences-tables-rondes-printemps-des-arts-600x263.jpeg 600w\" sizes=\"auto, (max-width: 1020px) 100vw, 1020px\" \/><figcaption><em>DR<\/em><\/figcaption><\/figure><\/div>\n\n<p>L&#8217;amore per la musica passa anche attraverso la sua comprensione. Ecco perch\u00e9 il Festival propone anche tavole rotonde, incontri e conferenze completamente gratuite.<\/p>\n\n<p><strong>Venerd\u00ec 11 marzo: &#8220;La grande galerie de l\u2019\u00e9volution stylistique&#8221;\u00a0<\/strong>con Elisabeth Brisson, storica, Bruno Mantovani, direttore artistico del festival ed Emmanuel Reibel, musicologo. Evento moderato da Tristan Labouret, musicologo.<\/p>\n\n<p><em>Club des R\u00e9sidents \u00c9trangers de Monaco, ore 18:30, <a href=\"https:\/\/indiv.themisweb.fr\/0526\/fChoixSeance.aspx?idstructure=0526&amp;EventId=875&amp;request=QcE+w0WHSuCzWDnDWpkYGsQqvYDsJea2KKra2VbhZLALfys3KAP36qAbZUjOoNCyWQ\/H9lF5h9I=\">prenotazioni<\/a>.<\/em><\/p>\n\n<p><strong>Sabato 12 marzo: &#8220;Claude Debussy au piano : rompre ou perp\u00e9tuer?&#8221;\u00a0<\/strong>con R\u00e9my Campos, musicologo.<\/p>\n\n<p><em>Museo Oceanografico, ore 18:30, <a href=\"https:\/\/indiv.themisweb.fr\/0526\/fChoixSeance.aspx?idstructure=0526&amp;EventId=847&amp;request=QcE+w0WHSuCzWDnDWpkYGsQqvYDsJea22xtXLehY02wu4nhqPd\/M\/RFWZqMbfazRwpiv0SYqabA=\">prenotazioni<\/a><\/em>.<\/p>\n\n<p><strong>Gioved\u00ec 17 marzo: Incontro con Yan Maresz, compositore<\/strong>, moderato da Tristan Labouret, musicologo.<\/p>\n\n<p><em>Museo Oceanografico, ore 18:30, <a href=\"https:\/\/indiv.themisweb.fr\/0526\/fChoixSeance.aspx?idstructure=0526&amp;EventId=867&amp;request=QcE+w0WHSuCzWDnDWpkYGsQqvYDsJea2cF4yEbmgRZxFg1bc6o2by+y64HBwzUcf\">prenotazioni<\/a>.<\/em><\/p>\n\n<p><strong>Venerd\u00ec 18 marzo: Incontro con<\/strong> <strong>\u00c9ric Lebrun, organista, &#8220;L\u2019orgue de Johann Sebastian Bach&#8221;,\u00a0<\/strong>moderato da Tristan Labouret, musicologo.<\/p>\n\n<p><em>Chiesa del Sacr\u00e9-C\u0153ur, ore 18:30, <a href=\"https:\/\/indiv.themisweb.fr\/0526\/fChoixSeance.aspx?idstructure=0526&amp;EventId=876&amp;request=QcE+w0WHSuCzWDnDWpkYGsQqvYDsJea2AcmstADcTq207wyd3+tEG4RfuKCH8cNR\">prenotazioni<\/a>.<\/em><\/p>\n\n<p><strong>Sabato 19 marzo: &#8220;Le quatuor \u00e0 cordes, \u00e9criture et pratique&#8221;<\/strong>, con i membri di Quatuor Voce, St\u00e9phane Goldet, musicologo, e Bruno Mantovani, direttore artistico del festival. Moderato da Tristan Labouret, musicologo.<\/p>\n\n<p><em>H\u00f4tel Hermitage, Salon Belle \u00c9poque, ore 18:30, <a href=\"https:\/\/indiv.themisweb.fr\/0526\/fChoixSeance.aspx?idstructure=0526&amp;EventId=889&amp;request=QcE+w0WHSuCzWDnDWpkYGsQqvYDsJea2tjQjiVZLQ8azxzhXydkpVdy9pj1wU9d\/s2Q3tf1t9LU=\">prenotazioni<\/a>.<\/em><\/p>\n\n<p><strong>Gioved\u00ec 24 marzo: Incontro con Bastien David, compositore,<\/strong> moderato da Tristan Labouret, musicologo.<\/p>\n\n<p><em>Th\u00e9\u00e2tre des Vari\u00e9t\u00e9s, ore 18:30, <a href=\"https:\/\/indiv.themisweb.fr\/0526\/fChoixSeance.aspx?idstructure=0526&amp;EventId=869&amp;request=QcE+w0WHSuCzWDnDWpkYGsQqvYDsJea2P5yDB4y9q+\/+DPdNA0AWykovSjr\/HSJK\">prenotazioni<\/a>.<\/em><\/p>\n\n<p><strong>Venerd\u00ec 25 marzo: Incontro con<\/strong> <strong>Anahit Mikayelyan del Museo Sergei Parajanov e con Michel Petrossian, compositore, &#8220;Folklore arm\u00e9nien et art savant&#8221;<\/strong>, moderato da Tristan Labouret, musicologo.<\/p>\n\n<p><em>One Monte-Carlo, Anfiteatro<\/em>, ore <em>18:30, <a href=\"https:\/\/indiv.themisweb.fr\/0526\/fChoixSeance.aspx?idstructure=0526&amp;EventId=868&amp;request=QcE+w0WHSuCzWDnDWpkYGsQqvYDsJea2aRoV1+yZzWNdoYhyR7NphyicQwro+DiN\">prenotazioni<\/a>.<\/em><\/p>\n\n<p><strong>Gioved\u00ec 31 marzo:<\/strong> &#8220;<strong>Le si\u00e8cle rouge : les musiciens sovi\u00e9tiques face au pouvoir&#8221;<\/strong>, di Charlotte Ginot-Slacik, musicologa, con Bruno Mantovani, direttore artistico del festival.<\/p>\n\n<p><em>Caf\u00e9 du Cirque de Monte-Carlo<\/em>, <em>ore18:30, <a href=\"https:\/\/indiv.themisweb.fr\/0526\/fChoixSeance.aspx?idstructure=0526&amp;EventId=849&amp;request=QcE+w0WHSuCzWDnDWpkYGsQqvYDsJea2+5oPAQw0lP++lfGVOQMjNXGD8AzvxBso6SxNCL6YjCc=\">prenotazioni<\/a>.<\/em><\/p>\n\n<p><\/p>\n\n<p>In ogni caso, gli eventi a pagamento non hanno prezzi esorbitanti e ci sono anche tariffe speciali. Qualche esibizione da non perdere? Il concerto del Quatuor Voce, il 19 e 20 marzo, la proiezione del film\u00a0<em>Il colore del melograno <\/em>dI Sergei Parajanov, il 26 marzo, e ancora il concerto per famiglie <em>Pierino e il Lupo&#8230; e il Jazz!\u00a0<\/em>il 2 aprile. Ricordiamo anche che l&#8217;Orchestra Filarmonica di Monte-Carlo chiuder\u00e0 il Festival il 3 aprile interpretando opere di Beethoven, Dutilleux e Chostakovitch.<\/p>\n\n<p><em><a href=\"https:\/\/www.printempsdesarts.mc\/programme\">Informazioni e prenotazioni<\/a>.<\/em><\/p>\n","protected":false},"excerpt":{"rendered":"<p>Dai concerti alle conferenze, passando per la mostra permanente, scoprite tutti gli eventi gratuiti del Festival. Se pensate che sia [&hellip;]<\/p>\n","protected":false},"author":60,"featured_media":114248,"comment_status":"closed","ping_status":"closed","sticky":false,"template":"","format":"standard","meta":{"_acf_changed":false,"footnotes":""},"categories":[1826,1738],"tags":[],"post_sectags":[],"post_format":[2477],"class_list":["post-114330","post","type-post","status-publish","format-standard","has-post-thumbnail","hentry","category-la-nostra-scelta","category-notizie","format-info-pratiche"],"acf":[],"yoast_head":"<!-- This site is optimized with the Yoast SEO Premium plugin v26.8 (Yoast SEO v27.4) - https:\/\/yoast.com\/product\/yoast-seo-premium-wordpress\/ -->\n<title>3 modi per godersi il Printemps des Arts de Monte-Carlo gratis<\/title>\n<meta name=\"description\" content=\"Dai concerti alle conferenze, passando per la mostra permanente, scoprite tutti gli eventi gratuiti del Festival. Se pensate che sia impossibile godervi\" \/>\n<meta name=\"robots\" content=\"index, follow, max-snippet:-1, max-image-preview:large, max-video-preview:-1\" \/>\n<link rel=\"canonical\" href=\"https:\/\/www.monaco-tribune.com\/it\/2022\/03\/3-modi-per-godersi-il-printemps-des-arts-de-monte-carlo-gratis\/\" \/>\n<meta property=\"og:locale\" content=\"it_IT\" \/>\n<meta property=\"og:type\" content=\"article\" \/>\n<meta property=\"og:title\" content=\"3 modi per godersi il Printemps des Arts de Monte-Carlo gratis - Monaco Tribune\" \/>\n<meta property=\"og:description\" content=\"Dai concerti alle conferenze, passando per la mostra permanente, scoprite tutti gli eventi gratuiti del Festival. Se pensate che sia impossibile godervi\" \/>\n<meta property=\"og:url\" content=\"https:\/\/www.monaco-tribune.com\/it\/2022\/03\/3-modi-per-godersi-il-printemps-des-arts-de-monte-carlo-gratis\/\" \/>\n<meta property=\"og:site_name\" content=\"Monaco Tribune\" \/>\n<meta property=\"article:publisher\" content=\"https:\/\/www.facebook.com\/MonacoTribune\" \/>\n<meta property=\"article:published_time\" content=\"2022-03-11T15:23:57+00:00\" \/>\n<meta property=\"article:modified_time\" content=\"2022-03-11T15:24:07+00:00\" \/>\n<meta property=\"og:image\" content=\"https:\/\/www.monaco-tribune.com\/wp-content\/uploads\/2022\/03\/printemps-des-arts-monte-carlo-gratuit-1.png\" \/>\n\t<meta property=\"og:image:width\" content=\"1020\" \/>\n\t<meta property=\"og:image:height\" content=\"575\" \/>\n\t<meta property=\"og:image:type\" content=\"image\/png\" \/>\n<meta name=\"author\" content=\"Camille Esteve\" \/>\n<meta name=\"twitter:card\" content=\"summary_large_image\" \/>\n<meta name=\"twitter:creator\" content=\"@MonacoTribune\" \/>\n<meta name=\"twitter:site\" content=\"@MonacoTribune\" \/>\n<script type=\"application\/ld+json\" class=\"yoast-schema-graph\">{\"@context\":\"https:\\\/\\\/schema.org\",\"@graph\":[{\"@type\":\"NewsArticle\",\"@id\":\"https:\\\/\\\/www.monaco-tribune.com\\\/it\\\/2022\\\/03\\\/3-modi-per-godersi-il-printemps-des-arts-de-monte-carlo-gratis\\\/#article\",\"isPartOf\":{\"@id\":\"https:\\\/\\\/www.monaco-tribune.com\\\/it\\\/2022\\\/03\\\/3-modi-per-godersi-il-printemps-des-arts-de-monte-carlo-gratis\\\/\"},\"author\":{\"name\":\"Camille Esteve\",\"@id\":\"https:\\\/\\\/www.monaco-tribune.com\\\/it\\\/#\\\/schema\\\/person\\\/a855d420fff4d03637641d60b93ac62e\"},\"headline\":\"3 modi per godersi il Printemps des Arts de Monte-Carlo gratis\",\"datePublished\":\"2022-03-11T15:23:57+00:00\",\"dateModified\":\"2022-03-11T15:24:07+00:00\",\"mainEntityOfPage\":{\"@id\":\"https:\\\/\\\/www.monaco-tribune.com\\\/it\\\/2022\\\/03\\\/3-modi-per-godersi-il-printemps-des-arts-de-monte-carlo-gratis\\\/\"},\"wordCount\":555,\"publisher\":{\"@id\":\"https:\\\/\\\/www.monaco-tribune.com\\\/it\\\/#organization\"},\"image\":{\"@id\":\"https:\\\/\\\/www.monaco-tribune.com\\\/it\\\/2022\\\/03\\\/3-modi-per-godersi-il-printemps-des-arts-de-monte-carlo-gratis\\\/#primaryimage\"},\"thumbnailUrl\":\"https:\\\/\\\/www.monaco-tribune.com\\\/wp-content\\\/uploads\\\/2022\\\/03\\\/printemps-des-arts-monte-carlo-gratuit-1.png\",\"articleSection\":[\"La nostra scelta\",\"Notizie\"],\"inLanguage\":\"it-IT\",\"copyrightYear\":\"2022\",\"copyrightHolder\":{\"@id\":\"https:\\\/\\\/www.monaco-tribune.com\\\/#organization\"}},{\"@type\":\"WebPage\",\"@id\":\"https:\\\/\\\/www.monaco-tribune.com\\\/it\\\/2022\\\/03\\\/3-modi-per-godersi-il-printemps-des-arts-de-monte-carlo-gratis\\\/\",\"url\":\"https:\\\/\\\/www.monaco-tribune.com\\\/it\\\/2022\\\/03\\\/3-modi-per-godersi-il-printemps-des-arts-de-monte-carlo-gratis\\\/\",\"name\":\"3 modi per godersi il Printemps des Arts de Monte-Carlo gratis\",\"isPartOf\":{\"@id\":\"https:\\\/\\\/www.monaco-tribune.com\\\/it\\\/#website\"},\"primaryImageOfPage\":{\"@id\":\"https:\\\/\\\/www.monaco-tribune.com\\\/it\\\/2022\\\/03\\\/3-modi-per-godersi-il-printemps-des-arts-de-monte-carlo-gratis\\\/#primaryimage\"},\"image\":{\"@id\":\"https:\\\/\\\/www.monaco-tribune.com\\\/it\\\/2022\\\/03\\\/3-modi-per-godersi-il-printemps-des-arts-de-monte-carlo-gratis\\\/#primaryimage\"},\"thumbnailUrl\":\"https:\\\/\\\/www.monaco-tribune.com\\\/wp-content\\\/uploads\\\/2022\\\/03\\\/printemps-des-arts-monte-carlo-gratuit-1.png\",\"datePublished\":\"2022-03-11T15:23:57+00:00\",\"dateModified\":\"2022-03-11T15:24:07+00:00\",\"description\":\"Dai concerti alle conferenze, passando per la mostra permanente, scoprite tutti gli eventi gratuiti del Festival. Se pensate che sia impossibile godervi\",\"breadcrumb\":{\"@id\":\"https:\\\/\\\/www.monaco-tribune.com\\\/it\\\/2022\\\/03\\\/3-modi-per-godersi-il-printemps-des-arts-de-monte-carlo-gratis\\\/#breadcrumb\"},\"inLanguage\":\"it-IT\",\"potentialAction\":[{\"@type\":\"ReadAction\",\"target\":[\"https:\\\/\\\/www.monaco-tribune.com\\\/it\\\/2022\\\/03\\\/3-modi-per-godersi-il-printemps-des-arts-de-monte-carlo-gratis\\\/\"]}]},{\"@type\":\"ImageObject\",\"inLanguage\":\"it-IT\",\"@id\":\"https:\\\/\\\/www.monaco-tribune.com\\\/it\\\/2022\\\/03\\\/3-modi-per-godersi-il-printemps-des-arts-de-monte-carlo-gratis\\\/#primaryimage\",\"url\":\"https:\\\/\\\/www.monaco-tribune.com\\\/wp-content\\\/uploads\\\/2022\\\/03\\\/printemps-des-arts-monte-carlo-gratuit-1.png\",\"contentUrl\":\"https:\\\/\\\/www.monaco-tribune.com\\\/wp-content\\\/uploads\\\/2022\\\/03\\\/printemps-des-arts-monte-carlo-gratuit-1.png\",\"width\":1020,\"height\":575,\"caption\":\"DR\"},{\"@type\":\"BreadcrumbList\",\"@id\":\"https:\\\/\\\/www.monaco-tribune.com\\\/it\\\/2022\\\/03\\\/3-modi-per-godersi-il-printemps-des-arts-de-monte-carlo-gratis\\\/#breadcrumb\",\"itemListElement\":[{\"@type\":\"ListItem\",\"position\":1,\"name\":\"Accueil\",\"item\":\"https:\\\/\\\/www.monaco-tribune.com\\\/it\\\/\"},{\"@type\":\"ListItem\",\"position\":2,\"name\":\"3 modi per godersi il Printemps des Arts de Monte-Carlo gratis\"}]},{\"@type\":\"WebSite\",\"@id\":\"https:\\\/\\\/www.monaco-tribune.com\\\/it\\\/#website\",\"url\":\"https:\\\/\\\/www.monaco-tribune.com\\\/it\\\/\",\"name\":\"Monaco Tribune\",\"description\":\"Monaco : actualit\u00e9s \u00e9conomiques, politiques, culturelles et sportives de Monaco et de la French Riviera.\",\"publisher\":{\"@id\":\"https:\\\/\\\/www.monaco-tribune.com\\\/it\\\/#organization\"},\"potentialAction\":[{\"@type\":\"SearchAction\",\"target\":{\"@type\":\"EntryPoint\",\"urlTemplate\":\"https:\\\/\\\/www.monaco-tribune.com\\\/it\\\/?s={search_term_string}\"},\"query-input\":{\"@type\":\"PropertyValueSpecification\",\"valueRequired\":true,\"valueName\":\"search_term_string\"}}],\"inLanguage\":\"it-IT\"},{\"@type\":\"Organization\",\"@id\":\"https:\\\/\\\/www.monaco-tribune.com\\\/it\\\/#organization\",\"name\":\"Monaco Tribune\",\"url\":\"https:\\\/\\\/www.monaco-tribune.com\\\/it\\\/\",\"logo\":{\"@type\":\"ImageObject\",\"inLanguage\":\"it-IT\",\"@id\":\"https:\\\/\\\/www.monaco-tribune.com\\\/it\\\/#\\\/schema\\\/logo\\\/image\\\/\",\"url\":\"https:\\\/\\\/www.monaco-tribune.com\\\/wp-content\\\/uploads\\\/2022\\\/11\\\/logo-monaco-tribune.png\",\"contentUrl\":\"https:\\\/\\\/www.monaco-tribune.com\\\/wp-content\\\/uploads\\\/2022\\\/11\\\/logo-monaco-tribune.png\",\"width\":1548,\"height\":600,\"caption\":\"Monaco Tribune\"},\"image\":{\"@id\":\"https:\\\/\\\/www.monaco-tribune.com\\\/it\\\/#\\\/schema\\\/logo\\\/image\\\/\"},\"sameAs\":[\"https:\\\/\\\/www.facebook.com\\\/MonacoTribune\",\"https:\\\/\\\/x.com\\\/MonacoTribune\",\"https:\\\/\\\/www.instagram.com\\\/monacotribune\\\/\",\"https:\\\/\\\/www.linkedin.com\\\/company\\\/monaco-tribune\",\"https:\\\/\\\/www.youtube.com\\\/channel\\\/UCHle1MnG6hw1y4lWKijVbMA\"]},{\"@type\":\"Person\",\"@id\":\"https:\\\/\\\/www.monaco-tribune.com\\\/it\\\/#\\\/schema\\\/person\\\/a855d420fff4d03637641d60b93ac62e\",\"name\":\"Camille Esteve\",\"image\":{\"@type\":\"ImageObject\",\"inLanguage\":\"it-IT\",\"@id\":\"https:\\\/\\\/secure.gravatar.com\\\/avatar\\\/eaaa2355a7bb56c0018a391c20a55bf9b4690e3f493231dd850e612bfa6ce161?s=96&d=mm&r=g\",\"url\":\"https:\\\/\\\/secure.gravatar.com\\\/avatar\\\/eaaa2355a7bb56c0018a391c20a55bf9b4690e3f493231dd850e612bfa6ce161?s=96&d=mm&r=g\",\"contentUrl\":\"https:\\\/\\\/secure.gravatar.com\\\/avatar\\\/eaaa2355a7bb56c0018a391c20a55bf9b4690e3f493231dd850e612bfa6ce161?s=96&d=mm&r=g\",\"caption\":\"Camille Esteve\"},\"url\":\"https:\\\/\\\/www.monaco-tribune.com\\\/it\\\/author\\\/camilleesteve\\\/\"}]}<\/script>\n<!-- \/ Yoast SEO Premium plugin. -->","yoast_head_json":{"title":"3 modi per godersi il Printemps des Arts de Monte-Carlo gratis","description":"Dai concerti alle conferenze, passando per la mostra permanente, scoprite tutti gli eventi gratuiti del Festival. Se pensate che sia impossibile godervi","robots":{"index":"index","follow":"follow","max-snippet":"max-snippet:-1","max-image-preview":"max-image-preview:large","max-video-preview":"max-video-preview:-1"},"canonical":"https:\/\/www.monaco-tribune.com\/it\/2022\/03\/3-modi-per-godersi-il-printemps-des-arts-de-monte-carlo-gratis\/","og_locale":"it_IT","og_type":"article","og_title":"3 modi per godersi il Printemps des Arts de Monte-Carlo gratis - Monaco Tribune","og_description":"Dai concerti alle conferenze, passando per la mostra permanente, scoprite tutti gli eventi gratuiti del Festival. Se pensate che sia impossibile godervi","og_url":"https:\/\/www.monaco-tribune.com\/it\/2022\/03\/3-modi-per-godersi-il-printemps-des-arts-de-monte-carlo-gratis\/","og_site_name":"Monaco Tribune","article_publisher":"https:\/\/www.facebook.com\/MonacoTribune","article_published_time":"2022-03-11T15:23:57+00:00","article_modified_time":"2022-03-11T15:24:07+00:00","og_image":[{"width":1020,"height":575,"url":"https:\/\/www.monaco-tribune.com\/wp-content\/uploads\/2022\/03\/printemps-des-arts-monte-carlo-gratuit-1.png","type":"image\/png"}],"author":"Camille Esteve","twitter_card":"summary_large_image","twitter_creator":"@MonacoTribune","twitter_site":"@MonacoTribune","schema":{"@context":"https:\/\/schema.org","@graph":[{"@type":"NewsArticle","@id":"https:\/\/www.monaco-tribune.com\/it\/2022\/03\/3-modi-per-godersi-il-printemps-des-arts-de-monte-carlo-gratis\/#article","isPartOf":{"@id":"https:\/\/www.monaco-tribune.com\/it\/2022\/03\/3-modi-per-godersi-il-printemps-des-arts-de-monte-carlo-gratis\/"},"author":{"name":"Camille Esteve","@id":"https:\/\/www.monaco-tribune.com\/it\/#\/schema\/person\/a855d420fff4d03637641d60b93ac62e"},"headline":"3 modi per godersi il Printemps des Arts de Monte-Carlo gratis","datePublished":"2022-03-11T15:23:57+00:00","dateModified":"2022-03-11T15:24:07+00:00","mainEntityOfPage":{"@id":"https:\/\/www.monaco-tribune.com\/it\/2022\/03\/3-modi-per-godersi-il-printemps-des-arts-de-monte-carlo-gratis\/"},"wordCount":555,"publisher":{"@id":"https:\/\/www.monaco-tribune.com\/it\/#organization"},"image":{"@id":"https:\/\/www.monaco-tribune.com\/it\/2022\/03\/3-modi-per-godersi-il-printemps-des-arts-de-monte-carlo-gratis\/#primaryimage"},"thumbnailUrl":"https:\/\/www.monaco-tribune.com\/wp-content\/uploads\/2022\/03\/printemps-des-arts-monte-carlo-gratuit-1.png","articleSection":["La nostra scelta","Notizie"],"inLanguage":"it-IT","copyrightYear":"2022","copyrightHolder":{"@id":"https:\/\/www.monaco-tribune.com\/#organization"}},{"@type":"WebPage","@id":"https:\/\/www.monaco-tribune.com\/it\/2022\/03\/3-modi-per-godersi-il-printemps-des-arts-de-monte-carlo-gratis\/","url":"https:\/\/www.monaco-tribune.com\/it\/2022\/03\/3-modi-per-godersi-il-printemps-des-arts-de-monte-carlo-gratis\/","name":"3 modi per godersi il Printemps des Arts de Monte-Carlo gratis","isPartOf":{"@id":"https:\/\/www.monaco-tribune.com\/it\/#website"},"primaryImageOfPage":{"@id":"https:\/\/www.monaco-tribune.com\/it\/2022\/03\/3-modi-per-godersi-il-printemps-des-arts-de-monte-carlo-gratis\/#primaryimage"},"image":{"@id":"https:\/\/www.monaco-tribune.com\/it\/2022\/03\/3-modi-per-godersi-il-printemps-des-arts-de-monte-carlo-gratis\/#primaryimage"},"thumbnailUrl":"https:\/\/www.monaco-tribune.com\/wp-content\/uploads\/2022\/03\/printemps-des-arts-monte-carlo-gratuit-1.png","datePublished":"2022-03-11T15:23:57+00:00","dateModified":"2022-03-11T15:24:07+00:00","description":"Dai concerti alle conferenze, passando per la mostra permanente, scoprite tutti gli eventi gratuiti del Festival. Se pensate che sia impossibile godervi","breadcrumb":{"@id":"https:\/\/www.monaco-tribune.com\/it\/2022\/03\/3-modi-per-godersi-il-printemps-des-arts-de-monte-carlo-gratis\/#breadcrumb"},"inLanguage":"it-IT","potentialAction":[{"@type":"ReadAction","target":["https:\/\/www.monaco-tribune.com\/it\/2022\/03\/3-modi-per-godersi-il-printemps-des-arts-de-monte-carlo-gratis\/"]}]},{"@type":"ImageObject","inLanguage":"it-IT","@id":"https:\/\/www.monaco-tribune.com\/it\/2022\/03\/3-modi-per-godersi-il-printemps-des-arts-de-monte-carlo-gratis\/#primaryimage","url":"https:\/\/www.monaco-tribune.com\/wp-content\/uploads\/2022\/03\/printemps-des-arts-monte-carlo-gratuit-1.png","contentUrl":"https:\/\/www.monaco-tribune.com\/wp-content\/uploads\/2022\/03\/printemps-des-arts-monte-carlo-gratuit-1.png","width":1020,"height":575,"caption":"DR"},{"@type":"BreadcrumbList","@id":"https:\/\/www.monaco-tribune.com\/it\/2022\/03\/3-modi-per-godersi-il-printemps-des-arts-de-monte-carlo-gratis\/#breadcrumb","itemListElement":[{"@type":"ListItem","position":1,"name":"Accueil","item":"https:\/\/www.monaco-tribune.com\/it\/"},{"@type":"ListItem","position":2,"name":"3 modi per godersi il Printemps des Arts de Monte-Carlo gratis"}]},{"@type":"WebSite","@id":"https:\/\/www.monaco-tribune.com\/it\/#website","url":"https:\/\/www.monaco-tribune.com\/it\/","name":"Monaco Tribune","description":"Monaco : actualit\u00e9s \u00e9conomiques, politiques, culturelles et sportives de Monaco et de la French Riviera.","publisher":{"@id":"https:\/\/www.monaco-tribune.com\/it\/#organization"},"potentialAction":[{"@type":"SearchAction","target":{"@type":"EntryPoint","urlTemplate":"https:\/\/www.monaco-tribune.com\/it\/?s={search_term_string}"},"query-input":{"@type":"PropertyValueSpecification","valueRequired":true,"valueName":"search_term_string"}}],"inLanguage":"it-IT"},{"@type":"Organization","@id":"https:\/\/www.monaco-tribune.com\/it\/#organization","name":"Monaco Tribune","url":"https:\/\/www.monaco-tribune.com\/it\/","logo":{"@type":"ImageObject","inLanguage":"it-IT","@id":"https:\/\/www.monaco-tribune.com\/it\/#\/schema\/logo\/image\/","url":"https:\/\/www.monaco-tribune.com\/wp-content\/uploads\/2022\/11\/logo-monaco-tribune.png","contentUrl":"https:\/\/www.monaco-tribune.com\/wp-content\/uploads\/2022\/11\/logo-monaco-tribune.png","width":1548,"height":600,"caption":"Monaco Tribune"},"image":{"@id":"https:\/\/www.monaco-tribune.com\/it\/#\/schema\/logo\/image\/"},"sameAs":["https:\/\/www.facebook.com\/MonacoTribune","https:\/\/x.com\/MonacoTribune","https:\/\/www.instagram.com\/monacotribune\/","https:\/\/www.linkedin.com\/company\/monaco-tribune","https:\/\/www.youtube.com\/channel\/UCHle1MnG6hw1y4lWKijVbMA"]},{"@type":"Person","@id":"https:\/\/www.monaco-tribune.com\/it\/#\/schema\/person\/a855d420fff4d03637641d60b93ac62e","name":"Camille Esteve","image":{"@type":"ImageObject","inLanguage":"it-IT","@id":"https:\/\/secure.gravatar.com\/avatar\/eaaa2355a7bb56c0018a391c20a55bf9b4690e3f493231dd850e612bfa6ce161?s=96&d=mm&r=g","url":"https:\/\/secure.gravatar.com\/avatar\/eaaa2355a7bb56c0018a391c20a55bf9b4690e3f493231dd850e612bfa6ce161?s=96&d=mm&r=g","contentUrl":"https:\/\/secure.gravatar.com\/avatar\/eaaa2355a7bb56c0018a391c20a55bf9b4690e3f493231dd850e612bfa6ce161?s=96&d=mm&r=g","caption":"Camille Esteve"},"url":"https:\/\/www.monaco-tribune.com\/it\/author\/camilleesteve\/"}]}},"_links":{"self":[{"href":"https:\/\/www.monaco-tribune.com\/it\/wp-json\/wp\/v2\/posts\/114330","targetHints":{"allow":["GET"]}}],"collection":[{"href":"https:\/\/www.monaco-tribune.com\/it\/wp-json\/wp\/v2\/posts"}],"about":[{"href":"https:\/\/www.monaco-tribune.com\/it\/wp-json\/wp\/v2\/types\/post"}],"author":[{"embeddable":true,"href":"https:\/\/www.monaco-tribune.com\/it\/wp-json\/wp\/v2\/users\/60"}],"replies":[{"embeddable":true,"href":"https:\/\/www.monaco-tribune.com\/it\/wp-json\/wp\/v2\/comments?post=114330"}],"version-history":[{"count":0,"href":"https:\/\/www.monaco-tribune.com\/it\/wp-json\/wp\/v2\/posts\/114330\/revisions"}],"wp:featuredmedia":[{"embeddable":true,"href":"https:\/\/www.monaco-tribune.com\/it\/wp-json\/wp\/v2\/media\/114248"}],"wp:attachment":[{"href":"https:\/\/www.monaco-tribune.com\/it\/wp-json\/wp\/v2\/media?parent=114330"}],"wp:term":[{"taxonomy":"category","embeddable":true,"href":"https:\/\/www.monaco-tribune.com\/it\/wp-json\/wp\/v2\/categories?post=114330"},{"taxonomy":"post_tag","embeddable":true,"href":"https:\/\/www.monaco-tribune.com\/it\/wp-json\/wp\/v2\/tags?post=114330"},{"taxonomy":"sectag","embeddable":true,"href":"https:\/\/www.monaco-tribune.com\/it\/wp-json\/wp\/v2\/post_sectags?post=114330"},{"taxonomy":"format","embeddable":true,"href":"https:\/\/www.monaco-tribune.com\/it\/wp-json\/wp\/v2\/post_format?post=114330"}],"curies":[{"name":"wp","href":"https:\/\/api.w.org\/{rel}","templated":true}]}}