{"id":114389,"date":"2022-03-11T18:02:57","date_gmt":"2022-03-11T17:02:57","guid":{"rendered":"https:\/\/www.monaco-tribune.com\/2022\/03\/due-chiacchiere-con-eric-elena-simbolo-del-basket-femminile-a-monaco\/"},"modified":"2022-03-11T18:03:04","modified_gmt":"2022-03-11T17:03:04","slug":"due-chiacchiere-con-eric-elena-simbolo-del-basket-femminile-a-monaco","status":"publish","type":"post","link":"https:\/\/www.monaco-tribune.com\/it\/2022\/03\/due-chiacchiere-con-eric-elena-simbolo-del-basket-femminile-a-monaco\/","title":{"rendered":"Due chiacchiere con \u00c9ric Elena, simbolo del basket femminile a Monaco"},"content":{"rendered":"\n<p><strong>Membro fondatore della Monaco Basket Association (MBA) e presidente del club per dodici anni, \u00c9ric Elena (59) ha plasmato la seconda squadra di basket del Principato fino a farla diventare la principale realt\u00e0 femminile monegasca.<\/strong><\/p>\n\n<p>Per \u00c9ric Elena, il basket occupa un posto di rilievo da pi\u00f9 di quindici anni. Dal luned\u00ec alla domenica, dalla mattina alla sera, non c&#8217;\u00e8 momento in cui il presidente della Monaco Basket Association non pensi al canestro. Se non risponde al telefono per discutere di una potenziale recluta \u00e8 perch\u00e9 \u00e8 appoggiato alle ringhiere della palestra dell&#8217;Annonciade per assistere all&#8217;allenamento delle ragazze di N1. Quando non si tratta delle pi\u00f9 giovani del club.<\/p>\n\n<blockquote class=\"wp-block-quote is-layout-flow wp-block-quote-is-layout-flow\"><p><em>Abbiamo raggiunto il livello pi\u00f9 alto nel mondo semiprofessionale. Ora vogliamo sognare in grande\u00a0<\/em><\/p><cite>\u00c9ric Elena <\/cite><\/blockquote>\n\n<p>Tuttavia, negli ultimi due anni, un&#8217;altra passione ha acceso l&#8217;animo di \u00c9ric Elena. Come passatempo, l&#8217;amante del basket, che \u00e8 da poco andato in pensione dopo trentotto anni al Casino di Monte-Carlo, pianta ulivi nella sua residenza di Sospel, sulle alture del Principato.<\/p>\n\n<h2 class=\"wp-block-heading\">Quando non \u00e8 in campo, \u00c9ric Elena si diletta a\u2026 piantare ulivi!<\/h2>\n\n<p>\u201cAbbiamo fatto un lavoro pazzesco, sorride il tifoso dei New York Knicks dell&#8217;NBA. &#8220;L\u2019obiettivo \u00e8 ripiantare duecento ulivi. Volevo sfruttare la mia terra e gli abitanti del posto hanno trovato questa idea geniale. Siamo andati in Italia, vicino Firenze, per scegliere gli alberi. Spero che riusciremo a produrre un buon olio d&#8217;oliva!&#8221;<\/p>\n\n<p><strong>LEGGI ANCHE<\/strong>: <a href=\"https:\/\/www.monaco-tribune.com\/it\/2022\/02\/nicolas-chattahy-e-las-monaco-basket-nel-sangue\/\">Nicolas Chattahy: l\u2019AS Monaco Basket nel sangue<\/a><\/p>\n\n<p>Monegasco di nascita, \u00c9ric Elena ha frequentato gli studi nel Principato. Anche se vive a Monaco, gli piace trascorrere i fine settimana e le estati a Sospel, nella sua casetta di campagna che sar\u00e0 presto circondata da ulivi a perdita d&#8217;occhio. Il tutto mentre segue con attenzione l&#8217;evoluzione del suo club, che questa stagione punta alla seconda divisione.<\/p>\n\n<div class=\"wp-block-image\"><figure class=\"aligncenter size-full\"><img loading=\"lazy\" decoding=\"async\" width=\"1024\" height=\"638\" src=\"https:\/\/www.monaco-tribune.com\/wp-content\/uploads\/2022\/03\/monaco-basket-association.jpg\" alt=\"\" class=\"wp-image-114016\" srcset=\"https:\/\/www.monaco-tribune.com\/wp-content\/uploads\/2022\/03\/monaco-basket-association.jpg 1024w, https:\/\/www.monaco-tribune.com\/wp-content\/uploads\/2022\/03\/monaco-basket-association-482x300.jpg 482w\" sizes=\"auto, (max-width: 1024px) 100vw, 1024px\" \/><figcaption>La prima squadra dell&#8217;MBA gioca in N1 e questa stagione punta alla seconda divisione. Il tema monegasco vanta attualmente un\u2019ottima posizione per raggiungere le fasi finali\/\u00a9MBA<\/figcaption><\/figure><\/div>\n\n<p>\u201cAbbiamo raggiunto il livello pi\u00f9 alto nel mondo semiprofessionale. Adesso vogliamo sognare in grande\u201d afferma, orgoglioso del percorso fatto dalla sua squadra in questi anni. C&#8217;\u00e8 da dire che il lavoro che ha portato avanti \u00c9ric Elena \u00e8 incredibile.<\/p>\n\n<h2 class=\"wp-block-heading\" id=\"h-une-entite-feminine-commune-entre-la-mba-et-la-roca-team\">Un aiuto da parte del Roca Team?<\/h2>\n\n<p>Oggi la squadra conta centoventisette membri, ma solo dodici anni fa, quando \u00e8 stata creata, la MBA giocava a livello provinciale e occupava gli ultimi posti della classifica.<\/p>\n\n<blockquote class=\"wp-block-quote is-layout-flow wp-block-quote-is-layout-flow\"><p><em>Con l&#8217;arrivo di Sergey Dyadechko nell&#8217;AS Monaco Basket, abbiamo deciso di puntare quasi esclusivamente sulle donne<\/em><\/p><cite>\u00c9ric Elena <\/cite><\/blockquote>\n\n<p>Ma a poco a poco, la squadra femminile ha scalato la classifica fino ad arrivare alla Nationale 1, abbastanza per rendere l&#8217;MBA un club prevalentemente femminile. &#8220;Dovevamo scegliere dove destinare le nostre risorse&#8221;, spiega. &#8220;Con l&#8217;arrivo di Sergey Dyadechko nell&#8217;AS Monaco Basket, che ha investito tantissimo nel Roca Team, abbiamo deciso di puntare quasi esclusivamente sulle donne&#8221;.<\/p>\n\n<p><strong>LEGGI ANCHE<\/strong>: <a href=\"https:\/\/www.monaco-tribune.com\/it\/2021\/10\/sergey-dyadechko-suscita-interesse-nella-stampa-spagnola\/\">Sergey Dyadechko suscita interesse nella stampa spagnola<\/a><\/p>\n\n<p>A capo del Roca Team per cinque anni prima di fondare l&#8217;a BA, \u00c9ric Elena aveva instaurato un rapporto abbastanza stretto con l&#8217;altro club di basket del Principato. \u00c8 sembrato quindi del tutto naturale proporre all&#8217;ex presidente del Roca Team, <a href=\"https:\/\/www.monaco-tribune.com\/it\/2022\/01\/nuova-presidenza-per-il-roca-team\/\">recentemente sostituito da Aleksej Fedoricsev<\/a>, di formare un Roca Team Girls, sull&#8217;esempio dell&#8217;ASVEL F\u00e9minin al tempo dell&#8217;ASVEL di Tony Parker. \u201cCi ho provato un paio di volte. Ma lui \u00e8 pi\u00f9 portato per i ragazzi!&#8221;<\/p>\n\n<p>Con un budget di 350.000 euro, la MBA punta un giorno a raggiungere la prima divisione contando sulle proprie forze, senza il sostegno (per ora) del Roca Team. In attesa di passare il testimone, &#8220;\u00e8 ora di fare largo ai giovani&#8221; , \u00c9ric Elena fatica a trovare un finanziatore, che, come Dyadechko, porti il club in vetta. Appassionati di basket, questa \u00e8 la vostra occasione!<\/p>\n","protected":false},"excerpt":{"rendered":"<p>Membro fondatore della Monaco Basket Association (MBA) e presidente del club per dodici anni, \u00c9ric Elena (59) ha plasmato la [&hellip;]<\/p>\n","protected":false},"author":24,"featured_media":114011,"comment_status":"closed","ping_status":"closed","sticky":false,"template":"","format":"standard","meta":{"_acf_changed":false,"footnotes":""},"categories":[1826,1738,1743],"tags":[2848],"post_sectags":[],"post_format":[2480],"class_list":["post-114389","post","type-post","status-publish","format-standard","has-post-thumbnail","hentry","category-la-nostra-scelta","category-notizie","category-sport-it","tag-basket-it","format-profilo"],"acf":[],"yoast_head":"<!-- This site is optimized with the Yoast SEO Premium plugin v26.8 (Yoast SEO v27.5) - https:\/\/yoast.com\/product\/yoast-seo-premium-wordpress\/ -->\n<title>Due chiacchiere con \u00c9ric Elena, simbolo del basket femminile a Monaco<\/title>\n<meta name=\"description\" content=\"Membro fondatore della Monaco Basket Association (MBA) e presidente del club per dodici anni, \u00c9ric Elena (59) ha plasmato la seconda squadra di basket del\" \/>\n<meta name=\"robots\" content=\"index, follow, max-snippet:-1, max-image-preview:large, max-video-preview:-1\" \/>\n<link rel=\"canonical\" href=\"https:\/\/www.monaco-tribune.com\/it\/2022\/03\/due-chiacchiere-con-eric-elena-simbolo-del-basket-femminile-a-monaco\/\" \/>\n<meta property=\"og:locale\" content=\"it_IT\" \/>\n<meta property=\"og:type\" content=\"article\" \/>\n<meta property=\"og:title\" content=\"Due chiacchiere con \u00c9ric Elena, simbolo del basket femminile a Monaco - Monaco Tribune\" \/>\n<meta property=\"og:description\" content=\"Membro fondatore della Monaco Basket Association (MBA) e presidente del club per dodici anni, \u00c9ric Elena (59) ha plasmato la seconda squadra di basket del\" \/>\n<meta property=\"og:url\" content=\"https:\/\/www.monaco-tribune.com\/it\/2022\/03\/due-chiacchiere-con-eric-elena-simbolo-del-basket-femminile-a-monaco\/\" \/>\n<meta property=\"og:site_name\" content=\"Monaco Tribune\" \/>\n<meta property=\"article:publisher\" content=\"https:\/\/www.facebook.com\/MonacoTribune\" \/>\n<meta property=\"article:published_time\" content=\"2022-03-11T17:02:57+00:00\" \/>\n<meta property=\"article:modified_time\" content=\"2022-03-11T17:03:04+00:00\" \/>\n<meta property=\"og:image\" content=\"https:\/\/www.monaco-tribune.com\/wp-content\/uploads\/2022\/03\/eric-elena-mba-min.jpg\" \/>\n\t<meta property=\"og:image:width\" content=\"1024\" \/>\n\t<meta property=\"og:image:height\" content=\"656\" \/>\n\t<meta property=\"og:image:type\" content=\"image\/jpeg\" \/>\n<meta name=\"author\" content=\"Romain Boisaubert\" \/>\n<meta name=\"twitter:card\" content=\"summary_large_image\" \/>\n<meta name=\"twitter:creator\" content=\"@MonacoTribune\" \/>\n<meta name=\"twitter:site\" content=\"@MonacoTribune\" \/>\n<script type=\"application\/ld+json\" class=\"yoast-schema-graph\">{\"@context\":\"https:\\\/\\\/schema.org\",\"@graph\":[{\"@type\":\"NewsArticle\",\"@id\":\"https:\\\/\\\/www.monaco-tribune.com\\\/it\\\/2022\\\/03\\\/due-chiacchiere-con-eric-elena-simbolo-del-basket-femminile-a-monaco\\\/#article\",\"isPartOf\":{\"@id\":\"https:\\\/\\\/www.monaco-tribune.com\\\/it\\\/2022\\\/03\\\/due-chiacchiere-con-eric-elena-simbolo-del-basket-femminile-a-monaco\\\/\"},\"author\":{\"name\":\"Romain Boisaubert\",\"@id\":\"https:\\\/\\\/www.monaco-tribune.com\\\/it\\\/#\\\/schema\\\/person\\\/330a3732947cf8cb41b2533a0eadd62e\"},\"headline\":\"Due chiacchiere con \u00c9ric Elena, simbolo del basket femminile a Monaco\",\"datePublished\":\"2022-03-11T17:02:57+00:00\",\"dateModified\":\"2022-03-11T17:03:04+00:00\",\"mainEntityOfPage\":{\"@id\":\"https:\\\/\\\/www.monaco-tribune.com\\\/it\\\/2022\\\/03\\\/due-chiacchiere-con-eric-elena-simbolo-del-basket-femminile-a-monaco\\\/\"},\"wordCount\":645,\"publisher\":{\"@id\":\"https:\\\/\\\/www.monaco-tribune.com\\\/it\\\/#organization\"},\"image\":{\"@id\":\"https:\\\/\\\/www.monaco-tribune.com\\\/it\\\/2022\\\/03\\\/due-chiacchiere-con-eric-elena-simbolo-del-basket-femminile-a-monaco\\\/#primaryimage\"},\"thumbnailUrl\":\"https:\\\/\\\/www.monaco-tribune.com\\\/wp-content\\\/uploads\\\/2022\\\/03\\\/eric-elena-mba-min.jpg\",\"keywords\":[\"Basket\"],\"articleSection\":[\"La nostra scelta\",\"Notizie\",\"Sport\"],\"inLanguage\":\"it-IT\",\"copyrightYear\":\"2022\",\"copyrightHolder\":{\"@id\":\"https:\\\/\\\/www.monaco-tribune.com\\\/#organization\"}},{\"@type\":\"WebPage\",\"@id\":\"https:\\\/\\\/www.monaco-tribune.com\\\/it\\\/2022\\\/03\\\/due-chiacchiere-con-eric-elena-simbolo-del-basket-femminile-a-monaco\\\/\",\"url\":\"https:\\\/\\\/www.monaco-tribune.com\\\/it\\\/2022\\\/03\\\/due-chiacchiere-con-eric-elena-simbolo-del-basket-femminile-a-monaco\\\/\",\"name\":\"Due chiacchiere con \u00c9ric Elena, simbolo del basket femminile a Monaco\",\"isPartOf\":{\"@id\":\"https:\\\/\\\/www.monaco-tribune.com\\\/it\\\/#website\"},\"primaryImageOfPage\":{\"@id\":\"https:\\\/\\\/www.monaco-tribune.com\\\/it\\\/2022\\\/03\\\/due-chiacchiere-con-eric-elena-simbolo-del-basket-femminile-a-monaco\\\/#primaryimage\"},\"image\":{\"@id\":\"https:\\\/\\\/www.monaco-tribune.com\\\/it\\\/2022\\\/03\\\/due-chiacchiere-con-eric-elena-simbolo-del-basket-femminile-a-monaco\\\/#primaryimage\"},\"thumbnailUrl\":\"https:\\\/\\\/www.monaco-tribune.com\\\/wp-content\\\/uploads\\\/2022\\\/03\\\/eric-elena-mba-min.jpg\",\"datePublished\":\"2022-03-11T17:02:57+00:00\",\"dateModified\":\"2022-03-11T17:03:04+00:00\",\"description\":\"Membro fondatore della Monaco Basket Association (MBA) e presidente del club per dodici anni, \u00c9ric Elena (59) ha plasmato la seconda squadra di basket del\",\"breadcrumb\":{\"@id\":\"https:\\\/\\\/www.monaco-tribune.com\\\/it\\\/2022\\\/03\\\/due-chiacchiere-con-eric-elena-simbolo-del-basket-femminile-a-monaco\\\/#breadcrumb\"},\"inLanguage\":\"it-IT\",\"potentialAction\":[{\"@type\":\"ReadAction\",\"target\":[\"https:\\\/\\\/www.monaco-tribune.com\\\/it\\\/2022\\\/03\\\/due-chiacchiere-con-eric-elena-simbolo-del-basket-femminile-a-monaco\\\/\"]}]},{\"@type\":\"ImageObject\",\"inLanguage\":\"it-IT\",\"@id\":\"https:\\\/\\\/www.monaco-tribune.com\\\/it\\\/2022\\\/03\\\/due-chiacchiere-con-eric-elena-simbolo-del-basket-femminile-a-monaco\\\/#primaryimage\",\"url\":\"https:\\\/\\\/www.monaco-tribune.com\\\/wp-content\\\/uploads\\\/2022\\\/03\\\/eric-elena-mba-min.jpg\",\"contentUrl\":\"https:\\\/\\\/www.monaco-tribune.com\\\/wp-content\\\/uploads\\\/2022\\\/03\\\/eric-elena-mba-min.jpg\",\"width\":1024,\"height\":656,\"caption\":\"Romain Boisaubert\\\/Monaco Tribune\"},{\"@type\":\"BreadcrumbList\",\"@id\":\"https:\\\/\\\/www.monaco-tribune.com\\\/it\\\/2022\\\/03\\\/due-chiacchiere-con-eric-elena-simbolo-del-basket-femminile-a-monaco\\\/#breadcrumb\",\"itemListElement\":[{\"@type\":\"ListItem\",\"position\":1,\"name\":\"Accueil\",\"item\":\"https:\\\/\\\/www.monaco-tribune.com\\\/it\\\/\"},{\"@type\":\"ListItem\",\"position\":2,\"name\":\"Due chiacchiere con \u00c9ric Elena, simbolo del basket femminile a Monaco\"}]},{\"@type\":\"WebSite\",\"@id\":\"https:\\\/\\\/www.monaco-tribune.com\\\/it\\\/#website\",\"url\":\"https:\\\/\\\/www.monaco-tribune.com\\\/it\\\/\",\"name\":\"Monaco Tribune\",\"description\":\"Monaco : actualit\u00e9s \u00e9conomiques, politiques, culturelles et sportives de Monaco et de la French Riviera.\",\"publisher\":{\"@id\":\"https:\\\/\\\/www.monaco-tribune.com\\\/it\\\/#organization\"},\"potentialAction\":[{\"@type\":\"SearchAction\",\"target\":{\"@type\":\"EntryPoint\",\"urlTemplate\":\"https:\\\/\\\/www.monaco-tribune.com\\\/it\\\/?s={search_term_string}\"},\"query-input\":{\"@type\":\"PropertyValueSpecification\",\"valueRequired\":true,\"valueName\":\"search_term_string\"}}],\"inLanguage\":\"it-IT\"},{\"@type\":\"Organization\",\"@id\":\"https:\\\/\\\/www.monaco-tribune.com\\\/it\\\/#organization\",\"name\":\"Monaco Tribune\",\"url\":\"https:\\\/\\\/www.monaco-tribune.com\\\/it\\\/\",\"logo\":{\"@type\":\"ImageObject\",\"inLanguage\":\"it-IT\",\"@id\":\"https:\\\/\\\/www.monaco-tribune.com\\\/it\\\/#\\\/schema\\\/logo\\\/image\\\/\",\"url\":\"https:\\\/\\\/www.monaco-tribune.com\\\/wp-content\\\/uploads\\\/2022\\\/11\\\/logo-monaco-tribune.png\",\"contentUrl\":\"https:\\\/\\\/www.monaco-tribune.com\\\/wp-content\\\/uploads\\\/2022\\\/11\\\/logo-monaco-tribune.png\",\"width\":1548,\"height\":600,\"caption\":\"Monaco Tribune\"},\"image\":{\"@id\":\"https:\\\/\\\/www.monaco-tribune.com\\\/it\\\/#\\\/schema\\\/logo\\\/image\\\/\"},\"sameAs\":[\"https:\\\/\\\/www.facebook.com\\\/MonacoTribune\",\"https:\\\/\\\/x.com\\\/MonacoTribune\",\"https:\\\/\\\/www.instagram.com\\\/monacotribune\\\/\",\"https:\\\/\\\/www.linkedin.com\\\/company\\\/monaco-tribune\",\"https:\\\/\\\/www.youtube.com\\\/channel\\\/UCHle1MnG6hw1y4lWKijVbMA\"]},{\"@type\":\"Person\",\"@id\":\"https:\\\/\\\/www.monaco-tribune.com\\\/it\\\/#\\\/schema\\\/person\\\/330a3732947cf8cb41b2533a0eadd62e\",\"name\":\"Romain Boisaubert\",\"image\":{\"@type\":\"ImageObject\",\"inLanguage\":\"it-IT\",\"@id\":\"https:\\\/\\\/secure.gravatar.com\\\/avatar\\\/f8b90d41f1eabd1cbe4cf59e09d8db41a697d51919bf2dfe727589a24a4a4d54?s=96&d=mm&r=g\",\"url\":\"https:\\\/\\\/secure.gravatar.com\\\/avatar\\\/f8b90d41f1eabd1cbe4cf59e09d8db41a697d51919bf2dfe727589a24a4a4d54?s=96&d=mm&r=g\",\"contentUrl\":\"https:\\\/\\\/secure.gravatar.com\\\/avatar\\\/f8b90d41f1eabd1cbe4cf59e09d8db41a697d51919bf2dfe727589a24a4a4d54?s=96&d=mm&r=g\",\"caption\":\"Romain Boisaubert\"},\"description\":\"Test bio\",\"url\":\"https:\\\/\\\/www.monaco-tribune.com\\\/it\\\/author\\\/romain-boisaubert\\\/\"}]}<\/script>\n<!-- \/ Yoast SEO Premium plugin. -->","yoast_head_json":{"title":"Due chiacchiere con \u00c9ric Elena, simbolo del basket femminile a Monaco","description":"Membro fondatore della Monaco Basket Association (MBA) e presidente del club per dodici anni, \u00c9ric Elena (59) ha plasmato la seconda squadra di basket del","robots":{"index":"index","follow":"follow","max-snippet":"max-snippet:-1","max-image-preview":"max-image-preview:large","max-video-preview":"max-video-preview:-1"},"canonical":"https:\/\/www.monaco-tribune.com\/it\/2022\/03\/due-chiacchiere-con-eric-elena-simbolo-del-basket-femminile-a-monaco\/","og_locale":"it_IT","og_type":"article","og_title":"Due chiacchiere con \u00c9ric Elena, simbolo del basket femminile a Monaco - Monaco Tribune","og_description":"Membro fondatore della Monaco Basket Association (MBA) e presidente del club per dodici anni, \u00c9ric Elena (59) ha plasmato la seconda squadra di basket del","og_url":"https:\/\/www.monaco-tribune.com\/it\/2022\/03\/due-chiacchiere-con-eric-elena-simbolo-del-basket-femminile-a-monaco\/","og_site_name":"Monaco Tribune","article_publisher":"https:\/\/www.facebook.com\/MonacoTribune","article_published_time":"2022-03-11T17:02:57+00:00","article_modified_time":"2022-03-11T17:03:04+00:00","og_image":[{"width":1024,"height":656,"url":"https:\/\/www.monaco-tribune.com\/wp-content\/uploads\/2022\/03\/eric-elena-mba-min.jpg","type":"image\/jpeg"}],"author":"Romain Boisaubert","twitter_card":"summary_large_image","twitter_creator":"@MonacoTribune","twitter_site":"@MonacoTribune","schema":{"@context":"https:\/\/schema.org","@graph":[{"@type":"NewsArticle","@id":"https:\/\/www.monaco-tribune.com\/it\/2022\/03\/due-chiacchiere-con-eric-elena-simbolo-del-basket-femminile-a-monaco\/#article","isPartOf":{"@id":"https:\/\/www.monaco-tribune.com\/it\/2022\/03\/due-chiacchiere-con-eric-elena-simbolo-del-basket-femminile-a-monaco\/"},"author":{"name":"Romain Boisaubert","@id":"https:\/\/www.monaco-tribune.com\/it\/#\/schema\/person\/330a3732947cf8cb41b2533a0eadd62e"},"headline":"Due chiacchiere con \u00c9ric Elena, simbolo del basket femminile a Monaco","datePublished":"2022-03-11T17:02:57+00:00","dateModified":"2022-03-11T17:03:04+00:00","mainEntityOfPage":{"@id":"https:\/\/www.monaco-tribune.com\/it\/2022\/03\/due-chiacchiere-con-eric-elena-simbolo-del-basket-femminile-a-monaco\/"},"wordCount":645,"publisher":{"@id":"https:\/\/www.monaco-tribune.com\/it\/#organization"},"image":{"@id":"https:\/\/www.monaco-tribune.com\/it\/2022\/03\/due-chiacchiere-con-eric-elena-simbolo-del-basket-femminile-a-monaco\/#primaryimage"},"thumbnailUrl":"https:\/\/www.monaco-tribune.com\/wp-content\/uploads\/2022\/03\/eric-elena-mba-min.jpg","keywords":["Basket"],"articleSection":["La nostra scelta","Notizie","Sport"],"inLanguage":"it-IT","copyrightYear":"2022","copyrightHolder":{"@id":"https:\/\/www.monaco-tribune.com\/#organization"}},{"@type":"WebPage","@id":"https:\/\/www.monaco-tribune.com\/it\/2022\/03\/due-chiacchiere-con-eric-elena-simbolo-del-basket-femminile-a-monaco\/","url":"https:\/\/www.monaco-tribune.com\/it\/2022\/03\/due-chiacchiere-con-eric-elena-simbolo-del-basket-femminile-a-monaco\/","name":"Due chiacchiere con \u00c9ric Elena, simbolo del basket femminile a Monaco","isPartOf":{"@id":"https:\/\/www.monaco-tribune.com\/it\/#website"},"primaryImageOfPage":{"@id":"https:\/\/www.monaco-tribune.com\/it\/2022\/03\/due-chiacchiere-con-eric-elena-simbolo-del-basket-femminile-a-monaco\/#primaryimage"},"image":{"@id":"https:\/\/www.monaco-tribune.com\/it\/2022\/03\/due-chiacchiere-con-eric-elena-simbolo-del-basket-femminile-a-monaco\/#primaryimage"},"thumbnailUrl":"https:\/\/www.monaco-tribune.com\/wp-content\/uploads\/2022\/03\/eric-elena-mba-min.jpg","datePublished":"2022-03-11T17:02:57+00:00","dateModified":"2022-03-11T17:03:04+00:00","description":"Membro fondatore della Monaco Basket Association (MBA) e presidente del club per dodici anni, \u00c9ric Elena (59) ha plasmato la seconda squadra di basket del","breadcrumb":{"@id":"https:\/\/www.monaco-tribune.com\/it\/2022\/03\/due-chiacchiere-con-eric-elena-simbolo-del-basket-femminile-a-monaco\/#breadcrumb"},"inLanguage":"it-IT","potentialAction":[{"@type":"ReadAction","target":["https:\/\/www.monaco-tribune.com\/it\/2022\/03\/due-chiacchiere-con-eric-elena-simbolo-del-basket-femminile-a-monaco\/"]}]},{"@type":"ImageObject","inLanguage":"it-IT","@id":"https:\/\/www.monaco-tribune.com\/it\/2022\/03\/due-chiacchiere-con-eric-elena-simbolo-del-basket-femminile-a-monaco\/#primaryimage","url":"https:\/\/www.monaco-tribune.com\/wp-content\/uploads\/2022\/03\/eric-elena-mba-min.jpg","contentUrl":"https:\/\/www.monaco-tribune.com\/wp-content\/uploads\/2022\/03\/eric-elena-mba-min.jpg","width":1024,"height":656,"caption":"Romain Boisaubert\/Monaco Tribune"},{"@type":"BreadcrumbList","@id":"https:\/\/www.monaco-tribune.com\/it\/2022\/03\/due-chiacchiere-con-eric-elena-simbolo-del-basket-femminile-a-monaco\/#breadcrumb","itemListElement":[{"@type":"ListItem","position":1,"name":"Accueil","item":"https:\/\/www.monaco-tribune.com\/it\/"},{"@type":"ListItem","position":2,"name":"Due chiacchiere con \u00c9ric Elena, simbolo del basket femminile a Monaco"}]},{"@type":"WebSite","@id":"https:\/\/www.monaco-tribune.com\/it\/#website","url":"https:\/\/www.monaco-tribune.com\/it\/","name":"Monaco Tribune","description":"Monaco : actualit\u00e9s \u00e9conomiques, politiques, culturelles et sportives de Monaco et de la French Riviera.","publisher":{"@id":"https:\/\/www.monaco-tribune.com\/it\/#organization"},"potentialAction":[{"@type":"SearchAction","target":{"@type":"EntryPoint","urlTemplate":"https:\/\/www.monaco-tribune.com\/it\/?s={search_term_string}"},"query-input":{"@type":"PropertyValueSpecification","valueRequired":true,"valueName":"search_term_string"}}],"inLanguage":"it-IT"},{"@type":"Organization","@id":"https:\/\/www.monaco-tribune.com\/it\/#organization","name":"Monaco Tribune","url":"https:\/\/www.monaco-tribune.com\/it\/","logo":{"@type":"ImageObject","inLanguage":"it-IT","@id":"https:\/\/www.monaco-tribune.com\/it\/#\/schema\/logo\/image\/","url":"https:\/\/www.monaco-tribune.com\/wp-content\/uploads\/2022\/11\/logo-monaco-tribune.png","contentUrl":"https:\/\/www.monaco-tribune.com\/wp-content\/uploads\/2022\/11\/logo-monaco-tribune.png","width":1548,"height":600,"caption":"Monaco Tribune"},"image":{"@id":"https:\/\/www.monaco-tribune.com\/it\/#\/schema\/logo\/image\/"},"sameAs":["https:\/\/www.facebook.com\/MonacoTribune","https:\/\/x.com\/MonacoTribune","https:\/\/www.instagram.com\/monacotribune\/","https:\/\/www.linkedin.com\/company\/monaco-tribune","https:\/\/www.youtube.com\/channel\/UCHle1MnG6hw1y4lWKijVbMA"]},{"@type":"Person","@id":"https:\/\/www.monaco-tribune.com\/it\/#\/schema\/person\/330a3732947cf8cb41b2533a0eadd62e","name":"Romain Boisaubert","image":{"@type":"ImageObject","inLanguage":"it-IT","@id":"https:\/\/secure.gravatar.com\/avatar\/f8b90d41f1eabd1cbe4cf59e09d8db41a697d51919bf2dfe727589a24a4a4d54?s=96&d=mm&r=g","url":"https:\/\/secure.gravatar.com\/avatar\/f8b90d41f1eabd1cbe4cf59e09d8db41a697d51919bf2dfe727589a24a4a4d54?s=96&d=mm&r=g","contentUrl":"https:\/\/secure.gravatar.com\/avatar\/f8b90d41f1eabd1cbe4cf59e09d8db41a697d51919bf2dfe727589a24a4a4d54?s=96&d=mm&r=g","caption":"Romain Boisaubert"},"description":"Test bio","url":"https:\/\/www.monaco-tribune.com\/it\/author\/romain-boisaubert\/"}]}},"_links":{"self":[{"href":"https:\/\/www.monaco-tribune.com\/it\/wp-json\/wp\/v2\/posts\/114389","targetHints":{"allow":["GET"]}}],"collection":[{"href":"https:\/\/www.monaco-tribune.com\/it\/wp-json\/wp\/v2\/posts"}],"about":[{"href":"https:\/\/www.monaco-tribune.com\/it\/wp-json\/wp\/v2\/types\/post"}],"author":[{"embeddable":true,"href":"https:\/\/www.monaco-tribune.com\/it\/wp-json\/wp\/v2\/users\/24"}],"replies":[{"embeddable":true,"href":"https:\/\/www.monaco-tribune.com\/it\/wp-json\/wp\/v2\/comments?post=114389"}],"version-history":[{"count":0,"href":"https:\/\/www.monaco-tribune.com\/it\/wp-json\/wp\/v2\/posts\/114389\/revisions"}],"wp:featuredmedia":[{"embeddable":true,"href":"https:\/\/www.monaco-tribune.com\/it\/wp-json\/wp\/v2\/media\/114011"}],"wp:attachment":[{"href":"https:\/\/www.monaco-tribune.com\/it\/wp-json\/wp\/v2\/media?parent=114389"}],"wp:term":[{"taxonomy":"category","embeddable":true,"href":"https:\/\/www.monaco-tribune.com\/it\/wp-json\/wp\/v2\/categories?post=114389"},{"taxonomy":"post_tag","embeddable":true,"href":"https:\/\/www.monaco-tribune.com\/it\/wp-json\/wp\/v2\/tags?post=114389"},{"taxonomy":"sectag","embeddable":true,"href":"https:\/\/www.monaco-tribune.com\/it\/wp-json\/wp\/v2\/post_sectags?post=114389"},{"taxonomy":"format","embeddable":true,"href":"https:\/\/www.monaco-tribune.com\/it\/wp-json\/wp\/v2\/post_format?post=114389"}],"curies":[{"name":"wp","href":"https:\/\/api.w.org\/{rel}","templated":true}]}}