{"id":114595,"date":"2022-03-14T17:56:36","date_gmt":"2022-03-14T16:56:36","guid":{"rendered":"https:\/\/www.monaco-tribune.com\/2022\/03\/tre-iniziative-di-punta-della-fondazione-principe-alberto-ii\/"},"modified":"2022-03-14T17:56:45","modified_gmt":"2022-03-14T16:56:45","slug":"tre-iniziative-di-punta-della-fondazione-principe-alberto-ii","status":"publish","type":"post","link":"https:\/\/www.monaco-tribune.com\/it\/2022\/03\/tre-iniziative-di-punta-della-fondazione-principe-alberto-ii\/","title":{"rendered":"Tre iniziative di punta della Fondazione Principe Alberto II"},"content":{"rendered":"\n<p><strong>In occasione del 64\u00b0 compleanno del Principe Alberto II, Monaco Tribune ha deciso di puntare i riflettori su tre iniziative principali della sua Fondazione.<\/strong><\/p>\n\n<h2 class=\"has-text-align-center wp-block-heading\" id=\"h-proteger-le-phoque-moine\">Proteggere le foche monache<\/h2>\n\n<div class=\"wp-block-image\"><figure class=\"aligncenter size-full\"><img loading=\"lazy\" decoding=\"async\" width=\"1020\" height=\"678\" src=\"https:\/\/www.monaco-tribune.com\/wp-content\/uploads\/2022\/03\/phoque-moine-fondation-prince-albert-ii.jpeg\" alt=\"foca-monaca-fondazione-principe-alberto-ii\" class=\"wp-image-114463\" srcset=\"https:\/\/www.monaco-tribune.com\/wp-content\/uploads\/2022\/03\/phoque-moine-fondation-prince-albert-ii.jpeg 1020w, https:\/\/www.monaco-tribune.com\/wp-content\/uploads\/2022\/03\/phoque-moine-fondation-prince-albert-ii-451x300.jpeg 451w\" sizes=\"auto, (max-width: 1020px) 100vw, 1020px\" \/><figcaption><em>\u00a9 Fondazione Principe Alberto II<\/em><\/figcaption><\/figure><\/div>\n\n<p>Con una popolazione fortemente decimata a causa della caccia e dell&#8217;abbattimento, la foca monaca \u00e8 ormai da vent&#8217;anni sulla lista rossa dell&#8217;Unione Mondiale per la conservazione della natura come specie in &#8220;grave pericolo di estinzione&#8221;. Ecco perch\u00e9, dal 2011, la Fondazione del Principe sostiene attivamente i progetti che contribuiscono alla salvaguardia della specie.<\/p>\n\n<p>La creazione di zone marine protette e la sensibilizzazione dei pescatori ha permesso di proteggere questi animali marini, la cui popolazione oggi \u00e8 composta da 800 individui, contro i 400 dei primi anni 2000. Per assicurare la sopravvivenza della foca monaca, la Fondazione sostiene anche progetti in Grecia, Turchia, Madeira e Mauritius, per sensibilizzare i turisti e insegnargli a non danneggiare il suo habitat.<\/p>\n\n<h2 class=\"has-text-align-center wp-block-heading\" id=\"h-promouvoir-la-peche-durable\">Promuovere la pesca sostenibile<\/h2>\n\n<div class=\"wp-block-image\"><figure class=\"aligncenter size-full\"><img loading=\"lazy\" decoding=\"async\" width=\"1020\" height=\"1024\" src=\"https:\/\/www.monaco-tribune.com\/wp-content\/uploads\/2022\/03\/fondation-prince-albert-ii-mr-goodfish-1.png\" alt=\"fondazione-principe-alberto-ii-mr-goodfish\" class=\"wp-image-114467\" srcset=\"https:\/\/www.monaco-tribune.com\/wp-content\/uploads\/2022\/03\/fondation-prince-albert-ii-mr-goodfish-1.png 1020w, https:\/\/www.monaco-tribune.com\/wp-content\/uploads\/2022\/03\/fondation-prince-albert-ii-mr-goodfish-1-299x300.png 299w\" sizes=\"auto, (max-width: 1020px) 100vw, 1020px\" \/><figcaption><em>\u00a9 Mr. Goodfish<\/em><\/figcaption><\/figure><\/div>\n\n<p>Dal 2013, il Principato partecipa al programma Mr. Goodfish, per lottare contro la pesca eccessiva e incoraggiare i consumatori a prediligere il pesce di stagione. Secondo la Fondazione del Principe Alberto II, &#8220;se ogni francese consumasse anche solo una volta l&#8217;anno una specie consigliata da Mr. Goodfish piuttosto che una soggetta a sovrasfruttamento, potremmo salvare 18.000 tonnellate di specie in pericolo&#8221;.<\/p>\n\n<p>Ristoratori, alimentari, pescivendoli, grandi magazzini ma anche consumatori sono invitati a consultare la lista di Mr. Goodfish, aggiornata regolarmente, per scoprire le specie consigliate secondo le dimensioni, la condizione delle risorse e la stagione. La piattaforma propone anche ricette golose per cucinare il pesce del giorno.<\/p>\n\n<h2 class=\"has-text-align-center wp-block-heading\" id=\"h-lutter-contre-le-plastique-dans-la-mediterranee\">Lottare contro la plastica nel Mediterraneo<\/h2>\n\n<div class=\"wp-block-image\"><figure class=\"aligncenter size-full\"><img loading=\"lazy\" decoding=\"async\" width=\"1020\" height=\"765\" src=\"https:\/\/www.monaco-tribune.com\/wp-content\/uploads\/2022\/03\/fondation-prince-albert-ii-plastique.jpeg\" alt=\"fondazione-principe-alberto-ii-plastica\" class=\"wp-image-114459\" srcset=\"https:\/\/www.monaco-tribune.com\/wp-content\/uploads\/2022\/03\/fondation-prince-albert-ii-plastique.jpeg 1020w, https:\/\/www.monaco-tribune.com\/wp-content\/uploads\/2022\/03\/fondation-prince-albert-ii-plastique-400x300.jpeg 400w\" sizes=\"auto, (max-width: 1020px) 100vw, 1020px\" \/><figcaption><em>\u00a9 Lucile Courtial<\/em><\/figcaption><\/figure><\/div>\n\n<p>Ogni anno, oltre 8 milioni di tonnellate di plastica vengono gettate nell&#8217;oceano. Un dato allarmante seguito da un altro altrettanto preoccupante: con pi\u00f9 di 3.000 miliardi di particelle di microplastica, il Mediterraneo \u00e8 il mare pi\u00f9 inquinato del mondo. La Fondazione lotta quindi attivamente contro questo inquinamento e sostiene l&#8217;associazione BeMed fin dalla sua nascita nel 2019.<\/p>\n\n<p>Ogni anno lanciano un appello a intraprendere micro-iniziative. In tutto il mondo, vengono portate avanti tantissime attivit\u00e0 di prevenzione e sensibilizzazione per ridurre la produzione e il consumo di plastica, per esempio negli hotel, nei camping o sulle navi da crociera.<\/p>\n\n<p>Potete sostenere anche voi la Fondazione e i suoi progetti <a href=\"https:\/\/donate.fpa2.org\/b\/mia-donazione?cid=1&amp;_cv=1\">qui<\/a>.<\/p>\n","protected":false},"excerpt":{"rendered":"<p>In occasione del 64\u00b0 compleanno del Principe Alberto II, Monaco Tribune ha deciso di puntare i riflettori su tre iniziative [&hellip;]<\/p>\n","protected":false},"author":60,"featured_media":55234,"comment_status":"closed","ping_status":"closed","sticky":false,"template":"","format":"standard","meta":{"_acf_changed":false,"footnotes":""},"categories":[1742,1839,1826,1738],"tags":[],"post_sectags":[],"post_format":[2478],"class_list":["post-114595","post","type-post","status-publish","format-standard","has-post-thumbnail","hentry","category-famiglia-principesca","category-green","category-la-nostra-scelta","category-notizie","format-notizia"],"acf":[],"yoast_head":"<!-- This site is optimized with the Yoast SEO Premium plugin v26.8 (Yoast SEO v27.4) - https:\/\/yoast.com\/product\/yoast-seo-premium-wordpress\/ -->\n<title>Tre iniziative di punta della Fondazione Principe Alberto II<\/title>\n<meta name=\"description\" content=\"In occasione del 64\u00b0 compleanno del Principe Alberto II, Monaco Tribune ha deciso di puntare i riflettori su tre iniziative principali della sua\" \/>\n<meta name=\"robots\" content=\"index, follow, max-snippet:-1, max-image-preview:large, max-video-preview:-1\" \/>\n<link rel=\"canonical\" href=\"https:\/\/www.monaco-tribune.com\/it\/2022\/03\/tre-iniziative-di-punta-della-fondazione-principe-alberto-ii\/\" \/>\n<meta property=\"og:locale\" content=\"it_IT\" \/>\n<meta property=\"og:type\" content=\"article\" \/>\n<meta property=\"og:title\" content=\"Tre iniziative di punta della Fondazione Principe Alberto II - Monaco Tribune\" \/>\n<meta property=\"og:description\" content=\"In occasione del 64\u00b0 compleanno del Principe Alberto II, Monaco Tribune ha deciso di puntare i riflettori su tre iniziative principali della sua\" \/>\n<meta property=\"og:url\" content=\"https:\/\/www.monaco-tribune.com\/it\/2022\/03\/tre-iniziative-di-punta-della-fondazione-principe-alberto-ii\/\" \/>\n<meta property=\"og:site_name\" content=\"Monaco Tribune\" \/>\n<meta property=\"article:publisher\" content=\"https:\/\/www.facebook.com\/MonacoTribune\" \/>\n<meta property=\"article:published_time\" content=\"2022-03-14T16:56:36+00:00\" \/>\n<meta property=\"article:modified_time\" content=\"2022-03-14T16:56:45+00:00\" \/>\n<meta property=\"og:image\" content=\"https:\/\/www.monaco-tribune.com\/wp-content\/uploads\/2019\/04\/MonacoOcean.jpg\" \/>\n\t<meta property=\"og:image:width\" content=\"1024\" \/>\n\t<meta property=\"og:image:height\" content=\"683\" \/>\n\t<meta property=\"og:image:type\" content=\"image\/jpeg\" \/>\n<meta name=\"author\" content=\"Camille Esteve\" \/>\n<meta name=\"twitter:card\" content=\"summary_large_image\" \/>\n<meta name=\"twitter:creator\" content=\"@MonacoTribune\" \/>\n<meta name=\"twitter:site\" content=\"@MonacoTribune\" \/>\n<script type=\"application\/ld+json\" class=\"yoast-schema-graph\">{\"@context\":\"https:\\\/\\\/schema.org\",\"@graph\":[{\"@type\":\"NewsArticle\",\"@id\":\"https:\\\/\\\/www.monaco-tribune.com\\\/it\\\/2022\\\/03\\\/tre-iniziative-di-punta-della-fondazione-principe-alberto-ii\\\/#article\",\"isPartOf\":{\"@id\":\"https:\\\/\\\/www.monaco-tribune.com\\\/it\\\/2022\\\/03\\\/tre-iniziative-di-punta-della-fondazione-principe-alberto-ii\\\/\"},\"author\":{\"name\":\"Camille Esteve\",\"@id\":\"https:\\\/\\\/www.monaco-tribune.com\\\/it\\\/#\\\/schema\\\/person\\\/a855d420fff4d03637641d60b93ac62e\"},\"headline\":\"Tre iniziative di punta della Fondazione Principe Alberto II\",\"datePublished\":\"2022-03-14T16:56:36+00:00\",\"dateModified\":\"2022-03-14T16:56:45+00:00\",\"mainEntityOfPage\":{\"@id\":\"https:\\\/\\\/www.monaco-tribune.com\\\/it\\\/2022\\\/03\\\/tre-iniziative-di-punta-della-fondazione-principe-alberto-ii\\\/\"},\"wordCount\":381,\"publisher\":{\"@id\":\"https:\\\/\\\/www.monaco-tribune.com\\\/it\\\/#organization\"},\"image\":{\"@id\":\"https:\\\/\\\/www.monaco-tribune.com\\\/it\\\/2022\\\/03\\\/tre-iniziative-di-punta-della-fondazione-principe-alberto-ii\\\/#primaryimage\"},\"thumbnailUrl\":\"https:\\\/\\\/www.monaco-tribune.com\\\/wp-content\\\/uploads\\\/2019\\\/04\\\/MonacoOcean.jpg\",\"articleSection\":[\"Famiglia Principesca\",\"Green\",\"La nostra scelta\",\"Notizie\"],\"inLanguage\":\"it-IT\",\"copyrightYear\":\"2022\",\"copyrightHolder\":{\"@id\":\"https:\\\/\\\/www.monaco-tribune.com\\\/#organization\"}},{\"@type\":\"WebPage\",\"@id\":\"https:\\\/\\\/www.monaco-tribune.com\\\/it\\\/2022\\\/03\\\/tre-iniziative-di-punta-della-fondazione-principe-alberto-ii\\\/\",\"url\":\"https:\\\/\\\/www.monaco-tribune.com\\\/it\\\/2022\\\/03\\\/tre-iniziative-di-punta-della-fondazione-principe-alberto-ii\\\/\",\"name\":\"Tre iniziative di punta della Fondazione Principe Alberto II\",\"isPartOf\":{\"@id\":\"https:\\\/\\\/www.monaco-tribune.com\\\/it\\\/#website\"},\"primaryImageOfPage\":{\"@id\":\"https:\\\/\\\/www.monaco-tribune.com\\\/it\\\/2022\\\/03\\\/tre-iniziative-di-punta-della-fondazione-principe-alberto-ii\\\/#primaryimage\"},\"image\":{\"@id\":\"https:\\\/\\\/www.monaco-tribune.com\\\/it\\\/2022\\\/03\\\/tre-iniziative-di-punta-della-fondazione-principe-alberto-ii\\\/#primaryimage\"},\"thumbnailUrl\":\"https:\\\/\\\/www.monaco-tribune.com\\\/wp-content\\\/uploads\\\/2019\\\/04\\\/MonacoOcean.jpg\",\"datePublished\":\"2022-03-14T16:56:36+00:00\",\"dateModified\":\"2022-03-14T16:56:45+00:00\",\"description\":\"In occasione del 64\u00b0 compleanno del Principe Alberto II, Monaco Tribune ha deciso di puntare i riflettori su tre iniziative principali della sua\",\"breadcrumb\":{\"@id\":\"https:\\\/\\\/www.monaco-tribune.com\\\/it\\\/2022\\\/03\\\/tre-iniziative-di-punta-della-fondazione-principe-alberto-ii\\\/#breadcrumb\"},\"inLanguage\":\"it-IT\",\"potentialAction\":[{\"@type\":\"ReadAction\",\"target\":[\"https:\\\/\\\/www.monaco-tribune.com\\\/it\\\/2022\\\/03\\\/tre-iniziative-di-punta-della-fondazione-principe-alberto-ii\\\/\"]}]},{\"@type\":\"ImageObject\",\"inLanguage\":\"it-IT\",\"@id\":\"https:\\\/\\\/www.monaco-tribune.com\\\/it\\\/2022\\\/03\\\/tre-iniziative-di-punta-della-fondazione-principe-alberto-ii\\\/#primaryimage\",\"url\":\"https:\\\/\\\/www.monaco-tribune.com\\\/wp-content\\\/uploads\\\/2019\\\/04\\\/MonacoOcean.jpg\",\"contentUrl\":\"https:\\\/\\\/www.monaco-tribune.com\\\/wp-content\\\/uploads\\\/2019\\\/04\\\/MonacoOcean.jpg\",\"width\":1024,\"height\":683,\"caption\":\"Fondazione Principe Alberto II\"},{\"@type\":\"BreadcrumbList\",\"@id\":\"https:\\\/\\\/www.monaco-tribune.com\\\/it\\\/2022\\\/03\\\/tre-iniziative-di-punta-della-fondazione-principe-alberto-ii\\\/#breadcrumb\",\"itemListElement\":[{\"@type\":\"ListItem\",\"position\":1,\"name\":\"Accueil\",\"item\":\"https:\\\/\\\/www.monaco-tribune.com\\\/it\\\/\"},{\"@type\":\"ListItem\",\"position\":2,\"name\":\"Tre iniziative di punta della Fondazione Principe Alberto II\"}]},{\"@type\":\"WebSite\",\"@id\":\"https:\\\/\\\/www.monaco-tribune.com\\\/it\\\/#website\",\"url\":\"https:\\\/\\\/www.monaco-tribune.com\\\/it\\\/\",\"name\":\"Monaco Tribune\",\"description\":\"Monaco : actualit\u00e9s \u00e9conomiques, politiques, culturelles et sportives de Monaco et de la French Riviera.\",\"publisher\":{\"@id\":\"https:\\\/\\\/www.monaco-tribune.com\\\/it\\\/#organization\"},\"potentialAction\":[{\"@type\":\"SearchAction\",\"target\":{\"@type\":\"EntryPoint\",\"urlTemplate\":\"https:\\\/\\\/www.monaco-tribune.com\\\/it\\\/?s={search_term_string}\"},\"query-input\":{\"@type\":\"PropertyValueSpecification\",\"valueRequired\":true,\"valueName\":\"search_term_string\"}}],\"inLanguage\":\"it-IT\"},{\"@type\":\"Organization\",\"@id\":\"https:\\\/\\\/www.monaco-tribune.com\\\/it\\\/#organization\",\"name\":\"Monaco Tribune\",\"url\":\"https:\\\/\\\/www.monaco-tribune.com\\\/it\\\/\",\"logo\":{\"@type\":\"ImageObject\",\"inLanguage\":\"it-IT\",\"@id\":\"https:\\\/\\\/www.monaco-tribune.com\\\/it\\\/#\\\/schema\\\/logo\\\/image\\\/\",\"url\":\"https:\\\/\\\/www.monaco-tribune.com\\\/wp-content\\\/uploads\\\/2022\\\/11\\\/logo-monaco-tribune.png\",\"contentUrl\":\"https:\\\/\\\/www.monaco-tribune.com\\\/wp-content\\\/uploads\\\/2022\\\/11\\\/logo-monaco-tribune.png\",\"width\":1548,\"height\":600,\"caption\":\"Monaco Tribune\"},\"image\":{\"@id\":\"https:\\\/\\\/www.monaco-tribune.com\\\/it\\\/#\\\/schema\\\/logo\\\/image\\\/\"},\"sameAs\":[\"https:\\\/\\\/www.facebook.com\\\/MonacoTribune\",\"https:\\\/\\\/x.com\\\/MonacoTribune\",\"https:\\\/\\\/www.instagram.com\\\/monacotribune\\\/\",\"https:\\\/\\\/www.linkedin.com\\\/company\\\/monaco-tribune\",\"https:\\\/\\\/www.youtube.com\\\/channel\\\/UCHle1MnG6hw1y4lWKijVbMA\"]},{\"@type\":\"Person\",\"@id\":\"https:\\\/\\\/www.monaco-tribune.com\\\/it\\\/#\\\/schema\\\/person\\\/a855d420fff4d03637641d60b93ac62e\",\"name\":\"Camille Esteve\",\"image\":{\"@type\":\"ImageObject\",\"inLanguage\":\"it-IT\",\"@id\":\"https:\\\/\\\/secure.gravatar.com\\\/avatar\\\/eaaa2355a7bb56c0018a391c20a55bf9b4690e3f493231dd850e612bfa6ce161?s=96&d=mm&r=g\",\"url\":\"https:\\\/\\\/secure.gravatar.com\\\/avatar\\\/eaaa2355a7bb56c0018a391c20a55bf9b4690e3f493231dd850e612bfa6ce161?s=96&d=mm&r=g\",\"contentUrl\":\"https:\\\/\\\/secure.gravatar.com\\\/avatar\\\/eaaa2355a7bb56c0018a391c20a55bf9b4690e3f493231dd850e612bfa6ce161?s=96&d=mm&r=g\",\"caption\":\"Camille Esteve\"},\"url\":\"https:\\\/\\\/www.monaco-tribune.com\\\/it\\\/author\\\/camilleesteve\\\/\"}]}<\/script>\n<!-- \/ Yoast SEO Premium plugin. -->","yoast_head_json":{"title":"Tre iniziative di punta della Fondazione Principe Alberto II","description":"In occasione del 64\u00b0 compleanno del Principe Alberto II, Monaco Tribune ha deciso di puntare i riflettori su tre iniziative principali della sua","robots":{"index":"index","follow":"follow","max-snippet":"max-snippet:-1","max-image-preview":"max-image-preview:large","max-video-preview":"max-video-preview:-1"},"canonical":"https:\/\/www.monaco-tribune.com\/it\/2022\/03\/tre-iniziative-di-punta-della-fondazione-principe-alberto-ii\/","og_locale":"it_IT","og_type":"article","og_title":"Tre iniziative di punta della Fondazione Principe Alberto II - Monaco Tribune","og_description":"In occasione del 64\u00b0 compleanno del Principe Alberto II, Monaco Tribune ha deciso di puntare i riflettori su tre iniziative principali della sua","og_url":"https:\/\/www.monaco-tribune.com\/it\/2022\/03\/tre-iniziative-di-punta-della-fondazione-principe-alberto-ii\/","og_site_name":"Monaco Tribune","article_publisher":"https:\/\/www.facebook.com\/MonacoTribune","article_published_time":"2022-03-14T16:56:36+00:00","article_modified_time":"2022-03-14T16:56:45+00:00","og_image":[{"width":1024,"height":683,"url":"https:\/\/www.monaco-tribune.com\/wp-content\/uploads\/2019\/04\/MonacoOcean.jpg","type":"image\/jpeg"}],"author":"Camille Esteve","twitter_card":"summary_large_image","twitter_creator":"@MonacoTribune","twitter_site":"@MonacoTribune","schema":{"@context":"https:\/\/schema.org","@graph":[{"@type":"NewsArticle","@id":"https:\/\/www.monaco-tribune.com\/it\/2022\/03\/tre-iniziative-di-punta-della-fondazione-principe-alberto-ii\/#article","isPartOf":{"@id":"https:\/\/www.monaco-tribune.com\/it\/2022\/03\/tre-iniziative-di-punta-della-fondazione-principe-alberto-ii\/"},"author":{"name":"Camille Esteve","@id":"https:\/\/www.monaco-tribune.com\/it\/#\/schema\/person\/a855d420fff4d03637641d60b93ac62e"},"headline":"Tre iniziative di punta della Fondazione Principe Alberto II","datePublished":"2022-03-14T16:56:36+00:00","dateModified":"2022-03-14T16:56:45+00:00","mainEntityOfPage":{"@id":"https:\/\/www.monaco-tribune.com\/it\/2022\/03\/tre-iniziative-di-punta-della-fondazione-principe-alberto-ii\/"},"wordCount":381,"publisher":{"@id":"https:\/\/www.monaco-tribune.com\/it\/#organization"},"image":{"@id":"https:\/\/www.monaco-tribune.com\/it\/2022\/03\/tre-iniziative-di-punta-della-fondazione-principe-alberto-ii\/#primaryimage"},"thumbnailUrl":"https:\/\/www.monaco-tribune.com\/wp-content\/uploads\/2019\/04\/MonacoOcean.jpg","articleSection":["Famiglia Principesca","Green","La nostra scelta","Notizie"],"inLanguage":"it-IT","copyrightYear":"2022","copyrightHolder":{"@id":"https:\/\/www.monaco-tribune.com\/#organization"}},{"@type":"WebPage","@id":"https:\/\/www.monaco-tribune.com\/it\/2022\/03\/tre-iniziative-di-punta-della-fondazione-principe-alberto-ii\/","url":"https:\/\/www.monaco-tribune.com\/it\/2022\/03\/tre-iniziative-di-punta-della-fondazione-principe-alberto-ii\/","name":"Tre iniziative di punta della Fondazione Principe Alberto II","isPartOf":{"@id":"https:\/\/www.monaco-tribune.com\/it\/#website"},"primaryImageOfPage":{"@id":"https:\/\/www.monaco-tribune.com\/it\/2022\/03\/tre-iniziative-di-punta-della-fondazione-principe-alberto-ii\/#primaryimage"},"image":{"@id":"https:\/\/www.monaco-tribune.com\/it\/2022\/03\/tre-iniziative-di-punta-della-fondazione-principe-alberto-ii\/#primaryimage"},"thumbnailUrl":"https:\/\/www.monaco-tribune.com\/wp-content\/uploads\/2019\/04\/MonacoOcean.jpg","datePublished":"2022-03-14T16:56:36+00:00","dateModified":"2022-03-14T16:56:45+00:00","description":"In occasione del 64\u00b0 compleanno del Principe Alberto II, Monaco Tribune ha deciso di puntare i riflettori su tre iniziative principali della sua","breadcrumb":{"@id":"https:\/\/www.monaco-tribune.com\/it\/2022\/03\/tre-iniziative-di-punta-della-fondazione-principe-alberto-ii\/#breadcrumb"},"inLanguage":"it-IT","potentialAction":[{"@type":"ReadAction","target":["https:\/\/www.monaco-tribune.com\/it\/2022\/03\/tre-iniziative-di-punta-della-fondazione-principe-alberto-ii\/"]}]},{"@type":"ImageObject","inLanguage":"it-IT","@id":"https:\/\/www.monaco-tribune.com\/it\/2022\/03\/tre-iniziative-di-punta-della-fondazione-principe-alberto-ii\/#primaryimage","url":"https:\/\/www.monaco-tribune.com\/wp-content\/uploads\/2019\/04\/MonacoOcean.jpg","contentUrl":"https:\/\/www.monaco-tribune.com\/wp-content\/uploads\/2019\/04\/MonacoOcean.jpg","width":1024,"height":683,"caption":"Fondazione Principe Alberto II"},{"@type":"BreadcrumbList","@id":"https:\/\/www.monaco-tribune.com\/it\/2022\/03\/tre-iniziative-di-punta-della-fondazione-principe-alberto-ii\/#breadcrumb","itemListElement":[{"@type":"ListItem","position":1,"name":"Accueil","item":"https:\/\/www.monaco-tribune.com\/it\/"},{"@type":"ListItem","position":2,"name":"Tre iniziative di punta della Fondazione Principe Alberto II"}]},{"@type":"WebSite","@id":"https:\/\/www.monaco-tribune.com\/it\/#website","url":"https:\/\/www.monaco-tribune.com\/it\/","name":"Monaco Tribune","description":"Monaco : actualit\u00e9s \u00e9conomiques, politiques, culturelles et sportives de Monaco et de la French Riviera.","publisher":{"@id":"https:\/\/www.monaco-tribune.com\/it\/#organization"},"potentialAction":[{"@type":"SearchAction","target":{"@type":"EntryPoint","urlTemplate":"https:\/\/www.monaco-tribune.com\/it\/?s={search_term_string}"},"query-input":{"@type":"PropertyValueSpecification","valueRequired":true,"valueName":"search_term_string"}}],"inLanguage":"it-IT"},{"@type":"Organization","@id":"https:\/\/www.monaco-tribune.com\/it\/#organization","name":"Monaco Tribune","url":"https:\/\/www.monaco-tribune.com\/it\/","logo":{"@type":"ImageObject","inLanguage":"it-IT","@id":"https:\/\/www.monaco-tribune.com\/it\/#\/schema\/logo\/image\/","url":"https:\/\/www.monaco-tribune.com\/wp-content\/uploads\/2022\/11\/logo-monaco-tribune.png","contentUrl":"https:\/\/www.monaco-tribune.com\/wp-content\/uploads\/2022\/11\/logo-monaco-tribune.png","width":1548,"height":600,"caption":"Monaco Tribune"},"image":{"@id":"https:\/\/www.monaco-tribune.com\/it\/#\/schema\/logo\/image\/"},"sameAs":["https:\/\/www.facebook.com\/MonacoTribune","https:\/\/x.com\/MonacoTribune","https:\/\/www.instagram.com\/monacotribune\/","https:\/\/www.linkedin.com\/company\/monaco-tribune","https:\/\/www.youtube.com\/channel\/UCHle1MnG6hw1y4lWKijVbMA"]},{"@type":"Person","@id":"https:\/\/www.monaco-tribune.com\/it\/#\/schema\/person\/a855d420fff4d03637641d60b93ac62e","name":"Camille Esteve","image":{"@type":"ImageObject","inLanguage":"it-IT","@id":"https:\/\/secure.gravatar.com\/avatar\/eaaa2355a7bb56c0018a391c20a55bf9b4690e3f493231dd850e612bfa6ce161?s=96&d=mm&r=g","url":"https:\/\/secure.gravatar.com\/avatar\/eaaa2355a7bb56c0018a391c20a55bf9b4690e3f493231dd850e612bfa6ce161?s=96&d=mm&r=g","contentUrl":"https:\/\/secure.gravatar.com\/avatar\/eaaa2355a7bb56c0018a391c20a55bf9b4690e3f493231dd850e612bfa6ce161?s=96&d=mm&r=g","caption":"Camille Esteve"},"url":"https:\/\/www.monaco-tribune.com\/it\/author\/camilleesteve\/"}]}},"_links":{"self":[{"href":"https:\/\/www.monaco-tribune.com\/it\/wp-json\/wp\/v2\/posts\/114595","targetHints":{"allow":["GET"]}}],"collection":[{"href":"https:\/\/www.monaco-tribune.com\/it\/wp-json\/wp\/v2\/posts"}],"about":[{"href":"https:\/\/www.monaco-tribune.com\/it\/wp-json\/wp\/v2\/types\/post"}],"author":[{"embeddable":true,"href":"https:\/\/www.monaco-tribune.com\/it\/wp-json\/wp\/v2\/users\/60"}],"replies":[{"embeddable":true,"href":"https:\/\/www.monaco-tribune.com\/it\/wp-json\/wp\/v2\/comments?post=114595"}],"version-history":[{"count":0,"href":"https:\/\/www.monaco-tribune.com\/it\/wp-json\/wp\/v2\/posts\/114595\/revisions"}],"wp:featuredmedia":[{"embeddable":true,"href":"https:\/\/www.monaco-tribune.com\/it\/wp-json\/wp\/v2\/media\/55234"}],"wp:attachment":[{"href":"https:\/\/www.monaco-tribune.com\/it\/wp-json\/wp\/v2\/media?parent=114595"}],"wp:term":[{"taxonomy":"category","embeddable":true,"href":"https:\/\/www.monaco-tribune.com\/it\/wp-json\/wp\/v2\/categories?post=114595"},{"taxonomy":"post_tag","embeddable":true,"href":"https:\/\/www.monaco-tribune.com\/it\/wp-json\/wp\/v2\/tags?post=114595"},{"taxonomy":"sectag","embeddable":true,"href":"https:\/\/www.monaco-tribune.com\/it\/wp-json\/wp\/v2\/post_sectags?post=114595"},{"taxonomy":"format","embeddable":true,"href":"https:\/\/www.monaco-tribune.com\/it\/wp-json\/wp\/v2\/post_format?post=114595"}],"curies":[{"name":"wp","href":"https:\/\/api.w.org\/{rel}","templated":true}]}}