{"id":114639,"date":"2022-03-15T09:34:45","date_gmt":"2022-03-15T08:34:45","guid":{"rendered":"https:\/\/www.monaco-tribune.com\/2022\/03\/flavio-briatore-apre-il-secondo-ristorante-cova-nel-principato\/"},"modified":"2022-04-14T10:45:28","modified_gmt":"2022-04-14T08:45:28","slug":"flavio-briatore-apre-il-secondo-ristorante-cova-nel-principato","status":"publish","type":"post","link":"https:\/\/www.monaco-tribune.com\/it\/2022\/03\/flavio-briatore-apre-il-secondo-ristorante-cova-nel-principato\/","title":{"rendered":"Flavio Briatore apre il secondo Caf\u00e9 Cova nel Principato"},"content":{"rendered":"\n<p><strong>Il nuovo locale si trover\u00e0 al numero 37 di Avenue Princesse Grace.<\/strong><\/p>\n\n\n\n<p>Se siete appassionati dei sapori mediterranei del Caf\u00e9 Cova di Boulevard des Moulins, allora questa notizia vi piacer\u00e0! La pasticceria italiana apre una seconda location nel Larvotto, di preciso al piano terra del Palais de la Plage.<\/p>\n\n\n\n<p>&#8220;Siamo felici di questa seconda apertura&#8221;, ha dichiarato Flavio Briatore in un comunicato. &#8220;Da quando abbiamo aperto il primo Cova al Boulevard des Moulins nel 2016, Cova Monte-Carlo \u00e8 diventato un indirizzo imperdibile e un punto di riferimento nel Principato. Oggi, con l&#8217;annuncio di una seconda location nel Palais de la Plage, siamo ancora pi\u00f9 orgogliosi di rappresentare l&#8217;eccellenza e la tradizione italiana a Monaco&#8221;.<\/p>\n\n\n\n<p>LEGGI ANCHE: <a href=\"https:\/\/www.monaco-tribune.com\/it\/2022\/01\/lincredibile-proprieta-di-flavio-briatore-a-monte-carlo\/\">L\u2019incredibile villa di Flavio Briatore a Monte Carlo<\/a><\/p>\n\n\n\n<div class=\"wp-block-image\"><figure class=\"aligncenter size-full\"><img loading=\"lazy\" decoding=\"async\" width=\"1020\" height=\"801\" src=\"https:\/\/www.monaco-tribune.com\/wp-content\/uploads\/2022\/03\/palais-de-la-plage-cova-1.jpg\" alt=\"palais-de-la-plage-cova\" class=\"wp-image-113838\" srcset=\"https:\/\/www.monaco-tribune.com\/wp-content\/uploads\/2022\/03\/palais-de-la-plage-cova-1.jpg 1020w, https:\/\/www.monaco-tribune.com\/wp-content\/uploads\/2022\/03\/palais-de-la-plage-cova-1-382x300.jpg 382w\" sizes=\"auto, (max-width: 1020px) 100vw, 1020px\" \/><figcaption><em>\u00a9 pasticceriacova<\/em><\/figcaption><\/figure><\/div>\n\n\n\n<p>Il nuovo locale \u00e8 particolarmente sontuoso: boiserie bianca, candelabri, velluto blu e bancone alla francese, tutti elementi iconici del marchio Cova. La vetrina della pasticceria (da consumare sul posto o da portare via), <a href=\"https:\/\/www.monaco-tribune.com\/it\/2021\/05\/tre-delle-migliori-pasticcerie-di-monaco\/\">per cui \u00e8 famoso il primo locale<\/a>, conquister\u00e0 di certo i pi\u00f9 golosi. Il ristorante serve piatti prelibati dalla colazione all&#8217;aperitivo.<\/p>\n\n\n\n<p>Questa seconda location a Monaco \u00e8 gi\u00e0 la quarta in Europa, oltre a quelle gi\u00e0 presenti a Parigi e a Milano. Ed \u00e8 proprio nella capitale italiana della moda che il primo Cova ha aperto i battenti. Era il 1817 e all&#8217;epoca si chiamava &#8220;Caff\u00e8 del Giardino&#8221;.<\/p>\n\n\n\n<p>Il bar divenne presto famoso e accoglieva l&#8217;aristocrazia, la borghesia e la nobilt\u00e0 attirate dalla raffinatezza del luogo. Nel corso dei secoli, il marchio Cova, oggi propriet\u00e0 del gruppo LVMH, si \u00e8 espanso all&#8217;estero, aprendo punti vendita a Hong Kong, in Giappone e in Cina, prima di arrivare a Monaco.<\/p>\n","protected":false},"excerpt":{"rendered":"<p>Il nuovo locale si trover\u00e0 al numero 37 di Avenue Princesse Grace. Se siete appassionati dei sapori mediterranei del Caf\u00e9 [&hellip;]<\/p>\n","protected":false},"author":60,"featured_media":113805,"comment_status":"closed","ping_status":"closed","sticky":false,"template":"","format":"standard","meta":{"_acf_changed":false,"footnotes":""},"categories":[1740,1738],"tags":[],"post_sectags":[],"post_format":[2478],"class_list":["post-114639","post","type-post","status-publish","format-standard","has-post-thumbnail","hentry","category-cosa-fare","category-notizie","format-notizia"],"acf":[],"yoast_head":"<!-- This site is optimized with the Yoast SEO Premium plugin v26.8 (Yoast SEO v27.5) - https:\/\/yoast.com\/product\/yoast-seo-premium-wordpress\/ -->\n<title>Flavio Briatore apre il secondo Caf\u00e9 Cova nel Principato<\/title>\n<meta name=\"description\" content=\"Il nuovo locale si trover\u00e0 al numero 37 di Avenue Princesse Grace. Se siete appassionati dei sapori mediterranei del Caf\u00e9 Cova di Boulevard des Moulins,\" \/>\n<meta name=\"robots\" content=\"index, follow, max-snippet:-1, max-image-preview:large, max-video-preview:-1\" \/>\n<link rel=\"canonical\" href=\"https:\/\/www.monaco-tribune.com\/it\/2022\/03\/flavio-briatore-apre-il-secondo-ristorante-cova-nel-principato\/\" \/>\n<meta property=\"og:locale\" content=\"it_IT\" \/>\n<meta property=\"og:type\" content=\"article\" \/>\n<meta property=\"og:title\" content=\"Flavio Briatore apre il secondo Caf\u00e9 Cova nel Principato - Monaco Tribune\" \/>\n<meta property=\"og:description\" content=\"Il nuovo locale si trover\u00e0 al numero 37 di Avenue Princesse Grace. Se siete appassionati dei sapori mediterranei del Caf\u00e9 Cova di Boulevard des Moulins,\" \/>\n<meta property=\"og:url\" content=\"https:\/\/www.monaco-tribune.com\/it\/2022\/03\/flavio-briatore-apre-il-secondo-ristorante-cova-nel-principato\/\" \/>\n<meta property=\"og:site_name\" content=\"Monaco Tribune\" \/>\n<meta property=\"article:publisher\" content=\"https:\/\/www.facebook.com\/MonacoTribune\" \/>\n<meta property=\"article:published_time\" content=\"2022-03-15T08:34:45+00:00\" \/>\n<meta property=\"article:modified_time\" content=\"2022-04-14T08:45:28+00:00\" \/>\n<meta property=\"og:image\" content=\"https:\/\/www.monaco-tribune.com\/wp-content\/uploads\/2022\/03\/cova-palais-de-la-plage.jpg\" \/>\n\t<meta property=\"og:image:width\" content=\"1020\" \/>\n\t<meta property=\"og:image:height\" content=\"700\" \/>\n\t<meta property=\"og:image:type\" content=\"image\/jpeg\" \/>\n<meta name=\"author\" content=\"Camille Esteve\" \/>\n<meta name=\"twitter:card\" content=\"summary_large_image\" \/>\n<meta name=\"twitter:creator\" content=\"@MonacoTribune\" \/>\n<meta name=\"twitter:site\" content=\"@MonacoTribune\" \/>\n<script type=\"application\/ld+json\" class=\"yoast-schema-graph\">{\"@context\":\"https:\\\/\\\/schema.org\",\"@graph\":[{\"@type\":\"NewsArticle\",\"@id\":\"https:\\\/\\\/www.monaco-tribune.com\\\/it\\\/2022\\\/03\\\/flavio-briatore-apre-il-secondo-ristorante-cova-nel-principato\\\/#article\",\"isPartOf\":{\"@id\":\"https:\\\/\\\/www.monaco-tribune.com\\\/it\\\/2022\\\/03\\\/flavio-briatore-apre-il-secondo-ristorante-cova-nel-principato\\\/\"},\"author\":{\"name\":\"Camille Esteve\",\"@id\":\"https:\\\/\\\/www.monaco-tribune.com\\\/it\\\/#\\\/schema\\\/person\\\/a855d420fff4d03637641d60b93ac62e\"},\"headline\":\"Flavio Briatore apre il secondo Caf\u00e9 Cova nel Principato\",\"datePublished\":\"2022-03-15T08:34:45+00:00\",\"dateModified\":\"2022-04-14T08:45:28+00:00\",\"mainEntityOfPage\":{\"@id\":\"https:\\\/\\\/www.monaco-tribune.com\\\/it\\\/2022\\\/03\\\/flavio-briatore-apre-il-secondo-ristorante-cova-nel-principato\\\/\"},\"wordCount\":283,\"publisher\":{\"@id\":\"https:\\\/\\\/www.monaco-tribune.com\\\/it\\\/#organization\"},\"image\":{\"@id\":\"https:\\\/\\\/www.monaco-tribune.com\\\/it\\\/2022\\\/03\\\/flavio-briatore-apre-il-secondo-ristorante-cova-nel-principato\\\/#primaryimage\"},\"thumbnailUrl\":\"https:\\\/\\\/www.monaco-tribune.com\\\/wp-content\\\/uploads\\\/2022\\\/03\\\/cova-palais-de-la-plage.jpg\",\"articleSection\":[\"Cosa fare\",\"Notizie\"],\"inLanguage\":\"it-IT\",\"copyrightYear\":\"2022\",\"copyrightHolder\":{\"@id\":\"https:\\\/\\\/www.monaco-tribune.com\\\/#organization\"}},{\"@type\":\"WebPage\",\"@id\":\"https:\\\/\\\/www.monaco-tribune.com\\\/it\\\/2022\\\/03\\\/flavio-briatore-apre-il-secondo-ristorante-cova-nel-principato\\\/\",\"url\":\"https:\\\/\\\/www.monaco-tribune.com\\\/it\\\/2022\\\/03\\\/flavio-briatore-apre-il-secondo-ristorante-cova-nel-principato\\\/\",\"name\":\"Flavio Briatore apre il secondo Caf\u00e9 Cova nel Principato\",\"isPartOf\":{\"@id\":\"https:\\\/\\\/www.monaco-tribune.com\\\/it\\\/#website\"},\"primaryImageOfPage\":{\"@id\":\"https:\\\/\\\/www.monaco-tribune.com\\\/it\\\/2022\\\/03\\\/flavio-briatore-apre-il-secondo-ristorante-cova-nel-principato\\\/#primaryimage\"},\"image\":{\"@id\":\"https:\\\/\\\/www.monaco-tribune.com\\\/it\\\/2022\\\/03\\\/flavio-briatore-apre-il-secondo-ristorante-cova-nel-principato\\\/#primaryimage\"},\"thumbnailUrl\":\"https:\\\/\\\/www.monaco-tribune.com\\\/wp-content\\\/uploads\\\/2022\\\/03\\\/cova-palais-de-la-plage.jpg\",\"datePublished\":\"2022-03-15T08:34:45+00:00\",\"dateModified\":\"2022-04-14T08:45:28+00:00\",\"description\":\"Il nuovo locale si trover\u00e0 al numero 37 di Avenue Princesse Grace. Se siete appassionati dei sapori mediterranei del Caf\u00e9 Cova di Boulevard des Moulins,\",\"breadcrumb\":{\"@id\":\"https:\\\/\\\/www.monaco-tribune.com\\\/it\\\/2022\\\/03\\\/flavio-briatore-apre-il-secondo-ristorante-cova-nel-principato\\\/#breadcrumb\"},\"inLanguage\":\"it-IT\",\"potentialAction\":[{\"@type\":\"ReadAction\",\"target\":[\"https:\\\/\\\/www.monaco-tribune.com\\\/it\\\/2022\\\/03\\\/flavio-briatore-apre-il-secondo-ristorante-cova-nel-principato\\\/\"]}]},{\"@type\":\"ImageObject\",\"inLanguage\":\"it-IT\",\"@id\":\"https:\\\/\\\/www.monaco-tribune.com\\\/it\\\/2022\\\/03\\\/flavio-briatore-apre-il-secondo-ristorante-cova-nel-principato\\\/#primaryimage\",\"url\":\"https:\\\/\\\/www.monaco-tribune.com\\\/wp-content\\\/uploads\\\/2022\\\/03\\\/cova-palais-de-la-plage.jpg\",\"contentUrl\":\"https:\\\/\\\/www.monaco-tribune.com\\\/wp-content\\\/uploads\\\/2022\\\/03\\\/cova-palais-de-la-plage.jpg\",\"width\":1020,\"height\":700,\"caption\":\"pasticceriacova\"},{\"@type\":\"BreadcrumbList\",\"@id\":\"https:\\\/\\\/www.monaco-tribune.com\\\/it\\\/2022\\\/03\\\/flavio-briatore-apre-il-secondo-ristorante-cova-nel-principato\\\/#breadcrumb\",\"itemListElement\":[{\"@type\":\"ListItem\",\"position\":1,\"name\":\"Accueil\",\"item\":\"https:\\\/\\\/www.monaco-tribune.com\\\/it\\\/\"},{\"@type\":\"ListItem\",\"position\":2,\"name\":\"Flavio Briatore apre il secondo Caf\u00e9 Cova nel Principato\"}]},{\"@type\":\"WebSite\",\"@id\":\"https:\\\/\\\/www.monaco-tribune.com\\\/it\\\/#website\",\"url\":\"https:\\\/\\\/www.monaco-tribune.com\\\/it\\\/\",\"name\":\"Monaco Tribune\",\"description\":\"Monaco : actualit\u00e9s \u00e9conomiques, politiques, culturelles et sportives de Monaco et de la French Riviera.\",\"publisher\":{\"@id\":\"https:\\\/\\\/www.monaco-tribune.com\\\/it\\\/#organization\"},\"potentialAction\":[{\"@type\":\"SearchAction\",\"target\":{\"@type\":\"EntryPoint\",\"urlTemplate\":\"https:\\\/\\\/www.monaco-tribune.com\\\/it\\\/?s={search_term_string}\"},\"query-input\":{\"@type\":\"PropertyValueSpecification\",\"valueRequired\":true,\"valueName\":\"search_term_string\"}}],\"inLanguage\":\"it-IT\"},{\"@type\":\"Organization\",\"@id\":\"https:\\\/\\\/www.monaco-tribune.com\\\/it\\\/#organization\",\"name\":\"Monaco Tribune\",\"url\":\"https:\\\/\\\/www.monaco-tribune.com\\\/it\\\/\",\"logo\":{\"@type\":\"ImageObject\",\"inLanguage\":\"it-IT\",\"@id\":\"https:\\\/\\\/www.monaco-tribune.com\\\/it\\\/#\\\/schema\\\/logo\\\/image\\\/\",\"url\":\"https:\\\/\\\/www.monaco-tribune.com\\\/wp-content\\\/uploads\\\/2022\\\/11\\\/logo-monaco-tribune.png\",\"contentUrl\":\"https:\\\/\\\/www.monaco-tribune.com\\\/wp-content\\\/uploads\\\/2022\\\/11\\\/logo-monaco-tribune.png\",\"width\":1548,\"height\":600,\"caption\":\"Monaco Tribune\"},\"image\":{\"@id\":\"https:\\\/\\\/www.monaco-tribune.com\\\/it\\\/#\\\/schema\\\/logo\\\/image\\\/\"},\"sameAs\":[\"https:\\\/\\\/www.facebook.com\\\/MonacoTribune\",\"https:\\\/\\\/x.com\\\/MonacoTribune\",\"https:\\\/\\\/www.instagram.com\\\/monacotribune\\\/\",\"https:\\\/\\\/www.linkedin.com\\\/company\\\/monaco-tribune\",\"https:\\\/\\\/www.youtube.com\\\/channel\\\/UCHle1MnG6hw1y4lWKijVbMA\"]},{\"@type\":\"Person\",\"@id\":\"https:\\\/\\\/www.monaco-tribune.com\\\/it\\\/#\\\/schema\\\/person\\\/a855d420fff4d03637641d60b93ac62e\",\"name\":\"Camille Esteve\",\"image\":{\"@type\":\"ImageObject\",\"inLanguage\":\"it-IT\",\"@id\":\"https:\\\/\\\/secure.gravatar.com\\\/avatar\\\/eaaa2355a7bb56c0018a391c20a55bf9b4690e3f493231dd850e612bfa6ce161?s=96&d=mm&r=g\",\"url\":\"https:\\\/\\\/secure.gravatar.com\\\/avatar\\\/eaaa2355a7bb56c0018a391c20a55bf9b4690e3f493231dd850e612bfa6ce161?s=96&d=mm&r=g\",\"contentUrl\":\"https:\\\/\\\/secure.gravatar.com\\\/avatar\\\/eaaa2355a7bb56c0018a391c20a55bf9b4690e3f493231dd850e612bfa6ce161?s=96&d=mm&r=g\",\"caption\":\"Camille Esteve\"},\"url\":\"https:\\\/\\\/www.monaco-tribune.com\\\/it\\\/author\\\/camilleesteve\\\/\"}]}<\/script>\n<!-- \/ Yoast SEO Premium plugin. -->","yoast_head_json":{"title":"Flavio Briatore apre il secondo Caf\u00e9 Cova nel Principato","description":"Il nuovo locale si trover\u00e0 al numero 37 di Avenue Princesse Grace. Se siete appassionati dei sapori mediterranei del Caf\u00e9 Cova di Boulevard des Moulins,","robots":{"index":"index","follow":"follow","max-snippet":"max-snippet:-1","max-image-preview":"max-image-preview:large","max-video-preview":"max-video-preview:-1"},"canonical":"https:\/\/www.monaco-tribune.com\/it\/2022\/03\/flavio-briatore-apre-il-secondo-ristorante-cova-nel-principato\/","og_locale":"it_IT","og_type":"article","og_title":"Flavio Briatore apre il secondo Caf\u00e9 Cova nel Principato - Monaco Tribune","og_description":"Il nuovo locale si trover\u00e0 al numero 37 di Avenue Princesse Grace. Se siete appassionati dei sapori mediterranei del Caf\u00e9 Cova di Boulevard des Moulins,","og_url":"https:\/\/www.monaco-tribune.com\/it\/2022\/03\/flavio-briatore-apre-il-secondo-ristorante-cova-nel-principato\/","og_site_name":"Monaco Tribune","article_publisher":"https:\/\/www.facebook.com\/MonacoTribune","article_published_time":"2022-03-15T08:34:45+00:00","article_modified_time":"2022-04-14T08:45:28+00:00","og_image":[{"width":1020,"height":700,"url":"https:\/\/www.monaco-tribune.com\/wp-content\/uploads\/2022\/03\/cova-palais-de-la-plage.jpg","type":"image\/jpeg"}],"author":"Camille Esteve","twitter_card":"summary_large_image","twitter_creator":"@MonacoTribune","twitter_site":"@MonacoTribune","schema":{"@context":"https:\/\/schema.org","@graph":[{"@type":"NewsArticle","@id":"https:\/\/www.monaco-tribune.com\/it\/2022\/03\/flavio-briatore-apre-il-secondo-ristorante-cova-nel-principato\/#article","isPartOf":{"@id":"https:\/\/www.monaco-tribune.com\/it\/2022\/03\/flavio-briatore-apre-il-secondo-ristorante-cova-nel-principato\/"},"author":{"name":"Camille Esteve","@id":"https:\/\/www.monaco-tribune.com\/it\/#\/schema\/person\/a855d420fff4d03637641d60b93ac62e"},"headline":"Flavio Briatore apre il secondo Caf\u00e9 Cova nel Principato","datePublished":"2022-03-15T08:34:45+00:00","dateModified":"2022-04-14T08:45:28+00:00","mainEntityOfPage":{"@id":"https:\/\/www.monaco-tribune.com\/it\/2022\/03\/flavio-briatore-apre-il-secondo-ristorante-cova-nel-principato\/"},"wordCount":283,"publisher":{"@id":"https:\/\/www.monaco-tribune.com\/it\/#organization"},"image":{"@id":"https:\/\/www.monaco-tribune.com\/it\/2022\/03\/flavio-briatore-apre-il-secondo-ristorante-cova-nel-principato\/#primaryimage"},"thumbnailUrl":"https:\/\/www.monaco-tribune.com\/wp-content\/uploads\/2022\/03\/cova-palais-de-la-plage.jpg","articleSection":["Cosa fare","Notizie"],"inLanguage":"it-IT","copyrightYear":"2022","copyrightHolder":{"@id":"https:\/\/www.monaco-tribune.com\/#organization"}},{"@type":"WebPage","@id":"https:\/\/www.monaco-tribune.com\/it\/2022\/03\/flavio-briatore-apre-il-secondo-ristorante-cova-nel-principato\/","url":"https:\/\/www.monaco-tribune.com\/it\/2022\/03\/flavio-briatore-apre-il-secondo-ristorante-cova-nel-principato\/","name":"Flavio Briatore apre il secondo Caf\u00e9 Cova nel Principato","isPartOf":{"@id":"https:\/\/www.monaco-tribune.com\/it\/#website"},"primaryImageOfPage":{"@id":"https:\/\/www.monaco-tribune.com\/it\/2022\/03\/flavio-briatore-apre-il-secondo-ristorante-cova-nel-principato\/#primaryimage"},"image":{"@id":"https:\/\/www.monaco-tribune.com\/it\/2022\/03\/flavio-briatore-apre-il-secondo-ristorante-cova-nel-principato\/#primaryimage"},"thumbnailUrl":"https:\/\/www.monaco-tribune.com\/wp-content\/uploads\/2022\/03\/cova-palais-de-la-plage.jpg","datePublished":"2022-03-15T08:34:45+00:00","dateModified":"2022-04-14T08:45:28+00:00","description":"Il nuovo locale si trover\u00e0 al numero 37 di Avenue Princesse Grace. Se siete appassionati dei sapori mediterranei del Caf\u00e9 Cova di Boulevard des Moulins,","breadcrumb":{"@id":"https:\/\/www.monaco-tribune.com\/it\/2022\/03\/flavio-briatore-apre-il-secondo-ristorante-cova-nel-principato\/#breadcrumb"},"inLanguage":"it-IT","potentialAction":[{"@type":"ReadAction","target":["https:\/\/www.monaco-tribune.com\/it\/2022\/03\/flavio-briatore-apre-il-secondo-ristorante-cova-nel-principato\/"]}]},{"@type":"ImageObject","inLanguage":"it-IT","@id":"https:\/\/www.monaco-tribune.com\/it\/2022\/03\/flavio-briatore-apre-il-secondo-ristorante-cova-nel-principato\/#primaryimage","url":"https:\/\/www.monaco-tribune.com\/wp-content\/uploads\/2022\/03\/cova-palais-de-la-plage.jpg","contentUrl":"https:\/\/www.monaco-tribune.com\/wp-content\/uploads\/2022\/03\/cova-palais-de-la-plage.jpg","width":1020,"height":700,"caption":"pasticceriacova"},{"@type":"BreadcrumbList","@id":"https:\/\/www.monaco-tribune.com\/it\/2022\/03\/flavio-briatore-apre-il-secondo-ristorante-cova-nel-principato\/#breadcrumb","itemListElement":[{"@type":"ListItem","position":1,"name":"Accueil","item":"https:\/\/www.monaco-tribune.com\/it\/"},{"@type":"ListItem","position":2,"name":"Flavio Briatore apre il secondo Caf\u00e9 Cova nel Principato"}]},{"@type":"WebSite","@id":"https:\/\/www.monaco-tribune.com\/it\/#website","url":"https:\/\/www.monaco-tribune.com\/it\/","name":"Monaco Tribune","description":"Monaco : actualit\u00e9s \u00e9conomiques, politiques, culturelles et sportives de Monaco et de la French Riviera.","publisher":{"@id":"https:\/\/www.monaco-tribune.com\/it\/#organization"},"potentialAction":[{"@type":"SearchAction","target":{"@type":"EntryPoint","urlTemplate":"https:\/\/www.monaco-tribune.com\/it\/?s={search_term_string}"},"query-input":{"@type":"PropertyValueSpecification","valueRequired":true,"valueName":"search_term_string"}}],"inLanguage":"it-IT"},{"@type":"Organization","@id":"https:\/\/www.monaco-tribune.com\/it\/#organization","name":"Monaco Tribune","url":"https:\/\/www.monaco-tribune.com\/it\/","logo":{"@type":"ImageObject","inLanguage":"it-IT","@id":"https:\/\/www.monaco-tribune.com\/it\/#\/schema\/logo\/image\/","url":"https:\/\/www.monaco-tribune.com\/wp-content\/uploads\/2022\/11\/logo-monaco-tribune.png","contentUrl":"https:\/\/www.monaco-tribune.com\/wp-content\/uploads\/2022\/11\/logo-monaco-tribune.png","width":1548,"height":600,"caption":"Monaco Tribune"},"image":{"@id":"https:\/\/www.monaco-tribune.com\/it\/#\/schema\/logo\/image\/"},"sameAs":["https:\/\/www.facebook.com\/MonacoTribune","https:\/\/x.com\/MonacoTribune","https:\/\/www.instagram.com\/monacotribune\/","https:\/\/www.linkedin.com\/company\/monaco-tribune","https:\/\/www.youtube.com\/channel\/UCHle1MnG6hw1y4lWKijVbMA"]},{"@type":"Person","@id":"https:\/\/www.monaco-tribune.com\/it\/#\/schema\/person\/a855d420fff4d03637641d60b93ac62e","name":"Camille Esteve","image":{"@type":"ImageObject","inLanguage":"it-IT","@id":"https:\/\/secure.gravatar.com\/avatar\/eaaa2355a7bb56c0018a391c20a55bf9b4690e3f493231dd850e612bfa6ce161?s=96&d=mm&r=g","url":"https:\/\/secure.gravatar.com\/avatar\/eaaa2355a7bb56c0018a391c20a55bf9b4690e3f493231dd850e612bfa6ce161?s=96&d=mm&r=g","contentUrl":"https:\/\/secure.gravatar.com\/avatar\/eaaa2355a7bb56c0018a391c20a55bf9b4690e3f493231dd850e612bfa6ce161?s=96&d=mm&r=g","caption":"Camille Esteve"},"url":"https:\/\/www.monaco-tribune.com\/it\/author\/camilleesteve\/"}]}},"_links":{"self":[{"href":"https:\/\/www.monaco-tribune.com\/it\/wp-json\/wp\/v2\/posts\/114639","targetHints":{"allow":["GET"]}}],"collection":[{"href":"https:\/\/www.monaco-tribune.com\/it\/wp-json\/wp\/v2\/posts"}],"about":[{"href":"https:\/\/www.monaco-tribune.com\/it\/wp-json\/wp\/v2\/types\/post"}],"author":[{"embeddable":true,"href":"https:\/\/www.monaco-tribune.com\/it\/wp-json\/wp\/v2\/users\/60"}],"replies":[{"embeddable":true,"href":"https:\/\/www.monaco-tribune.com\/it\/wp-json\/wp\/v2\/comments?post=114639"}],"version-history":[{"count":0,"href":"https:\/\/www.monaco-tribune.com\/it\/wp-json\/wp\/v2\/posts\/114639\/revisions"}],"wp:featuredmedia":[{"embeddable":true,"href":"https:\/\/www.monaco-tribune.com\/it\/wp-json\/wp\/v2\/media\/113805"}],"wp:attachment":[{"href":"https:\/\/www.monaco-tribune.com\/it\/wp-json\/wp\/v2\/media?parent=114639"}],"wp:term":[{"taxonomy":"category","embeddable":true,"href":"https:\/\/www.monaco-tribune.com\/it\/wp-json\/wp\/v2\/categories?post=114639"},{"taxonomy":"post_tag","embeddable":true,"href":"https:\/\/www.monaco-tribune.com\/it\/wp-json\/wp\/v2\/tags?post=114639"},{"taxonomy":"sectag","embeddable":true,"href":"https:\/\/www.monaco-tribune.com\/it\/wp-json\/wp\/v2\/post_sectags?post=114639"},{"taxonomy":"format","embeddable":true,"href":"https:\/\/www.monaco-tribune.com\/it\/wp-json\/wp\/v2\/post_format?post=114639"}],"curies":[{"name":"wp","href":"https:\/\/api.w.org\/{rel}","templated":true}]}}