{"id":114676,"date":"2022-03-15T11:53:35","date_gmt":"2022-03-15T10:53:35","guid":{"rendered":"https:\/\/www.monaco-tribune.com\/2022\/03\/jim-ratcliffe-proprietario-dellogc-nice-non-intende-riacquistare-il-chelsea\/"},"modified":"2022-03-15T11:53:40","modified_gmt":"2022-03-15T10:53:40","slug":"jim-ratcliffe-proprietario-dellogc-nice-non-intende-riacquistare-il-chelsea","status":"publish","type":"post","link":"https:\/\/www.monaco-tribune.com\/it\/2022\/03\/jim-ratcliffe-proprietario-dellogc-nice-non-intende-riacquistare-il-chelsea\/","title":{"rendered":"Jim Ratcliffe, proprietario dell&#8217;OGC Nice, non intende riacquistare il Chelsea"},"content":{"rendered":"\n<p><strong>Il CEO del gruppo Ineos non \u00e8 pi\u00f9 interessato a riacquistare il club londinese, recentemente messo in vendita dal suo proprietario russo,<\/strong> <strong>Roman Abramovitch, vittima di pesanti sanzioni.<\/strong><\/p>\n\n<p>L&#8217;uomo pi\u00f9 ricco della Gran Bretagna non sar\u00e0 il nuovo proprietario del Chelsea, o almeno questo \u00e8 quanto ha affermato un porta voce della sua societ\u00e0 a <a href=\"https:\/\/www.reuters.com\/business\/no-substance-reports-ratcliffe-bidding-chelsea-says-spokesman-2022-03-03\/\">Reuters<\/a>. Proprietario dell&#8217;OGC Nice dall&#8217;agosto 2019, il residente monegasco \u00e8 stato di recente associato al riacquisto dell&#8217;ultimo club vincitore della Champions League, sprofondato nel caos dopo le ultime sanzioni nei confronti di Roman Abramovich. Tutti i beni del miliardario russo sono infatti congelati, a cominciare dal Chelsea, la cui vendita \u00e8 al momento in standby.<\/p>\n\n<p><strong>LEGGI ANCHE<\/strong>: <a href=\"https:\/\/www.monaco-tribune.com\/it\/2021\/11\/con-il-suo-nuovo-4x4-ineos-di-jim-ratcliffe-entra-nel-settore-automobilistico\/\">Con il suo nuovo 4X4, Ineos di Jim Ratcliffe entra nel settore automobilistico<\/a><\/p>\n\n<p>Secondo il suo entourage, Jim Ratcliffe ha una sola ambizione: portare in vetta l&#8217;OGC Nice. &#8220;Per il momento, \u00e8 concentrato sull&#8217;OGC Nice, che si \u00e8 qualificato per la finale di Coppa di Francia che si giocher\u00e0 a Parigi a inizio maggio&#8221;, ha dichiarato il portavoce di Ineos. I tifosi del Nizza possono quindi dormire sonni tranquilli e continuare a sognare in grande.<\/p>\n\n<h2 class=\"wp-block-heading\" id=\"h-l-ogc-nice-ne-manque-pas-d-ambitions\">L&#8217;OGC Nice punta in alto<\/h2>\n\n<p>Diretto da Bob Ratcliffe, fratello del miliardario, l&#8217;OGC Nice sta vivendo al momento una stagione eccezionale, con un secondo posto in Ligue 1 e una finale in Coppa di Francia ancora da giocare. In corsa per una qualificazione per la Champions League la prossima stagione, i dirigenti nizzardi non intendono fermarsi.<\/p>\n\n<p><strong>LEGGI ANCHE<\/strong>: <a href=\"https:\/\/www.monaco-tribune.com\/it\/2021\/10\/ineos-jim-ratcliffe-investe-due-miliardi-di-euro-nellidrogeno-verde\/\">Ineos: Jim Ratcliffe investe due miliardi di euro nell\u2019idrogeno verde<\/a><\/p>\n\n<p>E anche se Bob Ratcliffe ritiene che sar\u00e0 &#8220;difficile&#8221;, se non &#8220;impossibile&#8221;, competere con il Paris Saint-Germain in campionato, il presidente del settore calcio di Ineos spera di prendere esempio dal Lille, vincitore della scorsa stagione. Con dirigenti ambiziosi e una squadra che comincia a farsi pi\u00f9 strutturata, sotto la guida dell&#8217;allenatore Christophe Galtier, l&#8217;OGC Nice potrebbe apprestarsi a vivere gli anni pi\u00f9 belli di sempre.<\/p>\n","protected":false},"excerpt":{"rendered":"<p>Il CEO del gruppo Ineos non \u00e8 pi\u00f9 interessato a riacquistare il club londinese, recentemente messo in vendita dal suo [&hellip;]<\/p>\n","protected":false},"author":24,"featured_media":114385,"comment_status":"closed","ping_status":"closed","sticky":false,"template":"","format":"standard","meta":{"_acf_changed":false,"footnotes":""},"categories":[1739,1738,1743],"tags":[3238],"post_sectags":[],"post_format":[2478],"class_list":["post-114676","post","type-post","status-publish","format-standard","has-post-thumbnail","hentry","category-business-it","category-notizie","category-sport-it","tag-jim-ratcliffe-it","format-notizia"],"acf":[],"yoast_head":"<!-- This site is optimized with the Yoast SEO Premium plugin v26.8 (Yoast SEO v27.4) - https:\/\/yoast.com\/product\/yoast-seo-premium-wordpress\/ -->\n<title>Jim Ratcliffe, proprietario dell&#039;OGC Nice, non intende riacquistare il Chelsea<\/title>\n<meta name=\"description\" content=\"Il CEO del gruppo Ineos non \u00e8 pi\u00f9 interessato a riacquistare il club londinese, recentemente messo in vendita dal suo proprietario russo, Roman\" \/>\n<meta name=\"robots\" content=\"index, follow, max-snippet:-1, max-image-preview:large, max-video-preview:-1\" \/>\n<link rel=\"canonical\" href=\"https:\/\/www.monaco-tribune.com\/it\/2022\/03\/jim-ratcliffe-proprietario-dellogc-nice-non-intende-riacquistare-il-chelsea\/\" \/>\n<meta property=\"og:locale\" content=\"it_IT\" \/>\n<meta property=\"og:type\" content=\"article\" \/>\n<meta property=\"og:title\" content=\"Jim Ratcliffe, proprietario dell&#039;OGC Nice, non intende riacquistare il Chelsea - Monaco Tribune\" \/>\n<meta property=\"og:description\" content=\"Il CEO del gruppo Ineos non \u00e8 pi\u00f9 interessato a riacquistare il club londinese, recentemente messo in vendita dal suo proprietario russo, Roman\" \/>\n<meta property=\"og:url\" content=\"https:\/\/www.monaco-tribune.com\/it\/2022\/03\/jim-ratcliffe-proprietario-dellogc-nice-non-intende-riacquistare-il-chelsea\/\" \/>\n<meta property=\"og:site_name\" content=\"Monaco Tribune\" \/>\n<meta property=\"article:publisher\" content=\"https:\/\/www.facebook.com\/MonacoTribune\" \/>\n<meta property=\"article:published_time\" content=\"2022-03-15T10:53:35+00:00\" \/>\n<meta property=\"article:modified_time\" content=\"2022-03-15T10:53:40+00:00\" \/>\n<meta property=\"og:image\" content=\"https:\/\/www.monaco-tribune.com\/wp-content\/uploads\/2022\/03\/jim-ratcliffe-.jpeg\" \/>\n\t<meta property=\"og:image:width\" content=\"1020\" \/>\n\t<meta property=\"og:image:height\" content=\"574\" \/>\n\t<meta property=\"og:image:type\" content=\"image\/jpeg\" \/>\n<meta name=\"author\" content=\"Romain Boisaubert\" \/>\n<meta name=\"twitter:card\" content=\"summary_large_image\" \/>\n<meta name=\"twitter:creator\" content=\"@MonacoTribune\" \/>\n<meta name=\"twitter:site\" content=\"@MonacoTribune\" \/>\n<script type=\"application\/ld+json\" class=\"yoast-schema-graph\">{\"@context\":\"https:\\\/\\\/schema.org\",\"@graph\":[{\"@type\":\"NewsArticle\",\"@id\":\"https:\\\/\\\/www.monaco-tribune.com\\\/it\\\/2022\\\/03\\\/jim-ratcliffe-proprietario-dellogc-nice-non-intende-riacquistare-il-chelsea\\\/#article\",\"isPartOf\":{\"@id\":\"https:\\\/\\\/www.monaco-tribune.com\\\/it\\\/2022\\\/03\\\/jim-ratcliffe-proprietario-dellogc-nice-non-intende-riacquistare-il-chelsea\\\/\"},\"author\":{\"name\":\"Romain Boisaubert\",\"@id\":\"https:\\\/\\\/www.monaco-tribune.com\\\/it\\\/#\\\/schema\\\/person\\\/330a3732947cf8cb41b2533a0eadd62e\"},\"headline\":\"Jim Ratcliffe, proprietario dell&#8217;OGC Nice, non intende riacquistare il Chelsea\",\"datePublished\":\"2022-03-15T10:53:35+00:00\",\"dateModified\":\"2022-03-15T10:53:40+00:00\",\"mainEntityOfPage\":{\"@id\":\"https:\\\/\\\/www.monaco-tribune.com\\\/it\\\/2022\\\/03\\\/jim-ratcliffe-proprietario-dellogc-nice-non-intende-riacquistare-il-chelsea\\\/\"},\"wordCount\":335,\"publisher\":{\"@id\":\"https:\\\/\\\/www.monaco-tribune.com\\\/it\\\/#organization\"},\"image\":{\"@id\":\"https:\\\/\\\/www.monaco-tribune.com\\\/it\\\/2022\\\/03\\\/jim-ratcliffe-proprietario-dellogc-nice-non-intende-riacquistare-il-chelsea\\\/#primaryimage\"},\"thumbnailUrl\":\"https:\\\/\\\/www.monaco-tribune.com\\\/wp-content\\\/uploads\\\/2022\\\/03\\\/jim-ratcliffe-.jpeg\",\"keywords\":[\"Jim Ratcliffe\"],\"articleSection\":[\"Business\",\"Notizie\",\"Sport\"],\"inLanguage\":\"it-IT\",\"copyrightYear\":\"2022\",\"copyrightHolder\":{\"@id\":\"https:\\\/\\\/www.monaco-tribune.com\\\/#organization\"}},{\"@type\":\"WebPage\",\"@id\":\"https:\\\/\\\/www.monaco-tribune.com\\\/it\\\/2022\\\/03\\\/jim-ratcliffe-proprietario-dellogc-nice-non-intende-riacquistare-il-chelsea\\\/\",\"url\":\"https:\\\/\\\/www.monaco-tribune.com\\\/it\\\/2022\\\/03\\\/jim-ratcliffe-proprietario-dellogc-nice-non-intende-riacquistare-il-chelsea\\\/\",\"name\":\"Jim Ratcliffe, proprietario dell'OGC Nice, non intende riacquistare il Chelsea\",\"isPartOf\":{\"@id\":\"https:\\\/\\\/www.monaco-tribune.com\\\/it\\\/#website\"},\"primaryImageOfPage\":{\"@id\":\"https:\\\/\\\/www.monaco-tribune.com\\\/it\\\/2022\\\/03\\\/jim-ratcliffe-proprietario-dellogc-nice-non-intende-riacquistare-il-chelsea\\\/#primaryimage\"},\"image\":{\"@id\":\"https:\\\/\\\/www.monaco-tribune.com\\\/it\\\/2022\\\/03\\\/jim-ratcliffe-proprietario-dellogc-nice-non-intende-riacquistare-il-chelsea\\\/#primaryimage\"},\"thumbnailUrl\":\"https:\\\/\\\/www.monaco-tribune.com\\\/wp-content\\\/uploads\\\/2022\\\/03\\\/jim-ratcliffe-.jpeg\",\"datePublished\":\"2022-03-15T10:53:35+00:00\",\"dateModified\":\"2022-03-15T10:53:40+00:00\",\"description\":\"Il CEO del gruppo Ineos non \u00e8 pi\u00f9 interessato a riacquistare il club londinese, recentemente messo in vendita dal suo proprietario russo, Roman\",\"breadcrumb\":{\"@id\":\"https:\\\/\\\/www.monaco-tribune.com\\\/it\\\/2022\\\/03\\\/jim-ratcliffe-proprietario-dellogc-nice-non-intende-riacquistare-il-chelsea\\\/#breadcrumb\"},\"inLanguage\":\"it-IT\",\"potentialAction\":[{\"@type\":\"ReadAction\",\"target\":[\"https:\\\/\\\/www.monaco-tribune.com\\\/it\\\/2022\\\/03\\\/jim-ratcliffe-proprietario-dellogc-nice-non-intende-riacquistare-il-chelsea\\\/\"]}]},{\"@type\":\"ImageObject\",\"inLanguage\":\"it-IT\",\"@id\":\"https:\\\/\\\/www.monaco-tribune.com\\\/it\\\/2022\\\/03\\\/jim-ratcliffe-proprietario-dellogc-nice-non-intende-riacquistare-il-chelsea\\\/#primaryimage\",\"url\":\"https:\\\/\\\/www.monaco-tribune.com\\\/wp-content\\\/uploads\\\/2022\\\/03\\\/jim-ratcliffe-.jpeg\",\"contentUrl\":\"https:\\\/\\\/www.monaco-tribune.com\\\/wp-content\\\/uploads\\\/2022\\\/03\\\/jim-ratcliffe-.jpeg\",\"width\":1020,\"height\":574,\"caption\":\"OGC Nice \\\/\"},{\"@type\":\"BreadcrumbList\",\"@id\":\"https:\\\/\\\/www.monaco-tribune.com\\\/it\\\/2022\\\/03\\\/jim-ratcliffe-proprietario-dellogc-nice-non-intende-riacquistare-il-chelsea\\\/#breadcrumb\",\"itemListElement\":[{\"@type\":\"ListItem\",\"position\":1,\"name\":\"Accueil\",\"item\":\"https:\\\/\\\/www.monaco-tribune.com\\\/it\\\/\"},{\"@type\":\"ListItem\",\"position\":2,\"name\":\"Jim Ratcliffe, proprietario dell&rsquo;OGC Nice, non intende riacquistare il Chelsea\"}]},{\"@type\":\"WebSite\",\"@id\":\"https:\\\/\\\/www.monaco-tribune.com\\\/it\\\/#website\",\"url\":\"https:\\\/\\\/www.monaco-tribune.com\\\/it\\\/\",\"name\":\"Monaco Tribune\",\"description\":\"Monaco : actualit\u00e9s \u00e9conomiques, politiques, culturelles et sportives de Monaco et de la French Riviera.\",\"publisher\":{\"@id\":\"https:\\\/\\\/www.monaco-tribune.com\\\/it\\\/#organization\"},\"potentialAction\":[{\"@type\":\"SearchAction\",\"target\":{\"@type\":\"EntryPoint\",\"urlTemplate\":\"https:\\\/\\\/www.monaco-tribune.com\\\/it\\\/?s={search_term_string}\"},\"query-input\":{\"@type\":\"PropertyValueSpecification\",\"valueRequired\":true,\"valueName\":\"search_term_string\"}}],\"inLanguage\":\"it-IT\"},{\"@type\":\"Organization\",\"@id\":\"https:\\\/\\\/www.monaco-tribune.com\\\/it\\\/#organization\",\"name\":\"Monaco Tribune\",\"url\":\"https:\\\/\\\/www.monaco-tribune.com\\\/it\\\/\",\"logo\":{\"@type\":\"ImageObject\",\"inLanguage\":\"it-IT\",\"@id\":\"https:\\\/\\\/www.monaco-tribune.com\\\/it\\\/#\\\/schema\\\/logo\\\/image\\\/\",\"url\":\"https:\\\/\\\/www.monaco-tribune.com\\\/wp-content\\\/uploads\\\/2022\\\/11\\\/logo-monaco-tribune.png\",\"contentUrl\":\"https:\\\/\\\/www.monaco-tribune.com\\\/wp-content\\\/uploads\\\/2022\\\/11\\\/logo-monaco-tribune.png\",\"width\":1548,\"height\":600,\"caption\":\"Monaco Tribune\"},\"image\":{\"@id\":\"https:\\\/\\\/www.monaco-tribune.com\\\/it\\\/#\\\/schema\\\/logo\\\/image\\\/\"},\"sameAs\":[\"https:\\\/\\\/www.facebook.com\\\/MonacoTribune\",\"https:\\\/\\\/x.com\\\/MonacoTribune\",\"https:\\\/\\\/www.instagram.com\\\/monacotribune\\\/\",\"https:\\\/\\\/www.linkedin.com\\\/company\\\/monaco-tribune\",\"https:\\\/\\\/www.youtube.com\\\/channel\\\/UCHle1MnG6hw1y4lWKijVbMA\"]},{\"@type\":\"Person\",\"@id\":\"https:\\\/\\\/www.monaco-tribune.com\\\/it\\\/#\\\/schema\\\/person\\\/330a3732947cf8cb41b2533a0eadd62e\",\"name\":\"Romain Boisaubert\",\"image\":{\"@type\":\"ImageObject\",\"inLanguage\":\"it-IT\",\"@id\":\"https:\\\/\\\/secure.gravatar.com\\\/avatar\\\/f8b90d41f1eabd1cbe4cf59e09d8db41a697d51919bf2dfe727589a24a4a4d54?s=96&d=mm&r=g\",\"url\":\"https:\\\/\\\/secure.gravatar.com\\\/avatar\\\/f8b90d41f1eabd1cbe4cf59e09d8db41a697d51919bf2dfe727589a24a4a4d54?s=96&d=mm&r=g\",\"contentUrl\":\"https:\\\/\\\/secure.gravatar.com\\\/avatar\\\/f8b90d41f1eabd1cbe4cf59e09d8db41a697d51919bf2dfe727589a24a4a4d54?s=96&d=mm&r=g\",\"caption\":\"Romain Boisaubert\"},\"description\":\"Test bio\",\"url\":\"https:\\\/\\\/www.monaco-tribune.com\\\/it\\\/author\\\/romain-boisaubert\\\/\"}]}<\/script>\n<!-- \/ Yoast SEO Premium plugin. -->","yoast_head_json":{"title":"Jim Ratcliffe, proprietario dell'OGC Nice, non intende riacquistare il Chelsea","description":"Il CEO del gruppo Ineos non \u00e8 pi\u00f9 interessato a riacquistare il club londinese, recentemente messo in vendita dal suo proprietario russo, Roman","robots":{"index":"index","follow":"follow","max-snippet":"max-snippet:-1","max-image-preview":"max-image-preview:large","max-video-preview":"max-video-preview:-1"},"canonical":"https:\/\/www.monaco-tribune.com\/it\/2022\/03\/jim-ratcliffe-proprietario-dellogc-nice-non-intende-riacquistare-il-chelsea\/","og_locale":"it_IT","og_type":"article","og_title":"Jim Ratcliffe, proprietario dell'OGC Nice, non intende riacquistare il Chelsea - Monaco Tribune","og_description":"Il CEO del gruppo Ineos non \u00e8 pi\u00f9 interessato a riacquistare il club londinese, recentemente messo in vendita dal suo proprietario russo, Roman","og_url":"https:\/\/www.monaco-tribune.com\/it\/2022\/03\/jim-ratcliffe-proprietario-dellogc-nice-non-intende-riacquistare-il-chelsea\/","og_site_name":"Monaco Tribune","article_publisher":"https:\/\/www.facebook.com\/MonacoTribune","article_published_time":"2022-03-15T10:53:35+00:00","article_modified_time":"2022-03-15T10:53:40+00:00","og_image":[{"width":1020,"height":574,"url":"https:\/\/www.monaco-tribune.com\/wp-content\/uploads\/2022\/03\/jim-ratcliffe-.jpeg","type":"image\/jpeg"}],"author":"Romain Boisaubert","twitter_card":"summary_large_image","twitter_creator":"@MonacoTribune","twitter_site":"@MonacoTribune","schema":{"@context":"https:\/\/schema.org","@graph":[{"@type":"NewsArticle","@id":"https:\/\/www.monaco-tribune.com\/it\/2022\/03\/jim-ratcliffe-proprietario-dellogc-nice-non-intende-riacquistare-il-chelsea\/#article","isPartOf":{"@id":"https:\/\/www.monaco-tribune.com\/it\/2022\/03\/jim-ratcliffe-proprietario-dellogc-nice-non-intende-riacquistare-il-chelsea\/"},"author":{"name":"Romain Boisaubert","@id":"https:\/\/www.monaco-tribune.com\/it\/#\/schema\/person\/330a3732947cf8cb41b2533a0eadd62e"},"headline":"Jim Ratcliffe, proprietario dell&#8217;OGC Nice, non intende riacquistare il Chelsea","datePublished":"2022-03-15T10:53:35+00:00","dateModified":"2022-03-15T10:53:40+00:00","mainEntityOfPage":{"@id":"https:\/\/www.monaco-tribune.com\/it\/2022\/03\/jim-ratcliffe-proprietario-dellogc-nice-non-intende-riacquistare-il-chelsea\/"},"wordCount":335,"publisher":{"@id":"https:\/\/www.monaco-tribune.com\/it\/#organization"},"image":{"@id":"https:\/\/www.monaco-tribune.com\/it\/2022\/03\/jim-ratcliffe-proprietario-dellogc-nice-non-intende-riacquistare-il-chelsea\/#primaryimage"},"thumbnailUrl":"https:\/\/www.monaco-tribune.com\/wp-content\/uploads\/2022\/03\/jim-ratcliffe-.jpeg","keywords":["Jim Ratcliffe"],"articleSection":["Business","Notizie","Sport"],"inLanguage":"it-IT","copyrightYear":"2022","copyrightHolder":{"@id":"https:\/\/www.monaco-tribune.com\/#organization"}},{"@type":"WebPage","@id":"https:\/\/www.monaco-tribune.com\/it\/2022\/03\/jim-ratcliffe-proprietario-dellogc-nice-non-intende-riacquistare-il-chelsea\/","url":"https:\/\/www.monaco-tribune.com\/it\/2022\/03\/jim-ratcliffe-proprietario-dellogc-nice-non-intende-riacquistare-il-chelsea\/","name":"Jim Ratcliffe, proprietario dell'OGC Nice, non intende riacquistare il Chelsea","isPartOf":{"@id":"https:\/\/www.monaco-tribune.com\/it\/#website"},"primaryImageOfPage":{"@id":"https:\/\/www.monaco-tribune.com\/it\/2022\/03\/jim-ratcliffe-proprietario-dellogc-nice-non-intende-riacquistare-il-chelsea\/#primaryimage"},"image":{"@id":"https:\/\/www.monaco-tribune.com\/it\/2022\/03\/jim-ratcliffe-proprietario-dellogc-nice-non-intende-riacquistare-il-chelsea\/#primaryimage"},"thumbnailUrl":"https:\/\/www.monaco-tribune.com\/wp-content\/uploads\/2022\/03\/jim-ratcliffe-.jpeg","datePublished":"2022-03-15T10:53:35+00:00","dateModified":"2022-03-15T10:53:40+00:00","description":"Il CEO del gruppo Ineos non \u00e8 pi\u00f9 interessato a riacquistare il club londinese, recentemente messo in vendita dal suo proprietario russo, Roman","breadcrumb":{"@id":"https:\/\/www.monaco-tribune.com\/it\/2022\/03\/jim-ratcliffe-proprietario-dellogc-nice-non-intende-riacquistare-il-chelsea\/#breadcrumb"},"inLanguage":"it-IT","potentialAction":[{"@type":"ReadAction","target":["https:\/\/www.monaco-tribune.com\/it\/2022\/03\/jim-ratcliffe-proprietario-dellogc-nice-non-intende-riacquistare-il-chelsea\/"]}]},{"@type":"ImageObject","inLanguage":"it-IT","@id":"https:\/\/www.monaco-tribune.com\/it\/2022\/03\/jim-ratcliffe-proprietario-dellogc-nice-non-intende-riacquistare-il-chelsea\/#primaryimage","url":"https:\/\/www.monaco-tribune.com\/wp-content\/uploads\/2022\/03\/jim-ratcliffe-.jpeg","contentUrl":"https:\/\/www.monaco-tribune.com\/wp-content\/uploads\/2022\/03\/jim-ratcliffe-.jpeg","width":1020,"height":574,"caption":"OGC Nice \/"},{"@type":"BreadcrumbList","@id":"https:\/\/www.monaco-tribune.com\/it\/2022\/03\/jim-ratcliffe-proprietario-dellogc-nice-non-intende-riacquistare-il-chelsea\/#breadcrumb","itemListElement":[{"@type":"ListItem","position":1,"name":"Accueil","item":"https:\/\/www.monaco-tribune.com\/it\/"},{"@type":"ListItem","position":2,"name":"Jim Ratcliffe, proprietario dell&rsquo;OGC Nice, non intende riacquistare il Chelsea"}]},{"@type":"WebSite","@id":"https:\/\/www.monaco-tribune.com\/it\/#website","url":"https:\/\/www.monaco-tribune.com\/it\/","name":"Monaco Tribune","description":"Monaco : actualit\u00e9s \u00e9conomiques, politiques, culturelles et sportives de Monaco et de la French Riviera.","publisher":{"@id":"https:\/\/www.monaco-tribune.com\/it\/#organization"},"potentialAction":[{"@type":"SearchAction","target":{"@type":"EntryPoint","urlTemplate":"https:\/\/www.monaco-tribune.com\/it\/?s={search_term_string}"},"query-input":{"@type":"PropertyValueSpecification","valueRequired":true,"valueName":"search_term_string"}}],"inLanguage":"it-IT"},{"@type":"Organization","@id":"https:\/\/www.monaco-tribune.com\/it\/#organization","name":"Monaco Tribune","url":"https:\/\/www.monaco-tribune.com\/it\/","logo":{"@type":"ImageObject","inLanguage":"it-IT","@id":"https:\/\/www.monaco-tribune.com\/it\/#\/schema\/logo\/image\/","url":"https:\/\/www.monaco-tribune.com\/wp-content\/uploads\/2022\/11\/logo-monaco-tribune.png","contentUrl":"https:\/\/www.monaco-tribune.com\/wp-content\/uploads\/2022\/11\/logo-monaco-tribune.png","width":1548,"height":600,"caption":"Monaco Tribune"},"image":{"@id":"https:\/\/www.monaco-tribune.com\/it\/#\/schema\/logo\/image\/"},"sameAs":["https:\/\/www.facebook.com\/MonacoTribune","https:\/\/x.com\/MonacoTribune","https:\/\/www.instagram.com\/monacotribune\/","https:\/\/www.linkedin.com\/company\/monaco-tribune","https:\/\/www.youtube.com\/channel\/UCHle1MnG6hw1y4lWKijVbMA"]},{"@type":"Person","@id":"https:\/\/www.monaco-tribune.com\/it\/#\/schema\/person\/330a3732947cf8cb41b2533a0eadd62e","name":"Romain Boisaubert","image":{"@type":"ImageObject","inLanguage":"it-IT","@id":"https:\/\/secure.gravatar.com\/avatar\/f8b90d41f1eabd1cbe4cf59e09d8db41a697d51919bf2dfe727589a24a4a4d54?s=96&d=mm&r=g","url":"https:\/\/secure.gravatar.com\/avatar\/f8b90d41f1eabd1cbe4cf59e09d8db41a697d51919bf2dfe727589a24a4a4d54?s=96&d=mm&r=g","contentUrl":"https:\/\/secure.gravatar.com\/avatar\/f8b90d41f1eabd1cbe4cf59e09d8db41a697d51919bf2dfe727589a24a4a4d54?s=96&d=mm&r=g","caption":"Romain Boisaubert"},"description":"Test bio","url":"https:\/\/www.monaco-tribune.com\/it\/author\/romain-boisaubert\/"}]}},"_links":{"self":[{"href":"https:\/\/www.monaco-tribune.com\/it\/wp-json\/wp\/v2\/posts\/114676","targetHints":{"allow":["GET"]}}],"collection":[{"href":"https:\/\/www.monaco-tribune.com\/it\/wp-json\/wp\/v2\/posts"}],"about":[{"href":"https:\/\/www.monaco-tribune.com\/it\/wp-json\/wp\/v2\/types\/post"}],"author":[{"embeddable":true,"href":"https:\/\/www.monaco-tribune.com\/it\/wp-json\/wp\/v2\/users\/24"}],"replies":[{"embeddable":true,"href":"https:\/\/www.monaco-tribune.com\/it\/wp-json\/wp\/v2\/comments?post=114676"}],"version-history":[{"count":0,"href":"https:\/\/www.monaco-tribune.com\/it\/wp-json\/wp\/v2\/posts\/114676\/revisions"}],"wp:featuredmedia":[{"embeddable":true,"href":"https:\/\/www.monaco-tribune.com\/it\/wp-json\/wp\/v2\/media\/114385"}],"wp:attachment":[{"href":"https:\/\/www.monaco-tribune.com\/it\/wp-json\/wp\/v2\/media?parent=114676"}],"wp:term":[{"taxonomy":"category","embeddable":true,"href":"https:\/\/www.monaco-tribune.com\/it\/wp-json\/wp\/v2\/categories?post=114676"},{"taxonomy":"post_tag","embeddable":true,"href":"https:\/\/www.monaco-tribune.com\/it\/wp-json\/wp\/v2\/tags?post=114676"},{"taxonomy":"sectag","embeddable":true,"href":"https:\/\/www.monaco-tribune.com\/it\/wp-json\/wp\/v2\/post_sectags?post=114676"},{"taxonomy":"format","embeddable":true,"href":"https:\/\/www.monaco-tribune.com\/it\/wp-json\/wp\/v2\/post_format?post=114676"}],"curies":[{"name":"wp","href":"https:\/\/api.w.org\/{rel}","templated":true}]}}