{"id":114997,"date":"2022-03-17T16:10:43","date_gmt":"2022-03-17T15:10:43","guid":{"rendered":"https:\/\/www.monaco-tribune.com\/2022\/03\/rolex-monte-carlo-masters-novak-djokovic-e-i-primi-dieci-tennisti-al-mondo-saranno-tutti-presenti\/"},"modified":"2022-03-17T16:11:38","modified_gmt":"2022-03-17T15:11:38","slug":"rolex-monte-carlo-masters-novak-djokovic-e-i-primi-dieci-tennisti-al-mondo-saranno-tutti-presenti","status":"publish","type":"post","link":"https:\/\/www.monaco-tribune.com\/it\/2022\/03\/rolex-monte-carlo-masters-novak-djokovic-e-i-primi-dieci-tennisti-al-mondo-saranno-tutti-presenti\/","title":{"rendered":"Rolex Monte-Carlo Masters: Novak Djokovic e i primi dieci tennisti al mondo saranno tutti presenti"},"content":{"rendered":"\n<p><strong>In occasione del tradizionale pranzo per la stampa organizzato a Parigi, Zeljko Franulovic, direttore del torneo, ha svelato la lista dei quarantacinque giocatori ammessi automaticamente al tabellone finale.<\/strong><\/p>\n\n\n\n<p>Il pubblico non poteva sognare uno spettacolo migliore. A qualche settimana dall&#8217;inizio del Rolex Monte-Carlo Masters (9-17 aprile), \u00e8 stata finalmente rivelata l&#8217;identit\u00e0 dei giocatori che si disputeranno il trofeo. E che dire, se non che questa edizione 2022 promette di essere la pi\u00f9 avvincente di sempre.<\/p>\n\n\n\n<p><strong>LEGGI ANCHE<\/strong>: <a href=\"https:\/\/www.monaco-tribune.com\/it\/2022\/02\/tutto-quello-che-dovete-sapere-sul-rolex-monte-carlo-masters-2022\/\">Tutto quello che dovete sapere sul Rolex Monte-Carlo Masters 2022<\/a><\/p>\n\n\n\n<p>Oltre al N\u00b01 al mondo Daniil Medvedev, vincitore dell&#8217;ultimo US Open, tutti i 10 migliori giocatori parteciperanno al celebre torneo monegasco. E se la presenza di Novak Djokovic era ancora incerta a causa dal vaccino, l&#8217;atleta serbo alla fine sar\u00e0 presente al Monte-Carlo Country Club.<\/p>\n\n\n\n<h2 class=\"wp-block-heading\" id=\"h-djokovic-nadal-tsitsipas-medvedev-un-quartetto-da-sogno\">Djokovic, Nadal, Tsitsipas, Medvedev&#8230; un quartetto da sogno<\/h2>\n\n\n\n<p>Rafael Nadal, undici volte vincitore del torneo e recente campione dell&#8217;Open d&#8217;Australia, non mancher\u00e0. Dopo un inizio di stagione in grande, il tennista spagnolo \u00e8 il favorito di questo torneo. Anche l&#8217;attuale detentore del titolo, Stefanos Tsitsipas, parteciper\u00e0 alla competizione per difendere il suo trofeo, cos\u00ec come Alexander Zverev, campione olimpico e residente monegasco. Tra i francesi, parteciperanno Ga\u00ebl Monfils\u00a0e\u00a0Ugo Humbert.<\/p>\n\n\n\n<p>A questo tabellone finale si aggiungeranno anche i sette giocatori del tabellone delle qualificazioni, oltre che quattro wild card, per un totale di cinquantasei tennisti. Zeljko Franulovic ha voluto anche svelare in anteprima due wild card, una assegnata al triplo vincitore del Grande Slam Stan Wawrinka, che ha conquistato il primo Masters 1000 della sua carriera proprio a Monaco nel 2014, e una a Jo-Wilfried Tsonga, punto di riferimento nel mondo del tennis francese e semifinalista nel Principato nel 2016.<\/p>\n\n\n\n<p>Nel doppio, gli organizzatori hanno convocato Hugo Nys&nbsp;e&nbsp;Romain Arneodo, membri della squadra della Coppa Davis di Monaco e semifinalisti del torneo nel 2017.<\/p>\n","protected":false},"excerpt":{"rendered":"<p>In occasione del tradizionale pranzo per la stampa organizzato a Parigi, Zeljko Franulovic, direttore del torneo, ha svelato la lista [&hellip;]<\/p>\n","protected":false},"author":24,"featured_media":58424,"comment_status":"closed","ping_status":"closed","sticky":false,"template":"","format":"standard","meta":{"_acf_changed":false,"footnotes":""},"categories":[1826,1738,1743],"tags":[3310],"post_sectags":[],"post_format":[2478],"class_list":["post-114997","post","type-post","status-publish","format-standard","has-post-thumbnail","hentry","category-la-nostra-scelta","category-notizie","category-sport-it","tag-tennis-it","format-notizia"],"acf":[],"yoast_head":"<!-- This site is optimized with the Yoast SEO Premium plugin v27.5 (Yoast SEO v27.5) - https:\/\/yoast.com\/product\/yoast-seo-premium-wordpress\/ -->\n<title>Rolex Monte-Carlo Masters: Novak Djokovic e i primi dieci tennisti al mondo saranno tutti presenti<\/title>\n<meta name=\"description\" content=\"In occasione del tradizionale pranzo per la stampa organizzato a Parigi, Zeljko Franulovic, direttore del torneo, ha svelato la lista dei quarantacinque\" \/>\n<meta name=\"robots\" content=\"index, follow, max-snippet:-1, max-image-preview:large, max-video-preview:-1\" \/>\n<link rel=\"canonical\" href=\"https:\/\/www.monaco-tribune.com\/it\/2022\/03\/rolex-monte-carlo-masters-novak-djokovic-e-i-primi-dieci-tennisti-al-mondo-saranno-tutti-presenti\/\" \/>\n<meta property=\"og:locale\" content=\"it_IT\" \/>\n<meta property=\"og:type\" content=\"article\" \/>\n<meta property=\"og:title\" content=\"Rolex Monte-Carlo Masters: Novak Djokovic e i primi dieci tennisti al mondo saranno tutti presenti - Monaco Tribune\" \/>\n<meta property=\"og:description\" content=\"In occasione del tradizionale pranzo per la stampa organizzato a Parigi, Zeljko Franulovic, direttore del torneo, ha svelato la lista dei quarantacinque\" \/>\n<meta property=\"og:url\" content=\"https:\/\/www.monaco-tribune.com\/it\/2022\/03\/rolex-monte-carlo-masters-novak-djokovic-e-i-primi-dieci-tennisti-al-mondo-saranno-tutti-presenti\/\" \/>\n<meta property=\"og:site_name\" content=\"Monaco Tribune\" \/>\n<meta property=\"article:publisher\" content=\"https:\/\/www.facebook.com\/MonacoTribune\" \/>\n<meta property=\"article:published_time\" content=\"2022-03-17T15:10:43+00:00\" \/>\n<meta property=\"article:modified_time\" content=\"2022-03-17T15:11:38+00:00\" \/>\n<meta property=\"og:image\" content=\"https:\/\/www.monaco-tribune.com\/wp-content\/uploads\/2020\/12\/novak-djokovic2.jpg\" \/>\n\t<meta property=\"og:image:width\" content=\"1024\" \/>\n\t<meta property=\"og:image:height\" content=\"683\" \/>\n\t<meta property=\"og:image:type\" content=\"image\/jpeg\" \/>\n<meta name=\"author\" content=\"Romain Boisaubert\" \/>\n<meta name=\"twitter:card\" content=\"summary_large_image\" \/>\n<meta name=\"twitter:creator\" content=\"@MonacoTribune\" \/>\n<meta name=\"twitter:site\" content=\"@MonacoTribune\" \/>\n<script type=\"application\/ld+json\" class=\"yoast-schema-graph\">{\"@context\":\"https:\\\/\\\/schema.org\",\"@graph\":[{\"@type\":\"NewsArticle\",\"@id\":\"https:\\\/\\\/www.monaco-tribune.com\\\/it\\\/2022\\\/03\\\/rolex-monte-carlo-masters-novak-djokovic-e-i-primi-dieci-tennisti-al-mondo-saranno-tutti-presenti\\\/#article\",\"isPartOf\":{\"@id\":\"https:\\\/\\\/www.monaco-tribune.com\\\/it\\\/2022\\\/03\\\/rolex-monte-carlo-masters-novak-djokovic-e-i-primi-dieci-tennisti-al-mondo-saranno-tutti-presenti\\\/\"},\"author\":{\"name\":\"Romain Boisaubert\",\"@id\":\"https:\\\/\\\/www.monaco-tribune.com\\\/it\\\/#\\\/schema\\\/person\\\/330a3732947cf8cb41b2533a0eadd62e\"},\"headline\":\"Rolex Monte-Carlo Masters: Novak Djokovic e i primi dieci tennisti al mondo saranno tutti presenti\",\"datePublished\":\"2022-03-17T15:10:43+00:00\",\"dateModified\":\"2022-03-17T15:11:38+00:00\",\"mainEntityOfPage\":{\"@id\":\"https:\\\/\\\/www.monaco-tribune.com\\\/it\\\/2022\\\/03\\\/rolex-monte-carlo-masters-novak-djokovic-e-i-primi-dieci-tennisti-al-mondo-saranno-tutti-presenti\\\/\"},\"wordCount\":324,\"publisher\":{\"@id\":\"https:\\\/\\\/www.monaco-tribune.com\\\/it\\\/#organization\"},\"image\":{\"@id\":\"https:\\\/\\\/www.monaco-tribune.com\\\/it\\\/2022\\\/03\\\/rolex-monte-carlo-masters-novak-djokovic-e-i-primi-dieci-tennisti-al-mondo-saranno-tutti-presenti\\\/#primaryimage\"},\"thumbnailUrl\":\"https:\\\/\\\/www.monaco-tribune.com\\\/wp-content\\\/uploads\\\/2020\\\/12\\\/novak-djokovic2.jpg\",\"keywords\":[\"Tennis\"],\"articleSection\":[\"La nostra scelta\",\"Notizie\",\"Sport\"],\"inLanguage\":\"it-IT\",\"copyrightYear\":\"2022\",\"copyrightHolder\":{\"@id\":\"https:\\\/\\\/www.monaco-tribune.com\\\/#organization\"}},{\"@type\":\"WebPage\",\"@id\":\"https:\\\/\\\/www.monaco-tribune.com\\\/it\\\/2022\\\/03\\\/rolex-monte-carlo-masters-novak-djokovic-e-i-primi-dieci-tennisti-al-mondo-saranno-tutti-presenti\\\/\",\"url\":\"https:\\\/\\\/www.monaco-tribune.com\\\/it\\\/2022\\\/03\\\/rolex-monte-carlo-masters-novak-djokovic-e-i-primi-dieci-tennisti-al-mondo-saranno-tutti-presenti\\\/\",\"name\":\"Rolex Monte-Carlo Masters: Novak Djokovic e i primi dieci tennisti al mondo saranno tutti presenti\",\"isPartOf\":{\"@id\":\"https:\\\/\\\/www.monaco-tribune.com\\\/it\\\/#website\"},\"primaryImageOfPage\":{\"@id\":\"https:\\\/\\\/www.monaco-tribune.com\\\/it\\\/2022\\\/03\\\/rolex-monte-carlo-masters-novak-djokovic-e-i-primi-dieci-tennisti-al-mondo-saranno-tutti-presenti\\\/#primaryimage\"},\"image\":{\"@id\":\"https:\\\/\\\/www.monaco-tribune.com\\\/it\\\/2022\\\/03\\\/rolex-monte-carlo-masters-novak-djokovic-e-i-primi-dieci-tennisti-al-mondo-saranno-tutti-presenti\\\/#primaryimage\"},\"thumbnailUrl\":\"https:\\\/\\\/www.monaco-tribune.com\\\/wp-content\\\/uploads\\\/2020\\\/12\\\/novak-djokovic2.jpg\",\"datePublished\":\"2022-03-17T15:10:43+00:00\",\"dateModified\":\"2022-03-17T15:11:38+00:00\",\"description\":\"In occasione del tradizionale pranzo per la stampa organizzato a Parigi, Zeljko Franulovic, direttore del torneo, ha svelato la lista dei quarantacinque\",\"breadcrumb\":{\"@id\":\"https:\\\/\\\/www.monaco-tribune.com\\\/it\\\/2022\\\/03\\\/rolex-monte-carlo-masters-novak-djokovic-e-i-primi-dieci-tennisti-al-mondo-saranno-tutti-presenti\\\/#breadcrumb\"},\"inLanguage\":\"it-IT\",\"potentialAction\":[{\"@type\":\"ReadAction\",\"target\":[\"https:\\\/\\\/www.monaco-tribune.com\\\/it\\\/2022\\\/03\\\/rolex-monte-carlo-masters-novak-djokovic-e-i-primi-dieci-tennisti-al-mondo-saranno-tutti-presenti\\\/\"]}]},{\"@type\":\"ImageObject\",\"inLanguage\":\"it-IT\",\"@id\":\"https:\\\/\\\/www.monaco-tribune.com\\\/it\\\/2022\\\/03\\\/rolex-monte-carlo-masters-novak-djokovic-e-i-primi-dieci-tennisti-al-mondo-saranno-tutti-presenti\\\/#primaryimage\",\"url\":\"https:\\\/\\\/www.monaco-tribune.com\\\/wp-content\\\/uploads\\\/2020\\\/12\\\/novak-djokovic2.jpg\",\"contentUrl\":\"https:\\\/\\\/www.monaco-tribune.com\\\/wp-content\\\/uploads\\\/2020\\\/12\\\/novak-djokovic2.jpg\",\"width\":1024,\"height\":683,\"caption\":\"Novak Djokovic torner\u00e0 anche quest'anno (Foto Rolex Monte-Carlo Masters)\"},{\"@type\":\"BreadcrumbList\",\"@id\":\"https:\\\/\\\/www.monaco-tribune.com\\\/it\\\/2022\\\/03\\\/rolex-monte-carlo-masters-novak-djokovic-e-i-primi-dieci-tennisti-al-mondo-saranno-tutti-presenti\\\/#breadcrumb\",\"itemListElement\":[{\"@type\":\"ListItem\",\"position\":1,\"name\":\"Accueil\",\"item\":\"https:\\\/\\\/www.monaco-tribune.com\\\/it\\\/\"},{\"@type\":\"ListItem\",\"position\":2,\"name\":\"Rolex Monte-Carlo Masters: Novak Djokovic e i primi dieci tennisti al mondo saranno tutti presenti\"}]},{\"@type\":\"WebSite\",\"@id\":\"https:\\\/\\\/www.monaco-tribune.com\\\/it\\\/#website\",\"url\":\"https:\\\/\\\/www.monaco-tribune.com\\\/it\\\/\",\"name\":\"Monaco Tribune\",\"description\":\"Monaco : actualit\u00e9s \u00e9conomiques, politiques, culturelles et sportives de Monaco et de la French Riviera.\",\"publisher\":{\"@id\":\"https:\\\/\\\/www.monaco-tribune.com\\\/it\\\/#organization\"},\"potentialAction\":[{\"@type\":\"SearchAction\",\"target\":{\"@type\":\"EntryPoint\",\"urlTemplate\":\"https:\\\/\\\/www.monaco-tribune.com\\\/it\\\/?s={search_term_string}\"},\"query-input\":{\"@type\":\"PropertyValueSpecification\",\"valueRequired\":true,\"valueName\":\"search_term_string\"}}],\"inLanguage\":\"it-IT\"},{\"@type\":\"Organization\",\"@id\":\"https:\\\/\\\/www.monaco-tribune.com\\\/it\\\/#organization\",\"name\":\"Monaco Tribune\",\"url\":\"https:\\\/\\\/www.monaco-tribune.com\\\/it\\\/\",\"logo\":{\"@type\":\"ImageObject\",\"inLanguage\":\"it-IT\",\"@id\":\"https:\\\/\\\/www.monaco-tribune.com\\\/it\\\/#\\\/schema\\\/logo\\\/image\\\/\",\"url\":\"https:\\\/\\\/www.monaco-tribune.com\\\/wp-content\\\/uploads\\\/2022\\\/11\\\/logo-monaco-tribune.png\",\"contentUrl\":\"https:\\\/\\\/www.monaco-tribune.com\\\/wp-content\\\/uploads\\\/2022\\\/11\\\/logo-monaco-tribune.png\",\"width\":1548,\"height\":600,\"caption\":\"Monaco Tribune\"},\"image\":{\"@id\":\"https:\\\/\\\/www.monaco-tribune.com\\\/it\\\/#\\\/schema\\\/logo\\\/image\\\/\"},\"sameAs\":[\"https:\\\/\\\/www.facebook.com\\\/MonacoTribune\",\"https:\\\/\\\/x.com\\\/MonacoTribune\",\"https:\\\/\\\/www.instagram.com\\\/monacotribune\\\/\",\"https:\\\/\\\/www.linkedin.com\\\/company\\\/monaco-tribune\",\"https:\\\/\\\/www.youtube.com\\\/channel\\\/UCHle1MnG6hw1y4lWKijVbMA\"]},{\"@type\":\"Person\",\"@id\":\"https:\\\/\\\/www.monaco-tribune.com\\\/it\\\/#\\\/schema\\\/person\\\/330a3732947cf8cb41b2533a0eadd62e\",\"name\":\"Romain Boisaubert\",\"image\":{\"@type\":\"ImageObject\",\"inLanguage\":\"it-IT\",\"@id\":\"https:\\\/\\\/secure.gravatar.com\\\/avatar\\\/f8b90d41f1eabd1cbe4cf59e09d8db41a697d51919bf2dfe727589a24a4a4d54?s=96&d=mm&r=g\",\"url\":\"https:\\\/\\\/secure.gravatar.com\\\/avatar\\\/f8b90d41f1eabd1cbe4cf59e09d8db41a697d51919bf2dfe727589a24a4a4d54?s=96&d=mm&r=g\",\"contentUrl\":\"https:\\\/\\\/secure.gravatar.com\\\/avatar\\\/f8b90d41f1eabd1cbe4cf59e09d8db41a697d51919bf2dfe727589a24a4a4d54?s=96&d=mm&r=g\",\"caption\":\"Romain Boisaubert\"},\"description\":\"Test bio\",\"url\":\"https:\\\/\\\/www.monaco-tribune.com\\\/it\\\/author\\\/romain-boisaubert\\\/\"}]}<\/script>\n<!-- \/ Yoast SEO Premium plugin. -->","yoast_head_json":{"title":"Rolex Monte-Carlo Masters: Novak Djokovic e i primi dieci tennisti al mondo saranno tutti presenti","description":"In occasione del tradizionale pranzo per la stampa organizzato a Parigi, Zeljko Franulovic, direttore del torneo, ha svelato la lista dei quarantacinque","robots":{"index":"index","follow":"follow","max-snippet":"max-snippet:-1","max-image-preview":"max-image-preview:large","max-video-preview":"max-video-preview:-1"},"canonical":"https:\/\/www.monaco-tribune.com\/it\/2022\/03\/rolex-monte-carlo-masters-novak-djokovic-e-i-primi-dieci-tennisti-al-mondo-saranno-tutti-presenti\/","og_locale":"it_IT","og_type":"article","og_title":"Rolex Monte-Carlo Masters: Novak Djokovic e i primi dieci tennisti al mondo saranno tutti presenti - Monaco Tribune","og_description":"In occasione del tradizionale pranzo per la stampa organizzato a Parigi, Zeljko Franulovic, direttore del torneo, ha svelato la lista dei quarantacinque","og_url":"https:\/\/www.monaco-tribune.com\/it\/2022\/03\/rolex-monte-carlo-masters-novak-djokovic-e-i-primi-dieci-tennisti-al-mondo-saranno-tutti-presenti\/","og_site_name":"Monaco Tribune","article_publisher":"https:\/\/www.facebook.com\/MonacoTribune","article_published_time":"2022-03-17T15:10:43+00:00","article_modified_time":"2022-03-17T15:11:38+00:00","og_image":[{"width":1024,"height":683,"url":"https:\/\/www.monaco-tribune.com\/wp-content\/uploads\/2020\/12\/novak-djokovic2.jpg","type":"image\/jpeg"}],"author":"Romain Boisaubert","twitter_card":"summary_large_image","twitter_creator":"@MonacoTribune","twitter_site":"@MonacoTribune","schema":{"@context":"https:\/\/schema.org","@graph":[{"@type":"NewsArticle","@id":"https:\/\/www.monaco-tribune.com\/it\/2022\/03\/rolex-monte-carlo-masters-novak-djokovic-e-i-primi-dieci-tennisti-al-mondo-saranno-tutti-presenti\/#article","isPartOf":{"@id":"https:\/\/www.monaco-tribune.com\/it\/2022\/03\/rolex-monte-carlo-masters-novak-djokovic-e-i-primi-dieci-tennisti-al-mondo-saranno-tutti-presenti\/"},"author":{"name":"Romain Boisaubert","@id":"https:\/\/www.monaco-tribune.com\/it\/#\/schema\/person\/330a3732947cf8cb41b2533a0eadd62e"},"headline":"Rolex Monte-Carlo Masters: Novak Djokovic e i primi dieci tennisti al mondo saranno tutti presenti","datePublished":"2022-03-17T15:10:43+00:00","dateModified":"2022-03-17T15:11:38+00:00","mainEntityOfPage":{"@id":"https:\/\/www.monaco-tribune.com\/it\/2022\/03\/rolex-monte-carlo-masters-novak-djokovic-e-i-primi-dieci-tennisti-al-mondo-saranno-tutti-presenti\/"},"wordCount":324,"publisher":{"@id":"https:\/\/www.monaco-tribune.com\/it\/#organization"},"image":{"@id":"https:\/\/www.monaco-tribune.com\/it\/2022\/03\/rolex-monte-carlo-masters-novak-djokovic-e-i-primi-dieci-tennisti-al-mondo-saranno-tutti-presenti\/#primaryimage"},"thumbnailUrl":"https:\/\/www.monaco-tribune.com\/wp-content\/uploads\/2020\/12\/novak-djokovic2.jpg","keywords":["Tennis"],"articleSection":["La nostra scelta","Notizie","Sport"],"inLanguage":"it-IT","copyrightYear":"2022","copyrightHolder":{"@id":"https:\/\/www.monaco-tribune.com\/#organization"}},{"@type":"WebPage","@id":"https:\/\/www.monaco-tribune.com\/it\/2022\/03\/rolex-monte-carlo-masters-novak-djokovic-e-i-primi-dieci-tennisti-al-mondo-saranno-tutti-presenti\/","url":"https:\/\/www.monaco-tribune.com\/it\/2022\/03\/rolex-monte-carlo-masters-novak-djokovic-e-i-primi-dieci-tennisti-al-mondo-saranno-tutti-presenti\/","name":"Rolex Monte-Carlo Masters: Novak Djokovic e i primi dieci tennisti al mondo saranno tutti presenti","isPartOf":{"@id":"https:\/\/www.monaco-tribune.com\/it\/#website"},"primaryImageOfPage":{"@id":"https:\/\/www.monaco-tribune.com\/it\/2022\/03\/rolex-monte-carlo-masters-novak-djokovic-e-i-primi-dieci-tennisti-al-mondo-saranno-tutti-presenti\/#primaryimage"},"image":{"@id":"https:\/\/www.monaco-tribune.com\/it\/2022\/03\/rolex-monte-carlo-masters-novak-djokovic-e-i-primi-dieci-tennisti-al-mondo-saranno-tutti-presenti\/#primaryimage"},"thumbnailUrl":"https:\/\/www.monaco-tribune.com\/wp-content\/uploads\/2020\/12\/novak-djokovic2.jpg","datePublished":"2022-03-17T15:10:43+00:00","dateModified":"2022-03-17T15:11:38+00:00","description":"In occasione del tradizionale pranzo per la stampa organizzato a Parigi, Zeljko Franulovic, direttore del torneo, ha svelato la lista dei quarantacinque","breadcrumb":{"@id":"https:\/\/www.monaco-tribune.com\/it\/2022\/03\/rolex-monte-carlo-masters-novak-djokovic-e-i-primi-dieci-tennisti-al-mondo-saranno-tutti-presenti\/#breadcrumb"},"inLanguage":"it-IT","potentialAction":[{"@type":"ReadAction","target":["https:\/\/www.monaco-tribune.com\/it\/2022\/03\/rolex-monte-carlo-masters-novak-djokovic-e-i-primi-dieci-tennisti-al-mondo-saranno-tutti-presenti\/"]}]},{"@type":"ImageObject","inLanguage":"it-IT","@id":"https:\/\/www.monaco-tribune.com\/it\/2022\/03\/rolex-monte-carlo-masters-novak-djokovic-e-i-primi-dieci-tennisti-al-mondo-saranno-tutti-presenti\/#primaryimage","url":"https:\/\/www.monaco-tribune.com\/wp-content\/uploads\/2020\/12\/novak-djokovic2.jpg","contentUrl":"https:\/\/www.monaco-tribune.com\/wp-content\/uploads\/2020\/12\/novak-djokovic2.jpg","width":1024,"height":683,"caption":"Novak Djokovic torner\u00e0 anche quest'anno (Foto Rolex Monte-Carlo Masters)"},{"@type":"BreadcrumbList","@id":"https:\/\/www.monaco-tribune.com\/it\/2022\/03\/rolex-monte-carlo-masters-novak-djokovic-e-i-primi-dieci-tennisti-al-mondo-saranno-tutti-presenti\/#breadcrumb","itemListElement":[{"@type":"ListItem","position":1,"name":"Accueil","item":"https:\/\/www.monaco-tribune.com\/it\/"},{"@type":"ListItem","position":2,"name":"Rolex Monte-Carlo Masters: Novak Djokovic e i primi dieci tennisti al mondo saranno tutti presenti"}]},{"@type":"WebSite","@id":"https:\/\/www.monaco-tribune.com\/it\/#website","url":"https:\/\/www.monaco-tribune.com\/it\/","name":"Monaco Tribune","description":"Monaco : actualit\u00e9s \u00e9conomiques, politiques, culturelles et sportives de Monaco et de la French Riviera.","publisher":{"@id":"https:\/\/www.monaco-tribune.com\/it\/#organization"},"potentialAction":[{"@type":"SearchAction","target":{"@type":"EntryPoint","urlTemplate":"https:\/\/www.monaco-tribune.com\/it\/?s={search_term_string}"},"query-input":{"@type":"PropertyValueSpecification","valueRequired":true,"valueName":"search_term_string"}}],"inLanguage":"it-IT"},{"@type":"Organization","@id":"https:\/\/www.monaco-tribune.com\/it\/#organization","name":"Monaco Tribune","url":"https:\/\/www.monaco-tribune.com\/it\/","logo":{"@type":"ImageObject","inLanguage":"it-IT","@id":"https:\/\/www.monaco-tribune.com\/it\/#\/schema\/logo\/image\/","url":"https:\/\/www.monaco-tribune.com\/wp-content\/uploads\/2022\/11\/logo-monaco-tribune.png","contentUrl":"https:\/\/www.monaco-tribune.com\/wp-content\/uploads\/2022\/11\/logo-monaco-tribune.png","width":1548,"height":600,"caption":"Monaco Tribune"},"image":{"@id":"https:\/\/www.monaco-tribune.com\/it\/#\/schema\/logo\/image\/"},"sameAs":["https:\/\/www.facebook.com\/MonacoTribune","https:\/\/x.com\/MonacoTribune","https:\/\/www.instagram.com\/monacotribune\/","https:\/\/www.linkedin.com\/company\/monaco-tribune","https:\/\/www.youtube.com\/channel\/UCHle1MnG6hw1y4lWKijVbMA"]},{"@type":"Person","@id":"https:\/\/www.monaco-tribune.com\/it\/#\/schema\/person\/330a3732947cf8cb41b2533a0eadd62e","name":"Romain Boisaubert","image":{"@type":"ImageObject","inLanguage":"it-IT","@id":"https:\/\/secure.gravatar.com\/avatar\/f8b90d41f1eabd1cbe4cf59e09d8db41a697d51919bf2dfe727589a24a4a4d54?s=96&d=mm&r=g","url":"https:\/\/secure.gravatar.com\/avatar\/f8b90d41f1eabd1cbe4cf59e09d8db41a697d51919bf2dfe727589a24a4a4d54?s=96&d=mm&r=g","contentUrl":"https:\/\/secure.gravatar.com\/avatar\/f8b90d41f1eabd1cbe4cf59e09d8db41a697d51919bf2dfe727589a24a4a4d54?s=96&d=mm&r=g","caption":"Romain Boisaubert"},"description":"Test bio","url":"https:\/\/www.monaco-tribune.com\/it\/author\/romain-boisaubert\/"}]}},"_links":{"self":[{"href":"https:\/\/www.monaco-tribune.com\/it\/wp-json\/wp\/v2\/posts\/114997","targetHints":{"allow":["GET"]}}],"collection":[{"href":"https:\/\/www.monaco-tribune.com\/it\/wp-json\/wp\/v2\/posts"}],"about":[{"href":"https:\/\/www.monaco-tribune.com\/it\/wp-json\/wp\/v2\/types\/post"}],"author":[{"embeddable":true,"href":"https:\/\/www.monaco-tribune.com\/it\/wp-json\/wp\/v2\/users\/24"}],"replies":[{"embeddable":true,"href":"https:\/\/www.monaco-tribune.com\/it\/wp-json\/wp\/v2\/comments?post=114997"}],"version-history":[{"count":0,"href":"https:\/\/www.monaco-tribune.com\/it\/wp-json\/wp\/v2\/posts\/114997\/revisions"}],"wp:featuredmedia":[{"embeddable":true,"href":"https:\/\/www.monaco-tribune.com\/it\/wp-json\/wp\/v2\/media\/58424"}],"wp:attachment":[{"href":"https:\/\/www.monaco-tribune.com\/it\/wp-json\/wp\/v2\/media?parent=114997"}],"wp:term":[{"taxonomy":"category","embeddable":true,"href":"https:\/\/www.monaco-tribune.com\/it\/wp-json\/wp\/v2\/categories?post=114997"},{"taxonomy":"post_tag","embeddable":true,"href":"https:\/\/www.monaco-tribune.com\/it\/wp-json\/wp\/v2\/tags?post=114997"},{"taxonomy":"sectag","embeddable":true,"href":"https:\/\/www.monaco-tribune.com\/it\/wp-json\/wp\/v2\/post_sectags?post=114997"},{"taxonomy":"format","embeddable":true,"href":"https:\/\/www.monaco-tribune.com\/it\/wp-json\/wp\/v2\/post_format?post=114997"}],"curies":[{"name":"wp","href":"https:\/\/api.w.org\/{rel}","templated":true}]}}