{"id":115080,"date":"2022-03-18T13:37:27","date_gmt":"2022-03-18T12:37:27","guid":{"rendered":"https:\/\/www.monaco-tribune.com\/2022\/03\/europa-league-as-monaco-fuori-dalla-competizione-eliminato-dal-braga\/"},"modified":"2022-03-18T13:38:23","modified_gmt":"2022-03-18T12:38:23","slug":"europa-league-as-monaco-fuori-dalla-competizione-eliminato-dal-braga","status":"publish","type":"post","link":"https:\/\/www.monaco-tribune.com\/it\/2022\/03\/europa-league-as-monaco-fuori-dalla-competizione-eliminato-dal-braga\/","title":{"rendered":"Europa League: AS Monaco fuori dalla competizione eliminato dal Braga"},"content":{"rendered":"\n<p><strong>L&#8217;AS Monaco \u00e8 stato eliminato agli ottavi di finale di Europa League dopo aver concesso un pareggio al Braga (1-1) questo gioved\u00ec sera al Louis II.<\/strong><\/p>\n\n\n\n<h2 class=\"wp-block-heading\">La partita: 1-1<\/h2>\n\n\n\n<p>C&#8217;est une immense d\u00e9ception. Alors que les Mon\u00e9gasques avaient fait de cette Ligue Europa un objectif majeur apr\u00e8s avoir loup\u00e9 la qualification en Ligue des champions en d\u00e9but de saison, les hommes de Philippe Clement ont finalement \u00e9t\u00e9 \u00e9limin\u00e9s d\u00e8s les huiti\u00e8mes de finale. Apr\u00e8s avoir perdu le match aller au Portugal (2-0), les co\u00e9quipiers d&#8217;Aur\u00e9lien Tchouam\u00e9ni n&#8217;ont pas \u00e9t\u00e9 en mesure de renverser la situation au Louis II, en conc\u00e9dant le nul face aux Portugais (1-1). <\/p>\n\n\n\n<p>Nonostante le diverse azioni durante il primo tempo, i monegaschi non sono riusciti a concretizzare e hanno lasciato che gli avversari aprissero il punteggio grazie a un tiro di Andr\u00e9 Castro parato da Alexander N\u00fcbel e messo poi a segno da Abel Ruiz (0-1, 19&#8242;). Al ritorno dagli spogliatoi, il Monaco \u00e8 ripartito in quarta, ma non \u00e8 bastato. Wissam Ben Yedder ha tentato un tiro in porta, parato da Matheus Magalhaes (50&#8242;). I rossobianchi hanno finito per spegnersi davanti alla difesa del Braga, tranne Axel Disasi che \u00e8 riuscito a salvare quantomeno l&#8217;onore con un colpo di testa su un calcio d&#8217;angolo che finisce in rete alla fine della partita (1-1, 90&#8242;). <\/p>\n\n\n\n<p>L&#8217;attenzione \u00e8 ora tutta rivolta al campionato, con il match in casa contro il Paris Saint-Germain questa domenica (ore 13:00) per una 29\u00aa giornata di Ligue 1 decisiva.<\/p>\n\n\n\n<h2 class=\"wp-block-heading\">Il giocatore: Axel Disasi, una certezza<\/h2>\n\n\n\n<p>Forte nei rilanci (88% dei passaggi riusciti) e invincibile negli scontri (5\/5), Axel Disasi ha giocato un&#8217;ottima partita in difesa nonostante il primo gol del Braga. Ma oltre a vegliare sulla retroguardia monegasca, ha segnato anche con un colpo di testa nei tempi supplementari (1-1, 90&#8242;).<\/p>\n\n\n\n<h2 class=\"wp-block-heading\">Il numero: 19<\/h2>\n\n\n\n<p>Come i tiri tentati dall&#8217;AS Monaco in questo incontro (7 verso la porta).<\/p>\n\n\n\n<h2 class=\"wp-block-heading\" id=\"h-la-frase-dobbiamo-fare-di-piu\">La frase: &#8220;Dobbiamo fare di pi\u00f9&#8221;<\/h2>\n\n\n\n<p>Axel Disasi: &#8220;Si \u00e8 giocato tutto all&#8217;andata, con quello svantaggio di due gol. Volevamo ribaltare il risultato, ma ci siamo persi troppe cose. La parentesi europea finisce qui. Ora ci concentriamo sul campionato con un match importante domenica. Sappiamo che dobbiamo fare di pi\u00f9 e daremo il massimo per regalare l&#8217;esito migliore ai nostri fan&#8221;.<\/p>\n","protected":false},"excerpt":{"rendered":"<p>L&#8217;AS Monaco \u00e8 stato eliminato agli ottavi di finale di Europa League dopo aver concesso un pareggio al Braga (1-1) [&hellip;]<\/p>\n","protected":false},"author":24,"featured_media":115052,"comment_status":"closed","ping_status":"closed","sticky":false,"template":"","format":"standard","meta":{"_acf_changed":false,"footnotes":""},"categories":[1738,1743],"tags":[3001],"post_sectags":[],"post_format":[2478],"class_list":["post-115080","post","type-post","status-publish","format-standard","has-post-thumbnail","hentry","category-notizie","category-sport-it","tag-roca-team-it","format-notizia"],"acf":[],"yoast_head":"<!-- This site is optimized with the Yoast SEO Premium plugin v26.8 (Yoast SEO v27.4) - https:\/\/yoast.com\/product\/yoast-seo-premium-wordpress\/ -->\n<title>Europa League: AS Monaco fuori dalla competizione eliminato dal Braga<\/title>\n<meta name=\"description\" content=\"L&#039;AS Monaco \u00e8 stato eliminato agli ottavi di finale di Europa League dopo aver concesso un pareggio al Braga (1-1) questo gioved\u00ec sera al Louis II. La\" \/>\n<meta name=\"robots\" content=\"index, follow, max-snippet:-1, max-image-preview:large, max-video-preview:-1\" \/>\n<link rel=\"canonical\" href=\"https:\/\/www.monaco-tribune.com\/it\/2022\/03\/europa-league-as-monaco-fuori-dalla-competizione-eliminato-dal-braga\/\" \/>\n<meta property=\"og:locale\" content=\"it_IT\" \/>\n<meta property=\"og:type\" content=\"article\" \/>\n<meta property=\"og:title\" content=\"Europa League: AS Monaco fuori dalla competizione eliminato dal Braga - Monaco Tribune\" \/>\n<meta property=\"og:description\" content=\"L&#039;AS Monaco \u00e8 stato eliminato agli ottavi di finale di Europa League dopo aver concesso un pareggio al Braga (1-1) questo gioved\u00ec sera al Louis II. La\" \/>\n<meta property=\"og:url\" content=\"https:\/\/www.monaco-tribune.com\/it\/2022\/03\/europa-league-as-monaco-fuori-dalla-competizione-eliminato-dal-braga\/\" \/>\n<meta property=\"og:site_name\" content=\"Monaco Tribune\" \/>\n<meta property=\"article:publisher\" content=\"https:\/\/www.facebook.com\/MonacoTribune\" \/>\n<meta property=\"article:published_time\" content=\"2022-03-18T12:37:27+00:00\" \/>\n<meta property=\"article:modified_time\" content=\"2022-03-18T12:38:23+00:00\" \/>\n<meta property=\"og:image\" content=\"https:\/\/www.monaco-tribune.com\/wp-content\/uploads\/2022\/03\/as-monaco.jpg\" \/>\n\t<meta property=\"og:image:width\" content=\"1160\" \/>\n\t<meta property=\"og:image:height\" content=\"650\" \/>\n\t<meta property=\"og:image:type\" content=\"image\/jpeg\" \/>\n<meta name=\"author\" content=\"Romain Boisaubert\" \/>\n<meta name=\"twitter:card\" content=\"summary_large_image\" \/>\n<meta name=\"twitter:creator\" content=\"@MonacoTribune\" \/>\n<meta name=\"twitter:site\" content=\"@MonacoTribune\" \/>\n<script type=\"application\/ld+json\" class=\"yoast-schema-graph\">{\"@context\":\"https:\\\/\\\/schema.org\",\"@graph\":[{\"@type\":\"NewsArticle\",\"@id\":\"https:\\\/\\\/www.monaco-tribune.com\\\/it\\\/2022\\\/03\\\/europa-league-as-monaco-fuori-dalla-competizione-eliminato-dal-braga\\\/#article\",\"isPartOf\":{\"@id\":\"https:\\\/\\\/www.monaco-tribune.com\\\/it\\\/2022\\\/03\\\/europa-league-as-monaco-fuori-dalla-competizione-eliminato-dal-braga\\\/\"},\"author\":{\"name\":\"Romain Boisaubert\",\"@id\":\"https:\\\/\\\/www.monaco-tribune.com\\\/it\\\/#\\\/schema\\\/person\\\/330a3732947cf8cb41b2533a0eadd62e\"},\"headline\":\"Europa League: AS Monaco fuori dalla competizione eliminato dal Braga\",\"datePublished\":\"2022-03-18T12:37:27+00:00\",\"dateModified\":\"2022-03-18T12:38:23+00:00\",\"mainEntityOfPage\":{\"@id\":\"https:\\\/\\\/www.monaco-tribune.com\\\/it\\\/2022\\\/03\\\/europa-league-as-monaco-fuori-dalla-competizione-eliminato-dal-braga\\\/\"},\"wordCount\":393,\"publisher\":{\"@id\":\"https:\\\/\\\/www.monaco-tribune.com\\\/it\\\/#organization\"},\"image\":{\"@id\":\"https:\\\/\\\/www.monaco-tribune.com\\\/it\\\/2022\\\/03\\\/europa-league-as-monaco-fuori-dalla-competizione-eliminato-dal-braga\\\/#primaryimage\"},\"thumbnailUrl\":\"https:\\\/\\\/www.monaco-tribune.com\\\/wp-content\\\/uploads\\\/2022\\\/03\\\/as-monaco.jpg\",\"keywords\":[\"Roca Team\"],\"articleSection\":[\"Notizie\",\"Sport\"],\"inLanguage\":\"it-IT\",\"copyrightYear\":\"2022\",\"copyrightHolder\":{\"@id\":\"https:\\\/\\\/www.monaco-tribune.com\\\/#organization\"}},{\"@type\":\"WebPage\",\"@id\":\"https:\\\/\\\/www.monaco-tribune.com\\\/it\\\/2022\\\/03\\\/europa-league-as-monaco-fuori-dalla-competizione-eliminato-dal-braga\\\/\",\"url\":\"https:\\\/\\\/www.monaco-tribune.com\\\/it\\\/2022\\\/03\\\/europa-league-as-monaco-fuori-dalla-competizione-eliminato-dal-braga\\\/\",\"name\":\"Europa League: AS Monaco fuori dalla competizione eliminato dal Braga\",\"isPartOf\":{\"@id\":\"https:\\\/\\\/www.monaco-tribune.com\\\/it\\\/#website\"},\"primaryImageOfPage\":{\"@id\":\"https:\\\/\\\/www.monaco-tribune.com\\\/it\\\/2022\\\/03\\\/europa-league-as-monaco-fuori-dalla-competizione-eliminato-dal-braga\\\/#primaryimage\"},\"image\":{\"@id\":\"https:\\\/\\\/www.monaco-tribune.com\\\/it\\\/2022\\\/03\\\/europa-league-as-monaco-fuori-dalla-competizione-eliminato-dal-braga\\\/#primaryimage\"},\"thumbnailUrl\":\"https:\\\/\\\/www.monaco-tribune.com\\\/wp-content\\\/uploads\\\/2022\\\/03\\\/as-monaco.jpg\",\"datePublished\":\"2022-03-18T12:37:27+00:00\",\"dateModified\":\"2022-03-18T12:38:23+00:00\",\"description\":\"L'AS Monaco \u00e8 stato eliminato agli ottavi di finale di Europa League dopo aver concesso un pareggio al Braga (1-1) questo gioved\u00ec sera al Louis II. La\",\"breadcrumb\":{\"@id\":\"https:\\\/\\\/www.monaco-tribune.com\\\/it\\\/2022\\\/03\\\/europa-league-as-monaco-fuori-dalla-competizione-eliminato-dal-braga\\\/#breadcrumb\"},\"inLanguage\":\"it-IT\",\"potentialAction\":[{\"@type\":\"ReadAction\",\"target\":[\"https:\\\/\\\/www.monaco-tribune.com\\\/it\\\/2022\\\/03\\\/europa-league-as-monaco-fuori-dalla-competizione-eliminato-dal-braga\\\/\"]}]},{\"@type\":\"ImageObject\",\"inLanguage\":\"it-IT\",\"@id\":\"https:\\\/\\\/www.monaco-tribune.com\\\/it\\\/2022\\\/03\\\/europa-league-as-monaco-fuori-dalla-competizione-eliminato-dal-braga\\\/#primaryimage\",\"url\":\"https:\\\/\\\/www.monaco-tribune.com\\\/wp-content\\\/uploads\\\/2022\\\/03\\\/as-monaco.jpg\",\"contentUrl\":\"https:\\\/\\\/www.monaco-tribune.com\\\/wp-content\\\/uploads\\\/2022\\\/03\\\/as-monaco.jpg\",\"width\":1160,\"height\":650,\"caption\":\"AS Monaco\"},{\"@type\":\"BreadcrumbList\",\"@id\":\"https:\\\/\\\/www.monaco-tribune.com\\\/it\\\/2022\\\/03\\\/europa-league-as-monaco-fuori-dalla-competizione-eliminato-dal-braga\\\/#breadcrumb\",\"itemListElement\":[{\"@type\":\"ListItem\",\"position\":1,\"name\":\"Accueil\",\"item\":\"https:\\\/\\\/www.monaco-tribune.com\\\/it\\\/\"},{\"@type\":\"ListItem\",\"position\":2,\"name\":\"Europa League: AS Monaco fuori dalla competizione eliminato dal Braga\"}]},{\"@type\":\"WebSite\",\"@id\":\"https:\\\/\\\/www.monaco-tribune.com\\\/it\\\/#website\",\"url\":\"https:\\\/\\\/www.monaco-tribune.com\\\/it\\\/\",\"name\":\"Monaco Tribune\",\"description\":\"Monaco : actualit\u00e9s \u00e9conomiques, politiques, culturelles et sportives de Monaco et de la French Riviera.\",\"publisher\":{\"@id\":\"https:\\\/\\\/www.monaco-tribune.com\\\/it\\\/#organization\"},\"potentialAction\":[{\"@type\":\"SearchAction\",\"target\":{\"@type\":\"EntryPoint\",\"urlTemplate\":\"https:\\\/\\\/www.monaco-tribune.com\\\/it\\\/?s={search_term_string}\"},\"query-input\":{\"@type\":\"PropertyValueSpecification\",\"valueRequired\":true,\"valueName\":\"search_term_string\"}}],\"inLanguage\":\"it-IT\"},{\"@type\":\"Organization\",\"@id\":\"https:\\\/\\\/www.monaco-tribune.com\\\/it\\\/#organization\",\"name\":\"Monaco Tribune\",\"url\":\"https:\\\/\\\/www.monaco-tribune.com\\\/it\\\/\",\"logo\":{\"@type\":\"ImageObject\",\"inLanguage\":\"it-IT\",\"@id\":\"https:\\\/\\\/www.monaco-tribune.com\\\/it\\\/#\\\/schema\\\/logo\\\/image\\\/\",\"url\":\"https:\\\/\\\/www.monaco-tribune.com\\\/wp-content\\\/uploads\\\/2022\\\/11\\\/logo-monaco-tribune.png\",\"contentUrl\":\"https:\\\/\\\/www.monaco-tribune.com\\\/wp-content\\\/uploads\\\/2022\\\/11\\\/logo-monaco-tribune.png\",\"width\":1548,\"height\":600,\"caption\":\"Monaco Tribune\"},\"image\":{\"@id\":\"https:\\\/\\\/www.monaco-tribune.com\\\/it\\\/#\\\/schema\\\/logo\\\/image\\\/\"},\"sameAs\":[\"https:\\\/\\\/www.facebook.com\\\/MonacoTribune\",\"https:\\\/\\\/x.com\\\/MonacoTribune\",\"https:\\\/\\\/www.instagram.com\\\/monacotribune\\\/\",\"https:\\\/\\\/www.linkedin.com\\\/company\\\/monaco-tribune\",\"https:\\\/\\\/www.youtube.com\\\/channel\\\/UCHle1MnG6hw1y4lWKijVbMA\"]},{\"@type\":\"Person\",\"@id\":\"https:\\\/\\\/www.monaco-tribune.com\\\/it\\\/#\\\/schema\\\/person\\\/330a3732947cf8cb41b2533a0eadd62e\",\"name\":\"Romain Boisaubert\",\"image\":{\"@type\":\"ImageObject\",\"inLanguage\":\"it-IT\",\"@id\":\"https:\\\/\\\/secure.gravatar.com\\\/avatar\\\/f8b90d41f1eabd1cbe4cf59e09d8db41a697d51919bf2dfe727589a24a4a4d54?s=96&d=mm&r=g\",\"url\":\"https:\\\/\\\/secure.gravatar.com\\\/avatar\\\/f8b90d41f1eabd1cbe4cf59e09d8db41a697d51919bf2dfe727589a24a4a4d54?s=96&d=mm&r=g\",\"contentUrl\":\"https:\\\/\\\/secure.gravatar.com\\\/avatar\\\/f8b90d41f1eabd1cbe4cf59e09d8db41a697d51919bf2dfe727589a24a4a4d54?s=96&d=mm&r=g\",\"caption\":\"Romain Boisaubert\"},\"description\":\"Test bio\",\"url\":\"https:\\\/\\\/www.monaco-tribune.com\\\/it\\\/author\\\/romain-boisaubert\\\/\"}]}<\/script>\n<!-- \/ Yoast SEO Premium plugin. -->","yoast_head_json":{"title":"Europa League: AS Monaco fuori dalla competizione eliminato dal Braga","description":"L'AS Monaco \u00e8 stato eliminato agli ottavi di finale di Europa League dopo aver concesso un pareggio al Braga (1-1) questo gioved\u00ec sera al Louis II. La","robots":{"index":"index","follow":"follow","max-snippet":"max-snippet:-1","max-image-preview":"max-image-preview:large","max-video-preview":"max-video-preview:-1"},"canonical":"https:\/\/www.monaco-tribune.com\/it\/2022\/03\/europa-league-as-monaco-fuori-dalla-competizione-eliminato-dal-braga\/","og_locale":"it_IT","og_type":"article","og_title":"Europa League: AS Monaco fuori dalla competizione eliminato dal Braga - Monaco Tribune","og_description":"L'AS Monaco \u00e8 stato eliminato agli ottavi di finale di Europa League dopo aver concesso un pareggio al Braga (1-1) questo gioved\u00ec sera al Louis II. La","og_url":"https:\/\/www.monaco-tribune.com\/it\/2022\/03\/europa-league-as-monaco-fuori-dalla-competizione-eliminato-dal-braga\/","og_site_name":"Monaco Tribune","article_publisher":"https:\/\/www.facebook.com\/MonacoTribune","article_published_time":"2022-03-18T12:37:27+00:00","article_modified_time":"2022-03-18T12:38:23+00:00","og_image":[{"width":1160,"height":650,"url":"https:\/\/www.monaco-tribune.com\/wp-content\/uploads\/2022\/03\/as-monaco.jpg","type":"image\/jpeg"}],"author":"Romain Boisaubert","twitter_card":"summary_large_image","twitter_creator":"@MonacoTribune","twitter_site":"@MonacoTribune","schema":{"@context":"https:\/\/schema.org","@graph":[{"@type":"NewsArticle","@id":"https:\/\/www.monaco-tribune.com\/it\/2022\/03\/europa-league-as-monaco-fuori-dalla-competizione-eliminato-dal-braga\/#article","isPartOf":{"@id":"https:\/\/www.monaco-tribune.com\/it\/2022\/03\/europa-league-as-monaco-fuori-dalla-competizione-eliminato-dal-braga\/"},"author":{"name":"Romain Boisaubert","@id":"https:\/\/www.monaco-tribune.com\/it\/#\/schema\/person\/330a3732947cf8cb41b2533a0eadd62e"},"headline":"Europa League: AS Monaco fuori dalla competizione eliminato dal Braga","datePublished":"2022-03-18T12:37:27+00:00","dateModified":"2022-03-18T12:38:23+00:00","mainEntityOfPage":{"@id":"https:\/\/www.monaco-tribune.com\/it\/2022\/03\/europa-league-as-monaco-fuori-dalla-competizione-eliminato-dal-braga\/"},"wordCount":393,"publisher":{"@id":"https:\/\/www.monaco-tribune.com\/it\/#organization"},"image":{"@id":"https:\/\/www.monaco-tribune.com\/it\/2022\/03\/europa-league-as-monaco-fuori-dalla-competizione-eliminato-dal-braga\/#primaryimage"},"thumbnailUrl":"https:\/\/www.monaco-tribune.com\/wp-content\/uploads\/2022\/03\/as-monaco.jpg","keywords":["Roca Team"],"articleSection":["Notizie","Sport"],"inLanguage":"it-IT","copyrightYear":"2022","copyrightHolder":{"@id":"https:\/\/www.monaco-tribune.com\/#organization"}},{"@type":"WebPage","@id":"https:\/\/www.monaco-tribune.com\/it\/2022\/03\/europa-league-as-monaco-fuori-dalla-competizione-eliminato-dal-braga\/","url":"https:\/\/www.monaco-tribune.com\/it\/2022\/03\/europa-league-as-monaco-fuori-dalla-competizione-eliminato-dal-braga\/","name":"Europa League: AS Monaco fuori dalla competizione eliminato dal Braga","isPartOf":{"@id":"https:\/\/www.monaco-tribune.com\/it\/#website"},"primaryImageOfPage":{"@id":"https:\/\/www.monaco-tribune.com\/it\/2022\/03\/europa-league-as-monaco-fuori-dalla-competizione-eliminato-dal-braga\/#primaryimage"},"image":{"@id":"https:\/\/www.monaco-tribune.com\/it\/2022\/03\/europa-league-as-monaco-fuori-dalla-competizione-eliminato-dal-braga\/#primaryimage"},"thumbnailUrl":"https:\/\/www.monaco-tribune.com\/wp-content\/uploads\/2022\/03\/as-monaco.jpg","datePublished":"2022-03-18T12:37:27+00:00","dateModified":"2022-03-18T12:38:23+00:00","description":"L'AS Monaco \u00e8 stato eliminato agli ottavi di finale di Europa League dopo aver concesso un pareggio al Braga (1-1) questo gioved\u00ec sera al Louis II. La","breadcrumb":{"@id":"https:\/\/www.monaco-tribune.com\/it\/2022\/03\/europa-league-as-monaco-fuori-dalla-competizione-eliminato-dal-braga\/#breadcrumb"},"inLanguage":"it-IT","potentialAction":[{"@type":"ReadAction","target":["https:\/\/www.monaco-tribune.com\/it\/2022\/03\/europa-league-as-monaco-fuori-dalla-competizione-eliminato-dal-braga\/"]}]},{"@type":"ImageObject","inLanguage":"it-IT","@id":"https:\/\/www.monaco-tribune.com\/it\/2022\/03\/europa-league-as-monaco-fuori-dalla-competizione-eliminato-dal-braga\/#primaryimage","url":"https:\/\/www.monaco-tribune.com\/wp-content\/uploads\/2022\/03\/as-monaco.jpg","contentUrl":"https:\/\/www.monaco-tribune.com\/wp-content\/uploads\/2022\/03\/as-monaco.jpg","width":1160,"height":650,"caption":"AS Monaco"},{"@type":"BreadcrumbList","@id":"https:\/\/www.monaco-tribune.com\/it\/2022\/03\/europa-league-as-monaco-fuori-dalla-competizione-eliminato-dal-braga\/#breadcrumb","itemListElement":[{"@type":"ListItem","position":1,"name":"Accueil","item":"https:\/\/www.monaco-tribune.com\/it\/"},{"@type":"ListItem","position":2,"name":"Europa League: AS Monaco fuori dalla competizione eliminato dal Braga"}]},{"@type":"WebSite","@id":"https:\/\/www.monaco-tribune.com\/it\/#website","url":"https:\/\/www.monaco-tribune.com\/it\/","name":"Monaco Tribune","description":"Monaco : actualit\u00e9s \u00e9conomiques, politiques, culturelles et sportives de Monaco et de la French Riviera.","publisher":{"@id":"https:\/\/www.monaco-tribune.com\/it\/#organization"},"potentialAction":[{"@type":"SearchAction","target":{"@type":"EntryPoint","urlTemplate":"https:\/\/www.monaco-tribune.com\/it\/?s={search_term_string}"},"query-input":{"@type":"PropertyValueSpecification","valueRequired":true,"valueName":"search_term_string"}}],"inLanguage":"it-IT"},{"@type":"Organization","@id":"https:\/\/www.monaco-tribune.com\/it\/#organization","name":"Monaco Tribune","url":"https:\/\/www.monaco-tribune.com\/it\/","logo":{"@type":"ImageObject","inLanguage":"it-IT","@id":"https:\/\/www.monaco-tribune.com\/it\/#\/schema\/logo\/image\/","url":"https:\/\/www.monaco-tribune.com\/wp-content\/uploads\/2022\/11\/logo-monaco-tribune.png","contentUrl":"https:\/\/www.monaco-tribune.com\/wp-content\/uploads\/2022\/11\/logo-monaco-tribune.png","width":1548,"height":600,"caption":"Monaco Tribune"},"image":{"@id":"https:\/\/www.monaco-tribune.com\/it\/#\/schema\/logo\/image\/"},"sameAs":["https:\/\/www.facebook.com\/MonacoTribune","https:\/\/x.com\/MonacoTribune","https:\/\/www.instagram.com\/monacotribune\/","https:\/\/www.linkedin.com\/company\/monaco-tribune","https:\/\/www.youtube.com\/channel\/UCHle1MnG6hw1y4lWKijVbMA"]},{"@type":"Person","@id":"https:\/\/www.monaco-tribune.com\/it\/#\/schema\/person\/330a3732947cf8cb41b2533a0eadd62e","name":"Romain Boisaubert","image":{"@type":"ImageObject","inLanguage":"it-IT","@id":"https:\/\/secure.gravatar.com\/avatar\/f8b90d41f1eabd1cbe4cf59e09d8db41a697d51919bf2dfe727589a24a4a4d54?s=96&d=mm&r=g","url":"https:\/\/secure.gravatar.com\/avatar\/f8b90d41f1eabd1cbe4cf59e09d8db41a697d51919bf2dfe727589a24a4a4d54?s=96&d=mm&r=g","contentUrl":"https:\/\/secure.gravatar.com\/avatar\/f8b90d41f1eabd1cbe4cf59e09d8db41a697d51919bf2dfe727589a24a4a4d54?s=96&d=mm&r=g","caption":"Romain Boisaubert"},"description":"Test bio","url":"https:\/\/www.monaco-tribune.com\/it\/author\/romain-boisaubert\/"}]}},"_links":{"self":[{"href":"https:\/\/www.monaco-tribune.com\/it\/wp-json\/wp\/v2\/posts\/115080","targetHints":{"allow":["GET"]}}],"collection":[{"href":"https:\/\/www.monaco-tribune.com\/it\/wp-json\/wp\/v2\/posts"}],"about":[{"href":"https:\/\/www.monaco-tribune.com\/it\/wp-json\/wp\/v2\/types\/post"}],"author":[{"embeddable":true,"href":"https:\/\/www.monaco-tribune.com\/it\/wp-json\/wp\/v2\/users\/24"}],"replies":[{"embeddable":true,"href":"https:\/\/www.monaco-tribune.com\/it\/wp-json\/wp\/v2\/comments?post=115080"}],"version-history":[{"count":0,"href":"https:\/\/www.monaco-tribune.com\/it\/wp-json\/wp\/v2\/posts\/115080\/revisions"}],"wp:featuredmedia":[{"embeddable":true,"href":"https:\/\/www.monaco-tribune.com\/it\/wp-json\/wp\/v2\/media\/115052"}],"wp:attachment":[{"href":"https:\/\/www.monaco-tribune.com\/it\/wp-json\/wp\/v2\/media?parent=115080"}],"wp:term":[{"taxonomy":"category","embeddable":true,"href":"https:\/\/www.monaco-tribune.com\/it\/wp-json\/wp\/v2\/categories?post=115080"},{"taxonomy":"post_tag","embeddable":true,"href":"https:\/\/www.monaco-tribune.com\/it\/wp-json\/wp\/v2\/tags?post=115080"},{"taxonomy":"sectag","embeddable":true,"href":"https:\/\/www.monaco-tribune.com\/it\/wp-json\/wp\/v2\/post_sectags?post=115080"},{"taxonomy":"format","embeddable":true,"href":"https:\/\/www.monaco-tribune.com\/it\/wp-json\/wp\/v2\/post_format?post=115080"}],"curies":[{"name":"wp","href":"https:\/\/api.w.org\/{rel}","templated":true}]}}