{"id":116098,"date":"2022-03-28T14:44:05","date_gmt":"2022-03-28T12:44:05","guid":{"rendered":"https:\/\/www.monaco-tribune.com\/2022\/03\/sosteniamo-lucraina-attraverso-larte\/"},"modified":"2022-03-28T14:44:12","modified_gmt":"2022-03-28T12:44:12","slug":"sosteniamo-lucraina-attraverso-larte","status":"publish","type":"post","link":"https:\/\/www.monaco-tribune.com\/it\/2022\/03\/sosteniamo-lucraina-attraverso-larte\/","title":{"rendered":"Sosteniamo l&#8217;Ucraina attraverso l&#8217;arte"},"content":{"rendered":"\n<p><strong>Gli incassi di diverse rappresentazione saranno totalmente versati alla Croce Rossa Monegasca.<\/strong><\/p>\n\n<p>Ogni giorno di pi\u00f9 il Principato conferma il suo sostegno nei confronti dell&#8217;Ucraina. Ora tocca alla scena artistica monegasca. Il Ballets de Monte-Carlo aveva gi\u00e0 condiviso il suo sostegno sui social, mentre il Governo del Principe ha annunciato che il 100% dei proventi delle sei rappresentazioni successive saranno versati alla Croce Rossa Monegasca, che opera senza sosta per aiutare la popolazione colpita:<\/p>\n\n<ul class=\"wp-block-list\"><li><strong>L\u2019Op\u00e9ra de Monte-Carlo \u2013 25 marzo<\/strong>&#13;\nLa prima di Wozzeck &#8211; <em><a href=\"https:\/\/www.montecarloticket.com\/0526\/fListeManifs.aspx?idstructure=0526#\">Prenotazioni<\/a><\/em><\/li><li><strong>Il Festival du Printemps des Arts di Monte-Carlo &#8211; 31 marzo &#8211; Chapiteau de Fontvieille<\/strong>&#13;\nConcerto &#8211; Orchestra Filarmonica di Radio France &#8211; <em><a href=\"https:\/\/indiv.themisweb.fr\/0526\/fChoixSeance.aspx?idstructure=0526&amp;EventId=873&amp;request=QcE+w0WHSuCzWDnDWpkYGsQqvYDsJea2aYX1GFbMARmg1J\/uZBSHfQLMfFwJTjU+NBiLtEhEimH1jVGQkYMkPcEYq2JJHEc\/nIMBeQ9ZAAQ=\">Prenotazioni<\/a><\/em><\/li><li><strong>Il Th\u00e9\u00e2tre Princesse Grace \u2013 7 aprile<\/strong>&#13;\n&#8220;Les \u00e9lucubrations d\u2019un homme soudain frapp\u00e9 par la gr\u00e2ce&#8221;, opera di Edouard Baer &#8211; <em><a href=\"https:\/\/www.montecarloticket.com\/0526\/fChoixSeance.aspx?idstructure=0526&amp;EventId=659&amp;request=QcE+w0WHSuCzWDnDWpkYGsQqvYDsJea2WCm6mMgTyAMU+aQs5GdCAHSDqie7Dh24l\/9IU2nzq9o=&amp;yymm=202204\">Prenotazioni<\/a><\/em><\/li><li><strong>L\u2019Orchestra Filarmonica di Monte-Carlo \u2013 8 aprile &#8211; Auditorium Rainier III<\/strong>&#13;\nConcerto di Maria Jo\u00e3o Pires, diretto da Kazuki Yamada &#8211; <em><a href=\"https:\/\/www.montecarloticket.com\/0526\/fChoixSeance.aspx?idstructure=0526&amp;EventId=785&amp;request=QcE+w0WHSuCzWDnDWpkYGsQqvYDsJea2JjcrCT3pR4h+HnQT4iYNRsGswmxMy0eEVVqiVkufiXVzrtV8NU4U0Q==&amp;yymm=202204\">Prenotazioni<\/a><\/em><\/li><li><strong>Il Ballets de Monte-Carlo \u2013 28 aprile &#8211; Grimaldi Forum<\/strong>&#13;\nPrima dello spettacolo &#8220;\u0152il pour \u0153il&#8221; &#8211; <em><a href=\"https:\/\/www.montecarloticket.com\/0526\/fChoixSeance.aspx?idstructure=0526&amp;EventId=890&amp;request=QcE+w0WHSuCzWDnDWpkYGsQqvYDsJea2ogSm8EUGKmA\/9dfZ6p9BUcRD92LfmJjOiFwViAjzMRE=&amp;yymm=202204\">Prenotazioni<\/a><\/em><\/li><li><strong>Il Grimaldi Forum \u2013 10 giugno<\/strong>&#13;\nSpettacolo circense e di danza My Land<\/li><\/ul>\n\n<p><strong>LEGGI ANCHE<\/strong>: <a href=\"https:\/\/www.monaco-tribune.com\/it\/2022\/03\/il-principe-alberto-ii-desidera-accogliere-i-rifugiati-ucraini-nel-principato\/\">Il Principe Alberto II desidera accogliere i rifugiati ucraini nel Principato<\/a><\/p>\n\n<p>Per quanto riguarda i musei, il Nouveau Mus\u00e9e National de Monaco ha aderito all&#8217;invio di materiale per proteggere le collezioni presenti in Ucraina. Un&#8217;iniziativa che rientra nell&#8217;ambito delle attivit\u00e0 portate avanti dal Consiglio Internazionale dei Musei (ICOM).<\/p>\n\n<p>Il comitato nazionale monegasco dell&#8217;ICOM ha gi\u00e0 firmato la dichiarazione dei comitati europei a sostegno dell&#8217;Ucraina, che mira a proteggere il patrimonio culturale ucraino durante questo conflitto armato.<\/p>\n\n<p>Infine, i Rencontres Philosophiques de Monaco organizzano una serata di solidariet\u00e0 nei confronti del popolo ucraino luned\u00ec 28 marzo presso la Maison de l&#8217;Oc\u00e9an (Parigi). Un evento che ha l&#8217;obiettivo di sostenere i ricercatori e gli studenti vittime della guerra.<\/p>\n\n<p><em>Per donare alla Croce Rossa Monegasca:<\/em><\/p>\n\n<p><strong>Con assegno bancario<\/strong>: Croce Rossa Monegasca \u2013 Ucraina \u2013 27 bd de Suisse \u2013 98000 Monaco.<\/p>\n\n<p><strong>Online<\/strong>: sul <a href=\"https:\/\/www.croix-rouge.mc\/faire-un-don\/\">sito ufficiale della Croce Rossa Monegasca<\/a>.<\/p>\n","protected":false},"excerpt":{"rendered":"<p>Gli incassi di diverse rappresentazione saranno totalmente versati alla Croce Rossa Monegasca. Ogni giorno di pi\u00f9 il Principato conferma il [&hellip;]<\/p>\n","protected":false},"author":60,"featured_media":116048,"comment_status":"closed","ping_status":"closed","sticky":false,"template":"","format":"standard","meta":{"_acf_changed":false,"footnotes":""},"categories":[1740,1826,1738],"tags":[],"post_sectags":[],"post_format":[2477],"class_list":["post-116098","post","type-post","status-publish","format-standard","has-post-thumbnail","hentry","category-cosa-fare","category-la-nostra-scelta","category-notizie","format-info-pratiche"],"acf":[],"yoast_head":"<!-- This site is optimized with the Yoast SEO Premium plugin v26.8 (Yoast SEO v27.4) - https:\/\/yoast.com\/product\/yoast-seo-premium-wordpress\/ -->\n<title>Sosteniamo l&#039;Ucraina attraverso l&#039;arte<\/title>\n<meta name=\"description\" content=\"Gli incassi di diverse rappresentazione saranno totalmente versati alla Croce Rossa Monegasca. Ogni giorno di pi\u00f9 il Principato conferma il suo sostegno\" \/>\n<meta name=\"robots\" content=\"index, follow, max-snippet:-1, max-image-preview:large, max-video-preview:-1\" \/>\n<link rel=\"canonical\" href=\"https:\/\/www.monaco-tribune.com\/it\/2022\/03\/sosteniamo-lucraina-attraverso-larte\/\" \/>\n<meta property=\"og:locale\" content=\"it_IT\" \/>\n<meta property=\"og:type\" content=\"article\" \/>\n<meta property=\"og:title\" content=\"Sosteniamo l&#039;Ucraina attraverso l&#039;arte - Monaco Tribune\" \/>\n<meta property=\"og:description\" content=\"Gli incassi di diverse rappresentazione saranno totalmente versati alla Croce Rossa Monegasca. Ogni giorno di pi\u00f9 il Principato conferma il suo sostegno\" \/>\n<meta property=\"og:url\" content=\"https:\/\/www.monaco-tribune.com\/it\/2022\/03\/sosteniamo-lucraina-attraverso-larte\/\" \/>\n<meta property=\"og:site_name\" content=\"Monaco Tribune\" \/>\n<meta property=\"article:publisher\" content=\"https:\/\/www.facebook.com\/MonacoTribune\" \/>\n<meta property=\"article:published_time\" content=\"2022-03-28T12:44:05+00:00\" \/>\n<meta property=\"article:modified_time\" content=\"2022-03-28T12:44:12+00:00\" \/>\n<meta property=\"og:image\" content=\"https:\/\/www.monaco-tribune.com\/wp-content\/uploads\/2022\/03\/solidarite-culture-ukraine.jpeg\" \/>\n\t<meta property=\"og:image:width\" content=\"1020\" \/>\n\t<meta property=\"og:image:height\" content=\"679\" \/>\n\t<meta property=\"og:image:type\" content=\"image\/jpeg\" \/>\n<meta name=\"author\" content=\"Camille Esteve\" \/>\n<meta name=\"twitter:card\" content=\"summary_large_image\" \/>\n<meta name=\"twitter:creator\" content=\"@MonacoTribune\" \/>\n<meta name=\"twitter:site\" content=\"@MonacoTribune\" \/>\n<script type=\"application\/ld+json\" class=\"yoast-schema-graph\">{\"@context\":\"https:\\\/\\\/schema.org\",\"@graph\":[{\"@type\":\"NewsArticle\",\"@id\":\"https:\\\/\\\/www.monaco-tribune.com\\\/it\\\/2022\\\/03\\\/sosteniamo-lucraina-attraverso-larte\\\/#article\",\"isPartOf\":{\"@id\":\"https:\\\/\\\/www.monaco-tribune.com\\\/it\\\/2022\\\/03\\\/sosteniamo-lucraina-attraverso-larte\\\/\"},\"author\":{\"name\":\"Camille Esteve\",\"@id\":\"https:\\\/\\\/www.monaco-tribune.com\\\/it\\\/#\\\/schema\\\/person\\\/a855d420fff4d03637641d60b93ac62e\"},\"headline\":\"Sosteniamo l&#8217;Ucraina attraverso l&#8217;arte\",\"datePublished\":\"2022-03-28T12:44:05+00:00\",\"dateModified\":\"2022-03-28T12:44:12+00:00\",\"mainEntityOfPage\":{\"@id\":\"https:\\\/\\\/www.monaco-tribune.com\\\/it\\\/2022\\\/03\\\/sosteniamo-lucraina-attraverso-larte\\\/\"},\"wordCount\":338,\"publisher\":{\"@id\":\"https:\\\/\\\/www.monaco-tribune.com\\\/it\\\/#organization\"},\"image\":{\"@id\":\"https:\\\/\\\/www.monaco-tribune.com\\\/it\\\/2022\\\/03\\\/sosteniamo-lucraina-attraverso-larte\\\/#primaryimage\"},\"thumbnailUrl\":\"https:\\\/\\\/www.monaco-tribune.com\\\/wp-content\\\/uploads\\\/2022\\\/03\\\/solidarite-culture-ukraine.jpeg\",\"articleSection\":[\"Cosa fare\",\"La nostra scelta\",\"Notizie\"],\"inLanguage\":\"it-IT\",\"copyrightYear\":\"2022\",\"copyrightHolder\":{\"@id\":\"https:\\\/\\\/www.monaco-tribune.com\\\/#organization\"}},{\"@type\":\"WebPage\",\"@id\":\"https:\\\/\\\/www.monaco-tribune.com\\\/it\\\/2022\\\/03\\\/sosteniamo-lucraina-attraverso-larte\\\/\",\"url\":\"https:\\\/\\\/www.monaco-tribune.com\\\/it\\\/2022\\\/03\\\/sosteniamo-lucraina-attraverso-larte\\\/\",\"name\":\"Sosteniamo l'Ucraina attraverso l'arte\",\"isPartOf\":{\"@id\":\"https:\\\/\\\/www.monaco-tribune.com\\\/it\\\/#website\"},\"primaryImageOfPage\":{\"@id\":\"https:\\\/\\\/www.monaco-tribune.com\\\/it\\\/2022\\\/03\\\/sosteniamo-lucraina-attraverso-larte\\\/#primaryimage\"},\"image\":{\"@id\":\"https:\\\/\\\/www.monaco-tribune.com\\\/it\\\/2022\\\/03\\\/sosteniamo-lucraina-attraverso-larte\\\/#primaryimage\"},\"thumbnailUrl\":\"https:\\\/\\\/www.monaco-tribune.com\\\/wp-content\\\/uploads\\\/2022\\\/03\\\/solidarite-culture-ukraine.jpeg\",\"datePublished\":\"2022-03-28T12:44:05+00:00\",\"dateModified\":\"2022-03-28T12:44:12+00:00\",\"description\":\"Gli incassi di diverse rappresentazione saranno totalmente versati alla Croce Rossa Monegasca. Ogni giorno di pi\u00f9 il Principato conferma il suo sostegno\",\"breadcrumb\":{\"@id\":\"https:\\\/\\\/www.monaco-tribune.com\\\/it\\\/2022\\\/03\\\/sosteniamo-lucraina-attraverso-larte\\\/#breadcrumb\"},\"inLanguage\":\"it-IT\",\"potentialAction\":[{\"@type\":\"ReadAction\",\"target\":[\"https:\\\/\\\/www.monaco-tribune.com\\\/it\\\/2022\\\/03\\\/sosteniamo-lucraina-attraverso-larte\\\/\"]}]},{\"@type\":\"ImageObject\",\"inLanguage\":\"it-IT\",\"@id\":\"https:\\\/\\\/www.monaco-tribune.com\\\/it\\\/2022\\\/03\\\/sosteniamo-lucraina-attraverso-larte\\\/#primaryimage\",\"url\":\"https:\\\/\\\/www.monaco-tribune.com\\\/wp-content\\\/uploads\\\/2022\\\/03\\\/solidarite-culture-ukraine.jpeg\",\"contentUrl\":\"https:\\\/\\\/www.monaco-tribune.com\\\/wp-content\\\/uploads\\\/2022\\\/03\\\/solidarite-culture-ukraine.jpeg\",\"width\":1020,\"height\":679,\"caption\":\"C. Abramowitz \\\/ RF\"},{\"@type\":\"BreadcrumbList\",\"@id\":\"https:\\\/\\\/www.monaco-tribune.com\\\/it\\\/2022\\\/03\\\/sosteniamo-lucraina-attraverso-larte\\\/#breadcrumb\",\"itemListElement\":[{\"@type\":\"ListItem\",\"position\":1,\"name\":\"Accueil\",\"item\":\"https:\\\/\\\/www.monaco-tribune.com\\\/it\\\/\"},{\"@type\":\"ListItem\",\"position\":2,\"name\":\"Sosteniamo l&rsquo;Ucraina attraverso l&rsquo;arte\"}]},{\"@type\":\"WebSite\",\"@id\":\"https:\\\/\\\/www.monaco-tribune.com\\\/it\\\/#website\",\"url\":\"https:\\\/\\\/www.monaco-tribune.com\\\/it\\\/\",\"name\":\"Monaco Tribune\",\"description\":\"Monaco : actualit\u00e9s \u00e9conomiques, politiques, culturelles et sportives de Monaco et de la French Riviera.\",\"publisher\":{\"@id\":\"https:\\\/\\\/www.monaco-tribune.com\\\/it\\\/#organization\"},\"potentialAction\":[{\"@type\":\"SearchAction\",\"target\":{\"@type\":\"EntryPoint\",\"urlTemplate\":\"https:\\\/\\\/www.monaco-tribune.com\\\/it\\\/?s={search_term_string}\"},\"query-input\":{\"@type\":\"PropertyValueSpecification\",\"valueRequired\":true,\"valueName\":\"search_term_string\"}}],\"inLanguage\":\"it-IT\"},{\"@type\":\"Organization\",\"@id\":\"https:\\\/\\\/www.monaco-tribune.com\\\/it\\\/#organization\",\"name\":\"Monaco Tribune\",\"url\":\"https:\\\/\\\/www.monaco-tribune.com\\\/it\\\/\",\"logo\":{\"@type\":\"ImageObject\",\"inLanguage\":\"it-IT\",\"@id\":\"https:\\\/\\\/www.monaco-tribune.com\\\/it\\\/#\\\/schema\\\/logo\\\/image\\\/\",\"url\":\"https:\\\/\\\/www.monaco-tribune.com\\\/wp-content\\\/uploads\\\/2022\\\/11\\\/logo-monaco-tribune.png\",\"contentUrl\":\"https:\\\/\\\/www.monaco-tribune.com\\\/wp-content\\\/uploads\\\/2022\\\/11\\\/logo-monaco-tribune.png\",\"width\":1548,\"height\":600,\"caption\":\"Monaco Tribune\"},\"image\":{\"@id\":\"https:\\\/\\\/www.monaco-tribune.com\\\/it\\\/#\\\/schema\\\/logo\\\/image\\\/\"},\"sameAs\":[\"https:\\\/\\\/www.facebook.com\\\/MonacoTribune\",\"https:\\\/\\\/x.com\\\/MonacoTribune\",\"https:\\\/\\\/www.instagram.com\\\/monacotribune\\\/\",\"https:\\\/\\\/www.linkedin.com\\\/company\\\/monaco-tribune\",\"https:\\\/\\\/www.youtube.com\\\/channel\\\/UCHle1MnG6hw1y4lWKijVbMA\"]},{\"@type\":\"Person\",\"@id\":\"https:\\\/\\\/www.monaco-tribune.com\\\/it\\\/#\\\/schema\\\/person\\\/a855d420fff4d03637641d60b93ac62e\",\"name\":\"Camille Esteve\",\"image\":{\"@type\":\"ImageObject\",\"inLanguage\":\"it-IT\",\"@id\":\"https:\\\/\\\/secure.gravatar.com\\\/avatar\\\/eaaa2355a7bb56c0018a391c20a55bf9b4690e3f493231dd850e612bfa6ce161?s=96&d=mm&r=g\",\"url\":\"https:\\\/\\\/secure.gravatar.com\\\/avatar\\\/eaaa2355a7bb56c0018a391c20a55bf9b4690e3f493231dd850e612bfa6ce161?s=96&d=mm&r=g\",\"contentUrl\":\"https:\\\/\\\/secure.gravatar.com\\\/avatar\\\/eaaa2355a7bb56c0018a391c20a55bf9b4690e3f493231dd850e612bfa6ce161?s=96&d=mm&r=g\",\"caption\":\"Camille Esteve\"},\"url\":\"https:\\\/\\\/www.monaco-tribune.com\\\/it\\\/author\\\/camilleesteve\\\/\"}]}<\/script>\n<!-- \/ Yoast SEO Premium plugin. -->","yoast_head_json":{"title":"Sosteniamo l'Ucraina attraverso l'arte","description":"Gli incassi di diverse rappresentazione saranno totalmente versati alla Croce Rossa Monegasca. Ogni giorno di pi\u00f9 il Principato conferma il suo sostegno","robots":{"index":"index","follow":"follow","max-snippet":"max-snippet:-1","max-image-preview":"max-image-preview:large","max-video-preview":"max-video-preview:-1"},"canonical":"https:\/\/www.monaco-tribune.com\/it\/2022\/03\/sosteniamo-lucraina-attraverso-larte\/","og_locale":"it_IT","og_type":"article","og_title":"Sosteniamo l'Ucraina attraverso l'arte - Monaco Tribune","og_description":"Gli incassi di diverse rappresentazione saranno totalmente versati alla Croce Rossa Monegasca. Ogni giorno di pi\u00f9 il Principato conferma il suo sostegno","og_url":"https:\/\/www.monaco-tribune.com\/it\/2022\/03\/sosteniamo-lucraina-attraverso-larte\/","og_site_name":"Monaco Tribune","article_publisher":"https:\/\/www.facebook.com\/MonacoTribune","article_published_time":"2022-03-28T12:44:05+00:00","article_modified_time":"2022-03-28T12:44:12+00:00","og_image":[{"width":1020,"height":679,"url":"https:\/\/www.monaco-tribune.com\/wp-content\/uploads\/2022\/03\/solidarite-culture-ukraine.jpeg","type":"image\/jpeg"}],"author":"Camille Esteve","twitter_card":"summary_large_image","twitter_creator":"@MonacoTribune","twitter_site":"@MonacoTribune","schema":{"@context":"https:\/\/schema.org","@graph":[{"@type":"NewsArticle","@id":"https:\/\/www.monaco-tribune.com\/it\/2022\/03\/sosteniamo-lucraina-attraverso-larte\/#article","isPartOf":{"@id":"https:\/\/www.monaco-tribune.com\/it\/2022\/03\/sosteniamo-lucraina-attraverso-larte\/"},"author":{"name":"Camille Esteve","@id":"https:\/\/www.monaco-tribune.com\/it\/#\/schema\/person\/a855d420fff4d03637641d60b93ac62e"},"headline":"Sosteniamo l&#8217;Ucraina attraverso l&#8217;arte","datePublished":"2022-03-28T12:44:05+00:00","dateModified":"2022-03-28T12:44:12+00:00","mainEntityOfPage":{"@id":"https:\/\/www.monaco-tribune.com\/it\/2022\/03\/sosteniamo-lucraina-attraverso-larte\/"},"wordCount":338,"publisher":{"@id":"https:\/\/www.monaco-tribune.com\/it\/#organization"},"image":{"@id":"https:\/\/www.monaco-tribune.com\/it\/2022\/03\/sosteniamo-lucraina-attraverso-larte\/#primaryimage"},"thumbnailUrl":"https:\/\/www.monaco-tribune.com\/wp-content\/uploads\/2022\/03\/solidarite-culture-ukraine.jpeg","articleSection":["Cosa fare","La nostra scelta","Notizie"],"inLanguage":"it-IT","copyrightYear":"2022","copyrightHolder":{"@id":"https:\/\/www.monaco-tribune.com\/#organization"}},{"@type":"WebPage","@id":"https:\/\/www.monaco-tribune.com\/it\/2022\/03\/sosteniamo-lucraina-attraverso-larte\/","url":"https:\/\/www.monaco-tribune.com\/it\/2022\/03\/sosteniamo-lucraina-attraverso-larte\/","name":"Sosteniamo l'Ucraina attraverso l'arte","isPartOf":{"@id":"https:\/\/www.monaco-tribune.com\/it\/#website"},"primaryImageOfPage":{"@id":"https:\/\/www.monaco-tribune.com\/it\/2022\/03\/sosteniamo-lucraina-attraverso-larte\/#primaryimage"},"image":{"@id":"https:\/\/www.monaco-tribune.com\/it\/2022\/03\/sosteniamo-lucraina-attraverso-larte\/#primaryimage"},"thumbnailUrl":"https:\/\/www.monaco-tribune.com\/wp-content\/uploads\/2022\/03\/solidarite-culture-ukraine.jpeg","datePublished":"2022-03-28T12:44:05+00:00","dateModified":"2022-03-28T12:44:12+00:00","description":"Gli incassi di diverse rappresentazione saranno totalmente versati alla Croce Rossa Monegasca. Ogni giorno di pi\u00f9 il Principato conferma il suo sostegno","breadcrumb":{"@id":"https:\/\/www.monaco-tribune.com\/it\/2022\/03\/sosteniamo-lucraina-attraverso-larte\/#breadcrumb"},"inLanguage":"it-IT","potentialAction":[{"@type":"ReadAction","target":["https:\/\/www.monaco-tribune.com\/it\/2022\/03\/sosteniamo-lucraina-attraverso-larte\/"]}]},{"@type":"ImageObject","inLanguage":"it-IT","@id":"https:\/\/www.monaco-tribune.com\/it\/2022\/03\/sosteniamo-lucraina-attraverso-larte\/#primaryimage","url":"https:\/\/www.monaco-tribune.com\/wp-content\/uploads\/2022\/03\/solidarite-culture-ukraine.jpeg","contentUrl":"https:\/\/www.monaco-tribune.com\/wp-content\/uploads\/2022\/03\/solidarite-culture-ukraine.jpeg","width":1020,"height":679,"caption":"C. Abramowitz \/ RF"},{"@type":"BreadcrumbList","@id":"https:\/\/www.monaco-tribune.com\/it\/2022\/03\/sosteniamo-lucraina-attraverso-larte\/#breadcrumb","itemListElement":[{"@type":"ListItem","position":1,"name":"Accueil","item":"https:\/\/www.monaco-tribune.com\/it\/"},{"@type":"ListItem","position":2,"name":"Sosteniamo l&rsquo;Ucraina attraverso l&rsquo;arte"}]},{"@type":"WebSite","@id":"https:\/\/www.monaco-tribune.com\/it\/#website","url":"https:\/\/www.monaco-tribune.com\/it\/","name":"Monaco Tribune","description":"Monaco : actualit\u00e9s \u00e9conomiques, politiques, culturelles et sportives de Monaco et de la French Riviera.","publisher":{"@id":"https:\/\/www.monaco-tribune.com\/it\/#organization"},"potentialAction":[{"@type":"SearchAction","target":{"@type":"EntryPoint","urlTemplate":"https:\/\/www.monaco-tribune.com\/it\/?s={search_term_string}"},"query-input":{"@type":"PropertyValueSpecification","valueRequired":true,"valueName":"search_term_string"}}],"inLanguage":"it-IT"},{"@type":"Organization","@id":"https:\/\/www.monaco-tribune.com\/it\/#organization","name":"Monaco Tribune","url":"https:\/\/www.monaco-tribune.com\/it\/","logo":{"@type":"ImageObject","inLanguage":"it-IT","@id":"https:\/\/www.monaco-tribune.com\/it\/#\/schema\/logo\/image\/","url":"https:\/\/www.monaco-tribune.com\/wp-content\/uploads\/2022\/11\/logo-monaco-tribune.png","contentUrl":"https:\/\/www.monaco-tribune.com\/wp-content\/uploads\/2022\/11\/logo-monaco-tribune.png","width":1548,"height":600,"caption":"Monaco Tribune"},"image":{"@id":"https:\/\/www.monaco-tribune.com\/it\/#\/schema\/logo\/image\/"},"sameAs":["https:\/\/www.facebook.com\/MonacoTribune","https:\/\/x.com\/MonacoTribune","https:\/\/www.instagram.com\/monacotribune\/","https:\/\/www.linkedin.com\/company\/monaco-tribune","https:\/\/www.youtube.com\/channel\/UCHle1MnG6hw1y4lWKijVbMA"]},{"@type":"Person","@id":"https:\/\/www.monaco-tribune.com\/it\/#\/schema\/person\/a855d420fff4d03637641d60b93ac62e","name":"Camille Esteve","image":{"@type":"ImageObject","inLanguage":"it-IT","@id":"https:\/\/secure.gravatar.com\/avatar\/eaaa2355a7bb56c0018a391c20a55bf9b4690e3f493231dd850e612bfa6ce161?s=96&d=mm&r=g","url":"https:\/\/secure.gravatar.com\/avatar\/eaaa2355a7bb56c0018a391c20a55bf9b4690e3f493231dd850e612bfa6ce161?s=96&d=mm&r=g","contentUrl":"https:\/\/secure.gravatar.com\/avatar\/eaaa2355a7bb56c0018a391c20a55bf9b4690e3f493231dd850e612bfa6ce161?s=96&d=mm&r=g","caption":"Camille Esteve"},"url":"https:\/\/www.monaco-tribune.com\/it\/author\/camilleesteve\/"}]}},"_links":{"self":[{"href":"https:\/\/www.monaco-tribune.com\/it\/wp-json\/wp\/v2\/posts\/116098","targetHints":{"allow":["GET"]}}],"collection":[{"href":"https:\/\/www.monaco-tribune.com\/it\/wp-json\/wp\/v2\/posts"}],"about":[{"href":"https:\/\/www.monaco-tribune.com\/it\/wp-json\/wp\/v2\/types\/post"}],"author":[{"embeddable":true,"href":"https:\/\/www.monaco-tribune.com\/it\/wp-json\/wp\/v2\/users\/60"}],"replies":[{"embeddable":true,"href":"https:\/\/www.monaco-tribune.com\/it\/wp-json\/wp\/v2\/comments?post=116098"}],"version-history":[{"count":0,"href":"https:\/\/www.monaco-tribune.com\/it\/wp-json\/wp\/v2\/posts\/116098\/revisions"}],"wp:featuredmedia":[{"embeddable":true,"href":"https:\/\/www.monaco-tribune.com\/it\/wp-json\/wp\/v2\/media\/116048"}],"wp:attachment":[{"href":"https:\/\/www.monaco-tribune.com\/it\/wp-json\/wp\/v2\/media?parent=116098"}],"wp:term":[{"taxonomy":"category","embeddable":true,"href":"https:\/\/www.monaco-tribune.com\/it\/wp-json\/wp\/v2\/categories?post=116098"},{"taxonomy":"post_tag","embeddable":true,"href":"https:\/\/www.monaco-tribune.com\/it\/wp-json\/wp\/v2\/tags?post=116098"},{"taxonomy":"sectag","embeddable":true,"href":"https:\/\/www.monaco-tribune.com\/it\/wp-json\/wp\/v2\/post_sectags?post=116098"},{"taxonomy":"format","embeddable":true,"href":"https:\/\/www.monaco-tribune.com\/it\/wp-json\/wp\/v2\/post_format?post=116098"}],"curies":[{"name":"wp","href":"https:\/\/api.w.org\/{rel}","templated":true}]}}