{"id":116947,"date":"2022-04-06T14:14:37","date_gmt":"2022-04-06T12:14:37","guid":{"rendered":"https:\/\/www.monaco-tribune.com\/2022\/04\/il-consiglio-nazionale-esprime-solidarieta-nei-confronti-dei-parlamentari-ucraini\/"},"modified":"2022-04-06T14:14:44","modified_gmt":"2022-04-06T12:14:44","slug":"il-consiglio-nazionale-esprime-solidarieta-nei-confronti-dei-parlamentari-ucraini","status":"publish","type":"post","link":"https:\/\/www.monaco-tribune.com\/it\/2022\/04\/il-consiglio-nazionale-esprime-solidarieta-nei-confronti-dei-parlamentari-ucraini\/","title":{"rendered":"Il Consiglio nazionale esprime solidariet\u00e0 nei confronti dei parlamentari ucraini"},"content":{"rendered":"\n<p><strong>Tre deputati ucraini si sono espressi sulla situazione drammatica che sta vivendo il loro paese da fine febbraio.<\/strong><\/p>\n\n<p>&#8220;Desidero aprire questa giornata esprimendo la nostra completa solidariet\u00e0 nei confronti della popolazione ucraina&#8221;. Cos\u00ec il Presidente del Consiglio nazionale, St\u00e9phane Valeri, ha iniziato la conferenza dei presidenti dell&#8217;Assemblea Parlamentare della Francofonia questo luned\u00ec 4 aprile.<\/p>\n\n<p>La conferenza, che termina questo marted\u00ec, riunisce 19 delegazioni e una cinquantina di partecipanti e ha come obiettivo primario quello di difendere la francofonia. Questa volta, per\u00f2, la lingua francese \u00e8 stata anche il punto di partenza per promuovere &#8220;i valori di umanit\u00e0 e libert\u00e0&#8221; in un contesto geopolitico particolarmente testo.<\/p>\n\n<p><strong>LEGGI ANCHE<\/strong>: <a href=\"https:\/\/www.monaco-tribune.com\/it\/2022\/03\/sosteniamo-lucraina-attraverso-larte\/\">Sosteniamo l\u2019Ucraina attraverso l\u2019arte<\/a><\/p>\n\n<p>In aula erano presenti due parlamentari ucraini. &#8220;Le sorti dell&#8217;Ucraina ci lasciano sconvolti e per niente indifferenti&#8221;, li rassicura St\u00e9phane Valeri, ricordando che &#8220;la francofonia affonda le sue radici in quei valori diffusi fin dai tempi dell&#8217;illuminismo da coloro che difendevano, a volte a costo dell&#8217;esilio o persino della vita, la forza dello Stato di diritto contro l&#8217;arbitrariet\u00e0 e l&#8217;assolutismo&#8221;.<\/p>\n\n<div class=\"wp-block-image\"><figure class=\"aligncenter size-full\"><img loading=\"lazy\" decoding=\"async\" width=\"1020\" height=\"680\" src=\"https:\/\/www.monaco-tribune.com\/wp-content\/uploads\/2022\/04\/parlementaires-ukraine-conseil-national.jpg\" alt=\"parlamentari-ucraina-consiglio-nazionale\" class=\"wp-image-116846\" srcset=\"https:\/\/www.monaco-tribune.com\/wp-content\/uploads\/2022\/04\/parlementaires-ukraine-conseil-national.jpg 1020w, https:\/\/www.monaco-tribune.com\/wp-content\/uploads\/2022\/04\/parlementaires-ukraine-conseil-national-450x300.jpg 450w\" sizes=\"auto, (max-width: 1020px) 100vw, 1020px\" \/><figcaption><em>Lesia Vasylenko e Alyona Shkrum erano presenti nell&#8217;emiciclo &#8211; \u00a9 Consiglio nazionale<\/em><\/figcaption><\/figure><\/div>\n\n<p>In seguito, il Presidente del Parlamento, Rouslan Stefantchouk, ha parlato in videoconferenza in diretta dalla Rada (il parlamento ucraino). I tre parlamentari hanno infine discusso ampiamente dell&#8217;invasione russa e delle drammatiche conseguenze sul loro popolo.<\/p>\n\n<div class=\"wp-block-image\"><figure class=\"aligncenter size-full\"><img loading=\"lazy\" decoding=\"async\" width=\"1020\" height=\"680\" src=\"https:\/\/www.monaco-tribune.com\/wp-content\/uploads\/2022\/04\/conseil-national-president-parlement-ukraine.jpg\" alt=\"consiglio-nazionale-presidente-parlamento-ucraina\" class=\"wp-image-116842\" srcset=\"https:\/\/www.monaco-tribune.com\/wp-content\/uploads\/2022\/04\/conseil-national-president-parlement-ukraine.jpg 1020w, https:\/\/www.monaco-tribune.com\/wp-content\/uploads\/2022\/04\/conseil-national-president-parlement-ukraine-450x300.jpg 450w\" sizes=\"auto, (max-width: 1020px) 100vw, 1020px\" \/><figcaption><em>Rouslan Stefantchouk, Presidente della Rada, era in videoconferenza &#8211; \u00a9 Consiglio nazionale<\/em><\/figcaption><\/figure><\/div>\n\n<p>A seguito di queste discussioni, St\u00e9phane Valeri ha ricordato le misure di sostegno <a href=\"https:\/\/www.monaco-tribune.com\/it\/2022\/03\/il-consiglio-nazionale-di-monaco-solidale-al-popolo-ucraino\/\">portate avanti dal Consiglio nazionale<\/a> e dal Governo del Principe. Un sostegno che si traduce soprattutto nella <a href=\"https:\/\/www.monaco-tribune.com\/it\/2022\/03\/il-principe-alberto-ii-desidera-accogliere-i-rifugiati-ucraini-nel-principato\/\">politica di accoglienza dei rifugiati ucraini<\/a> nel Principato, ma anche nel <a href=\"https:\/\/www.monaco-tribune.com\/it\/2022\/03\/ucraina-la-croce-rossa-monegasca-invita-a-donare\/\">lavoro svolto dalla Croce Rossa Monegasca<\/a>, che ha raccolto oltre 1,5 milioni di euro in aiuti umanitari destinati alle vittime del conflitto.<\/p>\n","protected":false},"excerpt":{"rendered":"<p>Tre deputati ucraini si sono espressi sulla situazione drammatica che sta vivendo il loro paese da fine febbraio. &#8220;Desidero aprire [&hellip;]<\/p>\n","protected":false},"author":60,"featured_media":116838,"comment_status":"closed","ping_status":"closed","sticky":false,"template":"","format":"standard","meta":{"_acf_changed":false,"footnotes":""},"categories":[1826,1738,1752],"tags":[],"post_sectags":[],"post_format":[2478],"class_list":["post-116947","post","type-post","status-publish","format-standard","has-post-thumbnail","hentry","category-la-nostra-scelta","category-notizie","category-societa","format-notizia"],"acf":[],"yoast_head":"<!-- This site is optimized with the Yoast SEO Premium plugin v27.5 (Yoast SEO v27.5) - https:\/\/yoast.com\/product\/yoast-seo-premium-wordpress\/ -->\n<title>Il Consiglio nazionale esprime solidariet\u00e0 nei confronti dei parlamentari ucraini<\/title>\n<meta name=\"description\" content=\"Tre deputati ucraini si sono espressi sulla situazione drammatica che sta vivendo il loro paese da fine febbraio. &quot;Desidero aprire questa giornata\" \/>\n<meta name=\"robots\" content=\"index, follow, max-snippet:-1, max-image-preview:large, max-video-preview:-1\" \/>\n<link rel=\"canonical\" href=\"https:\/\/www.monaco-tribune.com\/it\/2022\/04\/il-consiglio-nazionale-esprime-solidarieta-nei-confronti-dei-parlamentari-ucraini\/\" \/>\n<meta property=\"og:locale\" content=\"it_IT\" \/>\n<meta property=\"og:type\" content=\"article\" \/>\n<meta property=\"og:title\" content=\"Il Consiglio nazionale esprime solidariet\u00e0 nei confronti dei parlamentari ucraini - Monaco Tribune\" \/>\n<meta property=\"og:description\" content=\"Tre deputati ucraini si sono espressi sulla situazione drammatica che sta vivendo il loro paese da fine febbraio. &quot;Desidero aprire questa giornata\" \/>\n<meta property=\"og:url\" content=\"https:\/\/www.monaco-tribune.com\/it\/2022\/04\/il-consiglio-nazionale-esprime-solidarieta-nei-confronti-dei-parlamentari-ucraini\/\" \/>\n<meta property=\"og:site_name\" content=\"Monaco Tribune\" \/>\n<meta property=\"article:publisher\" content=\"https:\/\/www.facebook.com\/MonacoTribune\" \/>\n<meta property=\"article:published_time\" content=\"2022-04-06T12:14:37+00:00\" \/>\n<meta property=\"article:modified_time\" content=\"2022-04-06T12:14:44+00:00\" \/>\n<meta property=\"og:image\" content=\"https:\/\/www.monaco-tribune.com\/wp-content\/uploads\/2022\/04\/conseil-national-ukraine-parlementaires.jpg\" \/>\n\t<meta property=\"og:image:width\" content=\"1020\" \/>\n\t<meta property=\"og:image:height\" content=\"680\" \/>\n\t<meta property=\"og:image:type\" content=\"image\/jpeg\" \/>\n<meta name=\"author\" content=\"Camille Esteve\" \/>\n<meta name=\"twitter:card\" content=\"summary_large_image\" \/>\n<meta name=\"twitter:creator\" content=\"@MonacoTribune\" \/>\n<meta name=\"twitter:site\" content=\"@MonacoTribune\" \/>\n<script type=\"application\/ld+json\" class=\"yoast-schema-graph\">{\"@context\":\"https:\\\/\\\/schema.org\",\"@graph\":[{\"@type\":\"NewsArticle\",\"@id\":\"https:\\\/\\\/www.monaco-tribune.com\\\/it\\\/2022\\\/04\\\/il-consiglio-nazionale-esprime-solidarieta-nei-confronti-dei-parlamentari-ucraini\\\/#article\",\"isPartOf\":{\"@id\":\"https:\\\/\\\/www.monaco-tribune.com\\\/it\\\/2022\\\/04\\\/il-consiglio-nazionale-esprime-solidarieta-nei-confronti-dei-parlamentari-ucraini\\\/\"},\"author\":{\"name\":\"Camille Esteve\",\"@id\":\"https:\\\/\\\/www.monaco-tribune.com\\\/it\\\/#\\\/schema\\\/person\\\/a855d420fff4d03637641d60b93ac62e\"},\"headline\":\"Il Consiglio nazionale esprime solidariet\u00e0 nei confronti dei parlamentari ucraini\",\"datePublished\":\"2022-04-06T12:14:37+00:00\",\"dateModified\":\"2022-04-06T12:14:44+00:00\",\"mainEntityOfPage\":{\"@id\":\"https:\\\/\\\/www.monaco-tribune.com\\\/it\\\/2022\\\/04\\\/il-consiglio-nazionale-esprime-solidarieta-nei-confronti-dei-parlamentari-ucraini\\\/\"},\"wordCount\":310,\"publisher\":{\"@id\":\"https:\\\/\\\/www.monaco-tribune.com\\\/it\\\/#organization\"},\"image\":{\"@id\":\"https:\\\/\\\/www.monaco-tribune.com\\\/it\\\/2022\\\/04\\\/il-consiglio-nazionale-esprime-solidarieta-nei-confronti-dei-parlamentari-ucraini\\\/#primaryimage\"},\"thumbnailUrl\":\"https:\\\/\\\/www.monaco-tribune.com\\\/wp-content\\\/uploads\\\/2022\\\/04\\\/conseil-national-ukraine-parlementaires.jpg\",\"articleSection\":[\"La nostra scelta\",\"Notizie\",\"Societ\u00e0\"],\"inLanguage\":\"it-IT\",\"copyrightYear\":\"2022\",\"copyrightHolder\":{\"@id\":\"https:\\\/\\\/www.monaco-tribune.com\\\/#organization\"}},{\"@type\":\"WebPage\",\"@id\":\"https:\\\/\\\/www.monaco-tribune.com\\\/it\\\/2022\\\/04\\\/il-consiglio-nazionale-esprime-solidarieta-nei-confronti-dei-parlamentari-ucraini\\\/\",\"url\":\"https:\\\/\\\/www.monaco-tribune.com\\\/it\\\/2022\\\/04\\\/il-consiglio-nazionale-esprime-solidarieta-nei-confronti-dei-parlamentari-ucraini\\\/\",\"name\":\"Il Consiglio nazionale esprime solidariet\u00e0 nei confronti dei parlamentari ucraini\",\"isPartOf\":{\"@id\":\"https:\\\/\\\/www.monaco-tribune.com\\\/it\\\/#website\"},\"primaryImageOfPage\":{\"@id\":\"https:\\\/\\\/www.monaco-tribune.com\\\/it\\\/2022\\\/04\\\/il-consiglio-nazionale-esprime-solidarieta-nei-confronti-dei-parlamentari-ucraini\\\/#primaryimage\"},\"image\":{\"@id\":\"https:\\\/\\\/www.monaco-tribune.com\\\/it\\\/2022\\\/04\\\/il-consiglio-nazionale-esprime-solidarieta-nei-confronti-dei-parlamentari-ucraini\\\/#primaryimage\"},\"thumbnailUrl\":\"https:\\\/\\\/www.monaco-tribune.com\\\/wp-content\\\/uploads\\\/2022\\\/04\\\/conseil-national-ukraine-parlementaires.jpg\",\"datePublished\":\"2022-04-06T12:14:37+00:00\",\"dateModified\":\"2022-04-06T12:14:44+00:00\",\"description\":\"Tre deputati ucraini si sono espressi sulla situazione drammatica che sta vivendo il loro paese da fine febbraio. \\\"Desidero aprire questa giornata\",\"breadcrumb\":{\"@id\":\"https:\\\/\\\/www.monaco-tribune.com\\\/it\\\/2022\\\/04\\\/il-consiglio-nazionale-esprime-solidarieta-nei-confronti-dei-parlamentari-ucraini\\\/#breadcrumb\"},\"inLanguage\":\"it-IT\",\"potentialAction\":[{\"@type\":\"ReadAction\",\"target\":[\"https:\\\/\\\/www.monaco-tribune.com\\\/it\\\/2022\\\/04\\\/il-consiglio-nazionale-esprime-solidarieta-nei-confronti-dei-parlamentari-ucraini\\\/\"]}]},{\"@type\":\"ImageObject\",\"inLanguage\":\"it-IT\",\"@id\":\"https:\\\/\\\/www.monaco-tribune.com\\\/it\\\/2022\\\/04\\\/il-consiglio-nazionale-esprime-solidarieta-nei-confronti-dei-parlamentari-ucraini\\\/#primaryimage\",\"url\":\"https:\\\/\\\/www.monaco-tribune.com\\\/wp-content\\\/uploads\\\/2022\\\/04\\\/conseil-national-ukraine-parlementaires.jpg\",\"contentUrl\":\"https:\\\/\\\/www.monaco-tribune.com\\\/wp-content\\\/uploads\\\/2022\\\/04\\\/conseil-national-ukraine-parlementaires.jpg\",\"width\":1020,\"height\":680,\"caption\":\"Consiglio nazionale\"},{\"@type\":\"BreadcrumbList\",\"@id\":\"https:\\\/\\\/www.monaco-tribune.com\\\/it\\\/2022\\\/04\\\/il-consiglio-nazionale-esprime-solidarieta-nei-confronti-dei-parlamentari-ucraini\\\/#breadcrumb\",\"itemListElement\":[{\"@type\":\"ListItem\",\"position\":1,\"name\":\"Accueil\",\"item\":\"https:\\\/\\\/www.monaco-tribune.com\\\/it\\\/\"},{\"@type\":\"ListItem\",\"position\":2,\"name\":\"Il Consiglio nazionale esprime solidariet\u00e0 nei confronti dei parlamentari ucraini\"}]},{\"@type\":\"WebSite\",\"@id\":\"https:\\\/\\\/www.monaco-tribune.com\\\/it\\\/#website\",\"url\":\"https:\\\/\\\/www.monaco-tribune.com\\\/it\\\/\",\"name\":\"Monaco Tribune\",\"description\":\"Monaco : actualit\u00e9s \u00e9conomiques, politiques, culturelles et sportives de Monaco et de la French Riviera.\",\"publisher\":{\"@id\":\"https:\\\/\\\/www.monaco-tribune.com\\\/it\\\/#organization\"},\"potentialAction\":[{\"@type\":\"SearchAction\",\"target\":{\"@type\":\"EntryPoint\",\"urlTemplate\":\"https:\\\/\\\/www.monaco-tribune.com\\\/it\\\/?s={search_term_string}\"},\"query-input\":{\"@type\":\"PropertyValueSpecification\",\"valueRequired\":true,\"valueName\":\"search_term_string\"}}],\"inLanguage\":\"it-IT\"},{\"@type\":\"Organization\",\"@id\":\"https:\\\/\\\/www.monaco-tribune.com\\\/it\\\/#organization\",\"name\":\"Monaco Tribune\",\"url\":\"https:\\\/\\\/www.monaco-tribune.com\\\/it\\\/\",\"logo\":{\"@type\":\"ImageObject\",\"inLanguage\":\"it-IT\",\"@id\":\"https:\\\/\\\/www.monaco-tribune.com\\\/it\\\/#\\\/schema\\\/logo\\\/image\\\/\",\"url\":\"https:\\\/\\\/www.monaco-tribune.com\\\/wp-content\\\/uploads\\\/2022\\\/11\\\/logo-monaco-tribune.png\",\"contentUrl\":\"https:\\\/\\\/www.monaco-tribune.com\\\/wp-content\\\/uploads\\\/2022\\\/11\\\/logo-monaco-tribune.png\",\"width\":1548,\"height\":600,\"caption\":\"Monaco Tribune\"},\"image\":{\"@id\":\"https:\\\/\\\/www.monaco-tribune.com\\\/it\\\/#\\\/schema\\\/logo\\\/image\\\/\"},\"sameAs\":[\"https:\\\/\\\/www.facebook.com\\\/MonacoTribune\",\"https:\\\/\\\/x.com\\\/MonacoTribune\",\"https:\\\/\\\/www.instagram.com\\\/monacotribune\\\/\",\"https:\\\/\\\/www.linkedin.com\\\/company\\\/monaco-tribune\",\"https:\\\/\\\/www.youtube.com\\\/channel\\\/UCHle1MnG6hw1y4lWKijVbMA\"]},{\"@type\":\"Person\",\"@id\":\"https:\\\/\\\/www.monaco-tribune.com\\\/it\\\/#\\\/schema\\\/person\\\/a855d420fff4d03637641d60b93ac62e\",\"name\":\"Camille Esteve\",\"image\":{\"@type\":\"ImageObject\",\"inLanguage\":\"it-IT\",\"@id\":\"https:\\\/\\\/secure.gravatar.com\\\/avatar\\\/eaaa2355a7bb56c0018a391c20a55bf9b4690e3f493231dd850e612bfa6ce161?s=96&d=mm&r=g\",\"url\":\"https:\\\/\\\/secure.gravatar.com\\\/avatar\\\/eaaa2355a7bb56c0018a391c20a55bf9b4690e3f493231dd850e612bfa6ce161?s=96&d=mm&r=g\",\"contentUrl\":\"https:\\\/\\\/secure.gravatar.com\\\/avatar\\\/eaaa2355a7bb56c0018a391c20a55bf9b4690e3f493231dd850e612bfa6ce161?s=96&d=mm&r=g\",\"caption\":\"Camille Esteve\"},\"url\":\"https:\\\/\\\/www.monaco-tribune.com\\\/it\\\/author\\\/camilleesteve\\\/\"}]}<\/script>\n<!-- \/ Yoast SEO Premium plugin. -->","yoast_head_json":{"title":"Il Consiglio nazionale esprime solidariet\u00e0 nei confronti dei parlamentari ucraini","description":"Tre deputati ucraini si sono espressi sulla situazione drammatica che sta vivendo il loro paese da fine febbraio. \"Desidero aprire questa giornata","robots":{"index":"index","follow":"follow","max-snippet":"max-snippet:-1","max-image-preview":"max-image-preview:large","max-video-preview":"max-video-preview:-1"},"canonical":"https:\/\/www.monaco-tribune.com\/it\/2022\/04\/il-consiglio-nazionale-esprime-solidarieta-nei-confronti-dei-parlamentari-ucraini\/","og_locale":"it_IT","og_type":"article","og_title":"Il Consiglio nazionale esprime solidariet\u00e0 nei confronti dei parlamentari ucraini - Monaco Tribune","og_description":"Tre deputati ucraini si sono espressi sulla situazione drammatica che sta vivendo il loro paese da fine febbraio. \"Desidero aprire questa giornata","og_url":"https:\/\/www.monaco-tribune.com\/it\/2022\/04\/il-consiglio-nazionale-esprime-solidarieta-nei-confronti-dei-parlamentari-ucraini\/","og_site_name":"Monaco Tribune","article_publisher":"https:\/\/www.facebook.com\/MonacoTribune","article_published_time":"2022-04-06T12:14:37+00:00","article_modified_time":"2022-04-06T12:14:44+00:00","og_image":[{"width":1020,"height":680,"url":"https:\/\/www.monaco-tribune.com\/wp-content\/uploads\/2022\/04\/conseil-national-ukraine-parlementaires.jpg","type":"image\/jpeg"}],"author":"Camille Esteve","twitter_card":"summary_large_image","twitter_creator":"@MonacoTribune","twitter_site":"@MonacoTribune","schema":{"@context":"https:\/\/schema.org","@graph":[{"@type":"NewsArticle","@id":"https:\/\/www.monaco-tribune.com\/it\/2022\/04\/il-consiglio-nazionale-esprime-solidarieta-nei-confronti-dei-parlamentari-ucraini\/#article","isPartOf":{"@id":"https:\/\/www.monaco-tribune.com\/it\/2022\/04\/il-consiglio-nazionale-esprime-solidarieta-nei-confronti-dei-parlamentari-ucraini\/"},"author":{"name":"Camille Esteve","@id":"https:\/\/www.monaco-tribune.com\/it\/#\/schema\/person\/a855d420fff4d03637641d60b93ac62e"},"headline":"Il Consiglio nazionale esprime solidariet\u00e0 nei confronti dei parlamentari ucraini","datePublished":"2022-04-06T12:14:37+00:00","dateModified":"2022-04-06T12:14:44+00:00","mainEntityOfPage":{"@id":"https:\/\/www.monaco-tribune.com\/it\/2022\/04\/il-consiglio-nazionale-esprime-solidarieta-nei-confronti-dei-parlamentari-ucraini\/"},"wordCount":310,"publisher":{"@id":"https:\/\/www.monaco-tribune.com\/it\/#organization"},"image":{"@id":"https:\/\/www.monaco-tribune.com\/it\/2022\/04\/il-consiglio-nazionale-esprime-solidarieta-nei-confronti-dei-parlamentari-ucraini\/#primaryimage"},"thumbnailUrl":"https:\/\/www.monaco-tribune.com\/wp-content\/uploads\/2022\/04\/conseil-national-ukraine-parlementaires.jpg","articleSection":["La nostra scelta","Notizie","Societ\u00e0"],"inLanguage":"it-IT","copyrightYear":"2022","copyrightHolder":{"@id":"https:\/\/www.monaco-tribune.com\/#organization"}},{"@type":"WebPage","@id":"https:\/\/www.monaco-tribune.com\/it\/2022\/04\/il-consiglio-nazionale-esprime-solidarieta-nei-confronti-dei-parlamentari-ucraini\/","url":"https:\/\/www.monaco-tribune.com\/it\/2022\/04\/il-consiglio-nazionale-esprime-solidarieta-nei-confronti-dei-parlamentari-ucraini\/","name":"Il Consiglio nazionale esprime solidariet\u00e0 nei confronti dei parlamentari ucraini","isPartOf":{"@id":"https:\/\/www.monaco-tribune.com\/it\/#website"},"primaryImageOfPage":{"@id":"https:\/\/www.monaco-tribune.com\/it\/2022\/04\/il-consiglio-nazionale-esprime-solidarieta-nei-confronti-dei-parlamentari-ucraini\/#primaryimage"},"image":{"@id":"https:\/\/www.monaco-tribune.com\/it\/2022\/04\/il-consiglio-nazionale-esprime-solidarieta-nei-confronti-dei-parlamentari-ucraini\/#primaryimage"},"thumbnailUrl":"https:\/\/www.monaco-tribune.com\/wp-content\/uploads\/2022\/04\/conseil-national-ukraine-parlementaires.jpg","datePublished":"2022-04-06T12:14:37+00:00","dateModified":"2022-04-06T12:14:44+00:00","description":"Tre deputati ucraini si sono espressi sulla situazione drammatica che sta vivendo il loro paese da fine febbraio. \"Desidero aprire questa giornata","breadcrumb":{"@id":"https:\/\/www.monaco-tribune.com\/it\/2022\/04\/il-consiglio-nazionale-esprime-solidarieta-nei-confronti-dei-parlamentari-ucraini\/#breadcrumb"},"inLanguage":"it-IT","potentialAction":[{"@type":"ReadAction","target":["https:\/\/www.monaco-tribune.com\/it\/2022\/04\/il-consiglio-nazionale-esprime-solidarieta-nei-confronti-dei-parlamentari-ucraini\/"]}]},{"@type":"ImageObject","inLanguage":"it-IT","@id":"https:\/\/www.monaco-tribune.com\/it\/2022\/04\/il-consiglio-nazionale-esprime-solidarieta-nei-confronti-dei-parlamentari-ucraini\/#primaryimage","url":"https:\/\/www.monaco-tribune.com\/wp-content\/uploads\/2022\/04\/conseil-national-ukraine-parlementaires.jpg","contentUrl":"https:\/\/www.monaco-tribune.com\/wp-content\/uploads\/2022\/04\/conseil-national-ukraine-parlementaires.jpg","width":1020,"height":680,"caption":"Consiglio nazionale"},{"@type":"BreadcrumbList","@id":"https:\/\/www.monaco-tribune.com\/it\/2022\/04\/il-consiglio-nazionale-esprime-solidarieta-nei-confronti-dei-parlamentari-ucraini\/#breadcrumb","itemListElement":[{"@type":"ListItem","position":1,"name":"Accueil","item":"https:\/\/www.monaco-tribune.com\/it\/"},{"@type":"ListItem","position":2,"name":"Il Consiglio nazionale esprime solidariet\u00e0 nei confronti dei parlamentari ucraini"}]},{"@type":"WebSite","@id":"https:\/\/www.monaco-tribune.com\/it\/#website","url":"https:\/\/www.monaco-tribune.com\/it\/","name":"Monaco Tribune","description":"Monaco : actualit\u00e9s \u00e9conomiques, politiques, culturelles et sportives de Monaco et de la French Riviera.","publisher":{"@id":"https:\/\/www.monaco-tribune.com\/it\/#organization"},"potentialAction":[{"@type":"SearchAction","target":{"@type":"EntryPoint","urlTemplate":"https:\/\/www.monaco-tribune.com\/it\/?s={search_term_string}"},"query-input":{"@type":"PropertyValueSpecification","valueRequired":true,"valueName":"search_term_string"}}],"inLanguage":"it-IT"},{"@type":"Organization","@id":"https:\/\/www.monaco-tribune.com\/it\/#organization","name":"Monaco Tribune","url":"https:\/\/www.monaco-tribune.com\/it\/","logo":{"@type":"ImageObject","inLanguage":"it-IT","@id":"https:\/\/www.monaco-tribune.com\/it\/#\/schema\/logo\/image\/","url":"https:\/\/www.monaco-tribune.com\/wp-content\/uploads\/2022\/11\/logo-monaco-tribune.png","contentUrl":"https:\/\/www.monaco-tribune.com\/wp-content\/uploads\/2022\/11\/logo-monaco-tribune.png","width":1548,"height":600,"caption":"Monaco Tribune"},"image":{"@id":"https:\/\/www.monaco-tribune.com\/it\/#\/schema\/logo\/image\/"},"sameAs":["https:\/\/www.facebook.com\/MonacoTribune","https:\/\/x.com\/MonacoTribune","https:\/\/www.instagram.com\/monacotribune\/","https:\/\/www.linkedin.com\/company\/monaco-tribune","https:\/\/www.youtube.com\/channel\/UCHle1MnG6hw1y4lWKijVbMA"]},{"@type":"Person","@id":"https:\/\/www.monaco-tribune.com\/it\/#\/schema\/person\/a855d420fff4d03637641d60b93ac62e","name":"Camille Esteve","image":{"@type":"ImageObject","inLanguage":"it-IT","@id":"https:\/\/secure.gravatar.com\/avatar\/eaaa2355a7bb56c0018a391c20a55bf9b4690e3f493231dd850e612bfa6ce161?s=96&d=mm&r=g","url":"https:\/\/secure.gravatar.com\/avatar\/eaaa2355a7bb56c0018a391c20a55bf9b4690e3f493231dd850e612bfa6ce161?s=96&d=mm&r=g","contentUrl":"https:\/\/secure.gravatar.com\/avatar\/eaaa2355a7bb56c0018a391c20a55bf9b4690e3f493231dd850e612bfa6ce161?s=96&d=mm&r=g","caption":"Camille Esteve"},"url":"https:\/\/www.monaco-tribune.com\/it\/author\/camilleesteve\/"}]}},"_links":{"self":[{"href":"https:\/\/www.monaco-tribune.com\/it\/wp-json\/wp\/v2\/posts\/116947","targetHints":{"allow":["GET"]}}],"collection":[{"href":"https:\/\/www.monaco-tribune.com\/it\/wp-json\/wp\/v2\/posts"}],"about":[{"href":"https:\/\/www.monaco-tribune.com\/it\/wp-json\/wp\/v2\/types\/post"}],"author":[{"embeddable":true,"href":"https:\/\/www.monaco-tribune.com\/it\/wp-json\/wp\/v2\/users\/60"}],"replies":[{"embeddable":true,"href":"https:\/\/www.monaco-tribune.com\/it\/wp-json\/wp\/v2\/comments?post=116947"}],"version-history":[{"count":0,"href":"https:\/\/www.monaco-tribune.com\/it\/wp-json\/wp\/v2\/posts\/116947\/revisions"}],"wp:featuredmedia":[{"embeddable":true,"href":"https:\/\/www.monaco-tribune.com\/it\/wp-json\/wp\/v2\/media\/116838"}],"wp:attachment":[{"href":"https:\/\/www.monaco-tribune.com\/it\/wp-json\/wp\/v2\/media?parent=116947"}],"wp:term":[{"taxonomy":"category","embeddable":true,"href":"https:\/\/www.monaco-tribune.com\/it\/wp-json\/wp\/v2\/categories?post=116947"},{"taxonomy":"post_tag","embeddable":true,"href":"https:\/\/www.monaco-tribune.com\/it\/wp-json\/wp\/v2\/tags?post=116947"},{"taxonomy":"sectag","embeddable":true,"href":"https:\/\/www.monaco-tribune.com\/it\/wp-json\/wp\/v2\/post_sectags?post=116947"},{"taxonomy":"format","embeddable":true,"href":"https:\/\/www.monaco-tribune.com\/it\/wp-json\/wp\/v2\/post_format?post=116947"}],"curies":[{"name":"wp","href":"https:\/\/api.w.org\/{rel}","templated":true}]}}