{"id":117113,"date":"2022-04-07T16:35:31","date_gmt":"2022-04-07T14:35:31","guid":{"rendered":"https:\/\/www.monaco-tribune.com\/2022\/04\/5-curiosita-sulla-mitica-jaguar-e-type-in-vendita-allasta-durante-il-gp-storico\/"},"modified":"2022-04-07T16:35:40","modified_gmt":"2022-04-07T14:35:40","slug":"5-curiosita-sulla-mitica-jaguar-e-type-in-vendita-allasta-durante-il-gp-storico","status":"publish","type":"post","link":"https:\/\/www.monaco-tribune.com\/it\/2022\/04\/5-curiosita-sulla-mitica-jaguar-e-type-in-vendita-allasta-durante-il-gp-storico\/","title":{"rendered":"5 curiosit\u00e0 sulla mitica Jaguar E-Type in vendita all&#8217;asta durante il GP Storico"},"content":{"rendered":"\n<p><strong>In occasione del Gran Premio Storico di Monaco, che si terr\u00e0 dal 13 al 15 maggio, la maison Bonhams organizerr\u00e0 una vendita all&#8217;asta. Il lotto principale? Una Jaguar E-Type 4.2 Serie 2 Cabriolet del 1970.<\/strong><\/p>\n\n<h2 class=\"has-text-align-center wp-block-heading\" id=\"h-1-elle-a-appartenu-a-steve-mcqueen\">1. \u00c8 appartenuta a Steve McQueen&#8230;<\/h2>\n\n<p>L&#8217;attore e produttore americano adorava le automobili. Pilota di corsa, si ricorda soprattutto la sua partecipazione alla 12 Ore di Sebring nel 1970, Steve McQueen amava collezionare modelli leggendari. Come non innamorarsi, quindi, di questa affascinante Jaguar E-Type Cabrio?&#13;\n&#13;\n<\/p>\n\n<p>&#8220;Pensava di riportarla negli Stati Uniti, ma alla fine ha deciso di donarla&#8221;, racconta Philip Kantor, direttore del reparto automobili della maison Bonhams responsabile dell&#8217;asta della vettura.<\/p>\n\n<h2 class=\"has-text-align-center wp-block-heading\">2. &#8230;che l&#8217;ha donata al suo chef!<\/h2>\n\n<p>&#8220;Era talmente soddisfatto del suo chef che gli propose di scegliere una delle sue automobili&#8221;, continua Philip Kantor. &#8220;Il cuoco non aveva neanche la patente!&#8221;. Dall&#8217;animo generoso, Steve McQueen ha fatto a Fredy Zurbr\u00fcgg un regalo inestimabile. All&#8217;epoca, quest&#8217;ultimo aveva appena 27 anni.<\/p>\n\n<div class=\"wp-block-image\"><figure class=\"aligncenter size-full\"><img loading=\"lazy\" decoding=\"async\" width=\"1024\" height=\"682\" src=\"https:\/\/www.monaco-tribune.com\/wp-content\/uploads\/2022\/04\/steve-mcqueen-mustang.jpg\" alt=\"\" class=\"wp-image-116736\" srcset=\"https:\/\/www.monaco-tribune.com\/wp-content\/uploads\/2022\/04\/steve-mcqueen-mustang.jpg 1024w, https:\/\/www.monaco-tribune.com\/wp-content\/uploads\/2022\/04\/steve-mcqueen-mustang-450x300.jpg 450w\" sizes=\"auto, (max-width: 1024px) 100vw, 1024px\" \/><figcaption>Steve McQueen\/\u00a9DR<\/figcaption><\/figure><\/div>\n\n<h2 class=\"has-text-align-center wp-block-heading\">3. \u00c8 apparsa nel film <em>Le Mans<\/em><\/h2>\n\n<p>\u00c8 stato proprio Steve McQueen a configurare il veicolo prima di chiedere che fosse consegnato sul set del film <em>Le Mans<\/em>, uscito nel 1971. L&#8217;auto \u00e8 stata difatti utilizzata durante le riprese per gli spostamenti dell&#8217;attore. Ma alla fine del film, la Jaguar E-Type Cabriolet non \u00e8 rientrata negli Stati Uniti con il suo proprietario. Il seguito della storia lo conosciamo gi\u00e0&#8230;<\/p>\n\n<h2 class=\"has-text-align-center wp-block-heading\">4. \u00c8 una versione unica e rara<\/h2>\n\n<p>Le frecce arancioni, caratteristiche della versione americana, sono la particolarit\u00e0 principale di questo modello d&#8217;eccezione. <em>&#8220;Pensava di riportarla negli Stati Uniti, per questo ha acquistato questa versione&#8221;.<\/em> Una vettura completamente originale, famosa anche per il passaggio da tre a due carburatori che hanno ridotto la potenza del motore da 265 a 170 cavalli.<\/p>\n\n<p><strong>LEGGI ANCHE<\/strong>: <a href=\"https:\/\/www.monaco-tribune.com\/it\/2022\/03\/al-via-la-vendita-allasta-dei-veicoli-sequestrati-a-monaco\/\">Al via la vendita all\u2019asta dei veicoli sequestrati a Monaco!<\/a><\/p>\n\n<p>La cosa interessante \u00e8 che, dopo aver trascorso 52 anni nelle mani dello chef Fredy Zurbr\u00fcgg, questa Jaguar E-Type Cabriolet conta meno di 74.000 km. Un vero gioiello ancora nel fior fiore degli anni.<\/p>\n\n<h2 class=\"has-text-align-center wp-block-heading\">5. Ha un prezzo stimato tra 250.000 e 300.000 euro<\/h2>\n\n<p>Non c&#8217;\u00e8 dubbio, l&#8217;ex bolide di Steve McQueen \u00e8 un pezzo da non lasciarsi scappare. Con un prezzo stimato tra 250.000 e 300.000 euro, ovvero dal doppio al triplo rispetto a quanto richiesto solitamente per questo modello, questa E-Type Cabriolet potrebbe raggiungere una somma da record.<\/p>\n\n<p>Come, per esempio, \u00e8 successo con la Ferrari 275 GTB\/4, altra vettura d&#8217;epoca leggendaria appartenuta a Steve McQueen, che \u00e8 stata venduta nel 2014 per 10,2 milioni di dollari, quasi sei volte di pi\u00f9 del prezzo stimato. In occasione della vendita all&#8217;asta del 2011, invece, la Porche 911 S dell&#8217;attore \u00e8 stata aggiudicata a 865.000 euro. Le leggende, d&#8217;altronde, non hanno prezzo.<\/p>\n","protected":false},"excerpt":{"rendered":"<p>In occasione del Gran Premio Storico di Monaco, che si terr\u00e0 dal 13 al 15 maggio, la maison Bonhams organizerr\u00e0 [&hellip;]<\/p>\n","protected":false},"author":24,"featured_media":116662,"comment_status":"closed","ping_status":"closed","sticky":false,"template":"","format":"standard","meta":{"_acf_changed":false,"footnotes":""},"categories":[1740,1826,1738],"tags":[],"post_sectags":[],"post_format":[2478],"class_list":["post-117113","post","type-post","status-publish","format-standard","has-post-thumbnail","hentry","category-cosa-fare","category-la-nostra-scelta","category-notizie","format-notizia"],"acf":[],"yoast_head":"<!-- This site is optimized with the Yoast SEO Premium plugin v26.8 (Yoast SEO v27.4) - https:\/\/yoast.com\/product\/yoast-seo-premium-wordpress\/ -->\n<title>5 curiosit\u00e0 sulla mitica Jaguar E-Type in vendita all&#039;asta durante il GP Storico<\/title>\n<meta name=\"description\" content=\"In occasione del Gran Premio Storico di Monaco, che si terr\u00e0 dal 13 al 15 maggio, la maison Bonhams organizerr\u00e0 una vendita all&#039;asta. Il lotto principale?\" \/>\n<meta name=\"robots\" content=\"index, follow, max-snippet:-1, max-image-preview:large, max-video-preview:-1\" \/>\n<link rel=\"canonical\" href=\"https:\/\/www.monaco-tribune.com\/it\/2022\/04\/5-curiosita-sulla-mitica-jaguar-e-type-in-vendita-allasta-durante-il-gp-storico\/\" \/>\n<meta property=\"og:locale\" content=\"it_IT\" \/>\n<meta property=\"og:type\" content=\"article\" \/>\n<meta property=\"og:title\" content=\"5 curiosit\u00e0 sulla mitica Jaguar E-Type in vendita all&#039;asta durante il GP Storico - Monaco Tribune\" \/>\n<meta property=\"og:description\" content=\"In occasione del Gran Premio Storico di Monaco, che si terr\u00e0 dal 13 al 15 maggio, la maison Bonhams organizerr\u00e0 una vendita all&#039;asta. Il lotto principale?\" \/>\n<meta property=\"og:url\" content=\"https:\/\/www.monaco-tribune.com\/it\/2022\/04\/5-curiosita-sulla-mitica-jaguar-e-type-in-vendita-allasta-durante-il-gp-storico\/\" \/>\n<meta property=\"og:site_name\" content=\"Monaco Tribune\" \/>\n<meta property=\"article:publisher\" content=\"https:\/\/www.facebook.com\/MonacoTribune\" \/>\n<meta property=\"article:published_time\" content=\"2022-04-07T14:35:31+00:00\" \/>\n<meta property=\"article:modified_time\" content=\"2022-04-07T14:35:40+00:00\" \/>\n<meta property=\"og:image\" content=\"https:\/\/www.monaco-tribune.com\/wp-content\/uploads\/2022\/04\/jaguar-type-e-min.jpg\" \/>\n\t<meta property=\"og:image:width\" content=\"1280\" \/>\n\t<meta property=\"og:image:height\" content=\"746\" \/>\n\t<meta property=\"og:image:type\" content=\"image\/jpeg\" \/>\n<meta name=\"author\" content=\"Romain Boisaubert\" \/>\n<meta name=\"twitter:card\" content=\"summary_large_image\" \/>\n<meta name=\"twitter:creator\" content=\"@MonacoTribune\" \/>\n<meta name=\"twitter:site\" content=\"@MonacoTribune\" \/>\n<script type=\"application\/ld+json\" class=\"yoast-schema-graph\">{\"@context\":\"https:\\\/\\\/schema.org\",\"@graph\":[{\"@type\":\"NewsArticle\",\"@id\":\"https:\\\/\\\/www.monaco-tribune.com\\\/it\\\/2022\\\/04\\\/5-curiosita-sulla-mitica-jaguar-e-type-in-vendita-allasta-durante-il-gp-storico\\\/#article\",\"isPartOf\":{\"@id\":\"https:\\\/\\\/www.monaco-tribune.com\\\/it\\\/2022\\\/04\\\/5-curiosita-sulla-mitica-jaguar-e-type-in-vendita-allasta-durante-il-gp-storico\\\/\"},\"author\":{\"name\":\"Romain Boisaubert\",\"@id\":\"https:\\\/\\\/www.monaco-tribune.com\\\/it\\\/#\\\/schema\\\/person\\\/330a3732947cf8cb41b2533a0eadd62e\"},\"headline\":\"5 curiosit\u00e0 sulla mitica Jaguar E-Type in vendita all&#8217;asta durante il GP Storico\",\"datePublished\":\"2022-04-07T14:35:31+00:00\",\"dateModified\":\"2022-04-07T14:35:40+00:00\",\"mainEntityOfPage\":{\"@id\":\"https:\\\/\\\/www.monaco-tribune.com\\\/it\\\/2022\\\/04\\\/5-curiosita-sulla-mitica-jaguar-e-type-in-vendita-allasta-durante-il-gp-storico\\\/\"},\"wordCount\":445,\"publisher\":{\"@id\":\"https:\\\/\\\/www.monaco-tribune.com\\\/it\\\/#organization\"},\"image\":{\"@id\":\"https:\\\/\\\/www.monaco-tribune.com\\\/it\\\/2022\\\/04\\\/5-curiosita-sulla-mitica-jaguar-e-type-in-vendita-allasta-durante-il-gp-storico\\\/#primaryimage\"},\"thumbnailUrl\":\"https:\\\/\\\/www.monaco-tribune.com\\\/wp-content\\\/uploads\\\/2022\\\/04\\\/jaguar-type-e-min.jpg\",\"articleSection\":[\"Cosa fare\",\"La nostra scelta\",\"Notizie\"],\"inLanguage\":\"it-IT\",\"copyrightYear\":\"2022\",\"copyrightHolder\":{\"@id\":\"https:\\\/\\\/www.monaco-tribune.com\\\/#organization\"}},{\"@type\":\"WebPage\",\"@id\":\"https:\\\/\\\/www.monaco-tribune.com\\\/it\\\/2022\\\/04\\\/5-curiosita-sulla-mitica-jaguar-e-type-in-vendita-allasta-durante-il-gp-storico\\\/\",\"url\":\"https:\\\/\\\/www.monaco-tribune.com\\\/it\\\/2022\\\/04\\\/5-curiosita-sulla-mitica-jaguar-e-type-in-vendita-allasta-durante-il-gp-storico\\\/\",\"name\":\"5 curiosit\u00e0 sulla mitica Jaguar E-Type in vendita all'asta durante il GP Storico\",\"isPartOf\":{\"@id\":\"https:\\\/\\\/www.monaco-tribune.com\\\/it\\\/#website\"},\"primaryImageOfPage\":{\"@id\":\"https:\\\/\\\/www.monaco-tribune.com\\\/it\\\/2022\\\/04\\\/5-curiosita-sulla-mitica-jaguar-e-type-in-vendita-allasta-durante-il-gp-storico\\\/#primaryimage\"},\"image\":{\"@id\":\"https:\\\/\\\/www.monaco-tribune.com\\\/it\\\/2022\\\/04\\\/5-curiosita-sulla-mitica-jaguar-e-type-in-vendita-allasta-durante-il-gp-storico\\\/#primaryimage\"},\"thumbnailUrl\":\"https:\\\/\\\/www.monaco-tribune.com\\\/wp-content\\\/uploads\\\/2022\\\/04\\\/jaguar-type-e-min.jpg\",\"datePublished\":\"2022-04-07T14:35:31+00:00\",\"dateModified\":\"2022-04-07T14:35:40+00:00\",\"description\":\"In occasione del Gran Premio Storico di Monaco, che si terr\u00e0 dal 13 al 15 maggio, la maison Bonhams organizerr\u00e0 una vendita all'asta. Il lotto principale?\",\"breadcrumb\":{\"@id\":\"https:\\\/\\\/www.monaco-tribune.com\\\/it\\\/2022\\\/04\\\/5-curiosita-sulla-mitica-jaguar-e-type-in-vendita-allasta-durante-il-gp-storico\\\/#breadcrumb\"},\"inLanguage\":\"it-IT\",\"potentialAction\":[{\"@type\":\"ReadAction\",\"target\":[\"https:\\\/\\\/www.monaco-tribune.com\\\/it\\\/2022\\\/04\\\/5-curiosita-sulla-mitica-jaguar-e-type-in-vendita-allasta-durante-il-gp-storico\\\/\"]}]},{\"@type\":\"ImageObject\",\"inLanguage\":\"it-IT\",\"@id\":\"https:\\\/\\\/www.monaco-tribune.com\\\/it\\\/2022\\\/04\\\/5-curiosita-sulla-mitica-jaguar-e-type-in-vendita-allasta-durante-il-gp-storico\\\/#primaryimage\",\"url\":\"https:\\\/\\\/www.monaco-tribune.com\\\/wp-content\\\/uploads\\\/2022\\\/04\\\/jaguar-type-e-min.jpg\",\"contentUrl\":\"https:\\\/\\\/www.monaco-tribune.com\\\/wp-content\\\/uploads\\\/2022\\\/04\\\/jaguar-type-e-min.jpg\",\"width\":1280,\"height\":746,\"caption\":\"Bonhams\"},{\"@type\":\"BreadcrumbList\",\"@id\":\"https:\\\/\\\/www.monaco-tribune.com\\\/it\\\/2022\\\/04\\\/5-curiosita-sulla-mitica-jaguar-e-type-in-vendita-allasta-durante-il-gp-storico\\\/#breadcrumb\",\"itemListElement\":[{\"@type\":\"ListItem\",\"position\":1,\"name\":\"Accueil\",\"item\":\"https:\\\/\\\/www.monaco-tribune.com\\\/it\\\/\"},{\"@type\":\"ListItem\",\"position\":2,\"name\":\"5 curiosit\u00e0 sulla mitica Jaguar E-Type in vendita all&rsquo;asta durante il GP Storico\"}]},{\"@type\":\"WebSite\",\"@id\":\"https:\\\/\\\/www.monaco-tribune.com\\\/it\\\/#website\",\"url\":\"https:\\\/\\\/www.monaco-tribune.com\\\/it\\\/\",\"name\":\"Monaco Tribune\",\"description\":\"Monaco : actualit\u00e9s \u00e9conomiques, politiques, culturelles et sportives de Monaco et de la French Riviera.\",\"publisher\":{\"@id\":\"https:\\\/\\\/www.monaco-tribune.com\\\/it\\\/#organization\"},\"potentialAction\":[{\"@type\":\"SearchAction\",\"target\":{\"@type\":\"EntryPoint\",\"urlTemplate\":\"https:\\\/\\\/www.monaco-tribune.com\\\/it\\\/?s={search_term_string}\"},\"query-input\":{\"@type\":\"PropertyValueSpecification\",\"valueRequired\":true,\"valueName\":\"search_term_string\"}}],\"inLanguage\":\"it-IT\"},{\"@type\":\"Organization\",\"@id\":\"https:\\\/\\\/www.monaco-tribune.com\\\/it\\\/#organization\",\"name\":\"Monaco Tribune\",\"url\":\"https:\\\/\\\/www.monaco-tribune.com\\\/it\\\/\",\"logo\":{\"@type\":\"ImageObject\",\"inLanguage\":\"it-IT\",\"@id\":\"https:\\\/\\\/www.monaco-tribune.com\\\/it\\\/#\\\/schema\\\/logo\\\/image\\\/\",\"url\":\"https:\\\/\\\/www.monaco-tribune.com\\\/wp-content\\\/uploads\\\/2022\\\/11\\\/logo-monaco-tribune.png\",\"contentUrl\":\"https:\\\/\\\/www.monaco-tribune.com\\\/wp-content\\\/uploads\\\/2022\\\/11\\\/logo-monaco-tribune.png\",\"width\":1548,\"height\":600,\"caption\":\"Monaco Tribune\"},\"image\":{\"@id\":\"https:\\\/\\\/www.monaco-tribune.com\\\/it\\\/#\\\/schema\\\/logo\\\/image\\\/\"},\"sameAs\":[\"https:\\\/\\\/www.facebook.com\\\/MonacoTribune\",\"https:\\\/\\\/x.com\\\/MonacoTribune\",\"https:\\\/\\\/www.instagram.com\\\/monacotribune\\\/\",\"https:\\\/\\\/www.linkedin.com\\\/company\\\/monaco-tribune\",\"https:\\\/\\\/www.youtube.com\\\/channel\\\/UCHle1MnG6hw1y4lWKijVbMA\"]},{\"@type\":\"Person\",\"@id\":\"https:\\\/\\\/www.monaco-tribune.com\\\/it\\\/#\\\/schema\\\/person\\\/330a3732947cf8cb41b2533a0eadd62e\",\"name\":\"Romain Boisaubert\",\"image\":{\"@type\":\"ImageObject\",\"inLanguage\":\"it-IT\",\"@id\":\"https:\\\/\\\/secure.gravatar.com\\\/avatar\\\/f8b90d41f1eabd1cbe4cf59e09d8db41a697d51919bf2dfe727589a24a4a4d54?s=96&d=mm&r=g\",\"url\":\"https:\\\/\\\/secure.gravatar.com\\\/avatar\\\/f8b90d41f1eabd1cbe4cf59e09d8db41a697d51919bf2dfe727589a24a4a4d54?s=96&d=mm&r=g\",\"contentUrl\":\"https:\\\/\\\/secure.gravatar.com\\\/avatar\\\/f8b90d41f1eabd1cbe4cf59e09d8db41a697d51919bf2dfe727589a24a4a4d54?s=96&d=mm&r=g\",\"caption\":\"Romain Boisaubert\"},\"description\":\"Test bio\",\"url\":\"https:\\\/\\\/www.monaco-tribune.com\\\/it\\\/author\\\/romain-boisaubert\\\/\"}]}<\/script>\n<!-- \/ Yoast SEO Premium plugin. -->","yoast_head_json":{"title":"5 curiosit\u00e0 sulla mitica Jaguar E-Type in vendita all'asta durante il GP Storico","description":"In occasione del Gran Premio Storico di Monaco, che si terr\u00e0 dal 13 al 15 maggio, la maison Bonhams organizerr\u00e0 una vendita all'asta. Il lotto principale?","robots":{"index":"index","follow":"follow","max-snippet":"max-snippet:-1","max-image-preview":"max-image-preview:large","max-video-preview":"max-video-preview:-1"},"canonical":"https:\/\/www.monaco-tribune.com\/it\/2022\/04\/5-curiosita-sulla-mitica-jaguar-e-type-in-vendita-allasta-durante-il-gp-storico\/","og_locale":"it_IT","og_type":"article","og_title":"5 curiosit\u00e0 sulla mitica Jaguar E-Type in vendita all'asta durante il GP Storico - Monaco Tribune","og_description":"In occasione del Gran Premio Storico di Monaco, che si terr\u00e0 dal 13 al 15 maggio, la maison Bonhams organizerr\u00e0 una vendita all'asta. Il lotto principale?","og_url":"https:\/\/www.monaco-tribune.com\/it\/2022\/04\/5-curiosita-sulla-mitica-jaguar-e-type-in-vendita-allasta-durante-il-gp-storico\/","og_site_name":"Monaco Tribune","article_publisher":"https:\/\/www.facebook.com\/MonacoTribune","article_published_time":"2022-04-07T14:35:31+00:00","article_modified_time":"2022-04-07T14:35:40+00:00","og_image":[{"width":1280,"height":746,"url":"https:\/\/www.monaco-tribune.com\/wp-content\/uploads\/2022\/04\/jaguar-type-e-min.jpg","type":"image\/jpeg"}],"author":"Romain Boisaubert","twitter_card":"summary_large_image","twitter_creator":"@MonacoTribune","twitter_site":"@MonacoTribune","schema":{"@context":"https:\/\/schema.org","@graph":[{"@type":"NewsArticle","@id":"https:\/\/www.monaco-tribune.com\/it\/2022\/04\/5-curiosita-sulla-mitica-jaguar-e-type-in-vendita-allasta-durante-il-gp-storico\/#article","isPartOf":{"@id":"https:\/\/www.monaco-tribune.com\/it\/2022\/04\/5-curiosita-sulla-mitica-jaguar-e-type-in-vendita-allasta-durante-il-gp-storico\/"},"author":{"name":"Romain Boisaubert","@id":"https:\/\/www.monaco-tribune.com\/it\/#\/schema\/person\/330a3732947cf8cb41b2533a0eadd62e"},"headline":"5 curiosit\u00e0 sulla mitica Jaguar E-Type in vendita all&#8217;asta durante il GP Storico","datePublished":"2022-04-07T14:35:31+00:00","dateModified":"2022-04-07T14:35:40+00:00","mainEntityOfPage":{"@id":"https:\/\/www.monaco-tribune.com\/it\/2022\/04\/5-curiosita-sulla-mitica-jaguar-e-type-in-vendita-allasta-durante-il-gp-storico\/"},"wordCount":445,"publisher":{"@id":"https:\/\/www.monaco-tribune.com\/it\/#organization"},"image":{"@id":"https:\/\/www.monaco-tribune.com\/it\/2022\/04\/5-curiosita-sulla-mitica-jaguar-e-type-in-vendita-allasta-durante-il-gp-storico\/#primaryimage"},"thumbnailUrl":"https:\/\/www.monaco-tribune.com\/wp-content\/uploads\/2022\/04\/jaguar-type-e-min.jpg","articleSection":["Cosa fare","La nostra scelta","Notizie"],"inLanguage":"it-IT","copyrightYear":"2022","copyrightHolder":{"@id":"https:\/\/www.monaco-tribune.com\/#organization"}},{"@type":"WebPage","@id":"https:\/\/www.monaco-tribune.com\/it\/2022\/04\/5-curiosita-sulla-mitica-jaguar-e-type-in-vendita-allasta-durante-il-gp-storico\/","url":"https:\/\/www.monaco-tribune.com\/it\/2022\/04\/5-curiosita-sulla-mitica-jaguar-e-type-in-vendita-allasta-durante-il-gp-storico\/","name":"5 curiosit\u00e0 sulla mitica Jaguar E-Type in vendita all'asta durante il GP Storico","isPartOf":{"@id":"https:\/\/www.monaco-tribune.com\/it\/#website"},"primaryImageOfPage":{"@id":"https:\/\/www.monaco-tribune.com\/it\/2022\/04\/5-curiosita-sulla-mitica-jaguar-e-type-in-vendita-allasta-durante-il-gp-storico\/#primaryimage"},"image":{"@id":"https:\/\/www.monaco-tribune.com\/it\/2022\/04\/5-curiosita-sulla-mitica-jaguar-e-type-in-vendita-allasta-durante-il-gp-storico\/#primaryimage"},"thumbnailUrl":"https:\/\/www.monaco-tribune.com\/wp-content\/uploads\/2022\/04\/jaguar-type-e-min.jpg","datePublished":"2022-04-07T14:35:31+00:00","dateModified":"2022-04-07T14:35:40+00:00","description":"In occasione del Gran Premio Storico di Monaco, che si terr\u00e0 dal 13 al 15 maggio, la maison Bonhams organizerr\u00e0 una vendita all'asta. Il lotto principale?","breadcrumb":{"@id":"https:\/\/www.monaco-tribune.com\/it\/2022\/04\/5-curiosita-sulla-mitica-jaguar-e-type-in-vendita-allasta-durante-il-gp-storico\/#breadcrumb"},"inLanguage":"it-IT","potentialAction":[{"@type":"ReadAction","target":["https:\/\/www.monaco-tribune.com\/it\/2022\/04\/5-curiosita-sulla-mitica-jaguar-e-type-in-vendita-allasta-durante-il-gp-storico\/"]}]},{"@type":"ImageObject","inLanguage":"it-IT","@id":"https:\/\/www.monaco-tribune.com\/it\/2022\/04\/5-curiosita-sulla-mitica-jaguar-e-type-in-vendita-allasta-durante-il-gp-storico\/#primaryimage","url":"https:\/\/www.monaco-tribune.com\/wp-content\/uploads\/2022\/04\/jaguar-type-e-min.jpg","contentUrl":"https:\/\/www.monaco-tribune.com\/wp-content\/uploads\/2022\/04\/jaguar-type-e-min.jpg","width":1280,"height":746,"caption":"Bonhams"},{"@type":"BreadcrumbList","@id":"https:\/\/www.monaco-tribune.com\/it\/2022\/04\/5-curiosita-sulla-mitica-jaguar-e-type-in-vendita-allasta-durante-il-gp-storico\/#breadcrumb","itemListElement":[{"@type":"ListItem","position":1,"name":"Accueil","item":"https:\/\/www.monaco-tribune.com\/it\/"},{"@type":"ListItem","position":2,"name":"5 curiosit\u00e0 sulla mitica Jaguar E-Type in vendita all&rsquo;asta durante il GP Storico"}]},{"@type":"WebSite","@id":"https:\/\/www.monaco-tribune.com\/it\/#website","url":"https:\/\/www.monaco-tribune.com\/it\/","name":"Monaco Tribune","description":"Monaco : actualit\u00e9s \u00e9conomiques, politiques, culturelles et sportives de Monaco et de la French Riviera.","publisher":{"@id":"https:\/\/www.monaco-tribune.com\/it\/#organization"},"potentialAction":[{"@type":"SearchAction","target":{"@type":"EntryPoint","urlTemplate":"https:\/\/www.monaco-tribune.com\/it\/?s={search_term_string}"},"query-input":{"@type":"PropertyValueSpecification","valueRequired":true,"valueName":"search_term_string"}}],"inLanguage":"it-IT"},{"@type":"Organization","@id":"https:\/\/www.monaco-tribune.com\/it\/#organization","name":"Monaco Tribune","url":"https:\/\/www.monaco-tribune.com\/it\/","logo":{"@type":"ImageObject","inLanguage":"it-IT","@id":"https:\/\/www.monaco-tribune.com\/it\/#\/schema\/logo\/image\/","url":"https:\/\/www.monaco-tribune.com\/wp-content\/uploads\/2022\/11\/logo-monaco-tribune.png","contentUrl":"https:\/\/www.monaco-tribune.com\/wp-content\/uploads\/2022\/11\/logo-monaco-tribune.png","width":1548,"height":600,"caption":"Monaco Tribune"},"image":{"@id":"https:\/\/www.monaco-tribune.com\/it\/#\/schema\/logo\/image\/"},"sameAs":["https:\/\/www.facebook.com\/MonacoTribune","https:\/\/x.com\/MonacoTribune","https:\/\/www.instagram.com\/monacotribune\/","https:\/\/www.linkedin.com\/company\/monaco-tribune","https:\/\/www.youtube.com\/channel\/UCHle1MnG6hw1y4lWKijVbMA"]},{"@type":"Person","@id":"https:\/\/www.monaco-tribune.com\/it\/#\/schema\/person\/330a3732947cf8cb41b2533a0eadd62e","name":"Romain Boisaubert","image":{"@type":"ImageObject","inLanguage":"it-IT","@id":"https:\/\/secure.gravatar.com\/avatar\/f8b90d41f1eabd1cbe4cf59e09d8db41a697d51919bf2dfe727589a24a4a4d54?s=96&d=mm&r=g","url":"https:\/\/secure.gravatar.com\/avatar\/f8b90d41f1eabd1cbe4cf59e09d8db41a697d51919bf2dfe727589a24a4a4d54?s=96&d=mm&r=g","contentUrl":"https:\/\/secure.gravatar.com\/avatar\/f8b90d41f1eabd1cbe4cf59e09d8db41a697d51919bf2dfe727589a24a4a4d54?s=96&d=mm&r=g","caption":"Romain Boisaubert"},"description":"Test bio","url":"https:\/\/www.monaco-tribune.com\/it\/author\/romain-boisaubert\/"}]}},"_links":{"self":[{"href":"https:\/\/www.monaco-tribune.com\/it\/wp-json\/wp\/v2\/posts\/117113","targetHints":{"allow":["GET"]}}],"collection":[{"href":"https:\/\/www.monaco-tribune.com\/it\/wp-json\/wp\/v2\/posts"}],"about":[{"href":"https:\/\/www.monaco-tribune.com\/it\/wp-json\/wp\/v2\/types\/post"}],"author":[{"embeddable":true,"href":"https:\/\/www.monaco-tribune.com\/it\/wp-json\/wp\/v2\/users\/24"}],"replies":[{"embeddable":true,"href":"https:\/\/www.monaco-tribune.com\/it\/wp-json\/wp\/v2\/comments?post=117113"}],"version-history":[{"count":0,"href":"https:\/\/www.monaco-tribune.com\/it\/wp-json\/wp\/v2\/posts\/117113\/revisions"}],"wp:featuredmedia":[{"embeddable":true,"href":"https:\/\/www.monaco-tribune.com\/it\/wp-json\/wp\/v2\/media\/116662"}],"wp:attachment":[{"href":"https:\/\/www.monaco-tribune.com\/it\/wp-json\/wp\/v2\/media?parent=117113"}],"wp:term":[{"taxonomy":"category","embeddable":true,"href":"https:\/\/www.monaco-tribune.com\/it\/wp-json\/wp\/v2\/categories?post=117113"},{"taxonomy":"post_tag","embeddable":true,"href":"https:\/\/www.monaco-tribune.com\/it\/wp-json\/wp\/v2\/tags?post=117113"},{"taxonomy":"sectag","embeddable":true,"href":"https:\/\/www.monaco-tribune.com\/it\/wp-json\/wp\/v2\/post_sectags?post=117113"},{"taxonomy":"format","embeddable":true,"href":"https:\/\/www.monaco-tribune.com\/it\/wp-json\/wp\/v2\/post_format?post=117113"}],"curies":[{"name":"wp","href":"https:\/\/api.w.org\/{rel}","templated":true}]}}