{"id":117133,"date":"2022-04-07T17:18:47","date_gmt":"2022-04-07T15:18:47","guid":{"rendered":"https:\/\/www.monaco-tribune.com\/2022\/04\/tornano-le-crociere-a-monaco\/"},"modified":"2022-04-07T17:46:39","modified_gmt":"2022-04-07T15:46:39","slug":"tornano-le-crociere-a-monaco","status":"publish","type":"post","link":"https:\/\/www.monaco-tribune.com\/it\/2022\/04\/tornano-le-crociere-a-monaco\/","title":{"rendered":"Tornano le crociere a Monaco"},"content":{"rendered":"\n<p><strong>Erano state bloccate a causa della pandemia da Covid-19.<\/strong><\/p>\n\n<p>Potreste avere gi\u00e0 scorto nei porti del Principato qualche imponente nave da crociere. In totale, saranno 137 le navi che attraccheranno a Monaco fino al mese di settembre dopo due anni d&#8217;interruzione.<\/p>\n\n<p>Una decisione che dovr\u00e0 sottostare a qualche regola: ora, le navi da crociera <a href=\"https:\/\/www.monaco-tribune.com\/it\/2022\/01\/dieci-grandi-novita-a-monaco-nel-2022-bus-gratuito-nazionalita-ristoranti-e-non-solo\/\">possono essere massimo di 250 m e trasportare non pi\u00f9 di 1.250 passeggeri.<\/a> Olivier Lavagna, Direttore della Societ\u00e0 di gestione portuale di Monaco (SEPM), ha parlato ai microfoni di Monaco Info: &#8220;vogliamo mirare a una clientela di categoria lusso e premium. (&#8230;) Vogliamo anche prediligere l&#8217;attracco delle navi al pontile e ridurre le rade, in modo da limitare l&#8217;impatto ambientale di questa attivit\u00e0&#8221;, spiega.<\/p>\n\n<p>Aggiunge inoltre che cercheranno di rendere Monaco il pi\u00f9 possibile il punto di partenza o di arrivo della nave, in modo che i passeggeri si imbarchino e sbarchino dalla crociera nel Principato: &#8220;quando ci si imbarca all&#8217;inizio di una crociera, generalmente si arriva sul posto la sera prima. Il turista prova cos\u00ec gli hotel e pu\u00f2 essere un modo per invogliarlo a tornare e non necessariamente per una crociera&#8221;.<\/p>\n\n<p>In effetti, l&#8217;impatto economico delle crociere \u00e8 di una certa importanza nel Principato. &#8221; Per la SEPM rappresenta il 10% del fatturato annuale, per il Principato si parla di qualche milione. Non \u00e8 una cosa da poco, \u00e8 commercio di prossimit\u00e0&#8221;, conclude.<\/p>\n","protected":false},"excerpt":{"rendered":"<p>Erano state bloccate a causa della pandemia da Covid-19. Potreste avere gi\u00e0 scorto nei porti del Principato qualche imponente nave [&hellip;]<\/p>\n","protected":false},"author":60,"featured_media":117042,"comment_status":"closed","ping_status":"closed","sticky":false,"template":"","format":"standard","meta":{"_acf_changed":false,"footnotes":""},"categories":[1739,1826,1738],"tags":[2859],"post_sectags":[],"post_format":[2478],"class_list":["post-117133","post","type-post","status-publish","format-standard","has-post-thumbnail","hentry","category-business-it","category-la-nostra-scelta","category-notizie","tag-trasporto","format-notizia"],"acf":[],"yoast_head":"<!-- This site is optimized with the Yoast SEO Premium plugin v26.8 (Yoast SEO v27.4) - https:\/\/yoast.com\/product\/yoast-seo-premium-wordpress\/ -->\n<title>Tornano le crociere a Monaco<\/title>\n<meta name=\"description\" content=\"Erano state bloccate a causa della pandemia da Covid-19. Potreste avere gi\u00e0 scorto nei porti del Principato qualche imponente nave da crociere. In totale,\" \/>\n<meta name=\"robots\" content=\"index, follow, max-snippet:-1, max-image-preview:large, max-video-preview:-1\" \/>\n<link rel=\"canonical\" href=\"https:\/\/www.monaco-tribune.com\/it\/2022\/04\/tornano-le-crociere-a-monaco\/\" \/>\n<meta property=\"og:locale\" content=\"it_IT\" \/>\n<meta property=\"og:type\" content=\"article\" \/>\n<meta property=\"og:title\" content=\"Tornano le crociere a Monaco - Monaco Tribune\" \/>\n<meta property=\"og:description\" content=\"Erano state bloccate a causa della pandemia da Covid-19. Potreste avere gi\u00e0 scorto nei porti del Principato qualche imponente nave da crociere. In totale,\" \/>\n<meta property=\"og:url\" content=\"https:\/\/www.monaco-tribune.com\/it\/2022\/04\/tornano-le-crociere-a-monaco\/\" \/>\n<meta property=\"og:site_name\" content=\"Monaco Tribune\" \/>\n<meta property=\"article:publisher\" content=\"https:\/\/www.facebook.com\/MonacoTribune\" \/>\n<meta property=\"article:published_time\" content=\"2022-04-07T15:18:47+00:00\" \/>\n<meta property=\"article:modified_time\" content=\"2022-04-07T15:46:39+00:00\" \/>\n<meta property=\"og:image\" content=\"https:\/\/www.monaco-tribune.com\/wp-content\/uploads\/2022\/04\/monaco-croisiere.jpeg\" \/>\n\t<meta property=\"og:image:width\" content=\"1020\" \/>\n\t<meta property=\"og:image:height\" content=\"680\" \/>\n\t<meta property=\"og:image:type\" content=\"image\/jpeg\" \/>\n<meta name=\"author\" content=\"Camille Esteve\" \/>\n<meta name=\"twitter:card\" content=\"summary_large_image\" \/>\n<meta name=\"twitter:creator\" content=\"@MonacoTribune\" \/>\n<meta name=\"twitter:site\" content=\"@MonacoTribune\" \/>\n<script type=\"application\/ld+json\" class=\"yoast-schema-graph\">{\"@context\":\"https:\\\/\\\/schema.org\",\"@graph\":[{\"@type\":\"NewsArticle\",\"@id\":\"https:\\\/\\\/www.monaco-tribune.com\\\/it\\\/2022\\\/04\\\/tornano-le-crociere-a-monaco\\\/#article\",\"isPartOf\":{\"@id\":\"https:\\\/\\\/www.monaco-tribune.com\\\/it\\\/2022\\\/04\\\/tornano-le-crociere-a-monaco\\\/\"},\"author\":{\"name\":\"Camille Esteve\",\"@id\":\"https:\\\/\\\/www.monaco-tribune.com\\\/it\\\/#\\\/schema\\\/person\\\/a855d420fff4d03637641d60b93ac62e\"},\"headline\":\"Tornano le crociere a Monaco\",\"datePublished\":\"2022-04-07T15:18:47+00:00\",\"dateModified\":\"2022-04-07T15:46:39+00:00\",\"mainEntityOfPage\":{\"@id\":\"https:\\\/\\\/www.monaco-tribune.com\\\/it\\\/2022\\\/04\\\/tornano-le-crociere-a-monaco\\\/\"},\"wordCount\":230,\"publisher\":{\"@id\":\"https:\\\/\\\/www.monaco-tribune.com\\\/it\\\/#organization\"},\"image\":{\"@id\":\"https:\\\/\\\/www.monaco-tribune.com\\\/it\\\/2022\\\/04\\\/tornano-le-crociere-a-monaco\\\/#primaryimage\"},\"thumbnailUrl\":\"https:\\\/\\\/www.monaco-tribune.com\\\/wp-content\\\/uploads\\\/2022\\\/04\\\/monaco-croisiere.jpeg\",\"keywords\":[\"Trasporto\"],\"articleSection\":[\"Business\",\"La nostra scelta\",\"Notizie\"],\"inLanguage\":\"it-IT\",\"copyrightYear\":\"2022\",\"copyrightHolder\":{\"@id\":\"https:\\\/\\\/www.monaco-tribune.com\\\/#organization\"}},{\"@type\":\"WebPage\",\"@id\":\"https:\\\/\\\/www.monaco-tribune.com\\\/it\\\/2022\\\/04\\\/tornano-le-crociere-a-monaco\\\/\",\"url\":\"https:\\\/\\\/www.monaco-tribune.com\\\/it\\\/2022\\\/04\\\/tornano-le-crociere-a-monaco\\\/\",\"name\":\"Tornano le crociere a Monaco\",\"isPartOf\":{\"@id\":\"https:\\\/\\\/www.monaco-tribune.com\\\/it\\\/#website\"},\"primaryImageOfPage\":{\"@id\":\"https:\\\/\\\/www.monaco-tribune.com\\\/it\\\/2022\\\/04\\\/tornano-le-crociere-a-monaco\\\/#primaryimage\"},\"image\":{\"@id\":\"https:\\\/\\\/www.monaco-tribune.com\\\/it\\\/2022\\\/04\\\/tornano-le-crociere-a-monaco\\\/#primaryimage\"},\"thumbnailUrl\":\"https:\\\/\\\/www.monaco-tribune.com\\\/wp-content\\\/uploads\\\/2022\\\/04\\\/monaco-croisiere.jpeg\",\"datePublished\":\"2022-04-07T15:18:47+00:00\",\"dateModified\":\"2022-04-07T15:46:39+00:00\",\"description\":\"Erano state bloccate a causa della pandemia da Covid-19. Potreste avere gi\u00e0 scorto nei porti del Principato qualche imponente nave da crociere. In totale,\",\"breadcrumb\":{\"@id\":\"https:\\\/\\\/www.monaco-tribune.com\\\/it\\\/2022\\\/04\\\/tornano-le-crociere-a-monaco\\\/#breadcrumb\"},\"inLanguage\":\"it-IT\",\"potentialAction\":[{\"@type\":\"ReadAction\",\"target\":[\"https:\\\/\\\/www.monaco-tribune.com\\\/it\\\/2022\\\/04\\\/tornano-le-crociere-a-monaco\\\/\"]}]},{\"@type\":\"ImageObject\",\"inLanguage\":\"it-IT\",\"@id\":\"https:\\\/\\\/www.monaco-tribune.com\\\/it\\\/2022\\\/04\\\/tornano-le-crociere-a-monaco\\\/#primaryimage\",\"url\":\"https:\\\/\\\/www.monaco-tribune.com\\\/wp-content\\\/uploads\\\/2022\\\/04\\\/monaco-croisiere.jpeg\",\"contentUrl\":\"https:\\\/\\\/www.monaco-tribune.com\\\/wp-content\\\/uploads\\\/2022\\\/04\\\/monaco-croisiere.jpeg\",\"width\":1020,\"height\":680,\"caption\":\"Le navi da crociera affollano Monaco da aprile a novembre. \u00a9 Dipartimento della Comunicazione\"},{\"@type\":\"BreadcrumbList\",\"@id\":\"https:\\\/\\\/www.monaco-tribune.com\\\/it\\\/2022\\\/04\\\/tornano-le-crociere-a-monaco\\\/#breadcrumb\",\"itemListElement\":[{\"@type\":\"ListItem\",\"position\":1,\"name\":\"Accueil\",\"item\":\"https:\\\/\\\/www.monaco-tribune.com\\\/it\\\/\"},{\"@type\":\"ListItem\",\"position\":2,\"name\":\"Tornano le crociere a Monaco\"}]},{\"@type\":\"WebSite\",\"@id\":\"https:\\\/\\\/www.monaco-tribune.com\\\/it\\\/#website\",\"url\":\"https:\\\/\\\/www.monaco-tribune.com\\\/it\\\/\",\"name\":\"Monaco Tribune\",\"description\":\"Monaco : actualit\u00e9s \u00e9conomiques, politiques, culturelles et sportives de Monaco et de la French Riviera.\",\"publisher\":{\"@id\":\"https:\\\/\\\/www.monaco-tribune.com\\\/it\\\/#organization\"},\"potentialAction\":[{\"@type\":\"SearchAction\",\"target\":{\"@type\":\"EntryPoint\",\"urlTemplate\":\"https:\\\/\\\/www.monaco-tribune.com\\\/it\\\/?s={search_term_string}\"},\"query-input\":{\"@type\":\"PropertyValueSpecification\",\"valueRequired\":true,\"valueName\":\"search_term_string\"}}],\"inLanguage\":\"it-IT\"},{\"@type\":\"Organization\",\"@id\":\"https:\\\/\\\/www.monaco-tribune.com\\\/it\\\/#organization\",\"name\":\"Monaco Tribune\",\"url\":\"https:\\\/\\\/www.monaco-tribune.com\\\/it\\\/\",\"logo\":{\"@type\":\"ImageObject\",\"inLanguage\":\"it-IT\",\"@id\":\"https:\\\/\\\/www.monaco-tribune.com\\\/it\\\/#\\\/schema\\\/logo\\\/image\\\/\",\"url\":\"https:\\\/\\\/www.monaco-tribune.com\\\/wp-content\\\/uploads\\\/2022\\\/11\\\/logo-monaco-tribune.png\",\"contentUrl\":\"https:\\\/\\\/www.monaco-tribune.com\\\/wp-content\\\/uploads\\\/2022\\\/11\\\/logo-monaco-tribune.png\",\"width\":1548,\"height\":600,\"caption\":\"Monaco Tribune\"},\"image\":{\"@id\":\"https:\\\/\\\/www.monaco-tribune.com\\\/it\\\/#\\\/schema\\\/logo\\\/image\\\/\"},\"sameAs\":[\"https:\\\/\\\/www.facebook.com\\\/MonacoTribune\",\"https:\\\/\\\/x.com\\\/MonacoTribune\",\"https:\\\/\\\/www.instagram.com\\\/monacotribune\\\/\",\"https:\\\/\\\/www.linkedin.com\\\/company\\\/monaco-tribune\",\"https:\\\/\\\/www.youtube.com\\\/channel\\\/UCHle1MnG6hw1y4lWKijVbMA\"]},{\"@type\":\"Person\",\"@id\":\"https:\\\/\\\/www.monaco-tribune.com\\\/it\\\/#\\\/schema\\\/person\\\/a855d420fff4d03637641d60b93ac62e\",\"name\":\"Camille Esteve\",\"image\":{\"@type\":\"ImageObject\",\"inLanguage\":\"it-IT\",\"@id\":\"https:\\\/\\\/secure.gravatar.com\\\/avatar\\\/eaaa2355a7bb56c0018a391c20a55bf9b4690e3f493231dd850e612bfa6ce161?s=96&d=mm&r=g\",\"url\":\"https:\\\/\\\/secure.gravatar.com\\\/avatar\\\/eaaa2355a7bb56c0018a391c20a55bf9b4690e3f493231dd850e612bfa6ce161?s=96&d=mm&r=g\",\"contentUrl\":\"https:\\\/\\\/secure.gravatar.com\\\/avatar\\\/eaaa2355a7bb56c0018a391c20a55bf9b4690e3f493231dd850e612bfa6ce161?s=96&d=mm&r=g\",\"caption\":\"Camille Esteve\"},\"url\":\"https:\\\/\\\/www.monaco-tribune.com\\\/it\\\/author\\\/camilleesteve\\\/\"}]}<\/script>\n<!-- \/ Yoast SEO Premium plugin. -->","yoast_head_json":{"title":"Tornano le crociere a Monaco","description":"Erano state bloccate a causa della pandemia da Covid-19. Potreste avere gi\u00e0 scorto nei porti del Principato qualche imponente nave da crociere. In totale,","robots":{"index":"index","follow":"follow","max-snippet":"max-snippet:-1","max-image-preview":"max-image-preview:large","max-video-preview":"max-video-preview:-1"},"canonical":"https:\/\/www.monaco-tribune.com\/it\/2022\/04\/tornano-le-crociere-a-monaco\/","og_locale":"it_IT","og_type":"article","og_title":"Tornano le crociere a Monaco - Monaco Tribune","og_description":"Erano state bloccate a causa della pandemia da Covid-19. Potreste avere gi\u00e0 scorto nei porti del Principato qualche imponente nave da crociere. In totale,","og_url":"https:\/\/www.monaco-tribune.com\/it\/2022\/04\/tornano-le-crociere-a-monaco\/","og_site_name":"Monaco Tribune","article_publisher":"https:\/\/www.facebook.com\/MonacoTribune","article_published_time":"2022-04-07T15:18:47+00:00","article_modified_time":"2022-04-07T15:46:39+00:00","og_image":[{"width":1020,"height":680,"url":"https:\/\/www.monaco-tribune.com\/wp-content\/uploads\/2022\/04\/monaco-croisiere.jpeg","type":"image\/jpeg"}],"author":"Camille Esteve","twitter_card":"summary_large_image","twitter_creator":"@MonacoTribune","twitter_site":"@MonacoTribune","schema":{"@context":"https:\/\/schema.org","@graph":[{"@type":"NewsArticle","@id":"https:\/\/www.monaco-tribune.com\/it\/2022\/04\/tornano-le-crociere-a-monaco\/#article","isPartOf":{"@id":"https:\/\/www.monaco-tribune.com\/it\/2022\/04\/tornano-le-crociere-a-monaco\/"},"author":{"name":"Camille Esteve","@id":"https:\/\/www.monaco-tribune.com\/it\/#\/schema\/person\/a855d420fff4d03637641d60b93ac62e"},"headline":"Tornano le crociere a Monaco","datePublished":"2022-04-07T15:18:47+00:00","dateModified":"2022-04-07T15:46:39+00:00","mainEntityOfPage":{"@id":"https:\/\/www.monaco-tribune.com\/it\/2022\/04\/tornano-le-crociere-a-monaco\/"},"wordCount":230,"publisher":{"@id":"https:\/\/www.monaco-tribune.com\/it\/#organization"},"image":{"@id":"https:\/\/www.monaco-tribune.com\/it\/2022\/04\/tornano-le-crociere-a-monaco\/#primaryimage"},"thumbnailUrl":"https:\/\/www.monaco-tribune.com\/wp-content\/uploads\/2022\/04\/monaco-croisiere.jpeg","keywords":["Trasporto"],"articleSection":["Business","La nostra scelta","Notizie"],"inLanguage":"it-IT","copyrightYear":"2022","copyrightHolder":{"@id":"https:\/\/www.monaco-tribune.com\/#organization"}},{"@type":"WebPage","@id":"https:\/\/www.monaco-tribune.com\/it\/2022\/04\/tornano-le-crociere-a-monaco\/","url":"https:\/\/www.monaco-tribune.com\/it\/2022\/04\/tornano-le-crociere-a-monaco\/","name":"Tornano le crociere a Monaco","isPartOf":{"@id":"https:\/\/www.monaco-tribune.com\/it\/#website"},"primaryImageOfPage":{"@id":"https:\/\/www.monaco-tribune.com\/it\/2022\/04\/tornano-le-crociere-a-monaco\/#primaryimage"},"image":{"@id":"https:\/\/www.monaco-tribune.com\/it\/2022\/04\/tornano-le-crociere-a-monaco\/#primaryimage"},"thumbnailUrl":"https:\/\/www.monaco-tribune.com\/wp-content\/uploads\/2022\/04\/monaco-croisiere.jpeg","datePublished":"2022-04-07T15:18:47+00:00","dateModified":"2022-04-07T15:46:39+00:00","description":"Erano state bloccate a causa della pandemia da Covid-19. Potreste avere gi\u00e0 scorto nei porti del Principato qualche imponente nave da crociere. In totale,","breadcrumb":{"@id":"https:\/\/www.monaco-tribune.com\/it\/2022\/04\/tornano-le-crociere-a-monaco\/#breadcrumb"},"inLanguage":"it-IT","potentialAction":[{"@type":"ReadAction","target":["https:\/\/www.monaco-tribune.com\/it\/2022\/04\/tornano-le-crociere-a-monaco\/"]}]},{"@type":"ImageObject","inLanguage":"it-IT","@id":"https:\/\/www.monaco-tribune.com\/it\/2022\/04\/tornano-le-crociere-a-monaco\/#primaryimage","url":"https:\/\/www.monaco-tribune.com\/wp-content\/uploads\/2022\/04\/monaco-croisiere.jpeg","contentUrl":"https:\/\/www.monaco-tribune.com\/wp-content\/uploads\/2022\/04\/monaco-croisiere.jpeg","width":1020,"height":680,"caption":"Le navi da crociera affollano Monaco da aprile a novembre. \u00a9 Dipartimento della Comunicazione"},{"@type":"BreadcrumbList","@id":"https:\/\/www.monaco-tribune.com\/it\/2022\/04\/tornano-le-crociere-a-monaco\/#breadcrumb","itemListElement":[{"@type":"ListItem","position":1,"name":"Accueil","item":"https:\/\/www.monaco-tribune.com\/it\/"},{"@type":"ListItem","position":2,"name":"Tornano le crociere a Monaco"}]},{"@type":"WebSite","@id":"https:\/\/www.monaco-tribune.com\/it\/#website","url":"https:\/\/www.monaco-tribune.com\/it\/","name":"Monaco Tribune","description":"Monaco : actualit\u00e9s \u00e9conomiques, politiques, culturelles et sportives de Monaco et de la French Riviera.","publisher":{"@id":"https:\/\/www.monaco-tribune.com\/it\/#organization"},"potentialAction":[{"@type":"SearchAction","target":{"@type":"EntryPoint","urlTemplate":"https:\/\/www.monaco-tribune.com\/it\/?s={search_term_string}"},"query-input":{"@type":"PropertyValueSpecification","valueRequired":true,"valueName":"search_term_string"}}],"inLanguage":"it-IT"},{"@type":"Organization","@id":"https:\/\/www.monaco-tribune.com\/it\/#organization","name":"Monaco Tribune","url":"https:\/\/www.monaco-tribune.com\/it\/","logo":{"@type":"ImageObject","inLanguage":"it-IT","@id":"https:\/\/www.monaco-tribune.com\/it\/#\/schema\/logo\/image\/","url":"https:\/\/www.monaco-tribune.com\/wp-content\/uploads\/2022\/11\/logo-monaco-tribune.png","contentUrl":"https:\/\/www.monaco-tribune.com\/wp-content\/uploads\/2022\/11\/logo-monaco-tribune.png","width":1548,"height":600,"caption":"Monaco Tribune"},"image":{"@id":"https:\/\/www.monaco-tribune.com\/it\/#\/schema\/logo\/image\/"},"sameAs":["https:\/\/www.facebook.com\/MonacoTribune","https:\/\/x.com\/MonacoTribune","https:\/\/www.instagram.com\/monacotribune\/","https:\/\/www.linkedin.com\/company\/monaco-tribune","https:\/\/www.youtube.com\/channel\/UCHle1MnG6hw1y4lWKijVbMA"]},{"@type":"Person","@id":"https:\/\/www.monaco-tribune.com\/it\/#\/schema\/person\/a855d420fff4d03637641d60b93ac62e","name":"Camille Esteve","image":{"@type":"ImageObject","inLanguage":"it-IT","@id":"https:\/\/secure.gravatar.com\/avatar\/eaaa2355a7bb56c0018a391c20a55bf9b4690e3f493231dd850e612bfa6ce161?s=96&d=mm&r=g","url":"https:\/\/secure.gravatar.com\/avatar\/eaaa2355a7bb56c0018a391c20a55bf9b4690e3f493231dd850e612bfa6ce161?s=96&d=mm&r=g","contentUrl":"https:\/\/secure.gravatar.com\/avatar\/eaaa2355a7bb56c0018a391c20a55bf9b4690e3f493231dd850e612bfa6ce161?s=96&d=mm&r=g","caption":"Camille Esteve"},"url":"https:\/\/www.monaco-tribune.com\/it\/author\/camilleesteve\/"}]}},"_links":{"self":[{"href":"https:\/\/www.monaco-tribune.com\/it\/wp-json\/wp\/v2\/posts\/117133","targetHints":{"allow":["GET"]}}],"collection":[{"href":"https:\/\/www.monaco-tribune.com\/it\/wp-json\/wp\/v2\/posts"}],"about":[{"href":"https:\/\/www.monaco-tribune.com\/it\/wp-json\/wp\/v2\/types\/post"}],"author":[{"embeddable":true,"href":"https:\/\/www.monaco-tribune.com\/it\/wp-json\/wp\/v2\/users\/60"}],"replies":[{"embeddable":true,"href":"https:\/\/www.monaco-tribune.com\/it\/wp-json\/wp\/v2\/comments?post=117133"}],"version-history":[{"count":0,"href":"https:\/\/www.monaco-tribune.com\/it\/wp-json\/wp\/v2\/posts\/117133\/revisions"}],"wp:featuredmedia":[{"embeddable":true,"href":"https:\/\/www.monaco-tribune.com\/it\/wp-json\/wp\/v2\/media\/117042"}],"wp:attachment":[{"href":"https:\/\/www.monaco-tribune.com\/it\/wp-json\/wp\/v2\/media?parent=117133"}],"wp:term":[{"taxonomy":"category","embeddable":true,"href":"https:\/\/www.monaco-tribune.com\/it\/wp-json\/wp\/v2\/categories?post=117133"},{"taxonomy":"post_tag","embeddable":true,"href":"https:\/\/www.monaco-tribune.com\/it\/wp-json\/wp\/v2\/tags?post=117133"},{"taxonomy":"sectag","embeddable":true,"href":"https:\/\/www.monaco-tribune.com\/it\/wp-json\/wp\/v2\/post_sectags?post=117133"},{"taxonomy":"format","embeddable":true,"href":"https:\/\/www.monaco-tribune.com\/it\/wp-json\/wp\/v2\/post_format?post=117133"}],"curies":[{"name":"wp","href":"https:\/\/api.w.org\/{rel}","templated":true}]}}