{"id":117272,"date":"2022-04-08T16:41:40","date_gmt":"2022-04-08T14:41:40","guid":{"rendered":"https:\/\/www.monaco-tribune.com\/2022\/04\/christina-aguilera-si-esibisce-a-monaco-questestate\/"},"modified":"2022-04-08T16:41:48","modified_gmt":"2022-04-08T14:41:48","slug":"christina-aguilera-si-esibisce-a-monaco-questestate","status":"publish","type":"post","link":"https:\/\/www.monaco-tribune.com\/it\/2022\/04\/christina-aguilera-si-esibisce-a-monaco-questestate\/","title":{"rendered":"Christina Aguilera si esibisce a Monaco quest&#8217;estate"},"content":{"rendered":"\n<p><strong>Oltre Alicia Keys, il Monte-Carlo Summer Festival ospiter\u00e0 un&#8217;altra star planetaria: Christina Aguilera.<\/strong><\/p>\n\n<p>James Blunt, Rita Ora, Francis Cabrel, Imany, Alicia Keys&#8230; Quest&#8217;estate il cielo di Monaco si riempie di stelle della musica in occasione del <a href=\"https:\/\/www.monaco-tribune.com\/it\/2022\/02\/questestate-le-grandi-star-sbarcano-a-monaco\/\">Monte-Carlo Summer Festival<\/a>. L&#8217;ultima novit\u00e0? L&#8217;esibizione di Christina Aguilera, che salir\u00e0 per la prima volta su un palco del Principato.<\/p>\n\n<p><strong>LEGGI ANCHE<\/strong>: <a href=\"https:\/\/www.monaco-tribune.com\/it\/2022\/03\/alicia-keys-in-concerto-a-monaco-questestate\/\">Alicia Keys in concerto a Monaco quest\u2019estate<\/a><\/p>\n\n<p>La diva americana, che ha lanciato la sua carriera ad appena dodici anni nel <em>The Mickey Mouse Club <\/em>insieme a Justin Timberlake e Britney Spears, canter\u00e0 i suoi brani pi\u00f9 iconici, soprattutto quelli del primo album (Christina Aguilera), che ha venduto pi\u00f9 di 16 milioni di copie.<\/p>\n\n<p>Giudice nella versione americana del famoso programma <em>The Voice<\/em>, ma anche filantropa e ambasciatrice dell&#8217;organizzazione <em>YUM!<\/em>, nel 2013 la star vincitrice di sei Grammy Awards \u00e8 rientrata nella classifica delle personalit\u00e0 pi\u00f9 influenti del mondo della rivista americana TIME.<\/p>\n\n<p>Per la prima volte, quindi, il 29 luglio prossimo onorer\u00e0 il Monte-Carlo Summer Festival della sua presenza esibendosi nella Salle des \u00c9toiles.<\/p>\n\n<p><strong>Maggiori informazioni:<\/strong><\/p>\n\n<ul class=\"wp-block-list\"><li><strong>Quando<\/strong>: 29 luglio 2022<\/li><li><strong>Dove<\/strong>: Salle des \u00c9toiles<\/li><li><strong>Tipo di concerto<\/strong>: cena-spettacolo<\/li><li><strong>Apertura dei cancelli<\/strong>: ore 20:00<\/li><li><strong>Inizio del concerto<\/strong>: a partire dalle 22:30<\/li><li><strong>Sito ufficiale<\/strong>: www.christinaaguilera.com<\/li><li><strong>Dress code<\/strong>: Giacca obbligatoria &#8211; Abbigliamento formale richiesto<\/li><li><strong>Et\u00e0 minima<\/strong>: 7 anni<\/li><li><strong>E-mail<\/strong>:\u00a0ticketoffice@sbm.mc<\/li><\/ul>\n","protected":false},"excerpt":{"rendered":"<p>Oltre Alicia Keys, il Monte-Carlo Summer Festival ospiter\u00e0 un&#8217;altra star planetaria: Christina Aguilera. James Blunt, Rita Ora, Francis Cabrel, Imany, [&hellip;]<\/p>\n","protected":false},"author":24,"featured_media":117201,"comment_status":"closed","ping_status":"closed","sticky":false,"template":"","format":"standard","meta":{"_acf_changed":false,"footnotes":""},"categories":[1740,1826,1738],"tags":[2889],"post_sectags":[],"post_format":[2478],"class_list":["post-117272","post","type-post","status-publish","format-standard","has-post-thumbnail","hentry","category-cosa-fare","category-la-nostra-scelta","category-notizie","tag-musica","format-notizia"],"acf":[],"yoast_head":"<!-- This site is optimized with the Yoast SEO Premium plugin v26.8 (Yoast SEO v27.5) - https:\/\/yoast.com\/product\/yoast-seo-premium-wordpress\/ -->\n<title>Christina Aguilera si esibisce a Monaco quest&#039;estate<\/title>\n<meta name=\"description\" content=\"Oltre Alicia Keys, il Monte-Carlo Summer Festival ospiter\u00e0 un&#039;altra star planetaria: Christina Aguilera. James Blunt, Rita Ora, Francis Cabrel, Imany,\" \/>\n<meta name=\"robots\" content=\"index, follow, max-snippet:-1, max-image-preview:large, max-video-preview:-1\" \/>\n<link rel=\"canonical\" href=\"https:\/\/www.monaco-tribune.com\/it\/2022\/04\/christina-aguilera-si-esibisce-a-monaco-questestate\/\" \/>\n<meta property=\"og:locale\" content=\"it_IT\" \/>\n<meta property=\"og:type\" content=\"article\" \/>\n<meta property=\"og:title\" content=\"Christina Aguilera si esibisce a Monaco quest&#039;estate - Monaco Tribune\" \/>\n<meta property=\"og:description\" content=\"Oltre Alicia Keys, il Monte-Carlo Summer Festival ospiter\u00e0 un&#039;altra star planetaria: Christina Aguilera. James Blunt, Rita Ora, Francis Cabrel, Imany,\" \/>\n<meta property=\"og:url\" content=\"https:\/\/www.monaco-tribune.com\/it\/2022\/04\/christina-aguilera-si-esibisce-a-monaco-questestate\/\" \/>\n<meta property=\"og:site_name\" content=\"Monaco Tribune\" \/>\n<meta property=\"article:publisher\" content=\"https:\/\/www.facebook.com\/MonacoTribune\" \/>\n<meta property=\"article:published_time\" content=\"2022-04-08T14:41:40+00:00\" \/>\n<meta property=\"article:modified_time\" content=\"2022-04-08T14:41:48+00:00\" \/>\n<meta property=\"og:image\" content=\"https:\/\/www.monaco-tribune.com\/wp-content\/uploads\/2022\/04\/christina-aguilera.jpeg\" \/>\n\t<meta property=\"og:image:width\" content=\"747\" \/>\n\t<meta property=\"og:image:height\" content=\"504\" \/>\n\t<meta property=\"og:image:type\" content=\"image\/jpeg\" \/>\n<meta name=\"author\" content=\"Romain Boisaubert\" \/>\n<meta name=\"twitter:card\" content=\"summary_large_image\" \/>\n<meta name=\"twitter:creator\" content=\"@MonacoTribune\" \/>\n<meta name=\"twitter:site\" content=\"@MonacoTribune\" \/>\n<script type=\"application\/ld+json\" class=\"yoast-schema-graph\">{\"@context\":\"https:\\\/\\\/schema.org\",\"@graph\":[{\"@type\":\"NewsArticle\",\"@id\":\"https:\\\/\\\/www.monaco-tribune.com\\\/it\\\/2022\\\/04\\\/christina-aguilera-si-esibisce-a-monaco-questestate\\\/#article\",\"isPartOf\":{\"@id\":\"https:\\\/\\\/www.monaco-tribune.com\\\/it\\\/2022\\\/04\\\/christina-aguilera-si-esibisce-a-monaco-questestate\\\/\"},\"author\":{\"name\":\"Romain Boisaubert\",\"@id\":\"https:\\\/\\\/www.monaco-tribune.com\\\/it\\\/#\\\/schema\\\/person\\\/330a3732947cf8cb41b2533a0eadd62e\"},\"headline\":\"Christina Aguilera si esibisce a Monaco quest&#8217;estate\",\"datePublished\":\"2022-04-08T14:41:40+00:00\",\"dateModified\":\"2022-04-08T14:41:48+00:00\",\"mainEntityOfPage\":{\"@id\":\"https:\\\/\\\/www.monaco-tribune.com\\\/it\\\/2022\\\/04\\\/christina-aguilera-si-esibisce-a-monaco-questestate\\\/\"},\"wordCount\":225,\"publisher\":{\"@id\":\"https:\\\/\\\/www.monaco-tribune.com\\\/it\\\/#organization\"},\"image\":{\"@id\":\"https:\\\/\\\/www.monaco-tribune.com\\\/it\\\/2022\\\/04\\\/christina-aguilera-si-esibisce-a-monaco-questestate\\\/#primaryimage\"},\"thumbnailUrl\":\"https:\\\/\\\/www.monaco-tribune.com\\\/wp-content\\\/uploads\\\/2022\\\/04\\\/christina-aguilera.jpeg\",\"keywords\":[\"Musica\"],\"articleSection\":[\"Cosa fare\",\"La nostra scelta\",\"Notizie\"],\"inLanguage\":\"it-IT\",\"copyrightYear\":\"2022\",\"copyrightHolder\":{\"@id\":\"https:\\\/\\\/www.monaco-tribune.com\\\/#organization\"}},{\"@type\":\"WebPage\",\"@id\":\"https:\\\/\\\/www.monaco-tribune.com\\\/it\\\/2022\\\/04\\\/christina-aguilera-si-esibisce-a-monaco-questestate\\\/\",\"url\":\"https:\\\/\\\/www.monaco-tribune.com\\\/it\\\/2022\\\/04\\\/christina-aguilera-si-esibisce-a-monaco-questestate\\\/\",\"name\":\"Christina Aguilera si esibisce a Monaco quest'estate\",\"isPartOf\":{\"@id\":\"https:\\\/\\\/www.monaco-tribune.com\\\/it\\\/#website\"},\"primaryImageOfPage\":{\"@id\":\"https:\\\/\\\/www.monaco-tribune.com\\\/it\\\/2022\\\/04\\\/christina-aguilera-si-esibisce-a-monaco-questestate\\\/#primaryimage\"},\"image\":{\"@id\":\"https:\\\/\\\/www.monaco-tribune.com\\\/it\\\/2022\\\/04\\\/christina-aguilera-si-esibisce-a-monaco-questestate\\\/#primaryimage\"},\"thumbnailUrl\":\"https:\\\/\\\/www.monaco-tribune.com\\\/wp-content\\\/uploads\\\/2022\\\/04\\\/christina-aguilera.jpeg\",\"datePublished\":\"2022-04-08T14:41:40+00:00\",\"dateModified\":\"2022-04-08T14:41:48+00:00\",\"description\":\"Oltre Alicia Keys, il Monte-Carlo Summer Festival ospiter\u00e0 un'altra star planetaria: Christina Aguilera. James Blunt, Rita Ora, Francis Cabrel, Imany,\",\"breadcrumb\":{\"@id\":\"https:\\\/\\\/www.monaco-tribune.com\\\/it\\\/2022\\\/04\\\/christina-aguilera-si-esibisce-a-monaco-questestate\\\/#breadcrumb\"},\"inLanguage\":\"it-IT\",\"potentialAction\":[{\"@type\":\"ReadAction\",\"target\":[\"https:\\\/\\\/www.monaco-tribune.com\\\/it\\\/2022\\\/04\\\/christina-aguilera-si-esibisce-a-monaco-questestate\\\/\"]}]},{\"@type\":\"ImageObject\",\"inLanguage\":\"it-IT\",\"@id\":\"https:\\\/\\\/www.monaco-tribune.com\\\/it\\\/2022\\\/04\\\/christina-aguilera-si-esibisce-a-monaco-questestate\\\/#primaryimage\",\"url\":\"https:\\\/\\\/www.monaco-tribune.com\\\/wp-content\\\/uploads\\\/2022\\\/04\\\/christina-aguilera.jpeg\",\"contentUrl\":\"https:\\\/\\\/www.monaco-tribune.com\\\/wp-content\\\/uploads\\\/2022\\\/04\\\/christina-aguilera.jpeg\",\"width\":747,\"height\":504,\"caption\":\"DR\"},{\"@type\":\"BreadcrumbList\",\"@id\":\"https:\\\/\\\/www.monaco-tribune.com\\\/it\\\/2022\\\/04\\\/christina-aguilera-si-esibisce-a-monaco-questestate\\\/#breadcrumb\",\"itemListElement\":[{\"@type\":\"ListItem\",\"position\":1,\"name\":\"Accueil\",\"item\":\"https:\\\/\\\/www.monaco-tribune.com\\\/it\\\/\"},{\"@type\":\"ListItem\",\"position\":2,\"name\":\"Christina Aguilera si esibisce a Monaco quest&rsquo;estate\"}]},{\"@type\":\"WebSite\",\"@id\":\"https:\\\/\\\/www.monaco-tribune.com\\\/it\\\/#website\",\"url\":\"https:\\\/\\\/www.monaco-tribune.com\\\/it\\\/\",\"name\":\"Monaco Tribune\",\"description\":\"Monaco : actualit\u00e9s \u00e9conomiques, politiques, culturelles et sportives de Monaco et de la French Riviera.\",\"publisher\":{\"@id\":\"https:\\\/\\\/www.monaco-tribune.com\\\/it\\\/#organization\"},\"potentialAction\":[{\"@type\":\"SearchAction\",\"target\":{\"@type\":\"EntryPoint\",\"urlTemplate\":\"https:\\\/\\\/www.monaco-tribune.com\\\/it\\\/?s={search_term_string}\"},\"query-input\":{\"@type\":\"PropertyValueSpecification\",\"valueRequired\":true,\"valueName\":\"search_term_string\"}}],\"inLanguage\":\"it-IT\"},{\"@type\":\"Organization\",\"@id\":\"https:\\\/\\\/www.monaco-tribune.com\\\/it\\\/#organization\",\"name\":\"Monaco Tribune\",\"url\":\"https:\\\/\\\/www.monaco-tribune.com\\\/it\\\/\",\"logo\":{\"@type\":\"ImageObject\",\"inLanguage\":\"it-IT\",\"@id\":\"https:\\\/\\\/www.monaco-tribune.com\\\/it\\\/#\\\/schema\\\/logo\\\/image\\\/\",\"url\":\"https:\\\/\\\/www.monaco-tribune.com\\\/wp-content\\\/uploads\\\/2022\\\/11\\\/logo-monaco-tribune.png\",\"contentUrl\":\"https:\\\/\\\/www.monaco-tribune.com\\\/wp-content\\\/uploads\\\/2022\\\/11\\\/logo-monaco-tribune.png\",\"width\":1548,\"height\":600,\"caption\":\"Monaco Tribune\"},\"image\":{\"@id\":\"https:\\\/\\\/www.monaco-tribune.com\\\/it\\\/#\\\/schema\\\/logo\\\/image\\\/\"},\"sameAs\":[\"https:\\\/\\\/www.facebook.com\\\/MonacoTribune\",\"https:\\\/\\\/x.com\\\/MonacoTribune\",\"https:\\\/\\\/www.instagram.com\\\/monacotribune\\\/\",\"https:\\\/\\\/www.linkedin.com\\\/company\\\/monaco-tribune\",\"https:\\\/\\\/www.youtube.com\\\/channel\\\/UCHle1MnG6hw1y4lWKijVbMA\"]},{\"@type\":\"Person\",\"@id\":\"https:\\\/\\\/www.monaco-tribune.com\\\/it\\\/#\\\/schema\\\/person\\\/330a3732947cf8cb41b2533a0eadd62e\",\"name\":\"Romain Boisaubert\",\"image\":{\"@type\":\"ImageObject\",\"inLanguage\":\"it-IT\",\"@id\":\"https:\\\/\\\/secure.gravatar.com\\\/avatar\\\/f8b90d41f1eabd1cbe4cf59e09d8db41a697d51919bf2dfe727589a24a4a4d54?s=96&d=mm&r=g\",\"url\":\"https:\\\/\\\/secure.gravatar.com\\\/avatar\\\/f8b90d41f1eabd1cbe4cf59e09d8db41a697d51919bf2dfe727589a24a4a4d54?s=96&d=mm&r=g\",\"contentUrl\":\"https:\\\/\\\/secure.gravatar.com\\\/avatar\\\/f8b90d41f1eabd1cbe4cf59e09d8db41a697d51919bf2dfe727589a24a4a4d54?s=96&d=mm&r=g\",\"caption\":\"Romain Boisaubert\"},\"description\":\"Test bio\",\"url\":\"https:\\\/\\\/www.monaco-tribune.com\\\/it\\\/author\\\/romain-boisaubert\\\/\"}]}<\/script>\n<!-- \/ Yoast SEO Premium plugin. -->","yoast_head_json":{"title":"Christina Aguilera si esibisce a Monaco quest'estate","description":"Oltre Alicia Keys, il Monte-Carlo Summer Festival ospiter\u00e0 un'altra star planetaria: Christina Aguilera. James Blunt, Rita Ora, Francis Cabrel, Imany,","robots":{"index":"index","follow":"follow","max-snippet":"max-snippet:-1","max-image-preview":"max-image-preview:large","max-video-preview":"max-video-preview:-1"},"canonical":"https:\/\/www.monaco-tribune.com\/it\/2022\/04\/christina-aguilera-si-esibisce-a-monaco-questestate\/","og_locale":"it_IT","og_type":"article","og_title":"Christina Aguilera si esibisce a Monaco quest'estate - Monaco Tribune","og_description":"Oltre Alicia Keys, il Monte-Carlo Summer Festival ospiter\u00e0 un'altra star planetaria: Christina Aguilera. James Blunt, Rita Ora, Francis Cabrel, Imany,","og_url":"https:\/\/www.monaco-tribune.com\/it\/2022\/04\/christina-aguilera-si-esibisce-a-monaco-questestate\/","og_site_name":"Monaco Tribune","article_publisher":"https:\/\/www.facebook.com\/MonacoTribune","article_published_time":"2022-04-08T14:41:40+00:00","article_modified_time":"2022-04-08T14:41:48+00:00","og_image":[{"width":747,"height":504,"url":"https:\/\/www.monaco-tribune.com\/wp-content\/uploads\/2022\/04\/christina-aguilera.jpeg","type":"image\/jpeg"}],"author":"Romain Boisaubert","twitter_card":"summary_large_image","twitter_creator":"@MonacoTribune","twitter_site":"@MonacoTribune","schema":{"@context":"https:\/\/schema.org","@graph":[{"@type":"NewsArticle","@id":"https:\/\/www.monaco-tribune.com\/it\/2022\/04\/christina-aguilera-si-esibisce-a-monaco-questestate\/#article","isPartOf":{"@id":"https:\/\/www.monaco-tribune.com\/it\/2022\/04\/christina-aguilera-si-esibisce-a-monaco-questestate\/"},"author":{"name":"Romain Boisaubert","@id":"https:\/\/www.monaco-tribune.com\/it\/#\/schema\/person\/330a3732947cf8cb41b2533a0eadd62e"},"headline":"Christina Aguilera si esibisce a Monaco quest&#8217;estate","datePublished":"2022-04-08T14:41:40+00:00","dateModified":"2022-04-08T14:41:48+00:00","mainEntityOfPage":{"@id":"https:\/\/www.monaco-tribune.com\/it\/2022\/04\/christina-aguilera-si-esibisce-a-monaco-questestate\/"},"wordCount":225,"publisher":{"@id":"https:\/\/www.monaco-tribune.com\/it\/#organization"},"image":{"@id":"https:\/\/www.monaco-tribune.com\/it\/2022\/04\/christina-aguilera-si-esibisce-a-monaco-questestate\/#primaryimage"},"thumbnailUrl":"https:\/\/www.monaco-tribune.com\/wp-content\/uploads\/2022\/04\/christina-aguilera.jpeg","keywords":["Musica"],"articleSection":["Cosa fare","La nostra scelta","Notizie"],"inLanguage":"it-IT","copyrightYear":"2022","copyrightHolder":{"@id":"https:\/\/www.monaco-tribune.com\/#organization"}},{"@type":"WebPage","@id":"https:\/\/www.monaco-tribune.com\/it\/2022\/04\/christina-aguilera-si-esibisce-a-monaco-questestate\/","url":"https:\/\/www.monaco-tribune.com\/it\/2022\/04\/christina-aguilera-si-esibisce-a-monaco-questestate\/","name":"Christina Aguilera si esibisce a Monaco quest'estate","isPartOf":{"@id":"https:\/\/www.monaco-tribune.com\/it\/#website"},"primaryImageOfPage":{"@id":"https:\/\/www.monaco-tribune.com\/it\/2022\/04\/christina-aguilera-si-esibisce-a-monaco-questestate\/#primaryimage"},"image":{"@id":"https:\/\/www.monaco-tribune.com\/it\/2022\/04\/christina-aguilera-si-esibisce-a-monaco-questestate\/#primaryimage"},"thumbnailUrl":"https:\/\/www.monaco-tribune.com\/wp-content\/uploads\/2022\/04\/christina-aguilera.jpeg","datePublished":"2022-04-08T14:41:40+00:00","dateModified":"2022-04-08T14:41:48+00:00","description":"Oltre Alicia Keys, il Monte-Carlo Summer Festival ospiter\u00e0 un'altra star planetaria: Christina Aguilera. James Blunt, Rita Ora, Francis Cabrel, Imany,","breadcrumb":{"@id":"https:\/\/www.monaco-tribune.com\/it\/2022\/04\/christina-aguilera-si-esibisce-a-monaco-questestate\/#breadcrumb"},"inLanguage":"it-IT","potentialAction":[{"@type":"ReadAction","target":["https:\/\/www.monaco-tribune.com\/it\/2022\/04\/christina-aguilera-si-esibisce-a-monaco-questestate\/"]}]},{"@type":"ImageObject","inLanguage":"it-IT","@id":"https:\/\/www.monaco-tribune.com\/it\/2022\/04\/christina-aguilera-si-esibisce-a-monaco-questestate\/#primaryimage","url":"https:\/\/www.monaco-tribune.com\/wp-content\/uploads\/2022\/04\/christina-aguilera.jpeg","contentUrl":"https:\/\/www.monaco-tribune.com\/wp-content\/uploads\/2022\/04\/christina-aguilera.jpeg","width":747,"height":504,"caption":"DR"},{"@type":"BreadcrumbList","@id":"https:\/\/www.monaco-tribune.com\/it\/2022\/04\/christina-aguilera-si-esibisce-a-monaco-questestate\/#breadcrumb","itemListElement":[{"@type":"ListItem","position":1,"name":"Accueil","item":"https:\/\/www.monaco-tribune.com\/it\/"},{"@type":"ListItem","position":2,"name":"Christina Aguilera si esibisce a Monaco quest&rsquo;estate"}]},{"@type":"WebSite","@id":"https:\/\/www.monaco-tribune.com\/it\/#website","url":"https:\/\/www.monaco-tribune.com\/it\/","name":"Monaco Tribune","description":"Monaco : actualit\u00e9s \u00e9conomiques, politiques, culturelles et sportives de Monaco et de la French Riviera.","publisher":{"@id":"https:\/\/www.monaco-tribune.com\/it\/#organization"},"potentialAction":[{"@type":"SearchAction","target":{"@type":"EntryPoint","urlTemplate":"https:\/\/www.monaco-tribune.com\/it\/?s={search_term_string}"},"query-input":{"@type":"PropertyValueSpecification","valueRequired":true,"valueName":"search_term_string"}}],"inLanguage":"it-IT"},{"@type":"Organization","@id":"https:\/\/www.monaco-tribune.com\/it\/#organization","name":"Monaco Tribune","url":"https:\/\/www.monaco-tribune.com\/it\/","logo":{"@type":"ImageObject","inLanguage":"it-IT","@id":"https:\/\/www.monaco-tribune.com\/it\/#\/schema\/logo\/image\/","url":"https:\/\/www.monaco-tribune.com\/wp-content\/uploads\/2022\/11\/logo-monaco-tribune.png","contentUrl":"https:\/\/www.monaco-tribune.com\/wp-content\/uploads\/2022\/11\/logo-monaco-tribune.png","width":1548,"height":600,"caption":"Monaco Tribune"},"image":{"@id":"https:\/\/www.monaco-tribune.com\/it\/#\/schema\/logo\/image\/"},"sameAs":["https:\/\/www.facebook.com\/MonacoTribune","https:\/\/x.com\/MonacoTribune","https:\/\/www.instagram.com\/monacotribune\/","https:\/\/www.linkedin.com\/company\/monaco-tribune","https:\/\/www.youtube.com\/channel\/UCHle1MnG6hw1y4lWKijVbMA"]},{"@type":"Person","@id":"https:\/\/www.monaco-tribune.com\/it\/#\/schema\/person\/330a3732947cf8cb41b2533a0eadd62e","name":"Romain Boisaubert","image":{"@type":"ImageObject","inLanguage":"it-IT","@id":"https:\/\/secure.gravatar.com\/avatar\/f8b90d41f1eabd1cbe4cf59e09d8db41a697d51919bf2dfe727589a24a4a4d54?s=96&d=mm&r=g","url":"https:\/\/secure.gravatar.com\/avatar\/f8b90d41f1eabd1cbe4cf59e09d8db41a697d51919bf2dfe727589a24a4a4d54?s=96&d=mm&r=g","contentUrl":"https:\/\/secure.gravatar.com\/avatar\/f8b90d41f1eabd1cbe4cf59e09d8db41a697d51919bf2dfe727589a24a4a4d54?s=96&d=mm&r=g","caption":"Romain Boisaubert"},"description":"Test bio","url":"https:\/\/www.monaco-tribune.com\/it\/author\/romain-boisaubert\/"}]}},"_links":{"self":[{"href":"https:\/\/www.monaco-tribune.com\/it\/wp-json\/wp\/v2\/posts\/117272","targetHints":{"allow":["GET"]}}],"collection":[{"href":"https:\/\/www.monaco-tribune.com\/it\/wp-json\/wp\/v2\/posts"}],"about":[{"href":"https:\/\/www.monaco-tribune.com\/it\/wp-json\/wp\/v2\/types\/post"}],"author":[{"embeddable":true,"href":"https:\/\/www.monaco-tribune.com\/it\/wp-json\/wp\/v2\/users\/24"}],"replies":[{"embeddable":true,"href":"https:\/\/www.monaco-tribune.com\/it\/wp-json\/wp\/v2\/comments?post=117272"}],"version-history":[{"count":0,"href":"https:\/\/www.monaco-tribune.com\/it\/wp-json\/wp\/v2\/posts\/117272\/revisions"}],"wp:featuredmedia":[{"embeddable":true,"href":"https:\/\/www.monaco-tribune.com\/it\/wp-json\/wp\/v2\/media\/117201"}],"wp:attachment":[{"href":"https:\/\/www.monaco-tribune.com\/it\/wp-json\/wp\/v2\/media?parent=117272"}],"wp:term":[{"taxonomy":"category","embeddable":true,"href":"https:\/\/www.monaco-tribune.com\/it\/wp-json\/wp\/v2\/categories?post=117272"},{"taxonomy":"post_tag","embeddable":true,"href":"https:\/\/www.monaco-tribune.com\/it\/wp-json\/wp\/v2\/tags?post=117272"},{"taxonomy":"sectag","embeddable":true,"href":"https:\/\/www.monaco-tribune.com\/it\/wp-json\/wp\/v2\/post_sectags?post=117272"},{"taxonomy":"format","embeddable":true,"href":"https:\/\/www.monaco-tribune.com\/it\/wp-json\/wp\/v2\/post_format?post=117272"}],"curies":[{"name":"wp","href":"https:\/\/api.w.org\/{rel}","templated":true}]}}