{"id":117468,"date":"2022-04-11T17:22:34","date_gmt":"2022-04-11T15:22:34","guid":{"rendered":"https:\/\/www.monaco-tribune.com\/2022\/04\/presidenziali-2022-per-chi-hanno-votato-i-francesi-del-principato-nel-primo-turno\/"},"modified":"2022-04-11T17:22:39","modified_gmt":"2022-04-11T15:22:39","slug":"presidenziali-2022-per-chi-hanno-votato-i-francesi-del-principato-nel-primo-turno","status":"publish","type":"post","link":"https:\/\/www.monaco-tribune.com\/it\/2022\/04\/presidenziali-2022-per-chi-hanno-votato-i-francesi-del-principato-nel-primo-turno\/","title":{"rendered":"Presidenziali 2022: per chi hanno votato i francesi del Principato nel primo turno?"},"content":{"rendered":"\n<p><strong>Alle urne si sono recati 2.392 elettori su 5.185 iscritti.<\/strong><\/p>\n\n<p>Una partecipazione di appena il 46%, quasi dieci punti in meno rispetto al 2017. Domenica 10 aprile, oltre 2.000 francesi residenti a Monaco hanno espresso il loro voto alla scuola Saint-Charles, anche se ci sono stati pi\u00f9 astenuti rispetto alle ultimi elezioni presidenziali. Ma per chi hanno votato?<\/p>\n\n<p>I due in testa a Monaco sono gli stessi che si affronteranno il 24 aprile per il secondo turno. Emmanuel Macron (LREM) si \u00e8 posizionato primo con 789 voti, seguito da Marine Le Pen (RN) che ne ha raccolti 568. Ma a differenza della Francia, dove la gara tra l&#8217;estrema destra e l&#8217;estrema sinistra \u00e8 stata serrata fino all&#8217;ultimo, il candidato Eric Zemmour (Reconqu\u00eate) \u00e8 arrivato in terza posizione con 426 voti.<\/p>\n\n<p><strong>VEDI ANCHE<\/strong>: <a href=\"https:\/\/www.youtube.com\/watch?v=FyR0-Jky7Pc&amp;ab_channel=MonacoTribune\">Cosa pensano i monegaschi delle elezioni presidenziali in Francia?<\/a><\/p>\n\n<p>Dopo di lui, il divario si fa sempre pi\u00f9 ampio: Jean-Luc M\u00e9lenchon (LFI), al quarto posto, ha raccolto 157 voti, seguito da Val\u00e9rie P\u00e9cresse (LR) e Yannick Jadot (EELV) con rispettivamente 144 e 113 voti.<\/p>\n\n<p>In fondo alla lista, come in Francia, troviamo Nicolas Dupont-Aignant (DLF, 72 voti), Jean Lassalle (R\u00e9sistons, 51 voti), Anne Hidalgo (PS, 17 voti), Fabrien Roussel (PCF, 15 voti), Philippe Poutou (NPA, 10 voti) e Nathalie Arthaud (LO, 4 voti).<\/p>\n","protected":false},"excerpt":{"rendered":"<p>Alle urne si sono recati 2.392 elettori su 5.185 iscritti. Una partecipazione di appena il 46%, quasi dieci punti in [&hellip;]<\/p>\n","protected":false},"author":60,"featured_media":117420,"comment_status":"closed","ping_status":"closed","sticky":false,"template":"","format":"standard","meta":{"_acf_changed":false,"footnotes":""},"categories":[1738,1752],"tags":[],"post_sectags":[],"post_format":[2478],"class_list":["post-117468","post","type-post","status-publish","format-standard","has-post-thumbnail","hentry","category-notizie","category-societa","format-notizia"],"acf":[],"yoast_head":"<!-- This site is optimized with the Yoast SEO Premium plugin v26.8 (Yoast SEO v27.5) - https:\/\/yoast.com\/product\/yoast-seo-premium-wordpress\/ -->\n<title>Presidenziali 2022: per chi hanno votato i francesi del Principato nel primo turno?<\/title>\n<meta name=\"description\" content=\"Alle urne si sono recati 2.392 elettori su 5.185 iscritti. Una partecipazione di appena il 46%, quasi dieci punti in meno rispetto al 2017. Domenica 10\" \/>\n<meta name=\"robots\" content=\"index, follow, max-snippet:-1, max-image-preview:large, max-video-preview:-1\" \/>\n<link rel=\"canonical\" href=\"https:\/\/www.monaco-tribune.com\/it\/2022\/04\/presidenziali-2022-per-chi-hanno-votato-i-francesi-del-principato-nel-primo-turno\/\" \/>\n<meta property=\"og:locale\" content=\"it_IT\" \/>\n<meta property=\"og:type\" content=\"article\" \/>\n<meta property=\"og:title\" content=\"Presidenziali 2022: per chi hanno votato i francesi del Principato nel primo turno? - Monaco Tribune\" \/>\n<meta property=\"og:description\" content=\"Alle urne si sono recati 2.392 elettori su 5.185 iscritti. Una partecipazione di appena il 46%, quasi dieci punti in meno rispetto al 2017. Domenica 10\" \/>\n<meta property=\"og:url\" content=\"https:\/\/www.monaco-tribune.com\/it\/2022\/04\/presidenziali-2022-per-chi-hanno-votato-i-francesi-del-principato-nel-primo-turno\/\" \/>\n<meta property=\"og:site_name\" content=\"Monaco Tribune\" \/>\n<meta property=\"article:publisher\" content=\"https:\/\/www.facebook.com\/MonacoTribune\" \/>\n<meta property=\"article:published_time\" content=\"2022-04-11T15:22:34+00:00\" \/>\n<meta property=\"article:modified_time\" content=\"2022-04-11T15:22:39+00:00\" \/>\n<meta property=\"og:image\" content=\"https:\/\/www.monaco-tribune.com\/wp-content\/uploads\/2022\/04\/vote-presidentielles-france-monaco.jpeg\" \/>\n\t<meta property=\"og:image:width\" content=\"1020\" \/>\n\t<meta property=\"og:image:height\" content=\"478\" \/>\n\t<meta property=\"og:image:type\" content=\"image\/jpeg\" \/>\n<meta name=\"author\" content=\"Camille Esteve\" \/>\n<meta name=\"twitter:card\" content=\"summary_large_image\" \/>\n<meta name=\"twitter:creator\" content=\"@MonacoTribune\" \/>\n<meta name=\"twitter:site\" content=\"@MonacoTribune\" \/>\n<script type=\"application\/ld+json\" class=\"yoast-schema-graph\">{\"@context\":\"https:\\\/\\\/schema.org\",\"@graph\":[{\"@type\":\"NewsArticle\",\"@id\":\"https:\\\/\\\/www.monaco-tribune.com\\\/it\\\/2022\\\/04\\\/presidenziali-2022-per-chi-hanno-votato-i-francesi-del-principato-nel-primo-turno\\\/#article\",\"isPartOf\":{\"@id\":\"https:\\\/\\\/www.monaco-tribune.com\\\/it\\\/2022\\\/04\\\/presidenziali-2022-per-chi-hanno-votato-i-francesi-del-principato-nel-primo-turno\\\/\"},\"author\":{\"name\":\"Camille Esteve\",\"@id\":\"https:\\\/\\\/www.monaco-tribune.com\\\/it\\\/#\\\/schema\\\/person\\\/a855d420fff4d03637641d60b93ac62e\"},\"headline\":\"Presidenziali 2022: per chi hanno votato i francesi del Principato nel primo turno?\",\"datePublished\":\"2022-04-11T15:22:34+00:00\",\"dateModified\":\"2022-04-11T15:22:39+00:00\",\"mainEntityOfPage\":{\"@id\":\"https:\\\/\\\/www.monaco-tribune.com\\\/it\\\/2022\\\/04\\\/presidenziali-2022-per-chi-hanno-votato-i-francesi-del-principato-nel-primo-turno\\\/\"},\"wordCount\":213,\"publisher\":{\"@id\":\"https:\\\/\\\/www.monaco-tribune.com\\\/it\\\/#organization\"},\"image\":{\"@id\":\"https:\\\/\\\/www.monaco-tribune.com\\\/it\\\/2022\\\/04\\\/presidenziali-2022-per-chi-hanno-votato-i-francesi-del-principato-nel-primo-turno\\\/#primaryimage\"},\"thumbnailUrl\":\"https:\\\/\\\/www.monaco-tribune.com\\\/wp-content\\\/uploads\\\/2022\\\/04\\\/vote-presidentielles-france-monaco.jpeg\",\"articleSection\":[\"Notizie\",\"Societ\u00e0\"],\"inLanguage\":\"it-IT\",\"copyrightYear\":\"2022\",\"copyrightHolder\":{\"@id\":\"https:\\\/\\\/www.monaco-tribune.com\\\/#organization\"}},{\"@type\":\"WebPage\",\"@id\":\"https:\\\/\\\/www.monaco-tribune.com\\\/it\\\/2022\\\/04\\\/presidenziali-2022-per-chi-hanno-votato-i-francesi-del-principato-nel-primo-turno\\\/\",\"url\":\"https:\\\/\\\/www.monaco-tribune.com\\\/it\\\/2022\\\/04\\\/presidenziali-2022-per-chi-hanno-votato-i-francesi-del-principato-nel-primo-turno\\\/\",\"name\":\"Presidenziali 2022: per chi hanno votato i francesi del Principato nel primo turno?\",\"isPartOf\":{\"@id\":\"https:\\\/\\\/www.monaco-tribune.com\\\/it\\\/#website\"},\"primaryImageOfPage\":{\"@id\":\"https:\\\/\\\/www.monaco-tribune.com\\\/it\\\/2022\\\/04\\\/presidenziali-2022-per-chi-hanno-votato-i-francesi-del-principato-nel-primo-turno\\\/#primaryimage\"},\"image\":{\"@id\":\"https:\\\/\\\/www.monaco-tribune.com\\\/it\\\/2022\\\/04\\\/presidenziali-2022-per-chi-hanno-votato-i-francesi-del-principato-nel-primo-turno\\\/#primaryimage\"},\"thumbnailUrl\":\"https:\\\/\\\/www.monaco-tribune.com\\\/wp-content\\\/uploads\\\/2022\\\/04\\\/vote-presidentielles-france-monaco.jpeg\",\"datePublished\":\"2022-04-11T15:22:34+00:00\",\"dateModified\":\"2022-04-11T15:22:39+00:00\",\"description\":\"Alle urne si sono recati 2.392 elettori su 5.185 iscritti. Una partecipazione di appena il 46%, quasi dieci punti in meno rispetto al 2017. Domenica 10\",\"breadcrumb\":{\"@id\":\"https:\\\/\\\/www.monaco-tribune.com\\\/it\\\/2022\\\/04\\\/presidenziali-2022-per-chi-hanno-votato-i-francesi-del-principato-nel-primo-turno\\\/#breadcrumb\"},\"inLanguage\":\"it-IT\",\"potentialAction\":[{\"@type\":\"ReadAction\",\"target\":[\"https:\\\/\\\/www.monaco-tribune.com\\\/it\\\/2022\\\/04\\\/presidenziali-2022-per-chi-hanno-votato-i-francesi-del-principato-nel-primo-turno\\\/\"]}]},{\"@type\":\"ImageObject\",\"inLanguage\":\"it-IT\",\"@id\":\"https:\\\/\\\/www.monaco-tribune.com\\\/it\\\/2022\\\/04\\\/presidenziali-2022-per-chi-hanno-votato-i-francesi-del-principato-nel-primo-turno\\\/#primaryimage\",\"url\":\"https:\\\/\\\/www.monaco-tribune.com\\\/wp-content\\\/uploads\\\/2022\\\/04\\\/vote-presidentielles-france-monaco.jpeg\",\"contentUrl\":\"https:\\\/\\\/www.monaco-tribune.com\\\/wp-content\\\/uploads\\\/2022\\\/04\\\/vote-presidentielles-france-monaco.jpeg\",\"width\":1020,\"height\":478,\"caption\":\"Ministero dell'interno\"},{\"@type\":\"BreadcrumbList\",\"@id\":\"https:\\\/\\\/www.monaco-tribune.com\\\/it\\\/2022\\\/04\\\/presidenziali-2022-per-chi-hanno-votato-i-francesi-del-principato-nel-primo-turno\\\/#breadcrumb\",\"itemListElement\":[{\"@type\":\"ListItem\",\"position\":1,\"name\":\"Accueil\",\"item\":\"https:\\\/\\\/www.monaco-tribune.com\\\/it\\\/\"},{\"@type\":\"ListItem\",\"position\":2,\"name\":\"Presidenziali 2022: per chi hanno votato i francesi del Principato nel primo turno?\"}]},{\"@type\":\"WebSite\",\"@id\":\"https:\\\/\\\/www.monaco-tribune.com\\\/it\\\/#website\",\"url\":\"https:\\\/\\\/www.monaco-tribune.com\\\/it\\\/\",\"name\":\"Monaco Tribune\",\"description\":\"Monaco : actualit\u00e9s \u00e9conomiques, politiques, culturelles et sportives de Monaco et de la French Riviera.\",\"publisher\":{\"@id\":\"https:\\\/\\\/www.monaco-tribune.com\\\/it\\\/#organization\"},\"potentialAction\":[{\"@type\":\"SearchAction\",\"target\":{\"@type\":\"EntryPoint\",\"urlTemplate\":\"https:\\\/\\\/www.monaco-tribune.com\\\/it\\\/?s={search_term_string}\"},\"query-input\":{\"@type\":\"PropertyValueSpecification\",\"valueRequired\":true,\"valueName\":\"search_term_string\"}}],\"inLanguage\":\"it-IT\"},{\"@type\":\"Organization\",\"@id\":\"https:\\\/\\\/www.monaco-tribune.com\\\/it\\\/#organization\",\"name\":\"Monaco Tribune\",\"url\":\"https:\\\/\\\/www.monaco-tribune.com\\\/it\\\/\",\"logo\":{\"@type\":\"ImageObject\",\"inLanguage\":\"it-IT\",\"@id\":\"https:\\\/\\\/www.monaco-tribune.com\\\/it\\\/#\\\/schema\\\/logo\\\/image\\\/\",\"url\":\"https:\\\/\\\/www.monaco-tribune.com\\\/wp-content\\\/uploads\\\/2022\\\/11\\\/logo-monaco-tribune.png\",\"contentUrl\":\"https:\\\/\\\/www.monaco-tribune.com\\\/wp-content\\\/uploads\\\/2022\\\/11\\\/logo-monaco-tribune.png\",\"width\":1548,\"height\":600,\"caption\":\"Monaco Tribune\"},\"image\":{\"@id\":\"https:\\\/\\\/www.monaco-tribune.com\\\/it\\\/#\\\/schema\\\/logo\\\/image\\\/\"},\"sameAs\":[\"https:\\\/\\\/www.facebook.com\\\/MonacoTribune\",\"https:\\\/\\\/x.com\\\/MonacoTribune\",\"https:\\\/\\\/www.instagram.com\\\/monacotribune\\\/\",\"https:\\\/\\\/www.linkedin.com\\\/company\\\/monaco-tribune\",\"https:\\\/\\\/www.youtube.com\\\/channel\\\/UCHle1MnG6hw1y4lWKijVbMA\"]},{\"@type\":\"Person\",\"@id\":\"https:\\\/\\\/www.monaco-tribune.com\\\/it\\\/#\\\/schema\\\/person\\\/a855d420fff4d03637641d60b93ac62e\",\"name\":\"Camille Esteve\",\"image\":{\"@type\":\"ImageObject\",\"inLanguage\":\"it-IT\",\"@id\":\"https:\\\/\\\/secure.gravatar.com\\\/avatar\\\/eaaa2355a7bb56c0018a391c20a55bf9b4690e3f493231dd850e612bfa6ce161?s=96&d=mm&r=g\",\"url\":\"https:\\\/\\\/secure.gravatar.com\\\/avatar\\\/eaaa2355a7bb56c0018a391c20a55bf9b4690e3f493231dd850e612bfa6ce161?s=96&d=mm&r=g\",\"contentUrl\":\"https:\\\/\\\/secure.gravatar.com\\\/avatar\\\/eaaa2355a7bb56c0018a391c20a55bf9b4690e3f493231dd850e612bfa6ce161?s=96&d=mm&r=g\",\"caption\":\"Camille Esteve\"},\"url\":\"https:\\\/\\\/www.monaco-tribune.com\\\/it\\\/author\\\/camilleesteve\\\/\"}]}<\/script>\n<!-- \/ Yoast SEO Premium plugin. -->","yoast_head_json":{"title":"Presidenziali 2022: per chi hanno votato i francesi del Principato nel primo turno?","description":"Alle urne si sono recati 2.392 elettori su 5.185 iscritti. Una partecipazione di appena il 46%, quasi dieci punti in meno rispetto al 2017. Domenica 10","robots":{"index":"index","follow":"follow","max-snippet":"max-snippet:-1","max-image-preview":"max-image-preview:large","max-video-preview":"max-video-preview:-1"},"canonical":"https:\/\/www.monaco-tribune.com\/it\/2022\/04\/presidenziali-2022-per-chi-hanno-votato-i-francesi-del-principato-nel-primo-turno\/","og_locale":"it_IT","og_type":"article","og_title":"Presidenziali 2022: per chi hanno votato i francesi del Principato nel primo turno? - Monaco Tribune","og_description":"Alle urne si sono recati 2.392 elettori su 5.185 iscritti. Una partecipazione di appena il 46%, quasi dieci punti in meno rispetto al 2017. Domenica 10","og_url":"https:\/\/www.monaco-tribune.com\/it\/2022\/04\/presidenziali-2022-per-chi-hanno-votato-i-francesi-del-principato-nel-primo-turno\/","og_site_name":"Monaco Tribune","article_publisher":"https:\/\/www.facebook.com\/MonacoTribune","article_published_time":"2022-04-11T15:22:34+00:00","article_modified_time":"2022-04-11T15:22:39+00:00","og_image":[{"width":1020,"height":478,"url":"https:\/\/www.monaco-tribune.com\/wp-content\/uploads\/2022\/04\/vote-presidentielles-france-monaco.jpeg","type":"image\/jpeg"}],"author":"Camille Esteve","twitter_card":"summary_large_image","twitter_creator":"@MonacoTribune","twitter_site":"@MonacoTribune","schema":{"@context":"https:\/\/schema.org","@graph":[{"@type":"NewsArticle","@id":"https:\/\/www.monaco-tribune.com\/it\/2022\/04\/presidenziali-2022-per-chi-hanno-votato-i-francesi-del-principato-nel-primo-turno\/#article","isPartOf":{"@id":"https:\/\/www.monaco-tribune.com\/it\/2022\/04\/presidenziali-2022-per-chi-hanno-votato-i-francesi-del-principato-nel-primo-turno\/"},"author":{"name":"Camille Esteve","@id":"https:\/\/www.monaco-tribune.com\/it\/#\/schema\/person\/a855d420fff4d03637641d60b93ac62e"},"headline":"Presidenziali 2022: per chi hanno votato i francesi del Principato nel primo turno?","datePublished":"2022-04-11T15:22:34+00:00","dateModified":"2022-04-11T15:22:39+00:00","mainEntityOfPage":{"@id":"https:\/\/www.monaco-tribune.com\/it\/2022\/04\/presidenziali-2022-per-chi-hanno-votato-i-francesi-del-principato-nel-primo-turno\/"},"wordCount":213,"publisher":{"@id":"https:\/\/www.monaco-tribune.com\/it\/#organization"},"image":{"@id":"https:\/\/www.monaco-tribune.com\/it\/2022\/04\/presidenziali-2022-per-chi-hanno-votato-i-francesi-del-principato-nel-primo-turno\/#primaryimage"},"thumbnailUrl":"https:\/\/www.monaco-tribune.com\/wp-content\/uploads\/2022\/04\/vote-presidentielles-france-monaco.jpeg","articleSection":["Notizie","Societ\u00e0"],"inLanguage":"it-IT","copyrightYear":"2022","copyrightHolder":{"@id":"https:\/\/www.monaco-tribune.com\/#organization"}},{"@type":"WebPage","@id":"https:\/\/www.monaco-tribune.com\/it\/2022\/04\/presidenziali-2022-per-chi-hanno-votato-i-francesi-del-principato-nel-primo-turno\/","url":"https:\/\/www.monaco-tribune.com\/it\/2022\/04\/presidenziali-2022-per-chi-hanno-votato-i-francesi-del-principato-nel-primo-turno\/","name":"Presidenziali 2022: per chi hanno votato i francesi del Principato nel primo turno?","isPartOf":{"@id":"https:\/\/www.monaco-tribune.com\/it\/#website"},"primaryImageOfPage":{"@id":"https:\/\/www.monaco-tribune.com\/it\/2022\/04\/presidenziali-2022-per-chi-hanno-votato-i-francesi-del-principato-nel-primo-turno\/#primaryimage"},"image":{"@id":"https:\/\/www.monaco-tribune.com\/it\/2022\/04\/presidenziali-2022-per-chi-hanno-votato-i-francesi-del-principato-nel-primo-turno\/#primaryimage"},"thumbnailUrl":"https:\/\/www.monaco-tribune.com\/wp-content\/uploads\/2022\/04\/vote-presidentielles-france-monaco.jpeg","datePublished":"2022-04-11T15:22:34+00:00","dateModified":"2022-04-11T15:22:39+00:00","description":"Alle urne si sono recati 2.392 elettori su 5.185 iscritti. Una partecipazione di appena il 46%, quasi dieci punti in meno rispetto al 2017. Domenica 10","breadcrumb":{"@id":"https:\/\/www.monaco-tribune.com\/it\/2022\/04\/presidenziali-2022-per-chi-hanno-votato-i-francesi-del-principato-nel-primo-turno\/#breadcrumb"},"inLanguage":"it-IT","potentialAction":[{"@type":"ReadAction","target":["https:\/\/www.monaco-tribune.com\/it\/2022\/04\/presidenziali-2022-per-chi-hanno-votato-i-francesi-del-principato-nel-primo-turno\/"]}]},{"@type":"ImageObject","inLanguage":"it-IT","@id":"https:\/\/www.monaco-tribune.com\/it\/2022\/04\/presidenziali-2022-per-chi-hanno-votato-i-francesi-del-principato-nel-primo-turno\/#primaryimage","url":"https:\/\/www.monaco-tribune.com\/wp-content\/uploads\/2022\/04\/vote-presidentielles-france-monaco.jpeg","contentUrl":"https:\/\/www.monaco-tribune.com\/wp-content\/uploads\/2022\/04\/vote-presidentielles-france-monaco.jpeg","width":1020,"height":478,"caption":"Ministero dell'interno"},{"@type":"BreadcrumbList","@id":"https:\/\/www.monaco-tribune.com\/it\/2022\/04\/presidenziali-2022-per-chi-hanno-votato-i-francesi-del-principato-nel-primo-turno\/#breadcrumb","itemListElement":[{"@type":"ListItem","position":1,"name":"Accueil","item":"https:\/\/www.monaco-tribune.com\/it\/"},{"@type":"ListItem","position":2,"name":"Presidenziali 2022: per chi hanno votato i francesi del Principato nel primo turno?"}]},{"@type":"WebSite","@id":"https:\/\/www.monaco-tribune.com\/it\/#website","url":"https:\/\/www.monaco-tribune.com\/it\/","name":"Monaco Tribune","description":"Monaco : actualit\u00e9s \u00e9conomiques, politiques, culturelles et sportives de Monaco et de la French Riviera.","publisher":{"@id":"https:\/\/www.monaco-tribune.com\/it\/#organization"},"potentialAction":[{"@type":"SearchAction","target":{"@type":"EntryPoint","urlTemplate":"https:\/\/www.monaco-tribune.com\/it\/?s={search_term_string}"},"query-input":{"@type":"PropertyValueSpecification","valueRequired":true,"valueName":"search_term_string"}}],"inLanguage":"it-IT"},{"@type":"Organization","@id":"https:\/\/www.monaco-tribune.com\/it\/#organization","name":"Monaco Tribune","url":"https:\/\/www.monaco-tribune.com\/it\/","logo":{"@type":"ImageObject","inLanguage":"it-IT","@id":"https:\/\/www.monaco-tribune.com\/it\/#\/schema\/logo\/image\/","url":"https:\/\/www.monaco-tribune.com\/wp-content\/uploads\/2022\/11\/logo-monaco-tribune.png","contentUrl":"https:\/\/www.monaco-tribune.com\/wp-content\/uploads\/2022\/11\/logo-monaco-tribune.png","width":1548,"height":600,"caption":"Monaco Tribune"},"image":{"@id":"https:\/\/www.monaco-tribune.com\/it\/#\/schema\/logo\/image\/"},"sameAs":["https:\/\/www.facebook.com\/MonacoTribune","https:\/\/x.com\/MonacoTribune","https:\/\/www.instagram.com\/monacotribune\/","https:\/\/www.linkedin.com\/company\/monaco-tribune","https:\/\/www.youtube.com\/channel\/UCHle1MnG6hw1y4lWKijVbMA"]},{"@type":"Person","@id":"https:\/\/www.monaco-tribune.com\/it\/#\/schema\/person\/a855d420fff4d03637641d60b93ac62e","name":"Camille Esteve","image":{"@type":"ImageObject","inLanguage":"it-IT","@id":"https:\/\/secure.gravatar.com\/avatar\/eaaa2355a7bb56c0018a391c20a55bf9b4690e3f493231dd850e612bfa6ce161?s=96&d=mm&r=g","url":"https:\/\/secure.gravatar.com\/avatar\/eaaa2355a7bb56c0018a391c20a55bf9b4690e3f493231dd850e612bfa6ce161?s=96&d=mm&r=g","contentUrl":"https:\/\/secure.gravatar.com\/avatar\/eaaa2355a7bb56c0018a391c20a55bf9b4690e3f493231dd850e612bfa6ce161?s=96&d=mm&r=g","caption":"Camille Esteve"},"url":"https:\/\/www.monaco-tribune.com\/it\/author\/camilleesteve\/"}]}},"_links":{"self":[{"href":"https:\/\/www.monaco-tribune.com\/it\/wp-json\/wp\/v2\/posts\/117468","targetHints":{"allow":["GET"]}}],"collection":[{"href":"https:\/\/www.monaco-tribune.com\/it\/wp-json\/wp\/v2\/posts"}],"about":[{"href":"https:\/\/www.monaco-tribune.com\/it\/wp-json\/wp\/v2\/types\/post"}],"author":[{"embeddable":true,"href":"https:\/\/www.monaco-tribune.com\/it\/wp-json\/wp\/v2\/users\/60"}],"replies":[{"embeddable":true,"href":"https:\/\/www.monaco-tribune.com\/it\/wp-json\/wp\/v2\/comments?post=117468"}],"version-history":[{"count":0,"href":"https:\/\/www.monaco-tribune.com\/it\/wp-json\/wp\/v2\/posts\/117468\/revisions"}],"wp:featuredmedia":[{"embeddable":true,"href":"https:\/\/www.monaco-tribune.com\/it\/wp-json\/wp\/v2\/media\/117420"}],"wp:attachment":[{"href":"https:\/\/www.monaco-tribune.com\/it\/wp-json\/wp\/v2\/media?parent=117468"}],"wp:term":[{"taxonomy":"category","embeddable":true,"href":"https:\/\/www.monaco-tribune.com\/it\/wp-json\/wp\/v2\/categories?post=117468"},{"taxonomy":"post_tag","embeddable":true,"href":"https:\/\/www.monaco-tribune.com\/it\/wp-json\/wp\/v2\/tags?post=117468"},{"taxonomy":"sectag","embeddable":true,"href":"https:\/\/www.monaco-tribune.com\/it\/wp-json\/wp\/v2\/post_sectags?post=117468"},{"taxonomy":"format","embeddable":true,"href":"https:\/\/www.monaco-tribune.com\/it\/wp-json\/wp\/v2\/post_format?post=117468"}],"curies":[{"name":"wp","href":"https:\/\/api.w.org\/{rel}","templated":true}]}}