{"id":117720,"date":"2022-04-12T17:37:35","date_gmt":"2022-04-12T15:37:35","guid":{"rendered":"https:\/\/www.monaco-tribune.com\/2022\/04\/un-tratto-dellavenue-princesse-grace-e-temporaneamente-a-senso-unico\/"},"modified":"2022-04-12T17:37:41","modified_gmt":"2022-04-12T15:37:41","slug":"un-tratto-dellavenue-princesse-grace-e-temporaneamente-a-senso-unico","status":"publish","type":"post","link":"https:\/\/www.monaco-tribune.com\/it\/2022\/04\/un-tratto-dellavenue-princesse-grace-e-temporaneamente-a-senso-unico\/","title":{"rendered":"Un tratto dell&#8217;Avenue Princesse Grace \u00e8 temporaneamente a senso unico"},"content":{"rendered":"\n<p><strong>Da marted\u00ec 19 aprile fino a venerd\u00ec 1 luglio, un tratto dell&#8217;Avenue Princesse Grace sar\u00e0 a senso unico per permettere l&#8217;avanzamento dei lavori del progetto Testimonio II.<\/strong><\/p>\n\n<p>La modifica riguarder\u00e0 il senso di marcia Mentone-Monaco sul tratto di strada compreso tra la rotonda dello Sporting Monte-Carlo e quella davanti l&#8217;hotel Monte Carlo Bay. In questo periodo, sar\u00e0 comunque possibile accedere agli hotel Monte-Carlo Bay Resort e Monte-Carlo Beach e ai rispettivi parcheggi.<\/p>\n\n<p><strong>LEGGI ANCHE<\/strong>: <a href=\"https:\/\/www.monaco-tribune.com\/it\/2022\/04\/3-progetti-per-snellire-il-traffico-in-entrata-a-monaco\/\">3 progetti per snellire il traffico in entrata a Monaco<\/a><\/p>\n\n<p>Verr\u00e0 apposta una segnaletica specifica nel comune di Roquebrune, all&#8217;altezza dell&#8217;intersezione tra il Boulevard du Larvotto e l\u2019Avenue Princesse Grace, per indicare che i due hotel sono accessibili.<\/p>\n\n<div class=\"wp-block-image\"><figure class=\"aligncenter size-full\"><img loading=\"lazy\" decoding=\"async\" width=\"900\" height=\"571\" src=\"https:\/\/www.monaco-tribune.com\/wp-content\/uploads\/2022\/04\/plan-deviation-110_900x900.jpg\" alt=\"\" class=\"wp-image-117506\" srcset=\"https:\/\/www.monaco-tribune.com\/wp-content\/uploads\/2022\/04\/plan-deviation-110_900x900.jpg 900w, https:\/\/www.monaco-tribune.com\/wp-content\/uploads\/2022\/04\/plan-deviation-110_900x900-473x300.jpg 473w\" sizes=\"auto, (max-width: 900px) 100vw, 900px\" \/><figcaption><em>Progetto di deviazione della linea 110 \/ \u00a9 Dipartimento di Comunicazione<\/em><\/figcaption><\/figure><\/div>\n\n<p>Per quanto riguarda gli autobus CAM, le linee 5 e 6 torneranno indietro alla rotatoria di  &#8220;Rocabella&#8221; per raggiungere il capolinea al Sea Club. La fermata &#8220;Sporting&#8221; sar\u00e0 soppressa. La linea 110, invece, subir\u00e0 una deviazione temporanea nel senso di marcia Mentone-Monaco-Nizza (vedi schema).<\/p>\n\n<p>Da notare che il doppio senso di circolazione sar\u00e0 temporaneamente ristabilito per tutti gli utenti dal 23 al 30 maggio 2022, in occasione del Gran Premio di Formula 1.<\/p>\n","protected":false},"excerpt":{"rendered":"<p>Da marted\u00ec 19 aprile fino a venerd\u00ec 1 luglio, un tratto dell&#8217;Avenue Princesse Grace sar\u00e0 a senso unico per permettere [&hellip;]<\/p>\n","protected":false},"author":24,"featured_media":85482,"comment_status":"closed","ping_status":"closed","sticky":false,"template":"","format":"standard","meta":{"_acf_changed":false,"footnotes":""},"categories":[1738,1752],"tags":[2859],"post_sectags":[],"post_format":[2477],"class_list":["post-117720","post","type-post","status-publish","format-standard","has-post-thumbnail","hentry","category-notizie","category-societa","tag-trasporto","format-info-pratiche"],"acf":[],"yoast_head":"<!-- This site is optimized with the Yoast SEO Premium plugin v26.8 (Yoast SEO v27.4) - https:\/\/yoast.com\/product\/yoast-seo-premium-wordpress\/ -->\n<title>Un tratto dell&#039;Avenue Princesse Grace \u00e8 temporaneamente a senso unico<\/title>\n<meta name=\"description\" content=\"Da marted\u00ec 19 aprile fino a venerd\u00ec 1 luglio, un tratto dell&#039;Avenue Princesse Grace sar\u00e0 a senso unico per permettere l&#039;avanzamento dei lavori del\" \/>\n<meta name=\"robots\" content=\"index, follow, max-snippet:-1, max-image-preview:large, max-video-preview:-1\" \/>\n<link rel=\"canonical\" href=\"https:\/\/www.monaco-tribune.com\/it\/2022\/04\/un-tratto-dellavenue-princesse-grace-e-temporaneamente-a-senso-unico\/\" \/>\n<meta property=\"og:locale\" content=\"it_IT\" \/>\n<meta property=\"og:type\" content=\"article\" \/>\n<meta property=\"og:title\" content=\"Un tratto dell&#039;Avenue Princesse Grace \u00e8 temporaneamente a senso unico - Monaco Tribune\" \/>\n<meta property=\"og:description\" content=\"Da marted\u00ec 19 aprile fino a venerd\u00ec 1 luglio, un tratto dell&#039;Avenue Princesse Grace sar\u00e0 a senso unico per permettere l&#039;avanzamento dei lavori del\" \/>\n<meta property=\"og:url\" content=\"https:\/\/www.monaco-tribune.com\/it\/2022\/04\/un-tratto-dellavenue-princesse-grace-e-temporaneamente-a-senso-unico\/\" \/>\n<meta property=\"og:site_name\" content=\"Monaco Tribune\" \/>\n<meta property=\"article:publisher\" content=\"https:\/\/www.facebook.com\/MonacoTribune\" \/>\n<meta property=\"article:published_time\" content=\"2022-04-12T15:37:35+00:00\" \/>\n<meta property=\"article:modified_time\" content=\"2022-04-12T15:37:41+00:00\" \/>\n<meta property=\"og:image\" content=\"https:\/\/www.monaco-tribune.com\/wp-content\/uploads\/2021\/07\/larvotto-ouverture-plage-complexe-balneaire.jpg\" \/>\n\t<meta property=\"og:image:width\" content=\"960\" \/>\n\t<meta property=\"og:image:height\" content=\"640\" \/>\n\t<meta property=\"og:image:type\" content=\"image\/jpeg\" \/>\n<meta name=\"author\" content=\"Romain Boisaubert\" \/>\n<meta name=\"twitter:card\" content=\"summary_large_image\" \/>\n<meta name=\"twitter:creator\" content=\"@MonacoTribune\" \/>\n<meta name=\"twitter:site\" content=\"@MonacoTribune\" \/>\n<script type=\"application\/ld+json\" class=\"yoast-schema-graph\">{\"@context\":\"https:\\\/\\\/schema.org\",\"@graph\":[{\"@type\":\"NewsArticle\",\"@id\":\"https:\\\/\\\/www.monaco-tribune.com\\\/it\\\/2022\\\/04\\\/un-tratto-dellavenue-princesse-grace-e-temporaneamente-a-senso-unico\\\/#article\",\"isPartOf\":{\"@id\":\"https:\\\/\\\/www.monaco-tribune.com\\\/it\\\/2022\\\/04\\\/un-tratto-dellavenue-princesse-grace-e-temporaneamente-a-senso-unico\\\/\"},\"author\":{\"name\":\"Romain Boisaubert\",\"@id\":\"https:\\\/\\\/www.monaco-tribune.com\\\/it\\\/#\\\/schema\\\/person\\\/330a3732947cf8cb41b2533a0eadd62e\"},\"headline\":\"Un tratto dell&#8217;Avenue Princesse Grace \u00e8 temporaneamente a senso unico\",\"datePublished\":\"2022-04-12T15:37:35+00:00\",\"dateModified\":\"2022-04-12T15:37:41+00:00\",\"mainEntityOfPage\":{\"@id\":\"https:\\\/\\\/www.monaco-tribune.com\\\/it\\\/2022\\\/04\\\/un-tratto-dellavenue-princesse-grace-e-temporaneamente-a-senso-unico\\\/\"},\"wordCount\":199,\"publisher\":{\"@id\":\"https:\\\/\\\/www.monaco-tribune.com\\\/it\\\/#organization\"},\"image\":{\"@id\":\"https:\\\/\\\/www.monaco-tribune.com\\\/it\\\/2022\\\/04\\\/un-tratto-dellavenue-princesse-grace-e-temporaneamente-a-senso-unico\\\/#primaryimage\"},\"thumbnailUrl\":\"https:\\\/\\\/www.monaco-tribune.com\\\/wp-content\\\/uploads\\\/2021\\\/07\\\/larvotto-ouverture-plage-complexe-balneaire-e1690535536381.jpg\",\"keywords\":[\"Trasporto\"],\"articleSection\":[\"Notizie\",\"Societ\u00e0\"],\"inLanguage\":\"it-IT\",\"copyrightYear\":\"2022\",\"copyrightHolder\":{\"@id\":\"https:\\\/\\\/www.monaco-tribune.com\\\/#organization\"}},{\"@type\":\"WebPage\",\"@id\":\"https:\\\/\\\/www.monaco-tribune.com\\\/it\\\/2022\\\/04\\\/un-tratto-dellavenue-princesse-grace-e-temporaneamente-a-senso-unico\\\/\",\"url\":\"https:\\\/\\\/www.monaco-tribune.com\\\/it\\\/2022\\\/04\\\/un-tratto-dellavenue-princesse-grace-e-temporaneamente-a-senso-unico\\\/\",\"name\":\"Un tratto dell'Avenue Princesse Grace \u00e8 temporaneamente a senso unico\",\"isPartOf\":{\"@id\":\"https:\\\/\\\/www.monaco-tribune.com\\\/it\\\/#website\"},\"primaryImageOfPage\":{\"@id\":\"https:\\\/\\\/www.monaco-tribune.com\\\/it\\\/2022\\\/04\\\/un-tratto-dellavenue-princesse-grace-e-temporaneamente-a-senso-unico\\\/#primaryimage\"},\"image\":{\"@id\":\"https:\\\/\\\/www.monaco-tribune.com\\\/it\\\/2022\\\/04\\\/un-tratto-dellavenue-princesse-grace-e-temporaneamente-a-senso-unico\\\/#primaryimage\"},\"thumbnailUrl\":\"https:\\\/\\\/www.monaco-tribune.com\\\/wp-content\\\/uploads\\\/2021\\\/07\\\/larvotto-ouverture-plage-complexe-balneaire-e1690535536381.jpg\",\"datePublished\":\"2022-04-12T15:37:35+00:00\",\"dateModified\":\"2022-04-12T15:37:41+00:00\",\"description\":\"Da marted\u00ec 19 aprile fino a venerd\u00ec 1 luglio, un tratto dell'Avenue Princesse Grace sar\u00e0 a senso unico per permettere l'avanzamento dei lavori del\",\"breadcrumb\":{\"@id\":\"https:\\\/\\\/www.monaco-tribune.com\\\/it\\\/2022\\\/04\\\/un-tratto-dellavenue-princesse-grace-e-temporaneamente-a-senso-unico\\\/#breadcrumb\"},\"inLanguage\":\"it-IT\",\"potentialAction\":[{\"@type\":\"ReadAction\",\"target\":[\"https:\\\/\\\/www.monaco-tribune.com\\\/it\\\/2022\\\/04\\\/un-tratto-dellavenue-princesse-grace-e-temporaneamente-a-senso-unico\\\/\"]}]},{\"@type\":\"ImageObject\",\"inLanguage\":\"it-IT\",\"@id\":\"https:\\\/\\\/www.monaco-tribune.com\\\/it\\\/2022\\\/04\\\/un-tratto-dellavenue-princesse-grace-e-temporaneamente-a-senso-unico\\\/#primaryimage\",\"url\":\"https:\\\/\\\/www.monaco-tribune.com\\\/wp-content\\\/uploads\\\/2021\\\/07\\\/larvotto-ouverture-plage-complexe-balneaire-e1690535536381.jpg\",\"contentUrl\":\"https:\\\/\\\/www.monaco-tribune.com\\\/wp-content\\\/uploads\\\/2021\\\/07\\\/larvotto-ouverture-plage-complexe-balneaire-e1690535536381.jpg\",\"width\":960,\"height\":640,\"caption\":\"Alcuni si godono la spiaggia del Larvotto la mattina presto. \u00a9 Governo del Principe\"},{\"@type\":\"BreadcrumbList\",\"@id\":\"https:\\\/\\\/www.monaco-tribune.com\\\/it\\\/2022\\\/04\\\/un-tratto-dellavenue-princesse-grace-e-temporaneamente-a-senso-unico\\\/#breadcrumb\",\"itemListElement\":[{\"@type\":\"ListItem\",\"position\":1,\"name\":\"Accueil\",\"item\":\"https:\\\/\\\/www.monaco-tribune.com\\\/it\\\/\"},{\"@type\":\"ListItem\",\"position\":2,\"name\":\"Un tratto dell&rsquo;Avenue Princesse Grace \u00e8 temporaneamente a senso unico\"}]},{\"@type\":\"WebSite\",\"@id\":\"https:\\\/\\\/www.monaco-tribune.com\\\/it\\\/#website\",\"url\":\"https:\\\/\\\/www.monaco-tribune.com\\\/it\\\/\",\"name\":\"Monaco Tribune\",\"description\":\"Monaco : actualit\u00e9s \u00e9conomiques, politiques, culturelles et sportives de Monaco et de la French Riviera.\",\"publisher\":{\"@id\":\"https:\\\/\\\/www.monaco-tribune.com\\\/it\\\/#organization\"},\"potentialAction\":[{\"@type\":\"SearchAction\",\"target\":{\"@type\":\"EntryPoint\",\"urlTemplate\":\"https:\\\/\\\/www.monaco-tribune.com\\\/it\\\/?s={search_term_string}\"},\"query-input\":{\"@type\":\"PropertyValueSpecification\",\"valueRequired\":true,\"valueName\":\"search_term_string\"}}],\"inLanguage\":\"it-IT\"},{\"@type\":\"Organization\",\"@id\":\"https:\\\/\\\/www.monaco-tribune.com\\\/it\\\/#organization\",\"name\":\"Monaco Tribune\",\"url\":\"https:\\\/\\\/www.monaco-tribune.com\\\/it\\\/\",\"logo\":{\"@type\":\"ImageObject\",\"inLanguage\":\"it-IT\",\"@id\":\"https:\\\/\\\/www.monaco-tribune.com\\\/it\\\/#\\\/schema\\\/logo\\\/image\\\/\",\"url\":\"https:\\\/\\\/www.monaco-tribune.com\\\/wp-content\\\/uploads\\\/2022\\\/11\\\/logo-monaco-tribune.png\",\"contentUrl\":\"https:\\\/\\\/www.monaco-tribune.com\\\/wp-content\\\/uploads\\\/2022\\\/11\\\/logo-monaco-tribune.png\",\"width\":1548,\"height\":600,\"caption\":\"Monaco Tribune\"},\"image\":{\"@id\":\"https:\\\/\\\/www.monaco-tribune.com\\\/it\\\/#\\\/schema\\\/logo\\\/image\\\/\"},\"sameAs\":[\"https:\\\/\\\/www.facebook.com\\\/MonacoTribune\",\"https:\\\/\\\/x.com\\\/MonacoTribune\",\"https:\\\/\\\/www.instagram.com\\\/monacotribune\\\/\",\"https:\\\/\\\/www.linkedin.com\\\/company\\\/monaco-tribune\",\"https:\\\/\\\/www.youtube.com\\\/channel\\\/UCHle1MnG6hw1y4lWKijVbMA\"]},{\"@type\":\"Person\",\"@id\":\"https:\\\/\\\/www.monaco-tribune.com\\\/it\\\/#\\\/schema\\\/person\\\/330a3732947cf8cb41b2533a0eadd62e\",\"name\":\"Romain Boisaubert\",\"image\":{\"@type\":\"ImageObject\",\"inLanguage\":\"it-IT\",\"@id\":\"https:\\\/\\\/secure.gravatar.com\\\/avatar\\\/f8b90d41f1eabd1cbe4cf59e09d8db41a697d51919bf2dfe727589a24a4a4d54?s=96&d=mm&r=g\",\"url\":\"https:\\\/\\\/secure.gravatar.com\\\/avatar\\\/f8b90d41f1eabd1cbe4cf59e09d8db41a697d51919bf2dfe727589a24a4a4d54?s=96&d=mm&r=g\",\"contentUrl\":\"https:\\\/\\\/secure.gravatar.com\\\/avatar\\\/f8b90d41f1eabd1cbe4cf59e09d8db41a697d51919bf2dfe727589a24a4a4d54?s=96&d=mm&r=g\",\"caption\":\"Romain Boisaubert\"},\"description\":\"Test bio\",\"url\":\"https:\\\/\\\/www.monaco-tribune.com\\\/it\\\/author\\\/romain-boisaubert\\\/\"}]}<\/script>\n<!-- \/ Yoast SEO Premium plugin. -->","yoast_head_json":{"title":"Un tratto dell'Avenue Princesse Grace \u00e8 temporaneamente a senso unico","description":"Da marted\u00ec 19 aprile fino a venerd\u00ec 1 luglio, un tratto dell'Avenue Princesse Grace sar\u00e0 a senso unico per permettere l'avanzamento dei lavori del","robots":{"index":"index","follow":"follow","max-snippet":"max-snippet:-1","max-image-preview":"max-image-preview:large","max-video-preview":"max-video-preview:-1"},"canonical":"https:\/\/www.monaco-tribune.com\/it\/2022\/04\/un-tratto-dellavenue-princesse-grace-e-temporaneamente-a-senso-unico\/","og_locale":"it_IT","og_type":"article","og_title":"Un tratto dell'Avenue Princesse Grace \u00e8 temporaneamente a senso unico - Monaco Tribune","og_description":"Da marted\u00ec 19 aprile fino a venerd\u00ec 1 luglio, un tratto dell'Avenue Princesse Grace sar\u00e0 a senso unico per permettere l'avanzamento dei lavori del","og_url":"https:\/\/www.monaco-tribune.com\/it\/2022\/04\/un-tratto-dellavenue-princesse-grace-e-temporaneamente-a-senso-unico\/","og_site_name":"Monaco Tribune","article_publisher":"https:\/\/www.facebook.com\/MonacoTribune","article_published_time":"2022-04-12T15:37:35+00:00","article_modified_time":"2022-04-12T15:37:41+00:00","og_image":[{"width":960,"height":640,"url":"https:\/\/www.monaco-tribune.com\/wp-content\/uploads\/2021\/07\/larvotto-ouverture-plage-complexe-balneaire.jpg","type":"image\/jpeg"}],"author":"Romain Boisaubert","twitter_card":"summary_large_image","twitter_creator":"@MonacoTribune","twitter_site":"@MonacoTribune","schema":{"@context":"https:\/\/schema.org","@graph":[{"@type":"NewsArticle","@id":"https:\/\/www.monaco-tribune.com\/it\/2022\/04\/un-tratto-dellavenue-princesse-grace-e-temporaneamente-a-senso-unico\/#article","isPartOf":{"@id":"https:\/\/www.monaco-tribune.com\/it\/2022\/04\/un-tratto-dellavenue-princesse-grace-e-temporaneamente-a-senso-unico\/"},"author":{"name":"Romain Boisaubert","@id":"https:\/\/www.monaco-tribune.com\/it\/#\/schema\/person\/330a3732947cf8cb41b2533a0eadd62e"},"headline":"Un tratto dell&#8217;Avenue Princesse Grace \u00e8 temporaneamente a senso unico","datePublished":"2022-04-12T15:37:35+00:00","dateModified":"2022-04-12T15:37:41+00:00","mainEntityOfPage":{"@id":"https:\/\/www.monaco-tribune.com\/it\/2022\/04\/un-tratto-dellavenue-princesse-grace-e-temporaneamente-a-senso-unico\/"},"wordCount":199,"publisher":{"@id":"https:\/\/www.monaco-tribune.com\/it\/#organization"},"image":{"@id":"https:\/\/www.monaco-tribune.com\/it\/2022\/04\/un-tratto-dellavenue-princesse-grace-e-temporaneamente-a-senso-unico\/#primaryimage"},"thumbnailUrl":"https:\/\/www.monaco-tribune.com\/wp-content\/uploads\/2021\/07\/larvotto-ouverture-plage-complexe-balneaire-e1690535536381.jpg","keywords":["Trasporto"],"articleSection":["Notizie","Societ\u00e0"],"inLanguage":"it-IT","copyrightYear":"2022","copyrightHolder":{"@id":"https:\/\/www.monaco-tribune.com\/#organization"}},{"@type":"WebPage","@id":"https:\/\/www.monaco-tribune.com\/it\/2022\/04\/un-tratto-dellavenue-princesse-grace-e-temporaneamente-a-senso-unico\/","url":"https:\/\/www.monaco-tribune.com\/it\/2022\/04\/un-tratto-dellavenue-princesse-grace-e-temporaneamente-a-senso-unico\/","name":"Un tratto dell'Avenue Princesse Grace \u00e8 temporaneamente a senso unico","isPartOf":{"@id":"https:\/\/www.monaco-tribune.com\/it\/#website"},"primaryImageOfPage":{"@id":"https:\/\/www.monaco-tribune.com\/it\/2022\/04\/un-tratto-dellavenue-princesse-grace-e-temporaneamente-a-senso-unico\/#primaryimage"},"image":{"@id":"https:\/\/www.monaco-tribune.com\/it\/2022\/04\/un-tratto-dellavenue-princesse-grace-e-temporaneamente-a-senso-unico\/#primaryimage"},"thumbnailUrl":"https:\/\/www.monaco-tribune.com\/wp-content\/uploads\/2021\/07\/larvotto-ouverture-plage-complexe-balneaire-e1690535536381.jpg","datePublished":"2022-04-12T15:37:35+00:00","dateModified":"2022-04-12T15:37:41+00:00","description":"Da marted\u00ec 19 aprile fino a venerd\u00ec 1 luglio, un tratto dell'Avenue Princesse Grace sar\u00e0 a senso unico per permettere l'avanzamento dei lavori del","breadcrumb":{"@id":"https:\/\/www.monaco-tribune.com\/it\/2022\/04\/un-tratto-dellavenue-princesse-grace-e-temporaneamente-a-senso-unico\/#breadcrumb"},"inLanguage":"it-IT","potentialAction":[{"@type":"ReadAction","target":["https:\/\/www.monaco-tribune.com\/it\/2022\/04\/un-tratto-dellavenue-princesse-grace-e-temporaneamente-a-senso-unico\/"]}]},{"@type":"ImageObject","inLanguage":"it-IT","@id":"https:\/\/www.monaco-tribune.com\/it\/2022\/04\/un-tratto-dellavenue-princesse-grace-e-temporaneamente-a-senso-unico\/#primaryimage","url":"https:\/\/www.monaco-tribune.com\/wp-content\/uploads\/2021\/07\/larvotto-ouverture-plage-complexe-balneaire-e1690535536381.jpg","contentUrl":"https:\/\/www.monaco-tribune.com\/wp-content\/uploads\/2021\/07\/larvotto-ouverture-plage-complexe-balneaire-e1690535536381.jpg","width":960,"height":640,"caption":"Alcuni si godono la spiaggia del Larvotto la mattina presto. \u00a9 Governo del Principe"},{"@type":"BreadcrumbList","@id":"https:\/\/www.monaco-tribune.com\/it\/2022\/04\/un-tratto-dellavenue-princesse-grace-e-temporaneamente-a-senso-unico\/#breadcrumb","itemListElement":[{"@type":"ListItem","position":1,"name":"Accueil","item":"https:\/\/www.monaco-tribune.com\/it\/"},{"@type":"ListItem","position":2,"name":"Un tratto dell&rsquo;Avenue Princesse Grace \u00e8 temporaneamente a senso unico"}]},{"@type":"WebSite","@id":"https:\/\/www.monaco-tribune.com\/it\/#website","url":"https:\/\/www.monaco-tribune.com\/it\/","name":"Monaco Tribune","description":"Monaco : actualit\u00e9s \u00e9conomiques, politiques, culturelles et sportives de Monaco et de la French Riviera.","publisher":{"@id":"https:\/\/www.monaco-tribune.com\/it\/#organization"},"potentialAction":[{"@type":"SearchAction","target":{"@type":"EntryPoint","urlTemplate":"https:\/\/www.monaco-tribune.com\/it\/?s={search_term_string}"},"query-input":{"@type":"PropertyValueSpecification","valueRequired":true,"valueName":"search_term_string"}}],"inLanguage":"it-IT"},{"@type":"Organization","@id":"https:\/\/www.monaco-tribune.com\/it\/#organization","name":"Monaco Tribune","url":"https:\/\/www.monaco-tribune.com\/it\/","logo":{"@type":"ImageObject","inLanguage":"it-IT","@id":"https:\/\/www.monaco-tribune.com\/it\/#\/schema\/logo\/image\/","url":"https:\/\/www.monaco-tribune.com\/wp-content\/uploads\/2022\/11\/logo-monaco-tribune.png","contentUrl":"https:\/\/www.monaco-tribune.com\/wp-content\/uploads\/2022\/11\/logo-monaco-tribune.png","width":1548,"height":600,"caption":"Monaco Tribune"},"image":{"@id":"https:\/\/www.monaco-tribune.com\/it\/#\/schema\/logo\/image\/"},"sameAs":["https:\/\/www.facebook.com\/MonacoTribune","https:\/\/x.com\/MonacoTribune","https:\/\/www.instagram.com\/monacotribune\/","https:\/\/www.linkedin.com\/company\/monaco-tribune","https:\/\/www.youtube.com\/channel\/UCHle1MnG6hw1y4lWKijVbMA"]},{"@type":"Person","@id":"https:\/\/www.monaco-tribune.com\/it\/#\/schema\/person\/330a3732947cf8cb41b2533a0eadd62e","name":"Romain Boisaubert","image":{"@type":"ImageObject","inLanguage":"it-IT","@id":"https:\/\/secure.gravatar.com\/avatar\/f8b90d41f1eabd1cbe4cf59e09d8db41a697d51919bf2dfe727589a24a4a4d54?s=96&d=mm&r=g","url":"https:\/\/secure.gravatar.com\/avatar\/f8b90d41f1eabd1cbe4cf59e09d8db41a697d51919bf2dfe727589a24a4a4d54?s=96&d=mm&r=g","contentUrl":"https:\/\/secure.gravatar.com\/avatar\/f8b90d41f1eabd1cbe4cf59e09d8db41a697d51919bf2dfe727589a24a4a4d54?s=96&d=mm&r=g","caption":"Romain Boisaubert"},"description":"Test bio","url":"https:\/\/www.monaco-tribune.com\/it\/author\/romain-boisaubert\/"}]}},"_links":{"self":[{"href":"https:\/\/www.monaco-tribune.com\/it\/wp-json\/wp\/v2\/posts\/117720","targetHints":{"allow":["GET"]}}],"collection":[{"href":"https:\/\/www.monaco-tribune.com\/it\/wp-json\/wp\/v2\/posts"}],"about":[{"href":"https:\/\/www.monaco-tribune.com\/it\/wp-json\/wp\/v2\/types\/post"}],"author":[{"embeddable":true,"href":"https:\/\/www.monaco-tribune.com\/it\/wp-json\/wp\/v2\/users\/24"}],"replies":[{"embeddable":true,"href":"https:\/\/www.monaco-tribune.com\/it\/wp-json\/wp\/v2\/comments?post=117720"}],"version-history":[{"count":0,"href":"https:\/\/www.monaco-tribune.com\/it\/wp-json\/wp\/v2\/posts\/117720\/revisions"}],"wp:featuredmedia":[{"embeddable":true,"href":"https:\/\/www.monaco-tribune.com\/it\/wp-json\/wp\/v2\/media\/85482"}],"wp:attachment":[{"href":"https:\/\/www.monaco-tribune.com\/it\/wp-json\/wp\/v2\/media?parent=117720"}],"wp:term":[{"taxonomy":"category","embeddable":true,"href":"https:\/\/www.monaco-tribune.com\/it\/wp-json\/wp\/v2\/categories?post=117720"},{"taxonomy":"post_tag","embeddable":true,"href":"https:\/\/www.monaco-tribune.com\/it\/wp-json\/wp\/v2\/tags?post=117720"},{"taxonomy":"sectag","embeddable":true,"href":"https:\/\/www.monaco-tribune.com\/it\/wp-json\/wp\/v2\/post_sectags?post=117720"},{"taxonomy":"format","embeddable":true,"href":"https:\/\/www.monaco-tribune.com\/it\/wp-json\/wp\/v2\/post_format?post=117720"}],"curies":[{"name":"wp","href":"https:\/\/api.w.org\/{rel}","templated":true}]}}