{"id":117982,"date":"2022-04-14T16:51:39","date_gmt":"2022-04-14T14:51:39","guid":{"rendered":"https:\/\/www.monaco-tribune.com\/2022\/04\/covid-19-a-monaco-contagiata-1-persona-su-4-dallinizio-della-pandemia\/"},"modified":"2022-04-20T17:13:24","modified_gmt":"2022-04-20T15:13:24","slug":"covid-19-a-monaco-contagiata-1-persona-su-4-dallinizio-della-pandemia","status":"publish","type":"post","link":"https:\/\/www.monaco-tribune.com\/it\/2022\/04\/covid-19-a-monaco-contagiata-1-persona-su-4-dallinizio-della-pandemia\/","title":{"rendered":"Covid-19: a Monaco contagiata 1 persona su 4 dall&#8217;inizio della pandemia"},"content":{"rendered":"\n<p><strong>L\u2019Istituto monegasco di statistica e studi economici (IMSEE) ha pubblicato il suo ultimo rapporto sull&#8217;emergenza sanitaria.<\/strong><\/p>\n\n<p>Vaccinazioni, popolazione colpita e mortalit\u00e0: ecco qualche dato chiave.<\/p>\n\n<h2 class=\"wp-block-heading\" id=\"h-1-resident-sur-4-infecte\">1 residente su 4 contagiato<\/h2>\n\n<p>Dall&#8217;inizio dell&#8217;epidemia, il Principato ha registrato 10.757 casi di Covid, di cui 573 reinfezioni. Un residente su quattro (26,6%) \u00e8 gi\u00e0 stato contagiato e tra questi il 4,4% \u00e8 dovuto ricorrere all&#8217;ospedalizzazione.<\/p>\n\n<h2 class=\"wp-block-heading\">Un terzo della popolazione non \u00e8 vaccinata<\/h2>\n\n<p>Nel Principato, il 71% della popolazione sopra i 12 anni \u00e8 vaccinata, l&#8217;8% in meno rispetto alla Francia. Al 31 marzo 2022, erano stati inoculati a Monaco 78.995 vaccini. Tra novembre 2021 e la fine del mese di marzo 2022, la terza dose \u00e8 stata somministrata 19.500 volte.<\/p>\n\n<p><strong>LEGGI ANCHE<\/strong>: <a href=\"https:\/\/www.monaco-tribune.com\/it\/2022\/04\/il-principe-alberto-ii-positivo-al-covid-19\/\">Il Principe Alberto II positivo al Covid-19<\/a><\/p>\n\n<h2 class=\"wp-block-heading\">Lo 0,5% dei contagiati \u00e8 deceduto<\/h2>\n\n<p>All&#8217;11 aprile 2022, i decessi registrati a causa del Covid-19 sono stati 56. Dopo l&#8217;ultimo bilancio dell&#8217;IMSEE, pubblicato ad agosto 2021, la maggior parte dei decessi \u00e8 avvenuta tra gennaio e marzo 2022, lo stesso periodo in cui i casi giornalieri sono aumentati a dismisura. L&#8217;et\u00e0 media dei deceduti \u00e8 di 84,3 anni. 3 di questi erano di nazionalit\u00e0 monegasca.<\/p>\n","protected":false},"excerpt":{"rendered":"<p>L\u2019Istituto monegasco di statistica e studi economici (IMSEE) ha pubblicato il suo ultimo rapporto sull&#8217;emergenza sanitaria. Vaccinazioni, popolazione colpita e [&hellip;]<\/p>\n","protected":false},"author":21,"featured_media":81487,"comment_status":"closed","ping_status":"closed","sticky":false,"template":"","format":"standard","meta":{"_acf_changed":false,"footnotes":""},"categories":[1826,1738,1752],"tags":[2886],"post_sectags":[],"post_format":[],"class_list":["post-117982","post","type-post","status-publish","format-standard","has-post-thumbnail","hentry","category-la-nostra-scelta","category-notizie","category-societa","tag-covid-19-it"],"acf":[],"yoast_head":"<!-- This site is optimized with the Yoast SEO Premium plugin v26.8 (Yoast SEO v27.5) - https:\/\/yoast.com\/product\/yoast-seo-premium-wordpress\/ -->\n<title>Covid-19: a Monaco contagiata 1 persona su 4 dall&#039;inizio della pandemia<\/title>\n<meta name=\"description\" content=\"L\u2019Istituto monegasco di statistica e studi economici (IMSEE) ha pubblicato il suo ultimo rapporto sull&#039;emergenza sanitaria. Vaccinazioni, popolazione\" \/>\n<meta name=\"robots\" content=\"index, follow, max-snippet:-1, max-image-preview:large, max-video-preview:-1\" \/>\n<link rel=\"canonical\" href=\"https:\/\/www.monaco-tribune.com\/it\/2022\/04\/covid-19-a-monaco-contagiata-1-persona-su-4-dallinizio-della-pandemia\/\" \/>\n<meta property=\"og:locale\" content=\"it_IT\" \/>\n<meta property=\"og:type\" content=\"article\" \/>\n<meta property=\"og:title\" content=\"Covid-19: a Monaco contagiata 1 persona su 4 dall&#039;inizio della pandemia - Monaco Tribune\" \/>\n<meta property=\"og:description\" content=\"L\u2019Istituto monegasco di statistica e studi economici (IMSEE) ha pubblicato il suo ultimo rapporto sull&#039;emergenza sanitaria. Vaccinazioni, popolazione\" \/>\n<meta property=\"og:url\" content=\"https:\/\/www.monaco-tribune.com\/it\/2022\/04\/covid-19-a-monaco-contagiata-1-persona-su-4-dallinizio-della-pandemia\/\" \/>\n<meta property=\"og:site_name\" content=\"Monaco Tribune\" \/>\n<meta property=\"article:publisher\" content=\"https:\/\/www.facebook.com\/MonacoTribune\" \/>\n<meta property=\"article:published_time\" content=\"2022-04-14T14:51:39+00:00\" \/>\n<meta property=\"article:modified_time\" content=\"2022-04-20T15:13:24+00:00\" \/>\n<meta property=\"og:image\" content=\"https:\/\/www.monaco-tribune.com\/wp-content\/uploads\/2021\/06\/discovery-homme-femme.jpg\" \/>\n\t<meta property=\"og:image:width\" content=\"1024\" \/>\n\t<meta property=\"og:image:height\" content=\"576\" \/>\n\t<meta property=\"og:image:type\" content=\"image\/jpeg\" \/>\n<meta name=\"author\" content=\"Monaco Tribune\" \/>\n<meta name=\"twitter:card\" content=\"summary_large_image\" \/>\n<meta name=\"twitter:creator\" content=\"@MonacoTribune\" \/>\n<meta name=\"twitter:site\" content=\"@MonacoTribune\" \/>\n<script type=\"application\/ld+json\" class=\"yoast-schema-graph\">{\"@context\":\"https:\\\/\\\/schema.org\",\"@graph\":[{\"@type\":\"NewsArticle\",\"@id\":\"https:\\\/\\\/www.monaco-tribune.com\\\/it\\\/2022\\\/04\\\/covid-19-a-monaco-contagiata-1-persona-su-4-dallinizio-della-pandemia\\\/#article\",\"isPartOf\":{\"@id\":\"https:\\\/\\\/www.monaco-tribune.com\\\/it\\\/2022\\\/04\\\/covid-19-a-monaco-contagiata-1-persona-su-4-dallinizio-della-pandemia\\\/\"},\"author\":{\"name\":\"Monaco Tribune\",\"@id\":\"https:\\\/\\\/www.monaco-tribune.com\\\/it\\\/#\\\/schema\\\/person\\\/8f6ed8c063276e2397589eda5b7a2f2d\"},\"headline\":\"Covid-19: a Monaco contagiata 1 persona su 4 dall&#8217;inizio della pandemia\",\"datePublished\":\"2022-04-14T14:51:39+00:00\",\"dateModified\":\"2022-04-20T15:13:24+00:00\",\"mainEntityOfPage\":{\"@id\":\"https:\\\/\\\/www.monaco-tribune.com\\\/it\\\/2022\\\/04\\\/covid-19-a-monaco-contagiata-1-persona-su-4-dallinizio-della-pandemia\\\/\"},\"wordCount\":181,\"publisher\":{\"@id\":\"https:\\\/\\\/www.monaco-tribune.com\\\/it\\\/#organization\"},\"image\":{\"@id\":\"https:\\\/\\\/www.monaco-tribune.com\\\/it\\\/2022\\\/04\\\/covid-19-a-monaco-contagiata-1-persona-su-4-dallinizio-della-pandemia\\\/#primaryimage\"},\"thumbnailUrl\":\"https:\\\/\\\/www.monaco-tribune.com\\\/wp-content\\\/uploads\\\/2021\\\/06\\\/discovery-homme-femme.jpg\",\"keywords\":[\"Covid-19\"],\"articleSection\":[\"La nostra scelta\",\"Notizie\",\"Societ\u00e0\"],\"inLanguage\":\"it-IT\",\"copyrightYear\":\"2022\",\"copyrightHolder\":{\"@id\":\"https:\\\/\\\/www.monaco-tribune.com\\\/#organization\"}},{\"@type\":\"WebPage\",\"@id\":\"https:\\\/\\\/www.monaco-tribune.com\\\/it\\\/2022\\\/04\\\/covid-19-a-monaco-contagiata-1-persona-su-4-dallinizio-della-pandemia\\\/\",\"url\":\"https:\\\/\\\/www.monaco-tribune.com\\\/it\\\/2022\\\/04\\\/covid-19-a-monaco-contagiata-1-persona-su-4-dallinizio-della-pandemia\\\/\",\"name\":\"Covid-19: a Monaco contagiata 1 persona su 4 dall'inizio della pandemia\",\"isPartOf\":{\"@id\":\"https:\\\/\\\/www.monaco-tribune.com\\\/it\\\/#website\"},\"primaryImageOfPage\":{\"@id\":\"https:\\\/\\\/www.monaco-tribune.com\\\/it\\\/2022\\\/04\\\/covid-19-a-monaco-contagiata-1-persona-su-4-dallinizio-della-pandemia\\\/#primaryimage\"},\"image\":{\"@id\":\"https:\\\/\\\/www.monaco-tribune.com\\\/it\\\/2022\\\/04\\\/covid-19-a-monaco-contagiata-1-persona-su-4-dallinizio-della-pandemia\\\/#primaryimage\"},\"thumbnailUrl\":\"https:\\\/\\\/www.monaco-tribune.com\\\/wp-content\\\/uploads\\\/2021\\\/06\\\/discovery-homme-femme.jpg\",\"datePublished\":\"2022-04-14T14:51:39+00:00\",\"dateModified\":\"2022-04-20T15:13:24+00:00\",\"description\":\"L\u2019Istituto monegasco di statistica e studi economici (IMSEE) ha pubblicato il suo ultimo rapporto sull'emergenza sanitaria. Vaccinazioni, popolazione\",\"breadcrumb\":{\"@id\":\"https:\\\/\\\/www.monaco-tribune.com\\\/it\\\/2022\\\/04\\\/covid-19-a-monaco-contagiata-1-persona-su-4-dallinizio-della-pandemia\\\/#breadcrumb\"},\"inLanguage\":\"it-IT\",\"potentialAction\":[{\"@type\":\"ReadAction\",\"target\":[\"https:\\\/\\\/www.monaco-tribune.com\\\/it\\\/2022\\\/04\\\/covid-19-a-monaco-contagiata-1-persona-su-4-dallinizio-della-pandemia\\\/\"]}]},{\"@type\":\"ImageObject\",\"inLanguage\":\"it-IT\",\"@id\":\"https:\\\/\\\/www.monaco-tribune.com\\\/it\\\/2022\\\/04\\\/covid-19-a-monaco-contagiata-1-persona-su-4-dallinizio-della-pandemia\\\/#primaryimage\",\"url\":\"https:\\\/\\\/www.monaco-tribune.com\\\/wp-content\\\/uploads\\\/2021\\\/06\\\/discovery-homme-femme.jpg\",\"contentUrl\":\"https:\\\/\\\/www.monaco-tribune.com\\\/wp-content\\\/uploads\\\/2021\\\/06\\\/discovery-homme-femme.jpg\",\"width\":1024,\"height\":576,\"caption\":\"Aliz\u00e9e Mosconi \\\/ Monaco Tribune\"},{\"@type\":\"BreadcrumbList\",\"@id\":\"https:\\\/\\\/www.monaco-tribune.com\\\/it\\\/2022\\\/04\\\/covid-19-a-monaco-contagiata-1-persona-su-4-dallinizio-della-pandemia\\\/#breadcrumb\",\"itemListElement\":[{\"@type\":\"ListItem\",\"position\":1,\"name\":\"Accueil\",\"item\":\"https:\\\/\\\/www.monaco-tribune.com\\\/it\\\/\"},{\"@type\":\"ListItem\",\"position\":2,\"name\":\"Covid-19: a Monaco contagiata 1 persona su 4 dall&rsquo;inizio della pandemia\"}]},{\"@type\":\"WebSite\",\"@id\":\"https:\\\/\\\/www.monaco-tribune.com\\\/it\\\/#website\",\"url\":\"https:\\\/\\\/www.monaco-tribune.com\\\/it\\\/\",\"name\":\"Monaco Tribune\",\"description\":\"Monaco : actualit\u00e9s \u00e9conomiques, politiques, culturelles et sportives de Monaco et de la French Riviera.\",\"publisher\":{\"@id\":\"https:\\\/\\\/www.monaco-tribune.com\\\/it\\\/#organization\"},\"potentialAction\":[{\"@type\":\"SearchAction\",\"target\":{\"@type\":\"EntryPoint\",\"urlTemplate\":\"https:\\\/\\\/www.monaco-tribune.com\\\/it\\\/?s={search_term_string}\"},\"query-input\":{\"@type\":\"PropertyValueSpecification\",\"valueRequired\":true,\"valueName\":\"search_term_string\"}}],\"inLanguage\":\"it-IT\"},{\"@type\":\"Organization\",\"@id\":\"https:\\\/\\\/www.monaco-tribune.com\\\/it\\\/#organization\",\"name\":\"Monaco Tribune\",\"url\":\"https:\\\/\\\/www.monaco-tribune.com\\\/it\\\/\",\"logo\":{\"@type\":\"ImageObject\",\"inLanguage\":\"it-IT\",\"@id\":\"https:\\\/\\\/www.monaco-tribune.com\\\/it\\\/#\\\/schema\\\/logo\\\/image\\\/\",\"url\":\"https:\\\/\\\/www.monaco-tribune.com\\\/wp-content\\\/uploads\\\/2022\\\/11\\\/logo-monaco-tribune.png\",\"contentUrl\":\"https:\\\/\\\/www.monaco-tribune.com\\\/wp-content\\\/uploads\\\/2022\\\/11\\\/logo-monaco-tribune.png\",\"width\":1548,\"height\":600,\"caption\":\"Monaco Tribune\"},\"image\":{\"@id\":\"https:\\\/\\\/www.monaco-tribune.com\\\/it\\\/#\\\/schema\\\/logo\\\/image\\\/\"},\"sameAs\":[\"https:\\\/\\\/www.facebook.com\\\/MonacoTribune\",\"https:\\\/\\\/x.com\\\/MonacoTribune\",\"https:\\\/\\\/www.instagram.com\\\/monacotribune\\\/\",\"https:\\\/\\\/www.linkedin.com\\\/company\\\/monaco-tribune\",\"https:\\\/\\\/www.youtube.com\\\/channel\\\/UCHle1MnG6hw1y4lWKijVbMA\"]},{\"@type\":\"Person\",\"@id\":\"https:\\\/\\\/www.monaco-tribune.com\\\/it\\\/#\\\/schema\\\/person\\\/8f6ed8c063276e2397589eda5b7a2f2d\",\"name\":\"Monaco Tribune\",\"image\":{\"@type\":\"ImageObject\",\"inLanguage\":\"it-IT\",\"@id\":\"https:\\\/\\\/secure.gravatar.com\\\/avatar\\\/3010e6c5d6c8056ec1c25228fe68ea089879e5ae0de884e0247744ee988aaf6a?s=96&d=mm&r=g\",\"url\":\"https:\\\/\\\/secure.gravatar.com\\\/avatar\\\/3010e6c5d6c8056ec1c25228fe68ea089879e5ae0de884e0247744ee988aaf6a?s=96&d=mm&r=g\",\"contentUrl\":\"https:\\\/\\\/secure.gravatar.com\\\/avatar\\\/3010e6c5d6c8056ec1c25228fe68ea089879e5ae0de884e0247744ee988aaf6a?s=96&d=mm&r=g\",\"caption\":\"Monaco Tribune\"},\"url\":\"https:\\\/\\\/www.monaco-tribune.com\\\/it\\\/author\\\/monaco-tribune\\\/\"}]}<\/script>\n<!-- \/ Yoast SEO Premium plugin. -->","yoast_head_json":{"title":"Covid-19: a Monaco contagiata 1 persona su 4 dall'inizio della pandemia","description":"L\u2019Istituto monegasco di statistica e studi economici (IMSEE) ha pubblicato il suo ultimo rapporto sull'emergenza sanitaria. Vaccinazioni, popolazione","robots":{"index":"index","follow":"follow","max-snippet":"max-snippet:-1","max-image-preview":"max-image-preview:large","max-video-preview":"max-video-preview:-1"},"canonical":"https:\/\/www.monaco-tribune.com\/it\/2022\/04\/covid-19-a-monaco-contagiata-1-persona-su-4-dallinizio-della-pandemia\/","og_locale":"it_IT","og_type":"article","og_title":"Covid-19: a Monaco contagiata 1 persona su 4 dall'inizio della pandemia - Monaco Tribune","og_description":"L\u2019Istituto monegasco di statistica e studi economici (IMSEE) ha pubblicato il suo ultimo rapporto sull'emergenza sanitaria. Vaccinazioni, popolazione","og_url":"https:\/\/www.monaco-tribune.com\/it\/2022\/04\/covid-19-a-monaco-contagiata-1-persona-su-4-dallinizio-della-pandemia\/","og_site_name":"Monaco Tribune","article_publisher":"https:\/\/www.facebook.com\/MonacoTribune","article_published_time":"2022-04-14T14:51:39+00:00","article_modified_time":"2022-04-20T15:13:24+00:00","og_image":[{"width":1024,"height":576,"url":"https:\/\/www.monaco-tribune.com\/wp-content\/uploads\/2021\/06\/discovery-homme-femme.jpg","type":"image\/jpeg"}],"author":"Monaco Tribune","twitter_card":"summary_large_image","twitter_creator":"@MonacoTribune","twitter_site":"@MonacoTribune","schema":{"@context":"https:\/\/schema.org","@graph":[{"@type":"NewsArticle","@id":"https:\/\/www.monaco-tribune.com\/it\/2022\/04\/covid-19-a-monaco-contagiata-1-persona-su-4-dallinizio-della-pandemia\/#article","isPartOf":{"@id":"https:\/\/www.monaco-tribune.com\/it\/2022\/04\/covid-19-a-monaco-contagiata-1-persona-su-4-dallinizio-della-pandemia\/"},"author":{"name":"Monaco Tribune","@id":"https:\/\/www.monaco-tribune.com\/it\/#\/schema\/person\/8f6ed8c063276e2397589eda5b7a2f2d"},"headline":"Covid-19: a Monaco contagiata 1 persona su 4 dall&#8217;inizio della pandemia","datePublished":"2022-04-14T14:51:39+00:00","dateModified":"2022-04-20T15:13:24+00:00","mainEntityOfPage":{"@id":"https:\/\/www.monaco-tribune.com\/it\/2022\/04\/covid-19-a-monaco-contagiata-1-persona-su-4-dallinizio-della-pandemia\/"},"wordCount":181,"publisher":{"@id":"https:\/\/www.monaco-tribune.com\/it\/#organization"},"image":{"@id":"https:\/\/www.monaco-tribune.com\/it\/2022\/04\/covid-19-a-monaco-contagiata-1-persona-su-4-dallinizio-della-pandemia\/#primaryimage"},"thumbnailUrl":"https:\/\/www.monaco-tribune.com\/wp-content\/uploads\/2021\/06\/discovery-homme-femme.jpg","keywords":["Covid-19"],"articleSection":["La nostra scelta","Notizie","Societ\u00e0"],"inLanguage":"it-IT","copyrightYear":"2022","copyrightHolder":{"@id":"https:\/\/www.monaco-tribune.com\/#organization"}},{"@type":"WebPage","@id":"https:\/\/www.monaco-tribune.com\/it\/2022\/04\/covid-19-a-monaco-contagiata-1-persona-su-4-dallinizio-della-pandemia\/","url":"https:\/\/www.monaco-tribune.com\/it\/2022\/04\/covid-19-a-monaco-contagiata-1-persona-su-4-dallinizio-della-pandemia\/","name":"Covid-19: a Monaco contagiata 1 persona su 4 dall'inizio della pandemia","isPartOf":{"@id":"https:\/\/www.monaco-tribune.com\/it\/#website"},"primaryImageOfPage":{"@id":"https:\/\/www.monaco-tribune.com\/it\/2022\/04\/covid-19-a-monaco-contagiata-1-persona-su-4-dallinizio-della-pandemia\/#primaryimage"},"image":{"@id":"https:\/\/www.monaco-tribune.com\/it\/2022\/04\/covid-19-a-monaco-contagiata-1-persona-su-4-dallinizio-della-pandemia\/#primaryimage"},"thumbnailUrl":"https:\/\/www.monaco-tribune.com\/wp-content\/uploads\/2021\/06\/discovery-homme-femme.jpg","datePublished":"2022-04-14T14:51:39+00:00","dateModified":"2022-04-20T15:13:24+00:00","description":"L\u2019Istituto monegasco di statistica e studi economici (IMSEE) ha pubblicato il suo ultimo rapporto sull'emergenza sanitaria. Vaccinazioni, popolazione","breadcrumb":{"@id":"https:\/\/www.monaco-tribune.com\/it\/2022\/04\/covid-19-a-monaco-contagiata-1-persona-su-4-dallinizio-della-pandemia\/#breadcrumb"},"inLanguage":"it-IT","potentialAction":[{"@type":"ReadAction","target":["https:\/\/www.monaco-tribune.com\/it\/2022\/04\/covid-19-a-monaco-contagiata-1-persona-su-4-dallinizio-della-pandemia\/"]}]},{"@type":"ImageObject","inLanguage":"it-IT","@id":"https:\/\/www.monaco-tribune.com\/it\/2022\/04\/covid-19-a-monaco-contagiata-1-persona-su-4-dallinizio-della-pandemia\/#primaryimage","url":"https:\/\/www.monaco-tribune.com\/wp-content\/uploads\/2021\/06\/discovery-homme-femme.jpg","contentUrl":"https:\/\/www.monaco-tribune.com\/wp-content\/uploads\/2021\/06\/discovery-homme-femme.jpg","width":1024,"height":576,"caption":"Aliz\u00e9e Mosconi \/ Monaco Tribune"},{"@type":"BreadcrumbList","@id":"https:\/\/www.monaco-tribune.com\/it\/2022\/04\/covid-19-a-monaco-contagiata-1-persona-su-4-dallinizio-della-pandemia\/#breadcrumb","itemListElement":[{"@type":"ListItem","position":1,"name":"Accueil","item":"https:\/\/www.monaco-tribune.com\/it\/"},{"@type":"ListItem","position":2,"name":"Covid-19: a Monaco contagiata 1 persona su 4 dall&rsquo;inizio della pandemia"}]},{"@type":"WebSite","@id":"https:\/\/www.monaco-tribune.com\/it\/#website","url":"https:\/\/www.monaco-tribune.com\/it\/","name":"Monaco Tribune","description":"Monaco : actualit\u00e9s \u00e9conomiques, politiques, culturelles et sportives de Monaco et de la French Riviera.","publisher":{"@id":"https:\/\/www.monaco-tribune.com\/it\/#organization"},"potentialAction":[{"@type":"SearchAction","target":{"@type":"EntryPoint","urlTemplate":"https:\/\/www.monaco-tribune.com\/it\/?s={search_term_string}"},"query-input":{"@type":"PropertyValueSpecification","valueRequired":true,"valueName":"search_term_string"}}],"inLanguage":"it-IT"},{"@type":"Organization","@id":"https:\/\/www.monaco-tribune.com\/it\/#organization","name":"Monaco Tribune","url":"https:\/\/www.monaco-tribune.com\/it\/","logo":{"@type":"ImageObject","inLanguage":"it-IT","@id":"https:\/\/www.monaco-tribune.com\/it\/#\/schema\/logo\/image\/","url":"https:\/\/www.monaco-tribune.com\/wp-content\/uploads\/2022\/11\/logo-monaco-tribune.png","contentUrl":"https:\/\/www.monaco-tribune.com\/wp-content\/uploads\/2022\/11\/logo-monaco-tribune.png","width":1548,"height":600,"caption":"Monaco Tribune"},"image":{"@id":"https:\/\/www.monaco-tribune.com\/it\/#\/schema\/logo\/image\/"},"sameAs":["https:\/\/www.facebook.com\/MonacoTribune","https:\/\/x.com\/MonacoTribune","https:\/\/www.instagram.com\/monacotribune\/","https:\/\/www.linkedin.com\/company\/monaco-tribune","https:\/\/www.youtube.com\/channel\/UCHle1MnG6hw1y4lWKijVbMA"]},{"@type":"Person","@id":"https:\/\/www.monaco-tribune.com\/it\/#\/schema\/person\/8f6ed8c063276e2397589eda5b7a2f2d","name":"Monaco Tribune","image":{"@type":"ImageObject","inLanguage":"it-IT","@id":"https:\/\/secure.gravatar.com\/avatar\/3010e6c5d6c8056ec1c25228fe68ea089879e5ae0de884e0247744ee988aaf6a?s=96&d=mm&r=g","url":"https:\/\/secure.gravatar.com\/avatar\/3010e6c5d6c8056ec1c25228fe68ea089879e5ae0de884e0247744ee988aaf6a?s=96&d=mm&r=g","contentUrl":"https:\/\/secure.gravatar.com\/avatar\/3010e6c5d6c8056ec1c25228fe68ea089879e5ae0de884e0247744ee988aaf6a?s=96&d=mm&r=g","caption":"Monaco Tribune"},"url":"https:\/\/www.monaco-tribune.com\/it\/author\/monaco-tribune\/"}]}},"_links":{"self":[{"href":"https:\/\/www.monaco-tribune.com\/it\/wp-json\/wp\/v2\/posts\/117982","targetHints":{"allow":["GET"]}}],"collection":[{"href":"https:\/\/www.monaco-tribune.com\/it\/wp-json\/wp\/v2\/posts"}],"about":[{"href":"https:\/\/www.monaco-tribune.com\/it\/wp-json\/wp\/v2\/types\/post"}],"author":[{"embeddable":true,"href":"https:\/\/www.monaco-tribune.com\/it\/wp-json\/wp\/v2\/users\/21"}],"replies":[{"embeddable":true,"href":"https:\/\/www.monaco-tribune.com\/it\/wp-json\/wp\/v2\/comments?post=117982"}],"version-history":[{"count":0,"href":"https:\/\/www.monaco-tribune.com\/it\/wp-json\/wp\/v2\/posts\/117982\/revisions"}],"wp:featuredmedia":[{"embeddable":true,"href":"https:\/\/www.monaco-tribune.com\/it\/wp-json\/wp\/v2\/media\/81487"}],"wp:attachment":[{"href":"https:\/\/www.monaco-tribune.com\/it\/wp-json\/wp\/v2\/media?parent=117982"}],"wp:term":[{"taxonomy":"category","embeddable":true,"href":"https:\/\/www.monaco-tribune.com\/it\/wp-json\/wp\/v2\/categories?post=117982"},{"taxonomy":"post_tag","embeddable":true,"href":"https:\/\/www.monaco-tribune.com\/it\/wp-json\/wp\/v2\/tags?post=117982"},{"taxonomy":"sectag","embeddable":true,"href":"https:\/\/www.monaco-tribune.com\/it\/wp-json\/wp\/v2\/post_sectags?post=117982"},{"taxonomy":"format","embeddable":true,"href":"https:\/\/www.monaco-tribune.com\/it\/wp-json\/wp\/v2\/post_format?post=117982"}],"curies":[{"name":"wp","href":"https:\/\/api.w.org\/{rel}","templated":true}]}}