{"id":118092,"date":"2022-04-15T12:46:22","date_gmt":"2022-04-15T10:46:22","guid":{"rendered":"https:\/\/www.monaco-tribune.com\/2022\/04\/un-rover-venturi-presto-sulla-luna-e-su-marte\/"},"modified":"2022-04-15T12:46:27","modified_gmt":"2022-04-15T10:46:27","slug":"un-rover-venturi-presto-sulla-luna-e-su-marte","status":"publish","type":"post","link":"https:\/\/www.monaco-tribune.com\/it\/2022\/04\/un-rover-venturi-presto-sulla-luna-e-su-marte\/","title":{"rendered":"Un rover Venturi presto sulla Luna e su Marte?"},"content":{"rendered":"\n<p><strong>Il gruppo monegasco ha annunciato il lancio della Venturi Lab, una nuova societ\u00e0 svizzera che progetta e produce soluzioni per la mobilit\u00e0 capaci di affrontare condizioni ambientali estreme, come quelle della Luna e di Marte.<\/strong><\/p>\n\n<p>Conosciamo gi\u00e0 Venturi e le sue sfide nel settore automobilistico, Venturi e i suoi record di velocit\u00e0, Venturi e i suoi veicoli per l&#8217;esplorazione polare&#8230; Ora \u00e8 arrivato il momento di conquistare lo spazio.<\/p>\n\n<p><strong>LEGGI ANCHE<\/strong>: <a href=\"https:\/\/www.monaco-tribune.com\/it\/2022\/01\/scopriamo-insieme-il-venturi-antartica-il-primo-veicolo-elettrico-per-lesplorazione-polare\/\">Scopriamo insieme il Venturi Antartica, il primo veicolo elettrico per l\u2019esplorazione polare<\/a><\/p>\n\n<p>Dietro l&#8217;impulso di espansione continua, il gruppo presieduto da Gildo Pastor ha deciso d&#8217;imboccare una nuova strada e impiegare le sue conoscenze per affrontare e superare le sfide che si incontrano nello spazio.<\/p>\n\n<blockquote class=\"wp-block-quote is-layout-flow wp-block-quote-is-layout-flow\"><p><em>Costruire un rover che consenta il trasporto degli astronauti su un terreno molto accidentato dove regnano temperature di -160\u00b0C<\/em><\/p><cite>Antonio Delfino<\/cite><\/blockquote>\n\n<p>Gildo Pastor e Antonio Delfino, ex responsabile del dipartimento di chimica e fisica e ricercatore per Michelin Group, hanno cofondato Venturi Lab, un organismo che si occupa d&#8217;inventare e progettare soluzioni per la mobilit\u00e0 capaci di affrontare condizioni estreme, come quelle che si trovano sulla Luna e su Marte.<\/p>\n\n<p>Per affinare queste tecnologie, Venturi Lab collabora a stretto contatto con Venturi, a Monaco, e Venturi North America, a Columbus (Ohio, Stati Uniti), ma non solo, anche con una societ\u00e0 100% americana con sede in California: Venturi Astrolab.<\/p>\n\n<h2 class=\"wp-block-heading\" id=\"h-un-drapeau-monegasque-bientot-plante-sur-la-lune-ou-sur-mars\">Ci sar\u00e0 presto una bandiera monegasca sulla Luna o su Marte?<\/h2>\n\n<p>Quest&#8217;ultima ha come obiettivo principale la costruzione di un rover per le prossime missioni lunari della NASA e di SpaceX. Con l&#8217;appoggio di Venturi Monaco e Venturi North America, Venturi Astrolab spera di fornire in futuro i veicoli alla NASA.<\/p>\n\n<p>&#8220;Gi\u00e0 nel 2018, con Gildo Pastor avevamo iniziato a discutere della possibilit\u00e0 d&#8217;inviare un rover elettrico multifunzione sulla Luna e poi su Marte&#8221;, svela Antonio Delfino. &#8220;Grazie ai team di Venturi, a Monaco, e quelli di Venturi Astrolab, a Los Angeles, studieremo, svilupperemo e costruiremo con passione un rover che consenta il trasporto degli astronauti su un terreno molto accidentato dove regnano temperature di -160\u00b0C&#8221;.<\/p>\n\n<blockquote class=\"wp-block-quote is-layout-flow wp-block-quote-is-layout-flow\"><p><em>Voglio innalzare la bandiera monegasca sempre pi\u00f9 in alto<\/em><\/p><cite>Gildo Pastor<\/cite><\/blockquote>\n\n<p>Sul lungo termine, invece, Venturi Lab intende mettere a punto alcune tecnologie che permettano di ridurre l&#8217;inquinamento terrestre, marino e atmosferico.<\/p>\n\n<p><strong>LEGGI ANCHE<\/strong>: <a href=\"https:\/\/www.monaco-tribune.com\/it\/2020\/11\/nuovo-record-mondiale-per-la-moto-elettrica-di-venturi\/\">Nuovo record mondiale per la moto elettrica del Gruppo Venturi<\/a><\/p>\n\n<p>&#8220;Dal 2001, ci siamo dedicati alla realizzazione di veicoli ultra performanti a due o a quattro ruote, ma anche cingolati, capaci di viaggiare a -50\u00b0C o fino a 549 km\/h a seconda dei modelli&#8221;, racconta Gildo Pastor. &#8220;Oggi, mettiamo le nostre conoscenze e abilit\u00e0 al servizio della ricerca spaziale. Voglio innalzare la bandiera monegasca sempre pi\u00f9 in alto&#8221;.<\/p>\n","protected":false},"excerpt":{"rendered":"<p>Il gruppo monegasco ha annunciato il lancio della Venturi Lab, una nuova societ\u00e0 svizzera che progetta e produce soluzioni per [&hellip;]<\/p>\n","protected":false},"author":24,"featured_media":118032,"comment_status":"closed","ping_status":"closed","sticky":false,"template":"","format":"standard","meta":{"_acf_changed":false,"footnotes":""},"categories":[1739,1826,1738],"tags":[],"post_sectags":[],"post_format":[2478],"class_list":["post-118092","post","type-post","status-publish","format-standard","has-post-thumbnail","hentry","category-business-it","category-la-nostra-scelta","category-notizie","format-notizia"],"acf":[],"yoast_head":"<!-- This site is optimized with the Yoast SEO Premium plugin v26.8 (Yoast SEO v27.5) - https:\/\/yoast.com\/product\/yoast-seo-premium-wordpress\/ -->\n<title>Un rover Venturi presto sulla Luna e su Marte?<\/title>\n<meta name=\"description\" content=\"Il gruppo monegasco ha annunciato il lancio della Venturi Lab, una nuova societ\u00e0 svizzera che progetta e produce soluzioni per la mobilit\u00e0 capaci di\" \/>\n<meta name=\"robots\" content=\"index, follow, max-snippet:-1, max-image-preview:large, max-video-preview:-1\" \/>\n<link rel=\"canonical\" href=\"https:\/\/www.monaco-tribune.com\/it\/2022\/04\/un-rover-venturi-presto-sulla-luna-e-su-marte\/\" \/>\n<meta property=\"og:locale\" content=\"it_IT\" \/>\n<meta property=\"og:type\" content=\"article\" \/>\n<meta property=\"og:title\" content=\"Un rover Venturi presto sulla Luna e su Marte? - Monaco Tribune\" \/>\n<meta property=\"og:description\" content=\"Il gruppo monegasco ha annunciato il lancio della Venturi Lab, una nuova societ\u00e0 svizzera che progetta e produce soluzioni per la mobilit\u00e0 capaci di\" \/>\n<meta property=\"og:url\" content=\"https:\/\/www.monaco-tribune.com\/it\/2022\/04\/un-rover-venturi-presto-sulla-luna-e-su-marte\/\" \/>\n<meta property=\"og:site_name\" content=\"Monaco Tribune\" \/>\n<meta property=\"article:publisher\" content=\"https:\/\/www.facebook.com\/MonacoTribune\" \/>\n<meta property=\"article:published_time\" content=\"2022-04-15T10:46:22+00:00\" \/>\n<meta property=\"article:modified_time\" content=\"2022-04-15T10:46:27+00:00\" \/>\n<meta property=\"og:image\" content=\"https:\/\/www.monaco-tribune.com\/wp-content\/uploads\/2022\/04\/venturi-lab.jpg\" \/>\n\t<meta property=\"og:image:width\" content=\"1200\" \/>\n\t<meta property=\"og:image:height\" content=\"675\" \/>\n\t<meta property=\"og:image:type\" content=\"image\/jpeg\" \/>\n<meta name=\"author\" content=\"Romain Boisaubert\" \/>\n<meta name=\"twitter:card\" content=\"summary_large_image\" \/>\n<meta name=\"twitter:creator\" content=\"@MonacoTribune\" \/>\n<meta name=\"twitter:site\" content=\"@MonacoTribune\" \/>\n<script type=\"application\/ld+json\" class=\"yoast-schema-graph\">{\"@context\":\"https:\\\/\\\/schema.org\",\"@graph\":[{\"@type\":\"NewsArticle\",\"@id\":\"https:\\\/\\\/www.monaco-tribune.com\\\/it\\\/2022\\\/04\\\/un-rover-venturi-presto-sulla-luna-e-su-marte\\\/#article\",\"isPartOf\":{\"@id\":\"https:\\\/\\\/www.monaco-tribune.com\\\/it\\\/2022\\\/04\\\/un-rover-venturi-presto-sulla-luna-e-su-marte\\\/\"},\"author\":{\"name\":\"Romain Boisaubert\",\"@id\":\"https:\\\/\\\/www.monaco-tribune.com\\\/it\\\/#\\\/schema\\\/person\\\/330a3732947cf8cb41b2533a0eadd62e\"},\"headline\":\"Un rover Venturi presto sulla Luna e su Marte?\",\"datePublished\":\"2022-04-15T10:46:22+00:00\",\"dateModified\":\"2022-04-15T10:46:27+00:00\",\"mainEntityOfPage\":{\"@id\":\"https:\\\/\\\/www.monaco-tribune.com\\\/it\\\/2022\\\/04\\\/un-rover-venturi-presto-sulla-luna-e-su-marte\\\/\"},\"wordCount\":459,\"publisher\":{\"@id\":\"https:\\\/\\\/www.monaco-tribune.com\\\/it\\\/#organization\"},\"image\":{\"@id\":\"https:\\\/\\\/www.monaco-tribune.com\\\/it\\\/2022\\\/04\\\/un-rover-venturi-presto-sulla-luna-e-su-marte\\\/#primaryimage\"},\"thumbnailUrl\":\"https:\\\/\\\/www.monaco-tribune.com\\\/wp-content\\\/uploads\\\/2022\\\/04\\\/venturi-lab.jpg\",\"articleSection\":[\"Business\",\"La nostra scelta\",\"Notizie\"],\"inLanguage\":\"it-IT\",\"copyrightYear\":\"2022\",\"copyrightHolder\":{\"@id\":\"https:\\\/\\\/www.monaco-tribune.com\\\/#organization\"}},{\"@type\":\"WebPage\",\"@id\":\"https:\\\/\\\/www.monaco-tribune.com\\\/it\\\/2022\\\/04\\\/un-rover-venturi-presto-sulla-luna-e-su-marte\\\/\",\"url\":\"https:\\\/\\\/www.monaco-tribune.com\\\/it\\\/2022\\\/04\\\/un-rover-venturi-presto-sulla-luna-e-su-marte\\\/\",\"name\":\"Un rover Venturi presto sulla Luna e su Marte?\",\"isPartOf\":{\"@id\":\"https:\\\/\\\/www.monaco-tribune.com\\\/it\\\/#website\"},\"primaryImageOfPage\":{\"@id\":\"https:\\\/\\\/www.monaco-tribune.com\\\/it\\\/2022\\\/04\\\/un-rover-venturi-presto-sulla-luna-e-su-marte\\\/#primaryimage\"},\"image\":{\"@id\":\"https:\\\/\\\/www.monaco-tribune.com\\\/it\\\/2022\\\/04\\\/un-rover-venturi-presto-sulla-luna-e-su-marte\\\/#primaryimage\"},\"thumbnailUrl\":\"https:\\\/\\\/www.monaco-tribune.com\\\/wp-content\\\/uploads\\\/2022\\\/04\\\/venturi-lab.jpg\",\"datePublished\":\"2022-04-15T10:46:22+00:00\",\"dateModified\":\"2022-04-15T10:46:27+00:00\",\"description\":\"Il gruppo monegasco ha annunciato il lancio della Venturi Lab, una nuova societ\u00e0 svizzera che progetta e produce soluzioni per la mobilit\u00e0 capaci di\",\"breadcrumb\":{\"@id\":\"https:\\\/\\\/www.monaco-tribune.com\\\/it\\\/2022\\\/04\\\/un-rover-venturi-presto-sulla-luna-e-su-marte\\\/#breadcrumb\"},\"inLanguage\":\"it-IT\",\"potentialAction\":[{\"@type\":\"ReadAction\",\"target\":[\"https:\\\/\\\/www.monaco-tribune.com\\\/it\\\/2022\\\/04\\\/un-rover-venturi-presto-sulla-luna-e-su-marte\\\/\"]}]},{\"@type\":\"ImageObject\",\"inLanguage\":\"it-IT\",\"@id\":\"https:\\\/\\\/www.monaco-tribune.com\\\/it\\\/2022\\\/04\\\/un-rover-venturi-presto-sulla-luna-e-su-marte\\\/#primaryimage\",\"url\":\"https:\\\/\\\/www.monaco-tribune.com\\\/wp-content\\\/uploads\\\/2022\\\/04\\\/venturi-lab.jpg\",\"contentUrl\":\"https:\\\/\\\/www.monaco-tribune.com\\\/wp-content\\\/uploads\\\/2022\\\/04\\\/venturi-lab.jpg\",\"width\":1200,\"height\":675,\"caption\":\"Venturi\"},{\"@type\":\"BreadcrumbList\",\"@id\":\"https:\\\/\\\/www.monaco-tribune.com\\\/it\\\/2022\\\/04\\\/un-rover-venturi-presto-sulla-luna-e-su-marte\\\/#breadcrumb\",\"itemListElement\":[{\"@type\":\"ListItem\",\"position\":1,\"name\":\"Accueil\",\"item\":\"https:\\\/\\\/www.monaco-tribune.com\\\/it\\\/\"},{\"@type\":\"ListItem\",\"position\":2,\"name\":\"Un rover Venturi presto sulla Luna e su Marte?\"}]},{\"@type\":\"WebSite\",\"@id\":\"https:\\\/\\\/www.monaco-tribune.com\\\/it\\\/#website\",\"url\":\"https:\\\/\\\/www.monaco-tribune.com\\\/it\\\/\",\"name\":\"Monaco Tribune\",\"description\":\"Monaco : actualit\u00e9s \u00e9conomiques, politiques, culturelles et sportives de Monaco et de la French Riviera.\",\"publisher\":{\"@id\":\"https:\\\/\\\/www.monaco-tribune.com\\\/it\\\/#organization\"},\"potentialAction\":[{\"@type\":\"SearchAction\",\"target\":{\"@type\":\"EntryPoint\",\"urlTemplate\":\"https:\\\/\\\/www.monaco-tribune.com\\\/it\\\/?s={search_term_string}\"},\"query-input\":{\"@type\":\"PropertyValueSpecification\",\"valueRequired\":true,\"valueName\":\"search_term_string\"}}],\"inLanguage\":\"it-IT\"},{\"@type\":\"Organization\",\"@id\":\"https:\\\/\\\/www.monaco-tribune.com\\\/it\\\/#organization\",\"name\":\"Monaco Tribune\",\"url\":\"https:\\\/\\\/www.monaco-tribune.com\\\/it\\\/\",\"logo\":{\"@type\":\"ImageObject\",\"inLanguage\":\"it-IT\",\"@id\":\"https:\\\/\\\/www.monaco-tribune.com\\\/it\\\/#\\\/schema\\\/logo\\\/image\\\/\",\"url\":\"https:\\\/\\\/www.monaco-tribune.com\\\/wp-content\\\/uploads\\\/2022\\\/11\\\/logo-monaco-tribune.png\",\"contentUrl\":\"https:\\\/\\\/www.monaco-tribune.com\\\/wp-content\\\/uploads\\\/2022\\\/11\\\/logo-monaco-tribune.png\",\"width\":1548,\"height\":600,\"caption\":\"Monaco Tribune\"},\"image\":{\"@id\":\"https:\\\/\\\/www.monaco-tribune.com\\\/it\\\/#\\\/schema\\\/logo\\\/image\\\/\"},\"sameAs\":[\"https:\\\/\\\/www.facebook.com\\\/MonacoTribune\",\"https:\\\/\\\/x.com\\\/MonacoTribune\",\"https:\\\/\\\/www.instagram.com\\\/monacotribune\\\/\",\"https:\\\/\\\/www.linkedin.com\\\/company\\\/monaco-tribune\",\"https:\\\/\\\/www.youtube.com\\\/channel\\\/UCHle1MnG6hw1y4lWKijVbMA\"]},{\"@type\":\"Person\",\"@id\":\"https:\\\/\\\/www.monaco-tribune.com\\\/it\\\/#\\\/schema\\\/person\\\/330a3732947cf8cb41b2533a0eadd62e\",\"name\":\"Romain Boisaubert\",\"image\":{\"@type\":\"ImageObject\",\"inLanguage\":\"it-IT\",\"@id\":\"https:\\\/\\\/secure.gravatar.com\\\/avatar\\\/f8b90d41f1eabd1cbe4cf59e09d8db41a697d51919bf2dfe727589a24a4a4d54?s=96&d=mm&r=g\",\"url\":\"https:\\\/\\\/secure.gravatar.com\\\/avatar\\\/f8b90d41f1eabd1cbe4cf59e09d8db41a697d51919bf2dfe727589a24a4a4d54?s=96&d=mm&r=g\",\"contentUrl\":\"https:\\\/\\\/secure.gravatar.com\\\/avatar\\\/f8b90d41f1eabd1cbe4cf59e09d8db41a697d51919bf2dfe727589a24a4a4d54?s=96&d=mm&r=g\",\"caption\":\"Romain Boisaubert\"},\"description\":\"Test bio\",\"url\":\"https:\\\/\\\/www.monaco-tribune.com\\\/it\\\/author\\\/romain-boisaubert\\\/\"}]}<\/script>\n<!-- \/ Yoast SEO Premium plugin. -->","yoast_head_json":{"title":"Un rover Venturi presto sulla Luna e su Marte?","description":"Il gruppo monegasco ha annunciato il lancio della Venturi Lab, una nuova societ\u00e0 svizzera che progetta e produce soluzioni per la mobilit\u00e0 capaci di","robots":{"index":"index","follow":"follow","max-snippet":"max-snippet:-1","max-image-preview":"max-image-preview:large","max-video-preview":"max-video-preview:-1"},"canonical":"https:\/\/www.monaco-tribune.com\/it\/2022\/04\/un-rover-venturi-presto-sulla-luna-e-su-marte\/","og_locale":"it_IT","og_type":"article","og_title":"Un rover Venturi presto sulla Luna e su Marte? - Monaco Tribune","og_description":"Il gruppo monegasco ha annunciato il lancio della Venturi Lab, una nuova societ\u00e0 svizzera che progetta e produce soluzioni per la mobilit\u00e0 capaci di","og_url":"https:\/\/www.monaco-tribune.com\/it\/2022\/04\/un-rover-venturi-presto-sulla-luna-e-su-marte\/","og_site_name":"Monaco Tribune","article_publisher":"https:\/\/www.facebook.com\/MonacoTribune","article_published_time":"2022-04-15T10:46:22+00:00","article_modified_time":"2022-04-15T10:46:27+00:00","og_image":[{"width":1200,"height":675,"url":"https:\/\/www.monaco-tribune.com\/wp-content\/uploads\/2022\/04\/venturi-lab.jpg","type":"image\/jpeg"}],"author":"Romain Boisaubert","twitter_card":"summary_large_image","twitter_creator":"@MonacoTribune","twitter_site":"@MonacoTribune","schema":{"@context":"https:\/\/schema.org","@graph":[{"@type":"NewsArticle","@id":"https:\/\/www.monaco-tribune.com\/it\/2022\/04\/un-rover-venturi-presto-sulla-luna-e-su-marte\/#article","isPartOf":{"@id":"https:\/\/www.monaco-tribune.com\/it\/2022\/04\/un-rover-venturi-presto-sulla-luna-e-su-marte\/"},"author":{"name":"Romain Boisaubert","@id":"https:\/\/www.monaco-tribune.com\/it\/#\/schema\/person\/330a3732947cf8cb41b2533a0eadd62e"},"headline":"Un rover Venturi presto sulla Luna e su Marte?","datePublished":"2022-04-15T10:46:22+00:00","dateModified":"2022-04-15T10:46:27+00:00","mainEntityOfPage":{"@id":"https:\/\/www.monaco-tribune.com\/it\/2022\/04\/un-rover-venturi-presto-sulla-luna-e-su-marte\/"},"wordCount":459,"publisher":{"@id":"https:\/\/www.monaco-tribune.com\/it\/#organization"},"image":{"@id":"https:\/\/www.monaco-tribune.com\/it\/2022\/04\/un-rover-venturi-presto-sulla-luna-e-su-marte\/#primaryimage"},"thumbnailUrl":"https:\/\/www.monaco-tribune.com\/wp-content\/uploads\/2022\/04\/venturi-lab.jpg","articleSection":["Business","La nostra scelta","Notizie"],"inLanguage":"it-IT","copyrightYear":"2022","copyrightHolder":{"@id":"https:\/\/www.monaco-tribune.com\/#organization"}},{"@type":"WebPage","@id":"https:\/\/www.monaco-tribune.com\/it\/2022\/04\/un-rover-venturi-presto-sulla-luna-e-su-marte\/","url":"https:\/\/www.monaco-tribune.com\/it\/2022\/04\/un-rover-venturi-presto-sulla-luna-e-su-marte\/","name":"Un rover Venturi presto sulla Luna e su Marte?","isPartOf":{"@id":"https:\/\/www.monaco-tribune.com\/it\/#website"},"primaryImageOfPage":{"@id":"https:\/\/www.monaco-tribune.com\/it\/2022\/04\/un-rover-venturi-presto-sulla-luna-e-su-marte\/#primaryimage"},"image":{"@id":"https:\/\/www.monaco-tribune.com\/it\/2022\/04\/un-rover-venturi-presto-sulla-luna-e-su-marte\/#primaryimage"},"thumbnailUrl":"https:\/\/www.monaco-tribune.com\/wp-content\/uploads\/2022\/04\/venturi-lab.jpg","datePublished":"2022-04-15T10:46:22+00:00","dateModified":"2022-04-15T10:46:27+00:00","description":"Il gruppo monegasco ha annunciato il lancio della Venturi Lab, una nuova societ\u00e0 svizzera che progetta e produce soluzioni per la mobilit\u00e0 capaci di","breadcrumb":{"@id":"https:\/\/www.monaco-tribune.com\/it\/2022\/04\/un-rover-venturi-presto-sulla-luna-e-su-marte\/#breadcrumb"},"inLanguage":"it-IT","potentialAction":[{"@type":"ReadAction","target":["https:\/\/www.monaco-tribune.com\/it\/2022\/04\/un-rover-venturi-presto-sulla-luna-e-su-marte\/"]}]},{"@type":"ImageObject","inLanguage":"it-IT","@id":"https:\/\/www.monaco-tribune.com\/it\/2022\/04\/un-rover-venturi-presto-sulla-luna-e-su-marte\/#primaryimage","url":"https:\/\/www.monaco-tribune.com\/wp-content\/uploads\/2022\/04\/venturi-lab.jpg","contentUrl":"https:\/\/www.monaco-tribune.com\/wp-content\/uploads\/2022\/04\/venturi-lab.jpg","width":1200,"height":675,"caption":"Venturi"},{"@type":"BreadcrumbList","@id":"https:\/\/www.monaco-tribune.com\/it\/2022\/04\/un-rover-venturi-presto-sulla-luna-e-su-marte\/#breadcrumb","itemListElement":[{"@type":"ListItem","position":1,"name":"Accueil","item":"https:\/\/www.monaco-tribune.com\/it\/"},{"@type":"ListItem","position":2,"name":"Un rover Venturi presto sulla Luna e su Marte?"}]},{"@type":"WebSite","@id":"https:\/\/www.monaco-tribune.com\/it\/#website","url":"https:\/\/www.monaco-tribune.com\/it\/","name":"Monaco Tribune","description":"Monaco : actualit\u00e9s \u00e9conomiques, politiques, culturelles et sportives de Monaco et de la French Riviera.","publisher":{"@id":"https:\/\/www.monaco-tribune.com\/it\/#organization"},"potentialAction":[{"@type":"SearchAction","target":{"@type":"EntryPoint","urlTemplate":"https:\/\/www.monaco-tribune.com\/it\/?s={search_term_string}"},"query-input":{"@type":"PropertyValueSpecification","valueRequired":true,"valueName":"search_term_string"}}],"inLanguage":"it-IT"},{"@type":"Organization","@id":"https:\/\/www.monaco-tribune.com\/it\/#organization","name":"Monaco Tribune","url":"https:\/\/www.monaco-tribune.com\/it\/","logo":{"@type":"ImageObject","inLanguage":"it-IT","@id":"https:\/\/www.monaco-tribune.com\/it\/#\/schema\/logo\/image\/","url":"https:\/\/www.monaco-tribune.com\/wp-content\/uploads\/2022\/11\/logo-monaco-tribune.png","contentUrl":"https:\/\/www.monaco-tribune.com\/wp-content\/uploads\/2022\/11\/logo-monaco-tribune.png","width":1548,"height":600,"caption":"Monaco Tribune"},"image":{"@id":"https:\/\/www.monaco-tribune.com\/it\/#\/schema\/logo\/image\/"},"sameAs":["https:\/\/www.facebook.com\/MonacoTribune","https:\/\/x.com\/MonacoTribune","https:\/\/www.instagram.com\/monacotribune\/","https:\/\/www.linkedin.com\/company\/monaco-tribune","https:\/\/www.youtube.com\/channel\/UCHle1MnG6hw1y4lWKijVbMA"]},{"@type":"Person","@id":"https:\/\/www.monaco-tribune.com\/it\/#\/schema\/person\/330a3732947cf8cb41b2533a0eadd62e","name":"Romain Boisaubert","image":{"@type":"ImageObject","inLanguage":"it-IT","@id":"https:\/\/secure.gravatar.com\/avatar\/f8b90d41f1eabd1cbe4cf59e09d8db41a697d51919bf2dfe727589a24a4a4d54?s=96&d=mm&r=g","url":"https:\/\/secure.gravatar.com\/avatar\/f8b90d41f1eabd1cbe4cf59e09d8db41a697d51919bf2dfe727589a24a4a4d54?s=96&d=mm&r=g","contentUrl":"https:\/\/secure.gravatar.com\/avatar\/f8b90d41f1eabd1cbe4cf59e09d8db41a697d51919bf2dfe727589a24a4a4d54?s=96&d=mm&r=g","caption":"Romain Boisaubert"},"description":"Test bio","url":"https:\/\/www.monaco-tribune.com\/it\/author\/romain-boisaubert\/"}]}},"_links":{"self":[{"href":"https:\/\/www.monaco-tribune.com\/it\/wp-json\/wp\/v2\/posts\/118092","targetHints":{"allow":["GET"]}}],"collection":[{"href":"https:\/\/www.monaco-tribune.com\/it\/wp-json\/wp\/v2\/posts"}],"about":[{"href":"https:\/\/www.monaco-tribune.com\/it\/wp-json\/wp\/v2\/types\/post"}],"author":[{"embeddable":true,"href":"https:\/\/www.monaco-tribune.com\/it\/wp-json\/wp\/v2\/users\/24"}],"replies":[{"embeddable":true,"href":"https:\/\/www.monaco-tribune.com\/it\/wp-json\/wp\/v2\/comments?post=118092"}],"version-history":[{"count":0,"href":"https:\/\/www.monaco-tribune.com\/it\/wp-json\/wp\/v2\/posts\/118092\/revisions"}],"wp:featuredmedia":[{"embeddable":true,"href":"https:\/\/www.monaco-tribune.com\/it\/wp-json\/wp\/v2\/media\/118032"}],"wp:attachment":[{"href":"https:\/\/www.monaco-tribune.com\/it\/wp-json\/wp\/v2\/media?parent=118092"}],"wp:term":[{"taxonomy":"category","embeddable":true,"href":"https:\/\/www.monaco-tribune.com\/it\/wp-json\/wp\/v2\/categories?post=118092"},{"taxonomy":"post_tag","embeddable":true,"href":"https:\/\/www.monaco-tribune.com\/it\/wp-json\/wp\/v2\/tags?post=118092"},{"taxonomy":"sectag","embeddable":true,"href":"https:\/\/www.monaco-tribune.com\/it\/wp-json\/wp\/v2\/post_sectags?post=118092"},{"taxonomy":"format","embeddable":true,"href":"https:\/\/www.monaco-tribune.com\/it\/wp-json\/wp\/v2\/post_format?post=118092"}],"curies":[{"name":"wp","href":"https:\/\/api.w.org\/{rel}","templated":true}]}}