{"id":118470,"date":"2022-04-20T20:18:41","date_gmt":"2022-04-20T18:18:41","guid":{"rendered":"https:\/\/www.monaco-tribune.com\/2022\/04\/ucraina-le-testimonianze-dei-russi-di-monaco-e-della-costa-azzurra\/"},"modified":"2022-04-20T20:18:48","modified_gmt":"2022-04-20T18:18:48","slug":"ucraina-le-testimonianze-dei-russi-di-monaco-e-della-costa-azzurra","status":"publish","type":"post","link":"https:\/\/www.monaco-tribune.com\/it\/2022\/04\/ucraina-le-testimonianze-dei-russi-di-monaco-e-della-costa-azzurra\/","title":{"rendered":"Ucraina: le testimonianze dei russi di Monaco e della Costa Azzurra"},"content":{"rendered":"\n<p><strong>La guerra russo-ucraina si fa sempre pi\u00f9 intensa. Dopo la testimonianza di quattro profughe ucraine rifugiate nel Principato, questa volta sono i cittadini russi di Monaco e della Costa Azzurra a condividere con noi le loro preoccupazioni.<\/strong><\/p>\n\n<p>Alcuni si rifiutano di commentare. Altri preferiscono rimanere anonimi. Altri ancora tremano o piangono al solo accennare alla guerra che sta scuotendo i due Paesi. Mentre la popolazione ucraina paga le innegabili sofferenze della guerra da pi\u00f9 di un mese, anche gli espatriati russi stanno subendo i danni di un conflitto che nessuno aveva chiesto.<\/p>\n\n<p><strong>LEGGI ANCHE: <\/strong><a href=\"https:\/\/www.monaco-tribune.com\/it\/2022\/04\/residenti-e-rifugiate-le-donne-ucraine-di-monaco-raccontano-la-loro-storia\/\"><strong>Residenti e rifugiate\u2026 Le donne ucraine di Monaco raccontano la loro storia<\/strong><\/a><\/p>\n\n<p>Questo lettore, ad esempio, che vive tra la Costa Azzurra e Londra, denuncia le ingiustizie con cui lui e i suoi connazionali si ritrovano a convivere: \u201cI russi ora sono spremuti da tutte le parti. Siamo stati &#8220;scossi&#8221; dal nostro governo e il resto del mondo ci ha semplicemente voltato le spalle. E mentre alcuni comprendono che il governo non ci ha chiesto alcun permesso per condurre queste &#8220;operazioni speciali&#8221; e continuano a trattarci bene, l&#8217;odio che provano altri paesi e aziende nei nostri confronti \u00e8 impossibile da ignorare. I russi non vengono pi\u00f9 assunti, non sono pi\u00f9 ammessi nelle competizioni sportive e intellettuali, nelle organizzazioni mediche\u2026 ma queste sono tutte cose che dovrebbero restare fuori dalla politica. Secondo me si tratta anche di una sorta di \u201cterrore\u201d ingiustificato e selvaggio&#8221;.<\/p>\n\n<blockquote class=\"wp-block-quote is-layout-flow wp-block-quote-is-layout-flow\"><p>Quando leggo i messaggi tra mia figlia e sua cugina che \u00e8 rimasta in Ucraina, resto attonita e piango tutta la sera<\/p><cite>Elena, Nizza<\/cite><\/blockquote>\n\n<h2 class=\"wp-block-heading\" id=\"h-une-inquietude-permanente\">Una preoccupazione costante<\/h2>\n\n<p>Oleg, invece, fa l&#8217;ingegnere sulla Costa Azzurra. Seppur molto preoccupato per il rinnovo del permesso di soggiorno, per il momento ha deciso di concentrarsi il pi\u00f9 possibile sulla causa ucraina: &#8220;Cerchiamo di aiutare, di donare alle associazioni, abbiamo ospitato (e ospiteremo ancora) i rifugiati. Pubblichiamo informazioni sui social network, traduciamo contenuti importanti, cerchiamo di persuadere i nostri amici russi che non comprendono la gravit\u00e0 della situazione. (\u2026) Quello che veramente fa paura \u00e8 la reazione della popolazione russa in questo momento! Non mi aspettavo una tale indifferenza, un tale cinismo. Si parla di operazioni militari come se fosse una guerra tra robot o personaggi virtuali! Non si parla delle vite perse e spezzate, anzi, \u00e8 la dimostrazione che gli interessi dello Stato sono pi\u00f9 importanti degli interessi della societ\u00e0! La gente \u00e8 pronta a credere a qualsiasi sciocchezza, a cominciare dai nazisti ucraini e le armi nucleari e batteriologiche con cui l&#8217;Ucraina minaccerebbe la Russia, fino alle teorie complottiste, solo per giustificare le azioni dello stato e la loro passivit\u00e0!&#8221;<\/p>\n\n<p><strong>LEGGI ANCHE: <\/strong><a href=\"https:\/\/www.monaco-tribune.com\/it\/2022\/03\/il-principe-alberto-ii-desidera-accogliere-i-rifugiati-ucraini-nel-principato\/\"><strong>Il Principe Alberto II desidera accogliere i rifugiati ucraini nel Principato<\/strong><\/a><\/p>\n\n<p>Anche Elena, guida e interprete di San Pietroburgo residente a Nizza, si sente sopraffatta dalla guerra: \u201cSono poche le famiglie in cui le vite di russi e ucraini non si siano intrecciate nel corso di una generazione. Il mio primo patrigno era ucraino, della regione di Mykolaiv, mia figlia \u00e8 per un quarto ucraina. Quando leggo i messaggi che si scambia con sua cugina, che \u00e8 rimasta in questo paesino, in una cantina senza elettricit\u00e0, senza acqua e senza riscaldamento, con dei genitori anziani, piango tutta la sera. (\u2026) Resta solo da sperare che i membri della comunit\u00e0 russa che vivono sulla Costa Azzurra siano abbastanza saggi da comportarsi decentemente di fronte alle disgrazie comuni (anche sui social network, dove \u00e8 in corso una guerra verbale)&#8221;.<\/p>\n\n<blockquote class=\"wp-block-quote is-layout-flow wp-block-quote-is-layout-flow\"><p>Ho ricevuto molti insulti. Al lavoro, alcuni clienti aggressivi mi hanno detto che farei meglio a tornare nella mia Russia.<\/p><cite>Ekaterina, Roquebrune<\/cite><\/blockquote>\n\n<p>La maggior parte degli espatriati soffre dell&#8217;immensa difficolt\u00e0 nel comunicare con amici e parenti. La signora Cazorla lavora in un negozio di alimentari russo a Beausoleil. Nonostante la clientela e i prodotti internazionali, la guerra si \u00e8 fatta strada anche l\u00ec.<\/p>\n\n<p>Ci confida commossa la sua paura per la situazione in Ucraina: \u201c\u00c8 orribile, non riusciamo a parlare con i clienti, piangiamo. \u00c8 terribile\u2026 Vengo dal sud dell&#8217;Ucraina, la mia famiglia \u00e8 l\u00ec. Siamo noi a soffrire, siamo noi a pagare, sia in Russia che in Ucraina. Perch\u00e9? Per che cosa? Volete la pace? Ma perch\u00e9 mandare l&#8217;esercito e non un diplomatico? A noi chi ci ascolta? Ogni mattina invio un messaggio alla mia famiglia, ma non posso parlare normalmente. \u00c8 tutto sotto controllo. Gli scrivo su Whatsapp per sapere se \u00e8 tutto ok. Anzi la domanda \u00e8: &#8220;Siete vivi?&#8221; Finora tutto bene, grazie a Dio. Speriamo che tutto questo finisca presto&#8221;.<\/p>\n\n<h2 class=\"wp-block-heading\">Si fa strada la russofobia<\/h2>\n\n<p>E se in questo negozio russi e ucraini vivono fianco a fianco all&#8217;insegna della solidariet\u00e0, altri cittadini russi devono subire il peso di opinioni non richieste e insulti.<\/p>\n\n<p><strong>LEGGI ANCHE: <a href=\"https:\/\/www.monaco-tribune.com\/it\/2022\/03\/sosteniamo-lucraina-attraverso-larte\/\">Sosteniamo l\u2019Ucraina attraverso l\u2019arte<\/a><\/strong><\/p>\n\n<p>\u00c8 il caso di Ekaterina, assistente sociale residente a Roquebrune, che ci racconta come \u00e8 cambiata la sua vita: &#8220;Ho ricevuto molti insulti, ma non mi preoccupano le minacce online, piuttosto quelle che arrivano dalle persone che conosco. Una mia amica (che ora \u00e8 in Ucraina) mi ha minacciata dicendomi che suo marito si occuper\u00e0 di me personalmente, che i suoi genitori mi faranno deportare, che dovr\u00f2 rispondere di tutto questo e che anche mia figlia dovr\u00e0 farlo. Il tutto colorito da un linguaggio volgare e da insulti. Anche la mia estetista, a Nizza, dice cose spaventose: che massacreranno i russi, che odiano la nostra nazione. (\u2026) Al lavoro, alcuni clienti aggressivi mi dicono che siamo fascisti e nazisti e che farei meglio a tornare nella mia Russia&#8221;.<\/p>\n\n<p>Per Elizaveta Lovering, fondatrice dell&#8217;agenzia di traduzione e interpretariato Monaco Translations, che ha sede nel Principato da 20 anni, questa tensione si ripercuote anche sul lavoro: \u201c Sono Segretaria Generale del <a href=\"https:\/\/www.monaco-tribune.com\/it\/2022\/03\/chris-dhondt-la-missione-del-crem-e-connettere-le-persone-nel-principato\/\">Club des R\u00e9sidents \u00c9trangers de Monaco (Crem)<\/a>. Ho ricevuto messaggi sui social che dicevano che i russi non dovrebbero far parte del Crem. Arrivano da account falsi che condividono questo genere di messaggi su ogni mio post. Non gli rispondo neanche, li segnalo e li blocco&#8221;.<\/p>\n\n<p>Anche traduttrice e interprete asseverata presso la Corte d&#8217;Appello di Monaco, Elizaveta lavora principalmente con la comunit\u00e0 russa del Principato. Ricordando che russi e ucraini condividono le stesse origini, insiste sul fatto che i russi espatriati siano solidali con l&#8217;Ucraina. &#8220;\u00c8 una tragedia per noi e per loro &#8220;, spiega. &#8220;Se siamo venuti a vivere qui, \u00e8 perch\u00e9 abbiamo fatto una scelta di vita. (\u2026) Dobbiamo quindi proteggere i russi da questa stigmatizzazione. Occorre sensibilizzare le istituzioni monegasche affinch\u00e9 i cittadini russi residenti nel Principato vengano risparmiati. Non conosco una sola persona che approvi quello che sta succedendo&#8221;.<\/p>\n\n<p>Madre di due bambini, di sette e sedici anni, Elizaveta si \u00e8 dovuta anche preoccupare per i suoi figli. Nonostante si considerino &#8220;cittadini del mondo&#8221;, per via delle loro origini multiculturali e del fatto di essere nati a Monaco, Elizaveta ha voluto assicurarsi che nessuno dei due fosse vittima di bullismo per le loro origini russe. \u201cPenso che [a scuola] ci sia una certa consapevolezza. Gliel&#8217;ho chiesto, ma mi hanno assicurato che non sono stati infastiditi dai loro compagni. Per fortuna va tutto bene. Bisogna spiegarle le cose ai bambini, sensibilizzarli&#8221;.<\/p>\n\n<blockquote class=\"wp-block-quote is-layout-flow wp-block-quote-is-layout-flow\"><p>Tutte le transazioni che faccio devono essere confermate dalla banca<\/p><cite>Tatiana, Monaco<\/cite><\/blockquote>\n\n<h2 class=\"wp-block-heading\" id=\"h-des-comptes-bancaires-controles\">Conti bancari sotto controllo<\/h2>\n\n<p>Ma le conseguenze non riguardano solo la sfera sociale. Tatiana (nome di fantasia) vive a Monaco. Sebbene non sia stata vittima di nessuna particolare forma di russofobia, ha comunque avuto una brutta sorpresa consultando il suo conto in banca: &#8220;Dopo che sono arrivate le sanzioni, anche se non sono sulla lista [dei russi sanzionati], ho scoperto completamente per caso che mi era stato bloccato ogni genere di bonifico, anche quelli interni. (\u2026) Non ho ricevuto nessuna lettera, nessuna informazione\u2026 ho dovuto contattare la banca, che non \u00e8 stata in grado di rispondermi subito. Al momento, tutte le transazioni che faccio devono essere confermate dalla banca, e questo di solito richiede altri due giorni. (\u2026) Quello che pi\u00f9 mi infastidisce in questa situazione \u00e8 la totale mancanza di trasparenza. Posso capire che i miei trasferimenti siano controllati, ma avrei voluto essere informata in anticipo&#8221;.<\/p>\n\n<p><strong>LEGGI ANCHE: <\/strong><a href=\"https:\/\/www.monaco-tribune.com\/it\/2022\/03\/las-monaco-e-il-suo-presidente-sostengono-i-civili-colpiti-dalla-guerra-in-ucraina\/\"><strong>L\u2019AS Monaco e il suo Presidente sostengono i civili colpiti dalla guerra in Ucraina<\/strong><\/a><\/p>\n\n<p>Stesso problema per Maria, residente a Sanremo: \u201cHo avuto una conversazione molto spiacevole con la mia banca in Italia che mi ha chiesto se avessi la doppia nazionalit\u00e0. Ho detto di no. Non mi hanno chiuso il conto ma mi hanno avvertita di non inviare denaro in Russia, cosa che comunque non ho mai fatto&#8221;.<\/p>\n\n<p>La ragazza, per\u00f2, \u00e8 preoccupata anche per la sua famiglia che \u00e8 rimasta in Russia: \u201cNon posso pi\u00f9 andarli a trovare quando voglio, viste le nuove restrizioni. Tutti i collegamenti aerei sono sospesi e ora devo escogitare un piano B per incontrare i miei cari da qualche altra parte&#8221;.<\/p>\n\n<p>Al di l\u00e0 degli insulti e dei trasferimenti controllati, quello che la comunit\u00e0 russa teme di pi\u00f9 \u00e8 l&#8217;escalation dell&#8217;odio. Il 10 marzo, l&#8217;arciprete Andrey Eliseev della cattedrale russa di Nizza ha ricevuto una lettera minatoria anonima con scritto: \u201cLei \u00e8 amico di M. Putin. Se ne vada subito in Russia, altrimenti lei e i suoi amici sarete assassinati. Ha un mese di tempo&#8221;. Secondo i nostri colleghi di <a href=\"https:\/\/www.nicematin.com\/faits-divers\/une-manif-pro-ukraine-reportee-en-raison-de-menaces-de-mort-a-la-cathedrale-russe-de-nice-752759\"><em>Nice-Matin<\/em><\/a>, il messaggio, firmato \u201cun amico\u201d, \u00e8 stato oggetto di denuncia.<\/p>\n\n<p>Qualsiasi siano le conseguenze che questi espatriati hanno dovuto subire dall&#8217;inizio della guerra, augurandoci che le parole non si trasformino in fatti nelle prossime settimane, c&#8217;\u00e8 solo una cosa in cui speriamo tutti: la pace. E che arrivi in fretta.<\/p>\n","protected":false},"excerpt":{"rendered":"<p>La guerra russo-ucraina si fa sempre pi\u00f9 intensa. Dopo la testimonianza di quattro profughe ucraine rifugiate nel Principato, questa volta [&hellip;]<\/p>\n","protected":false},"author":60,"featured_media":118266,"comment_status":"closed","ping_status":"closed","sticky":false,"template":"","format":"standard","meta":{"_acf_changed":false,"footnotes":""},"categories":[1738,1752],"tags":[],"post_sectags":[],"post_format":[2475],"class_list":["post-118470","post","type-post","status-publish","format-standard","has-post-thumbnail","hentry","category-notizie","category-societa","format-inchiesta"],"acf":[],"yoast_head":"<!-- This site is optimized with the Yoast SEO Premium plugin v26.8 (Yoast SEO v27.4) - https:\/\/yoast.com\/product\/yoast-seo-premium-wordpress\/ -->\n<title>Ucraina: le testimonianze dei russi di Monaco e della Costa Azzurra<\/title>\n<meta name=\"description\" content=\"La guerra russo-ucraina si fa sempre pi\u00f9 intensa. Dopo la testimonianza di quattro profughe ucraine rifugiate nel Principato, questa volta sono i\" \/>\n<meta name=\"robots\" content=\"index, follow, max-snippet:-1, max-image-preview:large, max-video-preview:-1\" \/>\n<link rel=\"canonical\" href=\"https:\/\/www.monaco-tribune.com\/it\/2022\/04\/ucraina-le-testimonianze-dei-russi-di-monaco-e-della-costa-azzurra\/\" \/>\n<meta property=\"og:locale\" content=\"it_IT\" \/>\n<meta property=\"og:type\" content=\"article\" \/>\n<meta property=\"og:title\" content=\"Ucraina: le testimonianze dei russi di Monaco e della Costa Azzurra - Monaco Tribune\" \/>\n<meta property=\"og:description\" content=\"La guerra russo-ucraina si fa sempre pi\u00f9 intensa. Dopo la testimonianza di quattro profughe ucraine rifugiate nel Principato, questa volta sono i\" \/>\n<meta property=\"og:url\" content=\"https:\/\/www.monaco-tribune.com\/it\/2022\/04\/ucraina-le-testimonianze-dei-russi-di-monaco-e-della-costa-azzurra\/\" \/>\n<meta property=\"og:site_name\" content=\"Monaco Tribune\" \/>\n<meta property=\"article:publisher\" content=\"https:\/\/www.facebook.com\/MonacoTribune\" \/>\n<meta property=\"article:published_time\" content=\"2022-04-20T18:18:41+00:00\" \/>\n<meta property=\"article:modified_time\" content=\"2022-04-20T18:18:48+00:00\" \/>\n<meta property=\"og:image\" content=\"https:\/\/www.monaco-tribune.com\/wp-content\/uploads\/2022\/04\/menton.jpg\" \/>\n\t<meta property=\"og:image:width\" content=\"1020\" \/>\n\t<meta property=\"og:image:height\" content=\"680\" \/>\n\t<meta property=\"og:image:type\" content=\"image\/jpeg\" \/>\n<meta name=\"author\" content=\"Camille Esteve\" \/>\n<meta name=\"twitter:card\" content=\"summary_large_image\" \/>\n<meta name=\"twitter:creator\" content=\"@MonacoTribune\" \/>\n<meta name=\"twitter:site\" content=\"@MonacoTribune\" \/>\n<script type=\"application\/ld+json\" class=\"yoast-schema-graph\">{\"@context\":\"https:\\\/\\\/schema.org\",\"@graph\":[{\"@type\":\"NewsArticle\",\"@id\":\"https:\\\/\\\/www.monaco-tribune.com\\\/it\\\/2022\\\/04\\\/ucraina-le-testimonianze-dei-russi-di-monaco-e-della-costa-azzurra\\\/#article\",\"isPartOf\":{\"@id\":\"https:\\\/\\\/www.monaco-tribune.com\\\/it\\\/2022\\\/04\\\/ucraina-le-testimonianze-dei-russi-di-monaco-e-della-costa-azzurra\\\/\"},\"author\":{\"name\":\"Camille Esteve\",\"@id\":\"https:\\\/\\\/www.monaco-tribune.com\\\/it\\\/#\\\/schema\\\/person\\\/a855d420fff4d03637641d60b93ac62e\"},\"headline\":\"Ucraina: le testimonianze dei russi di Monaco e della Costa Azzurra\",\"datePublished\":\"2022-04-20T18:18:41+00:00\",\"dateModified\":\"2022-04-20T18:18:48+00:00\",\"mainEntityOfPage\":{\"@id\":\"https:\\\/\\\/www.monaco-tribune.com\\\/it\\\/2022\\\/04\\\/ucraina-le-testimonianze-dei-russi-di-monaco-e-della-costa-azzurra\\\/\"},\"wordCount\":1571,\"publisher\":{\"@id\":\"https:\\\/\\\/www.monaco-tribune.com\\\/it\\\/#organization\"},\"image\":{\"@id\":\"https:\\\/\\\/www.monaco-tribune.com\\\/it\\\/2022\\\/04\\\/ucraina-le-testimonianze-dei-russi-di-monaco-e-della-costa-azzurra\\\/#primaryimage\"},\"thumbnailUrl\":\"https:\\\/\\\/www.monaco-tribune.com\\\/wp-content\\\/uploads\\\/2022\\\/04\\\/menton.jpg\",\"articleSection\":[\"Notizie\",\"Societ\u00e0\"],\"inLanguage\":\"it-IT\",\"copyrightYear\":\"2022\",\"copyrightHolder\":{\"@id\":\"https:\\\/\\\/www.monaco-tribune.com\\\/#organization\"}},{\"@type\":\"WebPage\",\"@id\":\"https:\\\/\\\/www.monaco-tribune.com\\\/it\\\/2022\\\/04\\\/ucraina-le-testimonianze-dei-russi-di-monaco-e-della-costa-azzurra\\\/\",\"url\":\"https:\\\/\\\/www.monaco-tribune.com\\\/it\\\/2022\\\/04\\\/ucraina-le-testimonianze-dei-russi-di-monaco-e-della-costa-azzurra\\\/\",\"name\":\"Ucraina: le testimonianze dei russi di Monaco e della Costa Azzurra\",\"isPartOf\":{\"@id\":\"https:\\\/\\\/www.monaco-tribune.com\\\/it\\\/#website\"},\"primaryImageOfPage\":{\"@id\":\"https:\\\/\\\/www.monaco-tribune.com\\\/it\\\/2022\\\/04\\\/ucraina-le-testimonianze-dei-russi-di-monaco-e-della-costa-azzurra\\\/#primaryimage\"},\"image\":{\"@id\":\"https:\\\/\\\/www.monaco-tribune.com\\\/it\\\/2022\\\/04\\\/ucraina-le-testimonianze-dei-russi-di-monaco-e-della-costa-azzurra\\\/#primaryimage\"},\"thumbnailUrl\":\"https:\\\/\\\/www.monaco-tribune.com\\\/wp-content\\\/uploads\\\/2022\\\/04\\\/menton.jpg\",\"datePublished\":\"2022-04-20T18:18:41+00:00\",\"dateModified\":\"2022-04-20T18:18:48+00:00\",\"description\":\"La guerra russo-ucraina si fa sempre pi\u00f9 intensa. Dopo la testimonianza di quattro profughe ucraine rifugiate nel Principato, questa volta sono i\",\"breadcrumb\":{\"@id\":\"https:\\\/\\\/www.monaco-tribune.com\\\/it\\\/2022\\\/04\\\/ucraina-le-testimonianze-dei-russi-di-monaco-e-della-costa-azzurra\\\/#breadcrumb\"},\"inLanguage\":\"it-IT\",\"potentialAction\":[{\"@type\":\"ReadAction\",\"target\":[\"https:\\\/\\\/www.monaco-tribune.com\\\/it\\\/2022\\\/04\\\/ucraina-le-testimonianze-dei-russi-di-monaco-e-della-costa-azzurra\\\/\"]}]},{\"@type\":\"ImageObject\",\"inLanguage\":\"it-IT\",\"@id\":\"https:\\\/\\\/www.monaco-tribune.com\\\/it\\\/2022\\\/04\\\/ucraina-le-testimonianze-dei-russi-di-monaco-e-della-costa-azzurra\\\/#primaryimage\",\"url\":\"https:\\\/\\\/www.monaco-tribune.com\\\/wp-content\\\/uploads\\\/2022\\\/04\\\/menton.jpg\",\"contentUrl\":\"https:\\\/\\\/www.monaco-tribune.com\\\/wp-content\\\/uploads\\\/2022\\\/04\\\/menton.jpg\",\"width\":1020,\"height\":680,\"caption\":\"Unsplash\"},{\"@type\":\"BreadcrumbList\",\"@id\":\"https:\\\/\\\/www.monaco-tribune.com\\\/it\\\/2022\\\/04\\\/ucraina-le-testimonianze-dei-russi-di-monaco-e-della-costa-azzurra\\\/#breadcrumb\",\"itemListElement\":[{\"@type\":\"ListItem\",\"position\":1,\"name\":\"Accueil\",\"item\":\"https:\\\/\\\/www.monaco-tribune.com\\\/it\\\/\"},{\"@type\":\"ListItem\",\"position\":2,\"name\":\"Ucraina: le testimonianze dei russi di Monaco e della Costa Azzurra\"}]},{\"@type\":\"WebSite\",\"@id\":\"https:\\\/\\\/www.monaco-tribune.com\\\/it\\\/#website\",\"url\":\"https:\\\/\\\/www.monaco-tribune.com\\\/it\\\/\",\"name\":\"Monaco Tribune\",\"description\":\"Monaco : actualit\u00e9s \u00e9conomiques, politiques, culturelles et sportives de Monaco et de la French Riviera.\",\"publisher\":{\"@id\":\"https:\\\/\\\/www.monaco-tribune.com\\\/it\\\/#organization\"},\"potentialAction\":[{\"@type\":\"SearchAction\",\"target\":{\"@type\":\"EntryPoint\",\"urlTemplate\":\"https:\\\/\\\/www.monaco-tribune.com\\\/it\\\/?s={search_term_string}\"},\"query-input\":{\"@type\":\"PropertyValueSpecification\",\"valueRequired\":true,\"valueName\":\"search_term_string\"}}],\"inLanguage\":\"it-IT\"},{\"@type\":\"Organization\",\"@id\":\"https:\\\/\\\/www.monaco-tribune.com\\\/it\\\/#organization\",\"name\":\"Monaco Tribune\",\"url\":\"https:\\\/\\\/www.monaco-tribune.com\\\/it\\\/\",\"logo\":{\"@type\":\"ImageObject\",\"inLanguage\":\"it-IT\",\"@id\":\"https:\\\/\\\/www.monaco-tribune.com\\\/it\\\/#\\\/schema\\\/logo\\\/image\\\/\",\"url\":\"https:\\\/\\\/www.monaco-tribune.com\\\/wp-content\\\/uploads\\\/2022\\\/11\\\/logo-monaco-tribune.png\",\"contentUrl\":\"https:\\\/\\\/www.monaco-tribune.com\\\/wp-content\\\/uploads\\\/2022\\\/11\\\/logo-monaco-tribune.png\",\"width\":1548,\"height\":600,\"caption\":\"Monaco Tribune\"},\"image\":{\"@id\":\"https:\\\/\\\/www.monaco-tribune.com\\\/it\\\/#\\\/schema\\\/logo\\\/image\\\/\"},\"sameAs\":[\"https:\\\/\\\/www.facebook.com\\\/MonacoTribune\",\"https:\\\/\\\/x.com\\\/MonacoTribune\",\"https:\\\/\\\/www.instagram.com\\\/monacotribune\\\/\",\"https:\\\/\\\/www.linkedin.com\\\/company\\\/monaco-tribune\",\"https:\\\/\\\/www.youtube.com\\\/channel\\\/UCHle1MnG6hw1y4lWKijVbMA\"]},{\"@type\":\"Person\",\"@id\":\"https:\\\/\\\/www.monaco-tribune.com\\\/it\\\/#\\\/schema\\\/person\\\/a855d420fff4d03637641d60b93ac62e\",\"name\":\"Camille Esteve\",\"image\":{\"@type\":\"ImageObject\",\"inLanguage\":\"it-IT\",\"@id\":\"https:\\\/\\\/secure.gravatar.com\\\/avatar\\\/eaaa2355a7bb56c0018a391c20a55bf9b4690e3f493231dd850e612bfa6ce161?s=96&d=mm&r=g\",\"url\":\"https:\\\/\\\/secure.gravatar.com\\\/avatar\\\/eaaa2355a7bb56c0018a391c20a55bf9b4690e3f493231dd850e612bfa6ce161?s=96&d=mm&r=g\",\"contentUrl\":\"https:\\\/\\\/secure.gravatar.com\\\/avatar\\\/eaaa2355a7bb56c0018a391c20a55bf9b4690e3f493231dd850e612bfa6ce161?s=96&d=mm&r=g\",\"caption\":\"Camille Esteve\"},\"url\":\"https:\\\/\\\/www.monaco-tribune.com\\\/it\\\/author\\\/camilleesteve\\\/\"}]}<\/script>\n<!-- \/ Yoast SEO Premium plugin. -->","yoast_head_json":{"title":"Ucraina: le testimonianze dei russi di Monaco e della Costa Azzurra","description":"La guerra russo-ucraina si fa sempre pi\u00f9 intensa. Dopo la testimonianza di quattro profughe ucraine rifugiate nel Principato, questa volta sono i","robots":{"index":"index","follow":"follow","max-snippet":"max-snippet:-1","max-image-preview":"max-image-preview:large","max-video-preview":"max-video-preview:-1"},"canonical":"https:\/\/www.monaco-tribune.com\/it\/2022\/04\/ucraina-le-testimonianze-dei-russi-di-monaco-e-della-costa-azzurra\/","og_locale":"it_IT","og_type":"article","og_title":"Ucraina: le testimonianze dei russi di Monaco e della Costa Azzurra - Monaco Tribune","og_description":"La guerra russo-ucraina si fa sempre pi\u00f9 intensa. Dopo la testimonianza di quattro profughe ucraine rifugiate nel Principato, questa volta sono i","og_url":"https:\/\/www.monaco-tribune.com\/it\/2022\/04\/ucraina-le-testimonianze-dei-russi-di-monaco-e-della-costa-azzurra\/","og_site_name":"Monaco Tribune","article_publisher":"https:\/\/www.facebook.com\/MonacoTribune","article_published_time":"2022-04-20T18:18:41+00:00","article_modified_time":"2022-04-20T18:18:48+00:00","og_image":[{"width":1020,"height":680,"url":"https:\/\/www.monaco-tribune.com\/wp-content\/uploads\/2022\/04\/menton.jpg","type":"image\/jpeg"}],"author":"Camille Esteve","twitter_card":"summary_large_image","twitter_creator":"@MonacoTribune","twitter_site":"@MonacoTribune","schema":{"@context":"https:\/\/schema.org","@graph":[{"@type":"NewsArticle","@id":"https:\/\/www.monaco-tribune.com\/it\/2022\/04\/ucraina-le-testimonianze-dei-russi-di-monaco-e-della-costa-azzurra\/#article","isPartOf":{"@id":"https:\/\/www.monaco-tribune.com\/it\/2022\/04\/ucraina-le-testimonianze-dei-russi-di-monaco-e-della-costa-azzurra\/"},"author":{"name":"Camille Esteve","@id":"https:\/\/www.monaco-tribune.com\/it\/#\/schema\/person\/a855d420fff4d03637641d60b93ac62e"},"headline":"Ucraina: le testimonianze dei russi di Monaco e della Costa Azzurra","datePublished":"2022-04-20T18:18:41+00:00","dateModified":"2022-04-20T18:18:48+00:00","mainEntityOfPage":{"@id":"https:\/\/www.monaco-tribune.com\/it\/2022\/04\/ucraina-le-testimonianze-dei-russi-di-monaco-e-della-costa-azzurra\/"},"wordCount":1571,"publisher":{"@id":"https:\/\/www.monaco-tribune.com\/it\/#organization"},"image":{"@id":"https:\/\/www.monaco-tribune.com\/it\/2022\/04\/ucraina-le-testimonianze-dei-russi-di-monaco-e-della-costa-azzurra\/#primaryimage"},"thumbnailUrl":"https:\/\/www.monaco-tribune.com\/wp-content\/uploads\/2022\/04\/menton.jpg","articleSection":["Notizie","Societ\u00e0"],"inLanguage":"it-IT","copyrightYear":"2022","copyrightHolder":{"@id":"https:\/\/www.monaco-tribune.com\/#organization"}},{"@type":"WebPage","@id":"https:\/\/www.monaco-tribune.com\/it\/2022\/04\/ucraina-le-testimonianze-dei-russi-di-monaco-e-della-costa-azzurra\/","url":"https:\/\/www.monaco-tribune.com\/it\/2022\/04\/ucraina-le-testimonianze-dei-russi-di-monaco-e-della-costa-azzurra\/","name":"Ucraina: le testimonianze dei russi di Monaco e della Costa Azzurra","isPartOf":{"@id":"https:\/\/www.monaco-tribune.com\/it\/#website"},"primaryImageOfPage":{"@id":"https:\/\/www.monaco-tribune.com\/it\/2022\/04\/ucraina-le-testimonianze-dei-russi-di-monaco-e-della-costa-azzurra\/#primaryimage"},"image":{"@id":"https:\/\/www.monaco-tribune.com\/it\/2022\/04\/ucraina-le-testimonianze-dei-russi-di-monaco-e-della-costa-azzurra\/#primaryimage"},"thumbnailUrl":"https:\/\/www.monaco-tribune.com\/wp-content\/uploads\/2022\/04\/menton.jpg","datePublished":"2022-04-20T18:18:41+00:00","dateModified":"2022-04-20T18:18:48+00:00","description":"La guerra russo-ucraina si fa sempre pi\u00f9 intensa. Dopo la testimonianza di quattro profughe ucraine rifugiate nel Principato, questa volta sono i","breadcrumb":{"@id":"https:\/\/www.monaco-tribune.com\/it\/2022\/04\/ucraina-le-testimonianze-dei-russi-di-monaco-e-della-costa-azzurra\/#breadcrumb"},"inLanguage":"it-IT","potentialAction":[{"@type":"ReadAction","target":["https:\/\/www.monaco-tribune.com\/it\/2022\/04\/ucraina-le-testimonianze-dei-russi-di-monaco-e-della-costa-azzurra\/"]}]},{"@type":"ImageObject","inLanguage":"it-IT","@id":"https:\/\/www.monaco-tribune.com\/it\/2022\/04\/ucraina-le-testimonianze-dei-russi-di-monaco-e-della-costa-azzurra\/#primaryimage","url":"https:\/\/www.monaco-tribune.com\/wp-content\/uploads\/2022\/04\/menton.jpg","contentUrl":"https:\/\/www.monaco-tribune.com\/wp-content\/uploads\/2022\/04\/menton.jpg","width":1020,"height":680,"caption":"Unsplash"},{"@type":"BreadcrumbList","@id":"https:\/\/www.monaco-tribune.com\/it\/2022\/04\/ucraina-le-testimonianze-dei-russi-di-monaco-e-della-costa-azzurra\/#breadcrumb","itemListElement":[{"@type":"ListItem","position":1,"name":"Accueil","item":"https:\/\/www.monaco-tribune.com\/it\/"},{"@type":"ListItem","position":2,"name":"Ucraina: le testimonianze dei russi di Monaco e della Costa Azzurra"}]},{"@type":"WebSite","@id":"https:\/\/www.monaco-tribune.com\/it\/#website","url":"https:\/\/www.monaco-tribune.com\/it\/","name":"Monaco Tribune","description":"Monaco : actualit\u00e9s \u00e9conomiques, politiques, culturelles et sportives de Monaco et de la French Riviera.","publisher":{"@id":"https:\/\/www.monaco-tribune.com\/it\/#organization"},"potentialAction":[{"@type":"SearchAction","target":{"@type":"EntryPoint","urlTemplate":"https:\/\/www.monaco-tribune.com\/it\/?s={search_term_string}"},"query-input":{"@type":"PropertyValueSpecification","valueRequired":true,"valueName":"search_term_string"}}],"inLanguage":"it-IT"},{"@type":"Organization","@id":"https:\/\/www.monaco-tribune.com\/it\/#organization","name":"Monaco Tribune","url":"https:\/\/www.monaco-tribune.com\/it\/","logo":{"@type":"ImageObject","inLanguage":"it-IT","@id":"https:\/\/www.monaco-tribune.com\/it\/#\/schema\/logo\/image\/","url":"https:\/\/www.monaco-tribune.com\/wp-content\/uploads\/2022\/11\/logo-monaco-tribune.png","contentUrl":"https:\/\/www.monaco-tribune.com\/wp-content\/uploads\/2022\/11\/logo-monaco-tribune.png","width":1548,"height":600,"caption":"Monaco Tribune"},"image":{"@id":"https:\/\/www.monaco-tribune.com\/it\/#\/schema\/logo\/image\/"},"sameAs":["https:\/\/www.facebook.com\/MonacoTribune","https:\/\/x.com\/MonacoTribune","https:\/\/www.instagram.com\/monacotribune\/","https:\/\/www.linkedin.com\/company\/monaco-tribune","https:\/\/www.youtube.com\/channel\/UCHle1MnG6hw1y4lWKijVbMA"]},{"@type":"Person","@id":"https:\/\/www.monaco-tribune.com\/it\/#\/schema\/person\/a855d420fff4d03637641d60b93ac62e","name":"Camille Esteve","image":{"@type":"ImageObject","inLanguage":"it-IT","@id":"https:\/\/secure.gravatar.com\/avatar\/eaaa2355a7bb56c0018a391c20a55bf9b4690e3f493231dd850e612bfa6ce161?s=96&d=mm&r=g","url":"https:\/\/secure.gravatar.com\/avatar\/eaaa2355a7bb56c0018a391c20a55bf9b4690e3f493231dd850e612bfa6ce161?s=96&d=mm&r=g","contentUrl":"https:\/\/secure.gravatar.com\/avatar\/eaaa2355a7bb56c0018a391c20a55bf9b4690e3f493231dd850e612bfa6ce161?s=96&d=mm&r=g","caption":"Camille Esteve"},"url":"https:\/\/www.monaco-tribune.com\/it\/author\/camilleesteve\/"}]}},"_links":{"self":[{"href":"https:\/\/www.monaco-tribune.com\/it\/wp-json\/wp\/v2\/posts\/118470","targetHints":{"allow":["GET"]}}],"collection":[{"href":"https:\/\/www.monaco-tribune.com\/it\/wp-json\/wp\/v2\/posts"}],"about":[{"href":"https:\/\/www.monaco-tribune.com\/it\/wp-json\/wp\/v2\/types\/post"}],"author":[{"embeddable":true,"href":"https:\/\/www.monaco-tribune.com\/it\/wp-json\/wp\/v2\/users\/60"}],"replies":[{"embeddable":true,"href":"https:\/\/www.monaco-tribune.com\/it\/wp-json\/wp\/v2\/comments?post=118470"}],"version-history":[{"count":0,"href":"https:\/\/www.monaco-tribune.com\/it\/wp-json\/wp\/v2\/posts\/118470\/revisions"}],"wp:featuredmedia":[{"embeddable":true,"href":"https:\/\/www.monaco-tribune.com\/it\/wp-json\/wp\/v2\/media\/118266"}],"wp:attachment":[{"href":"https:\/\/www.monaco-tribune.com\/it\/wp-json\/wp\/v2\/media?parent=118470"}],"wp:term":[{"taxonomy":"category","embeddable":true,"href":"https:\/\/www.monaco-tribune.com\/it\/wp-json\/wp\/v2\/categories?post=118470"},{"taxonomy":"post_tag","embeddable":true,"href":"https:\/\/www.monaco-tribune.com\/it\/wp-json\/wp\/v2\/tags?post=118470"},{"taxonomy":"sectag","embeddable":true,"href":"https:\/\/www.monaco-tribune.com\/it\/wp-json\/wp\/v2\/post_sectags?post=118470"},{"taxonomy":"format","embeddable":true,"href":"https:\/\/www.monaco-tribune.com\/it\/wp-json\/wp\/v2\/post_format?post=118470"}],"curies":[{"name":"wp","href":"https:\/\/api.w.org\/{rel}","templated":true}]}}