{"id":118764,"date":"2022-04-21T18:42:55","date_gmt":"2022-04-21T16:42:55","guid":{"rendered":"https:\/\/www.monaco-tribune.com\/2022\/04\/tutto-quello-che-ce-da-sapere-sulla-prossima-apertura-di-ikea-a-nizza\/"},"modified":"2022-04-21T18:43:00","modified_gmt":"2022-04-21T16:43:00","slug":"tutto-quello-che-ce-da-sapere-sulla-prossima-apertura-di-ikea-a-nizza","status":"publish","type":"post","link":"https:\/\/www.monaco-tribune.com\/it\/2022\/04\/tutto-quello-che-ce-da-sapere-sulla-prossima-apertura-di-ikea-a-nizza\/","title":{"rendered":"Tutto quello che c&#8217;\u00e8 da sapere sulla prossima apertura di IKEA a Nizza"},"content":{"rendered":"\n<p><strong>Dopo lunghi anni di trattative e poi di lavori, il colosso svedese dell&#8217;arredamento si prepara finalmente ad aprire i battenti a Nizza. Dalla mattina dell&#8217;11 maggio sar\u00e0 possibile passeggiare per il negozio.<\/strong><\/p>\n\n<p>Mancano solo pochi giorni all&#8217;apertura ufficiale di IKEA Nice Saint-Isidore. Atteso con impazienza dagli abitanti della Costa Azzurra ormai da diversi anni, il negozio, situato nei pressi dello stadio Allianz Riviera, \u00e8 pronto ad aprire i battenti. Sono finiti i tempi dei viaggi a Tolone o a Genova per acquistare i mobili svedesi. Beh quasi.<\/p>\n\n<h2 class=\"wp-block-heading\" id=\"h-32-000-m&#xB2;-1700-places-de-parking-et-un-restaurant\">32.000 m\u00b2, 1.700 posti auto e un ristorante<\/h2>\n\n<p>Tra il deposito della domanda per la licenza edilizia e la fine dei lavori saranno trascorsi sei anni. Il cantiere ha collezionato azioni legali, lockdown e ritardi. Il trentacinquesimo IKEA della Francia si \u00e8 fatto decisamente attendere.<\/p>\n\n<p>Su una superficie di 32.000 mq, di cui 24.000 riservati all&#8217;area vendita, il negozio \u00e8 dotato di quasi 1.700 posti auto. Il tetto dell&#8217;edificio ospiter\u00e0 3.100 pannelli fotovoltaici e 10.000 mq di aree verdi.<\/p>\n\n<p><strong>LEGGI ANCHE<\/strong>: <a href=\"https:\/\/www.monaco-tribune.com\/it\/2021\/09\/foto-5-cantieri-che-rivoluzioneranno-la-monaco-di-domani\/\">FOTO. 5 cantieri che rivoluzioneranno la Monaco di domani<\/a><\/p>\n\n<p>Aperto dal luned\u00ec al sabato dalle 10:00 alle 20:00, IKEA Nice Saint-Isidore avr\u00e0 anche un ristorante, come tutti i punti vendita del famoso marchio svedese. Il negozio di alimentari, che propone specialit\u00e0 scandinave, sar\u00e0 aperto dal luned\u00ec al sabato, dalle 10:00 alle 18:00. I dipendenti saranno oltre 360 e risponderanno alla direzione di Patrick Cazorla, responsabile del negozio.<\/p>\n\n<figure class=\"wp-block-embed aligncenter is-type-video is-provider-youtube wp-block-embed-youtube wp-embed-aspect-16-9 wp-has-aspect-ratio\"><div class=\"wp-block-embed__wrapper\">\r\n<iframe title=\"IKEA Nice Saint Isidore : un magasin qui vise de hauts standards environnementaux\" width=\"500\" height=\"281\" src=\"https:\/\/www.youtube.com\/embed\/FCvLlh5xBic?feature=oembed\" frameborder=\"0\" allow=\"accelerometer; autoplay; clipboard-write; encrypted-media; gyroscope; picture-in-picture; web-share\" referrerpolicy=\"strict-origin-when-cross-origin\" allowfullscreen><\/iframe>\r\n<\/div><\/figure>\r\n\n<h2 class=\"wp-block-heading\">Il \u201cclassico\u201d modello IKEA<\/h2>\n\n<p>L&#8217;ultimo arrivato avr\u00e0 le stesse caratteristiche degli altri negozi gi\u00e0 presenti in Francia e nel mondo, in particolare il classico spazio \u201cself-service mobili\u201d situato al piano terra del negozio.<\/p>\n\n<p>Per il resto sembrer\u00e0 di sentirsi &#8220;come a casa&#8221;. Troverete gli ambienti, i diversi arredi, le tendenze e i prodotti del marchio, tra cucine, camere da letto, bagni, uffici e cabine armadio.<\/p>\n\n<p>Sar\u00e0 inoltre disponibile un servizio di consegna e montaggio a domicilio per mobili, cucine, camere da letto e altre soluzioni.<\/p>\n\n<p>Per raggiungere il negozio da Monaco in auto tramite l&#8217;autostrada A8, ci vorranno 25 minuti. In treno, dovrete scendere alla stazione Nice Saint-Augustin e prendere il tram linea 3 dalla fermata Grand Ar\u00e9nas Sud fino alla fermata Stade.<\/p>\n","protected":false},"excerpt":{"rendered":"<p>Dopo lunghi anni di trattative e poi di lavori, il colosso svedese dell&#8217;arredamento si prepara finalmente ad aprire i battenti [&hellip;]<\/p>\n","protected":false},"author":24,"featured_media":118488,"comment_status":"closed","ping_status":"closed","sticky":false,"template":"","format":"standard","meta":{"_acf_changed":false,"footnotes":""},"categories":[1739,1826,1738],"tags":[2936],"post_sectags":[],"post_format":[2477],"class_list":["post-118764","post","type-post","status-publish","format-standard","has-post-thumbnail","hentry","category-business-it","category-la-nostra-scelta","category-notizie","tag-commercio-locale","format-info-pratiche"],"acf":[],"yoast_head":"<!-- This site is optimized with the Yoast SEO Premium plugin v26.8 (Yoast SEO v27.5) - https:\/\/yoast.com\/product\/yoast-seo-premium-wordpress\/ -->\n<title>Tutto quello che c&#039;\u00e8 da sapere sulla prossima apertura di IKEA a Nizza<\/title>\n<meta name=\"description\" content=\"Dopo lunghi anni di trattative e poi di lavori, il colosso svedese dell&#039;arredamento si prepara finalmente ad aprire i battenti a Nizza. Dalla mattina\" \/>\n<meta name=\"robots\" content=\"index, follow, max-snippet:-1, max-image-preview:large, max-video-preview:-1\" \/>\n<link rel=\"canonical\" href=\"https:\/\/www.monaco-tribune.com\/it\/2022\/04\/tutto-quello-che-ce-da-sapere-sulla-prossima-apertura-di-ikea-a-nizza\/\" \/>\n<meta property=\"og:locale\" content=\"it_IT\" \/>\n<meta property=\"og:type\" content=\"article\" \/>\n<meta property=\"og:title\" content=\"Tutto quello che c&#039;\u00e8 da sapere sulla prossima apertura di IKEA a Nizza - Monaco Tribune\" \/>\n<meta property=\"og:description\" content=\"Dopo lunghi anni di trattative e poi di lavori, il colosso svedese dell&#039;arredamento si prepara finalmente ad aprire i battenti a Nizza. Dalla mattina\" \/>\n<meta property=\"og:url\" content=\"https:\/\/www.monaco-tribune.com\/it\/2022\/04\/tutto-quello-che-ce-da-sapere-sulla-prossima-apertura-di-ikea-a-nizza\/\" \/>\n<meta property=\"og:site_name\" content=\"Monaco Tribune\" \/>\n<meta property=\"article:publisher\" content=\"https:\/\/www.facebook.com\/MonacoTribune\" \/>\n<meta property=\"article:published_time\" content=\"2022-04-21T16:42:55+00:00\" \/>\n<meta property=\"article:modified_time\" content=\"2022-04-21T16:43:00+00:00\" \/>\n<meta property=\"og:image\" content=\"https:\/\/www.monaco-tribune.com\/wp-content\/uploads\/2022\/04\/facade-magasin-ikea-nice-st-isidore.png\" \/>\n\t<meta property=\"og:image:width\" content=\"1020\" \/>\n\t<meta property=\"og:image:height\" content=\"571\" \/>\n\t<meta property=\"og:image:type\" content=\"image\/png\" \/>\n<meta name=\"author\" content=\"Romain Boisaubert\" \/>\n<meta name=\"twitter:card\" content=\"summary_large_image\" \/>\n<meta name=\"twitter:creator\" content=\"@MonacoTribune\" \/>\n<meta name=\"twitter:site\" content=\"@MonacoTribune\" \/>\n<script type=\"application\/ld+json\" class=\"yoast-schema-graph\">{\"@context\":\"https:\\\/\\\/schema.org\",\"@graph\":[{\"@type\":\"NewsArticle\",\"@id\":\"https:\\\/\\\/www.monaco-tribune.com\\\/it\\\/2022\\\/04\\\/tutto-quello-che-ce-da-sapere-sulla-prossima-apertura-di-ikea-a-nizza\\\/#article\",\"isPartOf\":{\"@id\":\"https:\\\/\\\/www.monaco-tribune.com\\\/it\\\/2022\\\/04\\\/tutto-quello-che-ce-da-sapere-sulla-prossima-apertura-di-ikea-a-nizza\\\/\"},\"author\":{\"name\":\"Romain Boisaubert\",\"@id\":\"https:\\\/\\\/www.monaco-tribune.com\\\/it\\\/#\\\/schema\\\/person\\\/330a3732947cf8cb41b2533a0eadd62e\"},\"headline\":\"Tutto quello che c&#8217;\u00e8 da sapere sulla prossima apertura di IKEA a Nizza\",\"datePublished\":\"2022-04-21T16:42:55+00:00\",\"dateModified\":\"2022-04-21T16:43:00+00:00\",\"mainEntityOfPage\":{\"@id\":\"https:\\\/\\\/www.monaco-tribune.com\\\/it\\\/2022\\\/04\\\/tutto-quello-che-ce-da-sapere-sulla-prossima-apertura-di-ikea-a-nizza\\\/\"},\"wordCount\":365,\"publisher\":{\"@id\":\"https:\\\/\\\/www.monaco-tribune.com\\\/it\\\/#organization\"},\"image\":{\"@id\":\"https:\\\/\\\/www.monaco-tribune.com\\\/it\\\/2022\\\/04\\\/tutto-quello-che-ce-da-sapere-sulla-prossima-apertura-di-ikea-a-nizza\\\/#primaryimage\"},\"thumbnailUrl\":\"https:\\\/\\\/www.monaco-tribune.com\\\/wp-content\\\/uploads\\\/2022\\\/04\\\/facade-magasin-ikea-nice-st-isidore.png\",\"keywords\":[\"Commercio locale\"],\"articleSection\":[\"Business\",\"La nostra scelta\",\"Notizie\"],\"inLanguage\":\"it-IT\",\"copyrightYear\":\"2022\",\"copyrightHolder\":{\"@id\":\"https:\\\/\\\/www.monaco-tribune.com\\\/#organization\"}},{\"@type\":\"WebPage\",\"@id\":\"https:\\\/\\\/www.monaco-tribune.com\\\/it\\\/2022\\\/04\\\/tutto-quello-che-ce-da-sapere-sulla-prossima-apertura-di-ikea-a-nizza\\\/\",\"url\":\"https:\\\/\\\/www.monaco-tribune.com\\\/it\\\/2022\\\/04\\\/tutto-quello-che-ce-da-sapere-sulla-prossima-apertura-di-ikea-a-nizza\\\/\",\"name\":\"Tutto quello che c'\u00e8 da sapere sulla prossima apertura di IKEA a Nizza\",\"isPartOf\":{\"@id\":\"https:\\\/\\\/www.monaco-tribune.com\\\/it\\\/#website\"},\"primaryImageOfPage\":{\"@id\":\"https:\\\/\\\/www.monaco-tribune.com\\\/it\\\/2022\\\/04\\\/tutto-quello-che-ce-da-sapere-sulla-prossima-apertura-di-ikea-a-nizza\\\/#primaryimage\"},\"image\":{\"@id\":\"https:\\\/\\\/www.monaco-tribune.com\\\/it\\\/2022\\\/04\\\/tutto-quello-che-ce-da-sapere-sulla-prossima-apertura-di-ikea-a-nizza\\\/#primaryimage\"},\"thumbnailUrl\":\"https:\\\/\\\/www.monaco-tribune.com\\\/wp-content\\\/uploads\\\/2022\\\/04\\\/facade-magasin-ikea-nice-st-isidore.png\",\"datePublished\":\"2022-04-21T16:42:55+00:00\",\"dateModified\":\"2022-04-21T16:43:00+00:00\",\"description\":\"Dopo lunghi anni di trattative e poi di lavori, il colosso svedese dell'arredamento si prepara finalmente ad aprire i battenti a Nizza. Dalla mattina\",\"breadcrumb\":{\"@id\":\"https:\\\/\\\/www.monaco-tribune.com\\\/it\\\/2022\\\/04\\\/tutto-quello-che-ce-da-sapere-sulla-prossima-apertura-di-ikea-a-nizza\\\/#breadcrumb\"},\"inLanguage\":\"it-IT\",\"potentialAction\":[{\"@type\":\"ReadAction\",\"target\":[\"https:\\\/\\\/www.monaco-tribune.com\\\/it\\\/2022\\\/04\\\/tutto-quello-che-ce-da-sapere-sulla-prossima-apertura-di-ikea-a-nizza\\\/\"]}]},{\"@type\":\"ImageObject\",\"inLanguage\":\"it-IT\",\"@id\":\"https:\\\/\\\/www.monaco-tribune.com\\\/it\\\/2022\\\/04\\\/tutto-quello-che-ce-da-sapere-sulla-prossima-apertura-di-ikea-a-nizza\\\/#primaryimage\",\"url\":\"https:\\\/\\\/www.monaco-tribune.com\\\/wp-content\\\/uploads\\\/2022\\\/04\\\/facade-magasin-ikea-nice-st-isidore.png\",\"contentUrl\":\"https:\\\/\\\/www.monaco-tribune.com\\\/wp-content\\\/uploads\\\/2022\\\/04\\\/facade-magasin-ikea-nice-st-isidore.png\",\"width\":1020,\"height\":571,\"caption\":\"IKEA\"},{\"@type\":\"BreadcrumbList\",\"@id\":\"https:\\\/\\\/www.monaco-tribune.com\\\/it\\\/2022\\\/04\\\/tutto-quello-che-ce-da-sapere-sulla-prossima-apertura-di-ikea-a-nizza\\\/#breadcrumb\",\"itemListElement\":[{\"@type\":\"ListItem\",\"position\":1,\"name\":\"Accueil\",\"item\":\"https:\\\/\\\/www.monaco-tribune.com\\\/it\\\/\"},{\"@type\":\"ListItem\",\"position\":2,\"name\":\"Tutto quello che c&rsquo;\u00e8 da sapere sulla prossima apertura di IKEA a Nizza\"}]},{\"@type\":\"WebSite\",\"@id\":\"https:\\\/\\\/www.monaco-tribune.com\\\/it\\\/#website\",\"url\":\"https:\\\/\\\/www.monaco-tribune.com\\\/it\\\/\",\"name\":\"Monaco Tribune\",\"description\":\"Monaco : actualit\u00e9s \u00e9conomiques, politiques, culturelles et sportives de Monaco et de la French Riviera.\",\"publisher\":{\"@id\":\"https:\\\/\\\/www.monaco-tribune.com\\\/it\\\/#organization\"},\"potentialAction\":[{\"@type\":\"SearchAction\",\"target\":{\"@type\":\"EntryPoint\",\"urlTemplate\":\"https:\\\/\\\/www.monaco-tribune.com\\\/it\\\/?s={search_term_string}\"},\"query-input\":{\"@type\":\"PropertyValueSpecification\",\"valueRequired\":true,\"valueName\":\"search_term_string\"}}],\"inLanguage\":\"it-IT\"},{\"@type\":\"Organization\",\"@id\":\"https:\\\/\\\/www.monaco-tribune.com\\\/it\\\/#organization\",\"name\":\"Monaco Tribune\",\"url\":\"https:\\\/\\\/www.monaco-tribune.com\\\/it\\\/\",\"logo\":{\"@type\":\"ImageObject\",\"inLanguage\":\"it-IT\",\"@id\":\"https:\\\/\\\/www.monaco-tribune.com\\\/it\\\/#\\\/schema\\\/logo\\\/image\\\/\",\"url\":\"https:\\\/\\\/www.monaco-tribune.com\\\/wp-content\\\/uploads\\\/2022\\\/11\\\/logo-monaco-tribune.png\",\"contentUrl\":\"https:\\\/\\\/www.monaco-tribune.com\\\/wp-content\\\/uploads\\\/2022\\\/11\\\/logo-monaco-tribune.png\",\"width\":1548,\"height\":600,\"caption\":\"Monaco Tribune\"},\"image\":{\"@id\":\"https:\\\/\\\/www.monaco-tribune.com\\\/it\\\/#\\\/schema\\\/logo\\\/image\\\/\"},\"sameAs\":[\"https:\\\/\\\/www.facebook.com\\\/MonacoTribune\",\"https:\\\/\\\/x.com\\\/MonacoTribune\",\"https:\\\/\\\/www.instagram.com\\\/monacotribune\\\/\",\"https:\\\/\\\/www.linkedin.com\\\/company\\\/monaco-tribune\",\"https:\\\/\\\/www.youtube.com\\\/channel\\\/UCHle1MnG6hw1y4lWKijVbMA\"]},{\"@type\":\"Person\",\"@id\":\"https:\\\/\\\/www.monaco-tribune.com\\\/it\\\/#\\\/schema\\\/person\\\/330a3732947cf8cb41b2533a0eadd62e\",\"name\":\"Romain Boisaubert\",\"image\":{\"@type\":\"ImageObject\",\"inLanguage\":\"it-IT\",\"@id\":\"https:\\\/\\\/secure.gravatar.com\\\/avatar\\\/f8b90d41f1eabd1cbe4cf59e09d8db41a697d51919bf2dfe727589a24a4a4d54?s=96&d=mm&r=g\",\"url\":\"https:\\\/\\\/secure.gravatar.com\\\/avatar\\\/f8b90d41f1eabd1cbe4cf59e09d8db41a697d51919bf2dfe727589a24a4a4d54?s=96&d=mm&r=g\",\"contentUrl\":\"https:\\\/\\\/secure.gravatar.com\\\/avatar\\\/f8b90d41f1eabd1cbe4cf59e09d8db41a697d51919bf2dfe727589a24a4a4d54?s=96&d=mm&r=g\",\"caption\":\"Romain Boisaubert\"},\"description\":\"Test bio\",\"url\":\"https:\\\/\\\/www.monaco-tribune.com\\\/it\\\/author\\\/romain-boisaubert\\\/\"}]}<\/script>\n<!-- \/ Yoast SEO Premium plugin. -->","yoast_head_json":{"title":"Tutto quello che c'\u00e8 da sapere sulla prossima apertura di IKEA a Nizza","description":"Dopo lunghi anni di trattative e poi di lavori, il colosso svedese dell'arredamento si prepara finalmente ad aprire i battenti a Nizza. Dalla mattina","robots":{"index":"index","follow":"follow","max-snippet":"max-snippet:-1","max-image-preview":"max-image-preview:large","max-video-preview":"max-video-preview:-1"},"canonical":"https:\/\/www.monaco-tribune.com\/it\/2022\/04\/tutto-quello-che-ce-da-sapere-sulla-prossima-apertura-di-ikea-a-nizza\/","og_locale":"it_IT","og_type":"article","og_title":"Tutto quello che c'\u00e8 da sapere sulla prossima apertura di IKEA a Nizza - Monaco Tribune","og_description":"Dopo lunghi anni di trattative e poi di lavori, il colosso svedese dell'arredamento si prepara finalmente ad aprire i battenti a Nizza. Dalla mattina","og_url":"https:\/\/www.monaco-tribune.com\/it\/2022\/04\/tutto-quello-che-ce-da-sapere-sulla-prossima-apertura-di-ikea-a-nizza\/","og_site_name":"Monaco Tribune","article_publisher":"https:\/\/www.facebook.com\/MonacoTribune","article_published_time":"2022-04-21T16:42:55+00:00","article_modified_time":"2022-04-21T16:43:00+00:00","og_image":[{"width":1020,"height":571,"url":"https:\/\/www.monaco-tribune.com\/wp-content\/uploads\/2022\/04\/facade-magasin-ikea-nice-st-isidore.png","type":"image\/png"}],"author":"Romain Boisaubert","twitter_card":"summary_large_image","twitter_creator":"@MonacoTribune","twitter_site":"@MonacoTribune","schema":{"@context":"https:\/\/schema.org","@graph":[{"@type":"NewsArticle","@id":"https:\/\/www.monaco-tribune.com\/it\/2022\/04\/tutto-quello-che-ce-da-sapere-sulla-prossima-apertura-di-ikea-a-nizza\/#article","isPartOf":{"@id":"https:\/\/www.monaco-tribune.com\/it\/2022\/04\/tutto-quello-che-ce-da-sapere-sulla-prossima-apertura-di-ikea-a-nizza\/"},"author":{"name":"Romain Boisaubert","@id":"https:\/\/www.monaco-tribune.com\/it\/#\/schema\/person\/330a3732947cf8cb41b2533a0eadd62e"},"headline":"Tutto quello che c&#8217;\u00e8 da sapere sulla prossima apertura di IKEA a Nizza","datePublished":"2022-04-21T16:42:55+00:00","dateModified":"2022-04-21T16:43:00+00:00","mainEntityOfPage":{"@id":"https:\/\/www.monaco-tribune.com\/it\/2022\/04\/tutto-quello-che-ce-da-sapere-sulla-prossima-apertura-di-ikea-a-nizza\/"},"wordCount":365,"publisher":{"@id":"https:\/\/www.monaco-tribune.com\/it\/#organization"},"image":{"@id":"https:\/\/www.monaco-tribune.com\/it\/2022\/04\/tutto-quello-che-ce-da-sapere-sulla-prossima-apertura-di-ikea-a-nizza\/#primaryimage"},"thumbnailUrl":"https:\/\/www.monaco-tribune.com\/wp-content\/uploads\/2022\/04\/facade-magasin-ikea-nice-st-isidore.png","keywords":["Commercio locale"],"articleSection":["Business","La nostra scelta","Notizie"],"inLanguage":"it-IT","copyrightYear":"2022","copyrightHolder":{"@id":"https:\/\/www.monaco-tribune.com\/#organization"}},{"@type":"WebPage","@id":"https:\/\/www.monaco-tribune.com\/it\/2022\/04\/tutto-quello-che-ce-da-sapere-sulla-prossima-apertura-di-ikea-a-nizza\/","url":"https:\/\/www.monaco-tribune.com\/it\/2022\/04\/tutto-quello-che-ce-da-sapere-sulla-prossima-apertura-di-ikea-a-nizza\/","name":"Tutto quello che c'\u00e8 da sapere sulla prossima apertura di IKEA a Nizza","isPartOf":{"@id":"https:\/\/www.monaco-tribune.com\/it\/#website"},"primaryImageOfPage":{"@id":"https:\/\/www.monaco-tribune.com\/it\/2022\/04\/tutto-quello-che-ce-da-sapere-sulla-prossima-apertura-di-ikea-a-nizza\/#primaryimage"},"image":{"@id":"https:\/\/www.monaco-tribune.com\/it\/2022\/04\/tutto-quello-che-ce-da-sapere-sulla-prossima-apertura-di-ikea-a-nizza\/#primaryimage"},"thumbnailUrl":"https:\/\/www.monaco-tribune.com\/wp-content\/uploads\/2022\/04\/facade-magasin-ikea-nice-st-isidore.png","datePublished":"2022-04-21T16:42:55+00:00","dateModified":"2022-04-21T16:43:00+00:00","description":"Dopo lunghi anni di trattative e poi di lavori, il colosso svedese dell'arredamento si prepara finalmente ad aprire i battenti a Nizza. Dalla mattina","breadcrumb":{"@id":"https:\/\/www.monaco-tribune.com\/it\/2022\/04\/tutto-quello-che-ce-da-sapere-sulla-prossima-apertura-di-ikea-a-nizza\/#breadcrumb"},"inLanguage":"it-IT","potentialAction":[{"@type":"ReadAction","target":["https:\/\/www.monaco-tribune.com\/it\/2022\/04\/tutto-quello-che-ce-da-sapere-sulla-prossima-apertura-di-ikea-a-nizza\/"]}]},{"@type":"ImageObject","inLanguage":"it-IT","@id":"https:\/\/www.monaco-tribune.com\/it\/2022\/04\/tutto-quello-che-ce-da-sapere-sulla-prossima-apertura-di-ikea-a-nizza\/#primaryimage","url":"https:\/\/www.monaco-tribune.com\/wp-content\/uploads\/2022\/04\/facade-magasin-ikea-nice-st-isidore.png","contentUrl":"https:\/\/www.monaco-tribune.com\/wp-content\/uploads\/2022\/04\/facade-magasin-ikea-nice-st-isidore.png","width":1020,"height":571,"caption":"IKEA"},{"@type":"BreadcrumbList","@id":"https:\/\/www.monaco-tribune.com\/it\/2022\/04\/tutto-quello-che-ce-da-sapere-sulla-prossima-apertura-di-ikea-a-nizza\/#breadcrumb","itemListElement":[{"@type":"ListItem","position":1,"name":"Accueil","item":"https:\/\/www.monaco-tribune.com\/it\/"},{"@type":"ListItem","position":2,"name":"Tutto quello che c&rsquo;\u00e8 da sapere sulla prossima apertura di IKEA a Nizza"}]},{"@type":"WebSite","@id":"https:\/\/www.monaco-tribune.com\/it\/#website","url":"https:\/\/www.monaco-tribune.com\/it\/","name":"Monaco Tribune","description":"Monaco : actualit\u00e9s \u00e9conomiques, politiques, culturelles et sportives de Monaco et de la French Riviera.","publisher":{"@id":"https:\/\/www.monaco-tribune.com\/it\/#organization"},"potentialAction":[{"@type":"SearchAction","target":{"@type":"EntryPoint","urlTemplate":"https:\/\/www.monaco-tribune.com\/it\/?s={search_term_string}"},"query-input":{"@type":"PropertyValueSpecification","valueRequired":true,"valueName":"search_term_string"}}],"inLanguage":"it-IT"},{"@type":"Organization","@id":"https:\/\/www.monaco-tribune.com\/it\/#organization","name":"Monaco Tribune","url":"https:\/\/www.monaco-tribune.com\/it\/","logo":{"@type":"ImageObject","inLanguage":"it-IT","@id":"https:\/\/www.monaco-tribune.com\/it\/#\/schema\/logo\/image\/","url":"https:\/\/www.monaco-tribune.com\/wp-content\/uploads\/2022\/11\/logo-monaco-tribune.png","contentUrl":"https:\/\/www.monaco-tribune.com\/wp-content\/uploads\/2022\/11\/logo-monaco-tribune.png","width":1548,"height":600,"caption":"Monaco Tribune"},"image":{"@id":"https:\/\/www.monaco-tribune.com\/it\/#\/schema\/logo\/image\/"},"sameAs":["https:\/\/www.facebook.com\/MonacoTribune","https:\/\/x.com\/MonacoTribune","https:\/\/www.instagram.com\/monacotribune\/","https:\/\/www.linkedin.com\/company\/monaco-tribune","https:\/\/www.youtube.com\/channel\/UCHle1MnG6hw1y4lWKijVbMA"]},{"@type":"Person","@id":"https:\/\/www.monaco-tribune.com\/it\/#\/schema\/person\/330a3732947cf8cb41b2533a0eadd62e","name":"Romain Boisaubert","image":{"@type":"ImageObject","inLanguage":"it-IT","@id":"https:\/\/secure.gravatar.com\/avatar\/f8b90d41f1eabd1cbe4cf59e09d8db41a697d51919bf2dfe727589a24a4a4d54?s=96&d=mm&r=g","url":"https:\/\/secure.gravatar.com\/avatar\/f8b90d41f1eabd1cbe4cf59e09d8db41a697d51919bf2dfe727589a24a4a4d54?s=96&d=mm&r=g","contentUrl":"https:\/\/secure.gravatar.com\/avatar\/f8b90d41f1eabd1cbe4cf59e09d8db41a697d51919bf2dfe727589a24a4a4d54?s=96&d=mm&r=g","caption":"Romain Boisaubert"},"description":"Test bio","url":"https:\/\/www.monaco-tribune.com\/it\/author\/romain-boisaubert\/"}]}},"_links":{"self":[{"href":"https:\/\/www.monaco-tribune.com\/it\/wp-json\/wp\/v2\/posts\/118764","targetHints":{"allow":["GET"]}}],"collection":[{"href":"https:\/\/www.monaco-tribune.com\/it\/wp-json\/wp\/v2\/posts"}],"about":[{"href":"https:\/\/www.monaco-tribune.com\/it\/wp-json\/wp\/v2\/types\/post"}],"author":[{"embeddable":true,"href":"https:\/\/www.monaco-tribune.com\/it\/wp-json\/wp\/v2\/users\/24"}],"replies":[{"embeddable":true,"href":"https:\/\/www.monaco-tribune.com\/it\/wp-json\/wp\/v2\/comments?post=118764"}],"version-history":[{"count":0,"href":"https:\/\/www.monaco-tribune.com\/it\/wp-json\/wp\/v2\/posts\/118764\/revisions"}],"wp:featuredmedia":[{"embeddable":true,"href":"https:\/\/www.monaco-tribune.com\/it\/wp-json\/wp\/v2\/media\/118488"}],"wp:attachment":[{"href":"https:\/\/www.monaco-tribune.com\/it\/wp-json\/wp\/v2\/media?parent=118764"}],"wp:term":[{"taxonomy":"category","embeddable":true,"href":"https:\/\/www.monaco-tribune.com\/it\/wp-json\/wp\/v2\/categories?post=118764"},{"taxonomy":"post_tag","embeddable":true,"href":"https:\/\/www.monaco-tribune.com\/it\/wp-json\/wp\/v2\/tags?post=118764"},{"taxonomy":"sectag","embeddable":true,"href":"https:\/\/www.monaco-tribune.com\/it\/wp-json\/wp\/v2\/post_sectags?post=118764"},{"taxonomy":"format","embeddable":true,"href":"https:\/\/www.monaco-tribune.com\/it\/wp-json\/wp\/v2\/post_format?post=118764"}],"curies":[{"name":"wp","href":"https:\/\/api.w.org\/{rel}","templated":true}]}}