{"id":118846,"date":"2022-04-22T12:37:44","date_gmt":"2022-04-22T10:37:44","guid":{"rendered":"https:\/\/www.monaco-tribune.com\/2022\/04\/oltre-il-cibo-la-rassegna-enogastronomica-di-ventimiglia\/"},"modified":"2022-04-22T12:37:57","modified_gmt":"2022-04-22T10:37:57","slug":"oltre-il-cibo-la-rassegna-enogastronomica-di-ventimiglia","status":"publish","type":"post","link":"https:\/\/www.monaco-tribune.com\/it\/2022\/04\/oltre-il-cibo-la-rassegna-enogastronomica-di-ventimiglia\/","title":{"rendered":"\u201cOltre il cibo\u201d: la rassegna enogastronomica di Ventimiglia"},"content":{"rendered":"\n<p><strong>Da maggio a settembre, la citt\u00e0 di Ventimiglia ospiter\u00e0 una nuova rassegna che avr\u00e0 come tema il cibo e il vino.<\/strong><\/p>\n\n<p>&#8220;Oltre il Cibo&#8221;. \u00c8 cos\u00ec che \u00e8 stata battezzata la nuova rassegna proposta dalla Marina di Ventimiglia che si terr\u00e0 presso il <strong>Forte dell&#8217;Annunziata dal 7 maggio al 4 settembre<\/strong>. La kermesse, oltre a portarvi alla scoperta della nuova Marina, vuole valorizzare l&#8217;eccellenza, le tradizioni e l&#8217;identit\u00e0 culinaria del Mediteranno, dando vita a una riflessione sul cibo nella sua accezione pi\u00f9 ampia, come linguaggio universale ed elemento cardine del genere umano.<\/p>\n\n<h2 class=\"wp-block-heading\" id=\"h-une-exposition-et-trois-evenements\">Una mostra e tre eventi<\/h2>\n\n<p>Per tutto il periodo della rassegna potrete godere della grande mostra &#8220;Cibo&#8221; con le opere del fotografo <strong>Steve McCurry,<\/strong> quattro volte vincitore del World Press Photo.<\/p>\n\n<p>Una settimana dopo l&#8217;inaugurazione, invece, cominciano gli eventi pi\u00f9 coinvolgenti: venerd\u00ec 13 maggio \u00e8 in programma una degustazione di vini frizzanti, mentre sabato 14 maggio sar\u00e0 la volta dei vini rossi piacevoli da assaporare anche in estate.<\/p>\n\n<p>A giugno, lo street artist Eron realizzer\u00e0 un&#8217;opera sulla parete di un palazzo del centro storico per sollecitare una riflessione sul tema della rassegna.<\/p>\n\n<p>Infine, un terzo evento si terr\u00e0 l&#8217;8 e il 9 luglio nella piazzetta Marconi, dove mixologist d&#8217;eccezione creeranno tre cocktail ispirati alla Riviera ligure.<\/p>\n\n<p><em>Per maggiori informazioni e per acquistare i biglietti: <a href=\"https:\/\/oltreilcibo.it\/\">Oltre il Cibo<\/a><\/em><\/p>\n","protected":false},"excerpt":{"rendered":"<p>Da maggio a settembre, la citt\u00e0 di Ventimiglia ospiter\u00e0 una nuova rassegna che avr\u00e0 come tema il cibo e il [&hellip;]<\/p>\n","protected":false},"author":66,"featured_media":118684,"comment_status":"closed","ping_status":"closed","sticky":false,"template":"","format":"standard","meta":{"_acf_changed":false,"footnotes":""},"categories":[1740,1738],"tags":[2950],"post_sectags":[],"post_format":[2478],"class_list":["post-118846","post","type-post","status-publish","format-standard","has-post-thumbnail","hentry","category-cosa-fare","category-notizie","tag-ventimiglia-it","format-notizia"],"acf":[],"yoast_head":"<!-- This site is optimized with the Yoast SEO Premium plugin v26.8 (Yoast SEO v27.4) - https:\/\/yoast.com\/product\/yoast-seo-premium-wordpress\/ -->\n<title>\u201cOltre il cibo\u201d: la rassegna enogastronomica di Ventimiglia<\/title>\n<meta name=\"description\" content=\"Da maggio a settembre, la citt\u00e0 di Ventimiglia ospiter\u00e0 una nuova rassegna che avr\u00e0 come tema il cibo e il vino. &quot;Oltre il Cibo&quot;. \u00c8 cos\u00ec che \u00e8 stata\" \/>\n<meta name=\"robots\" content=\"index, follow, max-snippet:-1, max-image-preview:large, max-video-preview:-1\" \/>\n<link rel=\"canonical\" href=\"https:\/\/www.monaco-tribune.com\/it\/2022\/04\/oltre-il-cibo-la-rassegna-enogastronomica-di-ventimiglia\/\" \/>\n<meta property=\"og:locale\" content=\"it_IT\" \/>\n<meta property=\"og:type\" content=\"article\" \/>\n<meta property=\"og:title\" content=\"\u201cOltre il cibo\u201d: la rassegna enogastronomica di Ventimiglia - Monaco Tribune\" \/>\n<meta property=\"og:description\" content=\"Da maggio a settembre, la citt\u00e0 di Ventimiglia ospiter\u00e0 una nuova rassegna che avr\u00e0 come tema il cibo e il vino. &quot;Oltre il Cibo&quot;. \u00c8 cos\u00ec che \u00e8 stata\" \/>\n<meta property=\"og:url\" content=\"https:\/\/www.monaco-tribune.com\/it\/2022\/04\/oltre-il-cibo-la-rassegna-enogastronomica-di-ventimiglia\/\" \/>\n<meta property=\"og:site_name\" content=\"Monaco Tribune\" \/>\n<meta property=\"article:publisher\" content=\"https:\/\/www.facebook.com\/MonacoTribune\" \/>\n<meta property=\"article:published_time\" content=\"2022-04-22T10:37:44+00:00\" \/>\n<meta property=\"article:modified_time\" content=\"2022-04-22T10:37:57+00:00\" \/>\n<meta property=\"og:image\" content=\"https:\/\/www.monaco-tribune.com\/wp-content\/uploads\/2022\/04\/marina-di-ventimiglia-oltre-il-cibo.jpeg\" \/>\n\t<meta property=\"og:image:width\" content=\"991\" \/>\n\t<meta property=\"og:image:height\" content=\"661\" \/>\n\t<meta property=\"og:image:type\" content=\"image\/jpeg\" \/>\n<meta name=\"author\" content=\"Th\u00e9o Briand\" \/>\n<meta name=\"twitter:card\" content=\"summary_large_image\" \/>\n<meta name=\"twitter:creator\" content=\"@MonacoTribune\" \/>\n<meta name=\"twitter:site\" content=\"@MonacoTribune\" \/>\n<script type=\"application\/ld+json\" class=\"yoast-schema-graph\">{\"@context\":\"https:\\\/\\\/schema.org\",\"@graph\":[{\"@type\":\"NewsArticle\",\"@id\":\"https:\\\/\\\/www.monaco-tribune.com\\\/it\\\/2022\\\/04\\\/oltre-il-cibo-la-rassegna-enogastronomica-di-ventimiglia\\\/#article\",\"isPartOf\":{\"@id\":\"https:\\\/\\\/www.monaco-tribune.com\\\/it\\\/2022\\\/04\\\/oltre-il-cibo-la-rassegna-enogastronomica-di-ventimiglia\\\/\"},\"author\":{\"name\":\"Th\u00e9o Briand\",\"@id\":\"https:\\\/\\\/www.monaco-tribune.com\\\/it\\\/#\\\/schema\\\/person\\\/94fb5723547bd83dea1eed97e25145aa\"},\"headline\":\"\u201cOltre il cibo\u201d: la rassegna enogastronomica di Ventimiglia\",\"datePublished\":\"2022-04-22T10:37:44+00:00\",\"dateModified\":\"2022-04-22T10:37:57+00:00\",\"mainEntityOfPage\":{\"@id\":\"https:\\\/\\\/www.monaco-tribune.com\\\/it\\\/2022\\\/04\\\/oltre-il-cibo-la-rassegna-enogastronomica-di-ventimiglia\\\/\"},\"wordCount\":225,\"publisher\":{\"@id\":\"https:\\\/\\\/www.monaco-tribune.com\\\/it\\\/#organization\"},\"image\":{\"@id\":\"https:\\\/\\\/www.monaco-tribune.com\\\/it\\\/2022\\\/04\\\/oltre-il-cibo-la-rassegna-enogastronomica-di-ventimiglia\\\/#primaryimage\"},\"thumbnailUrl\":\"https:\\\/\\\/www.monaco-tribune.com\\\/wp-content\\\/uploads\\\/2022\\\/04\\\/marina-di-ventimiglia-oltre-il-cibo.jpeg\",\"keywords\":[\"Ventimiglia\"],\"articleSection\":[\"Cosa fare\",\"Notizie\"],\"inLanguage\":\"it-IT\",\"copyrightYear\":\"2022\",\"copyrightHolder\":{\"@id\":\"https:\\\/\\\/www.monaco-tribune.com\\\/#organization\"}},{\"@type\":\"WebPage\",\"@id\":\"https:\\\/\\\/www.monaco-tribune.com\\\/it\\\/2022\\\/04\\\/oltre-il-cibo-la-rassegna-enogastronomica-di-ventimiglia\\\/\",\"url\":\"https:\\\/\\\/www.monaco-tribune.com\\\/it\\\/2022\\\/04\\\/oltre-il-cibo-la-rassegna-enogastronomica-di-ventimiglia\\\/\",\"name\":\"\u201cOltre il cibo\u201d: la rassegna enogastronomica di Ventimiglia\",\"isPartOf\":{\"@id\":\"https:\\\/\\\/www.monaco-tribune.com\\\/it\\\/#website\"},\"primaryImageOfPage\":{\"@id\":\"https:\\\/\\\/www.monaco-tribune.com\\\/it\\\/2022\\\/04\\\/oltre-il-cibo-la-rassegna-enogastronomica-di-ventimiglia\\\/#primaryimage\"},\"image\":{\"@id\":\"https:\\\/\\\/www.monaco-tribune.com\\\/it\\\/2022\\\/04\\\/oltre-il-cibo-la-rassegna-enogastronomica-di-ventimiglia\\\/#primaryimage\"},\"thumbnailUrl\":\"https:\\\/\\\/www.monaco-tribune.com\\\/wp-content\\\/uploads\\\/2022\\\/04\\\/marina-di-ventimiglia-oltre-il-cibo.jpeg\",\"datePublished\":\"2022-04-22T10:37:44+00:00\",\"dateModified\":\"2022-04-22T10:37:57+00:00\",\"description\":\"Da maggio a settembre, la citt\u00e0 di Ventimiglia ospiter\u00e0 una nuova rassegna che avr\u00e0 come tema il cibo e il vino. \\\"Oltre il Cibo\\\". \u00c8 cos\u00ec che \u00e8 stata\",\"breadcrumb\":{\"@id\":\"https:\\\/\\\/www.monaco-tribune.com\\\/it\\\/2022\\\/04\\\/oltre-il-cibo-la-rassegna-enogastronomica-di-ventimiglia\\\/#breadcrumb\"},\"inLanguage\":\"it-IT\",\"potentialAction\":[{\"@type\":\"ReadAction\",\"target\":[\"https:\\\/\\\/www.monaco-tribune.com\\\/it\\\/2022\\\/04\\\/oltre-il-cibo-la-rassegna-enogastronomica-di-ventimiglia\\\/\"]}]},{\"@type\":\"ImageObject\",\"inLanguage\":\"it-IT\",\"@id\":\"https:\\\/\\\/www.monaco-tribune.com\\\/it\\\/2022\\\/04\\\/oltre-il-cibo-la-rassegna-enogastronomica-di-ventimiglia\\\/#primaryimage\",\"url\":\"https:\\\/\\\/www.monaco-tribune.com\\\/wp-content\\\/uploads\\\/2022\\\/04\\\/marina-di-ventimiglia-oltre-il-cibo.jpeg\",\"contentUrl\":\"https:\\\/\\\/www.monaco-tribune.com\\\/wp-content\\\/uploads\\\/2022\\\/04\\\/marina-di-ventimiglia-oltre-il-cibo.jpeg\",\"width\":991,\"height\":661,\"caption\":\"Oltre il cibo\"},{\"@type\":\"BreadcrumbList\",\"@id\":\"https:\\\/\\\/www.monaco-tribune.com\\\/it\\\/2022\\\/04\\\/oltre-il-cibo-la-rassegna-enogastronomica-di-ventimiglia\\\/#breadcrumb\",\"itemListElement\":[{\"@type\":\"ListItem\",\"position\":1,\"name\":\"Accueil\",\"item\":\"https:\\\/\\\/www.monaco-tribune.com\\\/it\\\/\"},{\"@type\":\"ListItem\",\"position\":2,\"name\":\"\u201cOltre il cibo\u201d: la rassegna enogastronomica di Ventimiglia\"}]},{\"@type\":\"WebSite\",\"@id\":\"https:\\\/\\\/www.monaco-tribune.com\\\/it\\\/#website\",\"url\":\"https:\\\/\\\/www.monaco-tribune.com\\\/it\\\/\",\"name\":\"Monaco Tribune\",\"description\":\"Monaco : actualit\u00e9s \u00e9conomiques, politiques, culturelles et sportives de Monaco et de la French Riviera.\",\"publisher\":{\"@id\":\"https:\\\/\\\/www.monaco-tribune.com\\\/it\\\/#organization\"},\"potentialAction\":[{\"@type\":\"SearchAction\",\"target\":{\"@type\":\"EntryPoint\",\"urlTemplate\":\"https:\\\/\\\/www.monaco-tribune.com\\\/it\\\/?s={search_term_string}\"},\"query-input\":{\"@type\":\"PropertyValueSpecification\",\"valueRequired\":true,\"valueName\":\"search_term_string\"}}],\"inLanguage\":\"it-IT\"},{\"@type\":\"Organization\",\"@id\":\"https:\\\/\\\/www.monaco-tribune.com\\\/it\\\/#organization\",\"name\":\"Monaco Tribune\",\"url\":\"https:\\\/\\\/www.monaco-tribune.com\\\/it\\\/\",\"logo\":{\"@type\":\"ImageObject\",\"inLanguage\":\"it-IT\",\"@id\":\"https:\\\/\\\/www.monaco-tribune.com\\\/it\\\/#\\\/schema\\\/logo\\\/image\\\/\",\"url\":\"https:\\\/\\\/www.monaco-tribune.com\\\/wp-content\\\/uploads\\\/2022\\\/11\\\/logo-monaco-tribune.png\",\"contentUrl\":\"https:\\\/\\\/www.monaco-tribune.com\\\/wp-content\\\/uploads\\\/2022\\\/11\\\/logo-monaco-tribune.png\",\"width\":1548,\"height\":600,\"caption\":\"Monaco Tribune\"},\"image\":{\"@id\":\"https:\\\/\\\/www.monaco-tribune.com\\\/it\\\/#\\\/schema\\\/logo\\\/image\\\/\"},\"sameAs\":[\"https:\\\/\\\/www.facebook.com\\\/MonacoTribune\",\"https:\\\/\\\/x.com\\\/MonacoTribune\",\"https:\\\/\\\/www.instagram.com\\\/monacotribune\\\/\",\"https:\\\/\\\/www.linkedin.com\\\/company\\\/monaco-tribune\",\"https:\\\/\\\/www.youtube.com\\\/channel\\\/UCHle1MnG6hw1y4lWKijVbMA\"]},{\"@type\":\"Person\",\"@id\":\"https:\\\/\\\/www.monaco-tribune.com\\\/it\\\/#\\\/schema\\\/person\\\/94fb5723547bd83dea1eed97e25145aa\",\"name\":\"Th\u00e9o Briand\",\"image\":{\"@type\":\"ImageObject\",\"inLanguage\":\"it-IT\",\"@id\":\"https:\\\/\\\/secure.gravatar.com\\\/avatar\\\/1c02cfd8b8054d8c376f9a942a1dc4dbacfd8ba5e6f8dbb5e16f4aa3d281972a?s=96&d=mm&r=g\",\"url\":\"https:\\\/\\\/secure.gravatar.com\\\/avatar\\\/1c02cfd8b8054d8c376f9a942a1dc4dbacfd8ba5e6f8dbb5e16f4aa3d281972a?s=96&d=mm&r=g\",\"contentUrl\":\"https:\\\/\\\/secure.gravatar.com\\\/avatar\\\/1c02cfd8b8054d8c376f9a942a1dc4dbacfd8ba5e6f8dbb5e16f4aa3d281972a?s=96&d=mm&r=g\",\"caption\":\"Th\u00e9o Briand\"},\"url\":\"https:\\\/\\\/www.monaco-tribune.com\\\/it\\\/author\\\/theobriand\\\/\"}]}<\/script>\n<!-- \/ Yoast SEO Premium plugin. -->","yoast_head_json":{"title":"\u201cOltre il cibo\u201d: la rassegna enogastronomica di Ventimiglia","description":"Da maggio a settembre, la citt\u00e0 di Ventimiglia ospiter\u00e0 una nuova rassegna che avr\u00e0 come tema il cibo e il vino. \"Oltre il Cibo\". \u00c8 cos\u00ec che \u00e8 stata","robots":{"index":"index","follow":"follow","max-snippet":"max-snippet:-1","max-image-preview":"max-image-preview:large","max-video-preview":"max-video-preview:-1"},"canonical":"https:\/\/www.monaco-tribune.com\/it\/2022\/04\/oltre-il-cibo-la-rassegna-enogastronomica-di-ventimiglia\/","og_locale":"it_IT","og_type":"article","og_title":"\u201cOltre il cibo\u201d: la rassegna enogastronomica di Ventimiglia - Monaco Tribune","og_description":"Da maggio a settembre, la citt\u00e0 di Ventimiglia ospiter\u00e0 una nuova rassegna che avr\u00e0 come tema il cibo e il vino. \"Oltre il Cibo\". \u00c8 cos\u00ec che \u00e8 stata","og_url":"https:\/\/www.monaco-tribune.com\/it\/2022\/04\/oltre-il-cibo-la-rassegna-enogastronomica-di-ventimiglia\/","og_site_name":"Monaco Tribune","article_publisher":"https:\/\/www.facebook.com\/MonacoTribune","article_published_time":"2022-04-22T10:37:44+00:00","article_modified_time":"2022-04-22T10:37:57+00:00","og_image":[{"width":991,"height":661,"url":"https:\/\/www.monaco-tribune.com\/wp-content\/uploads\/2022\/04\/marina-di-ventimiglia-oltre-il-cibo.jpeg","type":"image\/jpeg"}],"author":"Th\u00e9o Briand","twitter_card":"summary_large_image","twitter_creator":"@MonacoTribune","twitter_site":"@MonacoTribune","schema":{"@context":"https:\/\/schema.org","@graph":[{"@type":"NewsArticle","@id":"https:\/\/www.monaco-tribune.com\/it\/2022\/04\/oltre-il-cibo-la-rassegna-enogastronomica-di-ventimiglia\/#article","isPartOf":{"@id":"https:\/\/www.monaco-tribune.com\/it\/2022\/04\/oltre-il-cibo-la-rassegna-enogastronomica-di-ventimiglia\/"},"author":{"name":"Th\u00e9o Briand","@id":"https:\/\/www.monaco-tribune.com\/it\/#\/schema\/person\/94fb5723547bd83dea1eed97e25145aa"},"headline":"\u201cOltre il cibo\u201d: la rassegna enogastronomica di Ventimiglia","datePublished":"2022-04-22T10:37:44+00:00","dateModified":"2022-04-22T10:37:57+00:00","mainEntityOfPage":{"@id":"https:\/\/www.monaco-tribune.com\/it\/2022\/04\/oltre-il-cibo-la-rassegna-enogastronomica-di-ventimiglia\/"},"wordCount":225,"publisher":{"@id":"https:\/\/www.monaco-tribune.com\/it\/#organization"},"image":{"@id":"https:\/\/www.monaco-tribune.com\/it\/2022\/04\/oltre-il-cibo-la-rassegna-enogastronomica-di-ventimiglia\/#primaryimage"},"thumbnailUrl":"https:\/\/www.monaco-tribune.com\/wp-content\/uploads\/2022\/04\/marina-di-ventimiglia-oltre-il-cibo.jpeg","keywords":["Ventimiglia"],"articleSection":["Cosa fare","Notizie"],"inLanguage":"it-IT","copyrightYear":"2022","copyrightHolder":{"@id":"https:\/\/www.monaco-tribune.com\/#organization"}},{"@type":"WebPage","@id":"https:\/\/www.monaco-tribune.com\/it\/2022\/04\/oltre-il-cibo-la-rassegna-enogastronomica-di-ventimiglia\/","url":"https:\/\/www.monaco-tribune.com\/it\/2022\/04\/oltre-il-cibo-la-rassegna-enogastronomica-di-ventimiglia\/","name":"\u201cOltre il cibo\u201d: la rassegna enogastronomica di Ventimiglia","isPartOf":{"@id":"https:\/\/www.monaco-tribune.com\/it\/#website"},"primaryImageOfPage":{"@id":"https:\/\/www.monaco-tribune.com\/it\/2022\/04\/oltre-il-cibo-la-rassegna-enogastronomica-di-ventimiglia\/#primaryimage"},"image":{"@id":"https:\/\/www.monaco-tribune.com\/it\/2022\/04\/oltre-il-cibo-la-rassegna-enogastronomica-di-ventimiglia\/#primaryimage"},"thumbnailUrl":"https:\/\/www.monaco-tribune.com\/wp-content\/uploads\/2022\/04\/marina-di-ventimiglia-oltre-il-cibo.jpeg","datePublished":"2022-04-22T10:37:44+00:00","dateModified":"2022-04-22T10:37:57+00:00","description":"Da maggio a settembre, la citt\u00e0 di Ventimiglia ospiter\u00e0 una nuova rassegna che avr\u00e0 come tema il cibo e il vino. \"Oltre il Cibo\". \u00c8 cos\u00ec che \u00e8 stata","breadcrumb":{"@id":"https:\/\/www.monaco-tribune.com\/it\/2022\/04\/oltre-il-cibo-la-rassegna-enogastronomica-di-ventimiglia\/#breadcrumb"},"inLanguage":"it-IT","potentialAction":[{"@type":"ReadAction","target":["https:\/\/www.monaco-tribune.com\/it\/2022\/04\/oltre-il-cibo-la-rassegna-enogastronomica-di-ventimiglia\/"]}]},{"@type":"ImageObject","inLanguage":"it-IT","@id":"https:\/\/www.monaco-tribune.com\/it\/2022\/04\/oltre-il-cibo-la-rassegna-enogastronomica-di-ventimiglia\/#primaryimage","url":"https:\/\/www.monaco-tribune.com\/wp-content\/uploads\/2022\/04\/marina-di-ventimiglia-oltre-il-cibo.jpeg","contentUrl":"https:\/\/www.monaco-tribune.com\/wp-content\/uploads\/2022\/04\/marina-di-ventimiglia-oltre-il-cibo.jpeg","width":991,"height":661,"caption":"Oltre il cibo"},{"@type":"BreadcrumbList","@id":"https:\/\/www.monaco-tribune.com\/it\/2022\/04\/oltre-il-cibo-la-rassegna-enogastronomica-di-ventimiglia\/#breadcrumb","itemListElement":[{"@type":"ListItem","position":1,"name":"Accueil","item":"https:\/\/www.monaco-tribune.com\/it\/"},{"@type":"ListItem","position":2,"name":"\u201cOltre il cibo\u201d: la rassegna enogastronomica di Ventimiglia"}]},{"@type":"WebSite","@id":"https:\/\/www.monaco-tribune.com\/it\/#website","url":"https:\/\/www.monaco-tribune.com\/it\/","name":"Monaco Tribune","description":"Monaco : actualit\u00e9s \u00e9conomiques, politiques, culturelles et sportives de Monaco et de la French Riviera.","publisher":{"@id":"https:\/\/www.monaco-tribune.com\/it\/#organization"},"potentialAction":[{"@type":"SearchAction","target":{"@type":"EntryPoint","urlTemplate":"https:\/\/www.monaco-tribune.com\/it\/?s={search_term_string}"},"query-input":{"@type":"PropertyValueSpecification","valueRequired":true,"valueName":"search_term_string"}}],"inLanguage":"it-IT"},{"@type":"Organization","@id":"https:\/\/www.monaco-tribune.com\/it\/#organization","name":"Monaco Tribune","url":"https:\/\/www.monaco-tribune.com\/it\/","logo":{"@type":"ImageObject","inLanguage":"it-IT","@id":"https:\/\/www.monaco-tribune.com\/it\/#\/schema\/logo\/image\/","url":"https:\/\/www.monaco-tribune.com\/wp-content\/uploads\/2022\/11\/logo-monaco-tribune.png","contentUrl":"https:\/\/www.monaco-tribune.com\/wp-content\/uploads\/2022\/11\/logo-monaco-tribune.png","width":1548,"height":600,"caption":"Monaco Tribune"},"image":{"@id":"https:\/\/www.monaco-tribune.com\/it\/#\/schema\/logo\/image\/"},"sameAs":["https:\/\/www.facebook.com\/MonacoTribune","https:\/\/x.com\/MonacoTribune","https:\/\/www.instagram.com\/monacotribune\/","https:\/\/www.linkedin.com\/company\/monaco-tribune","https:\/\/www.youtube.com\/channel\/UCHle1MnG6hw1y4lWKijVbMA"]},{"@type":"Person","@id":"https:\/\/www.monaco-tribune.com\/it\/#\/schema\/person\/94fb5723547bd83dea1eed97e25145aa","name":"Th\u00e9o Briand","image":{"@type":"ImageObject","inLanguage":"it-IT","@id":"https:\/\/secure.gravatar.com\/avatar\/1c02cfd8b8054d8c376f9a942a1dc4dbacfd8ba5e6f8dbb5e16f4aa3d281972a?s=96&d=mm&r=g","url":"https:\/\/secure.gravatar.com\/avatar\/1c02cfd8b8054d8c376f9a942a1dc4dbacfd8ba5e6f8dbb5e16f4aa3d281972a?s=96&d=mm&r=g","contentUrl":"https:\/\/secure.gravatar.com\/avatar\/1c02cfd8b8054d8c376f9a942a1dc4dbacfd8ba5e6f8dbb5e16f4aa3d281972a?s=96&d=mm&r=g","caption":"Th\u00e9o Briand"},"url":"https:\/\/www.monaco-tribune.com\/it\/author\/theobriand\/"}]}},"_links":{"self":[{"href":"https:\/\/www.monaco-tribune.com\/it\/wp-json\/wp\/v2\/posts\/118846","targetHints":{"allow":["GET"]}}],"collection":[{"href":"https:\/\/www.monaco-tribune.com\/it\/wp-json\/wp\/v2\/posts"}],"about":[{"href":"https:\/\/www.monaco-tribune.com\/it\/wp-json\/wp\/v2\/types\/post"}],"author":[{"embeddable":true,"href":"https:\/\/www.monaco-tribune.com\/it\/wp-json\/wp\/v2\/users\/66"}],"replies":[{"embeddable":true,"href":"https:\/\/www.monaco-tribune.com\/it\/wp-json\/wp\/v2\/comments?post=118846"}],"version-history":[{"count":0,"href":"https:\/\/www.monaco-tribune.com\/it\/wp-json\/wp\/v2\/posts\/118846\/revisions"}],"wp:featuredmedia":[{"embeddable":true,"href":"https:\/\/www.monaco-tribune.com\/it\/wp-json\/wp\/v2\/media\/118684"}],"wp:attachment":[{"href":"https:\/\/www.monaco-tribune.com\/it\/wp-json\/wp\/v2\/media?parent=118846"}],"wp:term":[{"taxonomy":"category","embeddable":true,"href":"https:\/\/www.monaco-tribune.com\/it\/wp-json\/wp\/v2\/categories?post=118846"},{"taxonomy":"post_tag","embeddable":true,"href":"https:\/\/www.monaco-tribune.com\/it\/wp-json\/wp\/v2\/tags?post=118846"},{"taxonomy":"sectag","embeddable":true,"href":"https:\/\/www.monaco-tribune.com\/it\/wp-json\/wp\/v2\/post_sectags?post=118846"},{"taxonomy":"format","embeddable":true,"href":"https:\/\/www.monaco-tribune.com\/it\/wp-json\/wp\/v2\/post_format?post=118846"}],"curies":[{"name":"wp","href":"https:\/\/api.w.org\/{rel}","templated":true}]}}