{"id":119416,"date":"2022-04-26T18:54:04","date_gmt":"2022-04-26T16:54:04","guid":{"rendered":"https:\/\/www.monaco-tribune.com\/2022\/04\/foto-la-visita-in-puglia-del-principe-alberto-ii-volge-al-termine\/"},"modified":"2022-04-26T18:54:20","modified_gmt":"2022-04-26T16:54:20","slug":"foto-la-visita-in-puglia-del-principe-alberto-ii-volge-al-termine","status":"publish","type":"post","link":"https:\/\/www.monaco-tribune.com\/it\/2022\/04\/foto-la-visita-in-puglia-del-principe-alberto-ii-volge-al-termine\/","title":{"rendered":"FOTO. La visita in Puglia del Principe Alberto II volge al termine"},"content":{"rendered":"\n<p><strong>La visita Principesca si \u00e8 conclusa nei comuni di Matera, Contrada Pietrapenta e Alberobello.<\/strong><\/p>\n\n<p>La visita nel sud Italia, conclusasi il 22 aprile, \u00e8 stata ricca di impegni. Il Principe Alberto II, in trasferta nella regione Puglia, ha iniziato la giornata di venerd\u00ec con una visita guidata di Matera, comune Patrimonio mondiale dell&#8217;umanit\u00e0, secondo l&#8217;UNESCO, e considerato la terza citt\u00e0 pi\u00f9 antica del mondo!<\/p>\n\n<p>Diventata capitale della cultura europea nel 2019, Matera \u00e8 famosa per i suoi edifici rupestri, i famosi Sassi di Matera. Il Principe Sovrano \u00e8 poi stato accolto dalle autorit\u00e0 locali al Palazzo del Governo.<\/p>\n\n<figure class=\"wp-block-gallery has-nested-images columns-1 is-cropped wp-block-gallery-1 is-layout-flex wp-block-gallery-is-layout-flex\">\n<figure class=\"wp-block-image size-large\"><img loading=\"lazy\" decoding=\"async\" width=\"1020\" height=\"680\" data-id=\"119286\" src=\"https:\/\/www.monaco-tribune.com\/wp-content\/uploads\/2022\/04\/prince-albert-ii-pouilles-visite-princiere.jpeg\" alt=\"principe-alberto-ii-puglia-visita-principesca\" class=\"wp-image-119286\" srcset=\"https:\/\/www.monaco-tribune.com\/wp-content\/uploads\/2022\/04\/prince-albert-ii-pouilles-visite-princiere.jpeg 1020w, https:\/\/www.monaco-tribune.com\/wp-content\/uploads\/2022\/04\/prince-albert-ii-pouilles-visite-princiere-450x300.jpeg 450w\" sizes=\"auto, (max-width: 1020px) 100vw, 1020px\" \/><\/figure>\n\n\n\n<figure class=\"wp-block-image size-large\"><img loading=\"lazy\" decoding=\"async\" width=\"1020\" height=\"680\" data-id=\"119270\" src=\"https:\/\/www.monaco-tribune.com\/wp-content\/uploads\/2022\/04\/prince-albert-ii-pouilles-1.jpeg\" alt=\"principe-alberto-ii-puglia\" class=\"wp-image-119270\" srcset=\"https:\/\/www.monaco-tribune.com\/wp-content\/uploads\/2022\/04\/prince-albert-ii-pouilles-1.jpeg 1020w, https:\/\/www.monaco-tribune.com\/wp-content\/uploads\/2022\/04\/prince-albert-ii-pouilles-1-450x300.jpeg 450w\" sizes=\"auto, (max-width: 1020px) 100vw, 1020px\" \/><\/figure>\n<figcaption class=\"blocks-gallery-caption\"><em><em>\u00a9 Axel Bastello \/ Palais Princier<\/em><\/em><\/figcaption><\/figure>\n\n<p>La visita \u00e8 proseguita a 12 chilometri da Matera, nel comune di Contrada Pietrapenta, per scoprire la cripta del Peccato originale, importante testimonianza della pittura medievale nel Mediterraneo.<\/p>\n\n<p><strong>LEGGI ANCHE<\/strong>: <a href=\"https:\/\/www.monaco-tribune.com\/it\/2022\/04\/foto-dopo-25-anni-il-principe-e-tornato-in-puglia\/\">FOTO. Dopo 25 anni, il Principe \u00e8 tornato in Puglia<\/a><\/p>\n\n<figure class=\"wp-block-gallery has-nested-images columns-1 is-cropped wp-block-gallery-2 is-layout-flex wp-block-gallery-is-layout-flex\">\n<figure class=\"wp-block-image size-large\"><img loading=\"lazy\" decoding=\"async\" width=\"1020\" height=\"765\" data-id=\"119257\" src=\"https:\/\/www.monaco-tribune.com\/wp-content\/uploads\/2022\/04\/pouilles-peinture-medievale-prince-albert-ii.jpeg\" alt=\"puglia-pittura-medievale-principe-alberto-ii\" class=\"wp-image-119257\" srcset=\"https:\/\/www.monaco-tribune.com\/wp-content\/uploads\/2022\/04\/pouilles-peinture-medievale-prince-albert-ii.jpeg 1020w, https:\/\/www.monaco-tribune.com\/wp-content\/uploads\/2022\/04\/pouilles-peinture-medievale-prince-albert-ii-400x300.jpeg 400w\" sizes=\"auto, (max-width: 1020px) 100vw, 1020px\" \/><\/figure>\n\n\n\n<figure class=\"wp-block-image size-large\"><img loading=\"lazy\" decoding=\"async\" width=\"1020\" height=\"680\" data-id=\"119265\" src=\"https:\/\/www.monaco-tribune.com\/wp-content\/uploads\/2022\/04\/prince-albert-ii-pouilles-peinture-medievale.jpeg\" alt=\"principe-alberto-ii-puglia-pittura-medievale\" class=\"wp-image-119265\" srcset=\"https:\/\/www.monaco-tribune.com\/wp-content\/uploads\/2022\/04\/prince-albert-ii-pouilles-peinture-medievale.jpeg 1020w, https:\/\/www.monaco-tribune.com\/wp-content\/uploads\/2022\/04\/prince-albert-ii-pouilles-peinture-medievale-450x300.jpeg 450w\" sizes=\"auto, (max-width: 1020px) 100vw, 1020px\" \/><\/figure>\n<figcaption class=\"blocks-gallery-caption\"><em><em>\u00a9 Axel Bastello \/ Palais Princier<\/em><\/em><\/figcaption><\/figure>\n\n<p>Infine, la giornata e la visita Principesca si sono concluse ad Alberobello, nella Valle d&#8217;Itria, che rientra nei siti classificati dall&#8217;UNESCO come patrimonio mondiale dell&#8217;umanit\u00e0. Dopo il pranzo offerto da Michele Longo, sindaco della citt\u00e0, il Principe Alberto II \u00e8 andato alla scoperta dei trulli, le tipiche abitazioni della zona realizzate in pietra secca e con il tetto a forma conica ricoperto da pietre calcaree.<\/p>\n\n<figure class=\"wp-block-gallery has-nested-images columns-1 is-cropped wp-block-gallery-3 is-layout-flex wp-block-gallery-is-layout-flex\">\n<figure class=\"wp-block-image size-large\"><img loading=\"lazy\" decoding=\"async\" width=\"1020\" height=\"680\" data-id=\"119274\" src=\"https:\/\/www.monaco-tribune.com\/wp-content\/uploads\/2022\/04\/prince-albert-ii-visite-pouilles-italie.jpeg\" alt=\"principe-alberto-ii-visita-puglia-italia\" class=\"wp-image-119274\" srcset=\"https:\/\/www.monaco-tribune.com\/wp-content\/uploads\/2022\/04\/prince-albert-ii-visite-pouilles-italie.jpeg 1020w, https:\/\/www.monaco-tribune.com\/wp-content\/uploads\/2022\/04\/prince-albert-ii-visite-pouilles-italie-450x300.jpeg 450w\" sizes=\"auto, (max-width: 1020px) 100vw, 1020px\" \/><\/figure>\n\n\n\n<figure class=\"wp-block-image size-large\"><img loading=\"lazy\" decoding=\"async\" width=\"1020\" height=\"680\" data-id=\"119282\" src=\"https:\/\/www.monaco-tribune.com\/wp-content\/uploads\/2022\/04\/visite-princiere-pouilles-prince-albert-ii.jpeg\" alt=\"visita-principesca-puglia-principe-alberto-ii\" class=\"wp-image-119282\" srcset=\"https:\/\/www.monaco-tribune.com\/wp-content\/uploads\/2022\/04\/visite-princiere-pouilles-prince-albert-ii.jpeg 1020w, https:\/\/www.monaco-tribune.com\/wp-content\/uploads\/2022\/04\/visite-princiere-pouilles-prince-albert-ii-450x300.jpeg 450w\" sizes=\"auto, (max-width: 1020px) 100vw, 1020px\" \/><\/figure>\n<figcaption class=\"blocks-gallery-caption\"><em><em>\u00a9 Axel Bastello \/ Palais Princier<\/em><\/em><\/figcaption><\/figure>\n","protected":false},"excerpt":{"rendered":"<p>La visita Principesca si \u00e8 conclusa nei comuni di Matera, Contrada Pietrapenta e Alberobello. La visita nel sud Italia, conclusasi [&hellip;]<\/p>\n","protected":false},"author":60,"featured_media":119278,"comment_status":"closed","ping_status":"closed","sticky":false,"template":"","format":"standard","meta":{"_acf_changed":false,"footnotes":""},"categories":[1742,1826,1738],"tags":[],"post_sectags":[],"post_format":[2478],"class_list":["post-119416","post","type-post","status-publish","format-standard","has-post-thumbnail","hentry","category-famiglia-principesca","category-la-nostra-scelta","category-notizie","format-notizia"],"acf":[],"yoast_head":"<!-- This site is optimized with the Yoast SEO Premium plugin v26.8 (Yoast SEO v27.5) - https:\/\/yoast.com\/product\/yoast-seo-premium-wordpress\/ -->\n<title>FOTO. La visita in Puglia del Principe Alberto II volge al termine<\/title>\n<meta name=\"description\" content=\"La visita Principesca si \u00e8 conclusa nei comuni di Matera, Contrada Pietrapenta e Alberobello. La visita nel sud Italia, conclusasi il 22 aprile, \u00e8 stata\" \/>\n<meta name=\"robots\" content=\"index, follow, max-snippet:-1, max-image-preview:large, max-video-preview:-1\" \/>\n<link rel=\"canonical\" href=\"https:\/\/www.monaco-tribune.com\/it\/2022\/04\/foto-la-visita-in-puglia-del-principe-alberto-ii-volge-al-termine\/\" \/>\n<meta property=\"og:locale\" content=\"it_IT\" \/>\n<meta property=\"og:type\" content=\"article\" \/>\n<meta property=\"og:title\" content=\"FOTO. La visita in Puglia del Principe Alberto II volge al termine - Monaco Tribune\" \/>\n<meta property=\"og:description\" content=\"La visita Principesca si \u00e8 conclusa nei comuni di Matera, Contrada Pietrapenta e Alberobello. La visita nel sud Italia, conclusasi il 22 aprile, \u00e8 stata\" \/>\n<meta property=\"og:url\" content=\"https:\/\/www.monaco-tribune.com\/it\/2022\/04\/foto-la-visita-in-puglia-del-principe-alberto-ii-volge-al-termine\/\" \/>\n<meta property=\"og:site_name\" content=\"Monaco Tribune\" \/>\n<meta property=\"article:publisher\" content=\"https:\/\/www.facebook.com\/MonacoTribune\" \/>\n<meta property=\"article:published_time\" content=\"2022-04-26T16:54:04+00:00\" \/>\n<meta property=\"article:modified_time\" content=\"2022-04-26T16:54:20+00:00\" \/>\n<meta property=\"og:image\" content=\"https:\/\/www.monaco-tribune.com\/wp-content\/uploads\/2022\/04\/prince-albert-ii-visite-pouilles.jpeg\" \/>\n\t<meta property=\"og:image:width\" content=\"1020\" \/>\n\t<meta property=\"og:image:height\" content=\"680\" \/>\n\t<meta property=\"og:image:type\" content=\"image\/jpeg\" \/>\n<meta name=\"author\" content=\"Camille Esteve\" \/>\n<meta name=\"twitter:card\" content=\"summary_large_image\" \/>\n<meta name=\"twitter:creator\" content=\"@MonacoTribune\" \/>\n<meta name=\"twitter:site\" content=\"@MonacoTribune\" \/>\n<script type=\"application\/ld+json\" class=\"yoast-schema-graph\">{\"@context\":\"https:\\\/\\\/schema.org\",\"@graph\":[{\"@type\":\"NewsArticle\",\"@id\":\"https:\\\/\\\/www.monaco-tribune.com\\\/it\\\/2022\\\/04\\\/foto-la-visita-in-puglia-del-principe-alberto-ii-volge-al-termine\\\/#article\",\"isPartOf\":{\"@id\":\"https:\\\/\\\/www.monaco-tribune.com\\\/it\\\/2022\\\/04\\\/foto-la-visita-in-puglia-del-principe-alberto-ii-volge-al-termine\\\/\"},\"author\":{\"name\":\"Camille Esteve\",\"@id\":\"https:\\\/\\\/www.monaco-tribune.com\\\/it\\\/#\\\/schema\\\/person\\\/a855d420fff4d03637641d60b93ac62e\"},\"headline\":\"FOTO. La visita in Puglia del Principe Alberto II volge al termine\",\"datePublished\":\"2022-04-26T16:54:04+00:00\",\"dateModified\":\"2022-04-26T16:54:20+00:00\",\"mainEntityOfPage\":{\"@id\":\"https:\\\/\\\/www.monaco-tribune.com\\\/it\\\/2022\\\/04\\\/foto-la-visita-in-puglia-del-principe-alberto-ii-volge-al-termine\\\/\"},\"wordCount\":221,\"publisher\":{\"@id\":\"https:\\\/\\\/www.monaco-tribune.com\\\/it\\\/#organization\"},\"image\":{\"@id\":\"https:\\\/\\\/www.monaco-tribune.com\\\/it\\\/2022\\\/04\\\/foto-la-visita-in-puglia-del-principe-alberto-ii-volge-al-termine\\\/#primaryimage\"},\"thumbnailUrl\":\"https:\\\/\\\/www.monaco-tribune.com\\\/wp-content\\\/uploads\\\/2022\\\/04\\\/prince-albert-ii-visite-pouilles.jpeg\",\"articleSection\":[\"Famiglia Principesca\",\"La nostra scelta\",\"Notizie\"],\"inLanguage\":\"it-IT\",\"copyrightYear\":\"2022\",\"copyrightHolder\":{\"@id\":\"https:\\\/\\\/www.monaco-tribune.com\\\/#organization\"}},{\"@type\":\"WebPage\",\"@id\":\"https:\\\/\\\/www.monaco-tribune.com\\\/it\\\/2022\\\/04\\\/foto-la-visita-in-puglia-del-principe-alberto-ii-volge-al-termine\\\/\",\"url\":\"https:\\\/\\\/www.monaco-tribune.com\\\/it\\\/2022\\\/04\\\/foto-la-visita-in-puglia-del-principe-alberto-ii-volge-al-termine\\\/\",\"name\":\"FOTO. La visita in Puglia del Principe Alberto II volge al termine\",\"isPartOf\":{\"@id\":\"https:\\\/\\\/www.monaco-tribune.com\\\/it\\\/#website\"},\"primaryImageOfPage\":{\"@id\":\"https:\\\/\\\/www.monaco-tribune.com\\\/it\\\/2022\\\/04\\\/foto-la-visita-in-puglia-del-principe-alberto-ii-volge-al-termine\\\/#primaryimage\"},\"image\":{\"@id\":\"https:\\\/\\\/www.monaco-tribune.com\\\/it\\\/2022\\\/04\\\/foto-la-visita-in-puglia-del-principe-alberto-ii-volge-al-termine\\\/#primaryimage\"},\"thumbnailUrl\":\"https:\\\/\\\/www.monaco-tribune.com\\\/wp-content\\\/uploads\\\/2022\\\/04\\\/prince-albert-ii-visite-pouilles.jpeg\",\"datePublished\":\"2022-04-26T16:54:04+00:00\",\"dateModified\":\"2022-04-26T16:54:20+00:00\",\"description\":\"La visita Principesca si \u00e8 conclusa nei comuni di Matera, Contrada Pietrapenta e Alberobello. La visita nel sud Italia, conclusasi il 22 aprile, \u00e8 stata\",\"breadcrumb\":{\"@id\":\"https:\\\/\\\/www.monaco-tribune.com\\\/it\\\/2022\\\/04\\\/foto-la-visita-in-puglia-del-principe-alberto-ii-volge-al-termine\\\/#breadcrumb\"},\"inLanguage\":\"it-IT\",\"potentialAction\":[{\"@type\":\"ReadAction\",\"target\":[\"https:\\\/\\\/www.monaco-tribune.com\\\/it\\\/2022\\\/04\\\/foto-la-visita-in-puglia-del-principe-alberto-ii-volge-al-termine\\\/\"]}]},{\"@type\":\"ImageObject\",\"inLanguage\":\"it-IT\",\"@id\":\"https:\\\/\\\/www.monaco-tribune.com\\\/it\\\/2022\\\/04\\\/foto-la-visita-in-puglia-del-principe-alberto-ii-volge-al-termine\\\/#primaryimage\",\"url\":\"https:\\\/\\\/www.monaco-tribune.com\\\/wp-content\\\/uploads\\\/2022\\\/04\\\/prince-albert-ii-visite-pouilles.jpeg\",\"contentUrl\":\"https:\\\/\\\/www.monaco-tribune.com\\\/wp-content\\\/uploads\\\/2022\\\/04\\\/prince-albert-ii-visite-pouilles.jpeg\",\"width\":1020,\"height\":680,\"caption\":\"\u00a9 Axel Bastello \\\/ Palazzo del Principe\"},{\"@type\":\"BreadcrumbList\",\"@id\":\"https:\\\/\\\/www.monaco-tribune.com\\\/it\\\/2022\\\/04\\\/foto-la-visita-in-puglia-del-principe-alberto-ii-volge-al-termine\\\/#breadcrumb\",\"itemListElement\":[{\"@type\":\"ListItem\",\"position\":1,\"name\":\"Accueil\",\"item\":\"https:\\\/\\\/www.monaco-tribune.com\\\/it\\\/\"},{\"@type\":\"ListItem\",\"position\":2,\"name\":\"FOTO. La visita in Puglia del Principe Alberto II volge al termine\"}]},{\"@type\":\"WebSite\",\"@id\":\"https:\\\/\\\/www.monaco-tribune.com\\\/it\\\/#website\",\"url\":\"https:\\\/\\\/www.monaco-tribune.com\\\/it\\\/\",\"name\":\"Monaco Tribune\",\"description\":\"Monaco : actualit\u00e9s \u00e9conomiques, politiques, culturelles et sportives de Monaco et de la French Riviera.\",\"publisher\":{\"@id\":\"https:\\\/\\\/www.monaco-tribune.com\\\/it\\\/#organization\"},\"potentialAction\":[{\"@type\":\"SearchAction\",\"target\":{\"@type\":\"EntryPoint\",\"urlTemplate\":\"https:\\\/\\\/www.monaco-tribune.com\\\/it\\\/?s={search_term_string}\"},\"query-input\":{\"@type\":\"PropertyValueSpecification\",\"valueRequired\":true,\"valueName\":\"search_term_string\"}}],\"inLanguage\":\"it-IT\"},{\"@type\":\"Organization\",\"@id\":\"https:\\\/\\\/www.monaco-tribune.com\\\/it\\\/#organization\",\"name\":\"Monaco Tribune\",\"url\":\"https:\\\/\\\/www.monaco-tribune.com\\\/it\\\/\",\"logo\":{\"@type\":\"ImageObject\",\"inLanguage\":\"it-IT\",\"@id\":\"https:\\\/\\\/www.monaco-tribune.com\\\/it\\\/#\\\/schema\\\/logo\\\/image\\\/\",\"url\":\"https:\\\/\\\/www.monaco-tribune.com\\\/wp-content\\\/uploads\\\/2022\\\/11\\\/logo-monaco-tribune.png\",\"contentUrl\":\"https:\\\/\\\/www.monaco-tribune.com\\\/wp-content\\\/uploads\\\/2022\\\/11\\\/logo-monaco-tribune.png\",\"width\":1548,\"height\":600,\"caption\":\"Monaco Tribune\"},\"image\":{\"@id\":\"https:\\\/\\\/www.monaco-tribune.com\\\/it\\\/#\\\/schema\\\/logo\\\/image\\\/\"},\"sameAs\":[\"https:\\\/\\\/www.facebook.com\\\/MonacoTribune\",\"https:\\\/\\\/x.com\\\/MonacoTribune\",\"https:\\\/\\\/www.instagram.com\\\/monacotribune\\\/\",\"https:\\\/\\\/www.linkedin.com\\\/company\\\/monaco-tribune\",\"https:\\\/\\\/www.youtube.com\\\/channel\\\/UCHle1MnG6hw1y4lWKijVbMA\"]},{\"@type\":\"Person\",\"@id\":\"https:\\\/\\\/www.monaco-tribune.com\\\/it\\\/#\\\/schema\\\/person\\\/a855d420fff4d03637641d60b93ac62e\",\"name\":\"Camille Esteve\",\"image\":{\"@type\":\"ImageObject\",\"inLanguage\":\"it-IT\",\"@id\":\"https:\\\/\\\/secure.gravatar.com\\\/avatar\\\/eaaa2355a7bb56c0018a391c20a55bf9b4690e3f493231dd850e612bfa6ce161?s=96&d=mm&r=g\",\"url\":\"https:\\\/\\\/secure.gravatar.com\\\/avatar\\\/eaaa2355a7bb56c0018a391c20a55bf9b4690e3f493231dd850e612bfa6ce161?s=96&d=mm&r=g\",\"contentUrl\":\"https:\\\/\\\/secure.gravatar.com\\\/avatar\\\/eaaa2355a7bb56c0018a391c20a55bf9b4690e3f493231dd850e612bfa6ce161?s=96&d=mm&r=g\",\"caption\":\"Camille Esteve\"},\"url\":\"https:\\\/\\\/www.monaco-tribune.com\\\/it\\\/author\\\/camilleesteve\\\/\"}]}<\/script>\n<!-- \/ Yoast SEO Premium plugin. -->","yoast_head_json":{"title":"FOTO. La visita in Puglia del Principe Alberto II volge al termine","description":"La visita Principesca si \u00e8 conclusa nei comuni di Matera, Contrada Pietrapenta e Alberobello. La visita nel sud Italia, conclusasi il 22 aprile, \u00e8 stata","robots":{"index":"index","follow":"follow","max-snippet":"max-snippet:-1","max-image-preview":"max-image-preview:large","max-video-preview":"max-video-preview:-1"},"canonical":"https:\/\/www.monaco-tribune.com\/it\/2022\/04\/foto-la-visita-in-puglia-del-principe-alberto-ii-volge-al-termine\/","og_locale":"it_IT","og_type":"article","og_title":"FOTO. La visita in Puglia del Principe Alberto II volge al termine - Monaco Tribune","og_description":"La visita Principesca si \u00e8 conclusa nei comuni di Matera, Contrada Pietrapenta e Alberobello. La visita nel sud Italia, conclusasi il 22 aprile, \u00e8 stata","og_url":"https:\/\/www.monaco-tribune.com\/it\/2022\/04\/foto-la-visita-in-puglia-del-principe-alberto-ii-volge-al-termine\/","og_site_name":"Monaco Tribune","article_publisher":"https:\/\/www.facebook.com\/MonacoTribune","article_published_time":"2022-04-26T16:54:04+00:00","article_modified_time":"2022-04-26T16:54:20+00:00","og_image":[{"width":1020,"height":680,"url":"https:\/\/www.monaco-tribune.com\/wp-content\/uploads\/2022\/04\/prince-albert-ii-visite-pouilles.jpeg","type":"image\/jpeg"}],"author":"Camille Esteve","twitter_card":"summary_large_image","twitter_creator":"@MonacoTribune","twitter_site":"@MonacoTribune","schema":{"@context":"https:\/\/schema.org","@graph":[{"@type":"NewsArticle","@id":"https:\/\/www.monaco-tribune.com\/it\/2022\/04\/foto-la-visita-in-puglia-del-principe-alberto-ii-volge-al-termine\/#article","isPartOf":{"@id":"https:\/\/www.monaco-tribune.com\/it\/2022\/04\/foto-la-visita-in-puglia-del-principe-alberto-ii-volge-al-termine\/"},"author":{"name":"Camille Esteve","@id":"https:\/\/www.monaco-tribune.com\/it\/#\/schema\/person\/a855d420fff4d03637641d60b93ac62e"},"headline":"FOTO. La visita in Puglia del Principe Alberto II volge al termine","datePublished":"2022-04-26T16:54:04+00:00","dateModified":"2022-04-26T16:54:20+00:00","mainEntityOfPage":{"@id":"https:\/\/www.monaco-tribune.com\/it\/2022\/04\/foto-la-visita-in-puglia-del-principe-alberto-ii-volge-al-termine\/"},"wordCount":221,"publisher":{"@id":"https:\/\/www.monaco-tribune.com\/it\/#organization"},"image":{"@id":"https:\/\/www.monaco-tribune.com\/it\/2022\/04\/foto-la-visita-in-puglia-del-principe-alberto-ii-volge-al-termine\/#primaryimage"},"thumbnailUrl":"https:\/\/www.monaco-tribune.com\/wp-content\/uploads\/2022\/04\/prince-albert-ii-visite-pouilles.jpeg","articleSection":["Famiglia Principesca","La nostra scelta","Notizie"],"inLanguage":"it-IT","copyrightYear":"2022","copyrightHolder":{"@id":"https:\/\/www.monaco-tribune.com\/#organization"}},{"@type":"WebPage","@id":"https:\/\/www.monaco-tribune.com\/it\/2022\/04\/foto-la-visita-in-puglia-del-principe-alberto-ii-volge-al-termine\/","url":"https:\/\/www.monaco-tribune.com\/it\/2022\/04\/foto-la-visita-in-puglia-del-principe-alberto-ii-volge-al-termine\/","name":"FOTO. La visita in Puglia del Principe Alberto II volge al termine","isPartOf":{"@id":"https:\/\/www.monaco-tribune.com\/it\/#website"},"primaryImageOfPage":{"@id":"https:\/\/www.monaco-tribune.com\/it\/2022\/04\/foto-la-visita-in-puglia-del-principe-alberto-ii-volge-al-termine\/#primaryimage"},"image":{"@id":"https:\/\/www.monaco-tribune.com\/it\/2022\/04\/foto-la-visita-in-puglia-del-principe-alberto-ii-volge-al-termine\/#primaryimage"},"thumbnailUrl":"https:\/\/www.monaco-tribune.com\/wp-content\/uploads\/2022\/04\/prince-albert-ii-visite-pouilles.jpeg","datePublished":"2022-04-26T16:54:04+00:00","dateModified":"2022-04-26T16:54:20+00:00","description":"La visita Principesca si \u00e8 conclusa nei comuni di Matera, Contrada Pietrapenta e Alberobello. La visita nel sud Italia, conclusasi il 22 aprile, \u00e8 stata","breadcrumb":{"@id":"https:\/\/www.monaco-tribune.com\/it\/2022\/04\/foto-la-visita-in-puglia-del-principe-alberto-ii-volge-al-termine\/#breadcrumb"},"inLanguage":"it-IT","potentialAction":[{"@type":"ReadAction","target":["https:\/\/www.monaco-tribune.com\/it\/2022\/04\/foto-la-visita-in-puglia-del-principe-alberto-ii-volge-al-termine\/"]}]},{"@type":"ImageObject","inLanguage":"it-IT","@id":"https:\/\/www.monaco-tribune.com\/it\/2022\/04\/foto-la-visita-in-puglia-del-principe-alberto-ii-volge-al-termine\/#primaryimage","url":"https:\/\/www.monaco-tribune.com\/wp-content\/uploads\/2022\/04\/prince-albert-ii-visite-pouilles.jpeg","contentUrl":"https:\/\/www.monaco-tribune.com\/wp-content\/uploads\/2022\/04\/prince-albert-ii-visite-pouilles.jpeg","width":1020,"height":680,"caption":"\u00a9 Axel Bastello \/ Palazzo del Principe"},{"@type":"BreadcrumbList","@id":"https:\/\/www.monaco-tribune.com\/it\/2022\/04\/foto-la-visita-in-puglia-del-principe-alberto-ii-volge-al-termine\/#breadcrumb","itemListElement":[{"@type":"ListItem","position":1,"name":"Accueil","item":"https:\/\/www.monaco-tribune.com\/it\/"},{"@type":"ListItem","position":2,"name":"FOTO. La visita in Puglia del Principe Alberto II volge al termine"}]},{"@type":"WebSite","@id":"https:\/\/www.monaco-tribune.com\/it\/#website","url":"https:\/\/www.monaco-tribune.com\/it\/","name":"Monaco Tribune","description":"Monaco : actualit\u00e9s \u00e9conomiques, politiques, culturelles et sportives de Monaco et de la French Riviera.","publisher":{"@id":"https:\/\/www.monaco-tribune.com\/it\/#organization"},"potentialAction":[{"@type":"SearchAction","target":{"@type":"EntryPoint","urlTemplate":"https:\/\/www.monaco-tribune.com\/it\/?s={search_term_string}"},"query-input":{"@type":"PropertyValueSpecification","valueRequired":true,"valueName":"search_term_string"}}],"inLanguage":"it-IT"},{"@type":"Organization","@id":"https:\/\/www.monaco-tribune.com\/it\/#organization","name":"Monaco Tribune","url":"https:\/\/www.monaco-tribune.com\/it\/","logo":{"@type":"ImageObject","inLanguage":"it-IT","@id":"https:\/\/www.monaco-tribune.com\/it\/#\/schema\/logo\/image\/","url":"https:\/\/www.monaco-tribune.com\/wp-content\/uploads\/2022\/11\/logo-monaco-tribune.png","contentUrl":"https:\/\/www.monaco-tribune.com\/wp-content\/uploads\/2022\/11\/logo-monaco-tribune.png","width":1548,"height":600,"caption":"Monaco Tribune"},"image":{"@id":"https:\/\/www.monaco-tribune.com\/it\/#\/schema\/logo\/image\/"},"sameAs":["https:\/\/www.facebook.com\/MonacoTribune","https:\/\/x.com\/MonacoTribune","https:\/\/www.instagram.com\/monacotribune\/","https:\/\/www.linkedin.com\/company\/monaco-tribune","https:\/\/www.youtube.com\/channel\/UCHle1MnG6hw1y4lWKijVbMA"]},{"@type":"Person","@id":"https:\/\/www.monaco-tribune.com\/it\/#\/schema\/person\/a855d420fff4d03637641d60b93ac62e","name":"Camille Esteve","image":{"@type":"ImageObject","inLanguage":"it-IT","@id":"https:\/\/secure.gravatar.com\/avatar\/eaaa2355a7bb56c0018a391c20a55bf9b4690e3f493231dd850e612bfa6ce161?s=96&d=mm&r=g","url":"https:\/\/secure.gravatar.com\/avatar\/eaaa2355a7bb56c0018a391c20a55bf9b4690e3f493231dd850e612bfa6ce161?s=96&d=mm&r=g","contentUrl":"https:\/\/secure.gravatar.com\/avatar\/eaaa2355a7bb56c0018a391c20a55bf9b4690e3f493231dd850e612bfa6ce161?s=96&d=mm&r=g","caption":"Camille Esteve"},"url":"https:\/\/www.monaco-tribune.com\/it\/author\/camilleesteve\/"}]}},"_links":{"self":[{"href":"https:\/\/www.monaco-tribune.com\/it\/wp-json\/wp\/v2\/posts\/119416","targetHints":{"allow":["GET"]}}],"collection":[{"href":"https:\/\/www.monaco-tribune.com\/it\/wp-json\/wp\/v2\/posts"}],"about":[{"href":"https:\/\/www.monaco-tribune.com\/it\/wp-json\/wp\/v2\/types\/post"}],"author":[{"embeddable":true,"href":"https:\/\/www.monaco-tribune.com\/it\/wp-json\/wp\/v2\/users\/60"}],"replies":[{"embeddable":true,"href":"https:\/\/www.monaco-tribune.com\/it\/wp-json\/wp\/v2\/comments?post=119416"}],"version-history":[{"count":0,"href":"https:\/\/www.monaco-tribune.com\/it\/wp-json\/wp\/v2\/posts\/119416\/revisions"}],"wp:featuredmedia":[{"embeddable":true,"href":"https:\/\/www.monaco-tribune.com\/it\/wp-json\/wp\/v2\/media\/119278"}],"wp:attachment":[{"href":"https:\/\/www.monaco-tribune.com\/it\/wp-json\/wp\/v2\/media?parent=119416"}],"wp:term":[{"taxonomy":"category","embeddable":true,"href":"https:\/\/www.monaco-tribune.com\/it\/wp-json\/wp\/v2\/categories?post=119416"},{"taxonomy":"post_tag","embeddable":true,"href":"https:\/\/www.monaco-tribune.com\/it\/wp-json\/wp\/v2\/tags?post=119416"},{"taxonomy":"sectag","embeddable":true,"href":"https:\/\/www.monaco-tribune.com\/it\/wp-json\/wp\/v2\/post_sectags?post=119416"},{"taxonomy":"format","embeddable":true,"href":"https:\/\/www.monaco-tribune.com\/it\/wp-json\/wp\/v2\/post_format?post=119416"}],"curies":[{"name":"wp","href":"https:\/\/api.w.org\/{rel}","templated":true}]}}