{"id":120337,"date":"2022-05-02T17:03:03","date_gmt":"2022-05-02T15:03:03","guid":{"rendered":"https:\/\/www.monaco-tribune.com\/2022\/05\/la-campagna-per-diventare-carabiniere-del-principe-e-aperta\/"},"modified":"2022-05-02T17:03:11","modified_gmt":"2022-05-02T15:03:11","slug":"la-campagna-per-diventare-carabiniere-del-principe-e-aperta","status":"publish","type":"post","link":"https:\/\/www.monaco-tribune.com\/it\/2022\/05\/la-campagna-per-diventare-carabiniere-del-principe-e-aperta\/","title":{"rendered":"La campagna per diventare Carabiniere del Principe \u00e8 aperta!"},"content":{"rendered":"\n<p><strong>La campagna 2023 per unirsi alla Compagnia dei Carabinieri del Principe Alberto II \u00e8 aperta. Scopriamo insieme i criteri di selezione.<\/strong><\/p>\n\n<p>Quale onore proteggere e servire la Famiglia Principesca! La cerchia ristretta di privilegiati si impegna a dedicare la loro vita al Principato e a mantenere un ambiente sereno attorno al Principe. Per candidarsi, per\u00f2, sono necessari dei requisiti ben precisi.<\/p>\n\n<p><strong>LEGGI ANCHE<\/strong>: <a href=\"https:\/\/www.monaco-tribune.com\/it\/2022\/02\/comandante-martial-pied-il-nuovo-capo-del-corpo-dei-carabinieri\/\">Comandante Martial Pied, il nuovo Capo del Corpo dei Carabinieri<\/a><\/p>\n\n<h2 class=\"wp-block-heading\" id=\"h-des-conditions-a-remplir\">Requisiti necessari<\/h2>\n\n<p>Non tutti possono diventare Carabinieri. Prima di tutto, bisogna essere di nazionalit\u00e0 monegasca o francese, avere tra i 19 e i 27 anni, essere alti tra 1,80 e 2 m, non avere tatuaggi in vista ed essere celibi al momento della candidatura e fino alla fine del periodo di prova di un anno.<\/p>\n\n<p>Anche la buona salute \u00e8 chiaramente un requisito fondamentale per entrare nella Compagnia. Dovrete godere di una vista perfetta e di un IMC compreso tra 19 e 25.<\/p>\n\n<p>Inoltre, \u00e8 richiesto di saper nuotare, essere in possesso della patente B e di aver preso parte alla  Journ\u00e9e D\u00e9fense et Citoyennet\u00e9 (Giornata Difesa e Cittadinanza).<\/p>\n\n<p>Dopo aver soddisfatto tutti questi requisiti, dovrete ancora superare un concorso che prevede prove di conoscenza generale, idoneit\u00e0 fisica, esami medici e psicologici e, infine, dei colloqui.<\/p>\n\n<p><em>Per fare domanda e scoprire maggiori informazioni sul concorso: <a href=\"https:\/\/carabiniers.gouv.mc\/devenir-carabinier-du-prince\/epreuves\">Carabinieri del Principe<\/a><\/em><\/p>\n","protected":false},"excerpt":{"rendered":"<p>La campagna 2023 per unirsi alla Compagnia dei Carabinieri del Principe Alberto II \u00e8 aperta. Scopriamo insieme i criteri di [&hellip;]<\/p>\n","protected":false},"author":66,"featured_media":30552,"comment_status":"closed","ping_status":"closed","sticky":false,"template":"","format":"standard","meta":{"_acf_changed":false,"footnotes":""},"categories":[1738,1752],"tags":[3125],"post_sectags":[],"post_format":[2477],"class_list":["post-120337","post","type-post","status-publish","format-standard","has-post-thumbnail","hentry","category-notizie","category-societa","tag-sicurezza","format-info-pratiche"],"acf":[],"yoast_head":"<!-- This site is optimized with the Yoast SEO Premium plugin v26.8 (Yoast SEO v27.4) - https:\/\/yoast.com\/product\/yoast-seo-premium-wordpress\/ -->\n<title>La campagna per diventare Carabiniere del Principe \u00e8 aperta!<\/title>\n<meta name=\"description\" content=\"La campagna 2023 per unirsi alla Compagnia dei Carabinieri del Principe Alberto II \u00e8 aperta. Scopriamo insieme i criteri di selezione. Quale onore\" \/>\n<meta name=\"robots\" content=\"index, follow, max-snippet:-1, max-image-preview:large, max-video-preview:-1\" \/>\n<link rel=\"canonical\" href=\"https:\/\/www.monaco-tribune.com\/it\/2022\/05\/la-campagna-per-diventare-carabiniere-del-principe-e-aperta\/\" \/>\n<meta property=\"og:locale\" content=\"it_IT\" \/>\n<meta property=\"og:type\" content=\"article\" \/>\n<meta property=\"og:title\" content=\"La campagna per diventare Carabiniere del Principe \u00e8 aperta! - Monaco Tribune\" \/>\n<meta property=\"og:description\" content=\"La campagna 2023 per unirsi alla Compagnia dei Carabinieri del Principe Alberto II \u00e8 aperta. Scopriamo insieme i criteri di selezione. Quale onore\" \/>\n<meta property=\"og:url\" content=\"https:\/\/www.monaco-tribune.com\/it\/2022\/05\/la-campagna-per-diventare-carabiniere-del-principe-e-aperta\/\" \/>\n<meta property=\"og:site_name\" content=\"Monaco Tribune\" \/>\n<meta property=\"article:publisher\" content=\"https:\/\/www.facebook.com\/MonacoTribune\" \/>\n<meta property=\"article:published_time\" content=\"2022-05-02T15:03:03+00:00\" \/>\n<meta property=\"article:modified_time\" content=\"2022-05-02T15:03:11+00:00\" \/>\n<meta property=\"og:image\" content=\"https:\/\/www.monaco-tribune.com\/wp-content\/uploads\/2020\/06\/carabiniers-monaco.jpg\" \/>\n\t<meta property=\"og:image:width\" content=\"1900\" \/>\n\t<meta property=\"og:image:height\" content=\"1425\" \/>\n\t<meta property=\"og:image:type\" content=\"image\/jpeg\" \/>\n<meta name=\"author\" content=\"Th\u00e9o Briand\" \/>\n<meta name=\"twitter:card\" content=\"summary_large_image\" \/>\n<meta name=\"twitter:creator\" content=\"@MonacoTribune\" \/>\n<meta name=\"twitter:site\" content=\"@MonacoTribune\" \/>\n<script type=\"application\/ld+json\" class=\"yoast-schema-graph\">{\"@context\":\"https:\\\/\\\/schema.org\",\"@graph\":[{\"@type\":\"NewsArticle\",\"@id\":\"https:\\\/\\\/www.monaco-tribune.com\\\/it\\\/2022\\\/05\\\/la-campagna-per-diventare-carabiniere-del-principe-e-aperta\\\/#article\",\"isPartOf\":{\"@id\":\"https:\\\/\\\/www.monaco-tribune.com\\\/it\\\/2022\\\/05\\\/la-campagna-per-diventare-carabiniere-del-principe-e-aperta\\\/\"},\"author\":{\"name\":\"Th\u00e9o Briand\",\"@id\":\"https:\\\/\\\/www.monaco-tribune.com\\\/it\\\/#\\\/schema\\\/person\\\/94fb5723547bd83dea1eed97e25145aa\"},\"headline\":\"La campagna per diventare Carabiniere del Principe \u00e8 aperta!\",\"datePublished\":\"2022-05-02T15:03:03+00:00\",\"dateModified\":\"2022-05-02T15:03:11+00:00\",\"mainEntityOfPage\":{\"@id\":\"https:\\\/\\\/www.monaco-tribune.com\\\/it\\\/2022\\\/05\\\/la-campagna-per-diventare-carabiniere-del-principe-e-aperta\\\/\"},\"wordCount\":221,\"publisher\":{\"@id\":\"https:\\\/\\\/www.monaco-tribune.com\\\/it\\\/#organization\"},\"image\":{\"@id\":\"https:\\\/\\\/www.monaco-tribune.com\\\/it\\\/2022\\\/05\\\/la-campagna-per-diventare-carabiniere-del-principe-e-aperta\\\/#primaryimage\"},\"thumbnailUrl\":\"https:\\\/\\\/www.monaco-tribune.com\\\/wp-content\\\/uploads\\\/2020\\\/06\\\/carabiniers-monaco.jpg\",\"keywords\":[\"Sicurezza\"],\"articleSection\":[\"Notizie\",\"Societ\u00e0\"],\"inLanguage\":\"it-IT\",\"copyrightYear\":\"2022\",\"copyrightHolder\":{\"@id\":\"https:\\\/\\\/www.monaco-tribune.com\\\/#organization\"}},{\"@type\":\"WebPage\",\"@id\":\"https:\\\/\\\/www.monaco-tribune.com\\\/it\\\/2022\\\/05\\\/la-campagna-per-diventare-carabiniere-del-principe-e-aperta\\\/\",\"url\":\"https:\\\/\\\/www.monaco-tribune.com\\\/it\\\/2022\\\/05\\\/la-campagna-per-diventare-carabiniere-del-principe-e-aperta\\\/\",\"name\":\"La campagna per diventare Carabiniere del Principe \u00e8 aperta!\",\"isPartOf\":{\"@id\":\"https:\\\/\\\/www.monaco-tribune.com\\\/it\\\/#website\"},\"primaryImageOfPage\":{\"@id\":\"https:\\\/\\\/www.monaco-tribune.com\\\/it\\\/2022\\\/05\\\/la-campagna-per-diventare-carabiniere-del-principe-e-aperta\\\/#primaryimage\"},\"image\":{\"@id\":\"https:\\\/\\\/www.monaco-tribune.com\\\/it\\\/2022\\\/05\\\/la-campagna-per-diventare-carabiniere-del-principe-e-aperta\\\/#primaryimage\"},\"thumbnailUrl\":\"https:\\\/\\\/www.monaco-tribune.com\\\/wp-content\\\/uploads\\\/2020\\\/06\\\/carabiniers-monaco.jpg\",\"datePublished\":\"2022-05-02T15:03:03+00:00\",\"dateModified\":\"2022-05-02T15:03:11+00:00\",\"description\":\"La campagna 2023 per unirsi alla Compagnia dei Carabinieri del Principe Alberto II \u00e8 aperta. Scopriamo insieme i criteri di selezione. Quale onore\",\"breadcrumb\":{\"@id\":\"https:\\\/\\\/www.monaco-tribune.com\\\/it\\\/2022\\\/05\\\/la-campagna-per-diventare-carabiniere-del-principe-e-aperta\\\/#breadcrumb\"},\"inLanguage\":\"it-IT\",\"potentialAction\":[{\"@type\":\"ReadAction\",\"target\":[\"https:\\\/\\\/www.monaco-tribune.com\\\/it\\\/2022\\\/05\\\/la-campagna-per-diventare-carabiniere-del-principe-e-aperta\\\/\"]}]},{\"@type\":\"ImageObject\",\"inLanguage\":\"it-IT\",\"@id\":\"https:\\\/\\\/www.monaco-tribune.com\\\/it\\\/2022\\\/05\\\/la-campagna-per-diventare-carabiniere-del-principe-e-aperta\\\/#primaryimage\",\"url\":\"https:\\\/\\\/www.monaco-tribune.com\\\/wp-content\\\/uploads\\\/2020\\\/06\\\/carabiniers-monaco.jpg\",\"contentUrl\":\"https:\\\/\\\/www.monaco-tribune.com\\\/wp-content\\\/uploads\\\/2020\\\/06\\\/carabiniers-monaco.jpg\",\"width\":1900,\"height\":1425,\"caption\":\"Gaetan Luci, Eric Mathon e Axel Bastello \\\/ Palazzo del principe - Manuel Vitali \\\/ Dipartimento di comunicazione - \u00a9 DR. Coll. Archivi del Palazzo di Monaco\"},{\"@type\":\"BreadcrumbList\",\"@id\":\"https:\\\/\\\/www.monaco-tribune.com\\\/it\\\/2022\\\/05\\\/la-campagna-per-diventare-carabiniere-del-principe-e-aperta\\\/#breadcrumb\",\"itemListElement\":[{\"@type\":\"ListItem\",\"position\":1,\"name\":\"Accueil\",\"item\":\"https:\\\/\\\/www.monaco-tribune.com\\\/it\\\/\"},{\"@type\":\"ListItem\",\"position\":2,\"name\":\"La campagna per diventare Carabiniere del Principe \u00e8 aperta!\"}]},{\"@type\":\"WebSite\",\"@id\":\"https:\\\/\\\/www.monaco-tribune.com\\\/it\\\/#website\",\"url\":\"https:\\\/\\\/www.monaco-tribune.com\\\/it\\\/\",\"name\":\"Monaco Tribune\",\"description\":\"Monaco : actualit\u00e9s \u00e9conomiques, politiques, culturelles et sportives de Monaco et de la French Riviera.\",\"publisher\":{\"@id\":\"https:\\\/\\\/www.monaco-tribune.com\\\/it\\\/#organization\"},\"potentialAction\":[{\"@type\":\"SearchAction\",\"target\":{\"@type\":\"EntryPoint\",\"urlTemplate\":\"https:\\\/\\\/www.monaco-tribune.com\\\/it\\\/?s={search_term_string}\"},\"query-input\":{\"@type\":\"PropertyValueSpecification\",\"valueRequired\":true,\"valueName\":\"search_term_string\"}}],\"inLanguage\":\"it-IT\"},{\"@type\":\"Organization\",\"@id\":\"https:\\\/\\\/www.monaco-tribune.com\\\/it\\\/#organization\",\"name\":\"Monaco Tribune\",\"url\":\"https:\\\/\\\/www.monaco-tribune.com\\\/it\\\/\",\"logo\":{\"@type\":\"ImageObject\",\"inLanguage\":\"it-IT\",\"@id\":\"https:\\\/\\\/www.monaco-tribune.com\\\/it\\\/#\\\/schema\\\/logo\\\/image\\\/\",\"url\":\"https:\\\/\\\/www.monaco-tribune.com\\\/wp-content\\\/uploads\\\/2022\\\/11\\\/logo-monaco-tribune.png\",\"contentUrl\":\"https:\\\/\\\/www.monaco-tribune.com\\\/wp-content\\\/uploads\\\/2022\\\/11\\\/logo-monaco-tribune.png\",\"width\":1548,\"height\":600,\"caption\":\"Monaco Tribune\"},\"image\":{\"@id\":\"https:\\\/\\\/www.monaco-tribune.com\\\/it\\\/#\\\/schema\\\/logo\\\/image\\\/\"},\"sameAs\":[\"https:\\\/\\\/www.facebook.com\\\/MonacoTribune\",\"https:\\\/\\\/x.com\\\/MonacoTribune\",\"https:\\\/\\\/www.instagram.com\\\/monacotribune\\\/\",\"https:\\\/\\\/www.linkedin.com\\\/company\\\/monaco-tribune\",\"https:\\\/\\\/www.youtube.com\\\/channel\\\/UCHle1MnG6hw1y4lWKijVbMA\"]},{\"@type\":\"Person\",\"@id\":\"https:\\\/\\\/www.monaco-tribune.com\\\/it\\\/#\\\/schema\\\/person\\\/94fb5723547bd83dea1eed97e25145aa\",\"name\":\"Th\u00e9o Briand\",\"image\":{\"@type\":\"ImageObject\",\"inLanguage\":\"it-IT\",\"@id\":\"https:\\\/\\\/secure.gravatar.com\\\/avatar\\\/1c02cfd8b8054d8c376f9a942a1dc4dbacfd8ba5e6f8dbb5e16f4aa3d281972a?s=96&d=mm&r=g\",\"url\":\"https:\\\/\\\/secure.gravatar.com\\\/avatar\\\/1c02cfd8b8054d8c376f9a942a1dc4dbacfd8ba5e6f8dbb5e16f4aa3d281972a?s=96&d=mm&r=g\",\"contentUrl\":\"https:\\\/\\\/secure.gravatar.com\\\/avatar\\\/1c02cfd8b8054d8c376f9a942a1dc4dbacfd8ba5e6f8dbb5e16f4aa3d281972a?s=96&d=mm&r=g\",\"caption\":\"Th\u00e9o Briand\"},\"url\":\"https:\\\/\\\/www.monaco-tribune.com\\\/it\\\/author\\\/theobriand\\\/\"}]}<\/script>\n<!-- \/ Yoast SEO Premium plugin. -->","yoast_head_json":{"title":"La campagna per diventare Carabiniere del Principe \u00e8 aperta!","description":"La campagna 2023 per unirsi alla Compagnia dei Carabinieri del Principe Alberto II \u00e8 aperta. Scopriamo insieme i criteri di selezione. Quale onore","robots":{"index":"index","follow":"follow","max-snippet":"max-snippet:-1","max-image-preview":"max-image-preview:large","max-video-preview":"max-video-preview:-1"},"canonical":"https:\/\/www.monaco-tribune.com\/it\/2022\/05\/la-campagna-per-diventare-carabiniere-del-principe-e-aperta\/","og_locale":"it_IT","og_type":"article","og_title":"La campagna per diventare Carabiniere del Principe \u00e8 aperta! - Monaco Tribune","og_description":"La campagna 2023 per unirsi alla Compagnia dei Carabinieri del Principe Alberto II \u00e8 aperta. Scopriamo insieme i criteri di selezione. Quale onore","og_url":"https:\/\/www.monaco-tribune.com\/it\/2022\/05\/la-campagna-per-diventare-carabiniere-del-principe-e-aperta\/","og_site_name":"Monaco Tribune","article_publisher":"https:\/\/www.facebook.com\/MonacoTribune","article_published_time":"2022-05-02T15:03:03+00:00","article_modified_time":"2022-05-02T15:03:11+00:00","og_image":[{"width":1900,"height":1425,"url":"https:\/\/www.monaco-tribune.com\/wp-content\/uploads\/2020\/06\/carabiniers-monaco.jpg","type":"image\/jpeg"}],"author":"Th\u00e9o Briand","twitter_card":"summary_large_image","twitter_creator":"@MonacoTribune","twitter_site":"@MonacoTribune","schema":{"@context":"https:\/\/schema.org","@graph":[{"@type":"NewsArticle","@id":"https:\/\/www.monaco-tribune.com\/it\/2022\/05\/la-campagna-per-diventare-carabiniere-del-principe-e-aperta\/#article","isPartOf":{"@id":"https:\/\/www.monaco-tribune.com\/it\/2022\/05\/la-campagna-per-diventare-carabiniere-del-principe-e-aperta\/"},"author":{"name":"Th\u00e9o Briand","@id":"https:\/\/www.monaco-tribune.com\/it\/#\/schema\/person\/94fb5723547bd83dea1eed97e25145aa"},"headline":"La campagna per diventare Carabiniere del Principe \u00e8 aperta!","datePublished":"2022-05-02T15:03:03+00:00","dateModified":"2022-05-02T15:03:11+00:00","mainEntityOfPage":{"@id":"https:\/\/www.monaco-tribune.com\/it\/2022\/05\/la-campagna-per-diventare-carabiniere-del-principe-e-aperta\/"},"wordCount":221,"publisher":{"@id":"https:\/\/www.monaco-tribune.com\/it\/#organization"},"image":{"@id":"https:\/\/www.monaco-tribune.com\/it\/2022\/05\/la-campagna-per-diventare-carabiniere-del-principe-e-aperta\/#primaryimage"},"thumbnailUrl":"https:\/\/www.monaco-tribune.com\/wp-content\/uploads\/2020\/06\/carabiniers-monaco.jpg","keywords":["Sicurezza"],"articleSection":["Notizie","Societ\u00e0"],"inLanguage":"it-IT","copyrightYear":"2022","copyrightHolder":{"@id":"https:\/\/www.monaco-tribune.com\/#organization"}},{"@type":"WebPage","@id":"https:\/\/www.monaco-tribune.com\/it\/2022\/05\/la-campagna-per-diventare-carabiniere-del-principe-e-aperta\/","url":"https:\/\/www.monaco-tribune.com\/it\/2022\/05\/la-campagna-per-diventare-carabiniere-del-principe-e-aperta\/","name":"La campagna per diventare Carabiniere del Principe \u00e8 aperta!","isPartOf":{"@id":"https:\/\/www.monaco-tribune.com\/it\/#website"},"primaryImageOfPage":{"@id":"https:\/\/www.monaco-tribune.com\/it\/2022\/05\/la-campagna-per-diventare-carabiniere-del-principe-e-aperta\/#primaryimage"},"image":{"@id":"https:\/\/www.monaco-tribune.com\/it\/2022\/05\/la-campagna-per-diventare-carabiniere-del-principe-e-aperta\/#primaryimage"},"thumbnailUrl":"https:\/\/www.monaco-tribune.com\/wp-content\/uploads\/2020\/06\/carabiniers-monaco.jpg","datePublished":"2022-05-02T15:03:03+00:00","dateModified":"2022-05-02T15:03:11+00:00","description":"La campagna 2023 per unirsi alla Compagnia dei Carabinieri del Principe Alberto II \u00e8 aperta. Scopriamo insieme i criteri di selezione. Quale onore","breadcrumb":{"@id":"https:\/\/www.monaco-tribune.com\/it\/2022\/05\/la-campagna-per-diventare-carabiniere-del-principe-e-aperta\/#breadcrumb"},"inLanguage":"it-IT","potentialAction":[{"@type":"ReadAction","target":["https:\/\/www.monaco-tribune.com\/it\/2022\/05\/la-campagna-per-diventare-carabiniere-del-principe-e-aperta\/"]}]},{"@type":"ImageObject","inLanguage":"it-IT","@id":"https:\/\/www.monaco-tribune.com\/it\/2022\/05\/la-campagna-per-diventare-carabiniere-del-principe-e-aperta\/#primaryimage","url":"https:\/\/www.monaco-tribune.com\/wp-content\/uploads\/2020\/06\/carabiniers-monaco.jpg","contentUrl":"https:\/\/www.monaco-tribune.com\/wp-content\/uploads\/2020\/06\/carabiniers-monaco.jpg","width":1900,"height":1425,"caption":"Gaetan Luci, Eric Mathon e Axel Bastello \/ Palazzo del principe - Manuel Vitali \/ Dipartimento di comunicazione - \u00a9 DR. Coll. Archivi del Palazzo di Monaco"},{"@type":"BreadcrumbList","@id":"https:\/\/www.monaco-tribune.com\/it\/2022\/05\/la-campagna-per-diventare-carabiniere-del-principe-e-aperta\/#breadcrumb","itemListElement":[{"@type":"ListItem","position":1,"name":"Accueil","item":"https:\/\/www.monaco-tribune.com\/it\/"},{"@type":"ListItem","position":2,"name":"La campagna per diventare Carabiniere del Principe \u00e8 aperta!"}]},{"@type":"WebSite","@id":"https:\/\/www.monaco-tribune.com\/it\/#website","url":"https:\/\/www.monaco-tribune.com\/it\/","name":"Monaco Tribune","description":"Monaco : actualit\u00e9s \u00e9conomiques, politiques, culturelles et sportives de Monaco et de la French Riviera.","publisher":{"@id":"https:\/\/www.monaco-tribune.com\/it\/#organization"},"potentialAction":[{"@type":"SearchAction","target":{"@type":"EntryPoint","urlTemplate":"https:\/\/www.monaco-tribune.com\/it\/?s={search_term_string}"},"query-input":{"@type":"PropertyValueSpecification","valueRequired":true,"valueName":"search_term_string"}}],"inLanguage":"it-IT"},{"@type":"Organization","@id":"https:\/\/www.monaco-tribune.com\/it\/#organization","name":"Monaco Tribune","url":"https:\/\/www.monaco-tribune.com\/it\/","logo":{"@type":"ImageObject","inLanguage":"it-IT","@id":"https:\/\/www.monaco-tribune.com\/it\/#\/schema\/logo\/image\/","url":"https:\/\/www.monaco-tribune.com\/wp-content\/uploads\/2022\/11\/logo-monaco-tribune.png","contentUrl":"https:\/\/www.monaco-tribune.com\/wp-content\/uploads\/2022\/11\/logo-monaco-tribune.png","width":1548,"height":600,"caption":"Monaco Tribune"},"image":{"@id":"https:\/\/www.monaco-tribune.com\/it\/#\/schema\/logo\/image\/"},"sameAs":["https:\/\/www.facebook.com\/MonacoTribune","https:\/\/x.com\/MonacoTribune","https:\/\/www.instagram.com\/monacotribune\/","https:\/\/www.linkedin.com\/company\/monaco-tribune","https:\/\/www.youtube.com\/channel\/UCHle1MnG6hw1y4lWKijVbMA"]},{"@type":"Person","@id":"https:\/\/www.monaco-tribune.com\/it\/#\/schema\/person\/94fb5723547bd83dea1eed97e25145aa","name":"Th\u00e9o Briand","image":{"@type":"ImageObject","inLanguage":"it-IT","@id":"https:\/\/secure.gravatar.com\/avatar\/1c02cfd8b8054d8c376f9a942a1dc4dbacfd8ba5e6f8dbb5e16f4aa3d281972a?s=96&d=mm&r=g","url":"https:\/\/secure.gravatar.com\/avatar\/1c02cfd8b8054d8c376f9a942a1dc4dbacfd8ba5e6f8dbb5e16f4aa3d281972a?s=96&d=mm&r=g","contentUrl":"https:\/\/secure.gravatar.com\/avatar\/1c02cfd8b8054d8c376f9a942a1dc4dbacfd8ba5e6f8dbb5e16f4aa3d281972a?s=96&d=mm&r=g","caption":"Th\u00e9o Briand"},"url":"https:\/\/www.monaco-tribune.com\/it\/author\/theobriand\/"}]}},"_links":{"self":[{"href":"https:\/\/www.monaco-tribune.com\/it\/wp-json\/wp\/v2\/posts\/120337","targetHints":{"allow":["GET"]}}],"collection":[{"href":"https:\/\/www.monaco-tribune.com\/it\/wp-json\/wp\/v2\/posts"}],"about":[{"href":"https:\/\/www.monaco-tribune.com\/it\/wp-json\/wp\/v2\/types\/post"}],"author":[{"embeddable":true,"href":"https:\/\/www.monaco-tribune.com\/it\/wp-json\/wp\/v2\/users\/66"}],"replies":[{"embeddable":true,"href":"https:\/\/www.monaco-tribune.com\/it\/wp-json\/wp\/v2\/comments?post=120337"}],"version-history":[{"count":0,"href":"https:\/\/www.monaco-tribune.com\/it\/wp-json\/wp\/v2\/posts\/120337\/revisions"}],"wp:featuredmedia":[{"embeddable":true,"href":"https:\/\/www.monaco-tribune.com\/it\/wp-json\/wp\/v2\/media\/30552"}],"wp:attachment":[{"href":"https:\/\/www.monaco-tribune.com\/it\/wp-json\/wp\/v2\/media?parent=120337"}],"wp:term":[{"taxonomy":"category","embeddable":true,"href":"https:\/\/www.monaco-tribune.com\/it\/wp-json\/wp\/v2\/categories?post=120337"},{"taxonomy":"post_tag","embeddable":true,"href":"https:\/\/www.monaco-tribune.com\/it\/wp-json\/wp\/v2\/tags?post=120337"},{"taxonomy":"sectag","embeddable":true,"href":"https:\/\/www.monaco-tribune.com\/it\/wp-json\/wp\/v2\/post_sectags?post=120337"},{"taxonomy":"format","embeddable":true,"href":"https:\/\/www.monaco-tribune.com\/it\/wp-json\/wp\/v2\/post_format?post=120337"}],"curies":[{"name":"wp","href":"https:\/\/api.w.org\/{rel}","templated":true}]}}