{"id":121554,"date":"2022-05-11T17:00:59","date_gmt":"2022-05-11T15:00:59","guid":{"rendered":"https:\/\/www.monaco-tribune.com\/2022\/05\/5-cose-da-sapere-per-prepararsi-al-gran-premio-storico-di-monaco\/"},"modified":"2022-05-12T15:51:56","modified_gmt":"2022-05-12T13:51:56","slug":"5-cose-da-sapere-per-prepararsi-al-gran-premio-storico-di-monaco","status":"publish","type":"post","link":"https:\/\/www.monaco-tribune.com\/it\/2022\/05\/5-cose-da-sapere-per-prepararsi-al-gran-premio-storico-di-monaco\/","title":{"rendered":"5 cose da sapere per prepararsi al Gran Premio Storico di Monaco"},"content":{"rendered":"\n<p><strong>Questo week end, la mitica corsa monegasca fa il suo grande ritorno sul circuito del Principato. Lo spettacolo promette ancora una volta grandi cose per tutti gli amanti delle leggendarie monoposto.<\/strong><\/p>\n\n<h2 class=\"has-text-align-center wp-block-heading\" id=\"h-1-un-programme-croustillant\">1. Un programma allettante<\/h2>\n\n<p>Nel corso di tre giorni potrete assistere a tantissime gare in pista, con ben otto categorie rappresentate. Il venerd\u00ec, dalle 11:00 alle 18:30, si terranno le prove libere, mentre il sabato, dalle 8:30 alle 17:50, sar\u00e0 la volta delle qualificazioni.<\/p>\n\n<p>Domenica le gare inizieranno alle 9:00 e si concluderanno alle 17:10. Precisiamo che per assistere alle prove della giornata di venerd\u00ec non \u00e8 necessario alcun biglietto.<\/p>\n\n<h2 class=\"has-text-align-center wp-block-heading\">2. I modelli pi\u00f9 belli dell&#8217;epoca scendono in pista<\/h2>\n\n<p>Dalle auto d&#8217;avanguardia di Louis Chiron, alle mitiche monoposto di Juan Manuel Fangio e Graham Hill, passando per le vetture sportive con motore davanti, ce ne sar\u00e0 davvero per tutti i gusti.<\/p>\n\n<p>Tutte le generazioni saranno accontentate, con le monoposto della F1 dei tempi di Ayrton Senna (1981-1985) o degli anni di Jackie Stewart (1966-1972), Niki Lauda (1973-1976) e Gilles Villeneuve (1977-1980). <\/p>\n\n<div class=\"wp-block-image\"><figure class=\"aligncenter size-full\"><img loading=\"lazy\" decoding=\"async\" width=\"1024\" height=\"683\" src=\"https:\/\/www.monaco-tribune.com\/wp-content\/uploads\/2022\/05\/grand-prix-historique-min.jpeg\" alt=\"Gran-Premio-Storico-min\" class=\"wp-image-121374\" srcset=\"https:\/\/www.monaco-tribune.com\/wp-content\/uploads\/2022\/05\/grand-prix-historique-min.jpeg 1024w, https:\/\/www.monaco-tribune.com\/wp-content\/uploads\/2022\/05\/grand-prix-historique-min-450x300.jpeg 450w\" sizes=\"auto, (max-width: 1024px) 100vw, 1024px\" \/><figcaption>\u00a9 ACM Caenen<\/figcaption><\/figure><\/div>\n\n<h2 class=\"has-text-align-center wp-block-heading\">3. Biglietti per le gare ancora disponibili<\/h2>\n\n<p>Se le prove libere del venerd\u00ec saranno aperte al pubblico, lo stesso non vale per le giornate di sabato e domenica, in cui sar\u00e0 necessario acquistare un biglietto. Per le qualificazioni di sabato il costo \u00e8 di 50 euro, che sale a 100 euro per le gare di domenica.<\/p>\n\n<p>Alcune tribune, come quella del Casino, sono ormai quasi al completo, ma <a href=\"https:\/\/www.formula1monaco.com\/\">restano ancora diversi posti<\/a> nelle tribune di Quai Albert 1er. Sottolineiamo che l&#8217;ingresso \u00e8 gratuito per i minori di 16 anni.<\/p>\n\n<h2 class=\"has-text-align-center wp-block-heading\">4. La Jaguar E-Type cabriolet di Steve McQueen all&#8217;asta<\/h2>\n\n<p>Come abbiamo gi\u00e0 accennato qualche settimana fa, la maison Bonhams organizzer\u00e0 una vendita all&#8217;asta con un lotto speciale&#8230; la Jaguar E-Type cabriolet di Steve McQueen!<\/p>\n\n<p>Un&#8217;auto che l&#8217;attore e produttore americano aveva regalato al suo chef personale, Fredy Zurbr\u00fcgg,\u00a0e che trover\u00e0 un nuovo proprietario alla fine del Gran Premio Storico di Monaco.<\/p>\n\n<p><strong>LEGGI: <a href=\"https:\/\/www.monaco-tribune.com\/it\/2022\/04\/5-curiosita-sulla-mitica-jaguar-e-type-in-vendita-allasta-durante-il-gp-storico\/\">5 curiosit\u00e0 sulla mitica Jaguar E-Type in vendita all\u2019asta durante il GP Storico<\/a><\/strong><\/p>\n\n<h2 class=\"has-text-align-center wp-block-heading\">5. Stesse condizioni di accesso dell&#8217;E-Prix<\/h2>\n\n<p>La mascherina \u00e8 consigliata ma non sar\u00e0 obbligatoria nelle tribune o nei corridoi del Gran Premio Storico di Monaco. Non sar\u00e0 richiesto neanche il pass vaccinale.<\/p>\n\n<p>Per maggiori informazioni: info@acm.mc \/ +377 93 15 26 00<\/p>\n","protected":false},"excerpt":{"rendered":"<p>Questo week end, la mitica corsa monegasca fa il suo grande ritorno sul circuito del Principato. Lo spettacolo promette ancora [&hellip;]<\/p>\n","protected":false},"author":24,"featured_media":121370,"comment_status":"closed","ping_status":"closed","sticky":false,"template":"","format":"standard","meta":{"_acf_changed":false,"footnotes":""},"categories":[1826,1738,1743],"tags":[],"post_sectags":[],"post_format":[2477],"class_list":["post-121554","post","type-post","status-publish","format-standard","has-post-thumbnail","hentry","category-la-nostra-scelta","category-notizie","category-sport-it","format-info-pratiche"],"acf":[],"yoast_head":"<!-- This site is optimized with the Yoast SEO Premium plugin v26.8 (Yoast SEO v27.5) - https:\/\/yoast.com\/product\/yoast-seo-premium-wordpress\/ -->\n<title>5 cose da sapere per prepararsi al Gran Premio Storico di Monaco<\/title>\n<meta name=\"description\" content=\"Questo week end, la mitica corsa monegasca fa il suo grande ritorno sul circuito del Principato. Lo spettacolo promette ancora una volta grandi cose per\" \/>\n<meta name=\"robots\" content=\"index, follow, max-snippet:-1, max-image-preview:large, max-video-preview:-1\" \/>\n<link rel=\"canonical\" href=\"https:\/\/www.monaco-tribune.com\/it\/2022\/05\/5-cose-da-sapere-per-prepararsi-al-gran-premio-storico-di-monaco\/\" \/>\n<meta property=\"og:locale\" content=\"it_IT\" \/>\n<meta property=\"og:type\" content=\"article\" \/>\n<meta property=\"og:title\" content=\"5 cose da sapere per prepararsi al Gran Premio Storico di Monaco - Monaco Tribune\" \/>\n<meta property=\"og:description\" content=\"Questo week end, la mitica corsa monegasca fa il suo grande ritorno sul circuito del Principato. Lo spettacolo promette ancora una volta grandi cose per\" \/>\n<meta property=\"og:url\" content=\"https:\/\/www.monaco-tribune.com\/it\/2022\/05\/5-cose-da-sapere-per-prepararsi-al-gran-premio-storico-di-monaco\/\" \/>\n<meta property=\"og:site_name\" content=\"Monaco Tribune\" \/>\n<meta property=\"article:publisher\" content=\"https:\/\/www.facebook.com\/MonacoTribune\" \/>\n<meta property=\"article:published_time\" content=\"2022-05-11T15:00:59+00:00\" \/>\n<meta property=\"article:modified_time\" content=\"2022-05-12T13:51:56+00:00\" \/>\n<meta property=\"og:image\" content=\"https:\/\/www.monaco-tribune.com\/wp-content\/uploads\/2022\/05\/grand-prix-historique-monaco-min.jpeg\" \/>\n\t<meta property=\"og:image:width\" content=\"1024\" \/>\n\t<meta property=\"og:image:height\" content=\"683\" \/>\n\t<meta property=\"og:image:type\" content=\"image\/jpeg\" \/>\n<meta name=\"author\" content=\"Romain Boisaubert\" \/>\n<meta name=\"twitter:card\" content=\"summary_large_image\" \/>\n<meta name=\"twitter:creator\" content=\"@MonacoTribune\" \/>\n<meta name=\"twitter:site\" content=\"@MonacoTribune\" \/>\n<script type=\"application\/ld+json\" class=\"yoast-schema-graph\">{\"@context\":\"https:\\\/\\\/schema.org\",\"@graph\":[{\"@type\":\"NewsArticle\",\"@id\":\"https:\\\/\\\/www.monaco-tribune.com\\\/it\\\/2022\\\/05\\\/5-cose-da-sapere-per-prepararsi-al-gran-premio-storico-di-monaco\\\/#article\",\"isPartOf\":{\"@id\":\"https:\\\/\\\/www.monaco-tribune.com\\\/it\\\/2022\\\/05\\\/5-cose-da-sapere-per-prepararsi-al-gran-premio-storico-di-monaco\\\/\"},\"author\":{\"name\":\"Romain Boisaubert\",\"@id\":\"https:\\\/\\\/www.monaco-tribune.com\\\/it\\\/#\\\/schema\\\/person\\\/330a3732947cf8cb41b2533a0eadd62e\"},\"headline\":\"5 cose da sapere per prepararsi al Gran Premio Storico di Monaco\",\"datePublished\":\"2022-05-11T15:00:59+00:00\",\"dateModified\":\"2022-05-12T13:51:56+00:00\",\"mainEntityOfPage\":{\"@id\":\"https:\\\/\\\/www.monaco-tribune.com\\\/it\\\/2022\\\/05\\\/5-cose-da-sapere-per-prepararsi-al-gran-premio-storico-di-monaco\\\/\"},\"wordCount\":379,\"publisher\":{\"@id\":\"https:\\\/\\\/www.monaco-tribune.com\\\/it\\\/#organization\"},\"image\":{\"@id\":\"https:\\\/\\\/www.monaco-tribune.com\\\/it\\\/2022\\\/05\\\/5-cose-da-sapere-per-prepararsi-al-gran-premio-storico-di-monaco\\\/#primaryimage\"},\"thumbnailUrl\":\"https:\\\/\\\/www.monaco-tribune.com\\\/wp-content\\\/uploads\\\/2022\\\/05\\\/grand-prix-historique-monaco-min.jpeg\",\"articleSection\":[\"La nostra scelta\",\"Notizie\",\"Sport\"],\"inLanguage\":\"it-IT\",\"copyrightYear\":\"2022\",\"copyrightHolder\":{\"@id\":\"https:\\\/\\\/www.monaco-tribune.com\\\/#organization\"}},{\"@type\":\"WebPage\",\"@id\":\"https:\\\/\\\/www.monaco-tribune.com\\\/it\\\/2022\\\/05\\\/5-cose-da-sapere-per-prepararsi-al-gran-premio-storico-di-monaco\\\/\",\"url\":\"https:\\\/\\\/www.monaco-tribune.com\\\/it\\\/2022\\\/05\\\/5-cose-da-sapere-per-prepararsi-al-gran-premio-storico-di-monaco\\\/\",\"name\":\"5 cose da sapere per prepararsi al Gran Premio Storico di Monaco\",\"isPartOf\":{\"@id\":\"https:\\\/\\\/www.monaco-tribune.com\\\/it\\\/#website\"},\"primaryImageOfPage\":{\"@id\":\"https:\\\/\\\/www.monaco-tribune.com\\\/it\\\/2022\\\/05\\\/5-cose-da-sapere-per-prepararsi-al-gran-premio-storico-di-monaco\\\/#primaryimage\"},\"image\":{\"@id\":\"https:\\\/\\\/www.monaco-tribune.com\\\/it\\\/2022\\\/05\\\/5-cose-da-sapere-per-prepararsi-al-gran-premio-storico-di-monaco\\\/#primaryimage\"},\"thumbnailUrl\":\"https:\\\/\\\/www.monaco-tribune.com\\\/wp-content\\\/uploads\\\/2022\\\/05\\\/grand-prix-historique-monaco-min.jpeg\",\"datePublished\":\"2022-05-11T15:00:59+00:00\",\"dateModified\":\"2022-05-12T13:51:56+00:00\",\"description\":\"Questo week end, la mitica corsa monegasca fa il suo grande ritorno sul circuito del Principato. Lo spettacolo promette ancora una volta grandi cose per\",\"breadcrumb\":{\"@id\":\"https:\\\/\\\/www.monaco-tribune.com\\\/it\\\/2022\\\/05\\\/5-cose-da-sapere-per-prepararsi-al-gran-premio-storico-di-monaco\\\/#breadcrumb\"},\"inLanguage\":\"it-IT\",\"potentialAction\":[{\"@type\":\"ReadAction\",\"target\":[\"https:\\\/\\\/www.monaco-tribune.com\\\/it\\\/2022\\\/05\\\/5-cose-da-sapere-per-prepararsi-al-gran-premio-storico-di-monaco\\\/\"]}]},{\"@type\":\"ImageObject\",\"inLanguage\":\"it-IT\",\"@id\":\"https:\\\/\\\/www.monaco-tribune.com\\\/it\\\/2022\\\/05\\\/5-cose-da-sapere-per-prepararsi-al-gran-premio-storico-di-monaco\\\/#primaryimage\",\"url\":\"https:\\\/\\\/www.monaco-tribune.com\\\/wp-content\\\/uploads\\\/2022\\\/05\\\/grand-prix-historique-monaco-min.jpeg\",\"contentUrl\":\"https:\\\/\\\/www.monaco-tribune.com\\\/wp-content\\\/uploads\\\/2022\\\/05\\\/grand-prix-historique-monaco-min.jpeg\",\"width\":1024,\"height\":683,\"caption\":\"ACM_Caenen\"},{\"@type\":\"BreadcrumbList\",\"@id\":\"https:\\\/\\\/www.monaco-tribune.com\\\/it\\\/2022\\\/05\\\/5-cose-da-sapere-per-prepararsi-al-gran-premio-storico-di-monaco\\\/#breadcrumb\",\"itemListElement\":[{\"@type\":\"ListItem\",\"position\":1,\"name\":\"Accueil\",\"item\":\"https:\\\/\\\/www.monaco-tribune.com\\\/it\\\/\"},{\"@type\":\"ListItem\",\"position\":2,\"name\":\"5 cose da sapere per prepararsi al Gran Premio Storico di Monaco\"}]},{\"@type\":\"WebSite\",\"@id\":\"https:\\\/\\\/www.monaco-tribune.com\\\/it\\\/#website\",\"url\":\"https:\\\/\\\/www.monaco-tribune.com\\\/it\\\/\",\"name\":\"Monaco Tribune\",\"description\":\"Monaco : actualit\u00e9s \u00e9conomiques, politiques, culturelles et sportives de Monaco et de la French Riviera.\",\"publisher\":{\"@id\":\"https:\\\/\\\/www.monaco-tribune.com\\\/it\\\/#organization\"},\"potentialAction\":[{\"@type\":\"SearchAction\",\"target\":{\"@type\":\"EntryPoint\",\"urlTemplate\":\"https:\\\/\\\/www.monaco-tribune.com\\\/it\\\/?s={search_term_string}\"},\"query-input\":{\"@type\":\"PropertyValueSpecification\",\"valueRequired\":true,\"valueName\":\"search_term_string\"}}],\"inLanguage\":\"it-IT\"},{\"@type\":\"Organization\",\"@id\":\"https:\\\/\\\/www.monaco-tribune.com\\\/it\\\/#organization\",\"name\":\"Monaco Tribune\",\"url\":\"https:\\\/\\\/www.monaco-tribune.com\\\/it\\\/\",\"logo\":{\"@type\":\"ImageObject\",\"inLanguage\":\"it-IT\",\"@id\":\"https:\\\/\\\/www.monaco-tribune.com\\\/it\\\/#\\\/schema\\\/logo\\\/image\\\/\",\"url\":\"https:\\\/\\\/www.monaco-tribune.com\\\/wp-content\\\/uploads\\\/2022\\\/11\\\/logo-monaco-tribune.png\",\"contentUrl\":\"https:\\\/\\\/www.monaco-tribune.com\\\/wp-content\\\/uploads\\\/2022\\\/11\\\/logo-monaco-tribune.png\",\"width\":1548,\"height\":600,\"caption\":\"Monaco Tribune\"},\"image\":{\"@id\":\"https:\\\/\\\/www.monaco-tribune.com\\\/it\\\/#\\\/schema\\\/logo\\\/image\\\/\"},\"sameAs\":[\"https:\\\/\\\/www.facebook.com\\\/MonacoTribune\",\"https:\\\/\\\/x.com\\\/MonacoTribune\",\"https:\\\/\\\/www.instagram.com\\\/monacotribune\\\/\",\"https:\\\/\\\/www.linkedin.com\\\/company\\\/monaco-tribune\",\"https:\\\/\\\/www.youtube.com\\\/channel\\\/UCHle1MnG6hw1y4lWKijVbMA\"]},{\"@type\":\"Person\",\"@id\":\"https:\\\/\\\/www.monaco-tribune.com\\\/it\\\/#\\\/schema\\\/person\\\/330a3732947cf8cb41b2533a0eadd62e\",\"name\":\"Romain Boisaubert\",\"image\":{\"@type\":\"ImageObject\",\"inLanguage\":\"it-IT\",\"@id\":\"https:\\\/\\\/secure.gravatar.com\\\/avatar\\\/f8b90d41f1eabd1cbe4cf59e09d8db41a697d51919bf2dfe727589a24a4a4d54?s=96&d=mm&r=g\",\"url\":\"https:\\\/\\\/secure.gravatar.com\\\/avatar\\\/f8b90d41f1eabd1cbe4cf59e09d8db41a697d51919bf2dfe727589a24a4a4d54?s=96&d=mm&r=g\",\"contentUrl\":\"https:\\\/\\\/secure.gravatar.com\\\/avatar\\\/f8b90d41f1eabd1cbe4cf59e09d8db41a697d51919bf2dfe727589a24a4a4d54?s=96&d=mm&r=g\",\"caption\":\"Romain Boisaubert\"},\"description\":\"Test bio\",\"url\":\"https:\\\/\\\/www.monaco-tribune.com\\\/it\\\/author\\\/romain-boisaubert\\\/\"}]}<\/script>\n<!-- \/ Yoast SEO Premium plugin. -->","yoast_head_json":{"title":"5 cose da sapere per prepararsi al Gran Premio Storico di Monaco","description":"Questo week end, la mitica corsa monegasca fa il suo grande ritorno sul circuito del Principato. Lo spettacolo promette ancora una volta grandi cose per","robots":{"index":"index","follow":"follow","max-snippet":"max-snippet:-1","max-image-preview":"max-image-preview:large","max-video-preview":"max-video-preview:-1"},"canonical":"https:\/\/www.monaco-tribune.com\/it\/2022\/05\/5-cose-da-sapere-per-prepararsi-al-gran-premio-storico-di-monaco\/","og_locale":"it_IT","og_type":"article","og_title":"5 cose da sapere per prepararsi al Gran Premio Storico di Monaco - Monaco Tribune","og_description":"Questo week end, la mitica corsa monegasca fa il suo grande ritorno sul circuito del Principato. Lo spettacolo promette ancora una volta grandi cose per","og_url":"https:\/\/www.monaco-tribune.com\/it\/2022\/05\/5-cose-da-sapere-per-prepararsi-al-gran-premio-storico-di-monaco\/","og_site_name":"Monaco Tribune","article_publisher":"https:\/\/www.facebook.com\/MonacoTribune","article_published_time":"2022-05-11T15:00:59+00:00","article_modified_time":"2022-05-12T13:51:56+00:00","og_image":[{"width":1024,"height":683,"url":"https:\/\/www.monaco-tribune.com\/wp-content\/uploads\/2022\/05\/grand-prix-historique-monaco-min.jpeg","type":"image\/jpeg"}],"author":"Romain Boisaubert","twitter_card":"summary_large_image","twitter_creator":"@MonacoTribune","twitter_site":"@MonacoTribune","schema":{"@context":"https:\/\/schema.org","@graph":[{"@type":"NewsArticle","@id":"https:\/\/www.monaco-tribune.com\/it\/2022\/05\/5-cose-da-sapere-per-prepararsi-al-gran-premio-storico-di-monaco\/#article","isPartOf":{"@id":"https:\/\/www.monaco-tribune.com\/it\/2022\/05\/5-cose-da-sapere-per-prepararsi-al-gran-premio-storico-di-monaco\/"},"author":{"name":"Romain Boisaubert","@id":"https:\/\/www.monaco-tribune.com\/it\/#\/schema\/person\/330a3732947cf8cb41b2533a0eadd62e"},"headline":"5 cose da sapere per prepararsi al Gran Premio Storico di Monaco","datePublished":"2022-05-11T15:00:59+00:00","dateModified":"2022-05-12T13:51:56+00:00","mainEntityOfPage":{"@id":"https:\/\/www.monaco-tribune.com\/it\/2022\/05\/5-cose-da-sapere-per-prepararsi-al-gran-premio-storico-di-monaco\/"},"wordCount":379,"publisher":{"@id":"https:\/\/www.monaco-tribune.com\/it\/#organization"},"image":{"@id":"https:\/\/www.monaco-tribune.com\/it\/2022\/05\/5-cose-da-sapere-per-prepararsi-al-gran-premio-storico-di-monaco\/#primaryimage"},"thumbnailUrl":"https:\/\/www.monaco-tribune.com\/wp-content\/uploads\/2022\/05\/grand-prix-historique-monaco-min.jpeg","articleSection":["La nostra scelta","Notizie","Sport"],"inLanguage":"it-IT","copyrightYear":"2022","copyrightHolder":{"@id":"https:\/\/www.monaco-tribune.com\/#organization"}},{"@type":"WebPage","@id":"https:\/\/www.monaco-tribune.com\/it\/2022\/05\/5-cose-da-sapere-per-prepararsi-al-gran-premio-storico-di-monaco\/","url":"https:\/\/www.monaco-tribune.com\/it\/2022\/05\/5-cose-da-sapere-per-prepararsi-al-gran-premio-storico-di-monaco\/","name":"5 cose da sapere per prepararsi al Gran Premio Storico di Monaco","isPartOf":{"@id":"https:\/\/www.monaco-tribune.com\/it\/#website"},"primaryImageOfPage":{"@id":"https:\/\/www.monaco-tribune.com\/it\/2022\/05\/5-cose-da-sapere-per-prepararsi-al-gran-premio-storico-di-monaco\/#primaryimage"},"image":{"@id":"https:\/\/www.monaco-tribune.com\/it\/2022\/05\/5-cose-da-sapere-per-prepararsi-al-gran-premio-storico-di-monaco\/#primaryimage"},"thumbnailUrl":"https:\/\/www.monaco-tribune.com\/wp-content\/uploads\/2022\/05\/grand-prix-historique-monaco-min.jpeg","datePublished":"2022-05-11T15:00:59+00:00","dateModified":"2022-05-12T13:51:56+00:00","description":"Questo week end, la mitica corsa monegasca fa il suo grande ritorno sul circuito del Principato. Lo spettacolo promette ancora una volta grandi cose per","breadcrumb":{"@id":"https:\/\/www.monaco-tribune.com\/it\/2022\/05\/5-cose-da-sapere-per-prepararsi-al-gran-premio-storico-di-monaco\/#breadcrumb"},"inLanguage":"it-IT","potentialAction":[{"@type":"ReadAction","target":["https:\/\/www.monaco-tribune.com\/it\/2022\/05\/5-cose-da-sapere-per-prepararsi-al-gran-premio-storico-di-monaco\/"]}]},{"@type":"ImageObject","inLanguage":"it-IT","@id":"https:\/\/www.monaco-tribune.com\/it\/2022\/05\/5-cose-da-sapere-per-prepararsi-al-gran-premio-storico-di-monaco\/#primaryimage","url":"https:\/\/www.monaco-tribune.com\/wp-content\/uploads\/2022\/05\/grand-prix-historique-monaco-min.jpeg","contentUrl":"https:\/\/www.monaco-tribune.com\/wp-content\/uploads\/2022\/05\/grand-prix-historique-monaco-min.jpeg","width":1024,"height":683,"caption":"ACM_Caenen"},{"@type":"BreadcrumbList","@id":"https:\/\/www.monaco-tribune.com\/it\/2022\/05\/5-cose-da-sapere-per-prepararsi-al-gran-premio-storico-di-monaco\/#breadcrumb","itemListElement":[{"@type":"ListItem","position":1,"name":"Accueil","item":"https:\/\/www.monaco-tribune.com\/it\/"},{"@type":"ListItem","position":2,"name":"5 cose da sapere per prepararsi al Gran Premio Storico di Monaco"}]},{"@type":"WebSite","@id":"https:\/\/www.monaco-tribune.com\/it\/#website","url":"https:\/\/www.monaco-tribune.com\/it\/","name":"Monaco Tribune","description":"Monaco : actualit\u00e9s \u00e9conomiques, politiques, culturelles et sportives de Monaco et de la French Riviera.","publisher":{"@id":"https:\/\/www.monaco-tribune.com\/it\/#organization"},"potentialAction":[{"@type":"SearchAction","target":{"@type":"EntryPoint","urlTemplate":"https:\/\/www.monaco-tribune.com\/it\/?s={search_term_string}"},"query-input":{"@type":"PropertyValueSpecification","valueRequired":true,"valueName":"search_term_string"}}],"inLanguage":"it-IT"},{"@type":"Organization","@id":"https:\/\/www.monaco-tribune.com\/it\/#organization","name":"Monaco Tribune","url":"https:\/\/www.monaco-tribune.com\/it\/","logo":{"@type":"ImageObject","inLanguage":"it-IT","@id":"https:\/\/www.monaco-tribune.com\/it\/#\/schema\/logo\/image\/","url":"https:\/\/www.monaco-tribune.com\/wp-content\/uploads\/2022\/11\/logo-monaco-tribune.png","contentUrl":"https:\/\/www.monaco-tribune.com\/wp-content\/uploads\/2022\/11\/logo-monaco-tribune.png","width":1548,"height":600,"caption":"Monaco Tribune"},"image":{"@id":"https:\/\/www.monaco-tribune.com\/it\/#\/schema\/logo\/image\/"},"sameAs":["https:\/\/www.facebook.com\/MonacoTribune","https:\/\/x.com\/MonacoTribune","https:\/\/www.instagram.com\/monacotribune\/","https:\/\/www.linkedin.com\/company\/monaco-tribune","https:\/\/www.youtube.com\/channel\/UCHle1MnG6hw1y4lWKijVbMA"]},{"@type":"Person","@id":"https:\/\/www.monaco-tribune.com\/it\/#\/schema\/person\/330a3732947cf8cb41b2533a0eadd62e","name":"Romain Boisaubert","image":{"@type":"ImageObject","inLanguage":"it-IT","@id":"https:\/\/secure.gravatar.com\/avatar\/f8b90d41f1eabd1cbe4cf59e09d8db41a697d51919bf2dfe727589a24a4a4d54?s=96&d=mm&r=g","url":"https:\/\/secure.gravatar.com\/avatar\/f8b90d41f1eabd1cbe4cf59e09d8db41a697d51919bf2dfe727589a24a4a4d54?s=96&d=mm&r=g","contentUrl":"https:\/\/secure.gravatar.com\/avatar\/f8b90d41f1eabd1cbe4cf59e09d8db41a697d51919bf2dfe727589a24a4a4d54?s=96&d=mm&r=g","caption":"Romain Boisaubert"},"description":"Test bio","url":"https:\/\/www.monaco-tribune.com\/it\/author\/romain-boisaubert\/"}]}},"_links":{"self":[{"href":"https:\/\/www.monaco-tribune.com\/it\/wp-json\/wp\/v2\/posts\/121554","targetHints":{"allow":["GET"]}}],"collection":[{"href":"https:\/\/www.monaco-tribune.com\/it\/wp-json\/wp\/v2\/posts"}],"about":[{"href":"https:\/\/www.monaco-tribune.com\/it\/wp-json\/wp\/v2\/types\/post"}],"author":[{"embeddable":true,"href":"https:\/\/www.monaco-tribune.com\/it\/wp-json\/wp\/v2\/users\/24"}],"replies":[{"embeddable":true,"href":"https:\/\/www.monaco-tribune.com\/it\/wp-json\/wp\/v2\/comments?post=121554"}],"version-history":[{"count":0,"href":"https:\/\/www.monaco-tribune.com\/it\/wp-json\/wp\/v2\/posts\/121554\/revisions"}],"wp:featuredmedia":[{"embeddable":true,"href":"https:\/\/www.monaco-tribune.com\/it\/wp-json\/wp\/v2\/media\/121370"}],"wp:attachment":[{"href":"https:\/\/www.monaco-tribune.com\/it\/wp-json\/wp\/v2\/media?parent=121554"}],"wp:term":[{"taxonomy":"category","embeddable":true,"href":"https:\/\/www.monaco-tribune.com\/it\/wp-json\/wp\/v2\/categories?post=121554"},{"taxonomy":"post_tag","embeddable":true,"href":"https:\/\/www.monaco-tribune.com\/it\/wp-json\/wp\/v2\/tags?post=121554"},{"taxonomy":"sectag","embeddable":true,"href":"https:\/\/www.monaco-tribune.com\/it\/wp-json\/wp\/v2\/post_sectags?post=121554"},{"taxonomy":"format","embeddable":true,"href":"https:\/\/www.monaco-tribune.com\/it\/wp-json\/wp\/v2\/post_format?post=121554"}],"curies":[{"name":"wp","href":"https:\/\/api.w.org\/{rel}","templated":true}]}}