{"id":122040,"date":"2022-05-13T18:31:02","date_gmt":"2022-05-13T16:31:02","guid":{"rendered":"https:\/\/www.monaco-tribune.com\/2022\/05\/sir-stelios-vorrebbe-entrare-a-far-parte-del-monaco-economic-board\/"},"modified":"2022-05-13T18:31:09","modified_gmt":"2022-05-13T16:31:09","slug":"sir-stelios-vorrebbe-entrare-a-far-parte-del-monaco-economic-board","status":"publish","type":"post","link":"https:\/\/www.monaco-tribune.com\/it\/2022\/05\/sir-stelios-vorrebbe-entrare-a-far-parte-del-monaco-economic-board\/","title":{"rendered":"Sir Stelios vorrebbe entrare a far parte del Monaco Economic Board"},"content":{"rendered":"\n<p><strong>L&#8217;imprenditore e residente monegasco ha partecipato a una presentazione del MEB sul patrimonio economico del Principato.<\/strong><\/p>\n\n<p>Ancora un passo verso Monaco. Justin Highman, vicedirettore generale del MEB, ha parlato la scorsa settimana ai leader di oltre cinquanta marchi easyGroup, tra cui easyJet, di propriet\u00e0 di Sir Stelios Haji-Ioannou, che \u00e8 anche console di Cipro a Monaco. \u00c8 stata l&#8217;occasione per esporre al gruppo e al suo fondatore il patrimonio economico del Principato.<\/p>\n\n<div class=\"wp-block-image\"><figure class=\"aligncenter size-large\"><img loading=\"lazy\" decoding=\"async\" width=\"1005\" height=\"1024\" src=\"https:\/\/www.monaco-tribune.com\/wp-content\/uploads\/2022\/05\/meb-sir-stelios-1005x1024.jpeg\" alt=\"meb-sir-stelios\" class=\"wp-image-121800\" srcset=\"https:\/\/www.monaco-tribune.com\/wp-content\/uploads\/2022\/05\/meb-sir-stelios-1005x1024.jpeg 1005w, https:\/\/www.monaco-tribune.com\/wp-content\/uploads\/2022\/05\/meb-sir-stelios-295x300.jpeg 295w, https:\/\/www.monaco-tribune.com\/wp-content\/uploads\/2022\/05\/meb-sir-stelios.jpeg 1020w\" sizes=\"auto, (max-width: 1005px) 100vw, 1005px\" \/><figcaption><em>\u00a9 MEB<\/em><\/figcaption><\/figure><\/div>\n\n<p>Alla conferenza erano presenti anche altri due residenti, Jean-Claude Eude, amministratore della Stelios Philanthropic Foundation, e Simon Piggott, co-fondatore di easyCashback. Sir Stelios Haji-Ioannou ha inoltre confermato di voler entrare a far parte del Monaco Economic Board per la fondazione, che sostiene molte cause nel Principato. &#8220;Un grande onore&#8221;, ha scritto il MEB sul suo account Twitter.<\/p>\n\n<p><strong>LEGGI ANCHE: <a href=\"https:\/\/www.monaco-tribune.com\/it\/2021\/12\/easyhotel-il-gruppo-di-sir-stelios-haji-ioannou-triplichera-il-numero-degli-alberghi\/\">EasyHotel: il gruppo di Sir Stelios Haji-Ioannou triplicher\u00e0 il numero di strutture<\/a><\/strong><\/p>\n\n<h2 class=\"wp-block-heading\" id=\"h-l-arrivee-d-easyboat\">L&#8217;arrivo di easyBoat<\/h2>\n\n<p>Nel frattempo, il gruppo cresce con l&#8217;arrivo di easyBoat, marchio gestito dall&#8217;imprenditore greco Alex Nastos. Si tratta di una piattaforma online che mette a confronto le diverse offerte di noleggio barche in tutto il mondo. I clienti possono cos\u00ec prepararsi alle vacanze confrontando i prezzi di barche a vela, catamarani, moto d&#8217;acqua, yacht e altre imbarcazioni in partenza dallo stesso porto.<\/p>\n\n<p>L&#8217;obiettivo \u00e8 quello di offrire un servizio trasparente ed efficiente che permetta agli utenti di risparmiare. Sul sito web del marchio Sir Stelios ha inoltre dichiarato: &#8220;Da assiduo navigatore e velista appassionato nelle belle giornate, consiglio assolutamente una vacanza al mare di una settimana, con tutta la privacy e l&#8217;indipendenza che pu\u00f2 dare una barca privata! <a href=\"https:\/\/easyboat.com\/en\/home\">www.easyBoat.com<\/a> diventer\u00e0 un punto di riferimento per tutti gli amanti della vita in barca!&#8221;<\/p>\n","protected":false},"excerpt":{"rendered":"<p>L&#8217;imprenditore e residente monegasco ha partecipato a una presentazione del MEB sul patrimonio economico del Principato. Ancora un passo verso [&hellip;]<\/p>\n","protected":false},"author":60,"featured_media":121813,"comment_status":"closed","ping_status":"closed","sticky":false,"template":"","format":"standard","meta":{"_acf_changed":false,"footnotes":""},"categories":[1739,1826,1738],"tags":[],"post_sectags":[],"post_format":[2478],"class_list":["post-122040","post","type-post","status-publish","format-standard","has-post-thumbnail","hentry","category-business-it","category-la-nostra-scelta","category-notizie","format-notizia"],"acf":[],"yoast_head":"<!-- This site is optimized with the Yoast SEO Premium plugin v26.8 (Yoast SEO v27.4) - https:\/\/yoast.com\/product\/yoast-seo-premium-wordpress\/ -->\n<title>Sir Stelios vorrebbe entrare a far parte del Monaco Economic Board<\/title>\n<meta name=\"description\" content=\"L&#039;imprenditore e residente monegasco ha partecipato a una presentazione del MEB sul patrimonio economico del Principato. Ancora un passo verso Monaco.\" \/>\n<meta name=\"robots\" content=\"index, follow, max-snippet:-1, max-image-preview:large, max-video-preview:-1\" \/>\n<link rel=\"canonical\" href=\"https:\/\/www.monaco-tribune.com\/it\/2022\/05\/sir-stelios-vorrebbe-entrare-a-far-parte-del-monaco-economic-board\/\" \/>\n<meta property=\"og:locale\" content=\"it_IT\" \/>\n<meta property=\"og:type\" content=\"article\" \/>\n<meta property=\"og:title\" content=\"Sir Stelios vorrebbe entrare a far parte del Monaco Economic Board - Monaco Tribune\" \/>\n<meta property=\"og:description\" content=\"L&#039;imprenditore e residente monegasco ha partecipato a una presentazione del MEB sul patrimonio economico del Principato. Ancora un passo verso Monaco.\" \/>\n<meta property=\"og:url\" content=\"https:\/\/www.monaco-tribune.com\/it\/2022\/05\/sir-stelios-vorrebbe-entrare-a-far-parte-del-monaco-economic-board\/\" \/>\n<meta property=\"og:site_name\" content=\"Monaco Tribune\" \/>\n<meta property=\"article:publisher\" content=\"https:\/\/www.facebook.com\/MonacoTribune\" \/>\n<meta property=\"article:published_time\" content=\"2022-05-13T16:31:02+00:00\" \/>\n<meta property=\"article:modified_time\" content=\"2022-05-13T16:31:09+00:00\" \/>\n<meta property=\"og:image\" content=\"https:\/\/www.monaco-tribune.com\/wp-content\/uploads\/2022\/05\/stelios-monaco.jpeg\" \/>\n\t<meta property=\"og:image:width\" content=\"916\" \/>\n\t<meta property=\"og:image:height\" content=\"641\" \/>\n\t<meta property=\"og:image:type\" content=\"image\/jpeg\" \/>\n<meta name=\"author\" content=\"Camille Esteve\" \/>\n<meta name=\"twitter:card\" content=\"summary_large_image\" \/>\n<meta name=\"twitter:creator\" content=\"@MonacoTribune\" \/>\n<meta name=\"twitter:site\" content=\"@MonacoTribune\" \/>\n<script type=\"application\/ld+json\" class=\"yoast-schema-graph\">{\"@context\":\"https:\\\/\\\/schema.org\",\"@graph\":[{\"@type\":\"NewsArticle\",\"@id\":\"https:\\\/\\\/www.monaco-tribune.com\\\/it\\\/2022\\\/05\\\/sir-stelios-vorrebbe-entrare-a-far-parte-del-monaco-economic-board\\\/#article\",\"isPartOf\":{\"@id\":\"https:\\\/\\\/www.monaco-tribune.com\\\/it\\\/2022\\\/05\\\/sir-stelios-vorrebbe-entrare-a-far-parte-del-monaco-economic-board\\\/\"},\"author\":{\"name\":\"Camille Esteve\",\"@id\":\"https:\\\/\\\/www.monaco-tribune.com\\\/it\\\/#\\\/schema\\\/person\\\/a855d420fff4d03637641d60b93ac62e\"},\"headline\":\"Sir Stelios vorrebbe entrare a far parte del Monaco Economic Board\",\"datePublished\":\"2022-05-13T16:31:02+00:00\",\"dateModified\":\"2022-05-13T16:31:09+00:00\",\"mainEntityOfPage\":{\"@id\":\"https:\\\/\\\/www.monaco-tribune.com\\\/it\\\/2022\\\/05\\\/sir-stelios-vorrebbe-entrare-a-far-parte-del-monaco-economic-board\\\/\"},\"wordCount\":296,\"publisher\":{\"@id\":\"https:\\\/\\\/www.monaco-tribune.com\\\/it\\\/#organization\"},\"image\":{\"@id\":\"https:\\\/\\\/www.monaco-tribune.com\\\/it\\\/2022\\\/05\\\/sir-stelios-vorrebbe-entrare-a-far-parte-del-monaco-economic-board\\\/#primaryimage\"},\"thumbnailUrl\":\"https:\\\/\\\/www.monaco-tribune.com\\\/wp-content\\\/uploads\\\/2022\\\/05\\\/stelios-monaco.jpeg\",\"articleSection\":[\"Business\",\"La nostra scelta\",\"Notizie\"],\"inLanguage\":\"it-IT\",\"copyrightYear\":\"2022\",\"copyrightHolder\":{\"@id\":\"https:\\\/\\\/www.monaco-tribune.com\\\/#organization\"}},{\"@type\":\"WebPage\",\"@id\":\"https:\\\/\\\/www.monaco-tribune.com\\\/it\\\/2022\\\/05\\\/sir-stelios-vorrebbe-entrare-a-far-parte-del-monaco-economic-board\\\/\",\"url\":\"https:\\\/\\\/www.monaco-tribune.com\\\/it\\\/2022\\\/05\\\/sir-stelios-vorrebbe-entrare-a-far-parte-del-monaco-economic-board\\\/\",\"name\":\"Sir Stelios vorrebbe entrare a far parte del Monaco Economic Board\",\"isPartOf\":{\"@id\":\"https:\\\/\\\/www.monaco-tribune.com\\\/it\\\/#website\"},\"primaryImageOfPage\":{\"@id\":\"https:\\\/\\\/www.monaco-tribune.com\\\/it\\\/2022\\\/05\\\/sir-stelios-vorrebbe-entrare-a-far-parte-del-monaco-economic-board\\\/#primaryimage\"},\"image\":{\"@id\":\"https:\\\/\\\/www.monaco-tribune.com\\\/it\\\/2022\\\/05\\\/sir-stelios-vorrebbe-entrare-a-far-parte-del-monaco-economic-board\\\/#primaryimage\"},\"thumbnailUrl\":\"https:\\\/\\\/www.monaco-tribune.com\\\/wp-content\\\/uploads\\\/2022\\\/05\\\/stelios-monaco.jpeg\",\"datePublished\":\"2022-05-13T16:31:02+00:00\",\"dateModified\":\"2022-05-13T16:31:09+00:00\",\"description\":\"L'imprenditore e residente monegasco ha partecipato a una presentazione del MEB sul patrimonio economico del Principato. Ancora un passo verso Monaco.\",\"breadcrumb\":{\"@id\":\"https:\\\/\\\/www.monaco-tribune.com\\\/it\\\/2022\\\/05\\\/sir-stelios-vorrebbe-entrare-a-far-parte-del-monaco-economic-board\\\/#breadcrumb\"},\"inLanguage\":\"it-IT\",\"potentialAction\":[{\"@type\":\"ReadAction\",\"target\":[\"https:\\\/\\\/www.monaco-tribune.com\\\/it\\\/2022\\\/05\\\/sir-stelios-vorrebbe-entrare-a-far-parte-del-monaco-economic-board\\\/\"]}]},{\"@type\":\"ImageObject\",\"inLanguage\":\"it-IT\",\"@id\":\"https:\\\/\\\/www.monaco-tribune.com\\\/it\\\/2022\\\/05\\\/sir-stelios-vorrebbe-entrare-a-far-parte-del-monaco-economic-board\\\/#primaryimage\",\"url\":\"https:\\\/\\\/www.monaco-tribune.com\\\/wp-content\\\/uploads\\\/2022\\\/05\\\/stelios-monaco.jpeg\",\"contentUrl\":\"https:\\\/\\\/www.monaco-tribune.com\\\/wp-content\\\/uploads\\\/2022\\\/05\\\/stelios-monaco.jpeg\",\"width\":916,\"height\":641,\"caption\":\"MEB \\\/ Da sinistra a destra: Justin Highman, Sir Stelios, Simon Piggott e Jean-Claude Eude\"},{\"@type\":\"BreadcrumbList\",\"@id\":\"https:\\\/\\\/www.monaco-tribune.com\\\/it\\\/2022\\\/05\\\/sir-stelios-vorrebbe-entrare-a-far-parte-del-monaco-economic-board\\\/#breadcrumb\",\"itemListElement\":[{\"@type\":\"ListItem\",\"position\":1,\"name\":\"Accueil\",\"item\":\"https:\\\/\\\/www.monaco-tribune.com\\\/it\\\/\"},{\"@type\":\"ListItem\",\"position\":2,\"name\":\"Sir Stelios vorrebbe entrare a far parte del Monaco Economic Board\"}]},{\"@type\":\"WebSite\",\"@id\":\"https:\\\/\\\/www.monaco-tribune.com\\\/it\\\/#website\",\"url\":\"https:\\\/\\\/www.monaco-tribune.com\\\/it\\\/\",\"name\":\"Monaco Tribune\",\"description\":\"Monaco : actualit\u00e9s \u00e9conomiques, politiques, culturelles et sportives de Monaco et de la French Riviera.\",\"publisher\":{\"@id\":\"https:\\\/\\\/www.monaco-tribune.com\\\/it\\\/#organization\"},\"potentialAction\":[{\"@type\":\"SearchAction\",\"target\":{\"@type\":\"EntryPoint\",\"urlTemplate\":\"https:\\\/\\\/www.monaco-tribune.com\\\/it\\\/?s={search_term_string}\"},\"query-input\":{\"@type\":\"PropertyValueSpecification\",\"valueRequired\":true,\"valueName\":\"search_term_string\"}}],\"inLanguage\":\"it-IT\"},{\"@type\":\"Organization\",\"@id\":\"https:\\\/\\\/www.monaco-tribune.com\\\/it\\\/#organization\",\"name\":\"Monaco Tribune\",\"url\":\"https:\\\/\\\/www.monaco-tribune.com\\\/it\\\/\",\"logo\":{\"@type\":\"ImageObject\",\"inLanguage\":\"it-IT\",\"@id\":\"https:\\\/\\\/www.monaco-tribune.com\\\/it\\\/#\\\/schema\\\/logo\\\/image\\\/\",\"url\":\"https:\\\/\\\/www.monaco-tribune.com\\\/wp-content\\\/uploads\\\/2022\\\/11\\\/logo-monaco-tribune.png\",\"contentUrl\":\"https:\\\/\\\/www.monaco-tribune.com\\\/wp-content\\\/uploads\\\/2022\\\/11\\\/logo-monaco-tribune.png\",\"width\":1548,\"height\":600,\"caption\":\"Monaco Tribune\"},\"image\":{\"@id\":\"https:\\\/\\\/www.monaco-tribune.com\\\/it\\\/#\\\/schema\\\/logo\\\/image\\\/\"},\"sameAs\":[\"https:\\\/\\\/www.facebook.com\\\/MonacoTribune\",\"https:\\\/\\\/x.com\\\/MonacoTribune\",\"https:\\\/\\\/www.instagram.com\\\/monacotribune\\\/\",\"https:\\\/\\\/www.linkedin.com\\\/company\\\/monaco-tribune\",\"https:\\\/\\\/www.youtube.com\\\/channel\\\/UCHle1MnG6hw1y4lWKijVbMA\"]},{\"@type\":\"Person\",\"@id\":\"https:\\\/\\\/www.monaco-tribune.com\\\/it\\\/#\\\/schema\\\/person\\\/a855d420fff4d03637641d60b93ac62e\",\"name\":\"Camille Esteve\",\"image\":{\"@type\":\"ImageObject\",\"inLanguage\":\"it-IT\",\"@id\":\"https:\\\/\\\/secure.gravatar.com\\\/avatar\\\/eaaa2355a7bb56c0018a391c20a55bf9b4690e3f493231dd850e612bfa6ce161?s=96&d=mm&r=g\",\"url\":\"https:\\\/\\\/secure.gravatar.com\\\/avatar\\\/eaaa2355a7bb56c0018a391c20a55bf9b4690e3f493231dd850e612bfa6ce161?s=96&d=mm&r=g\",\"contentUrl\":\"https:\\\/\\\/secure.gravatar.com\\\/avatar\\\/eaaa2355a7bb56c0018a391c20a55bf9b4690e3f493231dd850e612bfa6ce161?s=96&d=mm&r=g\",\"caption\":\"Camille Esteve\"},\"url\":\"https:\\\/\\\/www.monaco-tribune.com\\\/it\\\/author\\\/camilleesteve\\\/\"}]}<\/script>\n<!-- \/ Yoast SEO Premium plugin. -->","yoast_head_json":{"title":"Sir Stelios vorrebbe entrare a far parte del Monaco Economic Board","description":"L'imprenditore e residente monegasco ha partecipato a una presentazione del MEB sul patrimonio economico del Principato. Ancora un passo verso Monaco.","robots":{"index":"index","follow":"follow","max-snippet":"max-snippet:-1","max-image-preview":"max-image-preview:large","max-video-preview":"max-video-preview:-1"},"canonical":"https:\/\/www.monaco-tribune.com\/it\/2022\/05\/sir-stelios-vorrebbe-entrare-a-far-parte-del-monaco-economic-board\/","og_locale":"it_IT","og_type":"article","og_title":"Sir Stelios vorrebbe entrare a far parte del Monaco Economic Board - Monaco Tribune","og_description":"L'imprenditore e residente monegasco ha partecipato a una presentazione del MEB sul patrimonio economico del Principato. Ancora un passo verso Monaco.","og_url":"https:\/\/www.monaco-tribune.com\/it\/2022\/05\/sir-stelios-vorrebbe-entrare-a-far-parte-del-monaco-economic-board\/","og_site_name":"Monaco Tribune","article_publisher":"https:\/\/www.facebook.com\/MonacoTribune","article_published_time":"2022-05-13T16:31:02+00:00","article_modified_time":"2022-05-13T16:31:09+00:00","og_image":[{"width":916,"height":641,"url":"https:\/\/www.monaco-tribune.com\/wp-content\/uploads\/2022\/05\/stelios-monaco.jpeg","type":"image\/jpeg"}],"author":"Camille Esteve","twitter_card":"summary_large_image","twitter_creator":"@MonacoTribune","twitter_site":"@MonacoTribune","schema":{"@context":"https:\/\/schema.org","@graph":[{"@type":"NewsArticle","@id":"https:\/\/www.monaco-tribune.com\/it\/2022\/05\/sir-stelios-vorrebbe-entrare-a-far-parte-del-monaco-economic-board\/#article","isPartOf":{"@id":"https:\/\/www.monaco-tribune.com\/it\/2022\/05\/sir-stelios-vorrebbe-entrare-a-far-parte-del-monaco-economic-board\/"},"author":{"name":"Camille Esteve","@id":"https:\/\/www.monaco-tribune.com\/it\/#\/schema\/person\/a855d420fff4d03637641d60b93ac62e"},"headline":"Sir Stelios vorrebbe entrare a far parte del Monaco Economic Board","datePublished":"2022-05-13T16:31:02+00:00","dateModified":"2022-05-13T16:31:09+00:00","mainEntityOfPage":{"@id":"https:\/\/www.monaco-tribune.com\/it\/2022\/05\/sir-stelios-vorrebbe-entrare-a-far-parte-del-monaco-economic-board\/"},"wordCount":296,"publisher":{"@id":"https:\/\/www.monaco-tribune.com\/it\/#organization"},"image":{"@id":"https:\/\/www.monaco-tribune.com\/it\/2022\/05\/sir-stelios-vorrebbe-entrare-a-far-parte-del-monaco-economic-board\/#primaryimage"},"thumbnailUrl":"https:\/\/www.monaco-tribune.com\/wp-content\/uploads\/2022\/05\/stelios-monaco.jpeg","articleSection":["Business","La nostra scelta","Notizie"],"inLanguage":"it-IT","copyrightYear":"2022","copyrightHolder":{"@id":"https:\/\/www.monaco-tribune.com\/#organization"}},{"@type":"WebPage","@id":"https:\/\/www.monaco-tribune.com\/it\/2022\/05\/sir-stelios-vorrebbe-entrare-a-far-parte-del-monaco-economic-board\/","url":"https:\/\/www.monaco-tribune.com\/it\/2022\/05\/sir-stelios-vorrebbe-entrare-a-far-parte-del-monaco-economic-board\/","name":"Sir Stelios vorrebbe entrare a far parte del Monaco Economic Board","isPartOf":{"@id":"https:\/\/www.monaco-tribune.com\/it\/#website"},"primaryImageOfPage":{"@id":"https:\/\/www.monaco-tribune.com\/it\/2022\/05\/sir-stelios-vorrebbe-entrare-a-far-parte-del-monaco-economic-board\/#primaryimage"},"image":{"@id":"https:\/\/www.monaco-tribune.com\/it\/2022\/05\/sir-stelios-vorrebbe-entrare-a-far-parte-del-monaco-economic-board\/#primaryimage"},"thumbnailUrl":"https:\/\/www.monaco-tribune.com\/wp-content\/uploads\/2022\/05\/stelios-monaco.jpeg","datePublished":"2022-05-13T16:31:02+00:00","dateModified":"2022-05-13T16:31:09+00:00","description":"L'imprenditore e residente monegasco ha partecipato a una presentazione del MEB sul patrimonio economico del Principato. Ancora un passo verso Monaco.","breadcrumb":{"@id":"https:\/\/www.monaco-tribune.com\/it\/2022\/05\/sir-stelios-vorrebbe-entrare-a-far-parte-del-monaco-economic-board\/#breadcrumb"},"inLanguage":"it-IT","potentialAction":[{"@type":"ReadAction","target":["https:\/\/www.monaco-tribune.com\/it\/2022\/05\/sir-stelios-vorrebbe-entrare-a-far-parte-del-monaco-economic-board\/"]}]},{"@type":"ImageObject","inLanguage":"it-IT","@id":"https:\/\/www.monaco-tribune.com\/it\/2022\/05\/sir-stelios-vorrebbe-entrare-a-far-parte-del-monaco-economic-board\/#primaryimage","url":"https:\/\/www.monaco-tribune.com\/wp-content\/uploads\/2022\/05\/stelios-monaco.jpeg","contentUrl":"https:\/\/www.monaco-tribune.com\/wp-content\/uploads\/2022\/05\/stelios-monaco.jpeg","width":916,"height":641,"caption":"MEB \/ Da sinistra a destra: Justin Highman, Sir Stelios, Simon Piggott e Jean-Claude Eude"},{"@type":"BreadcrumbList","@id":"https:\/\/www.monaco-tribune.com\/it\/2022\/05\/sir-stelios-vorrebbe-entrare-a-far-parte-del-monaco-economic-board\/#breadcrumb","itemListElement":[{"@type":"ListItem","position":1,"name":"Accueil","item":"https:\/\/www.monaco-tribune.com\/it\/"},{"@type":"ListItem","position":2,"name":"Sir Stelios vorrebbe entrare a far parte del Monaco Economic Board"}]},{"@type":"WebSite","@id":"https:\/\/www.monaco-tribune.com\/it\/#website","url":"https:\/\/www.monaco-tribune.com\/it\/","name":"Monaco Tribune","description":"Monaco : actualit\u00e9s \u00e9conomiques, politiques, culturelles et sportives de Monaco et de la French Riviera.","publisher":{"@id":"https:\/\/www.monaco-tribune.com\/it\/#organization"},"potentialAction":[{"@type":"SearchAction","target":{"@type":"EntryPoint","urlTemplate":"https:\/\/www.monaco-tribune.com\/it\/?s={search_term_string}"},"query-input":{"@type":"PropertyValueSpecification","valueRequired":true,"valueName":"search_term_string"}}],"inLanguage":"it-IT"},{"@type":"Organization","@id":"https:\/\/www.monaco-tribune.com\/it\/#organization","name":"Monaco Tribune","url":"https:\/\/www.monaco-tribune.com\/it\/","logo":{"@type":"ImageObject","inLanguage":"it-IT","@id":"https:\/\/www.monaco-tribune.com\/it\/#\/schema\/logo\/image\/","url":"https:\/\/www.monaco-tribune.com\/wp-content\/uploads\/2022\/11\/logo-monaco-tribune.png","contentUrl":"https:\/\/www.monaco-tribune.com\/wp-content\/uploads\/2022\/11\/logo-monaco-tribune.png","width":1548,"height":600,"caption":"Monaco Tribune"},"image":{"@id":"https:\/\/www.monaco-tribune.com\/it\/#\/schema\/logo\/image\/"},"sameAs":["https:\/\/www.facebook.com\/MonacoTribune","https:\/\/x.com\/MonacoTribune","https:\/\/www.instagram.com\/monacotribune\/","https:\/\/www.linkedin.com\/company\/monaco-tribune","https:\/\/www.youtube.com\/channel\/UCHle1MnG6hw1y4lWKijVbMA"]},{"@type":"Person","@id":"https:\/\/www.monaco-tribune.com\/it\/#\/schema\/person\/a855d420fff4d03637641d60b93ac62e","name":"Camille Esteve","image":{"@type":"ImageObject","inLanguage":"it-IT","@id":"https:\/\/secure.gravatar.com\/avatar\/eaaa2355a7bb56c0018a391c20a55bf9b4690e3f493231dd850e612bfa6ce161?s=96&d=mm&r=g","url":"https:\/\/secure.gravatar.com\/avatar\/eaaa2355a7bb56c0018a391c20a55bf9b4690e3f493231dd850e612bfa6ce161?s=96&d=mm&r=g","contentUrl":"https:\/\/secure.gravatar.com\/avatar\/eaaa2355a7bb56c0018a391c20a55bf9b4690e3f493231dd850e612bfa6ce161?s=96&d=mm&r=g","caption":"Camille Esteve"},"url":"https:\/\/www.monaco-tribune.com\/it\/author\/camilleesteve\/"}]}},"_links":{"self":[{"href":"https:\/\/www.monaco-tribune.com\/it\/wp-json\/wp\/v2\/posts\/122040","targetHints":{"allow":["GET"]}}],"collection":[{"href":"https:\/\/www.monaco-tribune.com\/it\/wp-json\/wp\/v2\/posts"}],"about":[{"href":"https:\/\/www.monaco-tribune.com\/it\/wp-json\/wp\/v2\/types\/post"}],"author":[{"embeddable":true,"href":"https:\/\/www.monaco-tribune.com\/it\/wp-json\/wp\/v2\/users\/60"}],"replies":[{"embeddable":true,"href":"https:\/\/www.monaco-tribune.com\/it\/wp-json\/wp\/v2\/comments?post=122040"}],"version-history":[{"count":0,"href":"https:\/\/www.monaco-tribune.com\/it\/wp-json\/wp\/v2\/posts\/122040\/revisions"}],"wp:featuredmedia":[{"embeddable":true,"href":"https:\/\/www.monaco-tribune.com\/it\/wp-json\/wp\/v2\/media\/121813"}],"wp:attachment":[{"href":"https:\/\/www.monaco-tribune.com\/it\/wp-json\/wp\/v2\/media?parent=122040"}],"wp:term":[{"taxonomy":"category","embeddable":true,"href":"https:\/\/www.monaco-tribune.com\/it\/wp-json\/wp\/v2\/categories?post=122040"},{"taxonomy":"post_tag","embeddable":true,"href":"https:\/\/www.monaco-tribune.com\/it\/wp-json\/wp\/v2\/tags?post=122040"},{"taxonomy":"sectag","embeddable":true,"href":"https:\/\/www.monaco-tribune.com\/it\/wp-json\/wp\/v2\/post_sectags?post=122040"},{"taxonomy":"format","embeddable":true,"href":"https:\/\/www.monaco-tribune.com\/it\/wp-json\/wp\/v2\/post_format?post=122040"}],"curies":[{"name":"wp","href":"https:\/\/api.w.org\/{rel}","templated":true}]}}