{"id":122275,"date":"2022-05-16T18:22:51","date_gmt":"2022-05-16T16:22:51","guid":{"rendered":"https:\/\/www.monaco-tribune.com\/2022\/05\/stephan-winkelmann-la-huracan-tecnica-e-lauto-ideale-per-monaco\/"},"modified":"2022-05-16T18:23:00","modified_gmt":"2022-05-16T16:23:00","slug":"stephan-winkelmann-la-huracan-tecnica-e-lauto-ideale-per-monaco","status":"publish","type":"post","link":"https:\/\/www.monaco-tribune.com\/it\/2022\/05\/stephan-winkelmann-la-huracan-tecnica-e-lauto-ideale-per-monaco\/","title":{"rendered":"St\u00e9phan Winkelmann: \u201cLa Hurac\u00e1n Tecnica \u00e8 l\u2019auto ideale per Monaco\u201d"},"content":{"rendered":"\n<p><strong>L\u2019amministratore delegato di Lamborghini Stephan Winkelmann ha accettato di rispondere alle domande di Monaco Tribune e Radio Monaco.<\/strong><\/p>\n\n<h4 class=\"wp-block-heading\" id=\"h-pouvez-vous-nous-en-dire-plus-sur-le-relooking-de-la-concession-lamborghini-a-quoi-le-public-doit-il-s-attendre\">Pu\u00f2 dirci qualcosa in pi\u00f9 sul restyling della concessionaria Lamborghini? Cosa deve aspettarsi il pubblico?<\/h4>\n\n<p>La nuova concessionaria rispetta perfettamente i nuovi standard che abbiamo adottato nel resto del mondo. Ma l\u2019aspetto pi\u00f9 importante \u00e8 la nuova sede, che prima era un po\u2019 fuori Monte-Carlo e ora si trova in centro, dove si svolgono tutte le attivit\u00e0 della citt\u00e0. Saremo anche noi l\u00ec per festeggiare la riapertura.<\/p>\n\n<h4 class=\"wp-block-heading\" id=\"h-quels-sont-vos-objectifs-a-monaco-et-dans-le-reste-du-monde-pour-cette-annee-2022\">Quali sono gli obiettivi 2022 per Monaco e il resto del mondo?<\/h4>\n\n<p>Il primo trimestre \u00e8 stato straordinario, ma anche sorprendente data la nuova situazione geopolitica, i problemi di logistica in tutto il mondo, il Covid in Cina, ecc. Tutti questi elementi hanno prodotto risultati negativi a livello macroeconomico. Tuttavia noi vendiamo ogni giorno pi\u00f9 auto di quante ne riusciamo a produrre, il che \u00e8 molto positivo per quanto ci riguarda.<\/p>\n\n<p>Siamo sicuramente concentrati sulla domanda, ma la nostra offerta rimane comunque inferiore alla domanda. Nel settore del lusso, e delle auto di lusso, il mercato non \u00e8 mai saturo.<\/p>\n\n<p>Monte-Carlo offre tantissime opportunit\u00e0, ma quest\u2019anno \u00e8 molto difficile fare previsioni a causa dei problemi che ho appena elencato.<\/p>\n\n<h4 class=\"wp-block-heading\" id=\"h-la-huracan-tecnica-sera-bientot-dans-les-rues-de-la-principaute-parlez-nous-de-ce-nouveau-modele-c-est-important-de-le-voir-ici-a-monaco\">La Hurac\u00e1n Tecnica percorrer\u00e0 presto le strade del Principato. Ci parli un po\u2019 di questo nuovo modello. \u00c8 cos\u00ec importante vederlo a Monaco?<\/h4>\n\n<p>S\u00ec, \u00e8 molto importante vedere questo modello proprio qui perch\u00e9 Monte-Carlo \u00e8 un luogo di incontro per tantissima gente, anche molto benestante. La Hurac\u00e1n \u00e8 la nostra auto sportiva di maggiore successo, almeno in termini di numeri. Il mese scorso abbiamo infatti prodotto e venduto ai nostri clienti 20.000 auto.<\/p>\n\n<p><strong>LEGGI ANCHE: <a href=\"https:\/\/www.monaco-tribune.com\/it\/2022\/05\/la-lamborghini-huracan-presto-tra-le-strade-di-monaco\/\">La Lamborghini Hurac\u00e1n presto tra le strade di Monaco<\/a><\/strong><\/p>\n\n<p>La Tecnica mette insieme tutti i fattori che contano per noi: il lifestyle, la facilit\u00e0 d\u2019uso, le prestazioni, ecc. Credo che sia l\u2019auto ideale per Monte-Carlo oltre che per il resto del mondo.<\/p>\n\n<h4 class=\"wp-block-heading\" id=\"h-monaco-est-une-place-importante-pour-l-environnement-quand-verra-t-on-une-lamborghini-electrique-sur-le-marche\">Monaco svolge un ruolo importante per la tutela dell\u2019ambiente. Quando assisteremo al lancio di una Lamborghini elettrica?<\/h4>\n\n<p>Abbiamo un piano di azione ben preciso per il futuro: nel 2023 e nel 2024 faremo un salto di livello. Tutte le nostre auto saranno ibride e ci impegneremo affinch\u00e9 siano ancora pi\u00f9 efficienti di quelle della generazione di oggi.<\/p>\n\n<p>Inoltre dal 2025 le emissioni di CO2 diminuiranno di almeno il 50% rispetto a oggi. La primissima Lamborghini 100% elettrica sar\u00e0 probabilmente disponibile entro il 2028.<\/p>\n\n<h4 class=\"wp-block-heading\" id=\"h-un-mot-sur-le-marche-monegasque-qui-est-tres-concurrentiel-qu-est-ce-qui-distingue-lamborghini-quels-sont-vos-atouts\">Dal momento che il mercato monegasco \u00e8 molto competitivo, pu\u00f2 dirci cosa contraddistingue Lamborghini e quali sono i suoi punti di forza?<\/h4>\n\n<p>Lamborghini nasce da una sfida: costruire auto che realizzino i desideri dei clienti e quelli dei suoi fan, anche se questi ultimi magari non possono permettersi una Lamborghini.<\/p>\n\n<p>Noi siamo audaci, autentici e originali. Le nostre auto hanno un design molto particolare, prestazioni eccezionali e tanto altro. \u00c8 proprio questo che apprezzano i nostri clienti non solo di Monte-Carlo ma di tutto il mondo.<\/p>\n","protected":false},"excerpt":{"rendered":"<p>L\u2019amministratore delegato di Lamborghini Stephan Winkelmann ha accettato di rispondere alle domande di Monaco Tribune e Radio Monaco. Pu\u00f2 dirci [&hellip;]<\/p>\n","protected":false},"author":60,"featured_media":121964,"comment_status":"closed","ping_status":"closed","sticky":false,"template":"","format":"standard","meta":{"_acf_changed":false,"footnotes":""},"categories":[1739,1826,1738],"tags":[],"post_sectags":[],"post_format":[2476],"class_list":["post-122275","post","type-post","status-publish","format-standard","has-post-thumbnail","hentry","category-business-it","category-la-nostra-scelta","category-notizie","format-intervista"],"acf":[],"yoast_head":"<!-- This site is optimized with the Yoast SEO Premium plugin v26.8 (Yoast SEO v27.5) - https:\/\/yoast.com\/product\/yoast-seo-premium-wordpress\/ -->\n<title>St\u00e9phan Winkelmann: \u201cLa Hurac\u00e1n Tecnica \u00e8 l\u2019auto ideale per Monaco\u201d<\/title>\n<meta name=\"description\" content=\"L\u2019amministratore delegato di Lamborghini Stephan Winkelmann ha accettato di rispondere alle domande di Monaco Tribune e Radio Monaco. Pu\u00f2 dirci qualcosa\" \/>\n<meta name=\"robots\" content=\"index, follow, max-snippet:-1, max-image-preview:large, max-video-preview:-1\" \/>\n<link rel=\"canonical\" href=\"https:\/\/www.monaco-tribune.com\/it\/2022\/05\/stephan-winkelmann-la-huracan-tecnica-e-lauto-ideale-per-monaco\/\" \/>\n<meta property=\"og:locale\" content=\"it_IT\" \/>\n<meta property=\"og:type\" content=\"article\" \/>\n<meta property=\"og:title\" content=\"St\u00e9phan Winkelmann: \u201cLa Hurac\u00e1n Tecnica \u00e8 l\u2019auto ideale per Monaco\u201d - Monaco Tribune\" \/>\n<meta property=\"og:description\" content=\"L\u2019amministratore delegato di Lamborghini Stephan Winkelmann ha accettato di rispondere alle domande di Monaco Tribune e Radio Monaco. Pu\u00f2 dirci qualcosa\" \/>\n<meta property=\"og:url\" content=\"https:\/\/www.monaco-tribune.com\/it\/2022\/05\/stephan-winkelmann-la-huracan-tecnica-e-lauto-ideale-per-monaco\/\" \/>\n<meta property=\"og:site_name\" content=\"Monaco Tribune\" \/>\n<meta property=\"article:publisher\" content=\"https:\/\/www.facebook.com\/MonacoTribune\" \/>\n<meta property=\"article:published_time\" content=\"2022-05-16T16:22:51+00:00\" \/>\n<meta property=\"article:modified_time\" content=\"2022-05-16T16:23:00+00:00\" \/>\n<meta property=\"og:image\" content=\"https:\/\/www.monaco-tribune.com\/wp-content\/uploads\/2022\/05\/stephan-winkelmann-lamborghini.jpg\" \/>\n\t<meta property=\"og:image:width\" content=\"1020\" \/>\n\t<meta property=\"og:image:height\" content=\"682\" \/>\n\t<meta property=\"og:image:type\" content=\"image\/jpeg\" \/>\n<meta name=\"author\" content=\"Camille Esteve\" \/>\n<meta name=\"twitter:card\" content=\"summary_large_image\" \/>\n<meta name=\"twitter:creator\" content=\"@MonacoTribune\" \/>\n<meta name=\"twitter:site\" content=\"@MonacoTribune\" \/>\n<script type=\"application\/ld+json\" class=\"yoast-schema-graph\">{\"@context\":\"https:\\\/\\\/schema.org\",\"@graph\":[{\"@type\":\"NewsArticle\",\"@id\":\"https:\\\/\\\/www.monaco-tribune.com\\\/it\\\/2022\\\/05\\\/stephan-winkelmann-la-huracan-tecnica-e-lauto-ideale-per-monaco\\\/#article\",\"isPartOf\":{\"@id\":\"https:\\\/\\\/www.monaco-tribune.com\\\/it\\\/2022\\\/05\\\/stephan-winkelmann-la-huracan-tecnica-e-lauto-ideale-per-monaco\\\/\"},\"author\":{\"name\":\"Camille Esteve\",\"@id\":\"https:\\\/\\\/www.monaco-tribune.com\\\/it\\\/#\\\/schema\\\/person\\\/a855d420fff4d03637641d60b93ac62e\"},\"headline\":\"St\u00e9phan Winkelmann: \u201cLa Hurac\u00e1n Tecnica \u00e8 l\u2019auto ideale per Monaco\u201d\",\"datePublished\":\"2022-05-16T16:22:51+00:00\",\"dateModified\":\"2022-05-16T16:23:00+00:00\",\"mainEntityOfPage\":{\"@id\":\"https:\\\/\\\/www.monaco-tribune.com\\\/it\\\/2022\\\/05\\\/stephan-winkelmann-la-huracan-tecnica-e-lauto-ideale-per-monaco\\\/\"},\"wordCount\":492,\"publisher\":{\"@id\":\"https:\\\/\\\/www.monaco-tribune.com\\\/it\\\/#organization\"},\"image\":{\"@id\":\"https:\\\/\\\/www.monaco-tribune.com\\\/it\\\/2022\\\/05\\\/stephan-winkelmann-la-huracan-tecnica-e-lauto-ideale-per-monaco\\\/#primaryimage\"},\"thumbnailUrl\":\"https:\\\/\\\/www.monaco-tribune.com\\\/wp-content\\\/uploads\\\/2022\\\/05\\\/stephan-winkelmann-lamborghini.jpg\",\"articleSection\":[\"Business\",\"La nostra scelta\",\"Notizie\"],\"inLanguage\":\"it-IT\",\"copyrightYear\":\"2022\",\"copyrightHolder\":{\"@id\":\"https:\\\/\\\/www.monaco-tribune.com\\\/#organization\"}},{\"@type\":\"WebPage\",\"@id\":\"https:\\\/\\\/www.monaco-tribune.com\\\/it\\\/2022\\\/05\\\/stephan-winkelmann-la-huracan-tecnica-e-lauto-ideale-per-monaco\\\/\",\"url\":\"https:\\\/\\\/www.monaco-tribune.com\\\/it\\\/2022\\\/05\\\/stephan-winkelmann-la-huracan-tecnica-e-lauto-ideale-per-monaco\\\/\",\"name\":\"St\u00e9phan Winkelmann: \u201cLa Hurac\u00e1n Tecnica \u00e8 l\u2019auto ideale per Monaco\u201d\",\"isPartOf\":{\"@id\":\"https:\\\/\\\/www.monaco-tribune.com\\\/it\\\/#website\"},\"primaryImageOfPage\":{\"@id\":\"https:\\\/\\\/www.monaco-tribune.com\\\/it\\\/2022\\\/05\\\/stephan-winkelmann-la-huracan-tecnica-e-lauto-ideale-per-monaco\\\/#primaryimage\"},\"image\":{\"@id\":\"https:\\\/\\\/www.monaco-tribune.com\\\/it\\\/2022\\\/05\\\/stephan-winkelmann-la-huracan-tecnica-e-lauto-ideale-per-monaco\\\/#primaryimage\"},\"thumbnailUrl\":\"https:\\\/\\\/www.monaco-tribune.com\\\/wp-content\\\/uploads\\\/2022\\\/05\\\/stephan-winkelmann-lamborghini.jpg\",\"datePublished\":\"2022-05-16T16:22:51+00:00\",\"dateModified\":\"2022-05-16T16:23:00+00:00\",\"description\":\"L\u2019amministratore delegato di Lamborghini Stephan Winkelmann ha accettato di rispondere alle domande di Monaco Tribune e Radio Monaco. Pu\u00f2 dirci qualcosa\",\"breadcrumb\":{\"@id\":\"https:\\\/\\\/www.monaco-tribune.com\\\/it\\\/2022\\\/05\\\/stephan-winkelmann-la-huracan-tecnica-e-lauto-ideale-per-monaco\\\/#breadcrumb\"},\"inLanguage\":\"it-IT\",\"potentialAction\":[{\"@type\":\"ReadAction\",\"target\":[\"https:\\\/\\\/www.monaco-tribune.com\\\/it\\\/2022\\\/05\\\/stephan-winkelmann-la-huracan-tecnica-e-lauto-ideale-per-monaco\\\/\"]}]},{\"@type\":\"ImageObject\",\"inLanguage\":\"it-IT\",\"@id\":\"https:\\\/\\\/www.monaco-tribune.com\\\/it\\\/2022\\\/05\\\/stephan-winkelmann-la-huracan-tecnica-e-lauto-ideale-per-monaco\\\/#primaryimage\",\"url\":\"https:\\\/\\\/www.monaco-tribune.com\\\/wp-content\\\/uploads\\\/2022\\\/05\\\/stephan-winkelmann-lamborghini.jpg\",\"contentUrl\":\"https:\\\/\\\/www.monaco-tribune.com\\\/wp-content\\\/uploads\\\/2022\\\/05\\\/stephan-winkelmann-lamborghini.jpg\",\"width\":1020,\"height\":682,\"caption\":\"\u00a9 St\u00e9phane Gury \\\/ Ketz Radio Monaco\"},{\"@type\":\"BreadcrumbList\",\"@id\":\"https:\\\/\\\/www.monaco-tribune.com\\\/it\\\/2022\\\/05\\\/stephan-winkelmann-la-huracan-tecnica-e-lauto-ideale-per-monaco\\\/#breadcrumb\",\"itemListElement\":[{\"@type\":\"ListItem\",\"position\":1,\"name\":\"Accueil\",\"item\":\"https:\\\/\\\/www.monaco-tribune.com\\\/it\\\/\"},{\"@type\":\"ListItem\",\"position\":2,\"name\":\"St\u00e9phan Winkelmann: \u201cLa Hurac\u00e1n Tecnica \u00e8 l\u2019auto ideale per Monaco\u201d\"}]},{\"@type\":\"WebSite\",\"@id\":\"https:\\\/\\\/www.monaco-tribune.com\\\/it\\\/#website\",\"url\":\"https:\\\/\\\/www.monaco-tribune.com\\\/it\\\/\",\"name\":\"Monaco Tribune\",\"description\":\"Monaco : actualit\u00e9s \u00e9conomiques, politiques, culturelles et sportives de Monaco et de la French Riviera.\",\"publisher\":{\"@id\":\"https:\\\/\\\/www.monaco-tribune.com\\\/it\\\/#organization\"},\"potentialAction\":[{\"@type\":\"SearchAction\",\"target\":{\"@type\":\"EntryPoint\",\"urlTemplate\":\"https:\\\/\\\/www.monaco-tribune.com\\\/it\\\/?s={search_term_string}\"},\"query-input\":{\"@type\":\"PropertyValueSpecification\",\"valueRequired\":true,\"valueName\":\"search_term_string\"}}],\"inLanguage\":\"it-IT\"},{\"@type\":\"Organization\",\"@id\":\"https:\\\/\\\/www.monaco-tribune.com\\\/it\\\/#organization\",\"name\":\"Monaco Tribune\",\"url\":\"https:\\\/\\\/www.monaco-tribune.com\\\/it\\\/\",\"logo\":{\"@type\":\"ImageObject\",\"inLanguage\":\"it-IT\",\"@id\":\"https:\\\/\\\/www.monaco-tribune.com\\\/it\\\/#\\\/schema\\\/logo\\\/image\\\/\",\"url\":\"https:\\\/\\\/www.monaco-tribune.com\\\/wp-content\\\/uploads\\\/2022\\\/11\\\/logo-monaco-tribune.png\",\"contentUrl\":\"https:\\\/\\\/www.monaco-tribune.com\\\/wp-content\\\/uploads\\\/2022\\\/11\\\/logo-monaco-tribune.png\",\"width\":1548,\"height\":600,\"caption\":\"Monaco Tribune\"},\"image\":{\"@id\":\"https:\\\/\\\/www.monaco-tribune.com\\\/it\\\/#\\\/schema\\\/logo\\\/image\\\/\"},\"sameAs\":[\"https:\\\/\\\/www.facebook.com\\\/MonacoTribune\",\"https:\\\/\\\/x.com\\\/MonacoTribune\",\"https:\\\/\\\/www.instagram.com\\\/monacotribune\\\/\",\"https:\\\/\\\/www.linkedin.com\\\/company\\\/monaco-tribune\",\"https:\\\/\\\/www.youtube.com\\\/channel\\\/UCHle1MnG6hw1y4lWKijVbMA\"]},{\"@type\":\"Person\",\"@id\":\"https:\\\/\\\/www.monaco-tribune.com\\\/it\\\/#\\\/schema\\\/person\\\/a855d420fff4d03637641d60b93ac62e\",\"name\":\"Camille Esteve\",\"image\":{\"@type\":\"ImageObject\",\"inLanguage\":\"it-IT\",\"@id\":\"https:\\\/\\\/secure.gravatar.com\\\/avatar\\\/eaaa2355a7bb56c0018a391c20a55bf9b4690e3f493231dd850e612bfa6ce161?s=96&d=mm&r=g\",\"url\":\"https:\\\/\\\/secure.gravatar.com\\\/avatar\\\/eaaa2355a7bb56c0018a391c20a55bf9b4690e3f493231dd850e612bfa6ce161?s=96&d=mm&r=g\",\"contentUrl\":\"https:\\\/\\\/secure.gravatar.com\\\/avatar\\\/eaaa2355a7bb56c0018a391c20a55bf9b4690e3f493231dd850e612bfa6ce161?s=96&d=mm&r=g\",\"caption\":\"Camille Esteve\"},\"url\":\"https:\\\/\\\/www.monaco-tribune.com\\\/it\\\/author\\\/camilleesteve\\\/\"}]}<\/script>\n<!-- \/ Yoast SEO Premium plugin. -->","yoast_head_json":{"title":"St\u00e9phan Winkelmann: \u201cLa Hurac\u00e1n Tecnica \u00e8 l\u2019auto ideale per Monaco\u201d","description":"L\u2019amministratore delegato di Lamborghini Stephan Winkelmann ha accettato di rispondere alle domande di Monaco Tribune e Radio Monaco. Pu\u00f2 dirci qualcosa","robots":{"index":"index","follow":"follow","max-snippet":"max-snippet:-1","max-image-preview":"max-image-preview:large","max-video-preview":"max-video-preview:-1"},"canonical":"https:\/\/www.monaco-tribune.com\/it\/2022\/05\/stephan-winkelmann-la-huracan-tecnica-e-lauto-ideale-per-monaco\/","og_locale":"it_IT","og_type":"article","og_title":"St\u00e9phan Winkelmann: \u201cLa Hurac\u00e1n Tecnica \u00e8 l\u2019auto ideale per Monaco\u201d - Monaco Tribune","og_description":"L\u2019amministratore delegato di Lamborghini Stephan Winkelmann ha accettato di rispondere alle domande di Monaco Tribune e Radio Monaco. Pu\u00f2 dirci qualcosa","og_url":"https:\/\/www.monaco-tribune.com\/it\/2022\/05\/stephan-winkelmann-la-huracan-tecnica-e-lauto-ideale-per-monaco\/","og_site_name":"Monaco Tribune","article_publisher":"https:\/\/www.facebook.com\/MonacoTribune","article_published_time":"2022-05-16T16:22:51+00:00","article_modified_time":"2022-05-16T16:23:00+00:00","og_image":[{"width":1020,"height":682,"url":"https:\/\/www.monaco-tribune.com\/wp-content\/uploads\/2022\/05\/stephan-winkelmann-lamborghini.jpg","type":"image\/jpeg"}],"author":"Camille Esteve","twitter_card":"summary_large_image","twitter_creator":"@MonacoTribune","twitter_site":"@MonacoTribune","schema":{"@context":"https:\/\/schema.org","@graph":[{"@type":"NewsArticle","@id":"https:\/\/www.monaco-tribune.com\/it\/2022\/05\/stephan-winkelmann-la-huracan-tecnica-e-lauto-ideale-per-monaco\/#article","isPartOf":{"@id":"https:\/\/www.monaco-tribune.com\/it\/2022\/05\/stephan-winkelmann-la-huracan-tecnica-e-lauto-ideale-per-monaco\/"},"author":{"name":"Camille Esteve","@id":"https:\/\/www.monaco-tribune.com\/it\/#\/schema\/person\/a855d420fff4d03637641d60b93ac62e"},"headline":"St\u00e9phan Winkelmann: \u201cLa Hurac\u00e1n Tecnica \u00e8 l\u2019auto ideale per Monaco\u201d","datePublished":"2022-05-16T16:22:51+00:00","dateModified":"2022-05-16T16:23:00+00:00","mainEntityOfPage":{"@id":"https:\/\/www.monaco-tribune.com\/it\/2022\/05\/stephan-winkelmann-la-huracan-tecnica-e-lauto-ideale-per-monaco\/"},"wordCount":492,"publisher":{"@id":"https:\/\/www.monaco-tribune.com\/it\/#organization"},"image":{"@id":"https:\/\/www.monaco-tribune.com\/it\/2022\/05\/stephan-winkelmann-la-huracan-tecnica-e-lauto-ideale-per-monaco\/#primaryimage"},"thumbnailUrl":"https:\/\/www.monaco-tribune.com\/wp-content\/uploads\/2022\/05\/stephan-winkelmann-lamborghini.jpg","articleSection":["Business","La nostra scelta","Notizie"],"inLanguage":"it-IT","copyrightYear":"2022","copyrightHolder":{"@id":"https:\/\/www.monaco-tribune.com\/#organization"}},{"@type":"WebPage","@id":"https:\/\/www.monaco-tribune.com\/it\/2022\/05\/stephan-winkelmann-la-huracan-tecnica-e-lauto-ideale-per-monaco\/","url":"https:\/\/www.monaco-tribune.com\/it\/2022\/05\/stephan-winkelmann-la-huracan-tecnica-e-lauto-ideale-per-monaco\/","name":"St\u00e9phan Winkelmann: \u201cLa Hurac\u00e1n Tecnica \u00e8 l\u2019auto ideale per Monaco\u201d","isPartOf":{"@id":"https:\/\/www.monaco-tribune.com\/it\/#website"},"primaryImageOfPage":{"@id":"https:\/\/www.monaco-tribune.com\/it\/2022\/05\/stephan-winkelmann-la-huracan-tecnica-e-lauto-ideale-per-monaco\/#primaryimage"},"image":{"@id":"https:\/\/www.monaco-tribune.com\/it\/2022\/05\/stephan-winkelmann-la-huracan-tecnica-e-lauto-ideale-per-monaco\/#primaryimage"},"thumbnailUrl":"https:\/\/www.monaco-tribune.com\/wp-content\/uploads\/2022\/05\/stephan-winkelmann-lamborghini.jpg","datePublished":"2022-05-16T16:22:51+00:00","dateModified":"2022-05-16T16:23:00+00:00","description":"L\u2019amministratore delegato di Lamborghini Stephan Winkelmann ha accettato di rispondere alle domande di Monaco Tribune e Radio Monaco. Pu\u00f2 dirci qualcosa","breadcrumb":{"@id":"https:\/\/www.monaco-tribune.com\/it\/2022\/05\/stephan-winkelmann-la-huracan-tecnica-e-lauto-ideale-per-monaco\/#breadcrumb"},"inLanguage":"it-IT","potentialAction":[{"@type":"ReadAction","target":["https:\/\/www.monaco-tribune.com\/it\/2022\/05\/stephan-winkelmann-la-huracan-tecnica-e-lauto-ideale-per-monaco\/"]}]},{"@type":"ImageObject","inLanguage":"it-IT","@id":"https:\/\/www.monaco-tribune.com\/it\/2022\/05\/stephan-winkelmann-la-huracan-tecnica-e-lauto-ideale-per-monaco\/#primaryimage","url":"https:\/\/www.monaco-tribune.com\/wp-content\/uploads\/2022\/05\/stephan-winkelmann-lamborghini.jpg","contentUrl":"https:\/\/www.monaco-tribune.com\/wp-content\/uploads\/2022\/05\/stephan-winkelmann-lamborghini.jpg","width":1020,"height":682,"caption":"\u00a9 St\u00e9phane Gury \/ Ketz Radio Monaco"},{"@type":"BreadcrumbList","@id":"https:\/\/www.monaco-tribune.com\/it\/2022\/05\/stephan-winkelmann-la-huracan-tecnica-e-lauto-ideale-per-monaco\/#breadcrumb","itemListElement":[{"@type":"ListItem","position":1,"name":"Accueil","item":"https:\/\/www.monaco-tribune.com\/it\/"},{"@type":"ListItem","position":2,"name":"St\u00e9phan Winkelmann: \u201cLa Hurac\u00e1n Tecnica \u00e8 l\u2019auto ideale per Monaco\u201d"}]},{"@type":"WebSite","@id":"https:\/\/www.monaco-tribune.com\/it\/#website","url":"https:\/\/www.monaco-tribune.com\/it\/","name":"Monaco Tribune","description":"Monaco : actualit\u00e9s \u00e9conomiques, politiques, culturelles et sportives de Monaco et de la French Riviera.","publisher":{"@id":"https:\/\/www.monaco-tribune.com\/it\/#organization"},"potentialAction":[{"@type":"SearchAction","target":{"@type":"EntryPoint","urlTemplate":"https:\/\/www.monaco-tribune.com\/it\/?s={search_term_string}"},"query-input":{"@type":"PropertyValueSpecification","valueRequired":true,"valueName":"search_term_string"}}],"inLanguage":"it-IT"},{"@type":"Organization","@id":"https:\/\/www.monaco-tribune.com\/it\/#organization","name":"Monaco Tribune","url":"https:\/\/www.monaco-tribune.com\/it\/","logo":{"@type":"ImageObject","inLanguage":"it-IT","@id":"https:\/\/www.monaco-tribune.com\/it\/#\/schema\/logo\/image\/","url":"https:\/\/www.monaco-tribune.com\/wp-content\/uploads\/2022\/11\/logo-monaco-tribune.png","contentUrl":"https:\/\/www.monaco-tribune.com\/wp-content\/uploads\/2022\/11\/logo-monaco-tribune.png","width":1548,"height":600,"caption":"Monaco Tribune"},"image":{"@id":"https:\/\/www.monaco-tribune.com\/it\/#\/schema\/logo\/image\/"},"sameAs":["https:\/\/www.facebook.com\/MonacoTribune","https:\/\/x.com\/MonacoTribune","https:\/\/www.instagram.com\/monacotribune\/","https:\/\/www.linkedin.com\/company\/monaco-tribune","https:\/\/www.youtube.com\/channel\/UCHle1MnG6hw1y4lWKijVbMA"]},{"@type":"Person","@id":"https:\/\/www.monaco-tribune.com\/it\/#\/schema\/person\/a855d420fff4d03637641d60b93ac62e","name":"Camille Esteve","image":{"@type":"ImageObject","inLanguage":"it-IT","@id":"https:\/\/secure.gravatar.com\/avatar\/eaaa2355a7bb56c0018a391c20a55bf9b4690e3f493231dd850e612bfa6ce161?s=96&d=mm&r=g","url":"https:\/\/secure.gravatar.com\/avatar\/eaaa2355a7bb56c0018a391c20a55bf9b4690e3f493231dd850e612bfa6ce161?s=96&d=mm&r=g","contentUrl":"https:\/\/secure.gravatar.com\/avatar\/eaaa2355a7bb56c0018a391c20a55bf9b4690e3f493231dd850e612bfa6ce161?s=96&d=mm&r=g","caption":"Camille Esteve"},"url":"https:\/\/www.monaco-tribune.com\/it\/author\/camilleesteve\/"}]}},"_links":{"self":[{"href":"https:\/\/www.monaco-tribune.com\/it\/wp-json\/wp\/v2\/posts\/122275","targetHints":{"allow":["GET"]}}],"collection":[{"href":"https:\/\/www.monaco-tribune.com\/it\/wp-json\/wp\/v2\/posts"}],"about":[{"href":"https:\/\/www.monaco-tribune.com\/it\/wp-json\/wp\/v2\/types\/post"}],"author":[{"embeddable":true,"href":"https:\/\/www.monaco-tribune.com\/it\/wp-json\/wp\/v2\/users\/60"}],"replies":[{"embeddable":true,"href":"https:\/\/www.monaco-tribune.com\/it\/wp-json\/wp\/v2\/comments?post=122275"}],"version-history":[{"count":0,"href":"https:\/\/www.monaco-tribune.com\/it\/wp-json\/wp\/v2\/posts\/122275\/revisions"}],"wp:featuredmedia":[{"embeddable":true,"href":"https:\/\/www.monaco-tribune.com\/it\/wp-json\/wp\/v2\/media\/121964"}],"wp:attachment":[{"href":"https:\/\/www.monaco-tribune.com\/it\/wp-json\/wp\/v2\/media?parent=122275"}],"wp:term":[{"taxonomy":"category","embeddable":true,"href":"https:\/\/www.monaco-tribune.com\/it\/wp-json\/wp\/v2\/categories?post=122275"},{"taxonomy":"post_tag","embeddable":true,"href":"https:\/\/www.monaco-tribune.com\/it\/wp-json\/wp\/v2\/tags?post=122275"},{"taxonomy":"sectag","embeddable":true,"href":"https:\/\/www.monaco-tribune.com\/it\/wp-json\/wp\/v2\/post_sectags?post=122275"},{"taxonomy":"format","embeddable":true,"href":"https:\/\/www.monaco-tribune.com\/it\/wp-json\/wp\/v2\/post_format?post=122275"}],"curies":[{"name":"wp","href":"https:\/\/api.w.org\/{rel}","templated":true}]}}