{"id":122380,"date":"2022-05-17T16:22:28","date_gmt":"2022-05-17T14:22:28","guid":{"rendered":"https:\/\/www.monaco-tribune.com\/2022\/05\/asm-brest-il-regalo-dellas-monaco-ai-suoi-tifosi\/"},"modified":"2022-05-17T16:23:41","modified_gmt":"2022-05-17T14:23:41","slug":"asm-brest-il-regalo-dellas-monaco-ai-suoi-tifosi","status":"publish","type":"post","link":"https:\/\/www.monaco-tribune.com\/it\/2022\/05\/asm-brest-il-regalo-dellas-monaco-ai-suoi-tifosi\/","title":{"rendered":"ASM-Brest: il regalo dell&#8217;AS Monaco ai suoi tifosi"},"content":{"rendered":"\n<p><strong>Come ogni anno, la squadra rossobianca ha invitato i suoi fan club ad assister all&#8217;ultima partita in casa della stagione.<\/strong><\/p>\n\n\n\n<p>Una serata che rester\u00e0 impressa nella memoria. Sabato 14 maggio, l&#8217;AS Monaco ha giocato contro il Brest sul prato dello Stadio Louis II, alla presenza del Principe Alberto II, del presidente del club Dmitri Rybolovlev, ma anche dei rappresentanti dei diciotto fan club francesi e italiani della squadra.<\/p>\n\n\n\n<p>I monegaschi hanno anche reso omaggio alle delegazioni con un gesto simbolico: prima dell&#8217;incontro, il Presidente del club gli ha consegnato la nuova maglia 2022\/2023 dell&#8217;AS Monaco.<\/p>\n\n\n\n<p>Quale modo migliore per cominciare bene la partita? I rosssobianchi, infatti, si sono imposti con successo, vincendo per 4 a 2 grazie alla tripletta di Wissam Ben Yedder. Il capitano della squadra ha approfittato di questo grande momento per annunciare la nascita del figlio Ayden.<\/p>\n\n\n\n<p><strong>LEGGI ANCHE: <a href=\"https:\/\/www.monaco-tribune.com\/it\/2022\/05\/ligue-1-as-monaco-incredibile-conquista-il-podio\/\">Ligue 1: AS Monaco incredibile conquista il podio<\/a><\/strong><\/p>\n\n\n<blockquote class=\"instagram-media\" data-instgrm-captioned=\"\" data-instgrm-permalink=\"https:\/\/www.instagram.com\/p\/CdjfvgCLkoQ\/?utm_source=ig_embed&amp;utm_campaign=loading\" data-instgrm-version=\"14\" style=\" background:#FFF; border:0; border-radius:3px; box-shadow:0 0 1px 0 rgba(0,0,0,0.5),0 1px 10px 0 rgba(0,0,0,0.15); margin: 1px; max-width:540px; min-width:326px; padding:0; width:99.375%; width:-webkit-calc(100% - 2px); width:calc(100% - 2px);\">\n<div style=\"padding:16px;\"> <a href=\"https:\/\/www.instagram.com\/p\/CdjfvgCLkoQ\/?utm_source=ig_embed&amp;utm_campaign=loading\" style=\" background:#FFFFFF; line-height:0; padding:0 0; text-align:center; text-decoration:none; width:100%;\" target=\"_blank\" rel=\"noopener\"> <\/p>\n<div style=\" display: flex; flex-direction: row; align-items: center;\">\n<div style=\"background-color: #F4F4F4; border-radius: 50%; flex-grow: 0; height: 40px; margin-right: 14px; width: 40px;\"><\/div>\n<div style=\"display: flex; flex-direction: column; flex-grow: 1; justify-content: center;\">\n<div style=\" background-color: #F4F4F4; border-radius: 4px; flex-grow: 0; height: 14px; margin-bottom: 6px; width: 100px;\"><\/div>\n<div style=\" background-color: #F4F4F4; border-radius: 4px; flex-grow: 0; height: 14px; width: 60px;\"><\/div>\n<\/div>\n<\/div>\n<div style=\"padding: 19% 0;\"><\/div>\n<div style=\"display:block; height:50px; margin:0 auto 12px; width:50px;\"><svg width=\"50px\" height=\"50px\" viewBox=\"0 0 60 60\" version=\"1.1\" xmlns=\"https:\/\/www.w3.org\/2000\/svg\" xmlns:xlink=\"https:\/\/www.w3.org\/1999\/xlink\"><g stroke=\"none\" stroke-width=\"1\" fill=\"none\" fill-rule=\"evenodd\"><g transform=\"translate(-511.000000, -20.000000)\" fill=\"#000000\"><g><path d=\"M556.869,30.41 C554.814,30.41 553.148,32.076 553.148,34.131 C553.148,36.186 554.814,37.852 556.869,37.852 C558.924,37.852 560.59,36.186 560.59,34.131 C560.59,32.076 558.924,30.41 556.869,30.41 M541,60.657 C535.114,60.657 530.342,55.887 530.342,50 C530.342,44.114 535.114,39.342 541,39.342 C546.887,39.342 551.658,44.114 551.658,50 C551.658,55.887 546.887,60.657 541,60.657 M541,33.886 C532.1,33.886 524.886,41.1 524.886,50 C524.886,58.899 532.1,66.113 541,66.113 C549.9,66.113 557.115,58.899 557.115,50 C557.115,41.1 549.9,33.886 541,33.886 M565.378,62.101 C565.244,65.022 564.756,66.606 564.346,67.663 C563.803,69.06 563.154,70.057 562.106,71.106 C561.058,72.155 560.06,72.803 558.662,73.347 C557.607,73.757 556.021,74.244 553.102,74.378 C549.944,74.521 548.997,74.552 541,74.552 C533.003,74.552 532.056,74.521 528.898,74.378 C525.979,74.244 524.393,73.757 523.338,73.347 C521.94,72.803 520.942,72.155 519.894,71.106 C518.846,70.057 518.197,69.06 517.654,67.663 C517.244,66.606 516.755,65.022 516.623,62.101 C516.479,58.943 516.448,57.996 516.448,50 C516.448,42.003 516.479,41.056 516.623,37.899 C516.755,34.978 517.244,33.391 517.654,32.338 C518.197,30.938 518.846,29.942 519.894,28.894 C520.942,27.846 521.94,27.196 523.338,26.654 C524.393,26.244 525.979,25.756 528.898,25.623 C532.057,25.479 533.004,25.448 541,25.448 C548.997,25.448 549.943,25.479 553.102,25.623 C556.021,25.756 557.607,26.244 558.662,26.654 C560.06,27.196 561.058,27.846 562.106,28.894 C563.154,29.942 563.803,30.938 564.346,32.338 C564.756,33.391 565.244,34.978 565.378,37.899 C565.522,41.056 565.552,42.003 565.552,50 C565.552,57.996 565.522,58.943 565.378,62.101 M570.82,37.631 C570.674,34.438 570.167,32.258 569.425,30.349 C568.659,28.377 567.633,26.702 565.965,25.035 C564.297,23.368 562.623,22.342 560.652,21.575 C558.743,20.834 556.562,20.326 553.369,20.18 C550.169,20.033 549.148,20 541,20 C532.853,20 531.831,20.033 528.631,20.18 C525.438,20.326 523.257,20.834 521.349,21.575 C519.376,22.342 517.703,23.368 516.035,25.035 C514.368,26.702 513.342,28.377 512.574,30.349 C511.834,32.258 511.326,34.438 511.181,37.631 C511.035,40.831 511,41.851 511,50 C511,58.147 511.035,59.17 511.181,62.369 C511.326,65.562 511.834,67.743 512.574,69.651 C513.342,71.625 514.368,73.296 516.035,74.965 C517.703,76.634 519.376,77.658 521.349,78.425 C523.257,79.167 525.438,79.673 528.631,79.82 C531.831,79.965 532.853,80.001 541,80.001 C549.148,80.001 550.169,79.965 553.369,79.82 C556.562,79.673 558.743,79.167 560.652,78.425 C562.623,77.658 564.297,76.634 565.965,74.965 C567.633,73.296 568.659,71.625 569.425,69.651 C570.167,67.743 570.674,65.562 570.82,62.369 C570.966,59.17 571,58.147 571,50 C571,41.851 570.966,40.831 570.82,37.631\"><\/path><\/g><\/g><\/g><\/svg><\/div>\n<div style=\"padding-top: 8px;\">\n<div style=\" color:#3897f0; font-family:Arial,sans-serif; font-size:14px; font-style:normal; font-weight:550; line-height:18px;\">Voir cette publication sur Instagram<\/div>\n<\/div>\n<div style=\"padding: 12.5% 0;\"><\/div>\n<div style=\"display: flex; flex-direction: row; margin-bottom: 14px; align-items: center;\">\n<div>\n<div style=\"background-color: #F4F4F4; border-radius: 50%; height: 12.5px; width: 12.5px; transform: translateX(0px) translateY(7px);\"><\/div>\n<div style=\"background-color: #F4F4F4; height: 12.5px; transform: rotate(-45deg) translateX(3px) translateY(1px); width: 12.5px; flex-grow: 0; margin-right: 14px; margin-left: 2px;\"><\/div>\n<div style=\"background-color: #F4F4F4; border-radius: 50%; height: 12.5px; width: 12.5px; transform: translateX(9px) translateY(-18px);\"><\/div>\n<\/div>\n<div style=\"margin-left: 8px;\">\n<div style=\" background-color: #F4F4F4; border-radius: 50%; flex-grow: 0; height: 20px; width: 20px;\"><\/div>\n<div style=\" width: 0; height: 0; border-top: 2px solid transparent; border-left: 6px solid #f4f4f4; border-bottom: 2px solid transparent; transform: translateX(16px) translateY(-4px) rotate(30deg)\"><\/div>\n<\/div>\n<div style=\"margin-left: auto;\">\n<div style=\" width: 0px; border-top: 8px solid #F4F4F4; border-right: 8px solid transparent; transform: translateY(16px);\"><\/div>\n<div style=\" background-color: #F4F4F4; flex-grow: 0; height: 12px; width: 16px; transform: translateY(-4px);\"><\/div>\n<div style=\" width: 0; height: 0; border-top: 8px solid #F4F4F4; border-left: 8px solid transparent; transform: translateY(-4px) translateX(8px);\"><\/div>\n<\/div>\n<\/div>\n<div style=\"display: flex; flex-direction: column; flex-grow: 1; justify-content: center; margin-bottom: 24px;\">\n<div style=\" background-color: #F4F4F4; border-radius: 4px; flex-grow: 0; height: 14px; margin-bottom: 6px; width: 224px;\"><\/div>\n<div style=\" background-color: #F4F4F4; border-radius: 4px; flex-grow: 0; height: 14px; width: 144px;\"><\/div>\n<\/div>\n<p><\/a><\/p>\n<p style=\" color:#c9c8cd; font-family:Arial,sans-serif; font-size:14px; line-height:17px; margin-bottom:0; margin-top:8px; overflow:hidden; padding:8px 0 7px; text-align:center; text-overflow:ellipsis; white-space:nowrap;\"><a href=\"https:\/\/www.instagram.com\/p\/CdjfvgCLkoQ\/?utm_source=ig_embed&amp;utm_campaign=loading\" style=\" color:#c9c8cd; font-family:Arial,sans-serif; font-size:14px; font-style:normal; font-weight:normal; line-height:17px; text-decoration:none;\" target=\"_blank\" rel=\"noopener\">Une publication partag\u00e9e par AS Monaco \ud83c\uddf2\ud83c\udde8 (@asmonaco)<\/a><\/p>\n<\/div>\n<\/blockquote>\n<p> <script async=\"\" src=\"\/\/www.instagram.com\/embed.js\"><\/script><\/p>\n\n\n\n<p>Inutile dire che l&#8217;atmosfera era piuttosto elettrica! I tifosi si sono sgolati per sostenere con passione i giocatori di Philippe Clement, che si sono portati a casa le ultime nove partite consecutive segnando una vera rimonta in questa stagione. Oggi secondo in classifica, l&#8217;AS Monaco deve vincere il suo ultimo incontro con il Lens per conservare la posizione e conquistare il pass diretto per la Champions League.<\/p>\n\n\n\n<p>Anche sui social non sono mancati i commenti. I tifosi hanno seguito la partita su Twitter a colpi di &#8220;Daghe Munegu&#8221; e bandiere rosse e bianche.<\/p>\n\n\n\n<figure class=\"wp-block-embed is-type-rich is-provider-twitter wp-block-embed-twitter\"><div class=\"wp-block-embed__wrapper\">\n<blockquote class=\"twitter-tweet\" data-width=\"500\" data-dnt=\"true\"><p lang=\"fr\" dir=\"ltr\">Bonne nuit \ud83d\ude18<br><br>4-2 \u2023 <a href=\"https:\/\/twitter.com\/hashtag\/ASMSB29?src=hash&amp;ref_src=twsrc%5Etfw\">#ASMSB29<\/a> <a href=\"https:\/\/t.co\/RiyRDQFIJ7\">https:\/\/t.co\/RiyRDQFIJ7<\/a><\/p>&mdash; AS Monaco \ud83c\uddf2\ud83c\udde8 (@AS_Monaco) <a href=\"https:\/\/twitter.com\/AS_Monaco\/status\/1525615975831416835?ref_src=twsrc%5Etfw\">May 14, 2022<\/a><\/blockquote><script async src=\"https:\/\/platform.twitter.com\/widgets.js\" charset=\"utf-8\"><\/script>\n<\/div><\/figure>\n\n\n\n<figure class=\"wp-block-embed is-type-rich is-provider-twitter wp-block-embed-twitter\"><div class=\"wp-block-embed__wrapper\">\n<blockquote class=\"twitter-tweet\" data-width=\"500\" data-dnt=\"true\"><p lang=\"en\" dir=\"ltr\">\ud83d\ude09 Every fan is like a boss tonights <a href=\"https:\/\/twitter.com\/hashtag\/ASMonaco?src=hash&amp;ref_src=twsrc%5Etfw\">#ASMonaco<\/a> <a href=\"https:\/\/t.co\/BZkres5PA7\">pic.twitter.com\/BZkres5PA7<\/a><\/p>&mdash; asmonacoinside (@as_monacoinside) <a href=\"https:\/\/twitter.com\/as_monacoinside\/status\/1525586382063906818?ref_src=twsrc%5Etfw\">May 14, 2022<\/a><\/blockquote><script async src=\"https:\/\/platform.twitter.com\/widgets.js\" charset=\"utf-8\"><\/script>\n<\/div><\/figure>\n\n\n\n<figure class=\"wp-block-embed is-type-rich is-provider-twitter wp-block-embed-twitter\"><div class=\"wp-block-embed__wrapper\">\n<blockquote class=\"twitter-tweet\" data-width=\"500\" data-dnt=\"true\"><p lang=\"fr\" dir=\"ltr\">Il faut avoir le coeur bien accroch\u00e9 pour encourager nos \ud83d\udd34\u26aa. 2 matchs extraordinaires pour 2 victoires ! Merci <a href=\"https:\/\/twitter.com\/AS_Monaco?ref_src=twsrc%5Etfw\">@AS_Monaco<\/a> <a href=\"https:\/\/twitter.com\/ASMonaco_Basket?ref_src=twsrc%5Etfw\">@ASMonaco_Basket<\/a> de nous faire vivre de si belles \u00e9motions. <a href=\"https:\/\/twitter.com\/hashtag\/DagheMunegu?src=hash&amp;ref_src=twsrc%5Etfw\">#DagheMunegu<\/a> <a href=\"https:\/\/twitter.com\/hashtag\/ASMSB29?src=hash&amp;ref_src=twsrc%5Etfw\">#ASMSB29<\/a> <a href=\"https:\/\/twitter.com\/hashtag\/CSPASM?src=hash&amp;ref_src=twsrc%5Etfw\">#CSPASM<\/a> <a href=\"https:\/\/t.co\/xMTsMpgSYU\">pic.twitter.com\/xMTsMpgSYU<\/a><\/p>&mdash; Club des Supporters de Monaco (@CSMonaco) <a href=\"https:\/\/twitter.com\/CSMonaco\/status\/1525746250678673409?ref_src=twsrc%5Etfw\">May 15, 2022<\/a><\/blockquote><script async src=\"https:\/\/platform.twitter.com\/widgets.js\" charset=\"utf-8\"><\/script>\n<\/div><\/figure>\n\n\n\n<figure class=\"wp-block-embed is-type-rich is-provider-twitter wp-block-embed-twitter\"><div class=\"wp-block-embed__wrapper\">\n<blockquote class=\"twitter-tweet\" data-width=\"500\" data-dnt=\"true\"><p lang=\"fr\" dir=\"ltr\">La remonacontada continue <br>Bravo les gars <br>On veut la Champions League maintenant <a href=\"https:\/\/twitter.com\/AS_Monaco?ref_src=twsrc%5Etfw\">@AS_Monaco<\/a> <a href=\"https:\/\/twitter.com\/hashtag\/AsMonaco?src=hash&amp;ref_src=twsrc%5Etfw\">#AsMonaco<\/a> <a href=\"https:\/\/twitter.com\/hashtag\/ASMSB29?src=hash&amp;ref_src=twsrc%5Etfw\">#ASMSB29<\/a> <br>Daghe\ud83c\uddf2\ud83c\udde8 <a href=\"https:\/\/t.co\/hnZ3GASzQN\">pic.twitter.com\/hnZ3GASzQN<\/a><\/p>&mdash; \ud83c\udfce\ud83c\uddf2\ud83c\udde8GlennTheBest\ud83c\uddf2\ud83c\udde8\u26bd\ufe0f (@glenthe_best) <a href=\"https:\/\/twitter.com\/glenthe_best\/status\/1525582906365812737?ref_src=twsrc%5Etfw\">May 14, 2022<\/a><\/blockquote><script async src=\"https:\/\/platform.twitter.com\/widgets.js\" charset=\"utf-8\"><\/script>\n<\/div><\/figure>\n\n\n\n<p>Il Club des Supporters de Monaco ha inoltre approfittato dell&#8217;incontro per rendere omaggio a Jean-Paul Chaude, ex presidente e fedele tifoso dei rossobianchi scomparso l&#8217;anno scorso. I tifosi hanno appeso uno striscione alla tribuna con scritto: &#8220;Jean Paul, gi\u00e0 1 anno, non ti dimenticheremo mai&#8221; (<em>Jean Paul, 1 an d\u00e9j\u00e0, jamais on ne t\u2019oubliera<\/em>).<\/p>\n\n\n\n<figure class=\"wp-block-embed is-type-rich is-provider-twitter wp-block-embed-twitter\"><div class=\"wp-block-embed__wrapper\">\n<blockquote class=\"twitter-tweet\" data-width=\"500\" data-dnt=\"true\"><p lang=\"ht\" dir=\"ltr\">Jean-Paul <a href=\"https:\/\/twitter.com\/hashtag\/PartoutToujours?src=hash&amp;ref_src=twsrc%5Etfw\">#PartoutToujours<\/a> \ud83d\udc7c\ud83d\ude4f <a href=\"https:\/\/twitter.com\/hashtag\/DagheMunegu?src=hash&amp;ref_src=twsrc%5Etfw\">#DagheMunegu<\/a> <a href=\"https:\/\/twitter.com\/hashtag\/ASMSB29?src=hash&amp;ref_src=twsrc%5Etfw\">#ASMSB29<\/a> <a href=\"https:\/\/t.co\/pxmuwJ40wN\">pic.twitter.com\/pxmuwJ40wN<\/a><\/p>&mdash; Club des Supporters de Monaco (@CSMonaco) <a href=\"https:\/\/twitter.com\/CSMonaco\/status\/1525551715604381703?ref_src=twsrc%5Etfw\">May 14, 2022<\/a><\/blockquote><script async src=\"https:\/\/platform.twitter.com\/widgets.js\" charset=\"utf-8\"><\/script>\n<\/div><\/figure>\n\n\n\n<h2 class=\"wp-block-heading\" id=\"h-monaco-lens-sur-ecran-geant-au-stade-louis-ii\">Monaco-Lens sul maxischermo allo Stadio Louis II<\/h2>\n\n\n\n<p>Secondo l&#8217;AS Monaco, il 21 maggio, per l&#8217;ultimo match della stagione contro il Lens, il settore ospiti dei tifosi monegaschi sar\u00e0 pieno. I 1.000 posti dello stadio Bollaert sarebbero andati esauriti in meno di due ore.<\/p>\n\n\n\n<p>Per fortuna per\u00f2, i tifosi dell&#8217;AS Monaco che restano nel Principato potranno seguire la partita su un maxischermo montato allo Stadio Louis II. La Tribune Pesage aprir\u00e0 alle 20:00, un&#8217;ora prima del calcio d&#8217;inizio, e i tifosi potranno approfittare di una serie di attivit\u00e0: fare il tifo con le cheerleaders, farsi delle foto nella postazione dedicata, guardare video inediti e tante altre sorprese! Il bar sul posto vender\u00e0 cibo e bibite per rifocillarsi.<\/p>\n\n\n\n<p><em>Info utili:<\/em><\/p>\n\n\n\n<ul class=\"wp-block-list\"><li>Gratis per gli abbonati &#8211; Ritiro dei biglietti alle biglietterie a partire da sabato 21 maggio (ore 14:00)<\/li><li>Costo d&#8217;ingresso: 5\u20ac &#8211; Acquisto dei <a href=\"https:\/\/billetterie.asmonaco.com\/fr\/ligue-1\/3479-rc-lens-as-monaco.html\">biglietti online<\/a> o presso le biglietterie dello Stadio Louis II<\/li><li>Tariffa VIP: 70\u20ac &#8211; Acquisto tramite email all&#8217;indirizzo gmotyka@asmonaco.com o avives@asmonaco.com<\/li><\/ul>\n","protected":false},"excerpt":{"rendered":"<p>Come ogni anno, la squadra rossobianca ha invitato i suoi fan club ad assister all&#8217;ultima partita in casa della stagione. [&hellip;]<\/p>\n","protected":false},"author":60,"featured_media":122285,"comment_status":"closed","ping_status":"closed","sticky":false,"template":"","format":"standard","meta":{"_acf_changed":false,"footnotes":""},"categories":[1826,1738,1743],"tags":[2846],"post_sectags":[],"post_format":[2478],"class_list":["post-122380","post","type-post","status-publish","format-standard","has-post-thumbnail","hentry","category-la-nostra-scelta","category-notizie","category-sport-it","tag-as-monaco-it-2","format-notizia"],"acf":[],"yoast_head":"<!-- This site is optimized with the Yoast SEO Premium plugin v26.8 (Yoast SEO v27.5) - https:\/\/yoast.com\/product\/yoast-seo-premium-wordpress\/ -->\n<title>ASM-Brest: il regalo dell&#039;AS Monaco ai suoi tifosi<\/title>\n<meta name=\"description\" content=\"Come ogni anno, la squadra rossobianca ha invitato i suoi fan club ad assister all&#039;ultima partita in casa della stagione. Una serata che rester\u00e0 impressa\" \/>\n<meta name=\"robots\" content=\"index, follow, max-snippet:-1, max-image-preview:large, max-video-preview:-1\" \/>\n<link rel=\"canonical\" href=\"https:\/\/www.monaco-tribune.com\/it\/2022\/05\/asm-brest-il-regalo-dellas-monaco-ai-suoi-tifosi\/\" \/>\n<meta property=\"og:locale\" content=\"it_IT\" \/>\n<meta property=\"og:type\" content=\"article\" \/>\n<meta property=\"og:title\" content=\"ASM-Brest: il regalo dell&#039;AS Monaco ai suoi tifosi - Monaco Tribune\" \/>\n<meta property=\"og:description\" content=\"Come ogni anno, la squadra rossobianca ha invitato i suoi fan club ad assister all&#039;ultima partita in casa della stagione. Una serata che rester\u00e0 impressa\" \/>\n<meta property=\"og:url\" content=\"https:\/\/www.monaco-tribune.com\/it\/2022\/05\/asm-brest-il-regalo-dellas-monaco-ai-suoi-tifosi\/\" \/>\n<meta property=\"og:site_name\" content=\"Monaco Tribune\" \/>\n<meta property=\"article:publisher\" content=\"https:\/\/www.facebook.com\/MonacoTribune\" \/>\n<meta property=\"article:published_time\" content=\"2022-05-17T14:22:28+00:00\" \/>\n<meta property=\"article:modified_time\" content=\"2022-05-17T14:23:41+00:00\" \/>\n<meta property=\"og:image\" content=\"https:\/\/www.monaco-tribune.com\/wp-content\/uploads\/2022\/05\/supporterts-as-monaco-rybolovlev.jpeg\" \/>\n\t<meta property=\"og:image:width\" content=\"1160\" \/>\n\t<meta property=\"og:image:height\" content=\"650\" \/>\n\t<meta property=\"og:image:type\" content=\"image\/jpeg\" \/>\n<meta name=\"author\" content=\"Camille Esteve\" \/>\n<meta name=\"twitter:card\" content=\"summary_large_image\" \/>\n<meta name=\"twitter:creator\" content=\"@MonacoTribune\" \/>\n<meta name=\"twitter:site\" content=\"@MonacoTribune\" \/>\n<script type=\"application\/ld+json\" class=\"yoast-schema-graph\">{\"@context\":\"https:\\\/\\\/schema.org\",\"@graph\":[{\"@type\":\"NewsArticle\",\"@id\":\"https:\\\/\\\/www.monaco-tribune.com\\\/it\\\/2022\\\/05\\\/asm-brest-il-regalo-dellas-monaco-ai-suoi-tifosi\\\/#article\",\"isPartOf\":{\"@id\":\"https:\\\/\\\/www.monaco-tribune.com\\\/it\\\/2022\\\/05\\\/asm-brest-il-regalo-dellas-monaco-ai-suoi-tifosi\\\/\"},\"author\":{\"name\":\"Camille Esteve\",\"@id\":\"https:\\\/\\\/www.monaco-tribune.com\\\/it\\\/#\\\/schema\\\/person\\\/a855d420fff4d03637641d60b93ac62e\"},\"headline\":\"ASM-Brest: il regalo dell&#8217;AS Monaco ai suoi tifosi\",\"datePublished\":\"2022-05-17T14:22:28+00:00\",\"dateModified\":\"2022-05-17T14:23:41+00:00\",\"mainEntityOfPage\":{\"@id\":\"https:\\\/\\\/www.monaco-tribune.com\\\/it\\\/2022\\\/05\\\/asm-brest-il-regalo-dellas-monaco-ai-suoi-tifosi\\\/\"},\"wordCount\":553,\"publisher\":{\"@id\":\"https:\\\/\\\/www.monaco-tribune.com\\\/it\\\/#organization\"},\"image\":{\"@id\":\"https:\\\/\\\/www.monaco-tribune.com\\\/it\\\/2022\\\/05\\\/asm-brest-il-regalo-dellas-monaco-ai-suoi-tifosi\\\/#primaryimage\"},\"thumbnailUrl\":\"https:\\\/\\\/www.monaco-tribune.com\\\/wp-content\\\/uploads\\\/2022\\\/05\\\/supporterts-as-monaco-rybolovlev.jpeg\",\"keywords\":[\"AS Monaco\"],\"articleSection\":[\"La nostra scelta\",\"Notizie\",\"Sport\"],\"inLanguage\":\"it-IT\",\"copyrightYear\":\"2022\",\"copyrightHolder\":{\"@id\":\"https:\\\/\\\/www.monaco-tribune.com\\\/#organization\"}},{\"@type\":\"WebPage\",\"@id\":\"https:\\\/\\\/www.monaco-tribune.com\\\/it\\\/2022\\\/05\\\/asm-brest-il-regalo-dellas-monaco-ai-suoi-tifosi\\\/\",\"url\":\"https:\\\/\\\/www.monaco-tribune.com\\\/it\\\/2022\\\/05\\\/asm-brest-il-regalo-dellas-monaco-ai-suoi-tifosi\\\/\",\"name\":\"ASM-Brest: il regalo dell'AS Monaco ai suoi tifosi\",\"isPartOf\":{\"@id\":\"https:\\\/\\\/www.monaco-tribune.com\\\/it\\\/#website\"},\"primaryImageOfPage\":{\"@id\":\"https:\\\/\\\/www.monaco-tribune.com\\\/it\\\/2022\\\/05\\\/asm-brest-il-regalo-dellas-monaco-ai-suoi-tifosi\\\/#primaryimage\"},\"image\":{\"@id\":\"https:\\\/\\\/www.monaco-tribune.com\\\/it\\\/2022\\\/05\\\/asm-brest-il-regalo-dellas-monaco-ai-suoi-tifosi\\\/#primaryimage\"},\"thumbnailUrl\":\"https:\\\/\\\/www.monaco-tribune.com\\\/wp-content\\\/uploads\\\/2022\\\/05\\\/supporterts-as-monaco-rybolovlev.jpeg\",\"datePublished\":\"2022-05-17T14:22:28+00:00\",\"dateModified\":\"2022-05-17T14:23:41+00:00\",\"description\":\"Come ogni anno, la squadra rossobianca ha invitato i suoi fan club ad assister all'ultima partita in casa della stagione. Una serata che rester\u00e0 impressa\",\"breadcrumb\":{\"@id\":\"https:\\\/\\\/www.monaco-tribune.com\\\/it\\\/2022\\\/05\\\/asm-brest-il-regalo-dellas-monaco-ai-suoi-tifosi\\\/#breadcrumb\"},\"inLanguage\":\"it-IT\",\"potentialAction\":[{\"@type\":\"ReadAction\",\"target\":[\"https:\\\/\\\/www.monaco-tribune.com\\\/it\\\/2022\\\/05\\\/asm-brest-il-regalo-dellas-monaco-ai-suoi-tifosi\\\/\"]}]},{\"@type\":\"ImageObject\",\"inLanguage\":\"it-IT\",\"@id\":\"https:\\\/\\\/www.monaco-tribune.com\\\/it\\\/2022\\\/05\\\/asm-brest-il-regalo-dellas-monaco-ai-suoi-tifosi\\\/#primaryimage\",\"url\":\"https:\\\/\\\/www.monaco-tribune.com\\\/wp-content\\\/uploads\\\/2022\\\/05\\\/supporterts-as-monaco-rybolovlev.jpeg\",\"contentUrl\":\"https:\\\/\\\/www.monaco-tribune.com\\\/wp-content\\\/uploads\\\/2022\\\/05\\\/supporterts-as-monaco-rybolovlev.jpeg\",\"width\":1160,\"height\":650,\"caption\":\"AS Monaco\"},{\"@type\":\"BreadcrumbList\",\"@id\":\"https:\\\/\\\/www.monaco-tribune.com\\\/it\\\/2022\\\/05\\\/asm-brest-il-regalo-dellas-monaco-ai-suoi-tifosi\\\/#breadcrumb\",\"itemListElement\":[{\"@type\":\"ListItem\",\"position\":1,\"name\":\"Accueil\",\"item\":\"https:\\\/\\\/www.monaco-tribune.com\\\/it\\\/\"},{\"@type\":\"ListItem\",\"position\":2,\"name\":\"ASM-Brest: il regalo dell&rsquo;AS Monaco ai suoi tifosi\"}]},{\"@type\":\"WebSite\",\"@id\":\"https:\\\/\\\/www.monaco-tribune.com\\\/it\\\/#website\",\"url\":\"https:\\\/\\\/www.monaco-tribune.com\\\/it\\\/\",\"name\":\"Monaco Tribune\",\"description\":\"Monaco : actualit\u00e9s \u00e9conomiques, politiques, culturelles et sportives de Monaco et de la French Riviera.\",\"publisher\":{\"@id\":\"https:\\\/\\\/www.monaco-tribune.com\\\/it\\\/#organization\"},\"potentialAction\":[{\"@type\":\"SearchAction\",\"target\":{\"@type\":\"EntryPoint\",\"urlTemplate\":\"https:\\\/\\\/www.monaco-tribune.com\\\/it\\\/?s={search_term_string}\"},\"query-input\":{\"@type\":\"PropertyValueSpecification\",\"valueRequired\":true,\"valueName\":\"search_term_string\"}}],\"inLanguage\":\"it-IT\"},{\"@type\":\"Organization\",\"@id\":\"https:\\\/\\\/www.monaco-tribune.com\\\/it\\\/#organization\",\"name\":\"Monaco Tribune\",\"url\":\"https:\\\/\\\/www.monaco-tribune.com\\\/it\\\/\",\"logo\":{\"@type\":\"ImageObject\",\"inLanguage\":\"it-IT\",\"@id\":\"https:\\\/\\\/www.monaco-tribune.com\\\/it\\\/#\\\/schema\\\/logo\\\/image\\\/\",\"url\":\"https:\\\/\\\/www.monaco-tribune.com\\\/wp-content\\\/uploads\\\/2022\\\/11\\\/logo-monaco-tribune.png\",\"contentUrl\":\"https:\\\/\\\/www.monaco-tribune.com\\\/wp-content\\\/uploads\\\/2022\\\/11\\\/logo-monaco-tribune.png\",\"width\":1548,\"height\":600,\"caption\":\"Monaco Tribune\"},\"image\":{\"@id\":\"https:\\\/\\\/www.monaco-tribune.com\\\/it\\\/#\\\/schema\\\/logo\\\/image\\\/\"},\"sameAs\":[\"https:\\\/\\\/www.facebook.com\\\/MonacoTribune\",\"https:\\\/\\\/x.com\\\/MonacoTribune\",\"https:\\\/\\\/www.instagram.com\\\/monacotribune\\\/\",\"https:\\\/\\\/www.linkedin.com\\\/company\\\/monaco-tribune\",\"https:\\\/\\\/www.youtube.com\\\/channel\\\/UCHle1MnG6hw1y4lWKijVbMA\"]},{\"@type\":\"Person\",\"@id\":\"https:\\\/\\\/www.monaco-tribune.com\\\/it\\\/#\\\/schema\\\/person\\\/a855d420fff4d03637641d60b93ac62e\",\"name\":\"Camille Esteve\",\"image\":{\"@type\":\"ImageObject\",\"inLanguage\":\"it-IT\",\"@id\":\"https:\\\/\\\/secure.gravatar.com\\\/avatar\\\/eaaa2355a7bb56c0018a391c20a55bf9b4690e3f493231dd850e612bfa6ce161?s=96&d=mm&r=g\",\"url\":\"https:\\\/\\\/secure.gravatar.com\\\/avatar\\\/eaaa2355a7bb56c0018a391c20a55bf9b4690e3f493231dd850e612bfa6ce161?s=96&d=mm&r=g\",\"contentUrl\":\"https:\\\/\\\/secure.gravatar.com\\\/avatar\\\/eaaa2355a7bb56c0018a391c20a55bf9b4690e3f493231dd850e612bfa6ce161?s=96&d=mm&r=g\",\"caption\":\"Camille Esteve\"},\"url\":\"https:\\\/\\\/www.monaco-tribune.com\\\/it\\\/author\\\/camilleesteve\\\/\"}]}<\/script>\n<!-- \/ Yoast SEO Premium plugin. -->","yoast_head_json":{"title":"ASM-Brest: il regalo dell'AS Monaco ai suoi tifosi","description":"Come ogni anno, la squadra rossobianca ha invitato i suoi fan club ad assister all'ultima partita in casa della stagione. Una serata che rester\u00e0 impressa","robots":{"index":"index","follow":"follow","max-snippet":"max-snippet:-1","max-image-preview":"max-image-preview:large","max-video-preview":"max-video-preview:-1"},"canonical":"https:\/\/www.monaco-tribune.com\/it\/2022\/05\/asm-brest-il-regalo-dellas-monaco-ai-suoi-tifosi\/","og_locale":"it_IT","og_type":"article","og_title":"ASM-Brest: il regalo dell'AS Monaco ai suoi tifosi - Monaco Tribune","og_description":"Come ogni anno, la squadra rossobianca ha invitato i suoi fan club ad assister all'ultima partita in casa della stagione. Una serata che rester\u00e0 impressa","og_url":"https:\/\/www.monaco-tribune.com\/it\/2022\/05\/asm-brest-il-regalo-dellas-monaco-ai-suoi-tifosi\/","og_site_name":"Monaco Tribune","article_publisher":"https:\/\/www.facebook.com\/MonacoTribune","article_published_time":"2022-05-17T14:22:28+00:00","article_modified_time":"2022-05-17T14:23:41+00:00","og_image":[{"width":1160,"height":650,"url":"https:\/\/www.monaco-tribune.com\/wp-content\/uploads\/2022\/05\/supporterts-as-monaco-rybolovlev.jpeg","type":"image\/jpeg"}],"author":"Camille Esteve","twitter_card":"summary_large_image","twitter_creator":"@MonacoTribune","twitter_site":"@MonacoTribune","schema":{"@context":"https:\/\/schema.org","@graph":[{"@type":"NewsArticle","@id":"https:\/\/www.monaco-tribune.com\/it\/2022\/05\/asm-brest-il-regalo-dellas-monaco-ai-suoi-tifosi\/#article","isPartOf":{"@id":"https:\/\/www.monaco-tribune.com\/it\/2022\/05\/asm-brest-il-regalo-dellas-monaco-ai-suoi-tifosi\/"},"author":{"name":"Camille Esteve","@id":"https:\/\/www.monaco-tribune.com\/it\/#\/schema\/person\/a855d420fff4d03637641d60b93ac62e"},"headline":"ASM-Brest: il regalo dell&#8217;AS Monaco ai suoi tifosi","datePublished":"2022-05-17T14:22:28+00:00","dateModified":"2022-05-17T14:23:41+00:00","mainEntityOfPage":{"@id":"https:\/\/www.monaco-tribune.com\/it\/2022\/05\/asm-brest-il-regalo-dellas-monaco-ai-suoi-tifosi\/"},"wordCount":553,"publisher":{"@id":"https:\/\/www.monaco-tribune.com\/it\/#organization"},"image":{"@id":"https:\/\/www.monaco-tribune.com\/it\/2022\/05\/asm-brest-il-regalo-dellas-monaco-ai-suoi-tifosi\/#primaryimage"},"thumbnailUrl":"https:\/\/www.monaco-tribune.com\/wp-content\/uploads\/2022\/05\/supporterts-as-monaco-rybolovlev.jpeg","keywords":["AS Monaco"],"articleSection":["La nostra scelta","Notizie","Sport"],"inLanguage":"it-IT","copyrightYear":"2022","copyrightHolder":{"@id":"https:\/\/www.monaco-tribune.com\/#organization"}},{"@type":"WebPage","@id":"https:\/\/www.monaco-tribune.com\/it\/2022\/05\/asm-brest-il-regalo-dellas-monaco-ai-suoi-tifosi\/","url":"https:\/\/www.monaco-tribune.com\/it\/2022\/05\/asm-brest-il-regalo-dellas-monaco-ai-suoi-tifosi\/","name":"ASM-Brest: il regalo dell'AS Monaco ai suoi tifosi","isPartOf":{"@id":"https:\/\/www.monaco-tribune.com\/it\/#website"},"primaryImageOfPage":{"@id":"https:\/\/www.monaco-tribune.com\/it\/2022\/05\/asm-brest-il-regalo-dellas-monaco-ai-suoi-tifosi\/#primaryimage"},"image":{"@id":"https:\/\/www.monaco-tribune.com\/it\/2022\/05\/asm-brest-il-regalo-dellas-monaco-ai-suoi-tifosi\/#primaryimage"},"thumbnailUrl":"https:\/\/www.monaco-tribune.com\/wp-content\/uploads\/2022\/05\/supporterts-as-monaco-rybolovlev.jpeg","datePublished":"2022-05-17T14:22:28+00:00","dateModified":"2022-05-17T14:23:41+00:00","description":"Come ogni anno, la squadra rossobianca ha invitato i suoi fan club ad assister all'ultima partita in casa della stagione. Una serata che rester\u00e0 impressa","breadcrumb":{"@id":"https:\/\/www.monaco-tribune.com\/it\/2022\/05\/asm-brest-il-regalo-dellas-monaco-ai-suoi-tifosi\/#breadcrumb"},"inLanguage":"it-IT","potentialAction":[{"@type":"ReadAction","target":["https:\/\/www.monaco-tribune.com\/it\/2022\/05\/asm-brest-il-regalo-dellas-monaco-ai-suoi-tifosi\/"]}]},{"@type":"ImageObject","inLanguage":"it-IT","@id":"https:\/\/www.monaco-tribune.com\/it\/2022\/05\/asm-brest-il-regalo-dellas-monaco-ai-suoi-tifosi\/#primaryimage","url":"https:\/\/www.monaco-tribune.com\/wp-content\/uploads\/2022\/05\/supporterts-as-monaco-rybolovlev.jpeg","contentUrl":"https:\/\/www.monaco-tribune.com\/wp-content\/uploads\/2022\/05\/supporterts-as-monaco-rybolovlev.jpeg","width":1160,"height":650,"caption":"AS Monaco"},{"@type":"BreadcrumbList","@id":"https:\/\/www.monaco-tribune.com\/it\/2022\/05\/asm-brest-il-regalo-dellas-monaco-ai-suoi-tifosi\/#breadcrumb","itemListElement":[{"@type":"ListItem","position":1,"name":"Accueil","item":"https:\/\/www.monaco-tribune.com\/it\/"},{"@type":"ListItem","position":2,"name":"ASM-Brest: il regalo dell&rsquo;AS Monaco ai suoi tifosi"}]},{"@type":"WebSite","@id":"https:\/\/www.monaco-tribune.com\/it\/#website","url":"https:\/\/www.monaco-tribune.com\/it\/","name":"Monaco Tribune","description":"Monaco : actualit\u00e9s \u00e9conomiques, politiques, culturelles et sportives de Monaco et de la French Riviera.","publisher":{"@id":"https:\/\/www.monaco-tribune.com\/it\/#organization"},"potentialAction":[{"@type":"SearchAction","target":{"@type":"EntryPoint","urlTemplate":"https:\/\/www.monaco-tribune.com\/it\/?s={search_term_string}"},"query-input":{"@type":"PropertyValueSpecification","valueRequired":true,"valueName":"search_term_string"}}],"inLanguage":"it-IT"},{"@type":"Organization","@id":"https:\/\/www.monaco-tribune.com\/it\/#organization","name":"Monaco Tribune","url":"https:\/\/www.monaco-tribune.com\/it\/","logo":{"@type":"ImageObject","inLanguage":"it-IT","@id":"https:\/\/www.monaco-tribune.com\/it\/#\/schema\/logo\/image\/","url":"https:\/\/www.monaco-tribune.com\/wp-content\/uploads\/2022\/11\/logo-monaco-tribune.png","contentUrl":"https:\/\/www.monaco-tribune.com\/wp-content\/uploads\/2022\/11\/logo-monaco-tribune.png","width":1548,"height":600,"caption":"Monaco Tribune"},"image":{"@id":"https:\/\/www.monaco-tribune.com\/it\/#\/schema\/logo\/image\/"},"sameAs":["https:\/\/www.facebook.com\/MonacoTribune","https:\/\/x.com\/MonacoTribune","https:\/\/www.instagram.com\/monacotribune\/","https:\/\/www.linkedin.com\/company\/monaco-tribune","https:\/\/www.youtube.com\/channel\/UCHle1MnG6hw1y4lWKijVbMA"]},{"@type":"Person","@id":"https:\/\/www.monaco-tribune.com\/it\/#\/schema\/person\/a855d420fff4d03637641d60b93ac62e","name":"Camille Esteve","image":{"@type":"ImageObject","inLanguage":"it-IT","@id":"https:\/\/secure.gravatar.com\/avatar\/eaaa2355a7bb56c0018a391c20a55bf9b4690e3f493231dd850e612bfa6ce161?s=96&d=mm&r=g","url":"https:\/\/secure.gravatar.com\/avatar\/eaaa2355a7bb56c0018a391c20a55bf9b4690e3f493231dd850e612bfa6ce161?s=96&d=mm&r=g","contentUrl":"https:\/\/secure.gravatar.com\/avatar\/eaaa2355a7bb56c0018a391c20a55bf9b4690e3f493231dd850e612bfa6ce161?s=96&d=mm&r=g","caption":"Camille Esteve"},"url":"https:\/\/www.monaco-tribune.com\/it\/author\/camilleesteve\/"}]}},"_links":{"self":[{"href":"https:\/\/www.monaco-tribune.com\/it\/wp-json\/wp\/v2\/posts\/122380","targetHints":{"allow":["GET"]}}],"collection":[{"href":"https:\/\/www.monaco-tribune.com\/it\/wp-json\/wp\/v2\/posts"}],"about":[{"href":"https:\/\/www.monaco-tribune.com\/it\/wp-json\/wp\/v2\/types\/post"}],"author":[{"embeddable":true,"href":"https:\/\/www.monaco-tribune.com\/it\/wp-json\/wp\/v2\/users\/60"}],"replies":[{"embeddable":true,"href":"https:\/\/www.monaco-tribune.com\/it\/wp-json\/wp\/v2\/comments?post=122380"}],"version-history":[{"count":0,"href":"https:\/\/www.monaco-tribune.com\/it\/wp-json\/wp\/v2\/posts\/122380\/revisions"}],"wp:featuredmedia":[{"embeddable":true,"href":"https:\/\/www.monaco-tribune.com\/it\/wp-json\/wp\/v2\/media\/122285"}],"wp:attachment":[{"href":"https:\/\/www.monaco-tribune.com\/it\/wp-json\/wp\/v2\/media?parent=122380"}],"wp:term":[{"taxonomy":"category","embeddable":true,"href":"https:\/\/www.monaco-tribune.com\/it\/wp-json\/wp\/v2\/categories?post=122380"},{"taxonomy":"post_tag","embeddable":true,"href":"https:\/\/www.monaco-tribune.com\/it\/wp-json\/wp\/v2\/tags?post=122380"},{"taxonomy":"sectag","embeddable":true,"href":"https:\/\/www.monaco-tribune.com\/it\/wp-json\/wp\/v2\/post_sectags?post=122380"},{"taxonomy":"format","embeddable":true,"href":"https:\/\/www.monaco-tribune.com\/it\/wp-json\/wp\/v2\/post_format?post=122380"}],"curies":[{"name":"wp","href":"https:\/\/api.w.org\/{rel}","templated":true}]}}