{"id":122654,"date":"2022-05-19T17:26:58","date_gmt":"2022-05-19T15:26:58","guid":{"rendered":"https:\/\/www.monaco-tribune.com\/2022\/05\/il-futuro-centro-commerciale-di-fontvieille-cosa-sappiamo-e-cosa-ne-pensano-i-commercianti\/"},"modified":"2022-05-19T17:27:05","modified_gmt":"2022-05-19T15:27:05","slug":"il-futuro-centro-commerciale-di-fontvieille-cosa-sappiamo-e-cosa-ne-pensano-i-commercianti","status":"publish","type":"post","link":"https:\/\/www.monaco-tribune.com\/it\/2022\/05\/il-futuro-centro-commerciale-di-fontvieille-cosa-sappiamo-e-cosa-ne-pensano-i-commercianti\/","title":{"rendered":"Il futuro centro commerciale di Fontvieille: cosa sappiamo e cosa ne pensano i commercianti"},"content":{"rendered":"\n<p><strong>Entro il 2024 l&#8217;attuale centro commerciale nel quartiere di Fontvieille dovrebbe essere sottoposto a lavori imponenti. Monaco Tribune vi offre una panoramica su questo futuro progetto del Principato, con cambiamenti imminenti, la trasformazione del Carrefour e l&#8217;accoglienza dei commercianti.<\/strong><\/p>\n\n<p>\u201cDovrebbero esserci 70 negozi nel futuro centro commerciale, contro i 38 di oggi\u201d. Philippe Clerissi, presidente del centro commerciale Fontvieille, spiega l&#8217;importanza dei lavori previsti. Per il momento non c&#8217;\u00e8 alcun programma fisso ma se tutto va come deve andare i lavori dovrebbe partire con &#8220;300 nuovi posti auto nel 2023&#8221; e un &#8220;ampliamento sul porto&#8221;.<\/p>\n\n<p>Largo anche alle modifiche interne, con la modifica dei diversi piani del centro commerciale e la creazione di &#8220;tre nuovi piani&#8221;.<\/p>\n\n<p>Sar\u00e0 anche l&#8217;opportunit\u00e0 di cambiare completamente l&#8217;estetica dell&#8217;edificio: &#8220;Ci sar\u00e0 sicuramente un lucernario al centro della galleria, accompagnato da un&#8217;ampia parte vetrata&#8221;, illustra il presidente della galleria.<\/p>\n\n<p><strong>LEGGI ANCHE<\/strong>: <a href=\"https:\/\/www.monaco-tribune.com\/it\/2022\/03\/quali-sono-i-grandi-progetti-del-comune-per-il-2022-risponde-il-sindaco-georges-marsan\/\">Quali sono i grandi progetti del comune per il 2022? Risponde il sindaco Georges Marsan<\/a><\/p>\n\n<p>\u201cI negozi che offrono servizi dovrebbero rimanere al piano terra e il resto dei marchi sar\u00e0 ridistribuito nel nuovo centro\u201d continua Philippe Clerissi. La lavanderia, il tabacchi, il centro di riparazioni telefoniche, i ristoranti e la farmacia dovrebbero tutti restare dove sono. Per il resto dei commercianti, invece, \u00e8 tutto ancora un mistero.<\/p>\n\n<div class=\"wp-block-image\"><figure class=\"aligncenter size-full\"><img loading=\"lazy\" decoding=\"async\" width=\"900\" height=\"507\" src=\"https:\/\/www.monaco-tribune.com\/wp-content\/uploads\/2021\/02\/centre-commercial-monaco-fontvieille-projet-face-min.jpg\" alt=\"\" class=\"wp-image-67891\" srcset=\"https:\/\/www.monaco-tribune.com\/wp-content\/uploads\/2021\/02\/centre-commercial-monaco-fontvieille-projet-face-min.jpg 900w, https:\/\/www.monaco-tribune.com\/wp-content\/uploads\/2021\/02\/centre-commercial-monaco-fontvieille-projet-face-min-533x300.jpg 533w, https:\/\/www.monaco-tribune.com\/wp-content\/uploads\/2021\/02\/centre-commercial-monaco-fontvieille-projet-face-min-266x150.jpg 266w, https:\/\/www.monaco-tribune.com\/wp-content\/uploads\/2021\/02\/centre-commercial-monaco-fontvieille-projet-face-min-768x433.jpg 768w, https:\/\/www.monaco-tribune.com\/wp-content\/uploads\/2021\/02\/centre-commercial-monaco-fontvieille-projet-face-min-175x99.jpg 175w\" sizes=\"auto, (max-width: 900px) 100vw, 900px\" \/><figcaption><em>\u00a9 SOCRI MC &#8211; FUKSAS &#8211; AB ARCHITECTURE &#8211; L35<\/em><\/figcaption><\/figure><\/div>\n\n<h2 class=\"wp-block-heading\" id=\"h-monter-descendre-deplacer-le-magasin\">Salire? Scendere? Spostare il negozio?<\/h2>\n\n<p>Se le informazioni sui lavori sembrano piuttosto chiare, lo stesso non si pu\u00f2 dire sul futuro dei vari commercianti del centro. \u201cRiceviamo informazioni con il contagocce, so che dovremmo salire di un piano\u201d afferma il gestore di un negozio per neonati al piano terra. <em>Si aspettava questo cambiamento?<\/em> &#8221; S\u00ec e no, sar\u00e0 un bel pasticcio, lo capiremo appena ci saranno i lavori&#8221;.<\/p>\n\n<p>In un altro negozio, al primo piano, c&#8217;\u00e8 gi\u00e0 parecchia incertezza: &#8220;A noi \u00e8 stato detto il contrario, che saremmo scesi&#8221; affermano sorpresi. Dopo aver parlato con una decina di commercianti, abbiamo la conferma che tutti sanno dei lavori in programma ma che pochissimi conoscono quale destino li aspetta, n\u00e9 le date precise dell&#8217;evento.<\/p>\n\n<h2 class=\"wp-block-heading\">Cosa cambia per il Carrefour?<\/h2>\n\n<p>Il primo interessato da questi lavori sar\u00e0 il supermercato Carrefour. \u201cIn 2 o 3 anni, Carrefour Monaco si amplier\u00e0 e sar\u00e0 pi\u00f9 moderno. Gli ulteriori 1.000 m2 che avremo a disposizione nel futuro Centro Commerciale Fontvieille ci permetteranno di aumentare la superficie di vendita al 1\u00b0 piano e di offrire ai clienti un unico punto cassa grazie all&#8217;accesso diretto al piano terra tramite una scala mobile interna\u201d spiega R\u00e9mi Feipeler, direttore del supermercato, in un&#8217;intervista rilasciata a Monaco Business News all&#8217;inizio dell&#8217;anno.<\/p>\n\n<p>Un cambiamento importante che gli consentir\u00e0 in particolare di sviluppare &#8220;alcuni mercati di nicchia molto promettenti, come i prodotti di stagione [&#8230;], quelli per animali, che hanno un grande potenziale a Monaco, o anche prodotti da tutto il mondo&#8221; si augura il giovane direttore, in carica dal 2019.<\/p>\n\n<p>A capo di 300 dipendenti, che occupano gli attuali 5.500 m2 del negozio, il dirigente accoglie con entusiasmo i cambiamenti futuri.<\/p>\n","protected":false},"excerpt":{"rendered":"<p>Entro il 2024 l&#8217;attuale centro commerciale nel quartiere di Fontvieille dovrebbe essere sottoposto a lavori imponenti. Monaco Tribune vi offre [&hellip;]<\/p>\n","protected":false},"author":65,"featured_media":67899,"comment_status":"closed","ping_status":"closed","sticky":false,"template":"","format":"standard","meta":{"_acf_changed":false,"footnotes":""},"categories":[1739,1826,1738],"tags":[2936],"post_sectags":[],"post_format":[2481],"class_list":["post-122654","post","type-post","status-publish","format-standard","has-post-thumbnail","hentry","category-business-it","category-la-nostra-scelta","category-notizie","tag-commercio-locale","format-reportage-it"],"acf":[],"yoast_head":"<!-- This site is optimized with the Yoast SEO Premium plugin v26.8 (Yoast SEO v27.4) - https:\/\/yoast.com\/product\/yoast-seo-premium-wordpress\/ -->\n<title>Il futuro centro commerciale di Fontvieille: cosa sappiamo e cosa ne pensano i commercianti<\/title>\n<meta name=\"description\" content=\"Entro il 2024 l&#039;attuale centro commerciale nel quartiere di Fontvieille dovrebbe essere sottoposto a lavori imponenti. Monaco Tribune vi offre una\" \/>\n<meta name=\"robots\" content=\"index, follow, max-snippet:-1, max-image-preview:large, max-video-preview:-1\" \/>\n<link rel=\"canonical\" href=\"https:\/\/www.monaco-tribune.com\/it\/2022\/05\/il-futuro-centro-commerciale-di-fontvieille-cosa-sappiamo-e-cosa-ne-pensano-i-commercianti\/\" \/>\n<meta property=\"og:locale\" content=\"it_IT\" \/>\n<meta property=\"og:type\" content=\"article\" \/>\n<meta property=\"og:title\" content=\"Il futuro centro commerciale di Fontvieille: cosa sappiamo e cosa ne pensano i commercianti - Monaco Tribune\" \/>\n<meta property=\"og:description\" content=\"Entro il 2024 l&#039;attuale centro commerciale nel quartiere di Fontvieille dovrebbe essere sottoposto a lavori imponenti. Monaco Tribune vi offre una\" \/>\n<meta property=\"og:url\" content=\"https:\/\/www.monaco-tribune.com\/it\/2022\/05\/il-futuro-centro-commerciale-di-fontvieille-cosa-sappiamo-e-cosa-ne-pensano-i-commercianti\/\" \/>\n<meta property=\"og:site_name\" content=\"Monaco Tribune\" \/>\n<meta property=\"article:publisher\" content=\"https:\/\/www.facebook.com\/MonacoTribune\" \/>\n<meta property=\"article:published_time\" content=\"2022-05-19T15:26:58+00:00\" \/>\n<meta property=\"article:modified_time\" content=\"2022-05-19T15:27:05+00:00\" \/>\n<meta property=\"og:image\" content=\"https:\/\/www.monaco-tribune.com\/wp-content\/uploads\/2021\/02\/centre-commercial-monaco-fontvieille-projet-telecabine-min.jpg\" \/>\n\t<meta property=\"og:image:width\" content=\"900\" \/>\n\t<meta property=\"og:image:height\" content=\"507\" \/>\n\t<meta property=\"og:image:type\" content=\"image\/jpeg\" \/>\n<meta name=\"author\" content=\"Paul Charoy\" \/>\n<meta name=\"twitter:card\" content=\"summary_large_image\" \/>\n<meta name=\"twitter:creator\" content=\"@MonacoTribune\" \/>\n<meta name=\"twitter:site\" content=\"@MonacoTribune\" \/>\n<script type=\"application\/ld+json\" class=\"yoast-schema-graph\">{\"@context\":\"https:\\\/\\\/schema.org\",\"@graph\":[{\"@type\":\"NewsArticle\",\"@id\":\"https:\\\/\\\/www.monaco-tribune.com\\\/it\\\/2022\\\/05\\\/il-futuro-centro-commerciale-di-fontvieille-cosa-sappiamo-e-cosa-ne-pensano-i-commercianti\\\/#article\",\"isPartOf\":{\"@id\":\"https:\\\/\\\/www.monaco-tribune.com\\\/it\\\/2022\\\/05\\\/il-futuro-centro-commerciale-di-fontvieille-cosa-sappiamo-e-cosa-ne-pensano-i-commercianti\\\/\"},\"author\":{\"name\":\"Paul Charoy\",\"@id\":\"https:\\\/\\\/www.monaco-tribune.com\\\/it\\\/#\\\/schema\\\/person\\\/c33a9f1bc99ef5a2e07d37c576060b57\"},\"headline\":\"Il futuro centro commerciale di Fontvieille: cosa sappiamo e cosa ne pensano i commercianti\",\"datePublished\":\"2022-05-19T15:26:58+00:00\",\"dateModified\":\"2022-05-19T15:27:05+00:00\",\"mainEntityOfPage\":{\"@id\":\"https:\\\/\\\/www.monaco-tribune.com\\\/it\\\/2022\\\/05\\\/il-futuro-centro-commerciale-di-fontvieille-cosa-sappiamo-e-cosa-ne-pensano-i-commercianti\\\/\"},\"wordCount\":510,\"publisher\":{\"@id\":\"https:\\\/\\\/www.monaco-tribune.com\\\/it\\\/#organization\"},\"image\":{\"@id\":\"https:\\\/\\\/www.monaco-tribune.com\\\/it\\\/2022\\\/05\\\/il-futuro-centro-commerciale-di-fontvieille-cosa-sappiamo-e-cosa-ne-pensano-i-commercianti\\\/#primaryimage\"},\"thumbnailUrl\":\"https:\\\/\\\/www.monaco-tribune.com\\\/wp-content\\\/uploads\\\/2021\\\/02\\\/centre-commercial-monaco-fontvieille-projet-telecabine-min.jpg\",\"keywords\":[\"Commercio locale\"],\"articleSection\":[\"Business\",\"La nostra scelta\",\"Notizie\"],\"inLanguage\":\"it-IT\",\"copyrightYear\":\"2022\",\"copyrightHolder\":{\"@id\":\"https:\\\/\\\/www.monaco-tribune.com\\\/#organization\"}},{\"@type\":\"WebPage\",\"@id\":\"https:\\\/\\\/www.monaco-tribune.com\\\/it\\\/2022\\\/05\\\/il-futuro-centro-commerciale-di-fontvieille-cosa-sappiamo-e-cosa-ne-pensano-i-commercianti\\\/\",\"url\":\"https:\\\/\\\/www.monaco-tribune.com\\\/it\\\/2022\\\/05\\\/il-futuro-centro-commerciale-di-fontvieille-cosa-sappiamo-e-cosa-ne-pensano-i-commercianti\\\/\",\"name\":\"Il futuro centro commerciale di Fontvieille: cosa sappiamo e cosa ne pensano i commercianti\",\"isPartOf\":{\"@id\":\"https:\\\/\\\/www.monaco-tribune.com\\\/it\\\/#website\"},\"primaryImageOfPage\":{\"@id\":\"https:\\\/\\\/www.monaco-tribune.com\\\/it\\\/2022\\\/05\\\/il-futuro-centro-commerciale-di-fontvieille-cosa-sappiamo-e-cosa-ne-pensano-i-commercianti\\\/#primaryimage\"},\"image\":{\"@id\":\"https:\\\/\\\/www.monaco-tribune.com\\\/it\\\/2022\\\/05\\\/il-futuro-centro-commerciale-di-fontvieille-cosa-sappiamo-e-cosa-ne-pensano-i-commercianti\\\/#primaryimage\"},\"thumbnailUrl\":\"https:\\\/\\\/www.monaco-tribune.com\\\/wp-content\\\/uploads\\\/2021\\\/02\\\/centre-commercial-monaco-fontvieille-projet-telecabine-min.jpg\",\"datePublished\":\"2022-05-19T15:26:58+00:00\",\"dateModified\":\"2022-05-19T15:27:05+00:00\",\"description\":\"Entro il 2024 l'attuale centro commerciale nel quartiere di Fontvieille dovrebbe essere sottoposto a lavori imponenti. Monaco Tribune vi offre una\",\"breadcrumb\":{\"@id\":\"https:\\\/\\\/www.monaco-tribune.com\\\/it\\\/2022\\\/05\\\/il-futuro-centro-commerciale-di-fontvieille-cosa-sappiamo-e-cosa-ne-pensano-i-commercianti\\\/#breadcrumb\"},\"inLanguage\":\"it-IT\",\"potentialAction\":[{\"@type\":\"ReadAction\",\"target\":[\"https:\\\/\\\/www.monaco-tribune.com\\\/it\\\/2022\\\/05\\\/il-futuro-centro-commerciale-di-fontvieille-cosa-sappiamo-e-cosa-ne-pensano-i-commercianti\\\/\"]}]},{\"@type\":\"ImageObject\",\"inLanguage\":\"it-IT\",\"@id\":\"https:\\\/\\\/www.monaco-tribune.com\\\/it\\\/2022\\\/05\\\/il-futuro-centro-commerciale-di-fontvieille-cosa-sappiamo-e-cosa-ne-pensano-i-commercianti\\\/#primaryimage\",\"url\":\"https:\\\/\\\/www.monaco-tribune.com\\\/wp-content\\\/uploads\\\/2021\\\/02\\\/centre-commercial-monaco-fontvieille-projet-telecabine-min.jpg\",\"contentUrl\":\"https:\\\/\\\/www.monaco-tribune.com\\\/wp-content\\\/uploads\\\/2021\\\/02\\\/centre-commercial-monaco-fontvieille-projet-telecabine-min.jpg\",\"width\":900,\"height\":507,\"caption\":\"SOCRI MC - FUKSAS - AB ARCHITECTURE - L35\"},{\"@type\":\"BreadcrumbList\",\"@id\":\"https:\\\/\\\/www.monaco-tribune.com\\\/it\\\/2022\\\/05\\\/il-futuro-centro-commerciale-di-fontvieille-cosa-sappiamo-e-cosa-ne-pensano-i-commercianti\\\/#breadcrumb\",\"itemListElement\":[{\"@type\":\"ListItem\",\"position\":1,\"name\":\"Accueil\",\"item\":\"https:\\\/\\\/www.monaco-tribune.com\\\/it\\\/\"},{\"@type\":\"ListItem\",\"position\":2,\"name\":\"Il futuro centro commerciale di Fontvieille: cosa sappiamo e cosa ne pensano i commercianti\"}]},{\"@type\":\"WebSite\",\"@id\":\"https:\\\/\\\/www.monaco-tribune.com\\\/it\\\/#website\",\"url\":\"https:\\\/\\\/www.monaco-tribune.com\\\/it\\\/\",\"name\":\"Monaco Tribune\",\"description\":\"Monaco : actualit\u00e9s \u00e9conomiques, politiques, culturelles et sportives de Monaco et de la French Riviera.\",\"publisher\":{\"@id\":\"https:\\\/\\\/www.monaco-tribune.com\\\/it\\\/#organization\"},\"potentialAction\":[{\"@type\":\"SearchAction\",\"target\":{\"@type\":\"EntryPoint\",\"urlTemplate\":\"https:\\\/\\\/www.monaco-tribune.com\\\/it\\\/?s={search_term_string}\"},\"query-input\":{\"@type\":\"PropertyValueSpecification\",\"valueRequired\":true,\"valueName\":\"search_term_string\"}}],\"inLanguage\":\"it-IT\"},{\"@type\":\"Organization\",\"@id\":\"https:\\\/\\\/www.monaco-tribune.com\\\/it\\\/#organization\",\"name\":\"Monaco Tribune\",\"url\":\"https:\\\/\\\/www.monaco-tribune.com\\\/it\\\/\",\"logo\":{\"@type\":\"ImageObject\",\"inLanguage\":\"it-IT\",\"@id\":\"https:\\\/\\\/www.monaco-tribune.com\\\/it\\\/#\\\/schema\\\/logo\\\/image\\\/\",\"url\":\"https:\\\/\\\/www.monaco-tribune.com\\\/wp-content\\\/uploads\\\/2022\\\/11\\\/logo-monaco-tribune.png\",\"contentUrl\":\"https:\\\/\\\/www.monaco-tribune.com\\\/wp-content\\\/uploads\\\/2022\\\/11\\\/logo-monaco-tribune.png\",\"width\":1548,\"height\":600,\"caption\":\"Monaco Tribune\"},\"image\":{\"@id\":\"https:\\\/\\\/www.monaco-tribune.com\\\/it\\\/#\\\/schema\\\/logo\\\/image\\\/\"},\"sameAs\":[\"https:\\\/\\\/www.facebook.com\\\/MonacoTribune\",\"https:\\\/\\\/x.com\\\/MonacoTribune\",\"https:\\\/\\\/www.instagram.com\\\/monacotribune\\\/\",\"https:\\\/\\\/www.linkedin.com\\\/company\\\/monaco-tribune\",\"https:\\\/\\\/www.youtube.com\\\/channel\\\/UCHle1MnG6hw1y4lWKijVbMA\"]},{\"@type\":\"Person\",\"@id\":\"https:\\\/\\\/www.monaco-tribune.com\\\/it\\\/#\\\/schema\\\/person\\\/c33a9f1bc99ef5a2e07d37c576060b57\",\"name\":\"Paul Charoy\",\"image\":{\"@type\":\"ImageObject\",\"inLanguage\":\"it-IT\",\"@id\":\"https:\\\/\\\/secure.gravatar.com\\\/avatar\\\/c3a39fd900275d54a628738568f1949e90ce9945d105d000228335a7bad64b38?s=96&d=mm&r=g\",\"url\":\"https:\\\/\\\/secure.gravatar.com\\\/avatar\\\/c3a39fd900275d54a628738568f1949e90ce9945d105d000228335a7bad64b38?s=96&d=mm&r=g\",\"contentUrl\":\"https:\\\/\\\/secure.gravatar.com\\\/avatar\\\/c3a39fd900275d54a628738568f1949e90ce9945d105d000228335a7bad64b38?s=96&d=mm&r=g\",\"caption\":\"Paul Charoy\"},\"url\":\"https:\\\/\\\/www.monaco-tribune.com\\\/it\\\/author\\\/paulcharoy\\\/\"}]}<\/script>\n<!-- \/ Yoast SEO Premium plugin. -->","yoast_head_json":{"title":"Il futuro centro commerciale di Fontvieille: cosa sappiamo e cosa ne pensano i commercianti","description":"Entro il 2024 l'attuale centro commerciale nel quartiere di Fontvieille dovrebbe essere sottoposto a lavori imponenti. Monaco Tribune vi offre una","robots":{"index":"index","follow":"follow","max-snippet":"max-snippet:-1","max-image-preview":"max-image-preview:large","max-video-preview":"max-video-preview:-1"},"canonical":"https:\/\/www.monaco-tribune.com\/it\/2022\/05\/il-futuro-centro-commerciale-di-fontvieille-cosa-sappiamo-e-cosa-ne-pensano-i-commercianti\/","og_locale":"it_IT","og_type":"article","og_title":"Il futuro centro commerciale di Fontvieille: cosa sappiamo e cosa ne pensano i commercianti - Monaco Tribune","og_description":"Entro il 2024 l'attuale centro commerciale nel quartiere di Fontvieille dovrebbe essere sottoposto a lavori imponenti. Monaco Tribune vi offre una","og_url":"https:\/\/www.monaco-tribune.com\/it\/2022\/05\/il-futuro-centro-commerciale-di-fontvieille-cosa-sappiamo-e-cosa-ne-pensano-i-commercianti\/","og_site_name":"Monaco Tribune","article_publisher":"https:\/\/www.facebook.com\/MonacoTribune","article_published_time":"2022-05-19T15:26:58+00:00","article_modified_time":"2022-05-19T15:27:05+00:00","og_image":[{"width":900,"height":507,"url":"https:\/\/www.monaco-tribune.com\/wp-content\/uploads\/2021\/02\/centre-commercial-monaco-fontvieille-projet-telecabine-min.jpg","type":"image\/jpeg"}],"author":"Paul Charoy","twitter_card":"summary_large_image","twitter_creator":"@MonacoTribune","twitter_site":"@MonacoTribune","schema":{"@context":"https:\/\/schema.org","@graph":[{"@type":"NewsArticle","@id":"https:\/\/www.monaco-tribune.com\/it\/2022\/05\/il-futuro-centro-commerciale-di-fontvieille-cosa-sappiamo-e-cosa-ne-pensano-i-commercianti\/#article","isPartOf":{"@id":"https:\/\/www.monaco-tribune.com\/it\/2022\/05\/il-futuro-centro-commerciale-di-fontvieille-cosa-sappiamo-e-cosa-ne-pensano-i-commercianti\/"},"author":{"name":"Paul Charoy","@id":"https:\/\/www.monaco-tribune.com\/it\/#\/schema\/person\/c33a9f1bc99ef5a2e07d37c576060b57"},"headline":"Il futuro centro commerciale di Fontvieille: cosa sappiamo e cosa ne pensano i commercianti","datePublished":"2022-05-19T15:26:58+00:00","dateModified":"2022-05-19T15:27:05+00:00","mainEntityOfPage":{"@id":"https:\/\/www.monaco-tribune.com\/it\/2022\/05\/il-futuro-centro-commerciale-di-fontvieille-cosa-sappiamo-e-cosa-ne-pensano-i-commercianti\/"},"wordCount":510,"publisher":{"@id":"https:\/\/www.monaco-tribune.com\/it\/#organization"},"image":{"@id":"https:\/\/www.monaco-tribune.com\/it\/2022\/05\/il-futuro-centro-commerciale-di-fontvieille-cosa-sappiamo-e-cosa-ne-pensano-i-commercianti\/#primaryimage"},"thumbnailUrl":"https:\/\/www.monaco-tribune.com\/wp-content\/uploads\/2021\/02\/centre-commercial-monaco-fontvieille-projet-telecabine-min.jpg","keywords":["Commercio locale"],"articleSection":["Business","La nostra scelta","Notizie"],"inLanguage":"it-IT","copyrightYear":"2022","copyrightHolder":{"@id":"https:\/\/www.monaco-tribune.com\/#organization"}},{"@type":"WebPage","@id":"https:\/\/www.monaco-tribune.com\/it\/2022\/05\/il-futuro-centro-commerciale-di-fontvieille-cosa-sappiamo-e-cosa-ne-pensano-i-commercianti\/","url":"https:\/\/www.monaco-tribune.com\/it\/2022\/05\/il-futuro-centro-commerciale-di-fontvieille-cosa-sappiamo-e-cosa-ne-pensano-i-commercianti\/","name":"Il futuro centro commerciale di Fontvieille: cosa sappiamo e cosa ne pensano i commercianti","isPartOf":{"@id":"https:\/\/www.monaco-tribune.com\/it\/#website"},"primaryImageOfPage":{"@id":"https:\/\/www.monaco-tribune.com\/it\/2022\/05\/il-futuro-centro-commerciale-di-fontvieille-cosa-sappiamo-e-cosa-ne-pensano-i-commercianti\/#primaryimage"},"image":{"@id":"https:\/\/www.monaco-tribune.com\/it\/2022\/05\/il-futuro-centro-commerciale-di-fontvieille-cosa-sappiamo-e-cosa-ne-pensano-i-commercianti\/#primaryimage"},"thumbnailUrl":"https:\/\/www.monaco-tribune.com\/wp-content\/uploads\/2021\/02\/centre-commercial-monaco-fontvieille-projet-telecabine-min.jpg","datePublished":"2022-05-19T15:26:58+00:00","dateModified":"2022-05-19T15:27:05+00:00","description":"Entro il 2024 l'attuale centro commerciale nel quartiere di Fontvieille dovrebbe essere sottoposto a lavori imponenti. Monaco Tribune vi offre una","breadcrumb":{"@id":"https:\/\/www.monaco-tribune.com\/it\/2022\/05\/il-futuro-centro-commerciale-di-fontvieille-cosa-sappiamo-e-cosa-ne-pensano-i-commercianti\/#breadcrumb"},"inLanguage":"it-IT","potentialAction":[{"@type":"ReadAction","target":["https:\/\/www.monaco-tribune.com\/it\/2022\/05\/il-futuro-centro-commerciale-di-fontvieille-cosa-sappiamo-e-cosa-ne-pensano-i-commercianti\/"]}]},{"@type":"ImageObject","inLanguage":"it-IT","@id":"https:\/\/www.monaco-tribune.com\/it\/2022\/05\/il-futuro-centro-commerciale-di-fontvieille-cosa-sappiamo-e-cosa-ne-pensano-i-commercianti\/#primaryimage","url":"https:\/\/www.monaco-tribune.com\/wp-content\/uploads\/2021\/02\/centre-commercial-monaco-fontvieille-projet-telecabine-min.jpg","contentUrl":"https:\/\/www.monaco-tribune.com\/wp-content\/uploads\/2021\/02\/centre-commercial-monaco-fontvieille-projet-telecabine-min.jpg","width":900,"height":507,"caption":"SOCRI MC - FUKSAS - AB ARCHITECTURE - L35"},{"@type":"BreadcrumbList","@id":"https:\/\/www.monaco-tribune.com\/it\/2022\/05\/il-futuro-centro-commerciale-di-fontvieille-cosa-sappiamo-e-cosa-ne-pensano-i-commercianti\/#breadcrumb","itemListElement":[{"@type":"ListItem","position":1,"name":"Accueil","item":"https:\/\/www.monaco-tribune.com\/it\/"},{"@type":"ListItem","position":2,"name":"Il futuro centro commerciale di Fontvieille: cosa sappiamo e cosa ne pensano i commercianti"}]},{"@type":"WebSite","@id":"https:\/\/www.monaco-tribune.com\/it\/#website","url":"https:\/\/www.monaco-tribune.com\/it\/","name":"Monaco Tribune","description":"Monaco : actualit\u00e9s \u00e9conomiques, politiques, culturelles et sportives de Monaco et de la French Riviera.","publisher":{"@id":"https:\/\/www.monaco-tribune.com\/it\/#organization"},"potentialAction":[{"@type":"SearchAction","target":{"@type":"EntryPoint","urlTemplate":"https:\/\/www.monaco-tribune.com\/it\/?s={search_term_string}"},"query-input":{"@type":"PropertyValueSpecification","valueRequired":true,"valueName":"search_term_string"}}],"inLanguage":"it-IT"},{"@type":"Organization","@id":"https:\/\/www.monaco-tribune.com\/it\/#organization","name":"Monaco Tribune","url":"https:\/\/www.monaco-tribune.com\/it\/","logo":{"@type":"ImageObject","inLanguage":"it-IT","@id":"https:\/\/www.monaco-tribune.com\/it\/#\/schema\/logo\/image\/","url":"https:\/\/www.monaco-tribune.com\/wp-content\/uploads\/2022\/11\/logo-monaco-tribune.png","contentUrl":"https:\/\/www.monaco-tribune.com\/wp-content\/uploads\/2022\/11\/logo-monaco-tribune.png","width":1548,"height":600,"caption":"Monaco Tribune"},"image":{"@id":"https:\/\/www.monaco-tribune.com\/it\/#\/schema\/logo\/image\/"},"sameAs":["https:\/\/www.facebook.com\/MonacoTribune","https:\/\/x.com\/MonacoTribune","https:\/\/www.instagram.com\/monacotribune\/","https:\/\/www.linkedin.com\/company\/monaco-tribune","https:\/\/www.youtube.com\/channel\/UCHle1MnG6hw1y4lWKijVbMA"]},{"@type":"Person","@id":"https:\/\/www.monaco-tribune.com\/it\/#\/schema\/person\/c33a9f1bc99ef5a2e07d37c576060b57","name":"Paul Charoy","image":{"@type":"ImageObject","inLanguage":"it-IT","@id":"https:\/\/secure.gravatar.com\/avatar\/c3a39fd900275d54a628738568f1949e90ce9945d105d000228335a7bad64b38?s=96&d=mm&r=g","url":"https:\/\/secure.gravatar.com\/avatar\/c3a39fd900275d54a628738568f1949e90ce9945d105d000228335a7bad64b38?s=96&d=mm&r=g","contentUrl":"https:\/\/secure.gravatar.com\/avatar\/c3a39fd900275d54a628738568f1949e90ce9945d105d000228335a7bad64b38?s=96&d=mm&r=g","caption":"Paul Charoy"},"url":"https:\/\/www.monaco-tribune.com\/it\/author\/paulcharoy\/"}]}},"_links":{"self":[{"href":"https:\/\/www.monaco-tribune.com\/it\/wp-json\/wp\/v2\/posts\/122654","targetHints":{"allow":["GET"]}}],"collection":[{"href":"https:\/\/www.monaco-tribune.com\/it\/wp-json\/wp\/v2\/posts"}],"about":[{"href":"https:\/\/www.monaco-tribune.com\/it\/wp-json\/wp\/v2\/types\/post"}],"author":[{"embeddable":true,"href":"https:\/\/www.monaco-tribune.com\/it\/wp-json\/wp\/v2\/users\/65"}],"replies":[{"embeddable":true,"href":"https:\/\/www.monaco-tribune.com\/it\/wp-json\/wp\/v2\/comments?post=122654"}],"version-history":[{"count":0,"href":"https:\/\/www.monaco-tribune.com\/it\/wp-json\/wp\/v2\/posts\/122654\/revisions"}],"wp:featuredmedia":[{"embeddable":true,"href":"https:\/\/www.monaco-tribune.com\/it\/wp-json\/wp\/v2\/media\/67899"}],"wp:attachment":[{"href":"https:\/\/www.monaco-tribune.com\/it\/wp-json\/wp\/v2\/media?parent=122654"}],"wp:term":[{"taxonomy":"category","embeddable":true,"href":"https:\/\/www.monaco-tribune.com\/it\/wp-json\/wp\/v2\/categories?post=122654"},{"taxonomy":"post_tag","embeddable":true,"href":"https:\/\/www.monaco-tribune.com\/it\/wp-json\/wp\/v2\/tags?post=122654"},{"taxonomy":"sectag","embeddable":true,"href":"https:\/\/www.monaco-tribune.com\/it\/wp-json\/wp\/v2\/post_sectags?post=122654"},{"taxonomy":"format","embeddable":true,"href":"https:\/\/www.monaco-tribune.com\/it\/wp-json\/wp\/v2\/post_format?post=122654"}],"curies":[{"name":"wp","href":"https:\/\/api.w.org\/{rel}","templated":true}]}}