{"id":123334,"date":"2022-05-23T18:30:03","date_gmt":"2022-05-23T16:30:03","guid":{"rendered":"https:\/\/www.monaco-tribune.com\/2022\/05\/foto-una-giornata-a-beaulieu-sur-mer-insieme-a-monaco-tribune\/"},"modified":"2022-05-23T18:31:04","modified_gmt":"2022-05-23T16:31:04","slug":"foto-una-giornata-a-beaulieu-sur-mer-insieme-a-monaco-tribune","status":"publish","type":"post","link":"https:\/\/www.monaco-tribune.com\/it\/2022\/05\/foto-una-giornata-a-beaulieu-sur-mer-insieme-a-monaco-tribune\/","title":{"rendered":"FOTO. Una giornata a Beaulieu-sur-Mer insieme a Monaco Tribune"},"content":{"rendered":"\n<p><strong>Beaulieu-sur-Mer \u00e8 una cittadina della Costa Azzurra situata tra Nizza e Monaco. Ci abbiamo trascorso una giornata e abbiamo deciso di portarvi con noi tramite le nostre foto. Venite con noi alla scoperta di questa meta turistica, tra svaghi, storia ed evasione.<\/strong><\/p>\n\n<div class=\"wp-block-image\"><figure class=\"aligncenter size-large\"><img loading=\"lazy\" decoding=\"async\" width=\"1024\" height=\"605\" src=\"https:\/\/www.monaco-tribune.com\/wp-content\/uploads\/2022\/05\/gare-beaulieu-1024x605.jpg\" alt=\"\" class=\"wp-image-123067\" srcset=\"https:\/\/www.monaco-tribune.com\/wp-content\/uploads\/2022\/05\/gare-beaulieu-1024x605.jpg 1024w, https:\/\/www.monaco-tribune.com\/wp-content\/uploads\/2022\/05\/gare-beaulieu-508x300.jpg 508w, https:\/\/www.monaco-tribune.com\/wp-content\/uploads\/2022\/05\/gare-beaulieu-scaled.jpg 2048w\" sizes=\"auto, (max-width: 1024px) 100vw, 1024px\" \/><figcaption>Paul Charoy \/ Monaco Tribune<\/figcaption><\/figure><\/div>\n\n<p>Benvenuti alla stazione di Beaulieu-sur-Mer! Partendo da Nizza o da Monaco, bastano 10 minuti in treno per raggiungere la citt\u00e0 e ci sono due tratte ogni ora. Il prezzo intero del TER \u00e8 di 2,30\u20ac da Nizza e 2,70\u20ac da Monaco. A qualche metro dalla stazione, vi accoglie l&#8217;ufficio del turismo della citt\u00e0. (Trovate la mappa alla fine dell&#8217;articolo).<\/p>\n\n<div class=\"wp-block-image\"><figure class=\"aligncenter size-large is-resized\"><img loading=\"lazy\" decoding=\"async\" src=\"https:\/\/www.monaco-tribune.com\/wp-content\/uploads\/2022\/05\/marche-beaulieu-1024x587.jpg\" alt=\"\" class=\"wp-image-123072\" width=\"968\" height=\"554\" srcset=\"https:\/\/www.monaco-tribune.com\/wp-content\/uploads\/2022\/05\/marche-beaulieu-1024x587.jpg 1024w, https:\/\/www.monaco-tribune.com\/wp-content\/uploads\/2022\/05\/marche-beaulieu-524x300.jpg 524w, https:\/\/www.monaco-tribune.com\/wp-content\/uploads\/2022\/05\/marche-beaulieu-scaled.jpg 2048w\" sizes=\"auto, (max-width: 968px) 100vw, 968px\" \/><figcaption>Paul Charoy \/ Monaco Tribune<\/figcaption><\/figure><\/div>\n\n<p>Le mattine di Beaulieu sono sinonimo di mercato. Dal luned\u00ec al sabato, trovate diversi produttori nella piazza del mercato vicino alla stazione. Aperto dalle 8:00 alle 12:30 (gli orari non sono fissi), il mercato accoglie qualche commerciante in pi\u00f9 il sabato, come per esempio uno stand di formaggi e uno di macelleria\/salumeria.<\/p>\n\n<div class=\"wp-block-image\"><figure class=\"aligncenter size-large\"><img loading=\"lazy\" decoding=\"async\" width=\"1024\" height=\"599\" src=\"https:\/\/www.monaco-tribune.com\/wp-content\/uploads\/2022\/05\/port-plaisance-beaulieu-1024x599.jpg\" alt=\"\" class=\"wp-image-123076\" srcset=\"https:\/\/www.monaco-tribune.com\/wp-content\/uploads\/2022\/05\/port-plaisance-beaulieu-1024x599.jpg 1024w, https:\/\/www.monaco-tribune.com\/wp-content\/uploads\/2022\/05\/port-plaisance-beaulieu-513x300.jpg 513w, https:\/\/www.monaco-tribune.com\/wp-content\/uploads\/2022\/05\/port-plaisance-beaulieu-scaled.jpg 2048w\" sizes=\"auto, (max-width: 1024px) 100vw, 1024px\" \/><figcaption>Paul Charoy \/ Monaco Tribune<\/figcaption><\/figure><\/div>\n\n<p>Ci dirigiamo al Port de Plaisance, uno dei due porti della citt\u00e0. \u00c8 qui che trovate la maggior parte dei ristoranti, 13 per essere precisi, tra i 32 esercizi commerciali che si trovano nella zona portuale.<\/p>\n\n<div class=\"wp-block-image\"><figure class=\"aligncenter size-large\"><img loading=\"lazy\" decoding=\"async\" width=\"1024\" height=\"577\" src=\"https:\/\/www.monaco-tribune.com\/wp-content\/uploads\/2022\/05\/sans-titre-compressed-1-1024x577.jpg\" alt=\"\" class=\"wp-image-123260\" srcset=\"https:\/\/www.monaco-tribune.com\/wp-content\/uploads\/2022\/05\/sans-titre-compressed-1-1024x577.jpg 1024w, https:\/\/www.monaco-tribune.com\/wp-content\/uploads\/2022\/05\/sans-titre-compressed-1-533x300.jpg 533w, https:\/\/www.monaco-tribune.com\/wp-content\/uploads\/2022\/05\/sans-titre-compressed-1.jpg 2000w\" sizes=\"auto, (max-width: 1024px) 100vw, 1024px\" \/><figcaption>Paul Charoy \/ Monaco Tribune<\/figcaption><\/figure><\/div>\n\n<p>Abbiamo pranzato all&#8217;African Queen, con vista sugli yacht attraccati e il cielo blu. Il locale \u00e8 molto conosciuto e deve la sua fama a diverse celebrit\u00e0 che lo frequentano regolarmente: Sylvester Stallone, i Rolling Stones e Jack Nicholson. Beaulieu vanta numerosi ristoranti, soprattutto di cucina francese, italiana e mediterranea. Per un piatto principale, un dessert, una bevanda e un caff\u00e8 all&#8217;African Queen bisogna considerare dai 40 ai 50\u20ac a testa.<\/p>\n\n<div class=\"wp-block-image\"><figure class=\"aligncenter size-large\"><img loading=\"lazy\" decoding=\"async\" width=\"1024\" height=\"607\" src=\"https:\/\/www.monaco-tribune.com\/wp-content\/uploads\/2022\/05\/jardin-de-lolivaie-beaulieu-1024x607.jpg\" alt=\"\" class=\"wp-image-123085\" srcset=\"https:\/\/www.monaco-tribune.com\/wp-content\/uploads\/2022\/05\/jardin-de-lolivaie-beaulieu-1024x607.jpg 1024w, https:\/\/www.monaco-tribune.com\/wp-content\/uploads\/2022\/05\/jardin-de-lolivaie-beaulieu-506x300.jpg 506w, https:\/\/www.monaco-tribune.com\/wp-content\/uploads\/2022\/05\/jardin-de-lolivaie-beaulieu-scaled.jpg 2048w\" sizes=\"auto, (max-width: 1024px) 100vw, 1024px\" \/><figcaption>Paul Charoy \/ Monaco Tribune<\/figcaption><\/figure><\/div>\n\n<p>Niente di meglio di una passeggiata digestiva al giardino dell&#8217;Olivaie. Uno spazio di 6.000m\u00b2 dove sedersi all&#8217;ombra di un centinaio di olivi secolari o sull&#8217;erba &#8220;kikuyu&#8221;, tipica del luogo. Situato sopra il Port de Plaisance, \u00e8 uno dei due giardini della citt\u00e0 insieme allo Square Verdun. Il giardino dell&#8217;Olivaie \u00e8 aperto dalle 8:00 alle 19:00 in primavera\/estate e fino alle 18:00 in autunno\/inverno.<\/p>\n\n<div class=\"wp-block-image\"><figure class=\"aligncenter size-large\"><img loading=\"lazy\" decoding=\"async\" width=\"1024\" height=\"599\" src=\"https:\/\/www.monaco-tribune.com\/wp-content\/uploads\/2022\/05\/plage-des-fourmis-beaulieu-1024x599.jpg\" alt=\"\" class=\"wp-image-123090\" srcset=\"https:\/\/www.monaco-tribune.com\/wp-content\/uploads\/2022\/05\/plage-des-fourmis-beaulieu-1024x599.jpg 1024w, https:\/\/www.monaco-tribune.com\/wp-content\/uploads\/2022\/05\/plage-des-fourmis-beaulieu-513x300.jpg 513w, https:\/\/www.monaco-tribune.com\/wp-content\/uploads\/2022\/05\/plage-des-fourmis-beaulieu-scaled.jpg 2048w\" sizes=\"auto, (max-width: 1024px) 100vw, 1024px\" \/><figcaption>Paul Charoy \/ Monaco Tribune<\/figcaption><\/figure><\/div>\n\n<p>Dall&#8217;altro lato della citt\u00e0, la spiaggia della Baia delle formiche (Baie des Fourmis) regala sabbia fine e un&#8217;acqua quasi turchese. Proprio sotto i giardini del casin\u00f2 e della Rotonde, la spiaggia \u00e8 anche stata citata in una canzone del duo canoro Souchon-Voulzy intitolata &#8220;La Baie des Fourmis&#8221;. Questo nome bizzarro \u00e8 dato dai cumuli di alghe morte che si formavano un tempo sulla riva. Questi assumevano le sembianze di un formicaio e cos\u00ec i pescatori che passavano al largo la rinominarono &#8220;Baia delle Formiche&#8221;. Potrete anche godere di una vista incredibile su villa K\u00e9rylos.<\/p>\n\n<div class=\"wp-block-image\"><figure class=\"aligncenter size-large\"><img loading=\"lazy\" decoding=\"async\" width=\"1024\" height=\"579\" src=\"https:\/\/www.monaco-tribune.com\/wp-content\/uploads\/2022\/05\/villa-kerylos-beaulieu-1024x579.jpg\" alt=\"\" class=\"wp-image-123094\" srcset=\"https:\/\/www.monaco-tribune.com\/wp-content\/uploads\/2022\/05\/villa-kerylos-beaulieu-1024x579.jpg 1024w, https:\/\/www.monaco-tribune.com\/wp-content\/uploads\/2022\/05\/villa-kerylos-beaulieu-531x300.jpg 531w, https:\/\/www.monaco-tribune.com\/wp-content\/uploads\/2022\/05\/villa-kerylos-beaulieu-scaled.jpg 2048w\" sizes=\"auto, (max-width: 1024px) 100vw, 1024px\" \/><\/figure><\/div>\n\n<p>Ecco a voi villa K\u00e9rylos. Progettata dall&#8217;archeologo Th\u00e9odore Reinach e dall&#8217;architetto Emmanuel Pontremoli, villa K\u00e9rylos ci apre le porte sul mondo dell&#8217;antica Grecia e ricorda una dimora nobiliare dell&#8217;isola di Delo risalente al II secolo a.c. \u00c8 aperta al pubblico tutto l&#8217;anno, dalle 10:00 alle 18:00 in estate e fino alle 17:00 nelle altre stagioni. L&#8217;ingresso costa 11,50\u20ac ed \u00e8 gratuito per i minorenni e per i ragazzi dai 18 ai 25 anni residenti nell&#8217;Unione Europea. C&#8217;\u00e8 anche la possibilit\u00e0 di fare delle visite guidate.<\/p>\n\n<div class=\"wp-block-image\"><figure class=\"aligncenter size-large\"><img loading=\"lazy\" decoding=\"async\" width=\"1024\" height=\"594\" src=\"https:\/\/www.monaco-tribune.com\/wp-content\/uploads\/2022\/05\/casino-beaulieu-1024x594.jpg\" alt=\"\" class=\"wp-image-123098\" srcset=\"https:\/\/www.monaco-tribune.com\/wp-content\/uploads\/2022\/05\/casino-beaulieu-1024x594.jpg 1024w, https:\/\/www.monaco-tribune.com\/wp-content\/uploads\/2022\/05\/casino-beaulieu-517x300.jpg 517w, https:\/\/www.monaco-tribune.com\/wp-content\/uploads\/2022\/05\/casino-beaulieu-scaled.jpg 2048w\" sizes=\"auto, (max-width: 1024px) 100vw, 1024px\" \/><figcaption>Paul Charoy \/ Monaco Tribune<\/figcaption><\/figure><\/div>\n\n<p>Beaulieu \u00e8 anche una citt\u00e0 di svaghi. Continuando il nostro tour passiamo davanti al casin\u00f2 della citt\u00e0, che ha riaperto i battenti nel 2014 dopo essere stato sottoposto a liquidazione giudiziale nel 2010. Dopo lavori importanti, la struttura ospita oggi un casin\u00f2, un teatro, un ristorante e un cinema.<\/p>\n\n<div class=\"wp-block-image\"><figure class=\"aligncenter size-large\"><img loading=\"lazy\" decoding=\"async\" width=\"1024\" height=\"599\" src=\"https:\/\/www.monaco-tribune.com\/wp-content\/uploads\/2022\/05\/la-rotonde-beaulieu-1024x599.jpg\" alt=\"\" class=\"wp-image-123102\" srcset=\"https:\/\/www.monaco-tribune.com\/wp-content\/uploads\/2022\/05\/la-rotonde-beaulieu-1024x599.jpg 1024w, https:\/\/www.monaco-tribune.com\/wp-content\/uploads\/2022\/05\/la-rotonde-beaulieu-513x300.jpg 513w, https:\/\/www.monaco-tribune.com\/wp-content\/uploads\/2022\/05\/la-rotonde-beaulieu-scaled.jpg 2048w\" sizes=\"auto, (max-width: 1024px) 100vw, 1024px\" \/><figcaption>Paul Charoy \/ Monaco Tribune<\/figcaption><\/figure><\/div>\n\n<p>Qualche metro pi\u00f9 avanti, sul lungomare, troneggiano due edifici stupendi. Le Bristol, un antico palazzo frequentato da numerosi principi, principesse, re e regine e oggi trasformato in un complesso di appartamenti, e La Rotonde, una grande sala circolare con absidi a vetri, che serviva da salone aggiuntivo per Le Bristol e che fu trasformato in ospedale durante la prima e la seconda guerra mondiale.<\/p>\n\n<div class=\"wp-block-image\"><figure class=\"aligncenter size-large\"><img loading=\"lazy\" decoding=\"async\" width=\"1024\" height=\"599\" src=\"https:\/\/www.monaco-tribune.com\/wp-content\/uploads\/2022\/05\/randonnee-beaulieu-1024x599.jpg\" alt=\"\" class=\"wp-image-123106\" srcset=\"https:\/\/www.monaco-tribune.com\/wp-content\/uploads\/2022\/05\/randonnee-beaulieu-1024x599.jpg 1024w, https:\/\/www.monaco-tribune.com\/wp-content\/uploads\/2022\/05\/randonnee-beaulieu-513x300.jpg 513w, https:\/\/www.monaco-tribune.com\/wp-content\/uploads\/2022\/05\/randonnee-beaulieu-scaled.jpg 2048w\" sizes=\"auto, (max-width: 1024px) 100vw, 1024px\" \/><figcaption>Paul Charoy \/ Monaco Tribune<\/figcaption><\/figure><\/div>\n\n<p>Beaulieu \u00e8 una citt\u00e0 in salita. Dietro il centro storico, trovate un centinaio di scalini che vi portano in cima al comune. La scalinata fa parte di un percorso, l&#8217;anello della &#8220;Petite Afrique&#8221;, che dura 1 ora e 30 minuti.<\/p>\n\n<div class=\"wp-block-image\"><figure class=\"aligncenter size-large\"><img loading=\"lazy\" decoding=\"async\" width=\"1024\" height=\"585\" src=\"https:\/\/www.monaco-tribune.com\/wp-content\/uploads\/2022\/05\/point-de-vue-beaulieu-1024x585.jpg\" alt=\"\" class=\"wp-image-123110\" srcset=\"https:\/\/www.monaco-tribune.com\/wp-content\/uploads\/2022\/05\/point-de-vue-beaulieu-1024x585.jpg 1024w, https:\/\/www.monaco-tribune.com\/wp-content\/uploads\/2022\/05\/point-de-vue-beaulieu-526x300.jpg 526w, https:\/\/www.monaco-tribune.com\/wp-content\/uploads\/2022\/05\/point-de-vue-beaulieu-scaled.jpg 2048w\" sizes=\"auto, (max-width: 1024px) 100vw, 1024px\" \/><figcaption>Paul Charoy \/ Monaco Tribune<\/figcaption><\/figure><\/div>\n\n<p>Uno dei pi\u00f9 bei punti panoramici della passeggiata. Mentre ci godiamo la vista condividiamo un  po&#8217; di storia. Dovete sapere che Beaulieu-sur-Mer \u00e8 una citt\u00e0 indipendente dal 1891, prima si trovava sotto la giurisdizione di Villefranche. Il primo sindaco della citt\u00e0 \u00e8 Hippolyte Marinoni, che rester\u00e0 in carica solo 19 giorni ma che finanzier\u00e0 il comune fino alla sua morte. Ha finanziato una scuola, la stazione, la fognatura e una parte del porto. Il comune \u00e8 inoltre legato alla storia anglicana, soprattutto dopo la costruzione della chiesa anglicana Saint-Michael nel 1903, consacrata dall&#8217;arciprete di York.<\/p>\n\n<div class=\"wp-block-image\"><figure class=\"aligncenter size-large\"><img loading=\"lazy\" decoding=\"async\" width=\"1024\" height=\"601\" src=\"https:\/\/www.monaco-tribune.com\/wp-content\/uploads\/2022\/05\/villas-belle-epoque-beaulieu-1024x601.jpg\" alt=\"\" class=\"wp-image-123114\" srcset=\"https:\/\/www.monaco-tribune.com\/wp-content\/uploads\/2022\/05\/villas-belle-epoque-beaulieu-1024x601.jpg 1024w, https:\/\/www.monaco-tribune.com\/wp-content\/uploads\/2022\/05\/villas-belle-epoque-beaulieu-512x300.jpg 512w, https:\/\/www.monaco-tribune.com\/wp-content\/uploads\/2022\/05\/villas-belle-epoque-beaulieu-scaled.jpg 2048w\" sizes=\"auto, (max-width: 1024px) 100vw, 1024px\" \/><figcaption>Paul Charoy \/ Monaco Tribune<\/figcaption><\/figure><\/div>\n\n<p>Sulla via del ritorno passiamo in mezzo a ville in stile Belle Epoque, di cui una decina si ergono sulle colline delle citt\u00e0. Ed \u00e8 proprio il periodo della Belle Epoque (1870-1914), infatti, che segna un cambiamento per Beaulieu-sur-Mer, trasformandola da piccolo borgo a citt\u00e0 interessante.<\/p>\n\n<p>La nostra bella giornata si conclude qui! La fine del percorso ci riporta direttamente al centro della citt\u00e0, a qualche metro dalla stazione.<\/p>\n\n<p>Mappa di Beaulieu-sur-Mer:<\/p>\n\n<div class=\"wp-block-image\"><figure class=\"aligncenter size-large\"><img loading=\"lazy\" decoding=\"async\" width=\"1024\" height=\"904\" src=\"https:\/\/www.monaco-tribune.com\/wp-content\/uploads\/2022\/05\/be_beaulieu_sur_mer_recto_fr_2021-1024x904.jpeg\" alt=\"\" class=\"wp-image-123120\" srcset=\"https:\/\/www.monaco-tribune.com\/wp-content\/uploads\/2022\/05\/be_beaulieu_sur_mer_recto_fr_2021-1024x904.jpeg 1024w, https:\/\/www.monaco-tribune.com\/wp-content\/uploads\/2022\/05\/be_beaulieu_sur_mer_recto_fr_2021-340x300.jpeg 340w, https:\/\/www.monaco-tribune.com\/wp-content\/uploads\/2022\/05\/be_beaulieu_sur_mer_recto_fr_2021.jpeg 1238w\" sizes=\"auto, (max-width: 1024px) 100vw, 1024px\" \/><\/figure><\/div>\n","protected":false},"excerpt":{"rendered":"<p>Beaulieu-sur-Mer \u00e8 una cittadina della Costa Azzurra situata tra Nizza e Monaco. Ci abbiamo trascorso una giornata e abbiamo deciso [&hellip;]<\/p>\n","protected":false},"author":65,"featured_media":123135,"comment_status":"closed","ping_status":"closed","sticky":false,"template":"","format":"standard","meta":{"_acf_changed":false,"footnotes":""},"categories":[1740,1826,1738],"tags":[2954],"post_sectags":[],"post_format":[2474],"class_list":["post-123334","post","type-post","status-publish","format-standard","has-post-thumbnail","hentry","category-cosa-fare","category-la-nostra-scelta","category-notizie","tag-turismo","format-foto"],"acf":[],"yoast_head":"<!-- This site is optimized with the Yoast SEO Premium plugin v26.8 (Yoast SEO v27.5) - https:\/\/yoast.com\/product\/yoast-seo-premium-wordpress\/ -->\n<title>FOTO. Una giornata a Beaulieu-sur-Mer insieme a Monaco Tribune<\/title>\n<meta name=\"description\" content=\"Beaulieu-sur-Mer \u00e8 una cittadina della Costa Azzurra situata tra Nizza e Monaco. Ci abbiamo trascorso una giornata e abbiamo deciso di portarvi con noi\" \/>\n<meta name=\"robots\" content=\"index, follow, max-snippet:-1, max-image-preview:large, max-video-preview:-1\" \/>\n<link rel=\"canonical\" href=\"https:\/\/www.monaco-tribune.com\/it\/2022\/05\/foto-una-giornata-a-beaulieu-sur-mer-insieme-a-monaco-tribune\/\" \/>\n<meta property=\"og:locale\" content=\"it_IT\" \/>\n<meta property=\"og:type\" content=\"article\" \/>\n<meta property=\"og:title\" content=\"FOTO. Una giornata a Beaulieu-sur-Mer insieme a Monaco Tribune - Monaco Tribune\" \/>\n<meta property=\"og:description\" content=\"Beaulieu-sur-Mer \u00e8 una cittadina della Costa Azzurra situata tra Nizza e Monaco. Ci abbiamo trascorso una giornata e abbiamo deciso di portarvi con noi\" \/>\n<meta property=\"og:url\" content=\"https:\/\/www.monaco-tribune.com\/it\/2022\/05\/foto-una-giornata-a-beaulieu-sur-mer-insieme-a-monaco-tribune\/\" \/>\n<meta property=\"og:site_name\" content=\"Monaco Tribune\" \/>\n<meta property=\"article:publisher\" content=\"https:\/\/www.facebook.com\/MonacoTribune\" \/>\n<meta property=\"article:published_time\" content=\"2022-05-23T16:30:03+00:00\" \/>\n<meta property=\"article:modified_time\" content=\"2022-05-23T16:31:04+00:00\" \/>\n<meta property=\"og:image\" content=\"https:\/\/www.monaco-tribune.com\/wp-content\/uploads\/2022\/05\/img-0533-compressed-scaled.jpg\" \/>\n\t<meta property=\"og:image:width\" content=\"2048\" \/>\n\t<meta property=\"og:image:height\" content=\"1131\" \/>\n\t<meta property=\"og:image:type\" content=\"image\/jpeg\" \/>\n<meta name=\"author\" content=\"Paul Charoy\" \/>\n<meta name=\"twitter:card\" content=\"summary_large_image\" \/>\n<meta name=\"twitter:creator\" content=\"@MonacoTribune\" \/>\n<meta name=\"twitter:site\" content=\"@MonacoTribune\" \/>\n<script type=\"application\/ld+json\" class=\"yoast-schema-graph\">{\"@context\":\"https:\\\/\\\/schema.org\",\"@graph\":[{\"@type\":\"NewsArticle\",\"@id\":\"https:\\\/\\\/www.monaco-tribune.com\\\/it\\\/2022\\\/05\\\/foto-una-giornata-a-beaulieu-sur-mer-insieme-a-monaco-tribune\\\/#article\",\"isPartOf\":{\"@id\":\"https:\\\/\\\/www.monaco-tribune.com\\\/it\\\/2022\\\/05\\\/foto-una-giornata-a-beaulieu-sur-mer-insieme-a-monaco-tribune\\\/\"},\"author\":{\"name\":\"Paul Charoy\",\"@id\":\"https:\\\/\\\/www.monaco-tribune.com\\\/it\\\/#\\\/schema\\\/person\\\/c33a9f1bc99ef5a2e07d37c576060b57\"},\"headline\":\"FOTO. Una giornata a Beaulieu-sur-Mer insieme a Monaco Tribune\",\"datePublished\":\"2022-05-23T16:30:03+00:00\",\"dateModified\":\"2022-05-23T16:31:04+00:00\",\"mainEntityOfPage\":{\"@id\":\"https:\\\/\\\/www.monaco-tribune.com\\\/it\\\/2022\\\/05\\\/foto-una-giornata-a-beaulieu-sur-mer-insieme-a-monaco-tribune\\\/\"},\"wordCount\":860,\"publisher\":{\"@id\":\"https:\\\/\\\/www.monaco-tribune.com\\\/it\\\/#organization\"},\"image\":{\"@id\":\"https:\\\/\\\/www.monaco-tribune.com\\\/it\\\/2022\\\/05\\\/foto-una-giornata-a-beaulieu-sur-mer-insieme-a-monaco-tribune\\\/#primaryimage\"},\"thumbnailUrl\":\"https:\\\/\\\/www.monaco-tribune.com\\\/wp-content\\\/uploads\\\/2022\\\/05\\\/img-0533-compressed-scaled.jpg\",\"keywords\":[\"Turismo\"],\"articleSection\":[\"Cosa fare\",\"La nostra scelta\",\"Notizie\"],\"inLanguage\":\"it-IT\",\"copyrightYear\":\"2022\",\"copyrightHolder\":{\"@id\":\"https:\\\/\\\/www.monaco-tribune.com\\\/#organization\"}},{\"@type\":\"WebPage\",\"@id\":\"https:\\\/\\\/www.monaco-tribune.com\\\/it\\\/2022\\\/05\\\/foto-una-giornata-a-beaulieu-sur-mer-insieme-a-monaco-tribune\\\/\",\"url\":\"https:\\\/\\\/www.monaco-tribune.com\\\/it\\\/2022\\\/05\\\/foto-una-giornata-a-beaulieu-sur-mer-insieme-a-monaco-tribune\\\/\",\"name\":\"FOTO. Una giornata a Beaulieu-sur-Mer insieme a Monaco Tribune\",\"isPartOf\":{\"@id\":\"https:\\\/\\\/www.monaco-tribune.com\\\/it\\\/#website\"},\"primaryImageOfPage\":{\"@id\":\"https:\\\/\\\/www.monaco-tribune.com\\\/it\\\/2022\\\/05\\\/foto-una-giornata-a-beaulieu-sur-mer-insieme-a-monaco-tribune\\\/#primaryimage\"},\"image\":{\"@id\":\"https:\\\/\\\/www.monaco-tribune.com\\\/it\\\/2022\\\/05\\\/foto-una-giornata-a-beaulieu-sur-mer-insieme-a-monaco-tribune\\\/#primaryimage\"},\"thumbnailUrl\":\"https:\\\/\\\/www.monaco-tribune.com\\\/wp-content\\\/uploads\\\/2022\\\/05\\\/img-0533-compressed-scaled.jpg\",\"datePublished\":\"2022-05-23T16:30:03+00:00\",\"dateModified\":\"2022-05-23T16:31:04+00:00\",\"description\":\"Beaulieu-sur-Mer \u00e8 una cittadina della Costa Azzurra situata tra Nizza e Monaco. Ci abbiamo trascorso una giornata e abbiamo deciso di portarvi con noi\",\"breadcrumb\":{\"@id\":\"https:\\\/\\\/www.monaco-tribune.com\\\/it\\\/2022\\\/05\\\/foto-una-giornata-a-beaulieu-sur-mer-insieme-a-monaco-tribune\\\/#breadcrumb\"},\"inLanguage\":\"it-IT\",\"potentialAction\":[{\"@type\":\"ReadAction\",\"target\":[\"https:\\\/\\\/www.monaco-tribune.com\\\/it\\\/2022\\\/05\\\/foto-una-giornata-a-beaulieu-sur-mer-insieme-a-monaco-tribune\\\/\"]}]},{\"@type\":\"ImageObject\",\"inLanguage\":\"it-IT\",\"@id\":\"https:\\\/\\\/www.monaco-tribune.com\\\/it\\\/2022\\\/05\\\/foto-una-giornata-a-beaulieu-sur-mer-insieme-a-monaco-tribune\\\/#primaryimage\",\"url\":\"https:\\\/\\\/www.monaco-tribune.com\\\/wp-content\\\/uploads\\\/2022\\\/05\\\/img-0533-compressed-scaled.jpg\",\"contentUrl\":\"https:\\\/\\\/www.monaco-tribune.com\\\/wp-content\\\/uploads\\\/2022\\\/05\\\/img-0533-compressed-scaled.jpg\",\"width\":2048,\"height\":1131,\"caption\":\"Paul Charoy \\\/ Monaco Tribune\"},{\"@type\":\"BreadcrumbList\",\"@id\":\"https:\\\/\\\/www.monaco-tribune.com\\\/it\\\/2022\\\/05\\\/foto-una-giornata-a-beaulieu-sur-mer-insieme-a-monaco-tribune\\\/#breadcrumb\",\"itemListElement\":[{\"@type\":\"ListItem\",\"position\":1,\"name\":\"Accueil\",\"item\":\"https:\\\/\\\/www.monaco-tribune.com\\\/it\\\/\"},{\"@type\":\"ListItem\",\"position\":2,\"name\":\"FOTO. Una giornata a Beaulieu-sur-Mer insieme a Monaco Tribune\"}]},{\"@type\":\"WebSite\",\"@id\":\"https:\\\/\\\/www.monaco-tribune.com\\\/it\\\/#website\",\"url\":\"https:\\\/\\\/www.monaco-tribune.com\\\/it\\\/\",\"name\":\"Monaco Tribune\",\"description\":\"Monaco : actualit\u00e9s \u00e9conomiques, politiques, culturelles et sportives de Monaco et de la French Riviera.\",\"publisher\":{\"@id\":\"https:\\\/\\\/www.monaco-tribune.com\\\/it\\\/#organization\"},\"potentialAction\":[{\"@type\":\"SearchAction\",\"target\":{\"@type\":\"EntryPoint\",\"urlTemplate\":\"https:\\\/\\\/www.monaco-tribune.com\\\/it\\\/?s={search_term_string}\"},\"query-input\":{\"@type\":\"PropertyValueSpecification\",\"valueRequired\":true,\"valueName\":\"search_term_string\"}}],\"inLanguage\":\"it-IT\"},{\"@type\":\"Organization\",\"@id\":\"https:\\\/\\\/www.monaco-tribune.com\\\/it\\\/#organization\",\"name\":\"Monaco Tribune\",\"url\":\"https:\\\/\\\/www.monaco-tribune.com\\\/it\\\/\",\"logo\":{\"@type\":\"ImageObject\",\"inLanguage\":\"it-IT\",\"@id\":\"https:\\\/\\\/www.monaco-tribune.com\\\/it\\\/#\\\/schema\\\/logo\\\/image\\\/\",\"url\":\"https:\\\/\\\/www.monaco-tribune.com\\\/wp-content\\\/uploads\\\/2022\\\/11\\\/logo-monaco-tribune.png\",\"contentUrl\":\"https:\\\/\\\/www.monaco-tribune.com\\\/wp-content\\\/uploads\\\/2022\\\/11\\\/logo-monaco-tribune.png\",\"width\":1548,\"height\":600,\"caption\":\"Monaco Tribune\"},\"image\":{\"@id\":\"https:\\\/\\\/www.monaco-tribune.com\\\/it\\\/#\\\/schema\\\/logo\\\/image\\\/\"},\"sameAs\":[\"https:\\\/\\\/www.facebook.com\\\/MonacoTribune\",\"https:\\\/\\\/x.com\\\/MonacoTribune\",\"https:\\\/\\\/www.instagram.com\\\/monacotribune\\\/\",\"https:\\\/\\\/www.linkedin.com\\\/company\\\/monaco-tribune\",\"https:\\\/\\\/www.youtube.com\\\/channel\\\/UCHle1MnG6hw1y4lWKijVbMA\"]},{\"@type\":\"Person\",\"@id\":\"https:\\\/\\\/www.monaco-tribune.com\\\/it\\\/#\\\/schema\\\/person\\\/c33a9f1bc99ef5a2e07d37c576060b57\",\"name\":\"Paul Charoy\",\"image\":{\"@type\":\"ImageObject\",\"inLanguage\":\"it-IT\",\"@id\":\"https:\\\/\\\/secure.gravatar.com\\\/avatar\\\/c3a39fd900275d54a628738568f1949e90ce9945d105d000228335a7bad64b38?s=96&d=mm&r=g\",\"url\":\"https:\\\/\\\/secure.gravatar.com\\\/avatar\\\/c3a39fd900275d54a628738568f1949e90ce9945d105d000228335a7bad64b38?s=96&d=mm&r=g\",\"contentUrl\":\"https:\\\/\\\/secure.gravatar.com\\\/avatar\\\/c3a39fd900275d54a628738568f1949e90ce9945d105d000228335a7bad64b38?s=96&d=mm&r=g\",\"caption\":\"Paul Charoy\"},\"url\":\"https:\\\/\\\/www.monaco-tribune.com\\\/it\\\/author\\\/paulcharoy\\\/\"}]}<\/script>\n<!-- \/ Yoast SEO Premium plugin. -->","yoast_head_json":{"title":"FOTO. Una giornata a Beaulieu-sur-Mer insieme a Monaco Tribune","description":"Beaulieu-sur-Mer \u00e8 una cittadina della Costa Azzurra situata tra Nizza e Monaco. Ci abbiamo trascorso una giornata e abbiamo deciso di portarvi con noi","robots":{"index":"index","follow":"follow","max-snippet":"max-snippet:-1","max-image-preview":"max-image-preview:large","max-video-preview":"max-video-preview:-1"},"canonical":"https:\/\/www.monaco-tribune.com\/it\/2022\/05\/foto-una-giornata-a-beaulieu-sur-mer-insieme-a-monaco-tribune\/","og_locale":"it_IT","og_type":"article","og_title":"FOTO. Una giornata a Beaulieu-sur-Mer insieme a Monaco Tribune - Monaco Tribune","og_description":"Beaulieu-sur-Mer \u00e8 una cittadina della Costa Azzurra situata tra Nizza e Monaco. Ci abbiamo trascorso una giornata e abbiamo deciso di portarvi con noi","og_url":"https:\/\/www.monaco-tribune.com\/it\/2022\/05\/foto-una-giornata-a-beaulieu-sur-mer-insieme-a-monaco-tribune\/","og_site_name":"Monaco Tribune","article_publisher":"https:\/\/www.facebook.com\/MonacoTribune","article_published_time":"2022-05-23T16:30:03+00:00","article_modified_time":"2022-05-23T16:31:04+00:00","og_image":[{"width":2048,"height":1131,"url":"https:\/\/www.monaco-tribune.com\/wp-content\/uploads\/2022\/05\/img-0533-compressed-scaled.jpg","type":"image\/jpeg"}],"author":"Paul Charoy","twitter_card":"summary_large_image","twitter_creator":"@MonacoTribune","twitter_site":"@MonacoTribune","schema":{"@context":"https:\/\/schema.org","@graph":[{"@type":"NewsArticle","@id":"https:\/\/www.monaco-tribune.com\/it\/2022\/05\/foto-una-giornata-a-beaulieu-sur-mer-insieme-a-monaco-tribune\/#article","isPartOf":{"@id":"https:\/\/www.monaco-tribune.com\/it\/2022\/05\/foto-una-giornata-a-beaulieu-sur-mer-insieme-a-monaco-tribune\/"},"author":{"name":"Paul Charoy","@id":"https:\/\/www.monaco-tribune.com\/it\/#\/schema\/person\/c33a9f1bc99ef5a2e07d37c576060b57"},"headline":"FOTO. Una giornata a Beaulieu-sur-Mer insieme a Monaco Tribune","datePublished":"2022-05-23T16:30:03+00:00","dateModified":"2022-05-23T16:31:04+00:00","mainEntityOfPage":{"@id":"https:\/\/www.monaco-tribune.com\/it\/2022\/05\/foto-una-giornata-a-beaulieu-sur-mer-insieme-a-monaco-tribune\/"},"wordCount":860,"publisher":{"@id":"https:\/\/www.monaco-tribune.com\/it\/#organization"},"image":{"@id":"https:\/\/www.monaco-tribune.com\/it\/2022\/05\/foto-una-giornata-a-beaulieu-sur-mer-insieme-a-monaco-tribune\/#primaryimage"},"thumbnailUrl":"https:\/\/www.monaco-tribune.com\/wp-content\/uploads\/2022\/05\/img-0533-compressed-scaled.jpg","keywords":["Turismo"],"articleSection":["Cosa fare","La nostra scelta","Notizie"],"inLanguage":"it-IT","copyrightYear":"2022","copyrightHolder":{"@id":"https:\/\/www.monaco-tribune.com\/#organization"}},{"@type":"WebPage","@id":"https:\/\/www.monaco-tribune.com\/it\/2022\/05\/foto-una-giornata-a-beaulieu-sur-mer-insieme-a-monaco-tribune\/","url":"https:\/\/www.monaco-tribune.com\/it\/2022\/05\/foto-una-giornata-a-beaulieu-sur-mer-insieme-a-monaco-tribune\/","name":"FOTO. Una giornata a Beaulieu-sur-Mer insieme a Monaco Tribune","isPartOf":{"@id":"https:\/\/www.monaco-tribune.com\/it\/#website"},"primaryImageOfPage":{"@id":"https:\/\/www.monaco-tribune.com\/it\/2022\/05\/foto-una-giornata-a-beaulieu-sur-mer-insieme-a-monaco-tribune\/#primaryimage"},"image":{"@id":"https:\/\/www.monaco-tribune.com\/it\/2022\/05\/foto-una-giornata-a-beaulieu-sur-mer-insieme-a-monaco-tribune\/#primaryimage"},"thumbnailUrl":"https:\/\/www.monaco-tribune.com\/wp-content\/uploads\/2022\/05\/img-0533-compressed-scaled.jpg","datePublished":"2022-05-23T16:30:03+00:00","dateModified":"2022-05-23T16:31:04+00:00","description":"Beaulieu-sur-Mer \u00e8 una cittadina della Costa Azzurra situata tra Nizza e Monaco. Ci abbiamo trascorso una giornata e abbiamo deciso di portarvi con noi","breadcrumb":{"@id":"https:\/\/www.monaco-tribune.com\/it\/2022\/05\/foto-una-giornata-a-beaulieu-sur-mer-insieme-a-monaco-tribune\/#breadcrumb"},"inLanguage":"it-IT","potentialAction":[{"@type":"ReadAction","target":["https:\/\/www.monaco-tribune.com\/it\/2022\/05\/foto-una-giornata-a-beaulieu-sur-mer-insieme-a-monaco-tribune\/"]}]},{"@type":"ImageObject","inLanguage":"it-IT","@id":"https:\/\/www.monaco-tribune.com\/it\/2022\/05\/foto-una-giornata-a-beaulieu-sur-mer-insieme-a-monaco-tribune\/#primaryimage","url":"https:\/\/www.monaco-tribune.com\/wp-content\/uploads\/2022\/05\/img-0533-compressed-scaled.jpg","contentUrl":"https:\/\/www.monaco-tribune.com\/wp-content\/uploads\/2022\/05\/img-0533-compressed-scaled.jpg","width":2048,"height":1131,"caption":"Paul Charoy \/ Monaco Tribune"},{"@type":"BreadcrumbList","@id":"https:\/\/www.monaco-tribune.com\/it\/2022\/05\/foto-una-giornata-a-beaulieu-sur-mer-insieme-a-monaco-tribune\/#breadcrumb","itemListElement":[{"@type":"ListItem","position":1,"name":"Accueil","item":"https:\/\/www.monaco-tribune.com\/it\/"},{"@type":"ListItem","position":2,"name":"FOTO. Una giornata a Beaulieu-sur-Mer insieme a Monaco Tribune"}]},{"@type":"WebSite","@id":"https:\/\/www.monaco-tribune.com\/it\/#website","url":"https:\/\/www.monaco-tribune.com\/it\/","name":"Monaco Tribune","description":"Monaco : actualit\u00e9s \u00e9conomiques, politiques, culturelles et sportives de Monaco et de la French Riviera.","publisher":{"@id":"https:\/\/www.monaco-tribune.com\/it\/#organization"},"potentialAction":[{"@type":"SearchAction","target":{"@type":"EntryPoint","urlTemplate":"https:\/\/www.monaco-tribune.com\/it\/?s={search_term_string}"},"query-input":{"@type":"PropertyValueSpecification","valueRequired":true,"valueName":"search_term_string"}}],"inLanguage":"it-IT"},{"@type":"Organization","@id":"https:\/\/www.monaco-tribune.com\/it\/#organization","name":"Monaco Tribune","url":"https:\/\/www.monaco-tribune.com\/it\/","logo":{"@type":"ImageObject","inLanguage":"it-IT","@id":"https:\/\/www.monaco-tribune.com\/it\/#\/schema\/logo\/image\/","url":"https:\/\/www.monaco-tribune.com\/wp-content\/uploads\/2022\/11\/logo-monaco-tribune.png","contentUrl":"https:\/\/www.monaco-tribune.com\/wp-content\/uploads\/2022\/11\/logo-monaco-tribune.png","width":1548,"height":600,"caption":"Monaco Tribune"},"image":{"@id":"https:\/\/www.monaco-tribune.com\/it\/#\/schema\/logo\/image\/"},"sameAs":["https:\/\/www.facebook.com\/MonacoTribune","https:\/\/x.com\/MonacoTribune","https:\/\/www.instagram.com\/monacotribune\/","https:\/\/www.linkedin.com\/company\/monaco-tribune","https:\/\/www.youtube.com\/channel\/UCHle1MnG6hw1y4lWKijVbMA"]},{"@type":"Person","@id":"https:\/\/www.monaco-tribune.com\/it\/#\/schema\/person\/c33a9f1bc99ef5a2e07d37c576060b57","name":"Paul Charoy","image":{"@type":"ImageObject","inLanguage":"it-IT","@id":"https:\/\/secure.gravatar.com\/avatar\/c3a39fd900275d54a628738568f1949e90ce9945d105d000228335a7bad64b38?s=96&d=mm&r=g","url":"https:\/\/secure.gravatar.com\/avatar\/c3a39fd900275d54a628738568f1949e90ce9945d105d000228335a7bad64b38?s=96&d=mm&r=g","contentUrl":"https:\/\/secure.gravatar.com\/avatar\/c3a39fd900275d54a628738568f1949e90ce9945d105d000228335a7bad64b38?s=96&d=mm&r=g","caption":"Paul Charoy"},"url":"https:\/\/www.monaco-tribune.com\/it\/author\/paulcharoy\/"}]}},"_links":{"self":[{"href":"https:\/\/www.monaco-tribune.com\/it\/wp-json\/wp\/v2\/posts\/123334","targetHints":{"allow":["GET"]}}],"collection":[{"href":"https:\/\/www.monaco-tribune.com\/it\/wp-json\/wp\/v2\/posts"}],"about":[{"href":"https:\/\/www.monaco-tribune.com\/it\/wp-json\/wp\/v2\/types\/post"}],"author":[{"embeddable":true,"href":"https:\/\/www.monaco-tribune.com\/it\/wp-json\/wp\/v2\/users\/65"}],"replies":[{"embeddable":true,"href":"https:\/\/www.monaco-tribune.com\/it\/wp-json\/wp\/v2\/comments?post=123334"}],"version-history":[{"count":0,"href":"https:\/\/www.monaco-tribune.com\/it\/wp-json\/wp\/v2\/posts\/123334\/revisions"}],"wp:featuredmedia":[{"embeddable":true,"href":"https:\/\/www.monaco-tribune.com\/it\/wp-json\/wp\/v2\/media\/123135"}],"wp:attachment":[{"href":"https:\/\/www.monaco-tribune.com\/it\/wp-json\/wp\/v2\/media?parent=123334"}],"wp:term":[{"taxonomy":"category","embeddable":true,"href":"https:\/\/www.monaco-tribune.com\/it\/wp-json\/wp\/v2\/categories?post=123334"},{"taxonomy":"post_tag","embeddable":true,"href":"https:\/\/www.monaco-tribune.com\/it\/wp-json\/wp\/v2\/tags?post=123334"},{"taxonomy":"sectag","embeddable":true,"href":"https:\/\/www.monaco-tribune.com\/it\/wp-json\/wp\/v2\/post_sectags?post=123334"},{"taxonomy":"format","embeddable":true,"href":"https:\/\/www.monaco-tribune.com\/it\/wp-json\/wp\/v2\/post_format?post=123334"}],"curies":[{"name":"wp","href":"https:\/\/api.w.org\/{rel}","templated":true}]}}