{"id":123797,"date":"2022-05-26T16:45:32","date_gmt":"2022-05-26T14:45:32","guid":{"rendered":"https:\/\/www.monaco-tribune.com\/2022\/05\/monaco-disease-power-accogliere-supportare-e-intrattenere-i-giovani-con-disabilita\/"},"modified":"2022-05-26T16:46:34","modified_gmt":"2022-05-26T14:46:34","slug":"monaco-disease-power-accogliere-supportare-e-intrattenere-i-giovani-con-disabilita","status":"publish","type":"post","link":"https:\/\/www.monaco-tribune.com\/it\/2022\/05\/monaco-disease-power-accogliere-supportare-e-intrattenere-i-giovani-con-disabilita\/","title":{"rendered":"Monaco Disease Power: accogliere, supportare e intrattenere i giovani con disabilit\u00e0"},"content":{"rendered":"\n<p><strong>L&#8217;organizzazione ha due centri di accoglienza nel dipartimento delle Alpi dell&#8217;Alta Provenza e un centro diurno a Monaco.<\/strong><\/p>\n\n\n\n<p>Questo mese, l&#8217;articolo della nostra nuova serie dedicata alle associazioni del Principato e della Costa Azzurra \u00e8 dedicato alla Monaco Disease Power, fondata nel 2007.<\/p>\n\n\n\n<p>Un&#8217;oasi di pace, nel cuore di Monte-Carlo. \u00c8 in questa casa che l&#8217;associazione Monaco Disease Power accoglie da quindici anni i giovani con disabilit\u00e0, subentrando cos\u00ec agli istituti medici e specialistici.<\/p>\n\n\n\n<blockquote class=\"wp-block-quote is-layout-flow wp-block-quote-is-layout-flow\"><p>Ces jeunes sont comme tout le monde. Ils ont envie de voir des copains, de faire des activit\u00e9s&#8230;<\/p><cite>Muriel Natali-Laure, Presidentessa di Monaco Disease Power<\/cite><\/blockquote>\n\n\n\n<p>Dietro questo progetto c&#8217;\u00e8 Muriel Natali-Laure, anche lei madre di una ragazza disabile. Nel corso dell&#8217;infanzia di sua figlia si \u00e8 resa conto che non esisteva alcun supporto per le famiglie durante la chiusura degli istituti specializzati, ovvero il mercoled\u00ec pomeriggio, il sabato e per le vacanze scolastiche: \u201ci classici centri estivi sono aperti ai bambini disabili, ma alcune disabilit\u00e0 richiedono attrezzature speciali e accettano solo bambini fino a dodici anni&#8221;.<\/p>\n\n\n\n<div class=\"wp-block-image\"><figure class=\"aligncenter size-full\"><img loading=\"lazy\" decoding=\"async\" width=\"1020\" height=\"680\" src=\"https:\/\/www.monaco-tribune.com\/wp-content\/uploads\/2022\/05\/monaco-disease-power-patrick-baudry.jpeg\" alt=\"monaco-disease-power-patrick-baudry\" class=\"wp-image-123449\" srcset=\"https:\/\/www.monaco-tribune.com\/wp-content\/uploads\/2022\/05\/monaco-disease-power-patrick-baudry.jpeg 1020w, https:\/\/www.monaco-tribune.com\/wp-content\/uploads\/2022\/05\/monaco-disease-power-patrick-baudry-450x300.jpeg 450w\" sizes=\"auto, (max-width: 1020px) 100vw, 1020px\" \/><figcaption><em>A sinistra, l&#8217;astronauta Patrick Baudry, sponsor dell&#8217;associazione \/ a destra, Muriel Natali-Laure, presidente dell&#8217;associazione \u2013 DR<\/em><\/figcaption><\/figure><\/div>\n\n\n\n<p>Monaco Disease Power non \u00e8 n\u00e9 un centro specializzato n\u00e9 un asilo nido, ma offre ai suoi soci della Costa Azzurra (dai tre ai trent&#8217;anni) tutta una serie di attivit\u00e0: passeggiate, piscina, spiaggia, visite ai musei, escursioni, cinema, minigolf, yoga, laboratori di pittura, laboratori di cucina, corsi di vela (in collaborazione con lo Yacht Club di Monaco), l&#8217;apprendimento dei gesti quotidiani o anche gite con gli asini.<\/p>\n\n\n\n<h2 class=\"wp-block-heading\" id=\"h-inclusione-e-socializzazione\">Inclusione e socializzazione<\/h2>\n\n\n\n<p>&#8220;Questi ragazzi sono come tutti gli altri&#8221;, afferma Muriel. &#8220;Vogliono vedere gli amici, fare attivit\u00e0\u2026\u201d L&#8217;obiettivo \u00e8 quindi quello di consentire ai suoi iscritti affetti da disabilit\u00e0 mentali e\/o autismo di lavorare sull&#8217;inclusione e la socializzazione. Insegnare loro ad acquisire autonomia, tenendo conto della loro disabilit\u00e0.<\/p>\n\n\n\n<p>E funziona! Gil, 25 anni, soffre di un ritardo mentale. Insieme a Nour Eddine, che si prende cura di lui al centro, ci svela le sue attivit\u00e0 preferite. Mangiare, ovviamente, e soprattutto pizza! Ma al ragazzo, molto sorridente, piacciono anche i puzzle, la spiaggia, il ciclismo, l&#8217;equitazione e lo yoga.<\/p>\n\n\n\n<div class=\"wp-block-image\"><figure class=\"aligncenter size-full\"><img loading=\"lazy\" decoding=\"async\" width=\"1020\" height=\"680\" src=\"https:\/\/www.monaco-tribune.com\/wp-content\/uploads\/2022\/05\/monaco-disease-power-gil-1.jpg\" alt=\"monaco-disease-power-gil\" class=\"wp-image-123429\" srcset=\"https:\/\/www.monaco-tribune.com\/wp-content\/uploads\/2022\/05\/monaco-disease-power-gil-1.jpg 1020w, https:\/\/www.monaco-tribune.com\/wp-content\/uploads\/2022\/05\/monaco-disease-power-gil-1-450x300.jpg 450w\" sizes=\"auto, (max-width: 1020px) 100vw, 1020px\" \/><figcaption><em>Gil &#8211; DR<\/em><\/figcaption><\/figure><\/div>\n\n\n\n<p>Per i genitori, il centro rappresenta un sollievo dal carico della vita di tutti i giorni. Ne \u00e8 la dimostrazione Amel, madre di Djilalli, un giovane autistico di 27 anni, che non ha ancora trovato posto in un istituto per adulti. &#8220;Gli piace venire qui, ed \u00e8 gi\u00e0 tanto perch\u00e9 quando non gli piace una cosa, non vuole farla. Ma qui \u00e8 molto felice! Gli piacciono i laboratori di cucina e adora rifare le ricette a casa. Sono grata che l&#8217;associazione esista. \u00c8 un vero aiuto durante le vacanze scolastiche: supervisionare i nostri ragazzi a casa pu\u00f2 essere un po&#8217; complicato, soprattutto quando si lavora. Monaco Disease Power ha fatto molto per i nostri figli&#8221;.<\/p>\n\n\n\n<div class=\"wp-block-image\"><figure class=\"aligncenter size-full\"><img loading=\"lazy\" decoding=\"async\" width=\"1020\" height=\"680\" src=\"https:\/\/www.monaco-tribune.com\/wp-content\/uploads\/2022\/05\/monaco-disease-power-djilalli-1.jpg\" alt=\"monaco-disease-power-djilalli\" class=\"wp-image-123421\" srcset=\"https:\/\/www.monaco-tribune.com\/wp-content\/uploads\/2022\/05\/monaco-disease-power-djilalli-1.jpg 1020w, https:\/\/www.monaco-tribune.com\/wp-content\/uploads\/2022\/05\/monaco-disease-power-djilalli-1-450x300.jpg 450w\" sizes=\"auto, (max-width: 1020px) 100vw, 1020px\" \/><figcaption><em>Djilalli &#8211; DR<\/em><\/figcaption><\/figure><\/div>\n\n\n\n<p><strong>LEGGI ANCHE<\/strong>: <a href=\"https:\/\/www.monaco-tribune.com\/it\/2021\/08\/ritratto-bouran-bouery-e-lassociazione-les-amis-du-liban-in-aiuto-di-un-popolo-traumatizzato\/\">Bouran Bouery e l\u2019associazione Les Amis du Liban, in aiuto di un popolo traumatizzato<\/a><\/p>\n\n\n\n<p>I ragazzi affetti da autismo rappresentano quasi il 90% dei soci. Per questo motivo, l&#8217;associazione lavora a stretto contatto con la professoressa Catherine Barth\u00e9l\u00e9my, psichiatra infantile e professoressa emerita di medicina presso l&#8217;Ospedale Universitario di Tours, che ha fatto dell&#8217;autismo la sua specializzazione. &#8220;\u00c8 un punto di riferimento importante in Francia, ma anche a livello internazionale&#8221;, aggiunge Muriel.<\/p>\n\n\n\n<p>La presidente dell&#8217;associazione ha voluto anche circondarsi di un team solido, per garantire la migliore accoglienza ai ragazzi. La dottoressa Cinzia Pierraccini, neuropsichiatra di Montelupo (in Toscana), fa regolarmente visita all&#8217;associazione per condividere il suo punto di vista e i suoi consigli con gli accompagnatori che lavorano sul posto e offrono a ogni ragazzo un supporto individuale.<\/p>\n\n\n\n<h2 class=\"wp-block-heading\" id=\"h-far-fronte-alla-mancanza-di-posti\">Far fronte alla mancanza di posti<\/h2>\n\n\n\n<p>Questo lavoro di ampio respiro, che assicura il monitoraggio regolare di 25 ragazzi al ritmo di una decina al giorno, pu\u00f2 essere svolto soprattutto grazie ai numerosi aiuti che riceve l&#8217;associazione. Oltre a un sussidio annuale versato dal Governo del Principe, Monaco Disease Power pu\u00f2 contare sul sostegno di numerose organizzazioni, come la Croce Rossa Monegasca, la Fondazione Cuomo, la Fondazione Salus Charity, la Fondazione Sancta Devota e <a href=\"https:\/\/www.monaco-tribune.com\/it\/2022\/05\/majid-boustany-quando-bacon-ha-fatto-irruzione-nella-mia-vita-sono-rimasto-affascinato-da-questo-gigante-singolare\/\">la Fondazione Boustany<\/a>.<\/p>\n\n\n\n<p>Un sostegno sufficiente per supportare economicamente l\u2019organizzazione, che si occupa di quelle famiglie che sono in attesa che si liberi un posto in un istituto specializzato. In Francia, l&#8217;emendamento \u201cCreton\u201d del 13 gennaio 1989 consente ai giovani adulti di essere ospitati in strutture e servizi per bambini con disabilit\u00e0 nell&#8217;attesa che trovino un posto in una casa per adulti. Prima di allora, dovevano obbligatoriamente lasciare la struttura a vent&#8217;anni.<\/p>\n\n\n\n<p><strong>LEGGI ANCHE<\/strong>: <a href=\"https:\/\/www.monaco-tribune.com\/it\/2021\/11\/cena-annuale-di-beneficienza-di-monaco-disease-power-in-perfetto-stile-scozzese\/\">Cena annuale di beneficenza di Monaco Disease Power in perfetto stile scozzese<\/a><\/p>\n\n\n\n<h2 class=\"wp-block-heading\" id=\"h-come-possiamo-aiutare\">Come possiamo aiutare?<\/h2>\n\n\n\n<p>Di fatto, i posti nelle strutture adatte restano sempre troppo pochi rispetto alla domanda. La Maison D\u00e9partementale des Personnes Handicap\u00e9es des Alpes-Maritimes conta oggi una cinquantina di strutture per adulti con disabilit\u00e0 in tutto il dipartimento. Ma la distanza geografica, il numero limitato di posti e la capacit\u00e0 di accogliere diverse disabilit\u00e0 possono rappresentare un freno per le famiglie.<\/p>\n\n\n\n<div class=\"wp-block-image\"><figure class=\"aligncenter size-full\"><img loading=\"lazy\" decoding=\"async\" width=\"1020\" height=\"680\" src=\"https:\/\/www.monaco-tribune.com\/wp-content\/uploads\/2022\/05\/monaco-disease-power-maison-des-copains@olivier-anrigo-1.jpg\" alt=\"monaco-disease-power-maison-des-copains\" class=\"wp-image-123433\" srcset=\"https:\/\/www.monaco-tribune.com\/wp-content\/uploads\/2022\/05\/monaco-disease-power-maison-des-copains@olivier-anrigo-1.jpg 1020w, https:\/\/www.monaco-tribune.com\/wp-content\/uploads\/2022\/05\/monaco-disease-power-maison-des-copains@olivier-anrigo-1-450x300.jpg 450w\" sizes=\"auto, (max-width: 1020px) 100vw, 1020px\" \/><figcaption><em>La Maison des Copains @ Olivier Anrigo<\/em><\/figcaption><\/figure><\/div>\n\n\n\n<p>Muriel Natali-Laure ha anche in serbo un altro progetto che sta per concretizzarsi: costruire una terza casa ad Annot, nel dipartimento 04, che possa ospitare, all&#8217;interno di alloggi inclusivi, ragazzi affetti da autismo e i loro accompagnatori, cos\u00ec come fanno la Maison d&#8217;Am\u00e9lie e la Maison des Copains. Se tutto va bene, questa nuova struttura dovrebbe vedere presto la luce, con l&#8217;inizio dei lavori previsto per il 2023.<\/p>\n\n\n\n<p>Per sostenere Monaco Disease Power e i suoi progetti, potete fare una donazione <a href=\"https:\/\/www.monacodiseasepower.com\/fr\/contact.html\">compilando il modulo online<\/a>. Ma per Muriel Natali-Laure la cosa migliore che potete fare \u00e8 andare direttamente a incontrare i membri dell&#8217;associazione e scoprire tutte le iniziative.<\/p>\n","protected":false},"excerpt":{"rendered":"<p>L&#8217;organizzazione ha due centri di accoglienza nel dipartimento delle Alpi dell&#8217;Alta Provenza e un centro diurno a Monaco. Questo mese, [&hellip;]<\/p>\n","protected":false},"author":60,"featured_media":123413,"comment_status":"closed","ping_status":"closed","sticky":false,"template":"","format":"standard","meta":{"_acf_changed":false,"footnotes":""},"categories":[1826,1738,1752],"tags":[],"post_sectags":[],"post_format":[2476],"class_list":["post-123797","post","type-post","status-publish","format-standard","has-post-thumbnail","hentry","category-la-nostra-scelta","category-notizie","category-societa","format-intervista"],"acf":[],"yoast_head":"<!-- This site is optimized with the Yoast SEO Premium plugin v26.8 (Yoast SEO v27.4) - https:\/\/yoast.com\/product\/yoast-seo-premium-wordpress\/ -->\n<title>Monaco Disease Power: accogliere, supportare e intrattenere i giovani con disabilit\u00e0<\/title>\n<meta name=\"description\" content=\"L&#039;organizzazione ha due centri di accoglienza nel dipartimento delle Alpi dell&#039;Alta Provenza e un centro diurno a Monaco. Questo mese, l&#039;articolo della\" \/>\n<meta name=\"robots\" content=\"index, follow, max-snippet:-1, max-image-preview:large, max-video-preview:-1\" \/>\n<link rel=\"canonical\" href=\"https:\/\/www.monaco-tribune.com\/it\/2022\/05\/monaco-disease-power-accogliere-supportare-e-intrattenere-i-giovani-con-disabilita\/\" \/>\n<meta property=\"og:locale\" content=\"it_IT\" \/>\n<meta property=\"og:type\" content=\"article\" \/>\n<meta property=\"og:title\" content=\"Monaco Disease Power: accogliere, supportare e intrattenere i giovani con disabilit\u00e0 - Monaco Tribune\" \/>\n<meta property=\"og:description\" content=\"L&#039;organizzazione ha due centri di accoglienza nel dipartimento delle Alpi dell&#039;Alta Provenza e un centro diurno a Monaco. Questo mese, l&#039;articolo della\" \/>\n<meta property=\"og:url\" content=\"https:\/\/www.monaco-tribune.com\/it\/2022\/05\/monaco-disease-power-accogliere-supportare-e-intrattenere-i-giovani-con-disabilita\/\" \/>\n<meta property=\"og:site_name\" content=\"Monaco Tribune\" \/>\n<meta property=\"article:publisher\" content=\"https:\/\/www.facebook.com\/MonacoTribune\" \/>\n<meta property=\"article:published_time\" content=\"2022-05-26T14:45:32+00:00\" \/>\n<meta property=\"article:modified_time\" content=\"2022-05-26T14:46:34+00:00\" \/>\n<meta property=\"og:image\" content=\"https:\/\/www.monaco-tribune.com\/wp-content\/uploads\/2022\/05\/monaco-disease-power-atelier-pizza\u00a9catherine-filliol-1134692.jpg\" \/>\n\t<meta property=\"og:image:width\" content=\"1020\" \/>\n\t<meta property=\"og:image:height\" content=\"680\" \/>\n\t<meta property=\"og:image:type\" content=\"image\/jpeg\" \/>\n<meta name=\"author\" content=\"Camille Esteve\" \/>\n<meta name=\"twitter:card\" content=\"summary_large_image\" \/>\n<meta name=\"twitter:creator\" content=\"@MonacoTribune\" \/>\n<meta name=\"twitter:site\" content=\"@MonacoTribune\" \/>\n<script type=\"application\/ld+json\" class=\"yoast-schema-graph\">{\"@context\":\"https:\\\/\\\/schema.org\",\"@graph\":[{\"@type\":\"NewsArticle\",\"@id\":\"https:\\\/\\\/www.monaco-tribune.com\\\/it\\\/2022\\\/05\\\/monaco-disease-power-accogliere-supportare-e-intrattenere-i-giovani-con-disabilita\\\/#article\",\"isPartOf\":{\"@id\":\"https:\\\/\\\/www.monaco-tribune.com\\\/it\\\/2022\\\/05\\\/monaco-disease-power-accogliere-supportare-e-intrattenere-i-giovani-con-disabilita\\\/\"},\"author\":{\"name\":\"Camille Esteve\",\"@id\":\"https:\\\/\\\/www.monaco-tribune.com\\\/it\\\/#\\\/schema\\\/person\\\/a855d420fff4d03637641d60b93ac62e\"},\"headline\":\"Monaco Disease Power: accogliere, supportare e intrattenere i giovani con disabilit\u00e0\",\"datePublished\":\"2022-05-26T14:45:32+00:00\",\"dateModified\":\"2022-05-26T14:46:34+00:00\",\"mainEntityOfPage\":{\"@id\":\"https:\\\/\\\/www.monaco-tribune.com\\\/it\\\/2022\\\/05\\\/monaco-disease-power-accogliere-supportare-e-intrattenere-i-giovani-con-disabilita\\\/\"},\"wordCount\":966,\"publisher\":{\"@id\":\"https:\\\/\\\/www.monaco-tribune.com\\\/it\\\/#organization\"},\"image\":{\"@id\":\"https:\\\/\\\/www.monaco-tribune.com\\\/it\\\/2022\\\/05\\\/monaco-disease-power-accogliere-supportare-e-intrattenere-i-giovani-con-disabilita\\\/#primaryimage\"},\"thumbnailUrl\":\"https:\\\/\\\/www.monaco-tribune.com\\\/wp-content\\\/uploads\\\/2022\\\/05\\\/monaco-disease-power-atelier-pizza\u00a9catherine-filliol-1134692.jpg\",\"articleSection\":[\"La nostra scelta\",\"Notizie\",\"Societ\u00e0\"],\"inLanguage\":\"it-IT\",\"copyrightYear\":\"2022\",\"copyrightHolder\":{\"@id\":\"https:\\\/\\\/www.monaco-tribune.com\\\/#organization\"}},{\"@type\":\"WebPage\",\"@id\":\"https:\\\/\\\/www.monaco-tribune.com\\\/it\\\/2022\\\/05\\\/monaco-disease-power-accogliere-supportare-e-intrattenere-i-giovani-con-disabilita\\\/\",\"url\":\"https:\\\/\\\/www.monaco-tribune.com\\\/it\\\/2022\\\/05\\\/monaco-disease-power-accogliere-supportare-e-intrattenere-i-giovani-con-disabilita\\\/\",\"name\":\"Monaco Disease Power: accogliere, supportare e intrattenere i giovani con disabilit\u00e0\",\"isPartOf\":{\"@id\":\"https:\\\/\\\/www.monaco-tribune.com\\\/it\\\/#website\"},\"primaryImageOfPage\":{\"@id\":\"https:\\\/\\\/www.monaco-tribune.com\\\/it\\\/2022\\\/05\\\/monaco-disease-power-accogliere-supportare-e-intrattenere-i-giovani-con-disabilita\\\/#primaryimage\"},\"image\":{\"@id\":\"https:\\\/\\\/www.monaco-tribune.com\\\/it\\\/2022\\\/05\\\/monaco-disease-power-accogliere-supportare-e-intrattenere-i-giovani-con-disabilita\\\/#primaryimage\"},\"thumbnailUrl\":\"https:\\\/\\\/www.monaco-tribune.com\\\/wp-content\\\/uploads\\\/2022\\\/05\\\/monaco-disease-power-atelier-pizza\u00a9catherine-filliol-1134692.jpg\",\"datePublished\":\"2022-05-26T14:45:32+00:00\",\"dateModified\":\"2022-05-26T14:46:34+00:00\",\"description\":\"L'organizzazione ha due centri di accoglienza nel dipartimento delle Alpi dell'Alta Provenza e un centro diurno a Monaco. Questo mese, l'articolo della\",\"breadcrumb\":{\"@id\":\"https:\\\/\\\/www.monaco-tribune.com\\\/it\\\/2022\\\/05\\\/monaco-disease-power-accogliere-supportare-e-intrattenere-i-giovani-con-disabilita\\\/#breadcrumb\"},\"inLanguage\":\"it-IT\",\"potentialAction\":[{\"@type\":\"ReadAction\",\"target\":[\"https:\\\/\\\/www.monaco-tribune.com\\\/it\\\/2022\\\/05\\\/monaco-disease-power-accogliere-supportare-e-intrattenere-i-giovani-con-disabilita\\\/\"]}]},{\"@type\":\"ImageObject\",\"inLanguage\":\"it-IT\",\"@id\":\"https:\\\/\\\/www.monaco-tribune.com\\\/it\\\/2022\\\/05\\\/monaco-disease-power-accogliere-supportare-e-intrattenere-i-giovani-con-disabilita\\\/#primaryimage\",\"url\":\"https:\\\/\\\/www.monaco-tribune.com\\\/wp-content\\\/uploads\\\/2022\\\/05\\\/monaco-disease-power-atelier-pizza\u00a9catherine-filliol-1134692.jpg\",\"contentUrl\":\"https:\\\/\\\/www.monaco-tribune.com\\\/wp-content\\\/uploads\\\/2022\\\/05\\\/monaco-disease-power-atelier-pizza\u00a9catherine-filliol-1134692.jpg\",\"width\":1020,\"height\":680,\"caption\":\"Catherine Filliol\"},{\"@type\":\"BreadcrumbList\",\"@id\":\"https:\\\/\\\/www.monaco-tribune.com\\\/it\\\/2022\\\/05\\\/monaco-disease-power-accogliere-supportare-e-intrattenere-i-giovani-con-disabilita\\\/#breadcrumb\",\"itemListElement\":[{\"@type\":\"ListItem\",\"position\":1,\"name\":\"Accueil\",\"item\":\"https:\\\/\\\/www.monaco-tribune.com\\\/it\\\/\"},{\"@type\":\"ListItem\",\"position\":2,\"name\":\"Monaco Disease Power: accogliere, supportare e intrattenere i giovani con disabilit\u00e0\"}]},{\"@type\":\"WebSite\",\"@id\":\"https:\\\/\\\/www.monaco-tribune.com\\\/it\\\/#website\",\"url\":\"https:\\\/\\\/www.monaco-tribune.com\\\/it\\\/\",\"name\":\"Monaco Tribune\",\"description\":\"Monaco : actualit\u00e9s \u00e9conomiques, politiques, culturelles et sportives de Monaco et de la French Riviera.\",\"publisher\":{\"@id\":\"https:\\\/\\\/www.monaco-tribune.com\\\/it\\\/#organization\"},\"potentialAction\":[{\"@type\":\"SearchAction\",\"target\":{\"@type\":\"EntryPoint\",\"urlTemplate\":\"https:\\\/\\\/www.monaco-tribune.com\\\/it\\\/?s={search_term_string}\"},\"query-input\":{\"@type\":\"PropertyValueSpecification\",\"valueRequired\":true,\"valueName\":\"search_term_string\"}}],\"inLanguage\":\"it-IT\"},{\"@type\":\"Organization\",\"@id\":\"https:\\\/\\\/www.monaco-tribune.com\\\/it\\\/#organization\",\"name\":\"Monaco Tribune\",\"url\":\"https:\\\/\\\/www.monaco-tribune.com\\\/it\\\/\",\"logo\":{\"@type\":\"ImageObject\",\"inLanguage\":\"it-IT\",\"@id\":\"https:\\\/\\\/www.monaco-tribune.com\\\/it\\\/#\\\/schema\\\/logo\\\/image\\\/\",\"url\":\"https:\\\/\\\/www.monaco-tribune.com\\\/wp-content\\\/uploads\\\/2022\\\/11\\\/logo-monaco-tribune.png\",\"contentUrl\":\"https:\\\/\\\/www.monaco-tribune.com\\\/wp-content\\\/uploads\\\/2022\\\/11\\\/logo-monaco-tribune.png\",\"width\":1548,\"height\":600,\"caption\":\"Monaco Tribune\"},\"image\":{\"@id\":\"https:\\\/\\\/www.monaco-tribune.com\\\/it\\\/#\\\/schema\\\/logo\\\/image\\\/\"},\"sameAs\":[\"https:\\\/\\\/www.facebook.com\\\/MonacoTribune\",\"https:\\\/\\\/x.com\\\/MonacoTribune\",\"https:\\\/\\\/www.instagram.com\\\/monacotribune\\\/\",\"https:\\\/\\\/www.linkedin.com\\\/company\\\/monaco-tribune\",\"https:\\\/\\\/www.youtube.com\\\/channel\\\/UCHle1MnG6hw1y4lWKijVbMA\"]},{\"@type\":\"Person\",\"@id\":\"https:\\\/\\\/www.monaco-tribune.com\\\/it\\\/#\\\/schema\\\/person\\\/a855d420fff4d03637641d60b93ac62e\",\"name\":\"Camille Esteve\",\"image\":{\"@type\":\"ImageObject\",\"inLanguage\":\"it-IT\",\"@id\":\"https:\\\/\\\/secure.gravatar.com\\\/avatar\\\/eaaa2355a7bb56c0018a391c20a55bf9b4690e3f493231dd850e612bfa6ce161?s=96&d=mm&r=g\",\"url\":\"https:\\\/\\\/secure.gravatar.com\\\/avatar\\\/eaaa2355a7bb56c0018a391c20a55bf9b4690e3f493231dd850e612bfa6ce161?s=96&d=mm&r=g\",\"contentUrl\":\"https:\\\/\\\/secure.gravatar.com\\\/avatar\\\/eaaa2355a7bb56c0018a391c20a55bf9b4690e3f493231dd850e612bfa6ce161?s=96&d=mm&r=g\",\"caption\":\"Camille Esteve\"},\"url\":\"https:\\\/\\\/www.monaco-tribune.com\\\/it\\\/author\\\/camilleesteve\\\/\"}]}<\/script>\n<!-- \/ Yoast SEO Premium plugin. -->","yoast_head_json":{"title":"Monaco Disease Power: accogliere, supportare e intrattenere i giovani con disabilit\u00e0","description":"L'organizzazione ha due centri di accoglienza nel dipartimento delle Alpi dell'Alta Provenza e un centro diurno a Monaco. Questo mese, l'articolo della","robots":{"index":"index","follow":"follow","max-snippet":"max-snippet:-1","max-image-preview":"max-image-preview:large","max-video-preview":"max-video-preview:-1"},"canonical":"https:\/\/www.monaco-tribune.com\/it\/2022\/05\/monaco-disease-power-accogliere-supportare-e-intrattenere-i-giovani-con-disabilita\/","og_locale":"it_IT","og_type":"article","og_title":"Monaco Disease Power: accogliere, supportare e intrattenere i giovani con disabilit\u00e0 - Monaco Tribune","og_description":"L'organizzazione ha due centri di accoglienza nel dipartimento delle Alpi dell'Alta Provenza e un centro diurno a Monaco. Questo mese, l'articolo della","og_url":"https:\/\/www.monaco-tribune.com\/it\/2022\/05\/monaco-disease-power-accogliere-supportare-e-intrattenere-i-giovani-con-disabilita\/","og_site_name":"Monaco Tribune","article_publisher":"https:\/\/www.facebook.com\/MonacoTribune","article_published_time":"2022-05-26T14:45:32+00:00","article_modified_time":"2022-05-26T14:46:34+00:00","og_image":[{"width":1020,"height":680,"url":"https:\/\/www.monaco-tribune.com\/wp-content\/uploads\/2022\/05\/monaco-disease-power-atelier-pizza\u00a9catherine-filliol-1134692.jpg","type":"image\/jpeg"}],"author":"Camille Esteve","twitter_card":"summary_large_image","twitter_creator":"@MonacoTribune","twitter_site":"@MonacoTribune","schema":{"@context":"https:\/\/schema.org","@graph":[{"@type":"NewsArticle","@id":"https:\/\/www.monaco-tribune.com\/it\/2022\/05\/monaco-disease-power-accogliere-supportare-e-intrattenere-i-giovani-con-disabilita\/#article","isPartOf":{"@id":"https:\/\/www.monaco-tribune.com\/it\/2022\/05\/monaco-disease-power-accogliere-supportare-e-intrattenere-i-giovani-con-disabilita\/"},"author":{"name":"Camille Esteve","@id":"https:\/\/www.monaco-tribune.com\/it\/#\/schema\/person\/a855d420fff4d03637641d60b93ac62e"},"headline":"Monaco Disease Power: accogliere, supportare e intrattenere i giovani con disabilit\u00e0","datePublished":"2022-05-26T14:45:32+00:00","dateModified":"2022-05-26T14:46:34+00:00","mainEntityOfPage":{"@id":"https:\/\/www.monaco-tribune.com\/it\/2022\/05\/monaco-disease-power-accogliere-supportare-e-intrattenere-i-giovani-con-disabilita\/"},"wordCount":966,"publisher":{"@id":"https:\/\/www.monaco-tribune.com\/it\/#organization"},"image":{"@id":"https:\/\/www.monaco-tribune.com\/it\/2022\/05\/monaco-disease-power-accogliere-supportare-e-intrattenere-i-giovani-con-disabilita\/#primaryimage"},"thumbnailUrl":"https:\/\/www.monaco-tribune.com\/wp-content\/uploads\/2022\/05\/monaco-disease-power-atelier-pizza\u00a9catherine-filliol-1134692.jpg","articleSection":["La nostra scelta","Notizie","Societ\u00e0"],"inLanguage":"it-IT","copyrightYear":"2022","copyrightHolder":{"@id":"https:\/\/www.monaco-tribune.com\/#organization"}},{"@type":"WebPage","@id":"https:\/\/www.monaco-tribune.com\/it\/2022\/05\/monaco-disease-power-accogliere-supportare-e-intrattenere-i-giovani-con-disabilita\/","url":"https:\/\/www.monaco-tribune.com\/it\/2022\/05\/monaco-disease-power-accogliere-supportare-e-intrattenere-i-giovani-con-disabilita\/","name":"Monaco Disease Power: accogliere, supportare e intrattenere i giovani con disabilit\u00e0","isPartOf":{"@id":"https:\/\/www.monaco-tribune.com\/it\/#website"},"primaryImageOfPage":{"@id":"https:\/\/www.monaco-tribune.com\/it\/2022\/05\/monaco-disease-power-accogliere-supportare-e-intrattenere-i-giovani-con-disabilita\/#primaryimage"},"image":{"@id":"https:\/\/www.monaco-tribune.com\/it\/2022\/05\/monaco-disease-power-accogliere-supportare-e-intrattenere-i-giovani-con-disabilita\/#primaryimage"},"thumbnailUrl":"https:\/\/www.monaco-tribune.com\/wp-content\/uploads\/2022\/05\/monaco-disease-power-atelier-pizza\u00a9catherine-filliol-1134692.jpg","datePublished":"2022-05-26T14:45:32+00:00","dateModified":"2022-05-26T14:46:34+00:00","description":"L'organizzazione ha due centri di accoglienza nel dipartimento delle Alpi dell'Alta Provenza e un centro diurno a Monaco. Questo mese, l'articolo della","breadcrumb":{"@id":"https:\/\/www.monaco-tribune.com\/it\/2022\/05\/monaco-disease-power-accogliere-supportare-e-intrattenere-i-giovani-con-disabilita\/#breadcrumb"},"inLanguage":"it-IT","potentialAction":[{"@type":"ReadAction","target":["https:\/\/www.monaco-tribune.com\/it\/2022\/05\/monaco-disease-power-accogliere-supportare-e-intrattenere-i-giovani-con-disabilita\/"]}]},{"@type":"ImageObject","inLanguage":"it-IT","@id":"https:\/\/www.monaco-tribune.com\/it\/2022\/05\/monaco-disease-power-accogliere-supportare-e-intrattenere-i-giovani-con-disabilita\/#primaryimage","url":"https:\/\/www.monaco-tribune.com\/wp-content\/uploads\/2022\/05\/monaco-disease-power-atelier-pizza\u00a9catherine-filliol-1134692.jpg","contentUrl":"https:\/\/www.monaco-tribune.com\/wp-content\/uploads\/2022\/05\/monaco-disease-power-atelier-pizza\u00a9catherine-filliol-1134692.jpg","width":1020,"height":680,"caption":"Catherine Filliol"},{"@type":"BreadcrumbList","@id":"https:\/\/www.monaco-tribune.com\/it\/2022\/05\/monaco-disease-power-accogliere-supportare-e-intrattenere-i-giovani-con-disabilita\/#breadcrumb","itemListElement":[{"@type":"ListItem","position":1,"name":"Accueil","item":"https:\/\/www.monaco-tribune.com\/it\/"},{"@type":"ListItem","position":2,"name":"Monaco Disease Power: accogliere, supportare e intrattenere i giovani con disabilit\u00e0"}]},{"@type":"WebSite","@id":"https:\/\/www.monaco-tribune.com\/it\/#website","url":"https:\/\/www.monaco-tribune.com\/it\/","name":"Monaco Tribune","description":"Monaco : actualit\u00e9s \u00e9conomiques, politiques, culturelles et sportives de Monaco et de la French Riviera.","publisher":{"@id":"https:\/\/www.monaco-tribune.com\/it\/#organization"},"potentialAction":[{"@type":"SearchAction","target":{"@type":"EntryPoint","urlTemplate":"https:\/\/www.monaco-tribune.com\/it\/?s={search_term_string}"},"query-input":{"@type":"PropertyValueSpecification","valueRequired":true,"valueName":"search_term_string"}}],"inLanguage":"it-IT"},{"@type":"Organization","@id":"https:\/\/www.monaco-tribune.com\/it\/#organization","name":"Monaco Tribune","url":"https:\/\/www.monaco-tribune.com\/it\/","logo":{"@type":"ImageObject","inLanguage":"it-IT","@id":"https:\/\/www.monaco-tribune.com\/it\/#\/schema\/logo\/image\/","url":"https:\/\/www.monaco-tribune.com\/wp-content\/uploads\/2022\/11\/logo-monaco-tribune.png","contentUrl":"https:\/\/www.monaco-tribune.com\/wp-content\/uploads\/2022\/11\/logo-monaco-tribune.png","width":1548,"height":600,"caption":"Monaco Tribune"},"image":{"@id":"https:\/\/www.monaco-tribune.com\/it\/#\/schema\/logo\/image\/"},"sameAs":["https:\/\/www.facebook.com\/MonacoTribune","https:\/\/x.com\/MonacoTribune","https:\/\/www.instagram.com\/monacotribune\/","https:\/\/www.linkedin.com\/company\/monaco-tribune","https:\/\/www.youtube.com\/channel\/UCHle1MnG6hw1y4lWKijVbMA"]},{"@type":"Person","@id":"https:\/\/www.monaco-tribune.com\/it\/#\/schema\/person\/a855d420fff4d03637641d60b93ac62e","name":"Camille Esteve","image":{"@type":"ImageObject","inLanguage":"it-IT","@id":"https:\/\/secure.gravatar.com\/avatar\/eaaa2355a7bb56c0018a391c20a55bf9b4690e3f493231dd850e612bfa6ce161?s=96&d=mm&r=g","url":"https:\/\/secure.gravatar.com\/avatar\/eaaa2355a7bb56c0018a391c20a55bf9b4690e3f493231dd850e612bfa6ce161?s=96&d=mm&r=g","contentUrl":"https:\/\/secure.gravatar.com\/avatar\/eaaa2355a7bb56c0018a391c20a55bf9b4690e3f493231dd850e612bfa6ce161?s=96&d=mm&r=g","caption":"Camille Esteve"},"url":"https:\/\/www.monaco-tribune.com\/it\/author\/camilleesteve\/"}]}},"_links":{"self":[{"href":"https:\/\/www.monaco-tribune.com\/it\/wp-json\/wp\/v2\/posts\/123797","targetHints":{"allow":["GET"]}}],"collection":[{"href":"https:\/\/www.monaco-tribune.com\/it\/wp-json\/wp\/v2\/posts"}],"about":[{"href":"https:\/\/www.monaco-tribune.com\/it\/wp-json\/wp\/v2\/types\/post"}],"author":[{"embeddable":true,"href":"https:\/\/www.monaco-tribune.com\/it\/wp-json\/wp\/v2\/users\/60"}],"replies":[{"embeddable":true,"href":"https:\/\/www.monaco-tribune.com\/it\/wp-json\/wp\/v2\/comments?post=123797"}],"version-history":[{"count":0,"href":"https:\/\/www.monaco-tribune.com\/it\/wp-json\/wp\/v2\/posts\/123797\/revisions"}],"wp:featuredmedia":[{"embeddable":true,"href":"https:\/\/www.monaco-tribune.com\/it\/wp-json\/wp\/v2\/media\/123413"}],"wp:attachment":[{"href":"https:\/\/www.monaco-tribune.com\/it\/wp-json\/wp\/v2\/media?parent=123797"}],"wp:term":[{"taxonomy":"category","embeddable":true,"href":"https:\/\/www.monaco-tribune.com\/it\/wp-json\/wp\/v2\/categories?post=123797"},{"taxonomy":"post_tag","embeddable":true,"href":"https:\/\/www.monaco-tribune.com\/it\/wp-json\/wp\/v2\/tags?post=123797"},{"taxonomy":"sectag","embeddable":true,"href":"https:\/\/www.monaco-tribune.com\/it\/wp-json\/wp\/v2\/post_sectags?post=123797"},{"taxonomy":"format","embeddable":true,"href":"https:\/\/www.monaco-tribune.com\/it\/wp-json\/wp\/v2\/post_format?post=123797"}],"curies":[{"name":"wp","href":"https:\/\/api.w.org\/{rel}","templated":true}]}}